{"id":80834,"date":"2024-07-12T08:53:41","date_gmt":"2024-07-12T06:53:41","guid":{"rendered":"https:\/\/www.mes-allocs.fr\/guides\/?p=80834"},"modified":"2026-04-22T10:52:55","modified_gmt":"2026-04-22T09:52:55","slug":"pension-invalidite-asthme","status":"publish","type":"post","link":"https:\/\/www.mes-allocs.fr\/guides\/pension-invalidite\/pension-invalidite-conditions\/pension-invalidite-asthme\/","title":{"rendered":"Pension d\u2019invalidit\u00e9 pour asthme : conditions, montants et d\u00e9marches"},"content":{"rendered":"<p><img loading=\"lazy\" decoding=\"async\" class=\"alignnone wp-image-80836 size-full\" title=\"pension invalidite pour asthme\" src=\"https:\/\/www.mes-allocs.fr\/guides\/wp-content\/uploads\/2024\/07\/pension-invalidite-pour-asthme-2-e1720766371938.jpg\" alt=\"pension invalidite pour asthme\" width=\"1280\" height=\"432\" srcset=\"https:\/\/www.mes-allocs.fr\/guides\/wp-content\/uploads\/2024\/07\/pension-invalidite-pour-asthme-2-e1720766371938.jpg 1280w, https:\/\/www.mes-allocs.fr\/guides\/wp-content\/uploads\/2024\/07\/pension-invalidite-pour-asthme-2-e1720766371938-300x101.jpg 300w, https:\/\/www.mes-allocs.fr\/guides\/wp-content\/uploads\/2024\/07\/pension-invalidite-pour-asthme-2-e1720766371938-1024x346.jpg 1024w, https:\/\/www.mes-allocs.fr\/guides\/wp-content\/uploads\/2024\/07\/pension-invalidite-pour-asthme-2-e1720766371938-768x259.jpg 768w, https:\/\/www.mes-allocs.fr\/guides\/wp-content\/uploads\/2024\/07\/pension-invalidite-pour-asthme-2-e1720766371938-600x203.jpg 600w\" sizes=\"auto, (max-width: 1280px) 100vw, 1280px\" \/><\/p>\n<p><strong>L&rsquo;asthme est une maladie chronique qui affecte les voies respiratoires et peut consid\u00e9rablement nuire \u00e0 la qualit\u00e9 de vie des personnes atteintes. Dans les cas les plus graves, cette affection peut limiter la capacit\u00e9 de travailler et de mener une vie normale. Pour ceux dont l&rsquo;asthme a un impact s\u00e9v\u00e8re sur leur vie professionnelle, il est possible de demander une <a href=\"https:\/\/www.mes-allocs.fr\/guides\/pension-invalidite\/\">pension d&rsquo;invalidit\u00e9<\/a>. Cet article vise \u00e0 r\u00e9pondre aux questions les plus fr\u00e9quemment pos\u00e9es concernant la pension d&rsquo;invalidit\u00e9 pour les personnes asthmatiques, en couvrant les conditions d&rsquo;\u00e9ligibilit\u00e9, les montants allou\u00e9s et les d\u00e9marches \u00e0 suivre.<\/strong><\/p>\n<div class='cta-block'><div class='text'>Simulez toutes vos Aides en 2 min.<\/div><a href='https:\/\/www.mes-allocs.fr\/ab-app?origin=guides\/wp-json\/wp\/v2\/posts\/80834' class='app-button fit'>Simulation gratuite<\/a><\/div>\n<h1>Qu\u2019est-ce que l\u2019asthme et quel est son impact sur la vie quotidienne ?<\/h1>\n<h2>Qu\u2019est-ce que l\u2019asthme et comment affecte-t-il les personnes atteintes ?<\/h2>\n<p>L\u2019asthme est une maladie chronique des voies respiratoires caract\u00e9ris\u00e9e par une inflammation et un r\u00e9tr\u00e9cissement des bronches. Cette condition entra\u00eene des sympt\u00f4mes tels que des difficult\u00e9s respiratoires, une respiration sifflante, une oppression thoracique et des \u00e9pisodes de toux, notamment la nuit ou t\u00f4t le matin. Les crises d&rsquo;asthme peuvent varier en intensit\u00e9, allant de l\u00e9g\u00e8res \u00e0 potentiellement mortelles.<\/p>\n<p>Les personnes atteintes d&rsquo;asthme doivent souvent adapter leur mode de vie pour \u00e9viter les d\u00e9clencheurs de crises, qui peuvent inclure les allerg\u00e8nes, la fum\u00e9e, la pollution, l&rsquo;exercice physique intense et m\u00eame le stress. Le traitement de l\u2019asthme repose g\u00e9n\u00e9ralement sur des m\u00e9dicaments inhal\u00e9s (bronchodilatateurs et corticost\u00e9ro\u00efdes) et une gestion proactive des sympt\u00f4mes.<\/p>\n<h2>Comment l\u2019asthme peut-il influencer la capacit\u00e9 \u00e0 travailler ?<\/h2>\n<p>L&rsquo;asthme peut avoir un impact significatif sur la capacit\u00e9 de travail, surtout si les sympt\u00f4mes sont s\u00e9v\u00e8res ou mal contr\u00f4l\u00e9s. Les crises d&rsquo;asthme fr\u00e9quentes peuvent entra\u00eener des absences r\u00e9p\u00e9t\u00e9es, une r\u00e9duction de la productivit\u00e9 et, dans les cas les plus graves, une incapacit\u00e9 totale \u00e0 exercer certaines activit\u00e9s professionnelles. Les environnements de travail poussi\u00e9reux, humides ou stressants peuvent aggraver les sympt\u00f4mes, rendant difficile le maintien d&rsquo;un emploi stable.<\/p>\n<div class='cta-block'><div class='text'>Simulez toutes vos Aides en 2 min.<\/div><a href='https:\/\/www.mes-allocs.fr\/ab-app?origin=guides\/wp-json\/wp\/v2\/posts\/80834' class='app-button fit'>Simulation gratuite<\/a><\/div>\n<h1>Quelles sont les conditions pour obtenir une pension d\u2019invalidit\u00e9 en raison de l\u2019asthme ?<\/h1>\n<p>Plusieurs\u00a0<a href=\"https:\/\/www.mes-allocs.fr\/guides\/pension-invalidite\/pension-invalidite-conditions\/\">conditions de la pension d\u2019invalidit\u00e9<\/a> doivent \u00eatre remplies en cas d&rsquo;asthme.<\/p>\n<h2>Quels sont les crit\u00e8res m\u00e9dicaux sp\u00e9cifiques pour \u00eatre \u00e9ligible \u00e0 une pension d\u2019invalidit\u00e9 pour asthme ?<\/h2>\n<p>Pour \u00eatre \u00e9ligible \u00e0 une pension d\u2019invalidit\u00e9 en raison de l\u2019asthme, le demandeur doit d\u00e9montrer que sa condition entra\u00eene une incapacit\u00e9 significative et durable \u00e0 travailler. Les crit\u00e8res incluent :<\/p>\n<ul>\n<li>Des crises d\u2019asthme fr\u00e9quentes et s\u00e9v\u00e8res malgr\u00e9 un traitement optimal.<\/li>\n<li>Une hospitalisation r\u00e9guli\u00e8re ou des consultations m\u00e9dicales fr\u00e9quentes.<\/li>\n<li>Une incapacit\u00e9 \u00e0 maintenir une activit\u00e9 professionnelle m\u00eame \u00e0 temps partiel.<\/li>\n<\/ul>\n<p>Les documents m\u00e9dicaux doivent inclure des rapports de sp\u00e9cialistes, des r\u00e9sultats de tests fonctionnels respiratoires (comme la spirom\u00e9trie) et des historiques de traitements et d&rsquo;hospitalisations.<\/p>\n<h2>Comment est \u00e9valu\u00e9 le degr\u00e9 d\u2019invalidit\u00e9 dans le cas de l\u2019asthme ?<\/h2>\n<p>Le degr\u00e9 d\u2019invalidit\u00e9 est \u00e9valu\u00e9 par un m\u00e9decin-conseil de la s\u00e9curit\u00e9 sociale, qui prend en compte la s\u00e9v\u00e9rit\u00e9 de l\u2019asthme, l\u2019impact sur les capacit\u00e9s physiques et la capacit\u00e9 \u00e0 travailler. Cette \u00e9valuation est bas\u00e9e sur les documents m\u00e9dicaux fournis, les examens cliniques et \u00e9ventuellement une visite \u00e0 domicile pour observer l&rsquo;environnement de vie du patient.<\/p>\n<h1>Quel est le montant de la pension d\u2019invalidit\u00e9 pour asthme et comment est-il calcul\u00e9 ?<\/h1>\n<h2>Comment le montant de la pension est-il d\u00e9termin\u00e9 en fonction de l\u2019invalidit\u00e9 ?<\/h2>\n<p>Le montant de la pension d\u2019invalidit\u00e9 d\u00e9pend du degr\u00e9 d&rsquo;incapacit\u00e9 et des revenus ant\u00e9rieurs du demandeur. En 2025, le montant de la pension d&rsquo;invalidit\u00e9 de 1\u00e8re cat\u00e9gorie (incapacit\u00e9 de travail \u00e0 au moins 66%) est de 300 \u00e0 1 000 euros par mois. Pour la 2\u00e8me cat\u00e9gorie (incapacit\u00e9 totale), le montant peut aller jusqu&rsquo;\u00e0 1 700 euros par mois environ. Ces montants peuvent varier selon les revenus ant\u00e9rieurs et la situation familiale du demandeur.<\/p>\n<h2>Quelles sont les modalit\u00e9s de versement de la pension d\u2019invalidit\u00e9 pour les b\u00e9n\u00e9ficiaires asthmatiques ?<\/h2>\n<p>La pension d&rsquo;invalidit\u00e9 est vers\u00e9e mensuellement par la s\u00e9curit\u00e9 sociale. Les b\u00e9n\u00e9ficiaires doivent r\u00e9guli\u00e8rement fournir des preuves de leur incapacit\u00e9 continue \u00e0 travailler, telles que des certificats m\u00e9dicaux et des rapports de suivi. En cas d\u2019am\u00e9lioration significative de l\u2019\u00e9tat de sant\u00e9, la pension peut \u00eatre r\u00e9\u00e9valu\u00e9e ou suspendue.<\/p>\n<p><iframe loading=\"lazy\" title=\"La pension d&#039;invalidit\u00e9\" width=\"500\" height=\"281\" src=\"https:\/\/www.youtube.com\/embed\/_UJaa1UDtZs?feature=oembed\" frameborder=\"0\" allow=\"accelerometer; autoplay; clipboard-write; encrypted-media; gyroscope; picture-in-picture; web-share\" referrerpolicy=\"strict-origin-when-cross-origin\" allowfullscreen><\/iframe><\/p>\n<h1>Quelles d\u00e9marches entreprendre pour demander une pension d\u2019invalidit\u00e9 pour asthme ?<\/h1>\n<h2>Quels documents sont n\u00e9cessaires pour la demande de pension d\u2019invalidit\u00e9 ?<\/h2>\n<p>Pour faire une demande de pension d\u2019invalidit\u00e9, les documents suivants sont g\u00e9n\u00e9ralement requis :<\/p>\n<ul>\n<li>Un formulaire de demande de pension d\u2019invalidit\u00e9.<\/li>\n<li>Des certificats m\u00e9dicaux d\u00e9taill\u00e9s de la part de m\u00e9decins sp\u00e9cialistes.<\/li>\n<li>Des r\u00e9sultats de tests fonctionnels respiratoires.<\/li>\n<li>Un historique des traitements et hospitalisations.<\/li>\n<li>Des preuves de consultations m\u00e9dicales fr\u00e9quentes.<\/li>\n<li>Un rapport de l\u2019employeur concernant les absences li\u00e9es \u00e0 la maladie.<\/li>\n<\/ul>\n<h2>Quel est le processus administratif \u00e0 suivre pour d\u00e9poser une demande ?<\/h2>\n<p>Le processus de demande inclut les \u00e9tapes suivantes :<\/p>\n<ol>\n<li><strong>Collecte des documents<\/strong> : rassembler tous les documents m\u00e9dicaux et administratifs n\u00e9cessaires.<\/li>\n<li><strong>Soumission de la demande<\/strong> : remplir et soumettre le formulaire de demande accompagn\u00e9 des documents justificatifs \u00e0 la s\u00e9curit\u00e9 sociale.<\/li>\n<li><strong>\u00c9valuation m\u00e9dicale<\/strong> : une \u00e9valuation par un m\u00e9decin-conseil de la s\u00e9curit\u00e9 sociale pour d\u00e9terminer le degr\u00e9 d\u2019invalidit\u00e9.<\/li>\n<li><strong>D\u00e9cision<\/strong> : r\u00e9ception de la d\u00e9cision d&rsquo;attribution ou de refus de la pension.<\/li>\n<li><strong>Recours<\/strong> : en cas de refus, possibilit\u00e9 de faire un recours amiable ou contentieux.<\/li>\n<\/ol>\n<h1>Quels sont les droits et avantages associ\u00e9s \u00e0 la pension d\u2019invalidit\u00e9 pour asthme ?<\/h1>\n<h2>Est-il possible de cumuler la pension d\u2019invalidit\u00e9 avec d\u2019autres aides sociales ou prestations ?<\/h2>\n<p>Oui, il est possible de cumuler la pension d\u2019invalidit\u00e9 avec d&rsquo;autres aides sociales comme l&rsquo;Allocation Adulte Handicap\u00e9 (AAH) ou le revenu de solidarit\u00e9 active (RSA). Toutefois, des plafonds de ressources peuvent s\u2019appliquer, et il est important de v\u00e9rifier les conditions sp\u00e9cifiques de cumul des aides.<\/p>\n<h2>Quels autres soutiens peuvent b\u00e9n\u00e9ficier les personnes percevant une pension d\u2019invalidit\u00e9 pour asthme ?<\/h2>\n<p>Les b\u00e9n\u00e9ficiaires de la pension d\u2019invalidit\u00e9 peuvent \u00e9galement avoir droit \u00e0 d\u2019autres formes de soutien, telles que :<\/p>\n<ul>\n<li><strong>Aide \u00e0 domicile<\/strong> : pour les t\u00e2ches quotidiennes difficiles \u00e0 accomplir en raison de la maladie.<\/li>\n<li><strong>Aides techniques<\/strong> : \u00e9quipements m\u00e9dicaux et dispositifs pour faciliter la vie quotidienne.<\/li>\n<li><strong>Soutien psychologique<\/strong> : acc\u00e8s \u00e0 des services de soutien pour aider \u00e0 g\u00e9rer l\u2019impact \u00e9motionnel de la maladie.<\/li>\n<\/ul>\n<h1>Comment contester une d\u00e9cision de refus de la pension d\u2019invalidit\u00e9 pour asthme ?<\/h1>\n<h2>Quelles sont les \u00e9tapes pour faire appel en cas de rejet de la demande de pension ?<\/h2>\n<p>En cas de rejet de la demande de pension d\u2019invalidit\u00e9, les \u00e9tapes pour faire appel sont les suivantes :<\/p>\n<ol>\n<li><strong>Recours amiable<\/strong> : soumettre un recours aupr\u00e8s de la Commission de Recours Amiable (CRA) de la s\u00e9curit\u00e9 sociale.<\/li>\n<li><strong>Dossier de recours<\/strong> : fournir des documents suppl\u00e9mentaires ou des arguments d\u00e9taillant pourquoi la d\u00e9cision devrait \u00eatre r\u00e9vis\u00e9e.<\/li>\n<li><strong>Attente de la d\u00e9cision<\/strong> : la CRA examinera le recours et rendra une d\u00e9cision.<\/li>\n<\/ol>\n<h2>Quels sont les recours possibles en cas de d\u00e9saccord avec la d\u00e9cision administrative ?<\/h2>\n<p>Si le recours amiable est \u00e9galement rejet\u00e9, le demandeur peut engager un <strong>recours contentieux<\/strong> devant le Tribunal de la S\u00e9curit\u00e9 Sociale. Ce processus implique souvent une audience o\u00f9 le demandeur peut pr\u00e9senter son cas avec l&rsquo;aide \u00e9ventuelle d&rsquo;un avocat ou d&rsquo;un repr\u00e9sentant l\u00e9gal.<\/p>\n<div class='cta-block'><div class='text'>Simulez toutes vos Aides en 2 min.<\/div><a href='https:\/\/www.mes-allocs.fr\/ab-app?origin=guides\/wp-json\/wp\/v2\/posts\/80834' class='app-button fit'>Simulation gratuite<\/a><\/div>\n","protected":false},"excerpt":{"rendered":"<p>L&rsquo;asthme est une maladie chronique qui affecte les voies respiratoires et peut consid\u00e9rablement nuire \u00e0 la qualit\u00e9 de vie des personnes atteintes. Dans les cas les plus graves, cette affection peut limiter la capacit\u00e9 de travailler et de mener une vie normale. Pour ceux dont l&rsquo;asthme a un impact s\u00e9v\u00e8re sur leur vie professionnelle, il [&hellip;]<\/p>\n","protected":false},"author":26,"featured_media":80835,"comment_status":"open","ping_status":"open","sticky":false,"template":"","format":"standard","meta":{"amp_status":"","footnotes":""},"categories":[35633,35928],"tags":[],"class_list":["post-80834","post","type-post","status-publish","format-standard","has-post-thumbnail","hentry","category-pension-invalidite","category-pension-invalidite-conditions"],"yoast_head":"<!-- This site is optimized with the Yoast SEO plugin v14.9 - https:\/\/yoast.com\/wordpress\/plugins\/seo\/ -->\n<title>Pension d\u2019invalidit\u00e9 pour asthme : conditions, montants et d\u00e9marches<\/title>\n<meta name=\"description\" content=\"Pour ceux dont l&#039;asthme a un impact s\u00e9v\u00e8re sur leur vie professionnelle, il est possible de demander une pension d&#039;invalidit\u00e9.\" \/>\n<meta name=\"robots\" content=\"index, follow, max-snippet:-1, max-image-preview:large, max-video-preview:-1\" \/>\n<link rel=\"canonical\" href=\"https:\/\/www.mes-allocs.fr\/guides\/pension-invalidite\/pension-invalidite-conditions\/pension-invalidite-asthme\/\" \/>\n<meta property=\"og:locale\" content=\"fr_FR\" \/>\n<meta property=\"og:type\" content=\"article\" \/>\n<meta property=\"og:title\" content=\"Pension d\u2019invalidit\u00e9 pour asthme : conditions, montants et d\u00e9marches\" \/>\n<meta property=\"og:description\" content=\"Pour ceux dont l&#039;asthme a un impact s\u00e9v\u00e8re sur leur vie professionnelle, il est possible de demander une pension d&#039;invalidit\u00e9.\" \/>\n<meta property=\"og:url\" content=\"https:\/\/www.mes-allocs.fr\/guides\/pension-invalidite\/pension-invalidite-conditions\/pension-invalidite-asthme\/\" \/>\n<meta property=\"og:site_name\" content=\"Mes-Allocs.fr\" \/>\n<meta property=\"article:published_time\" content=\"2024-07-12T06:53:41+00:00\" \/>\n<meta property=\"article:modified_time\" content=\"2026-04-22T09:52:55+00:00\" \/>\n<meta property=\"og:image\" content=\"https:\/\/www.mes-allocs.fr\/guides\/wp-content\/uploads\/2024\/07\/pension-invalidite-pour-asthme.jpg?wsr\" \/>\n\t<meta property=\"og:image:width\" content=\"1280\" \/>\n\t<meta property=\"og:image:height\" content=\"1120\" \/>\n<meta name=\"twitter:card\" content=\"summary_large_image\" \/>\n<script type=\"application\/ld+json\" class=\"yoast-schema-graph\">{\"@context\":\"https:\/\/schema.org\",\"@graph\":[{\"@type\":\"WebSite\",\"@id\":\"https:\/\/www.mes-allocs.fr\/guides\/#website\",\"url\":\"https:\/\/www.mes-allocs.fr\/guides\/\",\"name\":\"Mes-Allocs.fr\",\"description\":\"\",\"potentialAction\":[{\"@type\":\"SearchAction\",\"target\":\"https:\/\/www.mes-allocs.fr\/guides\/?s={search_term_string}\",\"query-input\":\"required name=search_term_string\"}],\"inLanguage\":\"fr-FR\"},{\"@type\":\"ImageObject\",\"@id\":\"https:\/\/www.mes-allocs.fr\/guides\/pension-invalidite\/pension-invalidite-conditions\/pension-invalidite-asthme\/#primaryimage\",\"inLanguage\":\"fr-FR\",\"url\":\"https:\/\/www.mes-allocs.fr\/guides\/wp-content\/uploads\/2024\/07\/pension-invalidite-pour-asthme.jpg?wsr\",\"width\":1280,\"height\":1120,\"caption\":\"pension invalidite pour asthme\"},{\"@type\":\"WebPage\",\"@id\":\"https:\/\/www.mes-allocs.fr\/guides\/pension-invalidite\/pension-invalidite-conditions\/pension-invalidite-asthme\/#webpage\",\"url\":\"https:\/\/www.mes-allocs.fr\/guides\/pension-invalidite\/pension-invalidite-conditions\/pension-invalidite-asthme\/\",\"name\":\"Pension d\\u2019invalidit\\u00e9 pour asthme : conditions, montants et d\\u00e9marches\",\"isPartOf\":{\"@id\":\"https:\/\/www.mes-allocs.fr\/guides\/#website\"},\"primaryImageOfPage\":{\"@id\":\"https:\/\/www.mes-allocs.fr\/guides\/pension-invalidite\/pension-invalidite-conditions\/pension-invalidite-asthme\/#primaryimage\"},\"datePublished\":\"2024-07-12T06:53:41+00:00\",\"dateModified\":\"2026-04-22T09:52:55+00:00\",\"author\":{\"@id\":\"https:\/\/www.mes-allocs.fr\/guides\/#\/schema\/person\/9c38f3be41a0ddcd1e3fde5a3df713bf\"},\"description\":\"Pour ceux dont l'asthme a un impact s\\u00e9v\\u00e8re sur leur vie professionnelle, il est possible de demander une pension d'invalidit\\u00e9.\",\"inLanguage\":\"fr-FR\"},{\"@type\":\"Person\",\"@id\":\"https:\/\/www.mes-allocs.fr\/guides\/#\/schema\/person\/9c38f3be41a0ddcd1e3fde5a3df713bf\",\"name\":\"Sessime Ananou\",\"image\":{\"@type\":\"ImageObject\",\"@id\":\"https:\/\/www.mes-allocs.fr\/guides\/#personlogo\",\"inLanguage\":\"fr-FR\",\"url\":\"https:\/\/www.mes-allocs.fr\/guides\/wp-content\/uploads\/2023\/08\/IMG_8173-150x150.jpg\",\"caption\":\"Sessime Ananou\"},\"description\":\"Sessime est r\\u00e9dactrice chez Mes Allocs, sp\\u00e9cialis\\u00e9e sur le pouvoir d'achat. Elle rejoint l'\\u00e9quipe Mes Allocs en ao\\u00fbt 2023 afin de simplifier l'acc\\u00e8s \\u00e0 l'information sur les aides en g\\u00e9n\\u00e9ral.\"}]}<\/script>\n<!-- \/ Yoast SEO plugin. -->","amp_validity":null,"acf":{"faq":{"1":{"question":"Quelles sont les conditions m\u00e9dicales pour obtenir une pension d\u2019invalidit\u00e9 pour asthme ?","answer":"Pour obtenir une pension d'invalidit\u00e9 pour asthme, il faut d\u00e9montrer que l'affection a un impact significatif et durable sur la capacit\u00e9 de travailler. Cela inclut des crises fr\u00e9quentes, une hospitalisation r\u00e9guli\u00e8re ou une incapacit\u00e9 \u00e0 exercer une activit\u00e9 professionnelle."},"2":{"question":"Comment prouver l'incapacit\u00e9 de travail li\u00e9e \u00e0 l'asthme ?","answer":"Il est n\u00e9cessaire de fournir des dossiers m\u00e9dicaux d\u00e9taill\u00e9s, incluant des rapports de sp\u00e9cialistes, des r\u00e9sultats de tests fonctionnels respiratoires et des historiques d'hospitalisations ou de traitements intensifs."},"3":{"question":"Quels documents sont n\u00e9cessaires pour la demande de pension d\u2019invalidit\u00e9 pour asthme ?","answer":"La demande doit inclure un formulaire de demande de pension d'invalidit\u00e9, des certificats m\u00e9dicaux, des preuves de consultations et traitements ant\u00e9rieurs, ainsi qu'un historique professionnel prouvant la diminution de la capacit\u00e9 de travail.\r\n"},"4":{"question":"Comment le montant de la pension d\u2019invalidit\u00e9 pour asthme est-il calcul\u00e9 ?","answer":"Le montant de la pension est calcul\u00e9 en fonction du taux d'incapacit\u00e9 \u00e9valu\u00e9 par le m\u00e9decin conseil de la s\u00e9curit\u00e9 sociale et des revenus ant\u00e9rieurs du demandeur. En 2025, le montant maximum pour une pension d'invalidit\u00e9 de 1\u00e8re cat\u00e9gorie est de 1 177,50 euros par mois."},"5":{"question":"Peut-on cumuler la pension d\u2019invalidit\u00e9 pour asthme avec d\u2019autres aides sociales ?","answer":"Oui, il est possible de cumuler la pension d'invalidit\u00e9 avec d'autres aides sociales comme l'Allocation Adulte Handicap\u00e9 (AAH) sous certaines conditions. Il est important de v\u00e9rifier les r\u00e8gles sp\u00e9cifiques de cumul des aides."},"6":{"question":"Que faire en cas de refus de la demande de pension d\u2019invalidit\u00e9 pour asthme ?","answer":"En cas de refus, il est possible de contester la d\u00e9cision en faisant un recours amiable aupr\u00e8s de la Commission de Recours Amiable (CRA). Si le recours amiable est \u00e9galement refus\u00e9, un recours contentieux peut \u00eatre effectu\u00e9 devant le Tribunal de la S\u00e9curit\u00e9 Sociale."},"7":{"question":"","answer":""},"8":{"question":"","answer":""},"9":{"question":"","answer":""},"10":{"question":"","answer":""},"11":{"question":"","answer":""},"12":{"question":"","answer":""},"13":{"question":"","answer":""},"14":{"question":"","answer":""},"15":{"question":"","answer":""},"16":{"question":"","answer":""}}},"_links":{"self":[{"href":"https:\/\/www.mes-allocs.fr\/guides\/wp-json\/wp\/v2\/posts\/80834","targetHints":{"allow":["GET"]}}],"collection":[{"href":"https:\/\/www.mes-allocs.fr\/guides\/wp-json\/wp\/v2\/posts"}],"about":[{"href":"https:\/\/www.mes-allocs.fr\/guides\/wp-json\/wp\/v2\/types\/post"}],"author":[{"embeddable":true,"href":"https:\/\/www.mes-allocs.fr\/guides\/wp-json\/wp\/v2\/users\/26"}],"replies":[{"embeddable":true,"href":"https:\/\/www.mes-allocs.fr\/guides\/wp-json\/wp\/v2\/comments?post=80834"}],"version-history":[{"count":6,"href":"https:\/\/www.mes-allocs.fr\/guides\/wp-json\/wp\/v2\/posts\/80834\/revisions"}],"predecessor-version":[{"id":94195,"href":"https:\/\/www.mes-allocs.fr\/guides\/wp-json\/wp\/v2\/posts\/80834\/revisions\/94195"}],"wp:featuredmedia":[{"embeddable":true,"href":"https:\/\/www.mes-allocs.fr\/guides\/wp-json\/wp\/v2\/media\/80835"}],"wp:attachment":[{"href":"https:\/\/www.mes-allocs.fr\/guides\/wp-json\/wp\/v2\/media?parent=80834"}],"wp:term":[{"taxonomy":"category","embeddable":true,"href":"https:\/\/www.mes-allocs.fr\/guides\/wp-json\/wp\/v2\/categories?post=80834"},{"taxonomy":"post_tag","embeddable":true,"href":"https:\/\/www.mes-allocs.fr\/guides\/wp-json\/wp\/v2\/tags?post=80834"}],"curies":[{"name":"wp","href":"https:\/\/api.w.org\/{rel}","templated":true}]}}