{"id":80781,"date":"2024-07-11T13:42:56","date_gmt":"2024-07-11T11:42:56","guid":{"rendered":"https:\/\/www.mes-allocs.fr\/guides\/?p=80781"},"modified":"2026-04-22T10:52:55","modified_gmt":"2026-04-22T09:52:55","slug":"pension-invalidite-depression","status":"publish","type":"post","link":"https:\/\/www.mes-allocs.fr\/guides\/pension-invalidite\/pension-invalidite-conditions\/pension-invalidite-depression\/","title":{"rendered":"Pension d\u2019invalidit\u00e9 pour d\u00e9pression : conditions, montants, d\u00e9marches"},"content":{"rendered":"<p><img loading=\"lazy\" decoding=\"async\" class=\"alignnone wp-image-42048 size-full\" title=\"pension invalidit\u00e9 depression\" src=\"https:\/\/www.mes-allocs.fr\/guides\/wp-content\/uploads\/2021\/12\/medecin--e1710336455792.jpeg\" alt=\"pension invalidit\u00e9 depression\" width=\"1125\" height=\"315\" srcset=\"https:\/\/www.mes-allocs.fr\/guides\/wp-content\/uploads\/2021\/12\/medecin--e1710336455792.jpeg 1125w, https:\/\/www.mes-allocs.fr\/guides\/wp-content\/uploads\/2021\/12\/medecin--e1710336455792-300x84.jpeg 300w, https:\/\/www.mes-allocs.fr\/guides\/wp-content\/uploads\/2021\/12\/medecin--e1710336455792-1024x287.jpeg 1024w, https:\/\/www.mes-allocs.fr\/guides\/wp-content\/uploads\/2021\/12\/medecin--e1710336455792-768x215.jpeg 768w, https:\/\/www.mes-allocs.fr\/guides\/wp-content\/uploads\/2021\/12\/medecin--e1710336455792-600x168.jpeg 600w\" sizes=\"auto, (max-width: 1125px) 100vw, 1125px\" \/><\/p>\n<p><strong>La d\u00e9pression est une maladie mentale qui peut gravement affecter la qualit\u00e9 de vie et la capacit\u00e9 de travail des personnes qui en souffrent. En France, les personnes atteintes de d\u00e9pression s\u00e9v\u00e8re peuvent \u00eatre \u00e9ligibles \u00e0 une <a href=\"https:\/\/www.mes-allocs.fr\/guides\/pension-invalidite\/\">pension d&rsquo;invalidit\u00e9,<\/a> une aide financi\u00e8re destin\u00e9e \u00e0 compenser la perte de revenus due \u00e0 l&rsquo;incapacit\u00e9 de travailler.<\/strong><\/p>\n<div class='cta-block'><div class='text'>Simulez toutes vos Aides en 2 min.<\/div><a href='https:\/\/www.mes-allocs.fr\/ab-app?origin=guides\/wp-json\/wp\/v2\/posts\/80781' class='app-button fit'>Simulation gratuite<\/a><\/div>\n<h1>Comprendre la d\u00e9pression<\/h1>\n<h2>Qu\u2019est-ce que la d\u00e9pression ?<\/h2>\n<p>La d\u00e9pression est une maladie mentale caract\u00e9ris\u00e9e par une tristesse persistante, une perte d&rsquo;int\u00e9r\u00eat pour les activit\u00e9s quotidiennes et une incapacit\u00e9 \u00e0 accomplir les t\u00e2ches habituelles. Elle peut \u00eatre caus\u00e9e par divers facteurs, tels que des d\u00e9s\u00e9quilibres chimiques dans le cerveau, des \u00e9v\u00e9nements stressants de la vie, ou une combinaison de ces \u00e9l\u00e9ments. Les sympt\u00f4mes courants de la d\u00e9pression incluent la fatigue, la difficult\u00e9 \u00e0 se concentrer, les troubles du sommeil, les sentiments de culpabilit\u00e9 ou de d\u00e9sespoir, et parfois des pens\u00e9es suicidaires.<\/p>\n<h2>Impact de la d\u00e9pression sur la vie quotidienne et professionnelle<\/h2>\n<p>La d\u00e9pression peut gravement affecter la vie quotidienne d&rsquo;une personne, rendant difficile, voire impossible, l&rsquo;accomplissement des t\u00e2ches domestiques, sociales et professionnelles. Au travail, cela peut se traduire par une baisse de productivit\u00e9, des absences fr\u00e9quentes, et parfois une incapacit\u00e9 \u00e0 maintenir un emploi. Les relations interpersonnelles peuvent \u00e9galement en souffrir, car la d\u00e9pression peut entra\u00eener un retrait social et une diminution de l&rsquo;int\u00e9r\u00eat pour les activit\u00e9s partag\u00e9es.<\/p>\n<div class='cta-block'><div class='text'>Simulez toutes vos Aides en 2 min.<\/div><a href='https:\/\/www.mes-allocs.fr\/ab-app?origin=guides\/wp-json\/wp\/v2\/posts\/80781' class='app-button fit'>Simulation gratuite<\/a><\/div>\n<h1>Conditions d\u2019attribution de la pension d\u2019invalidit\u00e9 pour d\u00e9pression<\/h1>\n<p>Plusieurs\u00a0<a href=\"https:\/\/www.mes-allocs.fr\/guides\/pension-invalidite\/pension-invalidite-conditions\/\">conditions de la pension d\u2019invalidit\u00e9<\/a> doivent \u00eatre remplies en cas de d\u00e9pression.<\/p>\n<h2>Crit\u00e8res m\u00e9dicaux sp\u00e9cifiques pour la d\u00e9pression<\/h2>\n<p>Pour \u00eatre \u00e9ligible \u00e0 une pension d&rsquo;invalidit\u00e9 en raison de la d\u00e9pression, plusieurs crit\u00e8res m\u00e9dicaux doivent \u00eatre remplis. Le diagnostic de d\u00e9pression doit \u00eatre confirm\u00e9 par un professionnel de sant\u00e9, g\u00e9n\u00e9ralement un psychiatre. La d\u00e9pression doit \u00eatre s\u00e9v\u00e8re et chronique, r\u00e9sistante aux traitements standard, et elle doit entra\u00eener une incapacit\u00e9 significative \u00e0 travailler. Les preuves m\u00e9dicales doivent inclure des rapports de consultations, des \u00e9valuations psychologiques et psychiatriques, et \u00e9ventuellement des hospitalisations.<\/p>\n<h2>\u00c9valuation du taux d\u2019invalidit\u00e9 pour les patients atteints de d\u00e9pression<\/h2>\n<p>L&rsquo;\u00e9valuation du taux d&rsquo;invalidit\u00e9 pour la d\u00e9pression est effectu\u00e9e par un m\u00e9decin-conseil de la S\u00e9curit\u00e9 sociale. Ce taux d&rsquo;invalidit\u00e9 est d\u00e9termin\u00e9 en fonction de l&rsquo;impact de la d\u00e9pression sur la capacit\u00e9 de travail et de gain. Si le taux d&rsquo;incapacit\u00e9 est d&rsquo;au moins deux tiers (66%), la personne peut \u00eatre reconnue comme invalide et \u00e9ligible \u00e0 une pension d&rsquo;invalidit\u00e9. Cette \u00e9valuation tient compte de la gravit\u00e9 des sympt\u00f4mes, de la dur\u00e9e de la maladie, et de l&rsquo;efficacit\u00e9 des traitements re\u00e7us.<\/p>\n<h1>Montants de la pension d\u2019invalidit\u00e9 pour d\u00e9pression<\/h1>\n<h2>Calcul du montant de la pension d\u2019invalidit\u00e9 pour d\u00e9pression<\/h2>\n<p>Le montant de la pension d&rsquo;invalidit\u00e9 d\u00e9pend de la cat\u00e9gorie d&rsquo;invalidit\u00e9 attribu\u00e9e :<\/p>\n<ul>\n<li><strong>Cat\u00e9gorie 1<\/strong> : la personne peut encore exercer une activit\u00e9 r\u00e9mun\u00e9r\u00e9e. Le montant de la pension est de 30% du salaire annuel moyen des 10 meilleures ann\u00e9es de salaire.<\/li>\n<li><strong>Cat\u00e9gorie 2<\/strong> : la personne est totalement incapable de travailler. Le montant de la pension est de 50% du salaire annuel moyen des 10 meilleures ann\u00e9es de salaire.<\/li>\n<li><strong>Cat\u00e9gorie 3<\/strong> : la personne est non seulement incapable de travailler, mais elle n\u00e9cessite \u00e9galement l&rsquo;assistance d&rsquo;une tierce personne pour les actes de la vie quotidienne. Le montant de la pension est de 50% du salaire annuel moyen, plus une majoration pour tierce personne, qui est de <strong>1 266 \u20ac par mois en 2025.<\/strong><\/li>\n<\/ul>\n<h2>Modalit\u00e9s de versement de la pension d\u2019invalidit\u00e9<\/h2>\n<p>La pension d&rsquo;invalidit\u00e9 est vers\u00e9e mensuellement par la S\u00e9curit\u00e9 sociale. Le versement commence g\u00e9n\u00e9ralement \u00e0 partir du mois suivant la reconnaissance de l&rsquo;invalidit\u00e9. Il est important de noter que la pension d&rsquo;invalidit\u00e9 peut \u00eatre cumul\u00e9e avec d&rsquo;autres sources de revenus, sous certaines conditions, et elle est r\u00e9visable p\u00e9riodiquement en fonction de l&rsquo;\u00e9volution de l&rsquo;\u00e9tat de sant\u00e9 du b\u00e9n\u00e9ficiaire.<\/p>\n<p><iframe loading=\"lazy\" title=\"La pension d&#039;invalidit\u00e9\" width=\"500\" height=\"281\" src=\"https:\/\/www.youtube.com\/embed\/_UJaa1UDtZs?feature=oembed\" frameborder=\"0\" allow=\"accelerometer; autoplay; clipboard-write; encrypted-media; gyroscope; picture-in-picture; web-share\" referrerpolicy=\"strict-origin-when-cross-origin\" allowfullscreen><\/iframe><\/p>\n<h1>D\u00e9marches pour faire une demande de pension d\u2019invalidit\u00e9 pour d\u00e9pression<\/h1>\n<h2>Documents requis pour la demande de pension d\u2019invalidit\u00e9<\/h2>\n<p>Pour faire une demande de pension d&rsquo;invalidit\u00e9, plusieurs documents sont n\u00e9cessaires :<\/p>\n<ul>\n<li>Un certificat m\u00e9dical d\u00e9taill\u00e9 \u00e9tabli par le m\u00e9decin traitant ou le psychiatre, d\u00e9crivant l&rsquo;\u00e9tat de sant\u00e9 du demandeur et attestant de l&rsquo;incapacit\u00e9 de travailler.<\/li>\n<li>Le formulaire de demande de pension d&rsquo;invalidit\u00e9, disponible sur le site de l&rsquo;Assurance Maladie ou aupr\u00e8s de la CPAM.<\/li>\n<li>Les relev\u00e9s de carri\u00e8re et les bulletins de salaire des 10 meilleures ann\u00e9es de travail, pour le calcul du salaire annuel moyen.<\/li>\n<li>D&rsquo;autres pi\u00e8ces justificatives, telles que les comptes rendus de consultations, les rapports d&rsquo;hospitalisation, et les prescriptions de traitements.<\/li>\n<\/ul>\n<h2>Processus administratif \u00e0 suivre<\/h2>\n<p>Le processus de demande de pension d&rsquo;invalidit\u00e9 comprend plusieurs \u00e9tapes :<\/p>\n<ol>\n<li><strong>Consultation m\u00e9dicale<\/strong> : le demandeur doit consulter son m\u00e9decin traitant ou son psychiatre pour obtenir un certificat m\u00e9dical.<\/li>\n<li><strong>Soumission de la demande<\/strong> : le formulaire de demande et les documents requis doivent \u00eatre envoy\u00e9s \u00e0 la CPAM.<\/li>\n<li><strong>\u00c9valuation m\u00e9dicale<\/strong> : la CPAM convoque le demandeur pour une \u00e9valuation par un m\u00e9decin-conseil.<\/li>\n<li><strong>D\u00e9cision<\/strong> : la CPAM notifie le demandeur de la d\u00e9cision d&rsquo;attribution ou de refus de la pension d&rsquo;invalidit\u00e9.<\/li>\n<li><strong>Versement de la pension<\/strong> : si la demande est accept\u00e9e, le versement de la pension commence le mois suivant la d\u00e9cision.<\/li>\n<\/ol>\n<h1>Droits et avantages li\u00e9s \u00e0 la pension d\u2019invalidit\u00e9 pour d\u00e9pression<\/h1>\n<h2>Cumul avec d\u2019autres aides sociales<\/h2>\n<p>Les b\u00e9n\u00e9ficiaires de la pension d&rsquo;invalidit\u00e9 pour d\u00e9pression peuvent \u00e9galement \u00eatre \u00e9ligibles \u00e0 d&rsquo;autres aides sociales, telles que :<\/p>\n<ul>\n<li><strong>L&rsquo;Allocation Suppl\u00e9mentaire d&rsquo;Invalidit\u00e9 (ASI)<\/strong> : pour les personnes dont les revenus sont inf\u00e9rieurs \u00e0 un certain seuil.<\/li>\n<li><strong>L&rsquo;Allocation Adulte Handicap\u00e9 (AAH)<\/strong> : sous certaines conditions de ressources.<\/li>\n<li><strong>Les aides de la Maison D\u00e9partementale des Personnes Handicap\u00e9es (MDPH)<\/strong> : pour des besoins sp\u00e9cifiques, comme l&rsquo;am\u00e9nagement du logement ou des aides techniques.<\/li>\n<li><strong>Les aides au logement (APL)<\/strong> : pour all\u00e9ger les charges locatives.<\/li>\n<\/ul>\n<h2>Autres avantages et soutiens disponibles pour les personnes en invalidit\u00e9<\/h2>\n<p>En plus des aides financi\u00e8res, les personnes en invalidit\u00e9 peuvent b\u00e9n\u00e9ficier d&rsquo;autres formes de soutien, telles que :<\/p>\n<ul>\n<li><strong>Des dispositifs de r\u00e9insertion professionnelle<\/strong> : offerts par P\u00f4le Emploi ou d&rsquo;autres organismes pour aider \u00e0 retrouver un emploi adapt\u00e9.<\/li>\n<li><strong>Des aides \u00e0 domicile<\/strong> : pour les actes de la vie quotidienne.<\/li>\n<li><strong>Des exon\u00e9rations fiscales<\/strong> : comme la r\u00e9duction de l&rsquo;imp\u00f4t sur le revenu ou l&rsquo;exon\u00e9ration de la taxe d&rsquo;habitation sous certaines conditions.<\/li>\n<\/ul>\n<h1>Recours en cas de refus de la demande de pension d\u2019invalidit\u00e9 pour d\u00e9pression<\/h1>\n<h2>Proc\u00e9dures de recours amiable<\/h2>\n<p>En cas de refus de la demande de pension d&rsquo;invalidit\u00e9, le demandeur peut engager une proc\u00e9dure de recours amiable :<\/p>\n<ul>\n<li><strong>R\u00e9clamation \u00e9crite<\/strong> : adresser une r\u00e9clamation \u00e0 la commission de recours amiable (CRA) de la CPAM, en expliquant les motifs de d\u00e9saccord et en fournissant des documents suppl\u00e9mentaires si n\u00e9cessaire.<\/li>\n<li><strong>D\u00e9lais<\/strong> : la r\u00e9clamation doit \u00eatre faite dans les deux mois suivant la notification de refus.<\/li>\n<li><strong>R\u00e9ponse de la CRA<\/strong> : la CRA a deux mois pour r\u00e9pondre. En l&rsquo;absence de r\u00e9ponse dans ce d\u00e9lai, le silence vaut rejet de la r\u00e9clamation.<\/li>\n<\/ul>\n<h2>Recours contentieux<\/h2>\n<p>Si le recours amiable \u00e9choue, le demandeur peut engager un recours contentieux :<\/p>\n<ul>\n<li><strong>Tribunal de contentieux de l&rsquo;incapacit\u00e9 (TCI)<\/strong> : saisir le TCI en d\u00e9posant une requ\u00eate \u00e9crite, accompagn\u00e9e des documents justificatifs.<\/li>\n<li><strong>D\u00e9lais<\/strong> : la saisine du TCI doit \u00eatre faite dans les deux mois suivant la r\u00e9ponse (ou le silence) de la CRA.<\/li>\n<li><strong>Assistance juridique<\/strong> : il est recommand\u00e9 de se faire accompagner par un avocat ou une association sp\u00e9cialis\u00e9e pour maximiser les chances de succ\u00e8s.<\/li>\n<\/ul>\n<div class=\"flex flex-grow flex-col max-w-full\">\n<div class=\"min-h-[20px] text-message flex flex-col items-start whitespace-pre-wrap break-words [.text-message+&amp;]:mt-5 juice:w-full juice:items-end overflow-x-auto gap-2\" dir=\"auto\" data-message-author-role=\"assistant\" data-message-id=\"93cbc481-c46d-4242-9046-4db063a8efd3\">\n<div class=\"flex w-full flex-col gap-1 juice:empty:hidden juice:first:pt-[3px]\">\n<div class=\"markdown prose w-full break-words dark:prose-invert dark\">\n<h1>Conclusion<\/h1>\n<p>Obtenir une pension d&rsquo;invalidit\u00e9 pour d\u00e9pression peut \u00eatre complexe, mais c&rsquo;est crucial pour soutenir les personnes affect\u00e9es par cette maladie invalidante. Comprendre les crit\u00e8res m\u00e9dicaux, les d\u00e9marches administratives et les recours possibles permet d&rsquo;acc\u00e9der aux aides financi\u00e8res n\u00e9cessaires. Cette reconnaissance aide \u00e0 maintenir un niveau de vie d\u00e9cent et facilite la r\u00e9insertion sociale et professionnelle. L&rsquo;accompagnement par des professionnels de sant\u00e9 et des associations sp\u00e9cialis\u00e9es peut grandement am\u00e9liorer les chances de succ\u00e8s dans cette d\u00e9marche.<\/p>\n<\/div>\n<\/div>\n<\/div>\n<\/div>\n<div class='cta-block'><div class='text'>Simulez toutes vos Aides en 2 min.<\/div><a href='https:\/\/www.mes-allocs.fr\/ab-app?origin=guides\/wp-json\/wp\/v2\/posts\/80781' class='app-button fit'>Simulation gratuite<\/a><\/div>\n","protected":false},"excerpt":{"rendered":"<p>La d\u00e9pression est une maladie mentale qui peut gravement affecter la qualit\u00e9 de vie et la capacit\u00e9 de travail des personnes qui en souffrent. En France, les personnes atteintes de d\u00e9pression s\u00e9v\u00e8re peuvent \u00eatre \u00e9ligibles \u00e0 une pension d&rsquo;invalidit\u00e9, une aide financi\u00e8re destin\u00e9e \u00e0 compenser la perte de revenus due \u00e0 l&rsquo;incapacit\u00e9 de travailler. Comprendre [&hellip;]<\/p>\n","protected":false},"author":26,"featured_media":80667,"comment_status":"open","ping_status":"open","sticky":false,"template":"","format":"standard","meta":{"amp_status":"","footnotes":""},"categories":[35633,35928],"tags":[],"class_list":["post-80781","post","type-post","status-publish","format-standard","has-post-thumbnail","hentry","category-pension-invalidite","category-pension-invalidite-conditions"],"yoast_head":"<!-- This site is optimized with the Yoast SEO plugin v14.9 - https:\/\/yoast.com\/wordpress\/plugins\/seo\/ -->\n<title>Pension d\u2019invalidit\u00e9 pour d\u00e9pression : conditions, montants, d\u00e9marches<\/title>\n<meta name=\"description\" content=\"La d\u00e9pression est une maladie mentale. Les personnes atteintes de d\u00e9pression s\u00e9v\u00e8re peuvent \u00eatre \u00e9ligibles \u00e0 une pension d&#039;invalidit\u00e9.\" \/>\n<meta name=\"robots\" content=\"index, follow, max-snippet:-1, max-image-preview:large, max-video-preview:-1\" \/>\n<link rel=\"canonical\" href=\"https:\/\/www.mes-allocs.fr\/guides\/pension-invalidite\/pension-invalidite-conditions\/pension-invalidite-depression\/\" \/>\n<meta property=\"og:locale\" content=\"fr_FR\" \/>\n<meta property=\"og:type\" content=\"article\" \/>\n<meta property=\"og:title\" content=\"Pension d\u2019invalidit\u00e9 pour d\u00e9pression : conditions, montants, d\u00e9marches\" \/>\n<meta property=\"og:description\" content=\"La d\u00e9pression est une maladie mentale. Les personnes atteintes de d\u00e9pression s\u00e9v\u00e8re peuvent \u00eatre \u00e9ligibles \u00e0 une pension d&#039;invalidit\u00e9.\" \/>\n<meta property=\"og:url\" content=\"https:\/\/www.mes-allocs.fr\/guides\/pension-invalidite\/pension-invalidite-conditions\/pension-invalidite-depression\/\" \/>\n<meta property=\"og:site_name\" content=\"Mes-Allocs.fr\" \/>\n<meta property=\"article:published_time\" content=\"2024-07-11T11:42:56+00:00\" \/>\n<meta property=\"article:modified_time\" content=\"2026-04-22T09:52:55+00:00\" \/>\n<meta property=\"og:image\" content=\"https:\/\/www.mes-allocs.fr\/guides\/wp-content\/uploads\/2024\/07\/3.jpg?wsr\" \/>\n\t<meta property=\"og:image:width\" content=\"1200\" \/>\n\t<meta property=\"og:image:height\" content=\"800\" \/>\n<meta name=\"twitter:card\" content=\"summary_large_image\" \/>\n<script type=\"application\/ld+json\" class=\"yoast-schema-graph\">{\"@context\":\"https:\/\/schema.org\",\"@graph\":[{\"@type\":\"WebSite\",\"@id\":\"https:\/\/www.mes-allocs.fr\/guides\/#website\",\"url\":\"https:\/\/www.mes-allocs.fr\/guides\/\",\"name\":\"Mes-Allocs.fr\",\"description\":\"\",\"potentialAction\":[{\"@type\":\"SearchAction\",\"target\":\"https:\/\/www.mes-allocs.fr\/guides\/?s={search_term_string}\",\"query-input\":\"required name=search_term_string\"}],\"inLanguage\":\"fr-FR\"},{\"@type\":\"ImageObject\",\"@id\":\"https:\/\/www.mes-allocs.fr\/guides\/pension-invalidite\/pension-invalidite-conditions\/pension-invalidite-depression\/#primaryimage\",\"inLanguage\":\"fr-FR\",\"url\":\"https:\/\/www.mes-allocs.fr\/guides\/wp-content\/uploads\/2024\/07\/3.jpg?wsr\",\"width\":1200,\"height\":800,\"caption\":\"pension invalidit\\u00e9 pour canal carpien\"},{\"@type\":\"WebPage\",\"@id\":\"https:\/\/www.mes-allocs.fr\/guides\/pension-invalidite\/pension-invalidite-conditions\/pension-invalidite-depression\/#webpage\",\"url\":\"https:\/\/www.mes-allocs.fr\/guides\/pension-invalidite\/pension-invalidite-conditions\/pension-invalidite-depression\/\",\"name\":\"Pension d\\u2019invalidit\\u00e9 pour d\\u00e9pression : conditions, montants, d\\u00e9marches\",\"isPartOf\":{\"@id\":\"https:\/\/www.mes-allocs.fr\/guides\/#website\"},\"primaryImageOfPage\":{\"@id\":\"https:\/\/www.mes-allocs.fr\/guides\/pension-invalidite\/pension-invalidite-conditions\/pension-invalidite-depression\/#primaryimage\"},\"datePublished\":\"2024-07-11T11:42:56+00:00\",\"dateModified\":\"2026-04-22T09:52:55+00:00\",\"author\":{\"@id\":\"https:\/\/www.mes-allocs.fr\/guides\/#\/schema\/person\/9c38f3be41a0ddcd1e3fde5a3df713bf\"},\"description\":\"La d\\u00e9pression est une maladie mentale. Les personnes atteintes de d\\u00e9pression s\\u00e9v\\u00e8re peuvent \\u00eatre \\u00e9ligibles \\u00e0 une pension d'invalidit\\u00e9.\",\"inLanguage\":\"fr-FR\"},{\"@type\":\"Person\",\"@id\":\"https:\/\/www.mes-allocs.fr\/guides\/#\/schema\/person\/9c38f3be41a0ddcd1e3fde5a3df713bf\",\"name\":\"Sessime Ananou\",\"image\":{\"@type\":\"ImageObject\",\"@id\":\"https:\/\/www.mes-allocs.fr\/guides\/#personlogo\",\"inLanguage\":\"fr-FR\",\"url\":\"https:\/\/www.mes-allocs.fr\/guides\/wp-content\/uploads\/2023\/08\/IMG_8173-150x150.jpg\",\"caption\":\"Sessime Ananou\"},\"description\":\"Sessime est r\\u00e9dactrice chez Mes Allocs, sp\\u00e9cialis\\u00e9e sur le pouvoir d'achat. Elle rejoint l'\\u00e9quipe Mes Allocs en ao\\u00fbt 2023 afin de simplifier l'acc\\u00e8s \\u00e0 l'information sur les aides en g\\u00e9n\\u00e9ral.\"}]}<\/script>\n<!-- \/ Yoast SEO plugin. -->","amp_validity":null,"acf":{"faq":{"1":{"question":"Quelles sont les conditions pour obtenir une pension d'invalidit\u00e9 pour d\u00e9pression ?","answer":"Pour obtenir une pension d'invalidit\u00e9 pour d\u00e9pression, plusieurs conditions doivent \u00eatre remplies :\r\n\r\nAvoir moins de 62 ans.\r\nAvoir cotis\u00e9 suffisamment \u00e0 la S\u00e9curit\u00e9 sociale.\r\n\u00catre reconnu m\u00e9dicalement comme invalide par un m\u00e9decin-conseil de la S\u00e9curit\u00e9 sociale.\r\nLa d\u00e9pression doit entra\u00eener une r\u00e9duction d'au moins deux tiers de la capacit\u00e9 de travail ou de gain."},"2":{"question":"Quels crit\u00e8res m\u00e9dicaux doivent \u00eatre remplis pour une pension d'invalidit\u00e9 pour d\u00e9pression ?","answer":"Les crit\u00e8res m\u00e9dicaux incluent :\r\n\r\nUn diagnostic de d\u00e9pression s\u00e9v\u00e8re par un professionnel de sant\u00e9.\r\nUne \u00e9valuation de l\u2019incapacit\u00e9 par un m\u00e9decin-conseil de la S\u00e9curit\u00e9 sociale.\r\nDes preuves m\u00e9dicales de l'impact de la d\u00e9pression sur la capacit\u00e9 de travailler, souvent document\u00e9es par des rapports m\u00e9dicaux, des consultations psychiatriques et des hospitalisations."},"3":{"question":"Comment faire une demande de pension d'invalidit\u00e9 pour d\u00e9pression ?","answer":"Pour faire une demande :\r\n\r\nConsultez votre m\u00e9decin traitant pour obtenir un certificat m\u00e9dical d\u00e9taill\u00e9.\r\nRemplissez le formulaire de demande de pension d'invalidit\u00e9 disponible sur le site de l'Assurance Maladie.\r\nEnvoyez le formulaire compl\u00e9t\u00e9 et le certificat m\u00e9dical \u00e0 la Caisse primaire d'assurance maladie (CPAM) de votre r\u00e9gion.\r\nAttendez la convocation de la part du m\u00e9decin-conseil pour une \u00e9valuation."},"4":{"question":"Quel est le montant de la pension d'invalidit\u00e9 pour d\u00e9pression ?","answer":"Le montant de la pension d'invalidit\u00e9 d\u00e9pend du degr\u00e9 d'incapacit\u00e9 :\r\n\r\nCat\u00e9gorie 1 : 30% du salaire annuel moyen de vos 10 meilleures ann\u00e9es de salaire.\r\nCat\u00e9gorie 2 : 50% de ce m\u00eame salaire moyen.\r\nCat\u00e9gorie 3 (si vous avez besoin de l'assistance d'une tierce personne) : 50% du salaire moyen plus une majoration pour tierce personne (environ 1 266 \u20ac par mois en 2025).\r\n"},"5":{"question":" Quelles sont les aides compl\u00e9mentaires disponibles pour les b\u00e9n\u00e9ficiaires d'une pension d'invalidit\u00e9 pour d\u00e9pression ?","answer":"Les aides compl\u00e9mentaires peuvent inclure :\r\n\r\nL'Allocation Suppl\u00e9mentaire d'Invalidit\u00e9 (ASI) si vos revenus sont faibles.\r\nL'Allocation Adulte Handicap\u00e9 (AAH) sous certaines conditions.\r\nDes aides de la Maison D\u00e9partementale des Personnes Handicap\u00e9es (MDPH) pour les besoins sp\u00e9cifiques.\r\nLes aides au logement comme l'APL.\r\n"},"6":{"question":"Quels sont les recours en cas de refus de la demande de pension d'invalidit\u00e9 pour d\u00e9pression ?","answer":"En cas de refus :\r\n\r\nVous pouvez contester la d\u00e9cision en adressant une r\u00e9clamation \u00e9crite \u00e0 la commission de recours amiable (CRA) de votre CPAM.\r\nSi la CRA confirme le refus, vous pouvez porter l'affaire devant le tribunal de contentieux de l'incapacit\u00e9 (TCI).\r\nIl est recommand\u00e9 de se faire accompagner par un avocat ou une association de d\u00e9fense des droits des patients."},"7":{"question":"","answer":""},"8":{"question":"","answer":""},"9":{"question":"","answer":""},"10":{"question":"","answer":""},"11":{"question":"","answer":""},"12":{"question":"","answer":""},"13":{"question":"","answer":""},"14":{"question":"","answer":""},"15":{"question":"","answer":""},"16":{"question":"","answer":""}}},"_links":{"self":[{"href":"https:\/\/www.mes-allocs.fr\/guides\/wp-json\/wp\/v2\/posts\/80781","targetHints":{"allow":["GET"]}}],"collection":[{"href":"https:\/\/www.mes-allocs.fr\/guides\/wp-json\/wp\/v2\/posts"}],"about":[{"href":"https:\/\/www.mes-allocs.fr\/guides\/wp-json\/wp\/v2\/types\/post"}],"author":[{"embeddable":true,"href":"https:\/\/www.mes-allocs.fr\/guides\/wp-json\/wp\/v2\/users\/26"}],"replies":[{"embeddable":true,"href":"https:\/\/www.mes-allocs.fr\/guides\/wp-json\/wp\/v2\/comments?post=80781"}],"version-history":[{"count":7,"href":"https:\/\/www.mes-allocs.fr\/guides\/wp-json\/wp\/v2\/posts\/80781\/revisions"}],"predecessor-version":[{"id":94197,"href":"https:\/\/www.mes-allocs.fr\/guides\/wp-json\/wp\/v2\/posts\/80781\/revisions\/94197"}],"wp:featuredmedia":[{"embeddable":true,"href":"https:\/\/www.mes-allocs.fr\/guides\/wp-json\/wp\/v2\/media\/80667"}],"wp:attachment":[{"href":"https:\/\/www.mes-allocs.fr\/guides\/wp-json\/wp\/v2\/media?parent=80781"}],"wp:term":[{"taxonomy":"category","embeddable":true,"href":"https:\/\/www.mes-allocs.fr\/guides\/wp-json\/wp\/v2\/categories?post=80781"},{"taxonomy":"post_tag","embeddable":true,"href":"https:\/\/www.mes-allocs.fr\/guides\/wp-json\/wp\/v2\/tags?post=80781"}],"curies":[{"name":"wp","href":"https:\/\/api.w.org\/{rel}","templated":true}]}}