{"id":80738,"date":"2024-07-10T15:16:08","date_gmt":"2024-07-10T13:16:08","guid":{"rendered":"https:\/\/www.mes-allocs.fr\/guides\/?p=80738"},"modified":"2026-04-22T10:52:55","modified_gmt":"2026-04-22T09:52:55","slug":"psoriasis-pension-invalidite","status":"publish","type":"post","link":"https:\/\/www.mes-allocs.fr\/guides\/pension-invalidite\/pension-invalidite-conditions\/psoriasis-pension-invalidite\/","title":{"rendered":"Psoriasis : comment b\u00e9n\u00e9ficier d&rsquo;une pension d&rsquo;invalidit\u00e9 ?"},"content":{"rendered":"<p><img loading=\"lazy\" decoding=\"async\" class=\"alignnone wp-image-80739 size-full\" title=\"psoriasis et pension dinvalidite\" src=\"https:\/\/www.mes-allocs.fr\/guides\/wp-content\/uploads\/2024\/07\/psoriasis-et-pension-dinvalidite--e1720616328528.jpg\" alt=\"psoriasis et pension dinvalidite\" width=\"1280\" height=\"358\" srcset=\"https:\/\/www.mes-allocs.fr\/guides\/wp-content\/uploads\/2024\/07\/psoriasis-et-pension-dinvalidite--e1720616328528.jpg 1280w, https:\/\/www.mes-allocs.fr\/guides\/wp-content\/uploads\/2024\/07\/psoriasis-et-pension-dinvalidite--e1720616328528-300x84.jpg 300w, https:\/\/www.mes-allocs.fr\/guides\/wp-content\/uploads\/2024\/07\/psoriasis-et-pension-dinvalidite--e1720616328528-1024x286.jpg 1024w, https:\/\/www.mes-allocs.fr\/guides\/wp-content\/uploads\/2024\/07\/psoriasis-et-pension-dinvalidite--e1720616328528-768x215.jpg 768w, https:\/\/www.mes-allocs.fr\/guides\/wp-content\/uploads\/2024\/07\/psoriasis-et-pension-dinvalidite--e1720616328528-600x168.jpg 600w\" sizes=\"auto, (max-width: 1280px) 100vw, 1280px\" \/><\/p>\n<p><strong>Le psoriasis est une maladie inflammatoire chronique de la peau, caract\u00e9ris\u00e9e par des plaques rouges et squameuses pouvant provoquer des d\u00e9mangeaisons et des douleurs. Cette condition peut non seulement affecter la qualit\u00e9 de vie des personnes atteintes, mais \u00e9galement leur capacit\u00e9 \u00e0 travailler. En France, la s\u00e9curit\u00e9 sociale pr\u00e9voit une <a href=\"https:\/\/www.mes-allocs.fr\/guides\/pension-invalidite\/\">pension d&rsquo;invalidit\u00e9<\/a> pour les individus dont le psoriasis entra\u00eene une incapacit\u00e9 de travail significative.\u00a0<\/strong><\/p>\n<div class='cta-block'><div class='text'>Simulez toutes vos Aides en 2 min.<\/div><a href='https:\/\/www.mes-allocs.fr\/ab-app?origin=guides\/wp-json\/wp\/v2\/posts\/80738' class='app-button fit'>Simulation gratuite<\/a><\/div>\n<h1>Comprendre le psoriasis<\/h1>\n<h2>Qu\u2019est-ce que le psoriasis ?<\/h2>\n<p>Le psoriasis est une maladie inflammatoire chronique de la peau qui se manifeste par des plaques rouges et \u00e9paisses recouvertes de squames blanches. Ces l\u00e9sions peuvent appara\u00eetre sur diff\u00e9rentes parties du corps, notamment les coudes, les genoux, le cuir chevelu, et parfois sur tout le corps. Le psoriasis est caus\u00e9 par une acc\u00e9l\u00e9ration du renouvellement des cellules de la peau, due \u00e0 une r\u00e9action anormale du syst\u00e8me immunitaire. Bien qu&rsquo;il ne soit pas contagieux, le psoriasis peut \u00eatre tr\u00e8s invalidant pour les personnes qui en souffrent, affectant leur qualit\u00e9 de vie et leur estime de soi.<\/p>\n<h2>Impact du psoriasis sur la vie quotidienne et professionnelle<\/h2>\n<p>Les personnes atteintes de psoriasis s\u00e9v\u00e8re peuvent \u00e9prouver des douleurs, des d\u00e9mangeaisons intenses, et une sensation de br\u00fblure sur les zones touch\u00e9es. Ces sympt\u00f4mes peuvent perturber le sommeil, rendant difficile la concentration et la performance au travail. Le psoriasis peut \u00e9galement limiter les choix de carri\u00e8re, en particulier pour les emplois n\u00e9cessitant des contacts sociaux fr\u00e9quents ou une exposition physique importante. En outre, les stigmates sociaux et la g\u00eane associ\u00e9e aux l\u00e9sions visibles peuvent conduire \u00e0 des troubles anxieux et d\u00e9pressifs.<\/p>\n<div class='cta-block'><div class='text'>Simulez toutes vos Aides en 2 min.<\/div><a href='https:\/\/www.mes-allocs.fr\/ab-app?origin=guides\/wp-json\/wp\/v2\/posts\/80738' class='app-button fit'>Simulation gratuite<\/a><\/div>\n<h1>Conditions d\u2019attribution de la pension d\u2019invalidit\u00e9 pour le psoriasis<\/h1>\n<p>D\u00e9couvrez les <a href=\"https:\/\/www.mes-allocs.fr\/guides\/pension-invalidite\/pension-invalidite-conditions\/\">conditions d&rsquo;attribution de la pension d\u2019invalidit\u00e9<\/a>\u00a0en cas de psoriasis.<\/p>\n<h2>Crit\u00e8res m\u00e9dicaux sp\u00e9cifiques pour le psoriasis<\/h2>\n<p>Pour qu&rsquo;une personne atteinte de psoriasis soit \u00e9ligible \u00e0 une pension d&rsquo;invalidit\u00e9, elle doit prouver que sa condition entra\u00eene une incapacit\u00e9 significative \u00e0 travailler. Les crit\u00e8res m\u00e9dicaux incluent la s\u00e9v\u00e9rit\u00e9 du psoriasis, la fr\u00e9quence des pouss\u00e9es, et l&rsquo;inefficacit\u00e9 des traitements standards. Le m\u00e9decin traitant doit fournir un certificat m\u00e9dical d\u00e9taillant la nature, l&rsquo;\u00e9tendue et l&rsquo;impact du psoriasis sur la vie quotidienne du patient. Ce certificat est essentiel pour la constitution du dossier de demande.<\/p>\n<h2>\u00c9valuation du taux d\u2019invalidit\u00e9 pour les patients atteints de psoriasis<\/h2>\n<p>Le taux d&rsquo;invalidit\u00e9 est d\u00e9termin\u00e9 par un m\u00e9decin-conseil de l&rsquo;Assurance Maladie, qui \u00e9value l&rsquo;impact du psoriasis sur la capacit\u00e9 de travail. Ce taux doit \u00eatre d&rsquo;au moins 66,66% pour ouvrir droit \u00e0 une pension d&rsquo;invalidit\u00e9. L&rsquo;\u00e9valuation prend en compte les limitations fonctionnelles, les douleurs chroniques, les besoins en soins fr\u00e9quents, et l&rsquo;incapacit\u00e9 \u00e0 maintenir un emploi r\u00e9gulier. Le m\u00e9decin-conseil peut demander des examens compl\u00e9mentaires ou une expertise m\u00e9dicale pour finaliser son \u00e9valuation<\/p>\n<h1>D\u00e9marches pour faire une demande de pension d\u2019invalidit\u00e9 pour le psoriasis<\/h1>\n<h2>Documents requis pour la demande de pension d\u2019invalidit\u00e9<\/h2>\n<p>Pour constituer un dossier de demande de pension d&rsquo;invalidit\u00e9, les documents suivants sont n\u00e9cessaires :<\/p>\n<ul>\n<li>Un certificat m\u00e9dical d\u00e9taill\u00e9 du m\u00e9decin traitant.<\/li>\n<li>Les relev\u00e9s de cotisations \u00e0 la s\u00e9curit\u00e9 sociale.<\/li>\n<li>Un formulaire de demande de pension d&rsquo;invalidit\u00e9, disponible aupr\u00e8s de la Caisse Primaire d&rsquo;Assurance Maladie (CPAM).<\/li>\n<li>Des justificatifs de revenus, tels que les fiches de paie ou les d\u00e9clarations de revenus pour les travailleurs ind\u00e9pendants.<\/li>\n<\/ul>\n<h2>Processus administratif \u00e0 suivre<\/h2>\n<ol>\n<li><strong>Constitution du dossier<\/strong> : rassembler tous les documents requis.<\/li>\n<li><strong>Soumission du dossier<\/strong> : envoyer le dossier complet \u00e0 la CPAM.<\/li>\n<li><strong>\u00c9valuation m\u00e9dicale<\/strong> : le dossier est transmis au m\u00e9decin-conseil qui peut demander un examen m\u00e9dical compl\u00e9mentaire.<\/li>\n<li><strong>D\u00e9cision<\/strong> : la CPAM notifie sa d\u00e9cision par courrier. En cas d&rsquo;acceptation, la pension est attribu\u00e9e. En cas de refus, les motifs sont pr\u00e9cis\u00e9s.<\/li>\n<li><strong>Paiement<\/strong> : si la demande est accept\u00e9e, le montant de la pension est calcul\u00e9 et vers\u00e9 mensuellement.<\/li>\n<\/ol>\n<p><iframe loading=\"lazy\" title=\"La pension d&#039;invalidit\u00e9\" width=\"500\" height=\"281\" src=\"https:\/\/www.youtube.com\/embed\/_UJaa1UDtZs?feature=oembed\" frameborder=\"0\" allow=\"accelerometer; autoplay; clipboard-write; encrypted-media; gyroscope; picture-in-picture; web-share\" referrerpolicy=\"strict-origin-when-cross-origin\" allowfullscreen><\/iframe><\/p>\n<h1>Droits et avantages li\u00e9s \u00e0 la pension d\u2019invalidit\u00e9 pour le psoriasis<\/h1>\n<h2>Montants et modalit\u00e9s de versement de la pension d\u2019invalidit\u00e9<\/h2>\n<p>Le montant de la pension d&rsquo;invalidit\u00e9 d\u00e9pend de la cat\u00e9gorie d&rsquo;invalidit\u00e9 :<\/p>\n<ul>\n<li><strong>1\u00e8re cat\u00e9gorie<\/strong> : 30% du salaire annuel moyen, avec un minimum de 292 \u20ac par mois.<\/li>\n<li><strong>2\u00e8me cat\u00e9gorie<\/strong> : 50% du salaire annuel moyen, avec un minimum de 487 \u20ac par mois.<\/li>\n<\/ul>\n<p>La pension est vers\u00e9e mensuellement et peut \u00eatre cumul\u00e9e avec d&rsquo;autres revenus jusqu&rsquo;\u00e0 un certain plafond. Elle est \u00e9galement revaloris\u00e9e chaque ann\u00e9e en fonction de l&rsquo;\u00e9volution des indices de prix.<\/p>\n<h2>Cumul avec d\u2019autres aides sociales<\/h2>\n<p>La pension d&rsquo;invalidit\u00e9 peut \u00eatre cumul\u00e9e avec d&rsquo;autres aides, telles que l&rsquo;Allocation aux Adultes Handicap\u00e9s (AAH) si le montant de la pension est inf\u00e9rieur \u00e0 celui de l\u2019AAH. D&rsquo;autres aides compl\u00e9mentaires peuvent inclure :<\/p>\n<ul>\n<li><strong>Allocation Suppl\u00e9mentaire d\u2019Invalidit\u00e9 (ASI)<\/strong> pour ceux dont les revenus sont tr\u00e8s faibles.<\/li>\n<li><strong>Majoration pour tierce personne (MTP)<\/strong> pour les personnes n\u00e9cessitant une aide constante pour les actes essentiels de la vie quotidienne.<\/li>\n<li><strong>Prestation de Compensation du Handicap (PCH)<\/strong> pour les besoins sp\u00e9cifiques li\u00e9s \u00e0 l&rsquo;invalidit\u00e9, comme l&rsquo;am\u00e9nagement du domicile ou les aides techniques.<\/li>\n<\/ul>\n<h1>Recours en cas de refus de la demande de pension d\u2019invalidit\u00e9 pour le psoriasis<\/h1>\n<h2>Proc\u00e9dures de recours amiable<\/h2>\n<p>En cas de refus de la demande de pension d&rsquo;invalidit\u00e9, un recours amiable peut \u00eatre effectu\u00e9 aupr\u00e8s de la Commission de Recours Amiable (CRA) de la CPAM. Cette demande doit \u00eatre faite par \u00e9crit et adress\u00e9e \u00e0 la CRA dans un d\u00e9lai de deux mois suivant la notification du refus. Il est recommand\u00e9 de joindre des documents suppl\u00e9mentaires ou des arguments renfor\u00e7ant la demande initiale.<\/p>\n<h2>Recours contentieux<\/h2>\n<p>Si le recours amiable \u00e9choue, il est possible d&rsquo;engager un recours contentieux devant le tribunal judiciaire comp\u00e9tent. Ce processus peut \u00eatre plus long et n\u00e9cessiter l&rsquo;assistance d&rsquo;un avocat sp\u00e9cialis\u00e9 en droit de la s\u00e9curit\u00e9 sociale. Le tribunal examine le dossier et peut demander des expertises m\u00e9dicales suppl\u00e9mentaires. En cas de d\u00e9cision favorable, la pension d&rsquo;invalidit\u00e9 est accord\u00e9e avec un effet r\u00e9troactif \u00e0 la date de la demande initiale.<\/p>\n<p>En conclusion, obtenir une pension d&rsquo;invalidit\u00e9 pour psoriasis n\u00e9cessite de satisfaire \u00e0 des crit\u00e8res m\u00e9dicaux stricts et de suivre un processus administratif d\u00e9taill\u00e9. Cependant, cette pension peut apporter un soutien financier significatif et permettre de mieux g\u00e9rer les impacts de cette affection invalidante. En cas de refus, des recours existent pour d\u00e9fendre ses droits et obtenir la reconnaissance de son incapacit\u00e9.<\/p>\n<div class='cta-block'><div class='text'>Simulez toutes vos Aides en 2 min.<\/div><a href='https:\/\/www.mes-allocs.fr\/ab-app?origin=guides\/wp-json\/wp\/v2\/posts\/80738' class='app-button fit'>Simulation gratuite<\/a><\/div>\n","protected":false},"excerpt":{"rendered":"<p>Le psoriasis est une maladie inflammatoire chronique de la peau, caract\u00e9ris\u00e9e par des plaques rouges et squameuses pouvant provoquer des d\u00e9mangeaisons et des douleurs. Cette condition peut non seulement affecter la qualit\u00e9 de vie des personnes atteintes, mais \u00e9galement leur capacit\u00e9 \u00e0 travailler. En France, la s\u00e9curit\u00e9 sociale pr\u00e9voit une pension d&rsquo;invalidit\u00e9 pour les individus [&hellip;]<\/p>\n","protected":false},"author":26,"featured_media":80739,"comment_status":"open","ping_status":"open","sticky":false,"template":"","format":"standard","meta":{"amp_status":"","footnotes":""},"categories":[35633,35928],"tags":[],"class_list":["post-80738","post","type-post","status-publish","format-standard","has-post-thumbnail","hentry","category-pension-invalidite","category-pension-invalidite-conditions"],"yoast_head":"<!-- This site is optimized with the Yoast SEO plugin v14.9 - https:\/\/yoast.com\/wordpress\/plugins\/seo\/ -->\n<title>Psoriasis et pension d\u2019invalidit\u00e9 : tout ce que vous devez savoir<\/title>\n<meta name=\"description\" content=\"En France, la s\u00e9curit\u00e9 sociale pr\u00e9voit une pension d&#039;invalidit\u00e9 pour les individus dont le psoriasis entra\u00eene une incapacit\u00e9 de travail.\u00a0\" \/>\n<meta name=\"robots\" content=\"index, follow, max-snippet:-1, max-image-preview:large, max-video-preview:-1\" \/>\n<link rel=\"canonical\" href=\"https:\/\/www.mes-allocs.fr\/guides\/pension-invalidite\/pension-invalidite-conditions\/psoriasis-pension-invalidite\/\" \/>\n<meta property=\"og:locale\" content=\"fr_FR\" \/>\n<meta property=\"og:type\" content=\"article\" \/>\n<meta property=\"og:title\" content=\"Psoriasis et pension d\u2019invalidit\u00e9 : tout ce que vous devez savoir\" \/>\n<meta property=\"og:description\" content=\"En France, la s\u00e9curit\u00e9 sociale pr\u00e9voit une pension d&#039;invalidit\u00e9 pour les individus dont le psoriasis entra\u00eene une incapacit\u00e9 de travail.\u00a0\" \/>\n<meta property=\"og:url\" content=\"https:\/\/www.mes-allocs.fr\/guides\/pension-invalidite\/pension-invalidite-conditions\/psoriasis-pension-invalidite\/\" \/>\n<meta property=\"og:site_name\" content=\"Mes-Allocs.fr\" \/>\n<meta property=\"article:published_time\" content=\"2024-07-10T13:16:08+00:00\" \/>\n<meta property=\"article:modified_time\" content=\"2026-04-22T09:52:55+00:00\" \/>\n<meta property=\"og:image\" content=\"https:\/\/www.mes-allocs.fr\/guides\/wp-content\/uploads\/2024\/07\/psoriasis-et-pension-dinvalidite--e1720616328528.jpg?wsr\" \/>\n\t<meta property=\"og:image:width\" content=\"1280\" \/>\n\t<meta property=\"og:image:height\" content=\"358\" \/>\n<meta name=\"twitter:card\" content=\"summary_large_image\" \/>\n<script type=\"application\/ld+json\" class=\"yoast-schema-graph\">{\"@context\":\"https:\/\/schema.org\",\"@graph\":[{\"@type\":\"WebSite\",\"@id\":\"https:\/\/www.mes-allocs.fr\/guides\/#website\",\"url\":\"https:\/\/www.mes-allocs.fr\/guides\/\",\"name\":\"Mes-Allocs.fr\",\"description\":\"\",\"potentialAction\":[{\"@type\":\"SearchAction\",\"target\":\"https:\/\/www.mes-allocs.fr\/guides\/?s={search_term_string}\",\"query-input\":\"required name=search_term_string\"}],\"inLanguage\":\"fr-FR\"},{\"@type\":\"ImageObject\",\"@id\":\"https:\/\/www.mes-allocs.fr\/guides\/pension-invalidite\/pension-invalidite-conditions\/psoriasis-pension-invalidite\/#primaryimage\",\"inLanguage\":\"fr-FR\",\"url\":\"https:\/\/www.mes-allocs.fr\/guides\/wp-content\/uploads\/2024\/07\/psoriasis-et-pension-dinvalidite--e1720616328528.jpg?wsr\",\"width\":1280,\"height\":358,\"caption\":\"psoriasis et pension dinvalidite\"},{\"@type\":\"WebPage\",\"@id\":\"https:\/\/www.mes-allocs.fr\/guides\/pension-invalidite\/pension-invalidite-conditions\/psoriasis-pension-invalidite\/#webpage\",\"url\":\"https:\/\/www.mes-allocs.fr\/guides\/pension-invalidite\/pension-invalidite-conditions\/psoriasis-pension-invalidite\/\",\"name\":\"Psoriasis et pension d\\u2019invalidit\\u00e9 : tout ce que vous devez savoir\",\"isPartOf\":{\"@id\":\"https:\/\/www.mes-allocs.fr\/guides\/#website\"},\"primaryImageOfPage\":{\"@id\":\"https:\/\/www.mes-allocs.fr\/guides\/pension-invalidite\/pension-invalidite-conditions\/psoriasis-pension-invalidite\/#primaryimage\"},\"datePublished\":\"2024-07-10T13:16:08+00:00\",\"dateModified\":\"2026-04-22T09:52:55+00:00\",\"author\":{\"@id\":\"https:\/\/www.mes-allocs.fr\/guides\/#\/schema\/person\/9c38f3be41a0ddcd1e3fde5a3df713bf\"},\"description\":\"En France, la s\\u00e9curit\\u00e9 sociale pr\\u00e9voit une pension d'invalidit\\u00e9 pour les individus dont le psoriasis entra\\u00eene une incapacit\\u00e9 de travail.\\u00a0\",\"inLanguage\":\"fr-FR\"},{\"@type\":\"Person\",\"@id\":\"https:\/\/www.mes-allocs.fr\/guides\/#\/schema\/person\/9c38f3be41a0ddcd1e3fde5a3df713bf\",\"name\":\"Sessime Ananou\",\"image\":{\"@type\":\"ImageObject\",\"@id\":\"https:\/\/www.mes-allocs.fr\/guides\/#personlogo\",\"inLanguage\":\"fr-FR\",\"url\":\"https:\/\/www.mes-allocs.fr\/guides\/wp-content\/uploads\/2023\/08\/IMG_8173-150x150.jpg\",\"caption\":\"Sessime Ananou\"},\"description\":\"Sessime est r\\u00e9dactrice chez Mes Allocs, sp\\u00e9cialis\\u00e9e sur le pouvoir d'achat. Elle rejoint l'\\u00e9quipe Mes Allocs en ao\\u00fbt 2023 afin de simplifier l'acc\\u00e8s \\u00e0 l'information sur les aides en g\\u00e9n\\u00e9ral.\"}]}<\/script>\n<!-- \/ Yoast SEO plugin. -->","amp_validity":null,"acf":{"faq":{"1":{"question":"Quelles sont les conditions pour obtenir une pension d'invalidit\u00e9 en cas de psoriasis ?","answer":"Pour \u00eatre \u00e9ligible \u00e0 une pension d'invalidit\u00e9 en raison du psoriasis, il faut \u00eatre affili\u00e9 \u00e0 la s\u00e9curit\u00e9 sociale depuis au moins 12 mois avant la demande, avoir cotis\u00e9 suffisamment, et \u00eatre m\u00e9dicalement reconnu comme ayant une incapacit\u00e9 de travail d'au moins 2\/3 \u00e0 cause du psoriasis."},"2":{"question":"Quels crit\u00e8res m\u00e9dicaux sont pris en compte pour la pension d'invalidit\u00e9 due au psoriasis ?","answer":"Le psoriasis doit \u00eatre s\u00e9v\u00e8re et chronique, provoquant des incapacit\u00e9s fr\u00e9quentes et prolong\u00e9es \u00e0 travailler. Le m\u00e9decin-conseil de l'assurance maladie \u00e9value l'impact du psoriasis sur la capacit\u00e9 de travail \u00e0 partir des rapports m\u00e9dicaux fournis par le m\u00e9decin traitant."},"3":{"question":"Quels documents sont n\u00e9cessaires pour faire une demande de pension d'invalidit\u00e9 pour psoriasis ?","answer":"Les documents requis incluent un certificat m\u00e9dical d\u00e9taillant la nature, la s\u00e9v\u00e9rit\u00e9 et l'impact du psoriasis, des justificatifs de revenus, des relev\u00e9s de cotisations \u00e0 la s\u00e9curit\u00e9 sociale, et un formulaire de demande de pension d'invalidit\u00e9 (disponible sur le site de l\u2019Assurance Maladie)."},"4":{"question":"Comment se d\u00e9roule le processus de demande de pension d'invalidit\u00e9 pour psoriasis ?","answer":"Le processus commence par la constitution du dossier de demande avec tous les documents n\u00e9cessaires. Le dossier est ensuite soumis \u00e0 la Caisse Primaire d'Assurance Maladie (CPAM), qui le transmet au m\u00e9decin-conseil. Apr\u00e8s une \u00e9ventuelle \u00e9valuation m\u00e9dicale, la CPAM prend une d\u00e9cision et la communique au demandeur."},"5":{"question":"Quels sont les montants de la pension d'invalidit\u00e9 pour le psoriasis ?","answer":"Les montants varient en fonction de la cat\u00e9gorie d'invalidit\u00e9. En 2025, la pension pour une invalidit\u00e9 de 1\u00e8re cat\u00e9gorie repr\u00e9sente 30 % du salaire annuel moyen (minimum de 292 \u20ac par mois), et pour une 2\u00e8me cat\u00e9gorie, 50 % du salaire annuel moyen (minimum de 487 \u20ac par mois)."},"6":{"question":"Que faire en cas de refus de la demande de pension d'invalidit\u00e9 pour psoriasis ?","answer":" En cas de refus, un recours amiable peut \u00eatre effectu\u00e9 aupr\u00e8s de la commission de recours amiable (CRA) de la CPAM dans les deux mois suivant la notification. Si ce recours \u00e9choue, il est possible d\u2019engager un recours contentieux devant le tribunal judiciaire comp\u00e9tent, souvent avec l'aide d'un avocat sp\u00e9cialis\u00e9."},"7":{"question":"","answer":""},"8":{"question":"","answer":""},"9":{"question":"","answer":""},"10":{"question":"","answer":""},"11":{"question":"","answer":""},"12":{"question":"","answer":""},"13":{"question":"","answer":""},"14":{"question":"","answer":""},"15":{"question":"","answer":""},"16":{"question":"","answer":""}}},"_links":{"self":[{"href":"https:\/\/www.mes-allocs.fr\/guides\/wp-json\/wp\/v2\/posts\/80738","targetHints":{"allow":["GET"]}}],"collection":[{"href":"https:\/\/www.mes-allocs.fr\/guides\/wp-json\/wp\/v2\/posts"}],"about":[{"href":"https:\/\/www.mes-allocs.fr\/guides\/wp-json\/wp\/v2\/types\/post"}],"author":[{"embeddable":true,"href":"https:\/\/www.mes-allocs.fr\/guides\/wp-json\/wp\/v2\/users\/26"}],"replies":[{"embeddable":true,"href":"https:\/\/www.mes-allocs.fr\/guides\/wp-json\/wp\/v2\/comments?post=80738"}],"version-history":[{"count":6,"href":"https:\/\/www.mes-allocs.fr\/guides\/wp-json\/wp\/v2\/posts\/80738\/revisions"}],"predecessor-version":[{"id":94189,"href":"https:\/\/www.mes-allocs.fr\/guides\/wp-json\/wp\/v2\/posts\/80738\/revisions\/94189"}],"wp:featuredmedia":[{"embeddable":true,"href":"https:\/\/www.mes-allocs.fr\/guides\/wp-json\/wp\/v2\/media\/80739"}],"wp:attachment":[{"href":"https:\/\/www.mes-allocs.fr\/guides\/wp-json\/wp\/v2\/media?parent=80738"}],"wp:term":[{"taxonomy":"category","embeddable":true,"href":"https:\/\/www.mes-allocs.fr\/guides\/wp-json\/wp\/v2\/categories?post=80738"},{"taxonomy":"post_tag","embeddable":true,"href":"https:\/\/www.mes-allocs.fr\/guides\/wp-json\/wp\/v2\/tags?post=80738"}],"curies":[{"name":"wp","href":"https:\/\/api.w.org\/{rel}","templated":true}]}}