{"id":80682,"date":"2024-07-09T13:51:19","date_gmt":"2024-07-09T11:51:19","guid":{"rendered":"https:\/\/www.mes-allocs.fr\/guides\/?p=80682"},"modified":"2026-04-22T10:52:56","modified_gmt":"2026-04-22T09:52:56","slug":"mal-de-dos-pension-invalidite","status":"publish","type":"post","link":"https:\/\/www.mes-allocs.fr\/guides\/pension-invalidite\/pension-invalidite-conditions\/mal-de-dos-pension-invalidite\/","title":{"rendered":"Comment obtenir une pension d\u2019invalidit\u00e9 pour un mal de dos ?"},"content":{"rendered":"<p><img loading=\"lazy\" decoding=\"async\" class=\"alignnone wp-image-80684 size-full\" title=\"mal de dos et pension dinvalidite\" src=\"https:\/\/www.mes-allocs.fr\/guides\/wp-content\/uploads\/2024\/07\/mal-de-dos-et-pension-dinvalidite-e1720522926793.jpg\" alt=\"mal de dos et pension dinvalidite\" width=\"1280\" height=\"387\" srcset=\"https:\/\/www.mes-allocs.fr\/guides\/wp-content\/uploads\/2024\/07\/mal-de-dos-et-pension-dinvalidite-e1720522926793.jpg 1280w, https:\/\/www.mes-allocs.fr\/guides\/wp-content\/uploads\/2024\/07\/mal-de-dos-et-pension-dinvalidite-e1720522926793-300x91.jpg 300w, https:\/\/www.mes-allocs.fr\/guides\/wp-content\/uploads\/2024\/07\/mal-de-dos-et-pension-dinvalidite-e1720522926793-1024x310.jpg 1024w, https:\/\/www.mes-allocs.fr\/guides\/wp-content\/uploads\/2024\/07\/mal-de-dos-et-pension-dinvalidite-e1720522926793-768x232.jpg 768w, https:\/\/www.mes-allocs.fr\/guides\/wp-content\/uploads\/2024\/07\/mal-de-dos-et-pension-dinvalidite-e1720522926793-600x181.jpg 600w\" sizes=\"auto, (max-width: 1280px) 100vw, 1280px\" \/><\/p>\n<p><strong>Le mal de dos, ou lombalgie, est une affection courante qui peut avoir un impact significatif sur la qualit\u00e9 de vie et la capacit\u00e9 de travail des personnes touch\u00e9es. Pour ceux dont la condition est s\u00e9v\u00e8re et chronique, rendant impossible l&rsquo;exercice d&rsquo;une activit\u00e9 professionnelle, obtenir une <a href=\"https:\/\/www.mes-allocs.fr\/guides\/pension-invalidite\/\">pension d&rsquo;invalidit\u00e9<\/a> peut \u00eatre crucial. Cette pension offre un soutien financier aux personnes qui ne peuvent plus travailler en raison de leur \u00e9tat de sant\u00e9. D\u00e9couvrez les modalit\u00e9s d\u2019attribution de la pension d\u2019invalidit\u00e9 en cas de mal de dos.<\/strong><\/p>\n<div class='cta-block'><div class='text'>Simulez toutes vos Aides en 2 min.<\/div><a href='https:\/\/www.mes-allocs.fr\/ab-app?origin=guides\/wp-json\/wp\/v2\/posts\/80682' class='app-button fit'>Simulation gratuite<\/a><\/div>\n<h1>Quelles sont les conditions pour obtenir une pension d\u2019invalidit\u00e9 pour un mal de dos ?<\/h1>\n<h2>Quels sont les crit\u00e8res m\u00e9dicaux \u00e0 remplir ?<\/h2>\n<p>Pour obtenir une pension d\u2019invalidit\u00e9 en raison d&rsquo;un mal de dos, plusieurs crit\u00e8res m\u00e9dicaux doivent \u00eatre satisfaits. Le mal de dos doit \u00eatre s\u00e9v\u00e8re, chronique et document\u00e9 par des examens m\u00e9dicaux appropri\u00e9s, tels que des radiographies, des IRM ou des scanners. La douleur doit \u00eatre persistante et r\u00e9sistante aux traitements conventionnels, affectant gravement la capacit\u00e9 de travail et les activit\u00e9s quotidiennes du demandeur.<\/p>\n<p>Le m\u00e9decin-conseil de la S\u00e9curit\u00e9 sociale \u00e9value la gravit\u00e9 de l&rsquo;affection et son impact sur la capacit\u00e9 de travail. La pension est g\u00e9n\u00e9ralement accord\u00e9e si l&rsquo;incapacit\u00e9 est reconnue comme \u00e9tant de deux tiers ou plus, selon les crit\u00e8res \u00e9tablis par le r\u00e9gime de la S\u00e9curit\u00e9 sociale.<\/p>\n<p>Il est primordial de remplir ces <a href=\"https:\/\/www.mes-allocs.fr\/guides\/pension-invalidite\/quelles-sont-les-conditions-dobtention-dune-pension-dinvalidite\/\">conditions d&rsquo;attribution de la pension d\u2019invalidit\u00e9<\/a>, sans quoi l&rsquo;aide ne pourra vous \u00eatre accord\u00e9e.<\/p>\n<h2>Comment prouver l\u2019incapacit\u00e9 de travail li\u00e9e \u00e0 un mal de dos ?<\/h2>\n<p>Pour prouver l&rsquo;incapacit\u00e9 de travail, il est crucial de constituer un dossier m\u00e9dical complet et d\u00e9taill\u00e9. Ce dossier doit inclure :<\/p>\n<ul>\n<li><strong>Rapports m\u00e9dicaux<\/strong> : document\u00e9s par des sp\u00e9cialistes en orthop\u00e9die, rhumatologie ou neurochirurgie.<\/li>\n<li><strong>R\u00e9sultats d&rsquo;imagerie<\/strong> : IRM, radiographies, scanners qui montrent les l\u00e9sions, hernies discales ou autres anomalies.<\/li>\n<li><strong>Certificats m\u00e9dicaux<\/strong> : attestant de l&rsquo;incapacit\u00e9 de travailler \u00e0 temps plein ou \u00e0 temps partiel.<\/li>\n<li><strong>Historique des traitements<\/strong> : liste des traitements suivis et leur inefficacit\u00e9 relative.<\/li>\n<li><strong>T\u00e9moignages<\/strong> : d\u00e9clarations du patient et \u00e9ventuellement de l&#8217;employeur, d\u00e9taillant les limitations fonctionnelles au travail.<\/li>\n<\/ul>\n<p>Un examen m\u00e9dical par le m\u00e9decin-conseil de la S\u00e9curit\u00e9 sociale est souvent n\u00e9cessaire. Ce professionnel pourra effectuer des \u00e9valuations suppl\u00e9mentaires et d\u00e9terminer si les crit\u00e8res d&rsquo;invalidit\u00e9 sont remplis.<\/p>\n<div class='cta-block'><div class='text'>Simulez toutes vos Aides en 2 min.<\/div><a href='https:\/\/www.mes-allocs.fr\/ab-app?origin=guides\/wp-json\/wp\/v2\/posts\/80682' class='app-button fit'>Simulation gratuite<\/a><\/div>\n<h1>Comment faire une demande de pension d\u2019invalidit\u00e9 pour un mal de dos ?<\/h1>\n<h2>Quels documents sont n\u00e9cessaires pour la demande ?<\/h2>\n<p>La demande de pension d\u2019invalidit\u00e9 n\u00e9cessite plusieurs documents essentiels :<\/p>\n<ul>\n<li><strong>Formulaire de demande<\/strong> : le formulaire cerfa n\u00b011174*05, disponible aupr\u00e8s de la S\u00e9curit\u00e9 sociale ou t\u00e9l\u00e9chargeable en ligne.<\/li>\n<li><strong>Dossier m\u00e9dical complet<\/strong> : incluant rapports m\u00e9dicaux, r\u00e9sultats d\u2019imagerie et certificats m\u00e9dicaux.<\/li>\n<li><strong>Justificatifs de revenus<\/strong> : les trois derniers avis d\u2019imposition et bulletins de salaire pour \u00e9tablir le revenu annuel moyen.<\/li>\n<li><strong>Attestation d\u2019affiliation<\/strong> : justificatif d\u2019affiliation \u00e0 la S\u00e9curit\u00e9 sociale et de r\u00e9gularit\u00e9 des cotisations.<\/li>\n<li><strong>Lettre de motivation<\/strong> : une lettre expliquant en d\u00e9tail l\u2019impact du mal de dos sur la vie quotidienne et la capacit\u00e9 de travail.<\/li>\n<\/ul>\n<h2>Quelles sont les \u00e9tapes de la proc\u00e9dure administrative ?<\/h2>\n<p>La proc\u00e9dure pour faire une demande de pension d\u2019invalidit\u00e9 comprend plusieurs \u00e9tapes :<\/p>\n<ol>\n<li><strong>Constitution du dossier<\/strong> : rassembler tous les documents n\u00e9cessaires.<\/li>\n<li><strong>Soumission de la demande<\/strong> : envoyer le dossier complet \u00e0 la Caisse Primaire d\u2019Assurance Maladie (CPAM).<\/li>\n<li><strong>\u00c9valuation m\u00e9dicale<\/strong> : un m\u00e9decin-conseil de la CPAM examinera le dossier et peut convoquer le demandeur pour une visite m\u00e9dicale.<\/li>\n<li><strong>D\u00e9cision de la CPAM<\/strong> : apr\u00e8s \u00e9valuation, la CPAM rend une d\u00e9cision. Celle-ci peut \u00eatre une acceptation, un refus ou une demande d\u2019informations suppl\u00e9mentaires.<\/li>\n<li><strong>Notification<\/strong> : le demandeur est inform\u00e9 de la d\u00e9cision par courrier. En cas d\u2019acceptation, la notification inclut les d\u00e9tails de la pension accord\u00e9e.<\/li>\n<\/ol>\n<p><iframe loading=\"lazy\" title=\"La pension d&#039;invalidit\u00e9\" width=\"500\" height=\"281\" src=\"https:\/\/www.youtube.com\/embed\/_UJaa1UDtZs?feature=oembed\" frameborder=\"0\" allow=\"accelerometer; autoplay; clipboard-write; encrypted-media; gyroscope; picture-in-picture; web-share\" referrerpolicy=\"strict-origin-when-cross-origin\" allowfullscreen><\/iframe><\/p>\n<h1>Quels sont les droits et avantages li\u00e9s \u00e0 la pension d\u2019invalidit\u00e9 pour un mal de dos ?<\/h1>\n<h2>Quels sont les montants et les modalit\u00e9s de versement ?<\/h2>\n<p>Les montants de la pension d\u2019invalidit\u00e9 varient selon la cat\u00e9gorie d\u2019invalidit\u00e9 :<\/p>\n<ul>\n<li><strong>1\u00e8re cat\u00e9gorie<\/strong> : invalidit\u00e9 r\u00e9duisant la capacit\u00e9 de travail d\u2019au moins deux tiers, mais permettant une activit\u00e9 professionnelle r\u00e9siduelle. Le montant correspond \u00e0 30% du revenu annuel moyen. En 2025, cela repr\u00e9sente environ 292 \u20ac par mois pour un revenu annuel moyen de 12 000 \u20ac.<\/li>\n<li><strong>2\u00e8me cat\u00e9gorie<\/strong> : invalidit\u00e9 totale emp\u00eachant toute activit\u00e9 professionnelle. Le montant est de 50% du revenu annuel moyen. En 2025, cela repr\u00e9sente environ 487 \u20ac par mois pour un revenu annuel moyen de 12 000 \u20ac.<\/li>\n<li><strong>3\u00e8me cat\u00e9gorie<\/strong> : invalidit\u00e9 totale n\u00e9cessitant l&rsquo;assistance d&rsquo;une tierce personne pour les actes essentiels de la vie. Le montant est de 50% du revenu annuel moyen, plus une majoration pour tierce personne de 1 266 \u20ac en 2025.<\/li>\n<\/ul>\n<p>Les versements sont effectu\u00e9s mensuellement, directement sur le compte bancaire du b\u00e9n\u00e9ficiaire. La pension est revaloris\u00e9e chaque ann\u00e9e pour tenir compte de l\u2019inflation.<\/p>\n<h2>Quelles aides compl\u00e9mentaires sont disponibles pour les b\u00e9n\u00e9ficiaires ?<\/h2>\n<p>Les b\u00e9n\u00e9ficiaires de la pension d\u2019invalidit\u00e9 peuvent \u00e9galement \u00eatre \u00e9ligibles \u00e0 d&rsquo;autres aides :<\/p>\n<ul>\n<li><strong>Allocation aux Adultes Handicap\u00e9s (AAH)<\/strong> : peut \u00eatre cumul\u00e9e avec la pension d&rsquo;invalidit\u00e9 si les ressources ne d\u00e9passent pas un certain plafond.<\/li>\n<li><strong>Allocation Suppl\u00e9mentaire d\u2019Invalidit\u00e9 (ASI)<\/strong> : pour ceux dont les ressources sont tr\u00e8s faibles.<\/li>\n<li><strong>Prestation de Compensation du Handicap (PCH)<\/strong> : aide pour financer les besoins li\u00e9s au handicap.<\/li>\n<li><strong>Aide au retour \u00e0 l\u2019emploi<\/strong> : Accompagnement et soutien pour les personnes qui souhaitent reprendre une activit\u00e9 professionnelle adapt\u00e9e.<\/li>\n<\/ul>\n<h1>Comment contester une d\u00e9cision de refus de pension d\u2019invalidit\u00e9 pour un mal de dos ?<\/h1>\n<h2>Quelles sont les d\u00e9marches \u00e0 suivre en cas de refus ?<\/h2>\n<p>En cas de refus de la pension d\u2019invalidit\u00e9, plusieurs \u00e9tapes peuvent \u00eatre suivies pour contester la d\u00e9cision :<\/p>\n<ol>\n<li><strong>Recours amiable<\/strong> : adresser un courrier \u00e0 la Commission de Recours Amiable (CRA) de la CPAM dans un d\u00e9lai de deux mois suivant la notification de refus. Ce courrier doit expliquer les raisons de la contestation et inclure des preuves m\u00e9dicales suppl\u00e9mentaires si possible.<\/li>\n<li><strong>Attente de la r\u00e9ponse<\/strong> : la CRA dispose d&rsquo;un d\u00e9lai de deux mois pour r\u00e9pondre. En l&rsquo;absence de r\u00e9ponse, cela \u00e9quivaut \u00e0 un refus implicite.<\/li>\n<\/ol>\n<h2>Quels sont les recours possibles pour contester la d\u00e9cision ?<\/h2>\n<p>Si le recours amiable est rejet\u00e9 ou sans r\u00e9ponse, il est possible d&rsquo;intenter un recours contentieux :<\/p>\n<ul>\n<li><strong>Tribunal judiciaire<\/strong> : saisir le tribunal judiciaire comp\u00e9tent, g\u00e9n\u00e9ralement dans un d\u00e9lai de deux mois apr\u00e8s la d\u00e9cision de la CRA. Ce recours n\u00e9cessite de constituer un dossier juridique solide, id\u00e9alement avec l\u2019aide d\u2019un avocat sp\u00e9cialis\u00e9 en droit de la s\u00e9curit\u00e9 sociale.<\/li>\n<li><strong>Expertise m\u00e9dicale<\/strong> : le tribunal peut ordonner une expertise m\u00e9dicale pour r\u00e9\u00e9valuer la situation. Les conclusions de l\u2019expert peuvent influencer la d\u00e9cision finale du tribunal.<\/li>\n<\/ul>\n<h1>Les ressources et soutiens disponibles pour les personnes souffrant de maux de dos<\/h1>\n<h2>Les associations et organismes de soutien<\/h2>\n<p>De nombreuses associations et organismes offrent du soutien aux personnes souffrant de maux de dos :<\/p>\n<ul>\n<li><strong>Association Fran\u00e7aise de Lutte Anti-Rhumatismale (AFLAR)<\/strong> : propose des conseils, des ressources et du soutien pour les personnes atteintes de troubles musculo-squelettiques.<\/li>\n<li><strong>Association de Patients Souffrant de Maux de Dos (APMD)<\/strong> : fournit des informations, organise des groupes de soutien et des ateliers.<\/li>\n<\/ul>\n<h2>Les programmes de r\u00e9habilitation et de r\u00e9insertion professionnelle<\/h2>\n<p>Des programmes de r\u00e9habilitation et de r\u00e9insertion professionnelle peuvent aider les personnes souffrant de maux de dos \u00e0 retrouver une certaine qualit\u00e9 de vie et, si possible, \u00e0 r\u00e9int\u00e9grer le march\u00e9 du travail :<\/p>\n<ul>\n<li><strong>R\u00e9habilitation fonctionnelle<\/strong> : les programmes de r\u00e9habilitation pour aider les patients \u00e0 g\u00e9rer la douleur et am\u00e9liorer leur mobilit\u00e9.<\/li>\n<li><strong>Formation professionnelle<\/strong> : les formations adapt\u00e9es pour permettre une reconversion professionnelle vers des emplois moins physiques.<\/li>\n<\/ul>\n<p>Obtenir une pension d\u2019invalidit\u00e9 pour un mal de dos peut \u00eatre un processus complexe, mais en comprenant les crit\u00e8res m\u00e9dicaux et administratifs, en constituant un dossier solide, et en \u00e9tant pers\u00e9v\u00e9rant face aux \u00e9ventuels refus, il est possible d&rsquo;obtenir le soutien financier n\u00e9cessaire pour am\u00e9liorer sa qualit\u00e9 de vie et g\u00e9rer sa condition de mani\u00e8re plus sereine.<\/p>\n<div class='cta-block'><div class='text'>Simulez toutes vos Aides en 2 min.<\/div><a href='https:\/\/www.mes-allocs.fr\/ab-app?origin=guides\/wp-json\/wp\/v2\/posts\/80682' class='app-button fit'>Simulation gratuite<\/a><\/div>\n","protected":false},"excerpt":{"rendered":"<p>Le mal de dos, ou lombalgie, est une affection courante qui peut avoir un impact significatif sur la qualit\u00e9 de vie et la capacit\u00e9 de travail des personnes touch\u00e9es. Pour ceux dont la condition est s\u00e9v\u00e8re et chronique, rendant impossible l&rsquo;exercice d&rsquo;une activit\u00e9 professionnelle, obtenir une pension d&rsquo;invalidit\u00e9 peut \u00eatre crucial. Cette pension offre un [&hellip;]<\/p>\n","protected":false},"author":26,"featured_media":80683,"comment_status":"open","ping_status":"open","sticky":false,"template":"","format":"standard","meta":{"amp_status":"","footnotes":""},"categories":[35633,35928],"tags":[],"class_list":["post-80682","post","type-post","status-publish","format-standard","has-post-thumbnail","hentry","category-pension-invalidite","category-pension-invalidite-conditions"],"yoast_head":"<!-- This site is optimized with the Yoast SEO plugin v14.9 - https:\/\/yoast.com\/wordpress\/plugins\/seo\/ -->\n<title>Comment obtenir une pension d\u2019invalidit\u00e9 pour un mal de dos ?<\/title>\n<meta name=\"description\" content=\"Le mal de dos est une affection qui peut avoir un impact significatif sur la qualit\u00e9 de vie. Une pension d&#039;invalidit\u00e9 peut \u00eatre crucial.\" \/>\n<meta name=\"robots\" content=\"index, follow, max-snippet:-1, max-image-preview:large, max-video-preview:-1\" \/>\n<link rel=\"canonical\" href=\"https:\/\/www.mes-allocs.fr\/guides\/pension-invalidite\/pension-invalidite-conditions\/mal-de-dos-pension-invalidite\/\" \/>\n<meta property=\"og:locale\" content=\"fr_FR\" \/>\n<meta property=\"og:type\" content=\"article\" \/>\n<meta property=\"og:title\" content=\"Comment obtenir une pension d\u2019invalidit\u00e9 pour un mal de dos ?\" \/>\n<meta property=\"og:description\" content=\"Le mal de dos est une affection qui peut avoir un impact significatif sur la qualit\u00e9 de vie. Une pension d&#039;invalidit\u00e9 peut \u00eatre crucial.\" \/>\n<meta property=\"og:url\" content=\"https:\/\/www.mes-allocs.fr\/guides\/pension-invalidite\/pension-invalidite-conditions\/mal-de-dos-pension-invalidite\/\" \/>\n<meta property=\"og:site_name\" content=\"Mes-Allocs.fr\" \/>\n<meta property=\"article:published_time\" content=\"2024-07-09T11:51:19+00:00\" \/>\n<meta property=\"article:modified_time\" content=\"2026-04-22T09:52:56+00:00\" \/>\n<meta property=\"og:image\" content=\"https:\/\/www.mes-allocs.fr\/guides\/wp-content\/uploads\/2024\/07\/mal-de-dos-et-pension-dinvalidite2-.png?wsr\" \/>\n\t<meta property=\"og:image:width\" content=\"1280\" \/>\n\t<meta property=\"og:image:height\" content=\"1280\" \/>\n<meta name=\"twitter:card\" content=\"summary_large_image\" \/>\n<script type=\"application\/ld+json\" class=\"yoast-schema-graph\">{\"@context\":\"https:\/\/schema.org\",\"@graph\":[{\"@type\":\"WebSite\",\"@id\":\"https:\/\/www.mes-allocs.fr\/guides\/#website\",\"url\":\"https:\/\/www.mes-allocs.fr\/guides\/\",\"name\":\"Mes-Allocs.fr\",\"description\":\"\",\"potentialAction\":[{\"@type\":\"SearchAction\",\"target\":\"https:\/\/www.mes-allocs.fr\/guides\/?s={search_term_string}\",\"query-input\":\"required name=search_term_string\"}],\"inLanguage\":\"fr-FR\"},{\"@type\":\"ImageObject\",\"@id\":\"https:\/\/www.mes-allocs.fr\/guides\/pension-invalidite\/pension-invalidite-conditions\/mal-de-dos-pension-invalidite\/#primaryimage\",\"inLanguage\":\"fr-FR\",\"url\":\"https:\/\/www.mes-allocs.fr\/guides\/wp-content\/uploads\/2024\/07\/mal-de-dos-et-pension-dinvalidite2-.png?wsr\",\"width\":1280,\"height\":1280,\"caption\":\"mal de dos et pension dinvalidite\"},{\"@type\":\"WebPage\",\"@id\":\"https:\/\/www.mes-allocs.fr\/guides\/pension-invalidite\/pension-invalidite-conditions\/mal-de-dos-pension-invalidite\/#webpage\",\"url\":\"https:\/\/www.mes-allocs.fr\/guides\/pension-invalidite\/pension-invalidite-conditions\/mal-de-dos-pension-invalidite\/\",\"name\":\"Comment obtenir une pension d\\u2019invalidit\\u00e9 pour un mal de dos ?\",\"isPartOf\":{\"@id\":\"https:\/\/www.mes-allocs.fr\/guides\/#website\"},\"primaryImageOfPage\":{\"@id\":\"https:\/\/www.mes-allocs.fr\/guides\/pension-invalidite\/pension-invalidite-conditions\/mal-de-dos-pension-invalidite\/#primaryimage\"},\"datePublished\":\"2024-07-09T11:51:19+00:00\",\"dateModified\":\"2026-04-22T09:52:56+00:00\",\"author\":{\"@id\":\"https:\/\/www.mes-allocs.fr\/guides\/#\/schema\/person\/9c38f3be41a0ddcd1e3fde5a3df713bf\"},\"description\":\"Le mal de dos est une affection qui peut avoir un impact significatif sur la qualit\\u00e9 de vie. Une pension d'invalidit\\u00e9 peut \\u00eatre crucial.\",\"inLanguage\":\"fr-FR\"},{\"@type\":\"Person\",\"@id\":\"https:\/\/www.mes-allocs.fr\/guides\/#\/schema\/person\/9c38f3be41a0ddcd1e3fde5a3df713bf\",\"name\":\"Sessime Ananou\",\"image\":{\"@type\":\"ImageObject\",\"@id\":\"https:\/\/www.mes-allocs.fr\/guides\/#personlogo\",\"inLanguage\":\"fr-FR\",\"url\":\"https:\/\/www.mes-allocs.fr\/guides\/wp-content\/uploads\/2023\/08\/IMG_8173-150x150.jpg\",\"caption\":\"Sessime Ananou\"},\"description\":\"Sessime est r\\u00e9dactrice chez Mes Allocs, sp\\u00e9cialis\\u00e9e sur le pouvoir d'achat. Elle rejoint l'\\u00e9quipe Mes Allocs en ao\\u00fbt 2023 afin de simplifier l'acc\\u00e8s \\u00e0 l'information sur les aides en g\\u00e9n\\u00e9ral.\"}]}<\/script>\n<!-- \/ Yoast SEO plugin. -->","amp_validity":null,"acf":{"faq":{"1":{"question":"Quelles sont les conditions pour obtenir une pension d'invalidit\u00e9 pour un mal de dos ?","answer":"Pour obtenir une pension d'invalidit\u00e9 pour un mal de dos, il faut que la condition soit reconnue comme invalidante par le m\u00e9decin-conseil de la S\u00e9curit\u00e9 sociale. La douleur et l'incapacit\u00e9 doivent \u00eatre s\u00e9v\u00e8res et chroniques, rendant impossible l'exercice d'une activit\u00e9 professionnelle. Il est aussi n\u00e9cessaire d'\u00eatre affili\u00e9 \u00e0 la S\u00e9curit\u00e9 sociale et d'avoir cotis\u00e9 suffisamment."},"2":{"question":"Quels crit\u00e8res m\u00e9dicaux sont \u00e9valu\u00e9s pour accorder la pension d'invalidit\u00e9 ?","answer":"Les crit\u00e8res m\u00e9dicaux incluent la s\u00e9v\u00e9rit\u00e9 de la douleur, la dur\u00e9e et la chronicit\u00e9 de la condition, les limitations fonctionnelles, et l'inefficacit\u00e9 des traitements conventionnels. Un dossier m\u00e9dical d\u00e9taill\u00e9 avec des rapports de sp\u00e9cialistes, des imageries m\u00e9dicales, et des t\u00e9moignages sur l'impact de la lombalgie sur la vie quotidienne est crucial."},"3":{"question":"Quels documents sont n\u00e9cessaires pour faire une demande de pension d'invalidit\u00e9 ?","answer":"Les documents n\u00e9cessaires comprennent les rapports m\u00e9dicaux r\u00e9cents, les r\u00e9sultats d'examens compl\u00e9mentaires (IRM, radiographies), les certificats m\u00e9dicaux attestant l'incapacit\u00e9 de travail, un formulaire de demande de pension d'invalidit\u00e9 compl\u00e9t\u00e9, et une attestation d'affiliation \u00e0 la S\u00e9curit\u00e9 sociale.\r\n"},"4":{"question":"Comment se d\u00e9roule le processus de demande de pension d'invalidit\u00e9 ?","answer":"Le processus commence par la constitution du dossier m\u00e9dical et administratif, suivi de l'envoi de la demande \u00e0 la Caisse Primaire d'Assurance Maladie (CPAM). Une fois la demande re\u00e7ue, le m\u00e9decin-conseil \u00e9value la situation et peut convoquer le demandeur pour un examen m\u00e9dical. La d\u00e9cision finale est ensuite communiqu\u00e9e au demandeur."},"5":{"question":"Quels sont les montants de la pension d'invalidit\u00e9 pour un mal de dos ?","answer":"Le montant de la pension d'invalidit\u00e9 d\u00e9pend de la cat\u00e9gorie d'invalidit\u00e9 (1\u00e8re, 2\u00e8me, ou 3\u00e8me). La pension de 1\u00e8re cat\u00e9gorie (invalidit\u00e9 r\u00e9duisant la capacit\u00e9 de travail d'au moins deux-tiers mais permettant une activit\u00e9 r\u00e9siduelle) est de 30% du revenu annuel moyen. La 2\u00e8me cat\u00e9gorie (invalidit\u00e9 totale) est de 50% du revenu annuel moyen. La 3\u00e8me cat\u00e9gorie (invalidit\u00e9 totale n\u00e9cessitant l'assistance d'une tierce personne) inclut une majoration pour tierce personne."},"6":{"question":"Que faire en cas de refus de la demande de pension d'invalidit\u00e9 ?","answer":"En cas de refus, il est possible de faire un recours amiable aupr\u00e8s de la commission de recours amiable (CRA) de la CPAM dans un d\u00e9lai de deux mois suivant la notification de refus. Si le recours amiable est \u00e9galement refus\u00e9, il est possible de saisir le tribunal judiciaire pour contester la d\u00e9cision. Il est recommand\u00e9 de se faire accompagner par un avocat sp\u00e9cialis\u00e9 ou une association de patients pour maximiser les chances de succ\u00e8s."},"7":{"question":"","answer":""},"8":{"question":"","answer":""},"9":{"question":"","answer":""},"10":{"question":"","answer":""},"11":{"question":"","answer":""},"12":{"question":"","answer":""},"13":{"question":"","answer":""},"14":{"question":"","answer":""},"15":{"question":"","answer":""},"16":{"question":"","answer":""}}},"_links":{"self":[{"href":"https:\/\/www.mes-allocs.fr\/guides\/wp-json\/wp\/v2\/posts\/80682","targetHints":{"allow":["GET"]}}],"collection":[{"href":"https:\/\/www.mes-allocs.fr\/guides\/wp-json\/wp\/v2\/posts"}],"about":[{"href":"https:\/\/www.mes-allocs.fr\/guides\/wp-json\/wp\/v2\/types\/post"}],"author":[{"embeddable":true,"href":"https:\/\/www.mes-allocs.fr\/guides\/wp-json\/wp\/v2\/users\/26"}],"replies":[{"embeddable":true,"href":"https:\/\/www.mes-allocs.fr\/guides\/wp-json\/wp\/v2\/comments?post=80682"}],"version-history":[{"count":6,"href":"https:\/\/www.mes-allocs.fr\/guides\/wp-json\/wp\/v2\/posts\/80682\/revisions"}],"predecessor-version":[{"id":94181,"href":"https:\/\/www.mes-allocs.fr\/guides\/wp-json\/wp\/v2\/posts\/80682\/revisions\/94181"}],"wp:featuredmedia":[{"embeddable":true,"href":"https:\/\/www.mes-allocs.fr\/guides\/wp-json\/wp\/v2\/media\/80683"}],"wp:attachment":[{"href":"https:\/\/www.mes-allocs.fr\/guides\/wp-json\/wp\/v2\/media?parent=80682"}],"wp:term":[{"taxonomy":"category","embeddable":true,"href":"https:\/\/www.mes-allocs.fr\/guides\/wp-json\/wp\/v2\/categories?post=80682"},{"taxonomy":"post_tag","embeddable":true,"href":"https:\/\/www.mes-allocs.fr\/guides\/wp-json\/wp\/v2\/tags?post=80682"}],"curies":[{"name":"wp","href":"https:\/\/api.w.org\/{rel}","templated":true}]}}