{"id":80658,"date":"2024-07-08T15:03:11","date_gmt":"2024-07-08T13:03:11","guid":{"rendered":"https:\/\/www.mes-allocs.fr\/guides\/?p=80658"},"modified":"2026-04-22T10:52:56","modified_gmt":"2026-04-22T09:52:56","slug":"pension-invalidite-bipolaire","status":"publish","type":"post","link":"https:\/\/www.mes-allocs.fr\/guides\/pension-invalidite\/pension-invalidite-conditions\/pension-invalidite-bipolaire\/","title":{"rendered":"Pension d&rsquo;invalidit\u00e9 pour troubles bipolaires : conditions, montants, d\u00e9marches"},"content":{"rendered":"<p><img loading=\"lazy\" decoding=\"async\" class=\"alignnone wp-image-34843 size-full\" title=\"pension invalidit\u00e9 bipolaire\" src=\"https:\/\/www.mes-allocs.fr\/guides\/wp-content\/uploads\/2021\/08\/AAH-et-pension-d-invalidite-quel-cumul--e1720440840723.jpg\" alt=\"pension invalidit\u00e9 bipolaire\" width=\"1280\" height=\"355\" srcset=\"https:\/\/www.mes-allocs.fr\/guides\/wp-content\/uploads\/2021\/08\/AAH-et-pension-d-invalidite-quel-cumul--e1720440840723.jpg 1280w, https:\/\/www.mes-allocs.fr\/guides\/wp-content\/uploads\/2021\/08\/AAH-et-pension-d-invalidite-quel-cumul--e1720440840723-300x83.jpg 300w, https:\/\/www.mes-allocs.fr\/guides\/wp-content\/uploads\/2021\/08\/AAH-et-pension-d-invalidite-quel-cumul--e1720440840723-1024x284.jpg 1024w, https:\/\/www.mes-allocs.fr\/guides\/wp-content\/uploads\/2021\/08\/AAH-et-pension-d-invalidite-quel-cumul--e1720440840723-768x213.jpg 768w, https:\/\/www.mes-allocs.fr\/guides\/wp-content\/uploads\/2021\/08\/AAH-et-pension-d-invalidite-quel-cumul--e1720440840723-600x166.jpg 600w\" sizes=\"auto, (max-width: 1280px) 100vw, 1280px\" \/><\/p>\n<p><strong>Les troubles bipolaires sont des affections psychiatriques caract\u00e9ris\u00e9es par des variations extr\u00eames de l&rsquo;humeur, allant de la d\u00e9pression profonde \u00e0 l&rsquo;exaltation maniaque. Ces variations peuvent gravement affecter la capacit\u00e9 d&rsquo;une personne \u00e0 mener une vie normale et \u00e0 exercer une activit\u00e9 professionnelle. En France, la s\u00e9curit\u00e9 sociale offre des dispositifs de soutien, y compris une <a href=\"https:\/\/www.mes-allocs.fr\/guides\/pension-invalidite\/\">pension d&rsquo;invalidit\u00e9<\/a>, pour les personnes souffrant de troubles bipolaires. D\u00e9couvrez les modalit\u00e9s d\u2019attribution de la pension d\u2019invalidit\u00e9 en cas de bipolarit\u00e9. <\/strong><\/p>\n<div class='cta-block'><div class='text'>Simulez toutes vos Aides en 2 min.<\/div><a href='https:\/\/www.mes-allocs.fr\/ab-app?origin=guides\/wp-json\/wp\/v2\/posts\/80658' class='app-button fit'>Simulation gratuite<\/a><\/div>\n<div class=\"flex flex-grow flex-col max-w-full\">\n<div class=\"min-h-[20px] text-message flex flex-col items-start whitespace-pre-wrap break-words [.text-message+&amp;]:mt-5 juice:w-full juice:items-end overflow-x-auto gap-2\" dir=\"auto\" data-message-author-role=\"assistant\" data-message-id=\"36570882-39b6-4e31-adc8-cf59136617e4\">\n<div class=\"flex w-full flex-col gap-1 juice:empty:hidden juice:first:pt-[3px]\">\n<div class=\"markdown prose w-full break-words dark:prose-invert dark\">\n<h1>Qu\u2019est-ce qu\u2019un trouble bipolaire ?<\/h1>\n<h2>D\u00e9finition et sympt\u00f4mes<\/h2>\n<p>Un trouble bipolaire est une affection psychiatrique grave caract\u00e9ris\u00e9e par des variations extr\u00eames de l&rsquo;humeur. Les personnes atteintes de ce trouble connaissent des \u00e9pisodes de d\u00e9pression profonde, alternant avec des phases d&rsquo;exaltation excessive appel\u00e9es manies. La d\u00e9pression se manifeste par une tristesse intense, une perte d&rsquo;int\u00e9r\u00eat pour les activit\u00e9s habituelles, une fatigue chronique, et des pens\u00e9es suicidaires.<\/p>\n<p>\u00c0 l&rsquo;inverse, la manie se caract\u00e9rise par une euphorie exag\u00e9r\u00e9e, une \u00e9nergie d\u00e9bordante, une r\u00e9duction du besoin de sommeil, des id\u00e9es grandioses, et parfois des comportements impulsifs ou risqu\u00e9s. Ces variations peuvent \u00eatre impr\u00e9visibles et varier en dur\u00e9e et en intensit\u00e9, rendant la gestion du quotidien particuli\u00e8rement difficile pour les personnes concern\u00e9es.<\/p>\n<h2>Types et impact sur la vie quotidienne<\/h2>\n<p>Il existe plusieurs types de troubles bipolaires, les plus courants \u00e9tant le trouble bipolaire de type I, qui inclut des \u00e9pisodes maniaques s\u00e9v\u00e8res, et le trouble bipolaire de type II, caract\u00e9ris\u00e9 par des \u00e9pisodes de d\u00e9pression majeure et des \u00e9pisodes hypomaniaques (moins s\u00e9v\u00e8res que la manie). Le cyclothymique est une forme plus l\u00e9g\u00e8re avec des sympt\u00f4mes moins intenses mais plus chroniques.<\/p>\n<p>Le trouble bipolaire a un impact significatif sur la vie quotidienne des individus, affectant leur capacit\u00e9 \u00e0 maintenir des relations stables, \u00e0 conserver un emploi, et \u00e0 g\u00e9rer leurs responsabilit\u00e9s personnelles et professionnelles. Les traitements incluent souvent une combinaison de m\u00e9dicaments stabilisateurs de l&rsquo;humeur et de th\u00e9rapies psychologiques pour aider \u00e0 g\u00e9rer les sympt\u00f4mes et \u00e0 am\u00e9liorer la qualit\u00e9 de vie.<\/p>\n<\/div>\n<\/div>\n<\/div>\n<\/div>\n<div class='cta-block'><div class='text'>Simulez toutes vos Aides en 2 min.<\/div><a href='https:\/\/www.mes-allocs.fr\/ab-app?origin=guides\/wp-json\/wp\/v2\/posts\/80658' class='app-button fit'>Simulation gratuite<\/a><\/div>\n<h1>Quelles sont les conditions pour obtenir une pension d\u2019invalidit\u00e9 pour troubles bipolaires ?<\/h1>\n<p>D\u00e9couvrez les <a href=\"https:\/\/www.mes-allocs.fr\/guides\/pension-invalidite\/pension-invalidite-conditions\/\">conditions de la pension d\u2019invalidit\u00e9<\/a> pour troubles bipolaires.<\/p>\n<h2>Quels crit\u00e8res m\u00e9dicaux doivent \u00eatre remplis ?<\/h2>\n<p>Pour obtenir une pension d&rsquo;invalidit\u00e9 en raison de troubles bipolaires, les crit\u00e8res m\u00e9dicaux incluent une incapacit\u00e9 permanente et totale \u00e0 exercer une activit\u00e9 professionnelle. Cette incapacit\u00e9 doit \u00eatre confirm\u00e9e par un m\u00e9decin-conseil de la S\u00e9curit\u00e9 sociale. Le trouble bipolaire doit entra\u00eener des limitations significatives dans la vie quotidienne, affectant s\u00e9v\u00e8rement les capacit\u00e9s cognitives, comportementales et \u00e9motionnelles.<\/p>\n<h2>Quel est le taux d\u2019invalidit\u00e9 pour un trouble bipolaire ?<\/h2>\n<p>Le taux d&rsquo;invalidit\u00e9 pour un trouble bipolaire varie en fonction de la gravit\u00e9 des sympt\u00f4mes et de leur impact sur la capacit\u00e9 \u00e0 travailler. En g\u00e9n\u00e9ral, un taux de 80% ou plus est souvent requis pour une reconnaissance en invalidit\u00e9 de cat\u00e9gorie 2 ou 3. Ce taux est \u00e9valu\u00e9 par un m\u00e9decin-conseil qui tient compte de l&rsquo;intensit\u00e9 et de la fr\u00e9quence des \u00e9pisodes d\u00e9pressifs et maniaques, ainsi que des besoins d&rsquo;assistance pour les activit\u00e9s quotidiennes.<\/p>\n<h2>Quels sont les crit\u00e8res administratifs n\u00e9cessaires ?<\/h2>\n<p>Les crit\u00e8res administratifs comprennent l&rsquo;affiliation \u00e0 la S\u00e9curit\u00e9 sociale depuis au moins 12 mois \u00e0 la date de la reconnaissance de l&rsquo;invalidit\u00e9 et avoir cotis\u00e9 un certain nombre d&rsquo;heures de travail ou de trimestres. De plus, la demande doit \u00eatre accompagn\u00e9e de documents m\u00e9dicaux d\u00e9taill\u00e9s prouvant la gravit\u00e9 et la permanence des troubles bipolaires.<\/p>\n<h1>Comment faire une demande de pension d\u2019invalidit\u00e9 pour troubles bipolaires ?<\/h1>\n<h3>Quels documents m\u00e9dicaux sont requis ?<\/h3>\n<p>Les documents m\u00e9dicaux requis incluent un certificat m\u00e9dical d\u00e9taill\u00e9 r\u00e9dig\u00e9 par le m\u00e9decin traitant, d\u00e9crivant la nature, la gravit\u00e9 et l&rsquo;\u00e9volution des troubles bipolaires. Il est \u00e9galement n\u00e9cessaire de fournir les comptes rendus d&rsquo;hospitalisation, les r\u00e9sultats des examens psychiatriques, ainsi que les avis de sp\u00e9cialistes confirmant l&rsquo;incapacit\u00e9 \u00e0 travailler.<\/p>\n<h3>Quelles sont les \u00e9tapes du processus de demande ?<\/h3>\n<ol>\n<li><strong>Pr\u00e9paration du dossier m\u00e9dical<\/strong> : recueillir tous les documents m\u00e9dicaux n\u00e9cessaires.<\/li>\n<li><strong>Soumission de la demande<\/strong> : envoyer le dossier complet \u00e0 la Caisse Primaire d&rsquo;Assurance Maladie (CPAM).<\/li>\n<li><strong>\u00c9valuation m\u00e9dicale<\/strong> : Attendre l&rsquo;\u00e9valuation par le m\u00e9decin-conseil de la S\u00e9curit\u00e9 sociale.<\/li>\n<li><strong>D\u00e9cision de la CPAM<\/strong> : Recevoir la notification de d\u00e9cision.<\/li>\n<li><strong>Recours \u00e9ventuel<\/strong> : En cas de refus, des recours sont possibles pour contester la d\u00e9cision.<\/li>\n<\/ol>\n<p><iframe loading=\"lazy\" title=\"La pension d&#039;invalidit\u00e9\" width=\"500\" height=\"281\" src=\"https:\/\/www.youtube.com\/embed\/_UJaa1UDtZs?feature=oembed\" frameborder=\"0\" allow=\"accelerometer; autoplay; clipboard-write; encrypted-media; gyroscope; picture-in-picture; web-share\" referrerpolicy=\"strict-origin-when-cross-origin\" allowfullscreen><\/iframe><\/p>\n<div class=\"flex flex-grow flex-col max-w-full\">\n<div class=\"min-h-[20px] text-message flex flex-col items-start whitespace-pre-wrap break-words [.text-message+&amp;]:mt-5 juice:w-full juice:items-end overflow-x-auto gap-2\" dir=\"auto\" data-message-author-role=\"assistant\" data-message-id=\"aca635a1-f396-4a3b-8da1-a7c0b2b257b0\">\n<div class=\"flex w-full flex-col gap-1 juice:empty:hidden juice:first:pt-[3px]\">\n<div class=\"markdown prose w-full break-words dark:prose-invert dark\">\n<h1>Quelles sont les options de r\u00e9vision et de recours pour la pension d\u2019invalidit\u00e9 ?<\/h1>\n<h2>Comment contester une d\u00e9cision d\u00e9favorable ?<\/h2>\n<p>Pour contester une d\u00e9cision d\u00e9favorable, il est possible de d\u00e9poser un recours amiable aupr\u00e8s de la commission de recours amiable (CRA) de la CPAM. Si la d\u00e9cision de la CRA est \u00e9galement d\u00e9favorable, un recours contentieux peut \u00eatre introduit aupr\u00e8s du tribunal judiciaire, section des affaires de s\u00e9curit\u00e9 sociale.<\/p>\n<h2>Quelles sont les \u00e9tapes pour demander une r\u00e9vision de la pension ?<\/h2>\n<ol>\n<li><strong>Collecte de nouvelles preuves m\u00e9dicales<\/strong> : rassembler tous les nouveaux documents m\u00e9dicaux justifiant la demande de r\u00e9vision.<\/li>\n<li><strong>Soumission de la demande<\/strong> : envoyer une demande de r\u00e9vision accompagn\u00e9e des nouvelles preuves \u00e0 la CPAM.<\/li>\n<li><strong>\u00c9valuation par le m\u00e9decin-conseil<\/strong> : attendre la nouvelle \u00e9valuation m\u00e9dicale.<\/li>\n<li><strong>D\u00e9cision de la CPAM<\/strong> : recevoir la notification de la d\u00e9cision r\u00e9vis\u00e9e.<\/li>\n<li><strong>Recours possible<\/strong> : en cas de d\u00e9saccord, les m\u00eames voies de recours que pour la contestation initiale sont disponibles.<\/li>\n<\/ol>\n<\/div>\n<\/div>\n<\/div>\n<\/div>\n<h1>Quelles sont les aides cumulables avec la pension d&rsquo;invalidit\u00e9 pour troubles bipolaires ?<\/h1>\n<h2>Les aides financi\u00e8res compl\u00e9mentaires<\/h2>\n<p>Les personnes b\u00e9n\u00e9ficiant d&rsquo;une pension d&rsquo;invalidit\u00e9 pour troubles bipolaires peuvent \u00e9galement \u00eatre \u00e9ligibles \u00e0 plusieurs autres aides financi\u00e8res compl\u00e9mentaires. Ces aides visent \u00e0 soutenir les individus dans la gestion de leurs besoins quotidiens et \u00e0 compenser les co\u00fbts suppl\u00e9mentaires li\u00e9s \u00e0 leur condition m\u00e9dicale.<\/p>\n<h2>Allocation aux adultes handicap\u00e9s (AAH)<\/h2>\n<p>L&rsquo;AAH est une aide financi\u00e8re vers\u00e9e aux personnes handicap\u00e9es dont les ressources sont limit\u00e9es. En 2025, l&rsquo;AAH peut atteindre 1 035,53 euros par mois. Cette allocation est cumulable avec la pension d&rsquo;invalidit\u00e9, mais des plafonds de ressources s&rsquo;appliquent. L&rsquo;objectif est d&rsquo;assurer un revenu minimum aux personnes ne pouvant pas travailler en raison de leur handicap.<\/p>\n<h2>Allocation suppl\u00e9mentaire d&rsquo;invalidit\u00e9 (ASI)<\/h2>\n<p>L&rsquo;ASI est destin\u00e9e aux personnes invalides ayant des revenus tr\u00e8s faibles. En 2025, elle peut atteindre environ 564,27 euros par mois pour une personne seule. Cette allocation s&rsquo;ajoute \u00e0 la pension d&rsquo;invalidit\u00e9 pour garantir un minimum de ressources. Elle est soumise \u00e0 des conditions strictes de revenus.<\/p>\n<h2>Majoration pour tierce personne (MTP)<\/h2>\n<p>La MTP est accord\u00e9e aux personnes n\u00e9cessitant l&rsquo;assistance constante d&rsquo;une tierce personne pour les actes essentiels de la vie quotidienne. En 2025, la MTP s&rsquo;\u00e9l\u00e8ve \u00e0 1 266,60 euros par mois. Cette majoration est int\u00e9gr\u00e9e dans le montant total de la pension d&rsquo;invalidit\u00e9 de cat\u00e9gorie 3.<\/p>\n<h1>Montants des aides cumulables avec la pension d&rsquo;invalidit\u00e9<\/h1>\n<h2>Montant total possible en cumulant AAH et ASI<\/h2>\n<p>Pour une personne en invalidit\u00e9 de cat\u00e9gorie 2 ou 3 b\u00e9n\u00e9ficiant de la pension d&rsquo;invalidit\u00e9, de l&rsquo;AAH et de l&rsquo;ASI, le montant total des aides peut consid\u00e9rablement augmenter le revenu mensuel. Par exemple, en cumulant une pension de 1 726 euros, une AAH de 1 035,53 euros et une ASI de 564,27 euros, le revenu total pourrait atteindre jusqu&rsquo;\u00e0 environ 3 325,80 euros par mois.<\/p>\n<h2>Importance de v\u00e9rifier les plafonds de ressources<\/h2>\n<p>Non seulement la <a href=\"https:\/\/www.mes-allocs.fr\/guides\/pension-invalidite\/pension-invalidite-conditions\/pension-invalidite-salaire-a-ne-pas-depasser\/\">pension d&rsquo;invalidit\u00e9 exige un salaire \u00e0 ne pas d\u00e9passer<\/a>. Mais en plus, il est crucial de noter que le cumul des aides est soumis \u00e0 des plafonds de ressources. Il est donc important de v\u00e9rifier aupr\u00e8s de la CPAM ou des services sociaux les conditions sp\u00e9cifiques et les montants exacts pour \u00e9viter tout d\u00e9passement de ces plafonds, ce qui pourrait entra\u00eener une r\u00e9duction des aides per\u00e7ues.<\/p>\n<p>En r\u00e9sum\u00e9, plusieurs aides financi\u00e8res sont disponibles pour les personnes souffrant de troubles bipolaires en plus de la pension d&rsquo;invalidit\u00e9, mais il est important de conna\u00eetre les conditions et les plafonds de ressources pour maximiser le soutien financier.<\/p>\n<h1>Quelles sont les aides financi\u00e8res disponibles pour les personnes atteintes de troubles bipolaires ?<\/h1>\n<h2>Quelles sont les allocations compl\u00e9mentaires disponibles ?<\/h2>\n<p>En plus de la pension d&rsquo;invalidit\u00e9, les personnes atteintes de troubles bipolaires peuvent b\u00e9n\u00e9ficier de l&rsquo;Allocation aux adultes handicap\u00e9s (AAH), qui peut atteindre <strong>1 035,53 euros par mois en 2025,<\/strong> et de l&rsquo;Allocation suppl\u00e9mentaire d&rsquo;invalidit\u00e9 (ASI) si leurs revenus sont faibles. La Majoration pour tierce personne (MTP) est \u00e9galement disponible pour ceux qui n\u00e9cessitent une aide constante pour les actes de la vie quotidienne.<\/p>\n<h2>Quels autres types de soutien financier peuvent \u00eatre obtenus ?<\/h2>\n<p>D&rsquo;autres soutiens financiers incluent des aides pour l&rsquo;am\u00e9nagement du logement, des subventions pour l&rsquo;achat de mat\u00e9riel m\u00e9dical sp\u00e9cifique, et des r\u00e9ductions ou exemptions fiscales. Les aides \u00e0 domicile financ\u00e9es par les collectivit\u00e9s locales ou les services sociaux d\u00e9partementaux peuvent \u00e9galement \u00eatre disponibles.<\/p>\n<div class='cta-block'><div class='text'>Simulez toutes vos Aides en 2 min.<\/div><a href='https:\/\/www.mes-allocs.fr\/ab-app?origin=guides\/wp-json\/wp\/v2\/posts\/80658' class='app-button fit'>Simulation gratuite<\/a><\/div>\n","protected":false},"excerpt":{"rendered":"<p>Les troubles bipolaires sont des affections psychiatriques caract\u00e9ris\u00e9es par des variations extr\u00eames de l&rsquo;humeur, allant de la d\u00e9pression profonde \u00e0 l&rsquo;exaltation maniaque. Ces variations peuvent gravement affecter la capacit\u00e9 d&rsquo;une personne \u00e0 mener une vie normale et \u00e0 exercer une activit\u00e9 professionnelle. En France, la s\u00e9curit\u00e9 sociale offre des dispositifs de soutien, y compris une [&hellip;]<\/p>\n","protected":false},"author":26,"featured_media":34841,"comment_status":"open","ping_status":"open","sticky":false,"template":"","format":"standard","meta":{"amp_status":"","footnotes":""},"categories":[35633,35928],"tags":[],"class_list":["post-80658","post","type-post","status-publish","format-standard","has-post-thumbnail","hentry","category-pension-invalidite","category-pension-invalidite-conditions"],"yoast_head":"<!-- This site is optimized with the Yoast SEO plugin v14.9 - https:\/\/yoast.com\/wordpress\/plugins\/seo\/ -->\n<title>Pension d&#039;invalidit\u00e9 pour troubles bipolaires : conditions et d\u00e9marches<\/title>\n<meta name=\"description\" content=\"Les troubles bipolaires sont des affections psychiatriques caract\u00e9ris\u00e9es par des variations extr\u00eames de l&#039;humeur.\" \/>\n<meta name=\"robots\" content=\"index, follow, max-snippet:-1, max-image-preview:large, max-video-preview:-1\" \/>\n<link rel=\"canonical\" href=\"https:\/\/www.mes-allocs.fr\/guides\/pension-invalidite\/pension-invalidite-conditions\/pension-invalidite-bipolaire\/\" \/>\n<meta property=\"og:locale\" content=\"fr_FR\" \/>\n<meta property=\"og:type\" content=\"article\" \/>\n<meta property=\"og:title\" content=\"Pension d&#039;invalidit\u00e9 pour troubles bipolaires : conditions et d\u00e9marches\" \/>\n<meta property=\"og:description\" content=\"Les troubles bipolaires sont des affections psychiatriques caract\u00e9ris\u00e9es par des variations extr\u00eames de l&#039;humeur.\" \/>\n<meta property=\"og:url\" content=\"https:\/\/www.mes-allocs.fr\/guides\/pension-invalidite\/pension-invalidite-conditions\/pension-invalidite-bipolaire\/\" \/>\n<meta property=\"og:site_name\" content=\"Mes-Allocs.fr\" \/>\n<meta property=\"article:published_time\" content=\"2024-07-08T13:03:11+00:00\" \/>\n<meta property=\"article:modified_time\" content=\"2026-04-22T09:52:56+00:00\" \/>\n<meta property=\"og:image\" content=\"https:\/\/www.mes-allocs.fr\/guides\/wp-content\/uploads\/2021\/08\/La-pension-dinvalidite-cest-quoi-.jpg?wsr\" \/>\n\t<meta property=\"og:image:width\" content=\"1280\" \/>\n\t<meta property=\"og:image:height\" content=\"853\" \/>\n<meta name=\"twitter:card\" content=\"summary_large_image\" \/>\n<script type=\"application\/ld+json\" class=\"yoast-schema-graph\">{\"@context\":\"https:\/\/schema.org\",\"@graph\":[{\"@type\":\"WebSite\",\"@id\":\"https:\/\/www.mes-allocs.fr\/guides\/#website\",\"url\":\"https:\/\/www.mes-allocs.fr\/guides\/\",\"name\":\"Mes-Allocs.fr\",\"description\":\"\",\"potentialAction\":[{\"@type\":\"SearchAction\",\"target\":\"https:\/\/www.mes-allocs.fr\/guides\/?s={search_term_string}\",\"query-input\":\"required name=search_term_string\"}],\"inLanguage\":\"fr-FR\"},{\"@type\":\"ImageObject\",\"@id\":\"https:\/\/www.mes-allocs.fr\/guides\/pension-invalidite\/pension-invalidite-conditions\/pension-invalidite-bipolaire\/#primaryimage\",\"inLanguage\":\"fr-FR\",\"url\":\"https:\/\/www.mes-allocs.fr\/guides\/wp-content\/uploads\/2021\/08\/La-pension-dinvalidite-cest-quoi-.jpg?wsr\",\"width\":1280,\"height\":853,\"caption\":\"pension invalidit\\u00e9 bipolaire\"},{\"@type\":\"WebPage\",\"@id\":\"https:\/\/www.mes-allocs.fr\/guides\/pension-invalidite\/pension-invalidite-conditions\/pension-invalidite-bipolaire\/#webpage\",\"url\":\"https:\/\/www.mes-allocs.fr\/guides\/pension-invalidite\/pension-invalidite-conditions\/pension-invalidite-bipolaire\/\",\"name\":\"Pension d'invalidit\\u00e9 pour troubles bipolaires : conditions et d\\u00e9marches\",\"isPartOf\":{\"@id\":\"https:\/\/www.mes-allocs.fr\/guides\/#website\"},\"primaryImageOfPage\":{\"@id\":\"https:\/\/www.mes-allocs.fr\/guides\/pension-invalidite\/pension-invalidite-conditions\/pension-invalidite-bipolaire\/#primaryimage\"},\"datePublished\":\"2024-07-08T13:03:11+00:00\",\"dateModified\":\"2026-04-22T09:52:56+00:00\",\"author\":{\"@id\":\"https:\/\/www.mes-allocs.fr\/guides\/#\/schema\/person\/9c38f3be41a0ddcd1e3fde5a3df713bf\"},\"description\":\"Les troubles bipolaires sont des affections psychiatriques caract\\u00e9ris\\u00e9es par des variations extr\\u00eames de l'humeur.\",\"inLanguage\":\"fr-FR\"},{\"@type\":\"Person\",\"@id\":\"https:\/\/www.mes-allocs.fr\/guides\/#\/schema\/person\/9c38f3be41a0ddcd1e3fde5a3df713bf\",\"name\":\"Sessime Ananou\",\"image\":{\"@type\":\"ImageObject\",\"@id\":\"https:\/\/www.mes-allocs.fr\/guides\/#personlogo\",\"inLanguage\":\"fr-FR\",\"url\":\"https:\/\/www.mes-allocs.fr\/guides\/wp-content\/uploads\/2023\/08\/IMG_8173-150x150.jpg\",\"caption\":\"Sessime Ananou\"},\"description\":\"Sessime est r\\u00e9dactrice chez Mes Allocs, sp\\u00e9cialis\\u00e9e sur le pouvoir d'achat. Elle rejoint l'\\u00e9quipe Mes Allocs en ao\\u00fbt 2023 afin de simplifier l'acc\\u00e8s \\u00e0 l'information sur les aides en g\\u00e9n\\u00e9ral.\"}]}<\/script>\n<!-- \/ Yoast SEO plugin. -->","amp_validity":null,"acf":{"faq":{"1":{"question":"Quelles sont les conditions pour obtenir une pension d'invalidit\u00e9 en raison de troubles bipolaires ?","answer":" Pour obtenir une pension d'invalidit\u00e9, la personne doit \u00eatre reconnue comme incapable d'exercer une activit\u00e9 professionnelle \u00e0 cause de ses troubles bipolaires. Cela implique une \u00e9valuation m\u00e9dicale par un m\u00e9decin-conseil de la S\u00e9curit\u00e9 sociale, qui doit confirmer que l'\u00e9tat de sant\u00e9 rend impossible toute activit\u00e9 professionnelle r\u00e9guli\u00e8re.\r\n"},"2":{"question":"Comment faire la demande de pension d'invalidit\u00e9 pour troubles bipolaires ?","answer":" La demande doit \u00eatre initi\u00e9e par le m\u00e9decin traitant ou par l'assur\u00e9 lui-m\u00eame. Le dossier, comprenant un formulaire de demande et des certificats m\u00e9dicaux d\u00e9taillant la nature et la gravit\u00e9 des troubles bipolaires, doit \u00eatre soumis \u00e0 la Caisse Primaire d'Assurance Maladie (CPAM)."},"3":{"question":"Quel est le montant de la pension d'invalidit\u00e9 pour les personnes atteintes de troubles bipolaires ?","answer":"Le montant de la pension d'invalidit\u00e9 d\u00e9pend du salaire de r\u00e9f\u00e9rence de l'assur\u00e9 et de sa cat\u00e9gorie d'invalidit\u00e9. En 2025, pour une invalidit\u00e9 de cat\u00e9gorie 1, le montant maximal est d'environ 1 177,50 euros par mois, pour la cat\u00e9gorie 2 environ 1 962,50 euros par mois, et pour la cat\u00e9gorie 3 environ 1932 euros par mois plus une majoration pour tierce personne de 1 266,60 euros."},"4":{"question":"Quels autres types de soutien financier sont disponibles pour les personnes atteintes de troubles bipolaires ?","answer":"En plus de la pension d'invalidit\u00e9, les personnes atteintes de troubles bipolaires peuvent \u00eatre \u00e9ligibles \u00e0 l'Allocation aux adultes handicap\u00e9s (AAH), qui peut atteindre 1 016,05 \u20ac par mois en 2025, et \u00e0 l'Allocation suppl\u00e9mentaire d'invalidit\u00e9 (ASI) si leurs revenus sont faibles."},"5":{"question":"Peut-on cumuler la pension d'invalidit\u00e9 pour troubles bipolaires avec d'autres revenus ?","answer":"Oui, il est possible de cumuler la pension d'invalidit\u00e9 avec d'autres revenus sous certaines conditions. Par exemple, la pension d'invalidit\u00e9 peut \u00eatre cumul\u00e9e avec l'AAH, mais des plafonds de ressources s'appliquent. Il est conseill\u00e9 de se renseigner aupr\u00e8s de la CPAM pour des informations sp\u00e9cifiques sur les cumuls possibles."},"6":{"question":"Quelles d\u00e9marches administratives faut-il accomplir pour renouveler la pension d'invalidit\u00e9 ?","answer":"La pension d'invalidit\u00e9 n'est pas automatiquement renouvel\u00e9e. Il faut r\u00e9guli\u00e8rement fournir des certificats m\u00e9dicaux et passer des examens de contr\u00f4le effectu\u00e9s par le m\u00e9decin-conseil de la S\u00e9curit\u00e9 sociale. La CPAM envoie g\u00e9n\u00e9ralement des notifications pour rappeler les d\u00e9marches \u00e0 accomplir pour le renouvellement."},"7":{"question":"","answer":""},"8":{"question":"","answer":""},"9":{"question":"","answer":""},"10":{"question":"","answer":""},"11":{"question":"","answer":""},"12":{"question":"","answer":""},"13":{"question":"","answer":""},"14":{"question":"","answer":""},"15":{"question":"","answer":""},"16":{"question":"","answer":""}}},"_links":{"self":[{"href":"https:\/\/www.mes-allocs.fr\/guides\/wp-json\/wp\/v2\/posts\/80658","targetHints":{"allow":["GET"]}}],"collection":[{"href":"https:\/\/www.mes-allocs.fr\/guides\/wp-json\/wp\/v2\/posts"}],"about":[{"href":"https:\/\/www.mes-allocs.fr\/guides\/wp-json\/wp\/v2\/types\/post"}],"author":[{"embeddable":true,"href":"https:\/\/www.mes-allocs.fr\/guides\/wp-json\/wp\/v2\/users\/26"}],"replies":[{"embeddable":true,"href":"https:\/\/www.mes-allocs.fr\/guides\/wp-json\/wp\/v2\/comments?post=80658"}],"version-history":[{"count":8,"href":"https:\/\/www.mes-allocs.fr\/guides\/wp-json\/wp\/v2\/posts\/80658\/revisions"}],"predecessor-version":[{"id":94179,"href":"https:\/\/www.mes-allocs.fr\/guides\/wp-json\/wp\/v2\/posts\/80658\/revisions\/94179"}],"wp:featuredmedia":[{"embeddable":true,"href":"https:\/\/www.mes-allocs.fr\/guides\/wp-json\/wp\/v2\/media\/34841"}],"wp:attachment":[{"href":"https:\/\/www.mes-allocs.fr\/guides\/wp-json\/wp\/v2\/media?parent=80658"}],"wp:term":[{"taxonomy":"category","embeddable":true,"href":"https:\/\/www.mes-allocs.fr\/guides\/wp-json\/wp\/v2\/categories?post=80658"},{"taxonomy":"post_tag","embeddable":true,"href":"https:\/\/www.mes-allocs.fr\/guides\/wp-json\/wp\/v2\/tags?post=80658"}],"curies":[{"name":"wp","href":"https:\/\/api.w.org\/{rel}","templated":true}]}}