{"id":80652,"date":"2024-07-08T14:04:55","date_gmt":"2024-07-08T12:04:55","guid":{"rendered":"https:\/\/www.mes-allocs.fr\/guides\/?p=80652"},"modified":"2026-04-22T10:52:56","modified_gmt":"2026-04-22T09:52:56","slug":"invalidite-categorie-3","status":"publish","type":"post","link":"https:\/\/www.mes-allocs.fr\/guides\/pension-invalidite\/categorie-pension-invalidite\/invalidite-categorie-3\/","title":{"rendered":"Invalidit\u00e9 de cat\u00e9gorie 3 : d\u00e9finition, conditions et aides financi\u00e8res"},"content":{"rendered":"<p><img loading=\"lazy\" decoding=\"async\" class=\"alignnone wp-image-71102 size-full\" title=\"invalidit\u00e9 cat\u00e9gorie 3\" src=\"https:\/\/www.mes-allocs.fr\/guides\/wp-content\/uploads\/2023\/11\/pension-invalidite-categorie-1-e1700498845937.jpg\" alt=\"invalidit\u00e9 cat\u00e9gorie 3\" width=\"1280\" height=\"310\" srcset=\"https:\/\/www.mes-allocs.fr\/guides\/wp-content\/uploads\/2023\/11\/pension-invalidite-categorie-1-e1700498845937.jpg 1280w, https:\/\/www.mes-allocs.fr\/guides\/wp-content\/uploads\/2023\/11\/pension-invalidite-categorie-1-e1700498845937-300x73.jpg 300w, https:\/\/www.mes-allocs.fr\/guides\/wp-content\/uploads\/2023\/11\/pension-invalidite-categorie-1-e1700498845937-1024x248.jpg 1024w, https:\/\/www.mes-allocs.fr\/guides\/wp-content\/uploads\/2023\/11\/pension-invalidite-categorie-1-e1700498845937-768x186.jpg 768w, https:\/\/www.mes-allocs.fr\/guides\/wp-content\/uploads\/2023\/11\/pension-invalidite-categorie-1-e1700498845937-600x145.jpg 600w\" sizes=\"auto, (max-width: 1280px) 100vw, 1280px\" \/><\/p>\n<div class=\"flex flex-grow flex-col max-w-full\">\n<div class=\"min-h-[20px] text-message flex flex-col items-start whitespace-pre-wrap break-words [.text-message+&amp;]:mt-5 juice:w-full juice:items-end overflow-x-auto gap-2\" dir=\"auto\" data-message-author-role=\"assistant\" data-message-id=\"6ea15a52-7cc8-4c27-a487-8b720630fbb0\">\n<div class=\"flex w-full flex-col gap-1 juice:empty:hidden juice:first:pt-[3px]\">\n<div class=\"markdown prose w-full break-words dark:prose-invert dark\">\n<p><strong>L&rsquo;invalidit\u00e9 de cat\u00e9gorie 3 est un statut reconnu par le syst\u00e8me de s\u00e9curit\u00e9 sociale fran\u00e7ais, destin\u00e9 aux personnes dont l&rsquo;incapacit\u00e9 \u00e0 exercer une activit\u00e9 professionnelle est totale et permanente. Ce statut implique \u00e9galement la n\u00e9cessit\u00e9 d&rsquo;une assistance constante d&rsquo;une tierce personne pour accomplir les actes essentiels de la vie quotidienne. Les b\u00e9n\u00e9ficiaires de ce statut per\u00e7oivent une <a href=\"https:\/\/www.mes-allocs.fr\/guides\/pension-invalidite\/\">pension d&rsquo;invalidit\u00e9<\/a> de cat\u00e9gorie 3, assortie d&rsquo;une majoration pour tierce personne afin de compenser les frais li\u00e9s \u00e0 cette assistance.<\/strong><\/p>\n<div class='cta-block'><div class='text'>Simulez toutes vos Aides en 2 min.<\/div><a href='https:\/\/www.mes-allocs.fr\/ab-app?origin=guides\/wp-json\/wp\/v2\/posts\/80652' class='app-button fit'>Simulation gratuite<\/a><\/div>\n<div class=\"flex flex-grow flex-col max-w-full\">\n<div class=\"min-h-[20px] text-message flex flex-col items-start whitespace-pre-wrap break-words [.text-message+&amp;]:mt-5 juice:w-full juice:items-end overflow-x-auto gap-2\" dir=\"auto\" data-message-author-role=\"assistant\" data-message-id=\"de061af5-dd3b-4b0b-8e33-513677181075\">\n<div class=\"flex w-full flex-col gap-1 juice:empty:hidden juice:first:pt-[3px]\">\n<div class=\"markdown prose w-full break-words dark:prose-invert dark\">\n<h1>Qu\u2019est-ce que l\u2019invalidit\u00e9 de cat\u00e9gorie 3 et quelles sont ses sp\u00e9cificit\u00e9s ?<\/h1>\n<p>En France, il existe plusieurs <a href=\"https:\/\/www.mes-allocs.fr\/guides\/pension-invalidite\/categorie-pension-dinvalidite\/\">cat\u00e9gories de pension d&rsquo;invalidit\u00e9<\/a>, chacune correspondant \u00e0 un niveau d&rsquo;invalidit\u00e9 diff\u00e9rent.<\/p>\n<h2>Quelle est la d\u00e9finition pr\u00e9cise de l\u2019invalidit\u00e9 de cat\u00e9gorie 3 ?<\/h2>\n<p>L&rsquo;invalidit\u00e9 de cat\u00e9gorie 3 est un statut accord\u00e9 par la S\u00e9curit\u00e9 sociale fran\u00e7aise aux personnes dont l&rsquo;incapacit\u00e9 \u00e0 exercer une activit\u00e9 professionnelle est totale et permanente. Cette incapacit\u00e9 est si grave qu&rsquo;elle n\u00e9cessite l&rsquo;assistance constante d&rsquo;une tierce personne pour accomplir les actes essentiels de la vie quotidienne, tels que se nourrir, se laver, ou se d\u00e9placer.<\/p>\n<p>Les b\u00e9n\u00e9ficiaires de ce statut per\u00e7oivent une pension d&rsquo;invalidit\u00e9 de cat\u00e9gorie 3, qui vise \u00e0 compenser la perte de revenus due \u00e0 l&rsquo;incapacit\u00e9 de travailler. Cette pension est compl\u00e9t\u00e9e par une majoration pour tierce personne (MTP) destin\u00e9e \u00e0 couvrir les frais li\u00e9s \u00e0 l&rsquo;assistance n\u00e9cessaire pour les actes de la vie quotidienne.<\/p>\n<h2>En quoi l\u2019invalidit\u00e9 de cat\u00e9gorie 3 diff\u00e8re-t-elle des autres cat\u00e9gories d\u2019invalidit\u00e9 ?<\/h2>\n<p>L&rsquo;invalidit\u00e9 en France est class\u00e9e en trois cat\u00e9gories en fonction du degr\u00e9 d&rsquo;incapacit\u00e9 et des besoins de la personne :<\/p>\n<ol>\n<li><strong><a href=\"https:\/\/www.mes-allocs.fr\/guides\/pension-invalidite\/categorie-pension-invalidite\/invalidite-categorie-1\/\">Invalidit\u00e9 de cat\u00e9gorie 1<\/a> :<\/strong> l&rsquo;incapacit\u00e9 \u00e0 travailler est partielle. La personne peut encore exercer une activit\u00e9 professionnelle r\u00e9duite.<\/li>\n<li><strong><a href=\"https:\/\/www.mes-allocs.fr\/guides\/pension-invalidite\/categorie-pension-invalidite\/invalidite-categorie-2\/\">Invalidit\u00e9 de cat\u00e9gorie 2<\/a> :<\/strong> l&rsquo;incapacit\u00e9 \u00e0 travailler est totale. La personne est incapable d&rsquo;exercer une activit\u00e9 professionnelle r\u00e9mun\u00e9r\u00e9e.<\/li>\n<li><strong>Invalidit\u00e9 de cat\u00e9gorie 3 :<\/strong> l&rsquo;incapacit\u00e9 \u00e0 travailler est totale et permanente, et la personne a besoin de l&rsquo;assistance constante d&rsquo;une tierce personne pour effectuer les actes essentiels de la vie quotidienne.<\/li>\n<\/ol>\n<p>L&rsquo;invalidit\u00e9 de cat\u00e9gorie 3 se distingue donc par la gravit\u00e9 de l&rsquo;incapacit\u00e9, qui ne se limite pas \u00e0 l&rsquo;impossibilit\u00e9 de travailler, mais inclut \u00e9galement la n\u00e9cessit\u00e9 d&rsquo;une aide continue pour les t\u00e2ches de la vie quotidienne.<\/p>\n<h1>Quelles sont les conditions requises pour b\u00e9n\u00e9ficier de l\u2019invalidit\u00e9 de cat\u00e9gorie 3 ?<\/h1>\n<h2>La liste des maladies pour \u00eatre en invalidit\u00e9 de cat\u00e9gorie 3<\/h2>\n<p>Il n&rsquo;existe pas de liste sp\u00e9cifique de maladies qui m\u00e8nent directement \u00e0 la reconnaissance d&rsquo;une invalidit\u00e9 de cat\u00e9gorie 3. Toutefois, certaines affections graves et chroniques peuvent souvent aboutir \u00e0 cette classification, notamment :<\/p>\n<ul>\n<li>Les maladies neurod\u00e9g\u00e9n\u00e9ratives comme la scl\u00e9rose en plaques, la maladie de Parkinson ou la maladie d&rsquo;Alzheimer.<\/li>\n<li>Les <a href=\"https:\/\/horg.fr\/maladie-metastatique\/\">cancers m\u00e9tastatiques<\/a> ou \u00e0 un stade avanc\u00e9.<\/li>\n<li>Les affections cardiaques s\u00e9v\u00e8res.<\/li>\n<li>Les maladies psychiatriques s\u00e9v\u00e8res et invalidantes, telles que certaines formes de schizophr\u00e9nie ou de d\u00e9pression majeure.<\/li>\n<li>Les paralysies s\u00e9v\u00e8res r\u00e9sultant d&rsquo;accidents ou de maladies comme les accidents vasculaires c\u00e9r\u00e9braux (AVC).<\/li>\n<\/ul>\n<p>L&rsquo;\u00e9valuation est toujours effectu\u00e9e au cas par cas par un m\u00e9decin-conseil de la S\u00e9curit\u00e9 sociale, qui prend en compte l&rsquo;ensemble des \u00e9l\u00e9ments m\u00e9dicaux et des besoins de la personne.<\/p>\n<h2>Quels sont les crit\u00e8res m\u00e9dicaux d\u00e9terminant l\u2019invalidit\u00e9 de cat\u00e9gorie 3 ?<\/h2>\n<p>Les crit\u00e8res m\u00e9dicaux pour d\u00e9terminer l&rsquo;invalidit\u00e9 de cat\u00e9gorie 3 incluent :<\/p>\n<ol>\n<li><strong>Incapacit\u00e9 totale et permanente \u00e0 exercer une activit\u00e9 professionnelle :<\/strong> le demandeur doit \u00eatre dans l&rsquo;impossibilit\u00e9 totale et d\u00e9finitive d&rsquo;exercer toute activit\u00e9 professionnelle r\u00e9mun\u00e9r\u00e9e. Cette \u00e9valuation est bas\u00e9e sur les ant\u00e9c\u00e9dents m\u00e9dicaux, les rapports de sp\u00e9cialistes et les examens compl\u00e9mentaires.<\/li>\n<li><strong>N\u00e9cessit\u00e9 d&rsquo;une assistance constante :<\/strong> la personne doit n\u00e9cessiter l&rsquo;aide continue d&rsquo;une tierce personne pour accomplir les actes essentiels de la vie quotidienne, tels que se laver, s&rsquo;habiller, se nourrir, et se d\u00e9placer. Cette aide doit \u00eatre indispensable pour que la personne puisse maintenir un minimum d&rsquo;autonomie et de qualit\u00e9 de vie.<\/li>\n<li><strong>\u00c9valuation par un m\u00e9decin-conseil :<\/strong> la reconnaissance de l&rsquo;invalidit\u00e9 de cat\u00e9gorie 3 est effectu\u00e9e par un m\u00e9decin-conseil de la S\u00e9curit\u00e9 sociale, qui \u00e9value la gravit\u00e9 de l&rsquo;incapacit\u00e9 et les besoins d&rsquo;assistance sur la base des certificats m\u00e9dicaux et des rapports fournis par les professionnels de sant\u00e9 traitants.<\/li>\n<\/ol>\n<p>L&rsquo;ensemble de ces crit\u00e8res vise \u00e0 garantir que l&rsquo;invalidit\u00e9 de cat\u00e9gorie 3 est attribu\u00e9e \u00e0 ceux qui en ont r\u00e9ellement besoin, en prenant en compte non seulement l&rsquo;incapacit\u00e9 \u00e0 travailler, mais aussi les besoins quotidiens de la personne.<\/p>\n<div class='cta-block'><div class='text'>Simulez toutes vos Aides en 2 min.<\/div><a href='https:\/\/www.mes-allocs.fr\/ab-app?origin=guides\/wp-json\/wp\/v2\/posts\/80652' class='app-button fit'>Simulation gratuite<\/a><\/div>\n<\/div>\n<\/div>\n<\/div>\n<\/div>\n<\/div>\n<\/div>\n<\/div>\n<\/div>\n<h1>Quelles sont les d\u00e9marches administratives \u00e0 accomplir pour obtenir l\u2019invalidit\u00e9 de cat\u00e9gorie 3 ?<\/h1>\n<h2>La constitution du dossier<\/h2>\n<p>Pour obtenir la reconnaissance de l&rsquo;invalidit\u00e9 de cat\u00e9gorie 3, il est crucial de constituer un dossier complet et pr\u00e9cis. Voici les \u00e9tapes \u00e0 suivre :<\/p>\n<ol>\n<li><strong>Consultation m\u00e9dicale initiale :<\/strong> la d\u00e9marche commence g\u00e9n\u00e9ralement par une consultation avec le m\u00e9decin traitant, qui \u00e9valuera la situation m\u00e9dicale et jugera de la n\u00e9cessit\u00e9 de faire une demande d&rsquo;invalidit\u00e9.<\/li>\n<li><strong>Certificats et rapports m\u00e9dicaux :<\/strong> le m\u00e9decin traitant devra fournir un certificat m\u00e9dical d\u00e9taill\u00e9, accompagn\u00e9 de tous les rapports et r\u00e9sultats d&rsquo;examens pertinents, qui justifient l&rsquo;incapacit\u00e9 totale et permanente \u00e0 exercer une activit\u00e9 professionnelle ainsi que la n\u00e9cessit\u00e9 d&rsquo;une assistance constante.<\/li>\n<li><strong>Formulaire de demande :<\/strong> l&rsquo;assur\u00e9 doit compl\u00e9ter un formulaire de demande d&rsquo;invalidit\u00e9 (Cerfa n\u00b011174*05), disponible sur le site de l&rsquo;Assurance Maladie ou directement aupr\u00e8s de la Caisse Primaire d&rsquo;Assurance Maladie (CPAM).<\/li>\n<li><strong>Envoi du dossier :<\/strong> le dossier complet, comprenant le formulaire de demande et les certificats m\u00e9dicaux, doit \u00eatre envoy\u00e9 \u00e0 la CPAM de l&rsquo;assur\u00e9. Il est recommand\u00e9 de conserver une copie de tous les documents envoy\u00e9s.<\/li>\n<\/ol>\n<h2>L&rsquo;\u00e9valuation par la CPAM et la d\u00e9cision<\/h2>\n<p>Apr\u00e8s la r\u00e9ception du dossier, la CPAM proc\u00e8de \u00e0 l&rsquo;\u00e9valuation de la demande :<\/p>\n<ol>\n<li><strong>Examen par le m\u00e9decin-conseil :<\/strong> un m\u00e9decin-conseil de la S\u00e9curit\u00e9 sociale examine le dossier et peut demander des informations compl\u00e9mentaires ou convoquer l&rsquo;assur\u00e9 pour un examen m\u00e9dical.<\/li>\n<li><strong>D\u00e9termination du degr\u00e9 d&rsquo;invalidit\u00e9 :<\/strong> le m\u00e9decin-conseil \u00e9value la gravit\u00e9 de l&rsquo;incapacit\u00e9 et d\u00e9termine si les crit\u00e8res pour la cat\u00e9gorie 3 sont remplis. Cette \u00e9valuation porte sur l&rsquo;incapacit\u00e9 totale et permanente de travailler ainsi que sur le besoin d&rsquo;assistance pour les actes de la vie quotidienne.<\/li>\n<li><strong>Notification de la d\u00e9cision :<\/strong> une fois l&rsquo;\u00e9valuation termin\u00e9e, la CPAM notifie sa d\u00e9cision \u00e0 l&rsquo;assur\u00e9 par courrier. Si la demande est accept\u00e9e, le courrier pr\u00e9cisera la cat\u00e9gorie d&rsquo;invalidit\u00e9 attribu\u00e9e et les modalit\u00e9s de versement de la pension. En cas de refus, les motifs sont expliqu\u00e9s et l&rsquo;assur\u00e9 peut faire appel de la d\u00e9cision.<\/li>\n<\/ol>\n<p><iframe loading=\"lazy\" title=\"La pension d&#039;invalidit\u00e9\" width=\"500\" height=\"281\" src=\"https:\/\/www.youtube.com\/embed\/_UJaa1UDtZs?feature=oembed\" frameborder=\"0\" allow=\"accelerometer; autoplay; clipboard-write; encrypted-media; gyroscope; picture-in-picture; web-share\" referrerpolicy=\"strict-origin-when-cross-origin\" allowfullscreen><\/iframe><\/p>\n<h1>Quel est le montant de la pension d\u2019invalidit\u00e9 de cat\u00e9gorie 3 ?<\/h1>\n<h2>Calcul de la pension d&rsquo;invalidit\u00e9<\/h2>\n<p>Le montant de la pension d&rsquo;invalidit\u00e9 de cat\u00e9gorie 3 est calcul\u00e9 en fonction du salaire de r\u00e9f\u00e9rence de l&rsquo;assur\u00e9 et de sa situation familiale. Voici les principaux \u00e9l\u00e9ments pris en compte :<\/p>\n<ol>\n<li><strong>Salaire de r\u00e9f\u00e9rence :<\/strong> la pension est bas\u00e9e sur le salaire annuel moyen des dix meilleures ann\u00e9es de revenus de l&rsquo;assur\u00e9. Le salaire de r\u00e9f\u00e9rence sert de base pour le calcul du montant de la pension.<\/li>\n<li><strong>Taux de pension :<\/strong> pour la cat\u00e9gorie 3, la pension est \u00e9gale \u00e0 50% du salaire de r\u00e9f\u00e9rence, avec une majoration sp\u00e9cifique pour tierce personne (MTP), qui s&rsquo;ajoute au montant de base pour compenser les frais li\u00e9s \u00e0 l&rsquo;assistance n\u00e9cessaire.<\/li>\n<li><strong>Plafonds et planchers :<\/strong> la pension d&rsquo;invalidit\u00e9 est soumise \u00e0 des plafonds et planchers, r\u00e9guli\u00e8rement r\u00e9vis\u00e9s. En 2025, le montant maximal de la pension de cat\u00e9gorie 3 est d&rsquo;environ 3 925 euros par mois, sans compter la majoration pour tierce personne.<\/li>\n<\/ol>\n<h2>Majoration pour tierce personne (MTP)<\/h2>\n<p>Les b\u00e9n\u00e9ficiaires de l&rsquo;invalidit\u00e9 de cat\u00e9gorie 3 re\u00e7oivent une majoration pour tierce personne, destin\u00e9e \u00e0 couvrir les frais d&rsquo;assistance. Voici les d\u00e9tails de cette majoration :<\/p>\n<ol>\n<li><strong>Montant de la MTP :<\/strong>\u00a0 le montant de la MTP est de <b>1 266,60 \u20ac par mois<\/b>. Cette somme est vers\u00e9e en suppl\u00e9ment de la pension d&rsquo;invalidit\u00e9 de base et vise \u00e0 compenser les d\u00e9penses li\u00e9es \u00e0 l&rsquo;aide apport\u00e9e par une tierce personne.<\/li>\n<li><strong>Conditions de versement : <\/strong>la MTP est accord\u00e9e automatiquement aux assur\u00e9s reconnus en cat\u00e9gorie 3, sous r\u00e9serve que leur besoin d&rsquo;assistance constante soit confirm\u00e9 par le m\u00e9decin-conseil. Elle peut \u00eatre utilis\u00e9e pour r\u00e9mun\u00e9rer un aidant familial ou pour payer des services d&rsquo;aide \u00e0 domicile.<\/li>\n<\/ol>\n<p>Ces \u00e9l\u00e9ments permettent de garantir que les personnes en invalidit\u00e9 de cat\u00e9gorie 3 disposent d&rsquo;un soutien financier adapt\u00e9 \u00e0 leur situation, leur permettant ainsi de maintenir un niveau de vie d\u00e9cent malgr\u00e9 leur incapacit\u00e9 \u00e0 travailler.<\/p>\n<h1>Quelles sont les aides financi\u00e8res et les droits associ\u00e9s \u00e0 l\u2019invalidit\u00e9 de cat\u00e9gorie 3 ?<\/h1>\n<h2>Quelles sont les prestations sociales disponibles pour les b\u00e9n\u00e9ficiaires de l\u2019invalidit\u00e9 cat\u00e9gorie 3 ?<\/h2>\n<h3>Pension d&rsquo;invalidit\u00e9 de cat\u00e9gorie 3<\/h3>\n<p>Les personnes reconnues en invalidit\u00e9 de cat\u00e9gorie 3 re\u00e7oivent une pension calcul\u00e9e \u00e0 50% de leur salaire de r\u00e9f\u00e9rence. En 2025, le montant maximal est d&rsquo;environ <strong>1 932,00 euros par mois<\/strong>. Cette pension inclut une majoration pour tierce personne (MTP) de <strong>1 266,00 euros par mois<\/strong> pour couvrir les frais d&rsquo;assistance.<\/p>\n<h3>Allocation aux adultes handicap\u00e9s (AAH)<\/h3>\n<p>L&rsquo;AAH est vers\u00e9e aux personnes handicap\u00e9es ayant des ressources limit\u00e9es, pouvant atteindre <b>1 035,53\u00a0<\/b>euros par mois en 2025. Elle est cumulable avec la pension d&rsquo;invalidit\u00e9 sous certaines conditions de ressources.<\/p>\n<h3>Allocation suppl\u00e9mentaire d&rsquo;invalidit\u00e9 (ASI)<\/h3>\n<p>L&rsquo;ASI est destin\u00e9e aux personnes invalides \u00e0 faibles revenus. En 2025, elle peut atteindre environ 914,85\u00a0\u20ac euros par mois pour une personne seule, en compl\u00e9ment de la pension d&rsquo;invalidit\u00e9, sous r\u00e9serve de ne pas d\u00e9passer les plafonds de ressources.<\/p>\n<h3>Prestations compl\u00e9mentaires (PC)<\/h3>\n<p>Des aides suppl\u00e9mentaires peuvent \u00eatre accord\u00e9es par la MDPH ou les services sociaux d\u00e9partementaux pour couvrir des besoins sp\u00e9cifiques comme l&rsquo;am\u00e9nagement du logement ou le mat\u00e9riel sp\u00e9cialis\u00e9.<\/p>\n<h2>Quels sont les autres avantages et soutiens disponibles pour les personnes en invalidit\u00e9 cat\u00e9gorie 3 ?<\/h2>\n<h3><strong>Aides \u00e0 domicile<\/strong><\/h3>\n<p>Les services d&rsquo;aide \u00e0 domicile, partiellement financ\u00e9s par les collectivit\u00e9s locales ou des organismes sociaux, incluent l&rsquo;aide m\u00e9nag\u00e8re, les soins personnels et l&rsquo;accompagnement pour les courses et d\u00e9marches administratives.<\/p>\n<h3><strong>R\u00e9ductions et exemptions fiscales<\/strong><\/h3>\n<p>Les personnes en invalidit\u00e9 de cat\u00e9gorie 3 b\u00e9n\u00e9ficient de r\u00e9ductions fiscales telles qu&rsquo;une demi-part suppl\u00e9mentaire pour l&rsquo;imp\u00f4t sur le revenu et des exon\u00e9rations sur la taxe d&rsquo;habitation et la taxe fonci\u00e8re.<\/p>\n<h3><strong>Aides pour l&rsquo;am\u00e9nagement du logement<\/strong><\/h3>\n<p>Des subventions peuvent \u00eatre accord\u00e9es pour adapter le logement aux besoins sp\u00e9cifiques, comme l&rsquo;installation de rampes d&rsquo;acc\u00e8s, de monte-escaliers, de barres de soutien, ou de salles de bains adapt\u00e9es. Ces aides peuvent provenir de la MDPH, des caisses de retraite, ou des collectivit\u00e9s locales.<\/p>\n<h3><strong>Soutien psychologique et social<\/strong><\/h3>\n<p>Les services de soutien psychologique et social incluent des consultations avec des psychologues, des groupes de parole, et des associations de soutien aux personnes handicap\u00e9es pour aider \u00e0 faire face aux d\u00e9fis \u00e9motionnels et sociaux li\u00e9s \u00e0 l&rsquo;invalidit\u00e9.<\/p>\n<div class='cta-block'><div class='text'>Simulez toutes vos Aides en 2 min.<\/div><a href='https:\/\/www.mes-allocs.fr\/ab-app?origin=guides\/wp-json\/wp\/v2\/posts\/80652' class='app-button fit'>Simulation gratuite<\/a><\/div>\n","protected":false},"excerpt":{"rendered":"<p>L&rsquo;invalidit\u00e9 de cat\u00e9gorie 3 est un statut reconnu par le syst\u00e8me de s\u00e9curit\u00e9 sociale fran\u00e7ais, destin\u00e9 aux personnes dont l&rsquo;incapacit\u00e9 \u00e0 exercer une activit\u00e9 professionnelle est totale et permanente. Ce statut implique \u00e9galement la n\u00e9cessit\u00e9 d&rsquo;une assistance constante d&rsquo;une tierce personne pour accomplir les actes essentiels de la vie quotidienne. Les b\u00e9n\u00e9ficiaires de ce statut [&hellip;]<\/p>\n","protected":false},"author":26,"featured_media":105247,"comment_status":"open","ping_status":"open","sticky":false,"template":"","format":"standard","meta":{"amp_status":"","footnotes":""},"categories":[35897,35633],"tags":[],"class_list":["post-80652","post","type-post","status-publish","format-standard","has-post-thumbnail","hentry","category-categorie-pension-invalidite","category-pension-invalidite"],"yoast_head":"<!-- This site is optimized with the Yoast SEO plugin v14.9 - https:\/\/yoast.com\/wordpress\/plugins\/seo\/ -->\n<title>Invalidit\u00e9 de cat\u00e9gorie 3 : d\u00e9finition, conditions et aides financi\u00e8res<\/title>\n<meta name=\"description\" content=\"L&#039;invalidit\u00e9 de cat\u00e9gorie 3 est un statut reconnu par le syst\u00e8me de s\u00e9curit\u00e9 sociale fran\u00e7ais. Mes Allocs vous en dit plus.\" \/>\n<meta name=\"robots\" content=\"index, follow, max-snippet:-1, max-image-preview:large, max-video-preview:-1\" \/>\n<link rel=\"canonical\" href=\"https:\/\/www.mes-allocs.fr\/guides\/pension-invalidite\/categorie-pension-invalidite\/invalidite-categorie-3\/\" \/>\n<meta property=\"og:locale\" content=\"fr_FR\" \/>\n<meta property=\"og:type\" content=\"article\" \/>\n<meta property=\"og:title\" content=\"Invalidit\u00e9 de cat\u00e9gorie 3 : d\u00e9finition, conditions et aides financi\u00e8res\" \/>\n<meta property=\"og:description\" content=\"L&#039;invalidit\u00e9 de cat\u00e9gorie 3 est un statut reconnu par le syst\u00e8me de s\u00e9curit\u00e9 sociale fran\u00e7ais. Mes Allocs vous en dit plus.\" \/>\n<meta property=\"og:url\" content=\"https:\/\/www.mes-allocs.fr\/guides\/pension-invalidite\/categorie-pension-invalidite\/invalidite-categorie-3\/\" \/>\n<meta property=\"og:site_name\" content=\"Mes-Allocs.fr\" \/>\n<meta property=\"article:published_time\" content=\"2024-07-08T12:04:55+00:00\" \/>\n<meta property=\"article:modified_time\" content=\"2026-04-22T09:52:56+00:00\" \/>\n<meta property=\"og:image\" content=\"https:\/\/www.mes-allocs.fr\/guides\/wp-content\/uploads\/2024\/07\/invalidite-categorie-3.jpg?wsr\" \/>\n\t<meta property=\"og:image:width\" content=\"1920\" \/>\n\t<meta property=\"og:image:height\" content=\"1013\" \/>\n<meta name=\"twitter:card\" content=\"summary_large_image\" \/>\n<script type=\"application\/ld+json\" class=\"yoast-schema-graph\">{\"@context\":\"https:\/\/schema.org\",\"@graph\":[{\"@type\":\"WebSite\",\"@id\":\"https:\/\/www.mes-allocs.fr\/guides\/#website\",\"url\":\"https:\/\/www.mes-allocs.fr\/guides\/\",\"name\":\"Mes-Allocs.fr\",\"description\":\"\",\"potentialAction\":[{\"@type\":\"SearchAction\",\"target\":\"https:\/\/www.mes-allocs.fr\/guides\/?s={search_term_string}\",\"query-input\":\"required name=search_term_string\"}],\"inLanguage\":\"fr-FR\"},{\"@type\":\"ImageObject\",\"@id\":\"https:\/\/www.mes-allocs.fr\/guides\/pension-invalidite\/categorie-pension-invalidite\/invalidite-categorie-3\/#primaryimage\",\"inLanguage\":\"fr-FR\",\"url\":\"https:\/\/www.mes-allocs.fr\/guides\/wp-content\/uploads\/2024\/07\/invalidite-categorie-3.jpg?wsr\",\"width\":1920,\"height\":1013,\"caption\":\"invalidite categorie\"},{\"@type\":\"WebPage\",\"@id\":\"https:\/\/www.mes-allocs.fr\/guides\/pension-invalidite\/categorie-pension-invalidite\/invalidite-categorie-3\/#webpage\",\"url\":\"https:\/\/www.mes-allocs.fr\/guides\/pension-invalidite\/categorie-pension-invalidite\/invalidite-categorie-3\/\",\"name\":\"Invalidit\\u00e9 de cat\\u00e9gorie 3 : d\\u00e9finition, conditions et aides financi\\u00e8res\",\"isPartOf\":{\"@id\":\"https:\/\/www.mes-allocs.fr\/guides\/#website\"},\"primaryImageOfPage\":{\"@id\":\"https:\/\/www.mes-allocs.fr\/guides\/pension-invalidite\/categorie-pension-invalidite\/invalidite-categorie-3\/#primaryimage\"},\"datePublished\":\"2024-07-08T12:04:55+00:00\",\"dateModified\":\"2026-04-22T09:52:56+00:00\",\"author\":{\"@id\":\"https:\/\/www.mes-allocs.fr\/guides\/#\/schema\/person\/9c38f3be41a0ddcd1e3fde5a3df713bf\"},\"description\":\"L'invalidit\\u00e9 de cat\\u00e9gorie 3 est un statut reconnu par le syst\\u00e8me de s\\u00e9curit\\u00e9 sociale fran\\u00e7ais. Mes Allocs vous en dit plus.\",\"inLanguage\":\"fr-FR\"},{\"@type\":\"Person\",\"@id\":\"https:\/\/www.mes-allocs.fr\/guides\/#\/schema\/person\/9c38f3be41a0ddcd1e3fde5a3df713bf\",\"name\":\"Sessime Ananou\",\"image\":{\"@type\":\"ImageObject\",\"@id\":\"https:\/\/www.mes-allocs.fr\/guides\/#personlogo\",\"inLanguage\":\"fr-FR\",\"url\":\"https:\/\/www.mes-allocs.fr\/guides\/wp-content\/uploads\/2023\/08\/IMG_8173-150x150.jpg\",\"caption\":\"Sessime Ananou\"},\"description\":\"Sessime est r\\u00e9dactrice chez Mes Allocs, sp\\u00e9cialis\\u00e9e sur le pouvoir d'achat. Elle rejoint l'\\u00e9quipe Mes Allocs en ao\\u00fbt 2023 afin de simplifier l'acc\\u00e8s \\u00e0 l'information sur les aides en g\\u00e9n\\u00e9ral.\"}]}<\/script>\n<!-- \/ Yoast SEO plugin. -->","amp_validity":null,"acf":{"faq":{"1":{"question":"Qu'est-ce que l'invalidit\u00e9 de cat\u00e9gorie 3 ?","answer":"L'invalidit\u00e9 de cat\u00e9gorie 3 est attribu\u00e9e aux personnes reconnues comme totalement et d\u00e9finitivement incapables d'exercer une activit\u00e9 professionnelle. Ces personnes n\u00e9cessitent \u00e9galement l'aide constante d'une tierce personne pour accomplir les actes ordinaires de la vie courante."},"2":{"question":"Quelles aides financi\u00e8res sont disponibles pour les personnes en invalidit\u00e9 de cat\u00e9gorie 3 ?","answer":"Les personnes en invalidit\u00e9 de cat\u00e9gorie 3 peuvent b\u00e9n\u00e9ficier de plusieurs aides financi\u00e8res, notamment la pension d'invalidit\u00e9 de cat\u00e9gorie 3, l'Allocation suppl\u00e9mentaire d'invalidit\u00e9 (ASI) et la majoration pour tierce personne (MTP). D'autres aides, telles que l'Allocation aux adultes handicap\u00e9s (AAH) et des aides sp\u00e9cifiques de la Maison d\u00e9partementale des personnes handicap\u00e9es (MDPH), peuvent \u00e9galement \u00eatre disponibles."},"3":{"question":"Quel est le montant de la pension d'invalidit\u00e9 de cat\u00e9gorie 3 ?","answer":"Le montant de la pension d'invalidit\u00e9 de cat\u00e9gorie 3 varie en fonction du salaire de r\u00e9f\u00e9rence de l'assur\u00e9 et de sa situation familiale. En plus de la pension de base, les b\u00e9n\u00e9ficiaires re\u00e7oivent une majoration pour tierce personne (MTP), destin\u00e9e \u00e0 compenser les frais li\u00e9s \u00e0 l'assistance n\u00e9cessaire. Le montant pr\u00e9cis est calcul\u00e9 par la CPAM."},"4":{"question":"Quelles sont les conditions pour \u00eatre reconnu en invalidit\u00e9 de cat\u00e9gorie 3 ?","answer":"Pour \u00eatre reconnu en invalidit\u00e9 de cat\u00e9gorie 3, il faut r\u00e9pondre \u00e0 plusieurs crit\u00e8res : \u00eatre assur\u00e9 social, avoir une incapacit\u00e9 totale et permanente \u00e0 exercer une activit\u00e9 professionnelle, et n\u00e9cessiter l'assistance d'une tierce personne pour les actes de la vie quotidienne. Une \u00e9valuation m\u00e9dicale par un m\u00e9decin-conseil de la S\u00e9curit\u00e9 sociale est n\u00e9cessaire pour confirmer ce statut."},"5":{"question":"Comment faire une demande d'invalidit\u00e9 de cat\u00e9gorie 3 ?","answer":"La demande d'invalidit\u00e9 de cat\u00e9gorie 3 peut \u00eatre initi\u00e9e par le m\u00e9decin traitant ou par l'assur\u00e9 lui-m\u00eame. Le dossier doit \u00eatre adress\u00e9 \u00e0 la Caisse primaire d'assurance maladie (CPAM) et comprend des certificats m\u00e9dicaux, des justificatifs administratifs et une \u00e9valuation par un m\u00e9decin-conseil de la S\u00e9curit\u00e9 sociale."},"6":{"question":"Quel est le montant de la pension d'invalidit\u00e9 de cat\u00e9gorie 3 ?","answer":"Le montant de la pension d'invalidit\u00e9 de cat\u00e9gorie 3 varie en fonction du salaire de r\u00e9f\u00e9rence de l'assur\u00e9 et de sa situation familiale. En plus de la pension de base, les b\u00e9n\u00e9ficiaires re\u00e7oivent une majoration pour tierce personne (MTP), destin\u00e9e \u00e0 compenser les frais li\u00e9s \u00e0 l'assistance n\u00e9cessaire. Le montant pr\u00e9cis est calcul\u00e9 par la CPAM."},"7":{"question":"Peut-on cumuler la pension d'invalidit\u00e9 de cat\u00e9gorie 3 avec d'autres revenus ?","answer":"Oui, la pension d'invalidit\u00e9 de cat\u00e9gorie 3 peut \u00eatre cumul\u00e9e avec certains autres revenus, comme les allocations de solidarit\u00e9 et les aides sp\u00e9cifiques aux personnes handicap\u00e9es. Cependant, des plafonds de ressources peuvent s'appliquer et influencer le montant des aides per\u00e7ues. Il est recommand\u00e9 de se renseigner aupr\u00e8s de la CPAM ou de la MDPH pour obtenir des informations pr\u00e9cises sur les cumuls possibles."},"8":{"question":"","answer":""},"9":{"question":"","answer":""},"10":{"question":"","answer":""},"11":{"question":"","answer":""},"12":{"question":"","answer":""},"13":{"question":"","answer":""},"14":{"question":"","answer":""},"15":{"question":"","answer":""},"16":{"question":"","answer":""}}},"_links":{"self":[{"href":"https:\/\/www.mes-allocs.fr\/guides\/wp-json\/wp\/v2\/posts\/80652","targetHints":{"allow":["GET"]}}],"collection":[{"href":"https:\/\/www.mes-allocs.fr\/guides\/wp-json\/wp\/v2\/posts"}],"about":[{"href":"https:\/\/www.mes-allocs.fr\/guides\/wp-json\/wp\/v2\/types\/post"}],"author":[{"embeddable":true,"href":"https:\/\/www.mes-allocs.fr\/guides\/wp-json\/wp\/v2\/users\/26"}],"replies":[{"embeddable":true,"href":"https:\/\/www.mes-allocs.fr\/guides\/wp-json\/wp\/v2\/comments?post=80652"}],"version-history":[{"count":10,"href":"https:\/\/www.mes-allocs.fr\/guides\/wp-json\/wp\/v2\/posts\/80652\/revisions"}],"predecessor-version":[{"id":103782,"href":"https:\/\/www.mes-allocs.fr\/guides\/wp-json\/wp\/v2\/posts\/80652\/revisions\/103782"}],"wp:featuredmedia":[{"embeddable":true,"href":"https:\/\/www.mes-allocs.fr\/guides\/wp-json\/wp\/v2\/media\/105247"}],"wp:attachment":[{"href":"https:\/\/www.mes-allocs.fr\/guides\/wp-json\/wp\/v2\/media?parent=80652"}],"wp:term":[{"taxonomy":"category","embeddable":true,"href":"https:\/\/www.mes-allocs.fr\/guides\/wp-json\/wp\/v2\/categories?post=80652"},{"taxonomy":"post_tag","embeddable":true,"href":"https:\/\/www.mes-allocs.fr\/guides\/wp-json\/wp\/v2\/tags?post=80652"}],"curies":[{"name":"wp","href":"https:\/\/api.w.org\/{rel}","templated":true}]}}