{"id":80615,"date":"2024-06-27T17:11:27","date_gmt":"2024-06-27T15:11:27","guid":{"rendered":"https:\/\/www.mes-allocs.fr\/guides\/?p=80615"},"modified":"2026-04-22T10:52:57","modified_gmt":"2026-04-22T09:52:57","slug":"pension-invalidite-conditions","status":"publish","type":"post","link":"https:\/\/www.mes-allocs.fr\/guides\/pension-invalidite\/pension-invalidite-conditions\/","title":{"rendered":"Quelles sont les conditions d\u2019obtention d\u2019une pension d\u2019invalidit\u00e9 ?"},"content":{"rendered":"<p><img loading=\"lazy\" decoding=\"async\" class=\"alignnone wp-image-71102 size-full\" title=\"pension invalidit\u00e9 conditions\" src=\"https:\/\/www.mes-allocs.fr\/guides\/wp-content\/uploads\/2023\/11\/pension-invalidite-categorie-1-e1700498845937.jpg\" alt=\"pension invalidit\u00e9 conditions\" width=\"1280\" height=\"310\" srcset=\"https:\/\/www.mes-allocs.fr\/guides\/wp-content\/uploads\/2023\/11\/pension-invalidite-categorie-1-e1700498845937.jpg 1280w, https:\/\/www.mes-allocs.fr\/guides\/wp-content\/uploads\/2023\/11\/pension-invalidite-categorie-1-e1700498845937-300x73.jpg 300w, https:\/\/www.mes-allocs.fr\/guides\/wp-content\/uploads\/2023\/11\/pension-invalidite-categorie-1-e1700498845937-1024x248.jpg 1024w, https:\/\/www.mes-allocs.fr\/guides\/wp-content\/uploads\/2023\/11\/pension-invalidite-categorie-1-e1700498845937-768x186.jpg 768w, https:\/\/www.mes-allocs.fr\/guides\/wp-content\/uploads\/2023\/11\/pension-invalidite-categorie-1-e1700498845937-600x145.jpg 600w\" sizes=\"auto, (max-width: 1280px) 100vw, 1280px\" \/><\/p>\n<p><strong>L&rsquo;obtention d&rsquo;une <a href=\"https:\/\/www.mes-allocs.fr\/guides\/pension-invalidite\/\">pension d&rsquo;invalidit\u00e9<\/a> est une d\u00e9marche importante pour les personnes dont la capacit\u00e9 de travail est r\u00e9duite en raison d&rsquo;une maladie ou d&rsquo;un accident. En France, cette prestation est destin\u00e9e \u00e0 compenser la perte de revenus due \u00e0 l&rsquo;incapacit\u00e9 partielle ou totale d&rsquo;exercer une activit\u00e9 professionnelle. Cependant, pour en b\u00e9n\u00e9ficier, il est n\u00e9cessaire de remplir plusieurs conditions, tant m\u00e9dicales qu&rsquo;administratives. Cet article explore les conditions de la pension d&rsquo;invalidit\u00e9, les diff\u00e9rentes cat\u00e9gories existantes, et les d\u00e9marches \u00e0 suivre pour faire une demande.<\/strong><\/p>\n<div class='cta-block'><div class='text'>Simulez toutes vos Aides en 2 min.<\/div><a href='https:\/\/www.mes-allocs.fr\/ab-app?origin=guides\/wp-json\/wp\/v2\/posts\/80615' class='app-button fit'>Simulation gratuite<\/a><\/div>\n<h1>Introduction \u00e0 la pension d\u2019invalidit\u00e9<\/h1>\n<h2>D\u00e9finition de la pension d\u2019invalidit\u00e9<\/h2>\n<p>La pension d&rsquo;invalidit\u00e9 est une prestation vers\u00e9e par la S\u00e9curit\u00e9 sociale aux personnes dont la capacit\u00e9 de travail est r\u00e9duite en raison d\u2019une maladie ou d\u2019un accident non professionnel. Elle vise \u00e0 compenser la perte de revenus li\u00e9e \u00e0 l\u2019incapacit\u00e9 partielle ou totale d\u2019exercer une activit\u00e9 professionnelle. Cette aide financi\u00e8re est destin\u00e9e \u00e0 ceux qui ne peuvent plus subvenir enti\u00e8rement \u00e0 leurs besoins en raison de leur \u00e9tat de sant\u00e9.<\/p>\n<h2>Objectifs de la pension d\u2019invalidit\u00e9<\/h2>\n<p>Les principaux objectifs de la pension d&rsquo;invalidit\u00e9 sont de fournir un soutien financier aux personnes incapables de travailler et de les aider \u00e0 maintenir une qualit\u00e9 de vie d\u00e9cente malgr\u00e9 leur incapacit\u00e9. Elle permet aussi de faciliter la r\u00e9insertion professionnelle lorsque cela est possible, en offrant une certaine stabilit\u00e9 financi\u00e8re pendant la p\u00e9riode d&rsquo;invalidit\u00e9.<\/p>\n<h1>Conditions d&rsquo;attribution de la pension d&rsquo;invalidit\u00e9 : les crit\u00e8res m\u00e9dicaux<\/h1>\n<h2>\u00c9valuation de l\u2019\u00e9tat de sant\u00e9<\/h2>\n<p>Pour b\u00e9n\u00e9ficier d&rsquo;une pension d&rsquo;invalidit\u00e9, il est n\u00e9cessaire de subir une \u00e9valuation m\u00e9dicale rigoureuse. Cette \u00e9valuation est effectu\u00e9e par un m\u00e9decin-conseil de la S\u00e9curit\u00e9 sociale qui examine l\u2019\u00e9tat de sant\u00e9 du demandeur. Le m\u00e9decin analyse la nature de l\u2019incapacit\u00e9, son impact sur la capacit\u00e9 de travail et d\u00e9termine si l\u2019\u00e9tat de sant\u00e9 du demandeur r\u00e9pond aux crit\u00e8res d\u00e9finis par la r\u00e9glementation en vigueur.<\/p>\n<h2>Taux d\u2019incapacit\u00e9 requis<\/h2>\n<p>L\u2019attribution de la pension d\u2019invalidit\u00e9 d\u00e9pend du taux d\u2019incapacit\u00e9. En France, pour \u00eatre \u00e9ligible \u00e0 une pension d&rsquo;invalidit\u00e9, le taux d\u2019incapacit\u00e9 de travail doit \u00eatre au moins \u00e9gal \u00e0 66,66 % (deux tiers). Ce taux est calcul\u00e9 en fonction de la r\u00e9duction de la capacit\u00e9 de travail et de gain. Il existe trois <a href=\"https:\/\/www.mes-allocs.fr\/guides\/pension-invalidite\/categorie-pension-dinvalidite\/\">cat\u00e9gories de pension d\u2019invalidit\u00e9<\/a>, chacune correspondant \u00e0 un degr\u00e9 diff\u00e9rent d\u2019incapacit\u00e9 :<\/p>\n<ul>\n<li><strong>1\u00e8re cat\u00e9gorie<\/strong> : invalides capables d\u2019exercer une activit\u00e9 professionnelle r\u00e9mun\u00e9r\u00e9e, avec une r\u00e9duction des capacit\u00e9s de travail d&rsquo;au moins 66,66 %.<\/li>\n<li><strong>2\u00e8me cat\u00e9gorie<\/strong> : invalides absolument incapables d\u2019exercer une activit\u00e9 professionnelle.<\/li>\n<li><strong>3\u00e8me cat\u00e9gorie<\/strong> : invalides absolument incapables d\u2019exercer une activit\u00e9 professionnelle et ayant besoin de l\u2019assistance d\u2019une tierce personne pour effectuer les actes ordinaires de la vie.<\/li>\n<\/ul>\n<p>Ces cat\u00e9gories d\u00e9terminent le montant de la pension et les droits associ\u00e9s, tels que l\u2019aide pour l\u2019assistance d\u2019une tierce personne dans le cas de la 3\u00e8me cat\u00e9gorie.<\/p>\n<div class='cta-block'><div class='text'>Simulez toutes vos Aides en 2 min.<\/div><a href='https:\/\/www.mes-allocs.fr\/ab-app?origin=guides\/wp-json\/wp\/v2\/posts\/80615' class='app-button fit'>Simulation gratuite<\/a><\/div>\n<h1>Conditions d&rsquo;attribution de la pension d&rsquo;invalidit\u00e9 : les crit\u00e8res administratifs<\/h1>\n<h2>Conditions de cotisation \u00e0 la s\u00e9curit\u00e9 sociale<\/h2>\n<p>Pour \u00eatre \u00e9ligible \u00e0 la pension d&rsquo;invalidit\u00e9, il est essentiel de r\u00e9pondre \u00e0 certaines conditions de cotisation \u00e0 la S\u00e9curit\u00e9 sociale. Le demandeur doit avoir cotis\u00e9 suffisamment au cours de sa carri\u00e8re professionnelle. G\u00e9n\u00e9ralement, il est requis d\u2019avoir travaill\u00e9 un certain nombre d\u2019heures ou d\u2019avoir cotis\u00e9 un montant minimum sur une p\u00e9riode donn\u00e9e. Par exemple, en France, il faut avoir travaill\u00e9 au moins 600 heures au cours des 12 mois pr\u00e9c\u00e9dant l\u2019arr\u00eat de travail ou l\u2019invalidit\u00e9, ou avoir cotis\u00e9 sur un salaire au moins \u00e9gal \u00e0 2030 fois le SMIC horaire sur la m\u00eame p\u00e9riode.<\/p>\n<h2>\u00c2ge et statut professionnel<\/h2>\n<p>L&rsquo;\u00e2ge et le statut professionnel du demandeur sont \u00e9galement des crit\u00e8res importants. En g\u00e9n\u00e9ral, la pension d&rsquo;invalidit\u00e9 est destin\u00e9e aux personnes en \u00e2ge de travailler et non encore retrait\u00e9es. Il faut avoir moins de 62 ans, \u00e2ge auquel la pension d\u2019invalidit\u00e9 est automatiquement convertie en pension de vieillesse pour inaptitude au travail. De plus, il est n\u00e9cessaire d&rsquo;\u00eatre affili\u00e9 \u00e0 un r\u00e9gime de s\u00e9curit\u00e9 sociale en tant que salari\u00e9, ind\u00e9pendant, ou autre statut couvert par la S\u00e9curit\u00e9 sociale.<\/p>\n<p><iframe loading=\"lazy\" title=\"La pension d&#039;invalidit\u00e9\" width=\"500\" height=\"281\" src=\"https:\/\/www.youtube.com\/embed\/_UJaa1UDtZs?feature=oembed\" frameborder=\"0\" allow=\"accelerometer; autoplay; clipboard-write; encrypted-media; gyroscope; picture-in-picture; web-share\" referrerpolicy=\"strict-origin-when-cross-origin\" allowfullscreen><\/iframe><\/p>\n<h1>Les conditions sp\u00e9cifiques pour les ind\u00e9pendants et artistes<\/h1>\n<p>Les travailleurs ind\u00e9pendants et les artistes\/auteurs b\u00e9n\u00e9ficient de conditions sp\u00e9cifiques pour l\u2019attribution de la pension d\u2019invalidit\u00e9, en raison de leurs r\u00e9gimes particuliers de cotisation et de protection sociale.<\/p>\n<h2>Conditions pour les ind\u00e9pendants<\/h2>\n<p>La <a href=\"https:\/\/www.mes-allocs.fr\/guides\/pension-invalidite\/pension-invalidite-conditions\/pension-invalidite-travailleur-independant\/\">pension d&rsquo;invalidit\u00e9 pour travailleur ind\u00e9pendant<\/a> est possible, mais les crit\u00e8res de cotisation diff\u00e8rent l\u00e9g\u00e8rement de ceux des salari\u00e9s. Ils doivent \u00e9galement justifier d\u2019une certaine dur\u00e9e de cotisation au r\u00e9gime de s\u00e9curit\u00e9 sociale des ind\u00e9pendants (SSI). Par exemple, ils doivent avoir cotis\u00e9 sur un revenu minimal pendant un certain nombre de trimestres au cours des derni\u00e8res ann\u00e9es. L\u2019\u00e9valuation de leur incapacit\u00e9 est similaire \u00e0 celle des salari\u00e9s, mais l\u2019accent est mis sur leur incapacit\u00e9 \u00e0 poursuivre leur activit\u00e9 professionnelle ind\u00e9pendante.<\/p>\n<h2>Conditions pour les artistes<\/h2>\n<p>Les artistes et auteurs, affili\u00e9s au r\u00e9gime de s\u00e9curit\u00e9 sociale sp\u00e9cifique, doivent \u00e9galement r\u00e9pondre \u00e0 des conditions de cotisation propres \u00e0 leur statut. Ils doivent avoir un revenu minimal issu de leurs activit\u00e9s artistiques ou litt\u00e9raires et avoir cotis\u00e9 \u00e0 leur r\u00e9gime professionnel. En cas d\u2019incapacit\u00e9, ils doivent prouver que leur \u00e9tat de sant\u00e9 les emp\u00eache de poursuivre leur activit\u00e9 cr\u00e9ative ou artistique de mani\u00e8re substantielle. L\u2019\u00e9valuation m\u00e9dicale et administrative tient compte des particularit\u00e9s de leur profession et de leur mode de travail.<\/p>\n<h1>Les cas qui donnent droit \u00e0 une pension d&rsquo;invalidit\u00e9<\/h1>\n<p>Voici quelques situations qui ouvrent droit \u00e0 la pension d&rsquo;invalidit\u00e9 :<\/p>\n<ul>\n<li><a href=\"https:\/\/www.mes-allocs.fr\/guides\/pension-invalidite\/pension-invalidite-conditions\/pension-invalidite-arthrose\/\">pension d&rsquo;invalidit\u00e9 pour arthrose<\/a><\/li>\n<li><a href=\"https:\/\/www.mes-allocs.fr\/guides\/pension-invalidite\/pension-invalidite-conditions\/pension-invalidite-bipolaire\/\">pension invalidit\u00e9 pour bipolarit\u00e9<\/a><\/li>\n<li><a href=\"https:\/\/www.mes-allocs.fr\/guides\/pension-invalidite\/pension-invalidite-conditions\/pension-invalidite-hernie-discale\/\">pension invalidit\u00e9 pour hernie discale<\/a><\/li>\n<li><a href=\"https:\/\/www.mes-allocs.fr\/guides\/pension-invalidite\/pension-invalidite-conditions\/mal-de-dos-pension-invalidite\/\">pension d&rsquo;invalidit\u00e9 pour mal de dos\u00a0<\/a><\/li>\n<li><a href=\"https:\/\/www.mes-allocs.fr\/guides\/pension-invalidite\/pension-invalidite-conditions\/pension-invalidite-maladie-de-crohn\/\">pension invalidit\u00e9 pour maladie de crohn<\/a><\/li>\n<li><a href=\"https:\/\/www.mes-allocs.fr\/guides\/pension-invalidite\/pension-invalidite-conditions\/pension-invalidite-apres-cancer\/\">pension invalidit\u00e9 apr\u00e8s un cancer<\/a><\/li>\n<li><a href=\"https:\/\/www.mes-allocs.fr\/guides\/pension-invalidite\/pension-invalidite-conditions\/pension-invalidite-migraine\/\">pension invalidit\u00e9 pour migraine<\/a><\/li>\n<li><a href=\"https:\/\/www.mes-allocs.fr\/guides\/pension-invalidite\/pension-invalidite-conditions\/psoriasis-pension-invalidite\/\">pension d&rsquo;invalidit\u00e9 pour psoriasis<\/a><\/li>\n<li><a href=\"https:\/\/www.mes-allocs.fr\/guides\/pension-invalidite\/pension-invalidite-conditions\/insuffisance-renale-pension-invalidite\/\">pension invalidit\u00e9 pour insuffisance r\u00e9nale\u00a0<\/a><\/li>\n<li><a href=\"https:\/\/www.mes-allocs.fr\/guides\/pension-invalidite\/pension-invalidite-conditions\/pension-invalidite-arthrose-genou\/\">pension d&rsquo;invalidit\u00e9 pour arthrose du genou<\/a><\/li>\n<li><a href=\"https:\/\/www.mes-allocs.fr\/guides\/pension-invalidite\/pension-invalidite-conditions\/pension-invalidite-depression\/\">pension invalidit\u00e9 pour d\u00e9pression<\/a><\/li>\n<li><a href=\"https:\/\/www.mes-allocs.fr\/guides\/pension-invalidite\/pension-invalidite-conditions\/pension-invalidite-canal-carpien\/\">pension invalidit\u00e9 pour canal carpien<\/a><\/li>\n<li><a href=\"https:\/\/www.mes-allocs.fr\/guides\/pension-invalidite\/pension-invalidite-conditions\/pension-invalidite-asthme\/\">pension invalidit\u00e9 pour asthme<\/a><\/li>\n<li><a href=\"https:\/\/www.mes-allocs.fr\/guides\/pension-invalidite\/pension-invalidite-conditions\/pension-invalidite-surdite\/\">pension invalidit\u00e9 pour surdit\u00e9<\/a><\/li>\n<li><a href=\"https:\/\/www.mes-allocs.fr\/guides\/pension-invalidite\/pension-invalidite-conditions\/pension-invalidite-probleme-cardiaque\/\">pension d&rsquo;invalidit\u00e9 pour probl\u00e8me cardiaque<\/a><\/li>\n<\/ul>\n<h1>Droits et obligations des b\u00e9n\u00e9ficiaires de la pension d\u2019invalidit\u00e9<\/h1>\n<h2>Droits des b\u00e9n\u00e9ficiaires<\/h2>\n<p>Les b\u00e9n\u00e9ficiaires de la pension d\u2019invalidit\u00e9 ont droit \u00e0 plusieurs prestations et protections, d\u00e9finies par la l\u00e9gislation en vigueur. Ces droits comprennent g\u00e9n\u00e9ralement :<\/p>\n<ul>\n<li><strong>Prestations financi\u00e8res :<\/strong> montant mensuel et modalit\u00e9s de <a href=\"https:\/\/www.mes-allocs.fr\/guides\/pension-invalidite\/paiement-pension-invalidite\/\">paiement de la pension d&rsquo;invalidit\u00e9<\/a>.<\/li>\n<li><strong>Acc\u00e8s aux soins m\u00e9dicaux :<\/strong> prise en charge des frais m\u00e9dicaux et conditions d&rsquo;acc\u00e8s aux traitements.<\/li>\n<li><strong>Protection sociale :<\/strong> couverture contre les risques maladie et accidents li\u00e9s \u00e0 l&rsquo;invalidit\u00e9.<\/li>\n<\/ul>\n<h2>Obligations des b\u00e9n\u00e9ficiaires<\/h2>\n<p>En contrepartie de ces droits, les b\u00e9n\u00e9ficiaires de la pension d\u2019invalidit\u00e9 ont des obligations \u00e0 respecter, telles que :<\/p>\n<ul>\n<li><strong>D\u00e9claration de ressources :<\/strong> obligation de d\u00e9clarer tout revenu suppl\u00e9mentaire susceptible d\u2019affecter le montant de la pension.<\/li>\n<li><strong>Respect des d\u00e9marches administratives :<\/strong> r\u00e9pondre aux demandes d&rsquo;information et de suivi de la caisse d&rsquo;assurance maladie.<\/li>\n<li><strong>Maintien du suivi m\u00e9dical :<\/strong> suivre r\u00e9guli\u00e8rement les consultations m\u00e9dicales et les examens n\u00e9cessaires pour \u00e9valuer l\u2019\u00e9volution de l\u2019invalidit\u00e9.<\/li>\n<\/ul>\n<h1>Montant et r\u00e9vision de la pension<\/h1>\n<h2>D\u00e9termination du montant de la pension d&rsquo;invalidit\u00e9<\/h2>\n<p>Le montant de la pension d\u2019invalidit\u00e9 est calcul\u00e9 en fonction de plusieurs crit\u00e8res, notamment :<\/p>\n<ul>\n<li><strong>Niveau d\u2019invalidit\u00e9 :<\/strong> \u00e9valu\u00e9 par un m\u00e9decin expert selon des bar\u00e8mes sp\u00e9cifiques.<\/li>\n<li><strong>Revenus ant\u00e9rieurs :<\/strong> les revenus per\u00e7us avant l&rsquo;invalidit\u00e9 peuvent influencer le calcul.<\/li>\n<li><strong>Situation familiale :<\/strong> certaines allocations suppl\u00e9mentaires peuvent \u00eatre attribu\u00e9es en fonction de la composition du foyer.<\/li>\n<\/ul>\n<p>Pour connaitre le montant exact, nous vous invitons \u00e0 r\u00e9aliser une <a href=\"https:\/\/www.mes-allocs.fr\/guides\/pension-invalidite\/simulation-pension-invalidite\/\">simulation de pension d&rsquo;invalidit\u00e9<\/a> en ligne.<\/p>\n<h2>R\u00e9vision du montant de la pension d&rsquo;invalidit\u00e9<\/h2>\n<p>La pension d\u2019invalidit\u00e9 peut \u00eatre r\u00e9vis\u00e9e p\u00e9riodiquement pour s\u2019ajuster aux changements de situation de l\u2019assur\u00e9, tels que :<\/p>\n<ul>\n<li><strong>\u00c9volution de l\u2019\u00e9tat de sant\u00e9 :<\/strong> si l\u2019\u00e9tat de sant\u00e9 de l\u2019assur\u00e9 s\u2019am\u00e9liore ou se d\u00e9t\u00e9riore significativement.<\/li>\n<li><strong>Changement de revenus :<\/strong> si les revenus de l\u2019assur\u00e9 augmentent ou diminuent.<\/li>\n<li><strong>Modification de la l\u00e9gislation :<\/strong> changements l\u00e9gislatifs affectant les crit\u00e8res d\u2019attribution ou de calcul de la pension.<\/li>\n<\/ul>\n<h1>Obligations de d\u00e9claration et suivi m\u00e9dical<\/h1>\n<h2>Obligations de d\u00e9claration<\/h2>\n<p>Les b\u00e9n\u00e9ficiaires de la pension d\u2019invalidit\u00e9 ont l\u2019obligation de d\u00e9clarer divers \u00e9l\u00e9ments \u00e0 la caisse d&rsquo;assurance maladie, tels que :<\/p>\n<ul>\n<li><strong>Changement de situation :<\/strong> changement d\u2019adresse, situation matrimoniale, composition du foyer.<\/li>\n<li><strong>Revenus compl\u00e9mentaires :<\/strong> tout revenu suppl\u00e9mentaire per\u00e7u, y compris les pensions et allocations.<\/li>\n<li><strong>Modification de l\u2019\u00e9tat de sant\u00e9 :<\/strong> am\u00e9lioration significative ou d\u00e9t\u00e9rioration de l\u2019\u00e9tat de sant\u00e9.<\/li>\n<\/ul>\n<h2>Suivi m\u00e9dical<\/h2>\n<p>Le suivi m\u00e9dical est essentiel pour garantir le maintien de la pension d\u2019invalidit\u00e9. Il comprend :<\/p>\n<ul>\n<li><strong>Consultations r\u00e9guli\u00e8res :<\/strong> visites m\u00e9dicales p\u00e9riodiques pour \u00e9valuer l\u2019\u00e9volution de l\u2019\u00e9tat de sant\u00e9.<\/li>\n<li><strong>Examens compl\u00e9mentaires :<\/strong> tests ou examens recommand\u00e9s par le m\u00e9decin traitant ou l\u2019expert m\u00e9dical de la caisse d\u2019assurance maladie.<\/li>\n<li><strong>Respect des recommandations m\u00e9dicales :<\/strong> suivre les traitements prescrits et les conseils pour optimiser la sant\u00e9 et le bien-\u00eatre.<\/li>\n<\/ul>\n<div class='cta-block'><div class='text'>Simulez toutes vos Aides en 2 min.<\/div><a href='https:\/\/www.mes-allocs.fr\/ab-app?origin=guides\/wp-json\/wp\/v2\/posts\/80615' class='app-button fit'>Simulation gratuite<\/a><\/div>\n","protected":false},"excerpt":{"rendered":"<p>L&rsquo;obtention d&rsquo;une pension d&rsquo;invalidit\u00e9 est une d\u00e9marche importante pour les personnes dont la capacit\u00e9 de travail est r\u00e9duite en raison d&rsquo;une maladie ou d&rsquo;un accident. En France, cette prestation est destin\u00e9e \u00e0 compenser la perte de revenus due \u00e0 l&rsquo;incapacit\u00e9 partielle ou totale d&rsquo;exercer une activit\u00e9 professionnelle. Cependant, pour en b\u00e9n\u00e9ficier, il est n\u00e9cessaire de [&hellip;]<\/p>\n","protected":false},"author":26,"featured_media":0,"comment_status":"open","ping_status":"open","sticky":false,"template":"","format":"standard","meta":{"amp_status":"","footnotes":""},"categories":[35633],"tags":[],"class_list":["post-80615","post","type-post","status-publish","format-standard","hentry","category-pension-invalidite"],"yoast_head":"<!-- This site is optimized with the Yoast SEO plugin v14.9 - https:\/\/yoast.com\/wordpress\/plugins\/seo\/ -->\n<title>Quelles sont les conditions d\u2019obtention d\u2019une pension d\u2019invalidit\u00e9 ?<\/title>\n<meta name=\"description\" content=\"Pour b\u00e9n\u00e9ficier d&#039;une pension d&#039;invalidit\u00e9, il est n\u00e9cessaire de remplir plusieurs conditions, tant m\u00e9dicales qu&#039;administratives.\" \/>\n<meta name=\"robots\" content=\"index, follow, max-snippet:-1, max-image-preview:large, max-video-preview:-1\" \/>\n<link rel=\"canonical\" href=\"https:\/\/www.mes-allocs.fr\/guides\/pension-invalidite\/pension-invalidite-conditions\/\" \/>\n<meta property=\"og:locale\" content=\"fr_FR\" \/>\n<meta property=\"og:type\" content=\"article\" \/>\n<meta property=\"og:title\" content=\"Quelles sont les conditions d\u2019obtention d\u2019une pension d\u2019invalidit\u00e9 ?\" \/>\n<meta property=\"og:description\" content=\"Pour b\u00e9n\u00e9ficier d&#039;une pension d&#039;invalidit\u00e9, il est n\u00e9cessaire de remplir plusieurs conditions, tant m\u00e9dicales qu&#039;administratives.\" \/>\n<meta property=\"og:url\" content=\"https:\/\/www.mes-allocs.fr\/guides\/pension-invalidite\/pension-invalidite-conditions\/\" \/>\n<meta property=\"og:site_name\" content=\"Mes-Allocs.fr\" \/>\n<meta property=\"article:published_time\" content=\"2024-06-27T15:11:27+00:00\" \/>\n<meta property=\"article:modified_time\" content=\"2026-04-22T09:52:57+00:00\" \/>\n<meta property=\"og:image\" content=\"https:\/\/www.mes-allocs.fr\/guides\/wp-content\/uploads\/2023\/11\/pension-invalidite-categorie-1-e1700498845937.jpg\" \/>\n<meta name=\"twitter:card\" content=\"summary_large_image\" \/>\n<script type=\"application\/ld+json\" class=\"yoast-schema-graph\">{\"@context\":\"https:\/\/schema.org\",\"@graph\":[{\"@type\":\"WebSite\",\"@id\":\"https:\/\/www.mes-allocs.fr\/guides\/#website\",\"url\":\"https:\/\/www.mes-allocs.fr\/guides\/\",\"name\":\"Mes-Allocs.fr\",\"description\":\"\",\"potentialAction\":[{\"@type\":\"SearchAction\",\"target\":\"https:\/\/www.mes-allocs.fr\/guides\/?s={search_term_string}\",\"query-input\":\"required name=search_term_string\"}],\"inLanguage\":\"fr-FR\"},{\"@type\":\"ImageObject\",\"@id\":\"https:\/\/www.mes-allocs.fr\/guides\/pension-invalidite\/pension-invalidite-conditions\/#primaryimage\",\"inLanguage\":\"fr-FR\",\"url\":\"https:\/\/www.mes-allocs.fr\/guides\/wp-content\/uploads\/2023\/11\/pension-invalidite-categorie-1-e1700498845937.jpg?wsr\",\"width\":1280,\"height\":310,\"caption\":\"montant pension invalidit\\u00e9\"},{\"@type\":\"WebPage\",\"@id\":\"https:\/\/www.mes-allocs.fr\/guides\/pension-invalidite\/pension-invalidite-conditions\/#webpage\",\"url\":\"https:\/\/www.mes-allocs.fr\/guides\/pension-invalidite\/pension-invalidite-conditions\/\",\"name\":\"Quelles sont les conditions d\\u2019obtention d\\u2019une pension d\\u2019invalidit\\u00e9 ?\",\"isPartOf\":{\"@id\":\"https:\/\/www.mes-allocs.fr\/guides\/#website\"},\"primaryImageOfPage\":{\"@id\":\"https:\/\/www.mes-allocs.fr\/guides\/pension-invalidite\/pension-invalidite-conditions\/#primaryimage\"},\"datePublished\":\"2024-06-27T15:11:27+00:00\",\"dateModified\":\"2026-04-22T09:52:57+00:00\",\"author\":{\"@id\":\"https:\/\/www.mes-allocs.fr\/guides\/#\/schema\/person\/9c38f3be41a0ddcd1e3fde5a3df713bf\"},\"description\":\"Pour b\\u00e9n\\u00e9ficier d'une pension d'invalidit\\u00e9, il est n\\u00e9cessaire de remplir plusieurs conditions, tant m\\u00e9dicales qu'administratives.\",\"inLanguage\":\"fr-FR\"},{\"@type\":\"Person\",\"@id\":\"https:\/\/www.mes-allocs.fr\/guides\/#\/schema\/person\/9c38f3be41a0ddcd1e3fde5a3df713bf\",\"name\":\"Sessime Ananou\",\"image\":{\"@type\":\"ImageObject\",\"@id\":\"https:\/\/www.mes-allocs.fr\/guides\/#personlogo\",\"inLanguage\":\"fr-FR\",\"url\":\"https:\/\/www.mes-allocs.fr\/guides\/wp-content\/uploads\/2023\/08\/IMG_8173-150x150.jpg\",\"caption\":\"Sessime Ananou\"},\"description\":\"Sessime est r\\u00e9dactrice chez Mes Allocs, sp\\u00e9cialis\\u00e9e sur le pouvoir d'achat. Elle rejoint l'\\u00e9quipe Mes Allocs en ao\\u00fbt 2023 afin de simplifier l'acc\\u00e8s \\u00e0 l'information sur les aides en g\\u00e9n\\u00e9ral.\"}]}<\/script>\n<!-- \/ Yoast SEO plugin. -->","amp_validity":null,"acf":{"faq":{"1":{"question":"Quelles sont les conditions d\u2019obtention d\u2019une pension d\u2019invalidit\u00e9 ?","answer":"Pour obtenir une pension d'invalidit\u00e9, il faut \u00eatre reconnu invalide par la S\u00e9curit\u00e9 sociale et justifier d'une r\u00e9duction de sa capacit\u00e9 de travail ou de gain d'au moins deux tiers.\r\n"},"2":{"question":"Quels sont les crit\u00e8res m\u00e9dicaux pour obtenir une pension d\u2019invalidit\u00e9 ?","answer":"Les crit\u00e8res m\u00e9dicaux incluent une incapacit\u00e9 permanente partielle ou totale \u00e0 exercer une activit\u00e9 professionnelle, confirm\u00e9e par un m\u00e9decin de la S\u00e9curit\u00e9 sociale."},"3":{"question":"Quels sont les crit\u00e8res administratifs pour l\u2019obtention d\u2019une pension d\u2019invalidit\u00e9 ?","answer":"Les crit\u00e8res administratifs comprennent une dur\u00e9e minimale de cotisation \u00e0 la S\u00e9curit\u00e9 sociale et le respect des formalit\u00e9s de demande, telles que la pr\u00e9sentation de certificats m\u00e9dicaux et de justificatifs d\u2019incapacit\u00e9."},"4":{"question":"Quelle est la proc\u00e9dure pour faire une demande de pension d\u2019invalidit\u00e9 ?","answer":"La proc\u00e9dure consiste \u00e0 remplir un formulaire de demande aupr\u00e8s de la S\u00e9curit\u00e9 sociale, accompagn\u00e9 des documents m\u00e9dicaux n\u00e9cessaires. La demande sera ensuite \u00e9valu\u00e9e par un m\u00e9decin-conseil de la S\u00e9curit\u00e9 sociale."},"5":{"question":"Quelles sont les diff\u00e9rentes cat\u00e9gories de pension d\u2019invalidit\u00e9 ?","answer":"Il existe trois cat\u00e9gories de pension d\u2019invalidit\u00e9 :\r\n\r\nCat\u00e9gorie 1 : Invalidit\u00e9 permettant une activit\u00e9 professionnelle r\u00e9duite.\r\nCat\u00e9gorie 2 : Invalidit\u00e9 ne permettant aucune activit\u00e9 professionnelle.\r\nCat\u00e9gorie 3 : Invalidit\u00e9 n\u00e9cessitant l'assistance d'une tierce personne pour les actes de la vie quotidienne."},"6":{"question":"Peut-on contester une d\u00e9cision de refus de pension d\u2019invalidit\u00e9 ?","answer":"Oui, il est possible de contester une d\u00e9cision de refus en adressant une r\u00e9clamation \u00e0 la Commission de Recours Amiable (CRA) de la S\u00e9curit\u00e9 sociale dans un d\u00e9lai de deux mois \u00e0 partir de la notification de refus.\r\n\r\n\r\n\r\n"},"7":{"question":"","answer":""},"8":{"question":"","answer":""},"9":{"question":"","answer":""},"10":{"question":"","answer":""},"11":{"question":"","answer":""},"12":{"question":"","answer":""},"13":{"question":"","answer":""},"14":{"question":"","answer":""},"15":{"question":"","answer":""},"16":{"question":"","answer":""}}},"_links":{"self":[{"href":"https:\/\/www.mes-allocs.fr\/guides\/wp-json\/wp\/v2\/posts\/80615","targetHints":{"allow":["GET"]}}],"collection":[{"href":"https:\/\/www.mes-allocs.fr\/guides\/wp-json\/wp\/v2\/posts"}],"about":[{"href":"https:\/\/www.mes-allocs.fr\/guides\/wp-json\/wp\/v2\/types\/post"}],"author":[{"embeddable":true,"href":"https:\/\/www.mes-allocs.fr\/guides\/wp-json\/wp\/v2\/users\/26"}],"replies":[{"embeddable":true,"href":"https:\/\/www.mes-allocs.fr\/guides\/wp-json\/wp\/v2\/comments?post=80615"}],"version-history":[{"count":6,"href":"https:\/\/www.mes-allocs.fr\/guides\/wp-json\/wp\/v2\/posts\/80615\/revisions"}],"predecessor-version":[{"id":94174,"href":"https:\/\/www.mes-allocs.fr\/guides\/wp-json\/wp\/v2\/posts\/80615\/revisions\/94174"}],"wp:attachment":[{"href":"https:\/\/www.mes-allocs.fr\/guides\/wp-json\/wp\/v2\/media?parent=80615"}],"wp:term":[{"taxonomy":"category","embeddable":true,"href":"https:\/\/www.mes-allocs.fr\/guides\/wp-json\/wp\/v2\/categories?post=80615"},{"taxonomy":"post_tag","embeddable":true,"href":"https:\/\/www.mes-allocs.fr\/guides\/wp-json\/wp\/v2\/tags?post=80615"}],"curies":[{"name":"wp","href":"https:\/\/api.w.org\/{rel}","templated":true}]}}