{"id":80606,"date":"2024-06-27T13:43:47","date_gmt":"2024-06-27T11:43:47","guid":{"rendered":"https:\/\/www.mes-allocs.fr\/guides\/?p=80606"},"modified":"2026-04-22T10:52:57","modified_gmt":"2026-04-22T09:52:57","slug":"lettre-demande-revision-pension-invalidite","status":"publish","type":"post","link":"https:\/\/www.mes-allocs.fr\/guides\/pension-invalidite\/categorie-pension-invalidite\/lettre-demande-revision-pension-invalidite\/","title":{"rendered":"Mod\u00e8les de lettre de demande de r\u00e9vision de la pension d\u2019invalidit\u00e9"},"content":{"rendered":"<p><img loading=\"lazy\" decoding=\"async\" class=\"alignnone wp-image-62701 size-full\" title=\"Mod\u00e8les de lettre de demande de r\u00e9vision de la pension d\u2019invalidit\u00e9\" src=\"https:\/\/www.mes-allocs.fr\/guides\/wp-content\/uploads\/2023\/03\/fountain-pen-g6fa862ebe_1920-e1680173253268.jpg\" alt=\"Mod\u00e8les de lettre de demande de r\u00e9vision de la pension d\u2019invalidit\u00e9\" width=\"1920\" height=\"326\" srcset=\"https:\/\/www.mes-allocs.fr\/guides\/wp-content\/uploads\/2023\/03\/fountain-pen-g6fa862ebe_1920-e1680173253268.jpg 1920w, https:\/\/www.mes-allocs.fr\/guides\/wp-content\/uploads\/2023\/03\/fountain-pen-g6fa862ebe_1920-e1680173253268-300x51.jpg 300w, https:\/\/www.mes-allocs.fr\/guides\/wp-content\/uploads\/2023\/03\/fountain-pen-g6fa862ebe_1920-e1680173253268-1024x174.jpg 1024w, https:\/\/www.mes-allocs.fr\/guides\/wp-content\/uploads\/2023\/03\/fountain-pen-g6fa862ebe_1920-e1680173253268-768x130.jpg 768w, https:\/\/www.mes-allocs.fr\/guides\/wp-content\/uploads\/2023\/03\/fountain-pen-g6fa862ebe_1920-e1680173253268-1536x261.jpg 1536w, https:\/\/www.mes-allocs.fr\/guides\/wp-content\/uploads\/2023\/03\/fountain-pen-g6fa862ebe_1920-e1680173253268-600x102.jpg 600w\" sizes=\"auto, (max-width: 1920px) 100vw, 1920px\" \/><\/p>\n<div class=\"flex flex-grow flex-col max-w-full\">\n<div class=\"min-h-[20px] text-message flex flex-col items-start whitespace-pre-wrap break-words [.text-message+&amp;]:mt-5 juice:w-full juice:items-end overflow-x-auto gap-2\" dir=\"auto\" data-message-author-role=\"assistant\" data-message-id=\"c3578a46-0ae5-42da-9b20-d3ac2217a434\">\n<div class=\"flex w-full flex-col gap-1 juice:empty:hidden juice:first:pt-[3px]\">\n<div class=\"markdown prose w-full break-words dark:prose-invert dark\">\n<p><strong>La <a href=\"https:\/\/www.mes-allocs.fr\/guides\/pension-invalidite\/\">pension d&rsquo;invalidit\u00e9<\/a> est une prestation essentielle pour de nombreuses personnes dont la capacit\u00e9 de travail est r\u00e9duite en raison de probl\u00e8mes de sant\u00e9. Cependant, il arrive que l&rsquo;\u00e9tat de sant\u00e9 des b\u00e9n\u00e9ficiaires \u00e9volue ou que des erreurs soient d\u00e9tect\u00e9es dans l&rsquo;\u00e9valuation initiale de leur invalidit\u00e9. Dans de telles situations, il est possible de demander une r\u00e9vision de la pension d&rsquo;invalidit\u00e9. Cette d\u00e9marche n\u00e9cessite souvent une lettre formelle, accompagn\u00e9e de documents justificatifs. Cet article vous guidera \u00e0 travers les \u00e9tapes de r\u00e9daction d&rsquo;un mod\u00e8le de lettre de demande de r\u00e9vision de la pension d&rsquo;invalidit\u00e9, en fournissant des conseils pratiques et des exemples pour vous aider \u00e0 formuler votre demande de mani\u00e8re claire et efficace.<\/strong><\/p>\n<\/div>\n<\/div>\n<\/div>\n<\/div>\n<div class='cta-block'><div class='text'>Simulez toutes vos Aides en 2 min.<\/div><a href='https:\/\/www.mes-allocs.fr\/ab-app?origin=guides\/wp-json\/wp\/v2\/posts\/80606' class='app-button fit'>Simulation gratuite<\/a><\/div>\n<h1>Contexte et justification de la demande<\/h1>\n<h2>Pourquoi demandez-vous une r\u00e9vision de votre pension d\u2019invalidit\u00e9 ?<\/h2>\n<p>Il existe plusieurs raisons pour lesquelles un b\u00e9n\u00e9ficiaire de la pension d&rsquo;invalidit\u00e9 peut demander une r\u00e9vision de son dossier. La premi\u00e8re et la plus courante est une modification significative de l&rsquo;\u00e9tat de sant\u00e9. Cela peut signifier une am\u00e9lioration ou une d\u00e9t\u00e9rioration de la condition m\u00e9dicale initiale ayant justifi\u00e9 l&rsquo;attribution de la pension. Par exemple, une personne peut avoir suivi un traitement efficace qui a am\u00e9lior\u00e9 sa capacit\u00e9 de travail, ou au contraire, sa condition peut s&rsquo;\u00eatre aggrav\u00e9e, n\u00e9cessitant une augmentation du taux de pension.<\/p>\n<p>Une autre raison pourrait \u00eatre une erreur administrative ou m\u00e9dicale dans l&rsquo;\u00e9valuation initiale de l&rsquo;invalidit\u00e9. Il est possible que des informations importantes n&rsquo;aient pas \u00e9t\u00e9 prises en compte ou que des erreurs aient \u00e9t\u00e9 commises lors de la premi\u00e8re \u00e9valuation. Dans ce cas, le b\u00e9n\u00e9ficiaire a le droit de demander une r\u00e9vision pour rectifier ces erreurs et obtenir une \u00e9valuation plus pr\u00e9cise de sa situation.<\/p>\n<p>Enfin, des changements dans les circonstances personnelles ou professionnelles, tels que la perte d&rsquo;un emploi ou une modification des conditions de travail, peuvent \u00e9galement justifier une demande de r\u00e9vision. Ces \u00e9l\u00e9ments peuvent avoir un impact direct sur la capacit\u00e9 du b\u00e9n\u00e9ficiaire \u00e0 travailler et, par cons\u00e9quent, sur son droit \u00e0 la pension d&rsquo;invalidit\u00e9.<\/p>\n<h2>Quels sont les nouveaux \u00e9l\u00e9ments m\u00e9dicaux \u00e0 pr\u00e9senter ?<\/h2>\n<p>Pour que la demande de r\u00e9vision soit prise en compte, il est crucial de fournir des \u00e9l\u00e9ments m\u00e9dicaux nouveaux et pertinents. Ces \u00e9l\u00e9ments doivent d\u00e9montrer de mani\u00e8re claire et pr\u00e9cise pourquoi une r\u00e9vision de la pension est n\u00e9cessaire.<\/p>\n<p>Les nouveaux \u00e9l\u00e9ments m\u00e9dicaux peuvent inclure :<\/p>\n<ol>\n<li><strong>Rapports m\u00e9dicaux r\u00e9cents<\/strong> : fournir des rapports m\u00e9dicaux r\u00e9cents \u00e9tablis par des sp\u00e9cialistes ou des m\u00e9decins traitants qui d\u00e9taillent l&rsquo;\u00e9volution de la condition m\u00e9dicale. Ces rapports doivent \u00eatre dat\u00e9s et sign\u00e9s par des professionnels de sant\u00e9 reconnus.<\/li>\n<li><strong>R\u00e9sultats d&rsquo;examens m\u00e9dicaux<\/strong> : joindre les r\u00e9sultats de nouveaux examens m\u00e9dicaux tels que des radiographies, des IRM, des analyses sanguines, ou tout autre test pertinent qui montre une \u00e9volution de l&rsquo;\u00e9tat de sant\u00e9.<\/li>\n<li><strong>Certificats m\u00e9dicaux<\/strong> : les certificats m\u00e9dicaux \u00e9tablis par des m\u00e9decins peuvent pr\u00e9ciser l&rsquo;incapacit\u00e9 de travailler ou recommander une r\u00e9\u00e9valuation de la capacit\u00e9 de travail en raison de l&rsquo;\u00e9volution de l&rsquo;\u00e9tat de sant\u00e9.<\/li>\n<li><strong>Avis d\u2019experts m\u00e9dicaux<\/strong> : inclure les avis d&rsquo;experts m\u00e9dicaux ind\u00e9pendants qui ont \u00e9valu\u00e9 l&rsquo;\u00e9tat de sant\u00e9 du b\u00e9n\u00e9ficiaire et peuvent fournir une \u00e9valuation objective de l&rsquo;\u00e9volution de la condition m\u00e9dicale.<\/li>\n<li><strong>Dossiers de traitements et de th\u00e9rapies<\/strong> : fournir des preuves des traitements suivis, tels que des dossiers de physioth\u00e9rapie, de r\u00e9\u00e9ducation, ou de th\u00e9rapies sp\u00e9cifiques, qui montrent les efforts faits pour am\u00e9liorer la condition de sant\u00e9.<\/li>\n<\/ol>\n<div class='cta-block'><div class='text'>Simulez toutes vos Aides en 2 min.<\/div><a href='https:\/\/www.mes-allocs.fr\/ab-app?origin=guides\/wp-json\/wp\/v2\/posts\/80606' class='app-button fit'>Simulation gratuite<\/a><\/div>\n<p>En France, il existe plusieurs <a href=\"https:\/\/www.mes-allocs.fr\/guides\/pension-invalidite\/categorie-pension-dinvalidite\/\">cat\u00e9gories de pensions d&rsquo;invalidit\u00e9<\/a>, chacune correspondant \u00e0 un niveau d&rsquo;invalidit\u00e9 diff\u00e9rent.<\/p>\n<h1>La r\u00e9daction de la lettre de demande de r\u00e9vision de la pension d\u2019invalidit\u00e9<\/h1>\n<h2>Pr\u00e9sentation de l\u2019objet de la lettre : demande de r\u00e9vision de la pension d\u2019invalidit\u00e9<\/h2>\n<p>Madame, Monsieur,<\/p>\n<p>Je me permets par la pr\u00e9sente de solliciter une r\u00e9vision de ma pension d\u2019invalidit\u00e9 actuellement attribu\u00e9e par vos services. Cette demande fait suite \u00e0 une \u00e9volution significative de ma condition m\u00e9dicale depuis l&rsquo;attribution initiale de la pension.<\/p>\n<h2>Mention de la pension d\u2019invalidit\u00e9 actuelle (cat\u00e9gorie, date d\u2019attribution)<\/h2>\n<p>Actuellement, je per\u00e7ois une pension d\u2019invalidit\u00e9 de cat\u00e9gorie X attribu\u00e9e depuis le [date d\u2019attribution]. Cette pension m\u2019a \u00e9t\u00e9 accord\u00e9e en raison de [d\u00e9crire bri\u00e8vement la raison m\u00e9dicale ou l&rsquo;incapacit\u00e9 qui a justifi\u00e9 l&rsquo;attribution de la pension].<\/p>\n<h2><strong>Mod\u00e8le de lettre de demande de r\u00e9vision de la pension d\u2019invalidit\u00e9 :<\/strong><\/h2>\n<p>[Pr\u00e9nom Nom]<\/p>\n<p>[Adresse compl\u00e8te]<\/p>\n<p>[T\u00e9l\u00e9phone]<\/p>\n<p>[Email]<\/p>\n<p>[Date]<\/p>\n<p>\u00c0 l&rsquo;attention de [Nom de l&rsquo;organisme en charge des pensions d&rsquo;invalidit\u00e9]<\/p>\n<p>[Adresse]<\/p>\n<p>Objet : Demande de r\u00e9vision de ma pension d\u2019invalidit\u00e9<\/p>\n<p>Madame, Monsieur,<\/p>\n<p>Je me permets par la pr\u00e9sente de solliciter une r\u00e9vision de ma pension d\u2019invalidit\u00e9 actuellement attribu\u00e9e par vos services. Cette demande fait suite \u00e0 une \u00e9volution significative de ma condition m\u00e9dicale depuis l&rsquo;attribution initiale de la pension.<\/p>\n<p>Actuellement, je per\u00e7ois une pension d\u2019invalidit\u00e9 de cat\u00e9gorie X attribu\u00e9e depuis le [date d\u2019attribution]. Cette pension m\u2019a \u00e9t\u00e9 accord\u00e9e en raison de [d\u00e9crire bri\u00e8vement la raison m\u00e9dicale ou l&rsquo;incapacit\u00e9 qui a justifi\u00e9 l&rsquo;attribution de la pension].<\/p>\n<p>Je joins \u00e0 cette demande les nouveaux \u00e9l\u00e9ments m\u00e9dicaux, notamment des rapports m\u00e9dicaux r\u00e9cents, des r\u00e9sultats d&rsquo;examens et tout document pertinent, qui d\u00e9montrent une modification notable de ma condition m\u00e9dicale depuis l&rsquo;attribution initiale de la pension.<\/p>\n<p>Dans l&rsquo;attente d&rsquo;une r\u00e9ponse favorable \u00e0 ma demande, je reste \u00e0 votre disposition pour tout compl\u00e9ment d&rsquo;information que vous jugerez n\u00e9cessaire.<\/p>\n<p>Je vous prie d&rsquo;agr\u00e9er, Madame, Monsieur, l&rsquo;expression de mes salutations distingu\u00e9es.<\/p>\n<p>[Signature]<\/p>\n<p><iframe loading=\"lazy\" title=\"La pension d&#039;invalidit\u00e9\" width=\"500\" height=\"281\" src=\"https:\/\/www.youtube.com\/embed\/_UJaa1UDtZs?feature=oembed\" frameborder=\"0\" allow=\"accelerometer; autoplay; clipboard-write; encrypted-media; gyroscope; picture-in-picture; web-share\" referrerpolicy=\"strict-origin-when-cross-origin\" allowfullscreen><\/iframe><\/p>\n<h1>D\u00e9marches \u00e0 suivre pour changer de cat\u00e9gorie<\/h1>\n<h2>Quels documents doivent \u00eatre inclus dans votre demande ?<\/h2>\n<p>Pour changer la cat\u00e9gorie de votre pension d\u2019invalidit\u00e9, il est essentiel d&rsquo;inclure des documents m\u00e9dicaux complets et pertinents qui appuient votre demande. Voici les principaux documents \u00e0 fournir :<\/p>\n<ol>\n<li><strong>Rapports m\u00e9dicaux r\u00e9cents :<\/strong> incluez tous les rapports m\u00e9dicaux r\u00e9cents qui d\u00e9crivent votre \u00e9tat de sant\u00e9 actuel. Ces rapports doivent \u00eatre d\u00e9taill\u00e9s et \u00e9mis par des professionnels de sant\u00e9 qualifi\u00e9s.<\/li>\n<li><strong>R\u00e9sultats d&rsquo;examens et de tests :<\/strong> joignez les r\u00e9sultats d&rsquo;examens pertinents tels que des IRM, des scanners, des analyses de laboratoire, etc., qui montrent l&rsquo;\u00e9volution de votre condition m\u00e9dicale depuis l&rsquo;attribution initiale de la pension.<\/li>\n<li><strong>Lettre de recommandation m\u00e9dicale :<\/strong> une lettre r\u00e9dig\u00e9e par votre m\u00e9decin traitant ou sp\u00e9cialiste qui soutient votre demande de changement de cat\u00e9gorie. Cette lettre doit expliquer en d\u00e9tail les raisons m\u00e9dicales justifiant le besoin d&rsquo;une r\u00e9vision de la cat\u00e9gorie de votre pension d\u2019invalidit\u00e9.<\/li>\n<li><strong>Tout autre document pertinent :<\/strong> si vous avez d&rsquo;autres documents m\u00e9dicaux ou administratifs qui pourraient renforcer votre demande, n&rsquo;h\u00e9sitez pas \u00e0 les inclure.<\/li>\n<\/ol>\n<p>Assurez-vous que tous les documents soumis sont clairs, complets et r\u00e9cents afin de faciliter le processus d&rsquo;\u00e9valuation par l&rsquo;organisme en charge de la pension d\u2019invalidit\u00e9.<\/p>\n<h2>Comment r\u00e9diger et soumettre votre lettre de demande de r\u00e9vision ?<\/h2>\n<p>Voici quelques conseils pour r\u00e9diger une lettre de demande de r\u00e9vision efficace :<\/p>\n<ol>\n<li><strong>Introduction claire :<\/strong> d\u00e9marrez votre lettre en indiquant clairement votre demande de r\u00e9vision de la cat\u00e9gorie de votre pension d\u2019invalidit\u00e9.<\/li>\n<li><strong>Exposer votre situation :<\/strong> d\u00e9crivez bri\u00e8vement votre \u00e9tat de sant\u00e9 actuel et pourquoi vous estimez que votre condition m\u00e9dicale a chang\u00e9 depuis l&rsquo;attribution initiale de la pension.<\/li>\n<li><strong>Inclure des d\u00e9tails m\u00e9dicaux :<\/strong> fournissez des d\u00e9tails sp\u00e9cifiques sur les nouveaux \u00e9l\u00e9ments m\u00e9dicaux qui justifient une r\u00e9vision de la cat\u00e9gorie de la pension. Citez des rapports m\u00e9dicaux, des r\u00e9sultats d&rsquo;examens et toute recommandation m\u00e9dicale pertinente.<\/li>\n<li><strong>Conclusion et demande explicite :<\/strong> concluez votre lettre en r\u00e9it\u00e9rant votre demande de r\u00e9vision et en exprimant votre disponibilit\u00e9 \u00e0 fournir des informations suppl\u00e9mentaires si n\u00e9cessaire.<\/li>\n<li><strong>Joindre les documents :<\/strong> assurez-vous de joindre tous les documents m\u00e9dicaux pertinents \u00e0 votre lettre avant de la soumettre.<\/li>\n<\/ol>\n<p>Apr\u00e8s avoir r\u00e9dig\u00e9 votre lettre, assurez-vous de l&rsquo;envoyer \u00e0 l&rsquo;organisme comp\u00e9tent en respectant les modalit\u00e9s de soumission sp\u00e9cifiques. Il est recommand\u00e9 de conserver une copie de votre lettre et des documents envoy\u00e9s pour vos dossiers personnel.<\/p>\n<p>Vous avez re\u00e7u une <a href=\"https:\/\/www.mes-allocs.fr\/guides\/pension-invalidite\/demande-pension-invalidite\/convocation-revision-pension-invalidite\/\">convocation de r\u00e9vision de pension d&rsquo;invalidit\u00e9<\/a> ? Demandez de l&rsquo;aide \u00e0 un conseiller Mes Allocs pour vous pr\u00e9parer \u00e0 ce rendez-vous.<\/p>\n<div class='cta-block'><div class='text'>Simulez toutes vos Aides en 2 min.<\/div><a href='https:\/\/www.mes-allocs.fr\/ab-app?origin=guides\/wp-json\/wp\/v2\/posts\/80606' class='app-button fit'>Simulation gratuite<\/a><\/div>\n","protected":false},"excerpt":{"rendered":"<p>La pension d&rsquo;invalidit\u00e9 est une prestation essentielle pour de nombreuses personnes dont la capacit\u00e9 de travail est r\u00e9duite en raison de probl\u00e8mes de sant\u00e9. Cependant, il arrive que l&rsquo;\u00e9tat de sant\u00e9 des b\u00e9n\u00e9ficiaires \u00e9volue ou que des erreurs soient d\u00e9tect\u00e9es dans l&rsquo;\u00e9valuation initiale de leur invalidit\u00e9. Dans de telles situations, il est possible de demander [&hellip;]<\/p>\n","protected":false},"author":26,"featured_media":71679,"comment_status":"open","ping_status":"open","sticky":false,"template":"","format":"standard","meta":{"amp_status":"","footnotes":""},"categories":[35897,35633],"tags":[],"class_list":["post-80606","post","type-post","status-publish","format-standard","has-post-thumbnail","hentry","category-categorie-pension-invalidite","category-pension-invalidite"],"yoast_head":"<!-- This site is optimized with the Yoast SEO plugin v14.9 - https:\/\/yoast.com\/wordpress\/plugins\/seo\/ -->\n<title>Mod\u00e8les de lettre de demande de r\u00e9vision de la pension d\u2019invalidit\u00e9<\/title>\n<meta name=\"description\" content=\"Il est possible de demander une r\u00e9vision de la pension d&#039;invalidit\u00e9. Cette d\u00e9marche n\u00e9cessite souvent une lettre formelle.\" \/>\n<meta name=\"robots\" content=\"index, follow, max-snippet:-1, max-image-preview:large, max-video-preview:-1\" \/>\n<link rel=\"canonical\" href=\"https:\/\/www.mes-allocs.fr\/guides\/pension-invalidite\/categorie-pension-invalidite\/lettre-demande-revision-pension-invalidite\/\" \/>\n<meta property=\"og:locale\" content=\"fr_FR\" \/>\n<meta property=\"og:type\" content=\"article\" \/>\n<meta property=\"og:title\" content=\"Mod\u00e8les de lettre de demande de r\u00e9vision de la pension d\u2019invalidit\u00e9\" \/>\n<meta property=\"og:description\" content=\"Il est possible de demander une r\u00e9vision de la pension d&#039;invalidit\u00e9. Cette d\u00e9marche n\u00e9cessite souvent une lettre formelle.\" \/>\n<meta property=\"og:url\" content=\"https:\/\/www.mes-allocs.fr\/guides\/pension-invalidite\/categorie-pension-invalidite\/lettre-demande-revision-pension-invalidite\/\" \/>\n<meta property=\"og:site_name\" content=\"Mes-Allocs.fr\" \/>\n<meta property=\"article:published_time\" content=\"2024-06-27T11:43:47+00:00\" \/>\n<meta property=\"article:modified_time\" content=\"2026-04-22T09:52:57+00:00\" \/>\n<meta property=\"og:image\" content=\"https:\/\/www.mes-allocs.fr\/guides\/wp-content\/uploads\/2023\/12\/lettre-de-demission.jpg?wsr\" \/>\n\t<meta property=\"og:image:width\" content=\"715\" \/>\n\t<meta property=\"og:image:height\" content=\"632\" \/>\n<meta name=\"twitter:card\" content=\"summary_large_image\" \/>\n<script type=\"application\/ld+json\" class=\"yoast-schema-graph\">{\"@context\":\"https:\/\/schema.org\",\"@graph\":[{\"@type\":\"WebSite\",\"@id\":\"https:\/\/www.mes-allocs.fr\/guides\/#website\",\"url\":\"https:\/\/www.mes-allocs.fr\/guides\/\",\"name\":\"Mes-Allocs.fr\",\"description\":\"\",\"potentialAction\":[{\"@type\":\"SearchAction\",\"target\":\"https:\/\/www.mes-allocs.fr\/guides\/?s={search_term_string}\",\"query-input\":\"required name=search_term_string\"}],\"inLanguage\":\"fr-FR\"},{\"@type\":\"ImageObject\",\"@id\":\"https:\/\/www.mes-allocs.fr\/guides\/pension-invalidite\/categorie-pension-invalidite\/lettre-demande-revision-pension-invalidite\/#primaryimage\",\"inLanguage\":\"fr-FR\",\"url\":\"https:\/\/www.mes-allocs.fr\/guides\/wp-content\/uploads\/2023\/12\/lettre-de-demission.jpg?wsr\",\"width\":715,\"height\":632,\"caption\":\"demande de pension d\\u2019invalidit\\u00e9\"},{\"@type\":\"WebPage\",\"@id\":\"https:\/\/www.mes-allocs.fr\/guides\/pension-invalidite\/categorie-pension-invalidite\/lettre-demande-revision-pension-invalidite\/#webpage\",\"url\":\"https:\/\/www.mes-allocs.fr\/guides\/pension-invalidite\/categorie-pension-invalidite\/lettre-demande-revision-pension-invalidite\/\",\"name\":\"Mod\\u00e8les de lettre de demande de r\\u00e9vision de la pension d\\u2019invalidit\\u00e9\",\"isPartOf\":{\"@id\":\"https:\/\/www.mes-allocs.fr\/guides\/#website\"},\"primaryImageOfPage\":{\"@id\":\"https:\/\/www.mes-allocs.fr\/guides\/pension-invalidite\/categorie-pension-invalidite\/lettre-demande-revision-pension-invalidite\/#primaryimage\"},\"datePublished\":\"2024-06-27T11:43:47+00:00\",\"dateModified\":\"2026-04-22T09:52:57+00:00\",\"author\":{\"@id\":\"https:\/\/www.mes-allocs.fr\/guides\/#\/schema\/person\/9c38f3be41a0ddcd1e3fde5a3df713bf\"},\"description\":\"Il est possible de demander une r\\u00e9vision de la pension d'invalidit\\u00e9. Cette d\\u00e9marche n\\u00e9cessite souvent une lettre formelle.\",\"inLanguage\":\"fr-FR\"},{\"@type\":\"Person\",\"@id\":\"https:\/\/www.mes-allocs.fr\/guides\/#\/schema\/person\/9c38f3be41a0ddcd1e3fde5a3df713bf\",\"name\":\"Sessime Ananou\",\"image\":{\"@type\":\"ImageObject\",\"@id\":\"https:\/\/www.mes-allocs.fr\/guides\/#personlogo\",\"inLanguage\":\"fr-FR\",\"url\":\"https:\/\/www.mes-allocs.fr\/guides\/wp-content\/uploads\/2023\/08\/IMG_8173-150x150.jpg\",\"caption\":\"Sessime Ananou\"},\"description\":\"Sessime est r\\u00e9dactrice chez Mes Allocs, sp\\u00e9cialis\\u00e9e sur le pouvoir d'achat. Elle rejoint l'\\u00e9quipe Mes Allocs en ao\\u00fbt 2023 afin de simplifier l'acc\\u00e8s \\u00e0 l'information sur les aides en g\\u00e9n\\u00e9ral.\"}]}<\/script>\n<!-- \/ Yoast SEO plugin. -->","amp_validity":null,"acf":{"faq":{"1":{"question":" Pourquoi demander une r\u00e9vision de ma pension d\u2019invalidit\u00e9 ?","answer":"Vous pouvez demander une r\u00e9vision de votre pension d'invalidit\u00e9 si votre \u00e9tat de sant\u00e9 s'est aggrav\u00e9, si vous estimez qu'une erreur a \u00e9t\u00e9 faite lors de l'\u00e9valuation initiale ou si votre situation financi\u00e8re a chang\u00e9."},"2":{"question":"Quels documents sont n\u00e9cessaires pour accompagner ma demande ?","answer":"Il est crucial d'inclure des documents m\u00e9dicaux r\u00e9cents, une lettre explicative d\u00e9taillant les raisons de votre demande, ainsi que toute autre preuve pertinente de votre \u00e9tat de sant\u00e9 ou de votre situation financi\u00e8re."},"3":{"question":"Comment structurer ma lettre de demande de r\u00e9vision de la pension d\u2019invalidit\u00e9 ?","answer":"Commencez par vos coordonn\u00e9es et celles de l'organisme destinataire. Expliquez ensuite la raison de votre demande, fournissez des d\u00e9tails sur votre \u00e9tat de sant\u00e9 actuel et joignez les documents n\u00e9cessaires. Concluez en demandant clairement la r\u00e9vision de votre pension."},"4":{"question":"\u00c0 qui adresser ma lettre de demande de r\u00e9vision de la pension d\u2019invalidit\u00e9 ?","answer":"La lettre doit \u00eatre adress\u00e9e \u00e0 l'organisme qui g\u00e8re votre pension d'invalidit\u00e9, comme la S\u00e9curit\u00e9 sociale, la MDPH (Maison D\u00e9partementale des Personnes Handicap\u00e9es) ou votre caisse de retraite."},"5":{"question":"Quel est le d\u00e9lai de traitement pour une demande de r\u00e9vision de pension d\u2019invalidit\u00e9 ?","answer":"Le d\u00e9lai de traitement peut varier, mais il est g\u00e9n\u00e9ralement compris entre quelques semaines et plusieurs mois. Il est recommand\u00e9 de suivre l'\u00e9volution de votre demande en contactant r\u00e9guli\u00e8rement l'organisme concern\u00e9."},"6":{"question":" Que faire si ma demande de r\u00e9vision est rejet\u00e9e ?","answer":"Si votre demande de r\u00e9vision est rejet\u00e9e, vous pouvez faire appel de la d\u00e9cision. Il est conseill\u00e9 de consulter un avocat sp\u00e9cialis\u00e9 ou un conseiller en prestations sociales pour vous aider dans cette d\u00e9marche."},"7":{"question":"","answer":""},"8":{"question":"","answer":""},"9":{"question":"","answer":""},"10":{"question":"","answer":""},"11":{"question":"","answer":""},"12":{"question":"","answer":""},"13":{"question":"","answer":""},"14":{"question":"","answer":""},"15":{"question":"","answer":""},"16":{"question":"","answer":""}}},"_links":{"self":[{"href":"https:\/\/www.mes-allocs.fr\/guides\/wp-json\/wp\/v2\/posts\/80606","targetHints":{"allow":["GET"]}}],"collection":[{"href":"https:\/\/www.mes-allocs.fr\/guides\/wp-json\/wp\/v2\/posts"}],"about":[{"href":"https:\/\/www.mes-allocs.fr\/guides\/wp-json\/wp\/v2\/types\/post"}],"author":[{"embeddable":true,"href":"https:\/\/www.mes-allocs.fr\/guides\/wp-json\/wp\/v2\/users\/26"}],"replies":[{"embeddable":true,"href":"https:\/\/www.mes-allocs.fr\/guides\/wp-json\/wp\/v2\/comments?post=80606"}],"version-history":[{"count":4,"href":"https:\/\/www.mes-allocs.fr\/guides\/wp-json\/wp\/v2\/posts\/80606\/revisions"}],"predecessor-version":[{"id":94245,"href":"https:\/\/www.mes-allocs.fr\/guides\/wp-json\/wp\/v2\/posts\/80606\/revisions\/94245"}],"wp:featuredmedia":[{"embeddable":true,"href":"https:\/\/www.mes-allocs.fr\/guides\/wp-json\/wp\/v2\/media\/71679"}],"wp:attachment":[{"href":"https:\/\/www.mes-allocs.fr\/guides\/wp-json\/wp\/v2\/media?parent=80606"}],"wp:term":[{"taxonomy":"category","embeddable":true,"href":"https:\/\/www.mes-allocs.fr\/guides\/wp-json\/wp\/v2\/categories?post=80606"},{"taxonomy":"post_tag","embeddable":true,"href":"https:\/\/www.mes-allocs.fr\/guides\/wp-json\/wp\/v2\/tags?post=80606"}],"curies":[{"name":"wp","href":"https:\/\/api.w.org\/{rel}","templated":true}]}}