{"id":80595,"date":"2024-06-27T12:13:24","date_gmt":"2024-06-27T10:13:24","guid":{"rendered":"https:\/\/www.mes-allocs.fr\/guides\/?p=80595"},"modified":"2026-04-22T10:52:57","modified_gmt":"2026-04-22T09:52:57","slug":"categorie-pension-invalidite","status":"publish","type":"post","link":"https:\/\/www.mes-allocs.fr\/guides\/pension-invalidite\/categorie-pension-invalidite\/","title":{"rendered":"Quelles sont les diff\u00e9rentes cat\u00e9gories de pension d\u2019invalidit\u00e9 ?"},"content":{"rendered":"<p><img loading=\"lazy\" decoding=\"async\" class=\"alignnone wp-image-71112 size-full\" title=\"cat\u00e9gorie pension invalidit\u00e9\" src=\"https:\/\/www.mes-allocs.fr\/guides\/wp-content\/uploads\/2023\/11\/pension-invalidite-categorie-2-.2-e1700571412842.jpg\" alt=\"cat\u00e9gorie pension invalidit\u00e9\" width=\"1280\" height=\"326\" srcset=\"https:\/\/www.mes-allocs.fr\/guides\/wp-content\/uploads\/2023\/11\/pension-invalidite-categorie-2-.2-e1700571412842.jpg 1280w, https:\/\/www.mes-allocs.fr\/guides\/wp-content\/uploads\/2023\/11\/pension-invalidite-categorie-2-.2-e1700571412842-300x76.jpg 300w, https:\/\/www.mes-allocs.fr\/guides\/wp-content\/uploads\/2023\/11\/pension-invalidite-categorie-2-.2-e1700571412842-1024x261.jpg 1024w, https:\/\/www.mes-allocs.fr\/guides\/wp-content\/uploads\/2023\/11\/pension-invalidite-categorie-2-.2-e1700571412842-768x196.jpg 768w, https:\/\/www.mes-allocs.fr\/guides\/wp-content\/uploads\/2023\/11\/pension-invalidite-categorie-2-.2-e1700571412842-600x153.jpg 600w\" sizes=\"auto, (max-width: 1280px) 100vw, 1280px\" \/><\/p>\n<p><strong>La <a href=\"https:\/\/www.mes-allocs.fr\/guides\/pension-invalidite\/\">pension d&rsquo;invalidit\u00e9<\/a> est une prestation vers\u00e9e aux personnes dont la capacit\u00e9 de travail est r\u00e9duite en raison d&rsquo;un accident ou d&rsquo;une maladie non li\u00e9e au travail. En France, il existe plusieurs cat\u00e9gories de pension d&rsquo;invalidit\u00e9, chacune correspondant \u00e0 un niveau d&rsquo;invalidit\u00e9 diff\u00e9rent. Comprendre ces cat\u00e9gories est essentiel pour savoir \u00e0 quelle aide vous pouvez pr\u00e9tendre en fonction de votre situation.<\/strong><\/p>\n<div class='cta-block'><div class='text'>Simulez toutes vos Aides en 2 min.<\/div><a href='https:\/\/www.mes-allocs.fr\/ab-app?origin=guides\/wp-json\/wp\/v2\/posts\/80595' class='app-button fit'>Simulation gratuite<\/a><\/div>\n<h1>Qu\u2019est-ce que la pension d\u2019invalidit\u00e9 ?<\/h1>\n<h2>D\u00e9finition de la pension d\u2019invalidit\u00e9<\/h2>\n<p>La pension d&rsquo;invalidit\u00e9 est une aide financi\u00e8re vers\u00e9e par la S\u00e9curit\u00e9 sociale aux personnes reconnues invalides, c&rsquo;est-\u00e0-dire celles dont la capacit\u00e9 de travail est r\u00e9duite en raison d&rsquo;un accident ou d&rsquo;une maladie non li\u00e9e au travail. Cette pension vise \u00e0 compenser la perte de revenus caus\u00e9e par l&rsquo;incapacit\u00e9 de la personne \u00e0 exercer une activit\u00e9 professionnelle normale. L&rsquo;invalidit\u00e9 est reconnue par un m\u00e9decin conseil de la S\u00e9curit\u00e9 sociale, qui \u00e9value le degr\u00e9 de r\u00e9duction de la capacit\u00e9 de travail.<\/p>\n<p>La pension d&rsquo;invalidit\u00e9 se d\u00e9cline en trois cat\u00e9gories, chacune correspondant \u00e0 un niveau d&rsquo;invalidit\u00e9 et de capacit\u00e9 de travail r\u00e9siduelle diff\u00e9rent. Ces cat\u00e9gories permettent de d\u00e9terminer le <a href=\"https:\/\/www.mes-allocs.fr\/guides\/pension-invalidite\/montant-pension-invalidite\/\">montant de la pension d&rsquo;invalidit\u00e9<\/a> vers\u00e9e, en fonction de la gravit\u00e9 de l&rsquo;invalidit\u00e9 et des besoins de la personne concern\u00e9e.<\/p>\n<h2>Objectifs de la pension d\u2019invalidit\u00e9<\/h2>\n<p>Les principaux objectifs de la pension d&rsquo;invalidit\u00e9 sont les suivants :<\/p>\n<ol>\n<li><strong>Compensation de la perte de revenus<\/strong> : la pension d&rsquo;invalidit\u00e9 vise \u00e0 compenser la perte de salaire due \u00e0 la r\u00e9duction de la capacit\u00e9 de travail de la personne invalide. Elle permet ainsi de maintenir un certain niveau de vie malgr\u00e9 l&rsquo;incapacit\u00e9 \u00e0 exercer une activit\u00e9 professionnelle normale.<\/li>\n<li><strong>Soutien financier<\/strong> : la pension d&rsquo;invalidit\u00e9 fournit un soutien financier aux personnes invalides, leur permettant de couvrir leurs besoins quotidiens et de faire face aux d\u00e9penses li\u00e9es \u00e0 leur \u00e9tat de sant\u00e9.<\/li>\n<li><strong>Autonomie et dignit\u00e9<\/strong> : en offrant un soutien financier, la pension d&rsquo;invalidit\u00e9 contribue \u00e0 pr\u00e9server l&rsquo;autonomie et la dignit\u00e9 des personnes invalides, en leur permettant de subvenir \u00e0 leurs besoins sans d\u00e9pendre exclusivement de l&rsquo;aide de leur entourage ou des institutions.<\/li>\n<li><strong>Incitation \u00e0 la r\u00e9adaptation professionnelle<\/strong> : dans certaines situations, la pension d&rsquo;invalidit\u00e9 peut \u00e9galement encourager les personnes concern\u00e9es \u00e0 suivre des programmes de r\u00e9adaptation professionnelle ou de reconversion, afin de retrouver une capacit\u00e9 de travail partielle ou totale et de r\u00e9int\u00e9grer le march\u00e9 du travail.<\/li>\n<\/ol>\n<h1>Les enjeux de la cat\u00e9gorisation de la pension d&rsquo;invalidit\u00e9<\/h1>\n<h2>Importance de la classification des pensions d\u2019invalidit\u00e9<\/h2>\n<p>La classification des pensions d&rsquo;invalidit\u00e9 en trois cat\u00e9gories est cruciale pour plusieurs raisons :<\/p>\n<ol>\n<li><strong>\u00c9valuation pr\u00e9cise de la situation<\/strong> : la classification permet une \u00e9valuation pr\u00e9cise du degr\u00e9 d&rsquo;invalidit\u00e9 de chaque personne, en tenant compte de la r\u00e9duction de sa capacit\u00e9 de travail et de ses besoins sp\u00e9cifiques. Cela permet de d\u00e9terminer de mani\u00e8re juste et \u00e9quitable le montant de la pension \u00e0 verser.<\/li>\n<li><strong>Adaptation des aides financi\u00e8res<\/strong> : en fonction de la cat\u00e9gorie d&rsquo;invalidit\u00e9, les montants des pensions sont adapt\u00e9s pour mieux r\u00e9pondre aux besoins financiers des personnes concern\u00e9es. Par exemple, une personne incapable de travailler percevra une pension plus \u00e9lev\u00e9e qu&rsquo;une personne pouvant encore exercer une activit\u00e9 r\u00e9mun\u00e9r\u00e9e.<\/li>\n<li><strong>Gestion des ressources publiques<\/strong> : la classification permet \u00e9galement une meilleure gestion des ressources publiques allou\u00e9es aux pensions d&rsquo;invalidit\u00e9. En attribuant des montants de pension adapt\u00e9s aux diff\u00e9rents niveaux d&rsquo;invalidit\u00e9, la S\u00e9curit\u00e9 sociale peut r\u00e9partir de mani\u00e8re plus efficace les aides financi\u00e8res disponibles.<\/li>\n<li><strong>Transparence et \u00e9quit\u00e9<\/strong> : la classification des pensions d&rsquo;invalidit\u00e9 garantit une transparence et une \u00e9quit\u00e9 dans l&rsquo;attribution des aides financi\u00e8res. Chaque personne invalide est \u00e9valu\u00e9e selon des crit\u00e8res objectifs, ce qui permet de pr\u00e9venir les abus et de s&rsquo;assurer que les ressources publiques sont utilis\u00e9es de mani\u00e8re appropri\u00e9e.<\/li>\n<\/ol>\n<h2>Objectifs de l\u2019attribution de cat\u00e9gories sp\u00e9cifiques<\/h2>\n<p>L&rsquo;attribution de cat\u00e9gories sp\u00e9cifiques aux pensions d&rsquo;invalidit\u00e9 a plusieurs objectifs :<\/p>\n<ol>\n<li><strong>Reconnaissance des besoins vari\u00e9s<\/strong> : en attribuant des cat\u00e9gories sp\u00e9cifiques, la S\u00e9curit\u00e9 sociale reconna\u00eet que les besoins des personnes invalides varient en fonction de la gravit\u00e9 de leur invalidit\u00e9 et de leur capacit\u00e9 de travail r\u00e9siduelle. Cela permet de mieux r\u00e9pondre aux besoins individuels de chaque personne.<\/li>\n<li><strong>Encouragement \u00e0 l&rsquo;activit\u00e9 professionnelle<\/strong> : la premi\u00e8re cat\u00e9gorie de pension d&rsquo;invalidit\u00e9, qui concerne les personnes capables d&rsquo;exercer une activit\u00e9 r\u00e9mun\u00e9r\u00e9e malgr\u00e9 leur invalidit\u00e9, a pour objectif d&rsquo;encourager ces personnes \u00e0 continuer \u00e0 travailler. En leur versant une pension qui compense partiellement leur perte de salaire, la S\u00e9curit\u00e9 sociale incite \u00e0 maintenir une activit\u00e9 professionnelle.<\/li>\n<li><strong>Soutien aux personnes totalement incapables de travailler<\/strong> : les deuxi\u00e8me et troisi\u00e8me cat\u00e9gories de pension d&rsquo;invalidit\u00e9 sont destin\u00e9es aux personnes incapables d&rsquo;exercer une activit\u00e9 professionnelle. Ces cat\u00e9gories visent \u00e0 fournir un soutien financier plus important \u00e0 ces personnes, en reconnaissant que leur incapacit\u00e9 totale \u00e0 travailler entra\u00eene une perte de revenus plus significative.<\/li>\n<li><strong>Prise en charge des besoins sp\u00e9cifiques<\/strong> : la troisi\u00e8me cat\u00e9gorie de pension d&rsquo;invalidit\u00e9, qui inclut une majoration pour tierce personne, a pour objectif de prendre en charge les besoins sp\u00e9cifiques des personnes n\u00e9cessitant une assistance pour accomplir les actes ordinaires de la vie. Cette majoration permet de compenser les d\u00e9penses li\u00e9es \u00e0 l&rsquo;assistance n\u00e9cessaire, en assurant un soutien financier ad\u00e9quat.<\/li>\n<\/ol>\n<div class='cta-block'><div class='text'>Simulez toutes vos Aides en 2 min.<\/div><a href='https:\/\/www.mes-allocs.fr\/ab-app?origin=guides\/wp-json\/wp\/v2\/posts\/80595' class='app-button fit'>Simulation gratuite<\/a><\/div>\n<h1>Les 3 cat\u00e9gories de pension d&rsquo;invalidit\u00e9 et leurs sp\u00e9cificit\u00e9s<\/h1>\n<h2>Premi\u00e8re cat\u00e9gorie : invalidit\u00e9 partielle<\/h2>\n<p>L&rsquo;<a href=\"https:\/\/www.mes-allocs.fr\/guides\/pension-invalidite\/categorie-pension-invalidite\/invalidite-categorie-1\/\">invalidit\u00e9 de cat\u00e9gorie 1<\/a> est pour ceux dont l&rsquo;incapacit\u00e9 de travail est entre <strong>50% et 66%.<\/strong> Ils peuvent encore travailler partiellement.<\/p>\n<p>Les b\u00e9n\u00e9ficiaires re\u00e7oivent environ <strong>30%<\/strong> de leur salaire annuel moyen avant l&rsquo;invalidit\u00e9.<\/p>\n<h2>Deuxi\u00e8me cat\u00e9gorie : invalidit\u00e9 totale<\/h2>\n<p>L&rsquo;<a href=\"https:\/\/www.mes-allocs.fr\/guides\/pension-invalidite\/categorie-pension-invalidite\/invalidite-categorie-2\/\">invalidit\u00e9 de cat\u00e9gorie 2<\/a> concerne les assur\u00e9s dont l&rsquo;incapacit\u00e9 de travail est d\u2019au moins <strong>66%,<\/strong> rendant impossible tout travail r\u00e9mun\u00e9r\u00e9.<\/p>\n<p>Les b\u00e9n\u00e9ficiaires re\u00e7oivent environ<strong> 50%<\/strong> de leur salaire annuel moyen avant l&rsquo;invalidit\u00e9.<\/p>\n<h2>Troisi\u00e8me cat\u00e9gorie : invalidit\u00e9 totale avec assistance<\/h2>\n<p>L&rsquo;<a href=\"https:\/\/www.mes-allocs.fr\/guides\/pension-invalidite\/categorie-pension-invalidite\/invalidite-categorie-3\/\">invalidit\u00e9 de cat\u00e9gorie 3<\/a> concerne ceux totalement inaptes \u00e0 tout travail et n\u00e9cessitant une assistance pour les actes quotidiens.<\/p>\n<p>Les b\u00e9n\u00e9ficiaires re\u00e7oivent<strong> 50% de leur salaire annuel moyen, avec une majoration pour tierce personne d\u2019environ 14 342,30 \u20ac par an.<\/strong><\/p>\n<p><iframe loading=\"lazy\" title=\"La pension d&#039;invalidit\u00e9\" width=\"500\" height=\"281\" src=\"https:\/\/www.youtube.com\/embed\/_UJaa1UDtZs?feature=oembed\" frameborder=\"0\" allow=\"accelerometer; autoplay; clipboard-write; encrypted-media; gyroscope; picture-in-picture; web-share\" referrerpolicy=\"strict-origin-when-cross-origin\" allowfullscreen><\/iframe><\/p>\n<h1>Les conditions d\u2019\u00e9ligibilit\u00e9 pour la pension d\u2019invalidit\u00e9<\/h1>\n<p>D\u00e9couvrez les <a href=\"https:\/\/www.mes-allocs.fr\/guides\/pension-invalidite\/pension-invalidite-conditions\/\">conditions de la pension d&rsquo;invalidit\u00e9<\/a>.<\/p>\n<h2>Crit\u00e8res m\u00e9dicaux et administratifs<\/h2>\n<p>Pour \u00eatre \u00e9ligible, un assur\u00e9 doit avoir une incapacit\u00e9 de travail d&rsquo;au moins 50% reconnue par un m\u00e9decin conseil. Il doit \u00eatre affili\u00e9 \u00e0 la S\u00e9curit\u00e9 sociale depuis au moins douze mois et avoir cotis\u00e9 un certain montant ou r\u00e9alis\u00e9 un nombre minimal d&rsquo;heures de travail.<\/p>\n<h2>Conditions li\u00e9es \u00e0 l\u2019emploi et \u00e0 la cotisation<\/h2>\n<p>L&rsquo;assur\u00e9 doit avoir cotis\u00e9 \u00e0 la S\u00e9curit\u00e9 sociale pendant au moins douze mois avant la reconnaissance de l&rsquo;invalidit\u00e9. Il doit aussi avoir travaill\u00e9 un nombre minimal d&rsquo;heures ou vers\u00e9 des cotisations suffisantes. Ces conditions assurent que la pension est accord\u00e9e aux personnes qui ont contribu\u00e9 au syst\u00e8me de s\u00e9curit\u00e9 sociale.<\/p>\n<div class=\"flex flex-grow flex-col max-w-full\">\n<div class=\"min-h-[20px] text-message flex flex-col items-start whitespace-pre-wrap break-words [.text-message+&amp;]:mt-5 juice:w-full juice:items-end overflow-x-auto gap-2\" dir=\"auto\" data-message-author-role=\"assistant\" data-message-id=\"8e61a475-2eaf-4959-9615-15341f93e59c\">\n<div class=\"flex w-full flex-col gap-1 juice:empty:hidden juice:first:pt-[3px]\">\n<div class=\"markdown prose w-full break-words dark:prose-invert dark\">\n<h1>Comparaison entre les cat\u00e9gories de pension d\u2019invalidit\u00e9<\/h1>\n<h2>Diff\u00e9rences dans les crit\u00e8res d\u2019\u00e9valuation m\u00e9dicale et administrative<\/h2>\n<p>En France, les pensions d&rsquo;invalidit\u00e9 sont class\u00e9es en trois cat\u00e9gories. La premi\u00e8re cat\u00e9gorie est pour les personnes avec une incapacit\u00e9 de travail entre<strong> 50% et 66%<\/strong>, mais qui peuvent encore travailler. La deuxi\u00e8me cat\u00e9gorie concerne ceux avec une incapacit\u00e9 d&rsquo;au moins <strong>66%<\/strong> et qui ne peuvent pas travailler. La troisi\u00e8me cat\u00e9gorie inclut les personnes n\u00e9cessitant une aide pour les actes quotidiens en plus d&rsquo;une incapacit\u00e9 totale de travail.<\/p>\n<h2>Impact sur les prestations et les droits du b\u00e9n\u00e9ficiaire<\/h2>\n<p>Les prestations varient selon la cat\u00e9gorie. La premi\u00e8re cat\u00e9gorie re\u00e7oit la pension la moins \u00e9lev\u00e9e. La deuxi\u00e8me offre une pension plus importante pour l&rsquo;incapacit\u00e9 totale de travail. La troisi\u00e8me cat\u00e9gorie comprend une majoration pour l&rsquo;assistance n\u00e9cessaire. Ces prestations influencent l&rsquo;acc\u00e8s \u00e0 d&rsquo;autres aides sociales comme l&rsquo;AAH et les aides au logement.<\/p>\n<h1>R\u00e9visions et recours<\/h1>\n<h2>Proc\u00e9dures pour contester une d\u00e9cision ou demander une r\u00e9vision<\/h2>\n<p>Les b\u00e9n\u00e9ficiaires peuvent contester les d\u00e9cisions de la S\u00e9curit\u00e9 sociale aupr\u00e8s de la Commission de recours amiable (CRA) dans les deux mois suivant la d\u00e9cision. Si la r\u00e9ponse est insatisfaisante, ils peuvent saisir le Tribunal de la s\u00e9curit\u00e9 sociale (TASS). Les r\u00e9visions peuvent \u00eatre demand\u00e9es p\u00e9riodiquement en fonction de l&rsquo;\u00e9tat de sant\u00e9.<\/p>\n<h2>R\u00f4le des experts m\u00e9dicaux et des commissions d\u2019invalidit\u00e9 dans les recours<\/h2>\n<p>Les experts m\u00e9dicaux \u00e9valuent l&rsquo;\u00e9tat de sant\u00e9 de l&rsquo;assur\u00e9 et sa capacit\u00e9 de travail. Les commissions d&rsquo;invalidit\u00e9, compos\u00e9es de m\u00e9decins et de repr\u00e9sentants de la S\u00e9curit\u00e9 sociale, examinent les dossiers et rendent des d\u00e9cisions. Ils s&rsquo;assurent que les d\u00e9cisions sont justes et bas\u00e9es sur des crit\u00e8res m\u00e9dicaux objectifs.<\/p>\n<h1>Invalidit\u00e9 de cat\u00e9gorie 1, 2 ou 3 : qu\u2019est-ce que cela change pour votre retraite ?<\/h1>\n<h2>Impact sur le calcul des trimestres de retraite<\/h2>\n<p>L&rsquo;invalidit\u00e9, qu&rsquo;elle soit de cat\u00e9gorie 1, 2 ou 3, permet de valider des trimestres pour la retraite. Chaque p\u00e9riode d&rsquo;invalidit\u00e9 est consid\u00e9r\u00e9e comme une p\u00e9riode assimil\u00e9e, aidant ainsi \u00e0 atteindre le nombre de trimestres n\u00e9cessaires pour une retraite \u00e0 taux plein.<\/p>\n<h2>Influence sur le montant de la pension de retraite<\/h2>\n<p>Le montant de la pension de retraite varie selon la cat\u00e9gorie d&rsquo;invalidit\u00e9. En cat\u00e9gorie 1, les salaires per\u00e7us avant et pendant l&rsquo;invalidit\u00e9 sont pris en compte. En cat\u00e9gories 2 et 3, la pension d&rsquo;invalidit\u00e9 est int\u00e9gr\u00e9e au calcul, souvent de mani\u00e8re plus avantageuse pour compenser la perte de revenu. La cat\u00e9gorie 3 peut inclure des majorations pour l&rsquo;assistance d&rsquo;une tierce personne, augmentant ainsi la pension de retraite.<\/p>\n<\/div>\n<\/div>\n<\/div>\n<\/div>\n<div class='cta-block'><div class='text'>Simulez toutes vos Aides en 2 min.<\/div><a href='https:\/\/www.mes-allocs.fr\/ab-app?origin=guides\/wp-json\/wp\/v2\/posts\/80595' class='app-button fit'>Simulation gratuite<\/a><\/div>\n","protected":false},"excerpt":{"rendered":"<p>La pension d&rsquo;invalidit\u00e9 est une prestation vers\u00e9e aux personnes dont la capacit\u00e9 de travail est r\u00e9duite en raison d&rsquo;un accident ou d&rsquo;une maladie non li\u00e9e au travail. En France, il existe plusieurs cat\u00e9gories de pension d&rsquo;invalidit\u00e9, chacune correspondant \u00e0 un niveau d&rsquo;invalidit\u00e9 diff\u00e9rent. Comprendre ces cat\u00e9gories est essentiel pour savoir \u00e0 quelle aide vous pouvez [&hellip;]<\/p>\n","protected":false},"author":26,"featured_media":71104,"comment_status":"open","ping_status":"open","sticky":false,"template":"","format":"standard","meta":{"amp_status":"","footnotes":""},"categories":[35633],"tags":[],"class_list":["post-80595","post","type-post","status-publish","format-standard","has-post-thumbnail","hentry","category-pension-invalidite"],"yoast_head":"<!-- This site is optimized with the Yoast SEO plugin v14.9 - https:\/\/yoast.com\/wordpress\/plugins\/seo\/ -->\n<title>Quelles sont les diff\u00e9rentes cat\u00e9gories de pension d\u2019invalidit\u00e9 ?<\/title>\n<meta name=\"description\" content=\"En France, il existe plusieurs cat\u00e9gories de pension d&#039;invalidit\u00e9, chacune correspondant \u00e0 un niveau d&#039;invalidit\u00e9 diff\u00e9rent.\" \/>\n<meta name=\"robots\" content=\"index, follow, max-snippet:-1, max-image-preview:large, max-video-preview:-1\" \/>\n<link rel=\"canonical\" href=\"https:\/\/www.mes-allocs.fr\/guides\/pension-invalidite\/categorie-pension-invalidite\/\" \/>\n<meta property=\"og:locale\" content=\"fr_FR\" \/>\n<meta property=\"og:type\" content=\"article\" \/>\n<meta property=\"og:title\" content=\"Quelles sont les diff\u00e9rentes cat\u00e9gories de pension d\u2019invalidit\u00e9 ?\" \/>\n<meta property=\"og:description\" content=\"En France, il existe plusieurs cat\u00e9gories de pension d&#039;invalidit\u00e9, chacune correspondant \u00e0 un niveau d&#039;invalidit\u00e9 diff\u00e9rent.\" \/>\n<meta property=\"og:url\" content=\"https:\/\/www.mes-allocs.fr\/guides\/pension-invalidite\/categorie-pension-invalidite\/\" \/>\n<meta property=\"og:site_name\" content=\"Mes-Allocs.fr\" \/>\n<meta property=\"article:published_time\" content=\"2024-06-27T10:13:24+00:00\" \/>\n<meta property=\"article:modified_time\" content=\"2026-04-22T09:52:57+00:00\" \/>\n<meta property=\"og:image\" content=\"https:\/\/www.mes-allocs.fr\/guides\/wp-content\/uploads\/2023\/11\/Pension-invalidite-categorie-1-.jpg?wsr\" \/>\n\t<meta property=\"og:image:width\" content=\"590\" \/>\n\t<meta property=\"og:image:height\" content=\"534\" \/>\n<meta name=\"twitter:card\" content=\"summary_large_image\" \/>\n<script type=\"application\/ld+json\" class=\"yoast-schema-graph\">{\"@context\":\"https:\/\/schema.org\",\"@graph\":[{\"@type\":\"WebSite\",\"@id\":\"https:\/\/www.mes-allocs.fr\/guides\/#website\",\"url\":\"https:\/\/www.mes-allocs.fr\/guides\/\",\"name\":\"Mes-Allocs.fr\",\"description\":\"\",\"potentialAction\":[{\"@type\":\"SearchAction\",\"target\":\"https:\/\/www.mes-allocs.fr\/guides\/?s={search_term_string}\",\"query-input\":\"required name=search_term_string\"}],\"inLanguage\":\"fr-FR\"},{\"@type\":\"ImageObject\",\"@id\":\"https:\/\/www.mes-allocs.fr\/guides\/pension-invalidite\/categorie-pension-invalidite\/#primaryimage\",\"inLanguage\":\"fr-FR\",\"url\":\"https:\/\/www.mes-allocs.fr\/guides\/wp-content\/uploads\/2023\/11\/Pension-invalidite-categorie-1-.jpg?wsr\",\"width\":590,\"height\":534,\"caption\":\"montant pension invalidit\\u00e9\"},{\"@type\":\"WebPage\",\"@id\":\"https:\/\/www.mes-allocs.fr\/guides\/pension-invalidite\/categorie-pension-invalidite\/#webpage\",\"url\":\"https:\/\/www.mes-allocs.fr\/guides\/pension-invalidite\/categorie-pension-invalidite\/\",\"name\":\"Quelles sont les diff\\u00e9rentes cat\\u00e9gories de pension d\\u2019invalidit\\u00e9 ?\",\"isPartOf\":{\"@id\":\"https:\/\/www.mes-allocs.fr\/guides\/#website\"},\"primaryImageOfPage\":{\"@id\":\"https:\/\/www.mes-allocs.fr\/guides\/pension-invalidite\/categorie-pension-invalidite\/#primaryimage\"},\"datePublished\":\"2024-06-27T10:13:24+00:00\",\"dateModified\":\"2026-04-22T09:52:57+00:00\",\"author\":{\"@id\":\"https:\/\/www.mes-allocs.fr\/guides\/#\/schema\/person\/9c38f3be41a0ddcd1e3fde5a3df713bf\"},\"description\":\"En France, il existe plusieurs cat\\u00e9gories de pension d'invalidit\\u00e9, chacune correspondant \\u00e0 un niveau d'invalidit\\u00e9 diff\\u00e9rent.\",\"inLanguage\":\"fr-FR\"},{\"@type\":\"Person\",\"@id\":\"https:\/\/www.mes-allocs.fr\/guides\/#\/schema\/person\/9c38f3be41a0ddcd1e3fde5a3df713bf\",\"name\":\"Sessime Ananou\",\"image\":{\"@type\":\"ImageObject\",\"@id\":\"https:\/\/www.mes-allocs.fr\/guides\/#personlogo\",\"inLanguage\":\"fr-FR\",\"url\":\"https:\/\/www.mes-allocs.fr\/guides\/wp-content\/uploads\/2023\/08\/IMG_8173-150x150.jpg\",\"caption\":\"Sessime Ananou\"},\"description\":\"Sessime est r\\u00e9dactrice chez Mes Allocs, sp\\u00e9cialis\\u00e9e sur le pouvoir d'achat. Elle rejoint l'\\u00e9quipe Mes Allocs en ao\\u00fbt 2023 afin de simplifier l'acc\\u00e8s \\u00e0 l'information sur les aides en g\\u00e9n\\u00e9ral.\"}]}<\/script>\n<!-- \/ Yoast SEO plugin. -->","amp_validity":null,"acf":{"faq":{"1":{"question":"Qu'est-ce que la pension d'invalidit\u00e9 ?","answer":"La pension d'invalidit\u00e9 est une aide financi\u00e8re vers\u00e9e par la S\u00e9curit\u00e9 sociale aux personnes reconnues invalides en raison de la r\u00e9duction de leur capacit\u00e9 de travail."},"2":{"question":" Combien de cat\u00e9gories de pensions d'invalidit\u00e9 existe-t-il ?","answer":"Il existe trois cat\u00e9gories de pensions d'invalidit\u00e9 en France, d\u00e9finies par le Code de la S\u00e9curit\u00e9 sociale en fonction du degr\u00e9 d'invalidit\u00e9 et de la capacit\u00e9 de travail r\u00e9siduelle."},"3":{"question":"Quelles sont les caract\u00e9ristiques de la premi\u00e8re cat\u00e9gorie de pension d'invalidit\u00e9 ?","answer":"La premi\u00e8re cat\u00e9gorie concerne les personnes capables d'exercer une activit\u00e9 r\u00e9mun\u00e9r\u00e9e malgr\u00e9 leur invalidit\u00e9. La pension de cette cat\u00e9gorie vise \u00e0 compenser la perte de salaire."},"4":{"question":" En quoi consiste la deuxi\u00e8me cat\u00e9gorie de pension d'invalidit\u00e9 ?","answer":"La deuxi\u00e8me cat\u00e9gorie s'adresse aux personnes incapables d'exercer une activit\u00e9 professionnelle quelconque. Cette pension est plus \u00e9lev\u00e9e que celle de la premi\u00e8re cat\u00e9gorie, car elle compense une perte de revenus plus importante."},"5":{"question":"Quelles sont les conditions pour b\u00e9n\u00e9ficier de la troisi\u00e8me cat\u00e9gorie de pension d'invalidit\u00e9 ?","answer":"La troisi\u00e8me cat\u00e9gorie concerne les personnes totalement incapables de travailler et n\u00e9cessitant l'assistance d'une tierce personne pour effectuer les actes ordinaires de la vie courante. Cette pension inclut une majoration pour tierce personne (MTP)."},"6":{"question":"Comment faire une demande de pension d'invalidit\u00e9 ?","answer":"Pour demander une pension d'invalidit\u00e9, il faut d\u00e9poser un dossier aupr\u00e8s de la S\u00e9curit\u00e9 sociale, accompagn\u00e9 d'un certificat m\u00e9dical d\u00e9taillant votre \u00e9tat de sant\u00e9 et votre incapacit\u00e9 \u00e0 travailler."},"7":{"question":"","answer":""},"8":{"question":"","answer":""},"9":{"question":"","answer":""},"10":{"question":"","answer":""},"11":{"question":"","answer":""},"12":{"question":"","answer":""},"13":{"question":"","answer":""},"14":{"question":"","answer":""},"15":{"question":"","answer":""},"16":{"question":"","answer":""}}},"_links":{"self":[{"href":"https:\/\/www.mes-allocs.fr\/guides\/wp-json\/wp\/v2\/posts\/80595","targetHints":{"allow":["GET"]}}],"collection":[{"href":"https:\/\/www.mes-allocs.fr\/guides\/wp-json\/wp\/v2\/posts"}],"about":[{"href":"https:\/\/www.mes-allocs.fr\/guides\/wp-json\/wp\/v2\/types\/post"}],"author":[{"embeddable":true,"href":"https:\/\/www.mes-allocs.fr\/guides\/wp-json\/wp\/v2\/users\/26"}],"replies":[{"embeddable":true,"href":"https:\/\/www.mes-allocs.fr\/guides\/wp-json\/wp\/v2\/comments?post=80595"}],"version-history":[{"count":6,"href":"https:\/\/www.mes-allocs.fr\/guides\/wp-json\/wp\/v2\/posts\/80595\/revisions"}],"predecessor-version":[{"id":94172,"href":"https:\/\/www.mes-allocs.fr\/guides\/wp-json\/wp\/v2\/posts\/80595\/revisions\/94172"}],"wp:featuredmedia":[{"embeddable":true,"href":"https:\/\/www.mes-allocs.fr\/guides\/wp-json\/wp\/v2\/media\/71104"}],"wp:attachment":[{"href":"https:\/\/www.mes-allocs.fr\/guides\/wp-json\/wp\/v2\/media?parent=80595"}],"wp:term":[{"taxonomy":"category","embeddable":true,"href":"https:\/\/www.mes-allocs.fr\/guides\/wp-json\/wp\/v2\/categories?post=80595"},{"taxonomy":"post_tag","embeddable":true,"href":"https:\/\/www.mes-allocs.fr\/guides\/wp-json\/wp\/v2\/tags?post=80595"}],"curies":[{"name":"wp","href":"https:\/\/api.w.org\/{rel}","templated":true}]}}