{"id":79153,"date":"2024-05-21T17:14:00","date_gmt":"2024-05-21T15:14:00","guid":{"rendered":"https:\/\/www.mes-allocs.fr\/guides\/?p=79153"},"modified":"2026-04-22T10:53:09","modified_gmt":"2026-04-22T09:53:09","slug":"contrat-engagement-jeune-et-garantie-jeune","status":"publish","type":"post","link":"https:\/\/www.mes-allocs.fr\/guides\/contrat-engagement-jeune\/contrat-engagement-jeune-et-garantie-jeune\/","title":{"rendered":"Quelles diff\u00e9rences entre Contrat Engagement Jeune et Garantie Jeune ?"},"content":{"rendered":"<p><img loading=\"lazy\" decoding=\"async\" class=\"alignnone wp-image-39188 size-full\" title=\"contrat engagement jeune et garantie jeune\" src=\"https:\/\/www.mes-allocs.fr\/guides\/wp-content\/uploads\/2021\/10\/La-garantie-jeune-e1716301428273.jpg\" alt=\"contrat engagement jeune et garantie jeune\" width=\"1280\" height=\"326\" \/><\/p>\n<p style=\"text-align: justify;\"><strong>En France, le <a href=\"https:\/\/www.mes-allocs.fr\/guides\/contrat-engagement-jeune\/\">Contrat Engagement Jeune<\/a> et la Garantie Jeune sont deux dispositifs d&rsquo;aide \u00e0 l&rsquo;insertion professionnelle des jeunes. Le Contrat Engagement Jeune, destin\u00e9 aux 16-25 ans (jusqu&rsquo;\u00e0 29 ans pour les jeunes en situation de handicap), propose un accompagnement intensif et personnalis\u00e9 d&rsquo;une dur\u00e9e maximale de 12 mois, incluant des formations et des immersions en entreprise. La Garantie Jeune, quant \u00e0 elle, s&rsquo;adresse aux jeunes de 16 \u00e0 25 ans en situation de pr\u00e9carit\u00e9, offrant un suivi intensif d&rsquo;un an avec une aide financi\u00e8re. Les principales diff\u00e9rences r\u00e9sident dans leurs crit\u00e8res d&rsquo;\u00e9ligibilit\u00e9, la dur\u00e9e et les modalit\u00e9s de l&rsquo;accompagnement.<\/strong><\/p>\n<div class='cta-block'><div class='text'>Simulez votre \u00e9ligibilit\u00e9 au CEJ en 2 min. Gratuit.<\/div><a href='https:\/\/www.mes-allocs.fr\/ab-app?origin=guides\/wp-json\/wp\/v2\/posts\/79153' class='app-button fit'>Simulation gratuite<\/a><\/div>\n<div class=\"flex flex-grow flex-col max-w-full\">\n<div class=\"min-h-[20px] text-message flex flex-col items-start whitespace-pre-wrap break-words [.text-message+&amp;]:mt-5 juice:w-full juice:items-end overflow-x-auto gap-2\" dir=\"auto\" data-message-author-role=\"assistant\" data-message-id=\"41007e1c-4531-4d0b-b932-7ad61fb48cc3\">\n<div class=\"flex w-full flex-col gap-1 juice:empty:hidden juice:first:pt-[3px]\">\n<div class=\"markdown prose w-full break-words dark:prose-invert dark\">\n<h1>Pr\u00e9sentation des dispositifs<\/h1>\n<h2>Le Contrat Engagement Jeune<\/h2>\n<ol>\n<li><strong>Objectifs et mise en place :<\/strong> le Contrat Engagement Jeune vise \u00e0 offrir un accompagnement intensif et personnalis\u00e9 aux jeunes pour les aider \u00e0 s&rsquo;ins\u00e9rer durablement dans le monde du travail. Mis en place par le gouvernement fran\u00e7ais, ce dispositif comprend des formations, des ateliers, et des immersions en entreprise. L&rsquo;objectif est de renforcer les comp\u00e9tences professionnelles des jeunes, de les pr\u00e9parer aux exigences du march\u00e9 du travail et de faciliter leur acc\u00e8s \u00e0 l&#8217;emploi ou \u00e0 la formation.<\/li>\n<li><strong>Public cible : <\/strong>le Contrat Engagement Jeune s&rsquo;adresse aux jeunes de 16 \u00e0 25 ans (jusqu&rsquo;\u00e0 29 ans pour les jeunes en situation de handicap) qui ne sont ni en emploi, ni en formation, ni en \u00e9tudes. Il vise particuli\u00e8rement ceux qui sont \u00e9loign\u00e9s du march\u00e9 du travail et qui ont besoin d&rsquo;un accompagnement renforc\u00e9 pour trouver un emploi ou une formation.<\/li>\n<\/ol>\n<p><strong>\u00c0 noter<\/strong> : le <a href=\"https:\/\/www.mes-allocs.fr\/guides\/contrat-engagement-jeune\/contrat-engagement-jeune-cej-imposable\/\">Contrat d&rsquo;Engagement Jeune (CEJ) n&rsquo;est pas imposable<\/a>.<\/p>\n<p><iframe loading=\"lazy\" title=\"Le Contrat d&#039;Engagement Jeune (CEJ)\" width=\"500\" height=\"375\" src=\"https:\/\/www.youtube.com\/embed\/f_Hf5LBMHeQ?feature=oembed\" frameborder=\"0\" allow=\"accelerometer; autoplay; clipboard-write; encrypted-media; gyroscope; picture-in-picture; web-share\" referrerpolicy=\"strict-origin-when-cross-origin\" allowfullscreen><\/iframe><\/p>\n<h2>La Garantie Jeune<\/h2>\n<ol>\n<li><strong>Objectifs et mise en place : <\/strong>la Garantie Jeune avait pour objectif de favoriser l&rsquo;insertion professionnelle des jeunes en situation de pr\u00e9carit\u00e9. Ce dispositif, \u00e9galement mis en place par le gouvernement fran\u00e7ais, proposait un parcours intensif d&rsquo;accompagnement d&rsquo;une dur\u00e9e d&rsquo;un an, incluant des stages, des formations, et un soutien financier. L&rsquo;objectif \u00e9tait d&rsquo;aider ces jeunes \u00e0 acqu\u00e9rir une exp\u00e9rience professionnelle, \u00e0 d\u00e9velopper leurs comp\u00e9tences et \u00e0 surmonter les obstacles li\u00e9s \u00e0 l&#8217;emploi.<\/li>\n<li><strong>Public cible :<\/strong> la Garantie Jeune ciblait les jeunes de 16 \u00e0 25 ans en situation de pr\u00e9carit\u00e9, c&rsquo;est-\u00e0-dire ceux qui ne suivaient ni \u00e9tudes, ni formation, ni emploi et qui rencontraient des difficult\u00e9s financi\u00e8res et sociales. Ce programme \u00e9tait con\u00e7u pour offrir un soutien structur\u00e9 et personnalis\u00e9 \u00e0 ces jeunes afin de les aider \u00e0 s&rsquo;int\u00e9grer dans le monde du travail.<\/li>\n<\/ol>\n<p><strong>Ce dispositif n&rsquo;est plus disponible. Il a \u00e9t\u00e9 remplac\u00e9 par le Contrat d&rsquo;Engagement Jeune.<\/strong><\/p>\n<\/div>\n<\/div>\n<\/div>\n<\/div>\n<h1>Quels sont les crit\u00e8res d&rsquo;\u00e9ligibilit\u00e9 de ces aides ?<\/h1>\n<h2>Les crit\u00e8res pour le Contrat Engagement Jeune<\/h2>\n<p>Pour \u00eatre <a href=\"https:\/\/www.mes-allocs.fr\/guides\/contrat-engagement-jeune\/conditions-cej\/\">\u00e9ligible au Contrat Engagement Jeune<\/a>, les jeunes doivent remplir les crit\u00e8res suivants :<\/p>\n<ol>\n<li><strong>\u00c2ge :<\/strong> \u00eatre \u00e2g\u00e9 entre 16 et 25 ans. Pour les jeunes en situation de handicap, l&rsquo;\u00e2ge maximal est \u00e9tendu jusqu&rsquo;\u00e0 29 ans.<\/li>\n<li><strong>Statut :<\/strong> ne pas \u00eatre en emploi, en formation, ni en \u00e9tudes.<\/li>\n<li><strong>Motivation :<\/strong> \u00eatre motiv\u00e9 et pr\u00eat \u00e0 s&rsquo;engager dans un parcours intensif vers l&#8217;emploi, incluant des formations, des ateliers et des immersions en entreprise.<\/li>\n<\/ol>\n<h2>Les crit\u00e8res pour la Garantie Jeune<\/h2>\n<p>Les crit\u00e8res d&rsquo;\u00e9ligibilit\u00e9 pour la Garantie Jeune \u00e9taient les suivants :<\/p>\n<ol>\n<li><strong>\u00c2ge :<\/strong> \u00eatre \u00e2g\u00e9 entre 16 et 25 ans.<\/li>\n<li><strong>Situation :<\/strong> ne pas suivre d&rsquo;\u00e9tudes, ni de formation, ni \u00eatre en emploi.<\/li>\n<li><strong>Pr\u00e9carit\u00e9 :<\/strong> \u00eatre en situation de pr\u00e9carit\u00e9, c&rsquo;est-\u00e0-dire rencontrer des difficult\u00e9s financi\u00e8res et sociales.<\/li>\n<li><strong>Motivation :<\/strong> \u00eatre motiv\u00e9 et pr\u00eat \u00e0 s&rsquo;engager dans un parcours d&rsquo;insertion professionnelle comprenant des stages, des formations et un suivi intensif.<\/li>\n<\/ol>\n<h1>Modalit\u00e9s de l&rsquo;accompagnement<\/h1>\n<h2>L&rsquo;accompagnement dans le cadre du Contrat Engagement Jeune<\/h2>\n<ol>\n<li><strong>Dur\u00e9e :<\/strong> l&rsquo;accompagnement dans le cadre du Contrat Engagement Jeune peut durer jusqu&rsquo;\u00e0 12 mois. Cette dur\u00e9e peut \u00eatre ajust\u00e9e en fonction des besoins et des progr\u00e8s du jeune dans son parcours vers l&#8217;emploi.<\/li>\n<li><strong>Types de soutien :<\/strong>\n<ul>\n<li><strong>Formations :<\/strong> les jeunes b\u00e9n\u00e9ficient de formations adapt\u00e9es \u00e0 leurs besoins et \u00e0 leurs objectifs professionnels, visant \u00e0 renforcer leurs comp\u00e9tences et \u00e0 am\u00e9liorer leur employabilit\u00e9.<\/li>\n<li><strong>Ateliers :<\/strong> des ateliers sont organis\u00e9s pour travailler sur des comp\u00e9tences transversales telles que la recherche d&#8217;emploi, la communication, la gestion du stress, etc.<\/li>\n<li><strong>Immersions en entreprise :<\/strong> les jeunes ont l&rsquo;opportunit\u00e9 de d\u00e9couvrir le monde professionnel \u00e0 travers des p\u00e9riodes d&rsquo;immersion en entreprise, leur permettant de d\u00e9velopper leur r\u00e9seau et d&rsquo;acqu\u00e9rir une exp\u00e9rience concr\u00e8te.<\/li>\n<\/ul>\n<\/li>\n<\/ol>\n<h2>L&rsquo;accompagnement dans le cadre de la Garantie Jeune<\/h2>\n<ol>\n<li><strong>Dur\u00e9e :<\/strong> la Garantie Jeune proposait un accompagnement intensif d&rsquo;une dur\u00e9e maximale d&rsquo;un an (12 mois). Durant cette p\u00e9riode, les jeunes b\u00e9n\u00e9ficiaient d&rsquo;un suivi personnalis\u00e9 pour les aider \u00e0 s&rsquo;ins\u00e9rer dans le monde du travail.<\/li>\n<li><strong>Types de soutien :<\/strong>\n<ul>\n<li><strong>Stages :<\/strong> les jeunes avaient la possibilit\u00e9 d&rsquo;effectuer des stages en entreprise pour acqu\u00e9rir une premi\u00e8re exp\u00e9rience professionnelle et d\u00e9velopper leurs comp\u00e9tences.<\/li>\n<li><strong>Formations :<\/strong> des formations adapt\u00e9es aux besoins des jeunes \u00e9taient propos\u00e9es pour renforcer leurs comp\u00e9tences et favoriser leur employabilit\u00e9.<\/li>\n<li><strong>Aide financi\u00e8re :<\/strong> en plus de l&rsquo;accompagnement personnalis\u00e9, les jeunes b\u00e9n\u00e9ficiaient d&rsquo;une aide financi\u00e8re mensuelle pour les soutenir dans leur parcours d&rsquo;insertion professionnelle et pour couvrir leurs besoins essentiels.<\/li>\n<\/ul>\n<\/li>\n<\/ol>\n<h1>Quel est l&rsquo;impact et r\u00e9sultats attendus ?<\/h1>\n<h2>L&rsquo;impact du Contrat Engagement Jeune<\/h2>\n<p>Le Contrat Engagement Jeune vise \u00e0 produire les effets suivants :<\/p>\n<ol>\n<li><strong>Insertion professionnelle :<\/strong> en renfor\u00e7ant les comp\u00e9tences des jeunes et en les pr\u00e9parant aux exigences du march\u00e9 du travail, le Contrat Engagement Jeune vise \u00e0 favoriser leur insertion professionnelle durable.<\/li>\n<li><strong>R\u00e9duction du ch\u00f4mage des jeunes :<\/strong> en offrant un accompagnement intensif et personnalis\u00e9, le Contrat Engagement Jeune cherche \u00e0 r\u00e9duire le taux de ch\u00f4mage des jeunes en les aidant \u00e0 trouver un emploi ou une formation adapt\u00e9e \u00e0 leurs aspirations et \u00e0 leurs comp\u00e9tences.<\/li>\n<li><strong>Autonomie :<\/strong> en acqu\u00e9rant de nouvelles comp\u00e9tences et en d\u00e9veloppant leur employabilit\u00e9, les jeunes b\u00e9n\u00e9ficiaires du Contrat Engagement Jeune sont encourag\u00e9s \u00e0 devenir plus autonomes et \u00e0 prendre en main leur avenir professionnel.<\/li>\n<\/ol>\n<p><strong>Les <a href=\"https:\/\/www.mes-allocs.fr\/guides\/contrat-engagement-jeune\/atelier-cej\/\">ateliers du CEJ<\/a>\u00a0 jouent un r\u00f4le crucial dans l&rsquo;accompagnement des jeunes vers l&#8217;emploi et l&rsquo;autonomie professionnelle.<\/strong><\/p>\n<h2>L&rsquo;impact de la Garantie Jeune<\/h2>\n<div class=\"flex flex-grow flex-col max-w-full\">\n<div class=\"min-h-[20px] text-message flex flex-col items-start whitespace-pre-wrap break-words [.text-message+&amp;]:mt-5 juice:w-full juice:items-end overflow-x-auto gap-2\" dir=\"auto\" data-message-author-role=\"assistant\" data-message-id=\"40259a9e-4aa9-43d2-88bf-8f8928a8a00e\">\n<div class=\"flex w-full flex-col gap-1 juice:empty:hidden juice:first:pt-[3px]\">\n<div class=\"markdown prose w-full break-words dark:prose-invert dark\">\n<p>La Garantie Jeune visait \u00e0 g\u00e9n\u00e9rer les impacts suivants :<\/p>\n<ol>\n<li><strong>Int\u00e9gration dans le monde du travail :<\/strong> en proposant des stages en entreprise et des formations adapt\u00e9es, la Garantie Jeune visait \u00e0 faciliter l&rsquo;entr\u00e9e des jeunes dans le monde du travail en leur offrant une premi\u00e8re exp\u00e9rience professionnelle.<\/li>\n<li><strong>D\u00e9veloppement des comp\u00e9tences :<\/strong> en fournissant un accompagnement personnalis\u00e9 et des formations cibl\u00e9es, la Garantie Jeune aidait les jeunes \u00e0 d\u00e9velopper leurs comp\u00e9tences professionnelles et personnelles, renfor\u00e7ant ainsi leur employabilit\u00e9.<\/li>\n<li><strong>Lutte contre la pr\u00e9carit\u00e9 :<\/strong> en offrant une aide financi\u00e8re mensuelle et un soutien global, la Garantie Jeune contribuait \u00e0 r\u00e9duire la pr\u00e9carit\u00e9 des jeunes en situation de vuln\u00e9rabilit\u00e9 en leur permettant de subvenir \u00e0 leurs besoins essentiels tout en s&rsquo;engageant dans un parcours d&rsquo;insertion professionnelle.<\/li>\n<\/ol>\n<p>&nbsp;<\/p>\n<\/div>\n<\/div>\n<\/div>\n<\/div>\n<div class='cta-block'><div class='text'>Simulez votre \u00e9ligibilit\u00e9 au CEJ en 2 min. Gratuit.<\/div><a href='https:\/\/www.mes-allocs.fr\/ab-app?origin=guides\/wp-json\/wp\/v2\/posts\/79153' class='app-button fit'>Simulation gratuite<\/a><\/div>\n","protected":false},"excerpt":{"rendered":"<p>En France, le Contrat Engagement Jeune et la Garantie Jeune sont deux dispositifs d&rsquo;aide \u00e0 l&rsquo;insertion professionnelle des jeunes. Le Contrat Engagement Jeune, destin\u00e9 aux 16-25 ans (jusqu&rsquo;\u00e0 29 ans pour les jeunes en situation de handicap), propose un accompagnement intensif et personnalis\u00e9 d&rsquo;une dur\u00e9e maximale de 12 mois, incluant des formations et des immersions [&hellip;]<\/p>\n","protected":false},"author":26,"featured_media":39188,"comment_status":"open","ping_status":"open","sticky":false,"template":"","format":"standard","meta":{"amp_status":"","footnotes":""},"categories":[30057],"tags":[],"class_list":["post-79153","post","type-post","status-publish","format-standard","has-post-thumbnail","hentry","category-contrat-engagement-jeune"],"yoast_head":"<!-- This site is optimized with the Yoast SEO plugin v14.9 - https:\/\/yoast.com\/wordpress\/plugins\/seo\/ -->\n<title>Contrat Engagement Jeune et Garantie Jeune : quelles diff\u00e9rences ?<\/title>\n<meta name=\"description\" content=\"Les principales diff\u00e9rences entre le CEJ et la garantie jeune r\u00e9sident dans leurs crit\u00e8res d&#039;\u00e9ligibilit\u00e9, la dur\u00e9e et les modalit\u00e9s.\" \/>\n<meta name=\"robots\" content=\"index, follow, max-snippet:-1, max-image-preview:large, max-video-preview:-1\" \/>\n<link rel=\"canonical\" href=\"https:\/\/www.mes-allocs.fr\/guides\/contrat-engagement-jeune\/contrat-engagement-jeune-et-garantie-jeune\/\" \/>\n<meta property=\"og:locale\" content=\"fr_FR\" \/>\n<meta property=\"og:type\" content=\"article\" \/>\n<meta property=\"og:title\" content=\"Contrat Engagement Jeune et Garantie Jeune : quelles diff\u00e9rences ?\" \/>\n<meta property=\"og:description\" content=\"Les principales diff\u00e9rences entre le CEJ et la garantie jeune r\u00e9sident dans leurs crit\u00e8res d&#039;\u00e9ligibilit\u00e9, la dur\u00e9e et les modalit\u00e9s.\" \/>\n<meta property=\"og:url\" content=\"https:\/\/www.mes-allocs.fr\/guides\/contrat-engagement-jeune\/contrat-engagement-jeune-et-garantie-jeune\/\" \/>\n<meta property=\"og:site_name\" content=\"Mes-Allocs.fr\" \/>\n<meta property=\"article:published_time\" content=\"2024-05-21T15:14:00+00:00\" \/>\n<meta property=\"article:modified_time\" content=\"2026-04-22T09:53:09+00:00\" \/>\n<meta property=\"og:image\" content=\"https:\/\/www.mes-allocs.fr\/guides\/wp-content\/uploads\/2021\/10\/La-garantie-jeune.jpg?wsr\" \/>\n\t<meta property=\"og:image:width\" content=\"1280\" \/>\n\t<meta property=\"og:image:height\" content=\"853\" \/>\n<meta name=\"twitter:card\" content=\"summary_large_image\" \/>\n<script type=\"application\/ld+json\" class=\"yoast-schema-graph\">{\"@context\":\"https:\/\/schema.org\",\"@graph\":[{\"@type\":\"WebSite\",\"@id\":\"https:\/\/www.mes-allocs.fr\/guides\/#website\",\"url\":\"https:\/\/www.mes-allocs.fr\/guides\/\",\"name\":\"Mes-Allocs.fr\",\"description\":\"\",\"potentialAction\":[{\"@type\":\"SearchAction\",\"target\":\"https:\/\/www.mes-allocs.fr\/guides\/?s={search_term_string}\",\"query-input\":\"required name=search_term_string\"}],\"inLanguage\":\"fr-FR\"},{\"@type\":\"ImageObject\",\"@id\":\"https:\/\/www.mes-allocs.fr\/guides\/contrat-engagement-jeune\/contrat-engagement-jeune-et-garantie-jeune\/#primaryimage\",\"inLanguage\":\"fr-FR\",\"url\":\"https:\/\/www.mes-allocs.fr\/guides\/wp-content\/uploads\/2021\/10\/La-garantie-jeune.jpg?wsr\",\"width\":1280,\"height\":853,\"caption\":\"contrat engagement jeune et garantie jeune\"},{\"@type\":\"WebPage\",\"@id\":\"https:\/\/www.mes-allocs.fr\/guides\/contrat-engagement-jeune\/contrat-engagement-jeune-et-garantie-jeune\/#webpage\",\"url\":\"https:\/\/www.mes-allocs.fr\/guides\/contrat-engagement-jeune\/contrat-engagement-jeune-et-garantie-jeune\/\",\"name\":\"Contrat Engagement Jeune et Garantie Jeune : quelles diff\\u00e9rences ?\",\"isPartOf\":{\"@id\":\"https:\/\/www.mes-allocs.fr\/guides\/#website\"},\"primaryImageOfPage\":{\"@id\":\"https:\/\/www.mes-allocs.fr\/guides\/contrat-engagement-jeune\/contrat-engagement-jeune-et-garantie-jeune\/#primaryimage\"},\"datePublished\":\"2024-05-21T15:14:00+00:00\",\"dateModified\":\"2026-04-22T09:53:09+00:00\",\"author\":{\"@id\":\"https:\/\/www.mes-allocs.fr\/guides\/#\/schema\/person\/9c38f3be41a0ddcd1e3fde5a3df713bf\"},\"description\":\"Les principales diff\\u00e9rences entre le CEJ et la garantie jeune r\\u00e9sident dans leurs crit\\u00e8res d'\\u00e9ligibilit\\u00e9, la dur\\u00e9e et les modalit\\u00e9s.\",\"inLanguage\":\"fr-FR\"},{\"@type\":\"Person\",\"@id\":\"https:\/\/www.mes-allocs.fr\/guides\/#\/schema\/person\/9c38f3be41a0ddcd1e3fde5a3df713bf\",\"name\":\"Sessime Ananou\",\"image\":{\"@type\":\"ImageObject\",\"@id\":\"https:\/\/www.mes-allocs.fr\/guides\/#personlogo\",\"inLanguage\":\"fr-FR\",\"url\":\"https:\/\/www.mes-allocs.fr\/guides\/wp-content\/uploads\/2023\/08\/IMG_8173-150x150.jpg\",\"caption\":\"Sessime Ananou\"},\"description\":\"Sessime est r\\u00e9dactrice chez Mes Allocs, sp\\u00e9cialis\\u00e9e sur le pouvoir d'achat. Elle rejoint l'\\u00e9quipe Mes Allocs en ao\\u00fbt 2023 afin de simplifier l'acc\\u00e8s \\u00e0 l'information sur les aides en g\\u00e9n\\u00e9ral.\"}]}<\/script>\n<!-- \/ Yoast SEO plugin. -->","amp_validity":null,"acf":{"faq":{"1":{"question":"Qu'est-ce que le Contrat Engagement Jeune ?","answer":"Le Contrat Engagement Jeune est une initiative mise en place par le gouvernement fran\u00e7ais pour aider les jeunes de 16 \u00e0 25 ans (jusqu'\u00e0 29 ans pour les jeunes en situation de handicap) \u00e0 s'int\u00e9grer dans le monde du travail. Il propose un accompagnement intensif et personnalis\u00e9, pouvant aller jusqu'\u00e0 12 mois, incluant des formations, des ateliers, et des immersions en entreprise, ainsi qu'une allocation financi\u00e8re."},"2":{"question":"Qu'est-ce que la Garantie Jeune ?","answer":"La Garantie Jeune est un dispositif d'accompagnement intensif d'un an destin\u00e9 aux jeunes de 16 \u00e0 25 ans en situation de pr\u00e9carit\u00e9. Ce programme vise \u00e0 favoriser l'insertion professionnelle des jeunes par le biais de stages, de formations, et d'autres mesures d'accompagnement, tout en leur fournissant une aide financi\u00e8re mensuelle."},"3":{"question":"Quels sont les crit\u00e8res d'\u00e9ligibilit\u00e9 pour le Contrat Engagement Jeune ?","answer":"Pour \u00eatre \u00e9ligible au Contrat Engagement Jeune, il faut :\r\n\r\nAvoir entre 16 et 25 ans (ou jusqu'\u00e0 29 ans pour les jeunes en situation de handicap).\r\n\u00catre sans emploi ni formation.\r\n\u00catre motiv\u00e9 et pr\u00eat \u00e0 s'engager dans un parcours intensif vers l'emploi."},"4":{"question":"Quels sont les crit\u00e8res d'\u00e9ligibilit\u00e9 pour la Garantie Jeune ?","answer":"La Garantie Jeune s'adresse aux jeunes :\r\n\r\n\u00c2g\u00e9s de 16 \u00e0 25 ans.\r\nEn situation de pr\u00e9carit\u00e9.\r\nNe suivant ni \u00e9tudes, ni formation, ni emploi.\r\n\u00c9tant pr\u00eats \u00e0 s'engager dans un parcours d'insertion professionnelle."},"5":{"question":"Quelle est la dur\u00e9e de l'accompagnement pour le Contrat Engagement Jeune ?","answer":"L'accompagnement dans le cadre du Contrat Engagement Jeune peut durer jusqu'\u00e0 12 mois. Cette dur\u00e9e peut \u00eatre ajust\u00e9e en fonction des besoins et des progr\u00e8s du jeune dans son parcours vers l'emploi."},"6":{"question":"Quelle est la dur\u00e9e de l'accompagnement pour la Garantie Jeune ?","answer":"La Garantie Jeune propose un accompagnement intensif d'une dur\u00e9e maximale d'un an (12 mois). Durant cette p\u00e9riode, les jeunes b\u00e9n\u00e9ficient d'un suivi personnalis\u00e9 et d'une aide financi\u00e8re pour faciliter leur insertion professionnelle."},"7":{"question":"","answer":""},"8":{"question":"","answer":""},"9":{"question":"","answer":""},"10":{"question":"","answer":""},"11":{"question":"","answer":""},"12":{"question":"","answer":""},"13":{"question":"","answer":""},"14":{"question":"","answer":""},"15":{"question":"","answer":""},"16":{"question":"","answer":""}}},"_links":{"self":[{"href":"https:\/\/www.mes-allocs.fr\/guides\/wp-json\/wp\/v2\/posts\/79153","targetHints":{"allow":["GET"]}}],"collection":[{"href":"https:\/\/www.mes-allocs.fr\/guides\/wp-json\/wp\/v2\/posts"}],"about":[{"href":"https:\/\/www.mes-allocs.fr\/guides\/wp-json\/wp\/v2\/types\/post"}],"author":[{"embeddable":true,"href":"https:\/\/www.mes-allocs.fr\/guides\/wp-json\/wp\/v2\/users\/26"}],"replies":[{"embeddable":true,"href":"https:\/\/www.mes-allocs.fr\/guides\/wp-json\/wp\/v2\/comments?post=79153"}],"version-history":[{"count":4,"href":"https:\/\/www.mes-allocs.fr\/guides\/wp-json\/wp\/v2\/posts\/79153\/revisions"}],"predecessor-version":[{"id":79343,"href":"https:\/\/www.mes-allocs.fr\/guides\/wp-json\/wp\/v2\/posts\/79153\/revisions\/79343"}],"wp:featuredmedia":[{"embeddable":true,"href":"https:\/\/www.mes-allocs.fr\/guides\/wp-json\/wp\/v2\/media\/39188"}],"wp:attachment":[{"href":"https:\/\/www.mes-allocs.fr\/guides\/wp-json\/wp\/v2\/media?parent=79153"}],"wp:term":[{"taxonomy":"category","embeddable":true,"href":"https:\/\/www.mes-allocs.fr\/guides\/wp-json\/wp\/v2\/categories?post=79153"},{"taxonomy":"post_tag","embeddable":true,"href":"https:\/\/www.mes-allocs.fr\/guides\/wp-json\/wp\/v2\/tags?post=79153"}],"curies":[{"name":"wp","href":"https:\/\/api.w.org\/{rel}","templated":true}]}}