{"id":79118,"date":"2024-05-20T17:39:24","date_gmt":"2024-05-20T15:39:24","guid":{"rendered":"https:\/\/www.mes-allocs.fr\/guides\/?p=79118"},"modified":"2026-04-22T10:53:09","modified_gmt":"2026-04-22T09:53:09","slug":"cej-et-service-civique","status":"publish","type":"post","link":"https:\/\/www.mes-allocs.fr\/guides\/contrat-engagement-jeune\/contrat-engagement-jeune-cumulable\/cej-et-service-civique\/","title":{"rendered":"Peut-on cumuler le Contrat d&rsquo;Engagement Jeune (CEJ) et le Service Civique ?"},"content":{"rendered":"<p><img loading=\"lazy\" decoding=\"async\" class=\"alignnone wp-image-7686 size-full\" title=\"cej et service civique\" src=\"https:\/\/www.mes-allocs.fr\/guides\/wp-content\/uploads\/2020\/05\/aide-financiere-service-civique-scaled-e1716216804878.jpg\" alt=\"cej et service civique\" width=\"1280\" height=\"352\" srcset=\"https:\/\/www.mes-allocs.fr\/guides\/wp-content\/uploads\/2020\/05\/aide-financiere-service-civique-scaled-e1716216804878.jpg 1280w, https:\/\/www.mes-allocs.fr\/guides\/wp-content\/uploads\/2020\/05\/aide-financiere-service-civique-scaled-e1716216804878-300x83.jpg 300w, https:\/\/www.mes-allocs.fr\/guides\/wp-content\/uploads\/2020\/05\/aide-financiere-service-civique-scaled-e1716216804878-1024x282.jpg 1024w, https:\/\/www.mes-allocs.fr\/guides\/wp-content\/uploads\/2020\/05\/aide-financiere-service-civique-scaled-e1716216804878-768x211.jpg 768w, https:\/\/www.mes-allocs.fr\/guides\/wp-content\/uploads\/2020\/05\/aide-financiere-service-civique-scaled-e1716216804878-600x165.jpg 600w\" sizes=\"auto, (max-width: 1280px) 100vw, 1280px\" \/><\/p>\n<p><strong>Le <a href=\"https:\/\/www.mes-allocs.fr\/guides\/contrat-engagement-jeune\/\">Contrat d&rsquo;Engagement Jeune (CEJ)<\/a> et le Service Civique sont deux dispositifs phares en France visant \u00e0 am\u00e9liorer l&rsquo;insertion professionnelle et sociale des jeunes. Le CEJ offre un accompagnement intensif et personnalis\u00e9, tandis que le Service Civique propose une exp\u00e9rience enrichissante au service de l&rsquo;int\u00e9r\u00eat g\u00e9n\u00e9ral. La possibilit\u00e9 de cumuler ces deux programmes repr\u00e9sente une opportunit\u00e9 unique pour les jeunes, leur permettant d&rsquo;acqu\u00e9rir des comp\u00e9tences vari\u00e9es, de b\u00e9n\u00e9ficier d&rsquo;un soutien financier et de renforcer leur employabilit\u00e9.\u00a0<\/strong><\/p>\n<div class='cta-block'><div class='text'>Simulez votre \u00e9ligibilit\u00e9 au CEJ en 2 min. Gratuit.<\/div><a href='https:\/\/www.mes-allocs.fr\/ab-app?origin=guides\/wp-json\/wp\/v2\/posts\/79118' class='app-button fit'>Simulation gratuite<\/a><\/div>\n<h1>Pr\u00e9sentation des dispositifs<\/h1>\n<h2>Description et objectifs du Contrat d&rsquo;Engagement Jeune (CEJ)<\/h2>\n<p>Le Contrat d&rsquo;Engagement Jeune (CEJ) est un programme initi\u00e9 par le gouvernement fran\u00e7ais pour aider les jeunes \u00e2g\u00e9s de <strong>16 \u00e0 25 ans (jusqu&rsquo;\u00e0 29 ans pour ceux en situation de handicap)<\/strong> \u00e0 s&rsquo;int\u00e9grer efficacement dans le march\u00e9 du travail. Ce dispositif vise \u00e0 fournir un soutien intensif et personnalis\u00e9 pour favoriser l&#8217;emploi et la formation des jeunes.<\/p>\n<p><strong>Description du CEJ :<\/strong><\/p>\n<ul>\n<li><strong>Accompagnement personnalis\u00e9 :<\/strong> les jeunes inscrits au CEJ b\u00e9n\u00e9ficient d&rsquo;un suivi individualis\u00e9 par un conseiller d\u00e9di\u00e9. Ce conseiller aide \u00e0 d\u00e9finir et \u00e0 suivre un projet professionnel adapt\u00e9 aux comp\u00e9tences et aspirations des jeunes.<\/li>\n<li><strong>Activit\u00e9s propos\u00e9es :<\/strong> le programme inclut des ateliers de pr\u00e9paration \u00e0 l&#8217;emploi, des formations, des stages, et des missions d&rsquo;int\u00e9r\u00eat g\u00e9n\u00e9ral. Ces activit\u00e9s sont con\u00e7ues pour am\u00e9liorer les comp\u00e9tences et l&#8217;employabilit\u00e9 des participants.<\/li>\n<li><strong>Engagement r\u00e9ciproque :<\/strong> les jeunes s&rsquo;engagent \u00e0 participer activement \u00e0 leur parcours, en suivant les activit\u00e9s et formations propos\u00e9es.<\/li>\n<\/ul>\n<p><strong>Objectifs du CEJ :<\/strong><\/p>\n<ul>\n<li><strong>R\u00e9duire le ch\u00f4mage des jeunes :<\/strong> en offrant un accompagnement adapt\u00e9, le CEJ vise \u00e0 diminuer le taux de ch\u00f4mage chez les jeunes.<\/li>\n<li><strong>Am\u00e9liorer l&#8217;employabilit\u00e9 :<\/strong> en renfor\u00e7ant les comp\u00e9tences et en offrant des exp\u00e9riences professionnelles, le CEJ pr\u00e9pare les jeunes \u00e0 r\u00e9pondre aux exigences du march\u00e9 du travail.<\/li>\n<li><strong>Faciliter l&rsquo;insertion professionnelle durable :<\/strong> le CEJ cherche \u00e0 aider les jeunes \u00e0 trouver des emplois stables et durables, en les pr\u00e9parant de mani\u00e8re ad\u00e9quate et en les soutenant tout au long de leur parcours.<\/li>\n<\/ul>\n<p><iframe loading=\"lazy\" title=\"Le Contrat d&#039;Engagement Jeune (CEJ)\" width=\"500\" height=\"375\" src=\"https:\/\/www.youtube.com\/embed\/f_Hf5LBMHeQ?feature=oembed\" frameborder=\"0\" allow=\"accelerometer; autoplay; clipboard-write; encrypted-media; gyroscope; picture-in-picture; web-share\" referrerpolicy=\"strict-origin-when-cross-origin\" allowfullscreen><\/iframe><\/p>\n<h2>Description et objectifs du Service Civique<\/h2>\n<p>Le Service Civique est un dispositif d&rsquo;engagement volontaire destin\u00e9 aux jeunes de 16 \u00e0 25 ans (jusqu&rsquo;\u00e0 30 ans pour ceux en situation de handicap). Il offre l&rsquo;opportunit\u00e9 de r\u00e9aliser une mission d&rsquo;int\u00e9r\u00eat g\u00e9n\u00e9ral pendant une dur\u00e9e de 6 \u00e0 12 mois, en France ou \u00e0 l&rsquo;\u00e9tranger, dans divers domaines.<\/p>\n<p><strong>Description du Service Civique :<\/strong><\/p>\n<ul>\n<li><strong>Missions vari\u00e9es :<\/strong> les missions propos\u00e9es couvrent un large \u00e9ventail de domaines tels que la solidarit\u00e9, la sant\u00e9, l&rsquo;\u00e9ducation, l&rsquo;environnement, la culture, les loisirs, le sport, la citoyennet\u00e9, et la m\u00e9moire et le patrimoine.<\/li>\n<li><strong>Indemnit\u00e9 :<\/strong> les volontaires re\u00e7oivent une indemnit\u00e9 mensuelle pour les aider \u00e0 couvrir leurs frais de subsistance. Cette indemnit\u00e9 est en partie financ\u00e9e par l&rsquo;\u00c9tat et en partie par l&rsquo;organisme d&rsquo;accueil.<\/li>\n<li><strong>Engagement volontaire :<\/strong> le Service Civique est un engagement volontaire et non salari\u00e9, permettant aux jeunes de se consacrer \u00e0 une cause d&rsquo;int\u00e9r\u00eat g\u00e9n\u00e9ral tout en d\u00e9veloppant de nouvelles comp\u00e9tences.<\/li>\n<\/ul>\n<p><strong>Objectifs du Service Civique :<\/strong><\/p>\n<ul>\n<li><strong>Contribuer \u00e0 l&rsquo;int\u00e9r\u00eat g\u00e9n\u00e9ral :<\/strong> le Service Civique permet aux jeunes de s&rsquo;engager dans des actions utiles pour la soci\u00e9t\u00e9, en r\u00e9pondant aux besoins collectifs.<\/li>\n<li><strong>D\u00e9velopper des comp\u00e9tences :<\/strong> en r\u00e9alisant des missions vari\u00e9es, les jeunes acqui\u00e8rent de nouvelles comp\u00e9tences et exp\u00e9riences, enrichissant ainsi leur parcours personnel et professionnel.<\/li>\n<li><strong>Favoriser la coh\u00e9sion sociale :<\/strong> en s&rsquo;engageant au service de la communaut\u00e9, les jeunes contribuent \u00e0 renforcer la solidarit\u00e9 et la coh\u00e9sion sociale.<\/li>\n<\/ul>\n<p>En combinant le CEJ et le Service Civique, les jeunes peuvent maximiser leurs opportunit\u00e9s d&rsquo;insertion professionnelle tout en s&rsquo;engageant activement pour l&rsquo;int\u00e9r\u00eat g\u00e9n\u00e9ral.<\/p>\n<p>Le <a href=\"https:\/\/www.mes-allocs.fr\/guides\/contrat-engagement-jeune\/contrat-engagement-jeune-cumulable\/\">Contrat d&rsquo;Engagement Jeune (CEJ) est cumulable<\/a> avec plusieurs aides, notamment la <a href=\"https:\/\/www.mes-allocs.fr\/guides\/contrat-engagement-jeune\/contrat-engagement-jeune-cumulable\/contrat-engagement-jeune-et-prime-d-activite\/\">prime d&rsquo;activit\u00e9<\/a>. Renseignez-vous !<\/p>\n<div class='cta-block'><div class='text'>Simulez votre \u00e9ligibilit\u00e9 au CEJ en 2 min. Gratuit.<\/div><a href='https:\/\/www.mes-allocs.fr\/ab-app?origin=guides\/wp-json\/wp\/v2\/posts\/79118' class='app-button fit'>Simulation gratuite<\/a><\/div>\n<h1>Avantages du cumul CEJ et Service Civique<\/h1>\n<h2>Enrichissement des comp\u00e9tences et de l&rsquo;exp\u00e9rience professionnelle<\/h2>\n<p>Cumuler le Contrat d&rsquo;Engagement Jeune (CEJ) et le Service Civique permet aux jeunes de b\u00e9n\u00e9ficier d&rsquo;un large \u00e9ventail de formations et d&rsquo;exp\u00e9riences, ce qui enrichit consid\u00e9rablement leur parcours professionnel.<\/p>\n<ol>\n<li><strong>Diversit\u00e9 des exp\u00e9riences :<\/strong>\n<ul>\n<li><strong>CEJ :<\/strong> les jeunes participent \u00e0 des ateliers de pr\u00e9paration \u00e0 l&#8217;emploi, des formations sp\u00e9cialis\u00e9es, des stages, et des missions d&rsquo;int\u00e9r\u00eat g\u00e9n\u00e9ral. Ces activit\u00e9s sont con\u00e7ues pour d\u00e9velopper des comp\u00e9tences sp\u00e9cifiques et am\u00e9liorer l&#8217;employabilit\u00e9.<\/li>\n<li><strong>Service Civique :<\/strong> les missions d&rsquo;int\u00e9r\u00eat g\u00e9n\u00e9ral dans des domaines vari\u00e9s (solidarit\u00e9, sant\u00e9, environnement, culture) offrent une exp\u00e9rience pratique et concr\u00e8te. Les volontaires d\u00e9veloppent des comp\u00e9tences interpersonnelles, techniques et organisationnelles.<\/li>\n<\/ul>\n<\/li>\n<li><strong>D\u00e9veloppement de comp\u00e9tences transversales :<\/strong>\n<ul>\n<li><strong>Communication et travail d&rsquo;\u00e9quipe :<\/strong> les jeunes apprennent \u00e0 travailler en \u00e9quipe, \u00e0 communiquer efficacement, et \u00e0 s&rsquo;adapter \u00e0 diff\u00e9rents environnements professionnels.<\/li>\n<li><strong>Responsabilisation et autonomie :<\/strong> les missions du Service Civique, combin\u00e9es aux activit\u00e9s du CEJ, responsabilisent les jeunes et leur apprennent \u00e0 \u00eatre autonomes dans la gestion de leurs t\u00e2ches et projets.<\/li>\n<\/ul>\n<\/li>\n<li><strong>R\u00e9seautage et opportunit\u00e9s professionnelles :<\/strong>\n<ul>\n<li><strong>R\u00e9seau professionnel :<\/strong> les stages, formations et missions permettent aux jeunes de rencontrer des professionnels et de se constituer un r\u00e9seau utile pour leur future carri\u00e8re.<\/li>\n<li><strong>Visibilit\u00e9 et reconnaissance :<\/strong> participer \u00e0 des projets d&rsquo;int\u00e9r\u00eat g\u00e9n\u00e9ral et suivre des parcours personnalis\u00e9s avec le CEJ accro\u00eet la visibilit\u00e9 des jeunes aupr\u00e8s des employeurs potentiels.<\/li>\n<\/ul>\n<\/li>\n<\/ol>\n<h2>Soutien financier et allocation<\/h2>\n<p>Cumuler le CEJ et le Service Civique offre \u00e9galement un soutien financier qui peut \u00eatre crucial pour les jeunes en transition vers l&#8217;emploi.<\/p>\n<ol>\n<li><strong>Allocation du CEJ :<\/strong>\n<ul>\n<li><strong>Montant :<\/strong> les participants au CEJ peuvent recevoir une allocation mensuelle pouvant aller jusqu&rsquo;\u00e0 552 euros, en fonction de leur situation personnelle et de leur engagement dans le programme.<\/li>\n<li><strong>Soutien Continu :<\/strong> cette allocation aide les jeunes \u00e0 subvenir \u00e0 leurs besoins quotidiens pendant qu&rsquo;ils suivent des formations et participent \u00e0 des activit\u00e9s de d\u00e9veloppement professionnel.<\/li>\n<\/ul>\n<\/li>\n<li><strong>Indemnit\u00e9 du Service Civique :<\/strong>\n<ul>\n<li><strong>Montant :<\/strong> les volontaires du Service Civique re\u00e7oivent une indemnit\u00e9 mensuelle d&rsquo;environ 620 euros, dont une partie est prise en charge par l&rsquo;\u00c9tat et l&rsquo;autre par l&rsquo;organisme d&rsquo;accueil.<\/li>\n<li><strong>Cumul possible :<\/strong> les jeunes peuvent cumuler cette indemnit\u00e9 avec l&rsquo;allocation du CEJ, ce qui am\u00e9liore leur situation financi\u00e8re globale pendant la dur\u00e9e de leur engagement.<\/li>\n<\/ul>\n<\/li>\n<li><strong>Stabilit\u00e9 Financi\u00e8re :<\/strong>\n<ul>\n<li><strong>R\u00e9duction de la pr\u00e9carit\u00e9 :<\/strong> le soutien financier combin\u00e9 du CEJ et du Service Civique offre une stabilit\u00e9 financi\u00e8re qui permet aux jeunes de se concentrer pleinement sur leur d\u00e9veloppement professionnel et personnel sans la pression imm\u00e9diate de trouver un emploi r\u00e9mun\u00e9r\u00e9.<\/li>\n<li><strong>Facilitation de l&rsquo;insertion :<\/strong> une meilleure stabilit\u00e9 financi\u00e8re favorise l&rsquo;insertion professionnelle en permettant aux jeunes de poursuivre des formations, des stages, et des engagements sans interruption due \u00e0 des contraintes \u00e9conomiques.<\/li>\n<\/ul>\n<\/li>\n<\/ol>\n<p>En somme, cumuler le CEJ et le Service Civique offre aux jeunes une opportunit\u00e9 unique de renforcer leurs comp\u00e9tences, d&rsquo;\u00e9largir leur exp\u00e9rience professionnelle et de b\u00e9n\u00e9ficier d&rsquo;un soutien financier pr\u00e9cieux, cr\u00e9ant ainsi un tremplin vers une insertion professionnelle r\u00e9ussie et durable.<\/p>\n<div class=\"flex flex-grow flex-col max-w-full\">\n<div class=\"min-h-[20px] text-message flex flex-col items-start whitespace-pre-wrap break-words [.text-message+&amp;]:mt-5 juice:w-full juice:items-end overflow-x-auto gap-2\" dir=\"auto\" data-message-author-role=\"assistant\" data-message-id=\"2828ef79-ec62-4286-8ef6-5fca68a4d8a3\">\n<div class=\"flex w-full flex-col gap-1 juice:empty:hidden juice:first:pt-[3px]\">\n<div class=\"markdown prose w-full break-words dark:prose-invert dark\">\n<h1>D\u00e9marches \u00e0 entreprendre pour cumuler CEJ et Service Civique<\/h1>\n<h2>L&rsquo;inscription et suivi du CEJ<\/h2>\n<ol>\n<li><strong>Contact avec la Mission Locale :<\/strong>\n<ul>\n<li>Prendre rendez-vous avec la Mission Locale de son lieu de r\u00e9sidence.<\/li>\n<li>R\u00e9aliser un entretien initial pour \u00e9valuer les besoins et \u00e9tablir un plan d&rsquo;action personnalis\u00e9.<\/li>\n<\/ul>\n<\/li>\n<li><strong>Participation Active :<\/strong>\n<ul>\n<li>Suivre les activit\u00e9s propos\u00e9es : ateliers, formations, stages, missions d&rsquo;int\u00e9r\u00eat g\u00e9n\u00e9ral.<\/li>\n<li>B\u00e9n\u00e9ficier d&rsquo;un suivi r\u00e9gulier par un conseiller d\u00e9di\u00e9.<\/li>\n<\/ul>\n<\/li>\n<\/ol>\n<h2>Postulation et engagement dans le Service Civique<\/h2>\n<ol>\n<li><strong>Recherche et Candidature :<\/strong>\n<ul>\n<li>Rechercher des missions sur le portail officiel du Service Civique.<\/li>\n<li>Soumettre sa candidature et passer des entretiens avec les organismes d&rsquo;accueil.<\/li>\n<\/ul>\n<\/li>\n<li><strong>Signature et D\u00e9but de la Mission :<\/strong>\n<ul>\n<li>Signer le contrat de Service Civique.<\/li>\n<li>Commencer la mission tout en continuant \u00e0 suivre le parcours CEJ.<\/li>\n<\/ul>\n<\/li>\n<\/ol>\n<h2>Coordination avec la Mission Locale et les structures d&rsquo;accueil<\/h2>\n<ol>\n<li><strong>Informer son Conseiller :<\/strong>\n<ul>\n<li>Tenir le conseiller CEJ inform\u00e9 de la mission de Service Civique.<\/li>\n<li>Adapter le plan d&rsquo;action CEJ en cons\u00e9quence.<\/li>\n<\/ul>\n<\/li>\n<li><strong>Suivi et \u00c9valuations :<\/strong>\n<ul>\n<li>Participer \u00e0 des \u00e9valuations conjointes avec le conseiller CEJ et le tuteur de la mission.<\/li>\n<li>R\u00e9aliser un bilan de comp\u00e9tences \u00e0 la fin de la mission.<\/li>\n<\/ul>\n<\/li>\n<li><strong>Soutien Financier et Logistique :<\/strong>\n<ul>\n<li>Assurer la coordination des allocations et indemnit\u00e9s.<\/li>\n<li>Recevoir une assistance administrative pour cumuler efficacement les deux dispositifs.<\/li>\n<\/ul>\n<\/li>\n<\/ol>\n<p>Ces d\u00e9marches permettent aux jeunes de maximiser les avantages du CEJ et du Service Civique, renfor\u00e7ant ainsi leur parcours vers l&rsquo;insertion professionnelle.<\/p>\n<p>Il est \u00e9galement possible de cumuler le <a href=\"https:\/\/www.mes-allocs.fr\/guides\/contrat-engagement-jeune\/contrat-engagement-jeune-cumulable\/cej-chomage\/\">Contrat d&rsquo;Engagement Jeune (CEJ) avec le ch\u00f4mage<\/a> selon certaines conditions.<\/p>\n<\/div>\n<\/div>\n<\/div>\n<\/div>\n<div class='cta-block'><div class='text'>Simulez votre \u00e9ligibilit\u00e9 au CEJ en 2 min. Gratuit.<\/div><a href='https:\/\/www.mes-allocs.fr\/ab-app?origin=guides\/wp-json\/wp\/v2\/posts\/79118' class='app-button fit'>Simulation gratuite<\/a><\/div>\n","protected":false},"excerpt":{"rendered":"<p>Le Contrat d&rsquo;Engagement Jeune (CEJ) et le Service Civique sont deux dispositifs phares en France visant \u00e0 am\u00e9liorer l&rsquo;insertion professionnelle et sociale des jeunes. Le CEJ offre un accompagnement intensif et personnalis\u00e9, tandis que le Service Civique propose une exp\u00e9rience enrichissante au service de l&rsquo;int\u00e9r\u00eat g\u00e9n\u00e9ral. La possibilit\u00e9 de cumuler ces deux programmes repr\u00e9sente une [&hellip;]<\/p>\n","protected":false},"author":26,"featured_media":10754,"comment_status":"open","ping_status":"open","sticky":false,"template":"","format":"standard","meta":{"amp_status":"","footnotes":""},"categories":[30057,34252],"tags":[],"class_list":["post-79118","post","type-post","status-publish","format-standard","has-post-thumbnail","hentry","category-contrat-engagement-jeune","category-contrat-engagement-jeune-cumulable"],"yoast_head":"<!-- This site is optimized with the Yoast SEO plugin v14.9 - https:\/\/yoast.com\/wordpress\/plugins\/seo\/ -->\n<title>CEJ et Service Civique : un cumul possible ? | Mes-Allocs.fr<\/title>\n<meta name=\"description\" content=\"Le Contrat d&#039;Engagement Jeune (CEJ) et le Service Civique visent \u00e0 am\u00e9liorer l&#039;insertion professionnelle et sociale des jeunes.\" \/>\n<meta name=\"robots\" content=\"index, follow, max-snippet:-1, max-image-preview:large, max-video-preview:-1\" \/>\n<link rel=\"canonical\" href=\"https:\/\/www.mes-allocs.fr\/guides\/contrat-engagement-jeune\/contrat-engagement-jeune-cumulable\/cej-et-service-civique\/\" \/>\n<meta property=\"og:locale\" content=\"fr_FR\" \/>\n<meta property=\"og:type\" content=\"article\" \/>\n<meta property=\"og:title\" content=\"CEJ et Service Civique : un cumul possible ? | Mes-Allocs.fr\" \/>\n<meta property=\"og:description\" content=\"Le Contrat d&#039;Engagement Jeune (CEJ) et le Service Civique visent \u00e0 am\u00e9liorer l&#039;insertion professionnelle et sociale des jeunes.\" \/>\n<meta property=\"og:url\" content=\"https:\/\/www.mes-allocs.fr\/guides\/contrat-engagement-jeune\/contrat-engagement-jeune-cumulable\/cej-et-service-civique\/\" \/>\n<meta property=\"og:site_name\" content=\"Mes-Allocs.fr\" \/>\n<meta property=\"article:published_time\" content=\"2024-05-20T15:39:24+00:00\" \/>\n<meta property=\"article:modified_time\" content=\"2026-04-22T09:53:09+00:00\" \/>\n<meta property=\"og:image\" content=\"https:\/\/www.mes-allocs.fr\/guides\/wp-content\/uploads\/2020\/08\/Les-volontaires-en-service-civique-ont-ils-un-CPF-.jpg?wsr\" \/>\n\t<meta property=\"og:image:width\" content=\"1280\" \/>\n\t<meta property=\"og:image:height\" content=\"960\" \/>\n<meta name=\"twitter:card\" content=\"summary_large_image\" \/>\n<script type=\"application\/ld+json\" class=\"yoast-schema-graph\">{\"@context\":\"https:\/\/schema.org\",\"@graph\":[{\"@type\":\"WebSite\",\"@id\":\"https:\/\/www.mes-allocs.fr\/guides\/#website\",\"url\":\"https:\/\/www.mes-allocs.fr\/guides\/\",\"name\":\"Mes-Allocs.fr\",\"description\":\"\",\"potentialAction\":[{\"@type\":\"SearchAction\",\"target\":\"https:\/\/www.mes-allocs.fr\/guides\/?s={search_term_string}\",\"query-input\":\"required name=search_term_string\"}],\"inLanguage\":\"fr-FR\"},{\"@type\":\"ImageObject\",\"@id\":\"https:\/\/www.mes-allocs.fr\/guides\/contrat-engagement-jeune\/contrat-engagement-jeune-cumulable\/cej-et-service-civique\/#primaryimage\",\"inLanguage\":\"fr-FR\",\"url\":\"https:\/\/www.mes-allocs.fr\/guides\/wp-content\/uploads\/2020\/08\/Les-volontaires-en-service-civique-ont-ils-un-CPF-.jpg?wsr\",\"width\":1280,\"height\":960,\"caption\":\"d\\u00e9marches cej\"},{\"@type\":\"WebPage\",\"@id\":\"https:\/\/www.mes-allocs.fr\/guides\/contrat-engagement-jeune\/contrat-engagement-jeune-cumulable\/cej-et-service-civique\/#webpage\",\"url\":\"https:\/\/www.mes-allocs.fr\/guides\/contrat-engagement-jeune\/contrat-engagement-jeune-cumulable\/cej-et-service-civique\/\",\"name\":\"CEJ et Service Civique : un cumul possible ? | Mes-Allocs.fr\",\"isPartOf\":{\"@id\":\"https:\/\/www.mes-allocs.fr\/guides\/#website\"},\"primaryImageOfPage\":{\"@id\":\"https:\/\/www.mes-allocs.fr\/guides\/contrat-engagement-jeune\/contrat-engagement-jeune-cumulable\/cej-et-service-civique\/#primaryimage\"},\"datePublished\":\"2024-05-20T15:39:24+00:00\",\"dateModified\":\"2026-04-22T09:53:09+00:00\",\"author\":{\"@id\":\"https:\/\/www.mes-allocs.fr\/guides\/#\/schema\/person\/9c38f3be41a0ddcd1e3fde5a3df713bf\"},\"description\":\"Le Contrat d'Engagement Jeune (CEJ) et le Service Civique visent \\u00e0 am\\u00e9liorer l'insertion professionnelle et sociale des jeunes.\",\"inLanguage\":\"fr-FR\"},{\"@type\":\"Person\",\"@id\":\"https:\/\/www.mes-allocs.fr\/guides\/#\/schema\/person\/9c38f3be41a0ddcd1e3fde5a3df713bf\",\"name\":\"Sessime Ananou\",\"image\":{\"@type\":\"ImageObject\",\"@id\":\"https:\/\/www.mes-allocs.fr\/guides\/#personlogo\",\"inLanguage\":\"fr-FR\",\"url\":\"https:\/\/www.mes-allocs.fr\/guides\/wp-content\/uploads\/2023\/08\/IMG_8173-150x150.jpg\",\"caption\":\"Sessime Ananou\"},\"description\":\"Sessime est r\\u00e9dactrice chez Mes Allocs, sp\\u00e9cialis\\u00e9e sur le pouvoir d'achat. Elle rejoint l'\\u00e9quipe Mes Allocs en ao\\u00fbt 2023 afin de simplifier l'acc\\u00e8s \\u00e0 l'information sur les aides en g\\u00e9n\\u00e9ral.\"}]}<\/script>\n<!-- \/ Yoast SEO plugin. -->","amp_validity":null,"acf":{"faq":{"1":{"question":"Est-il possible de cumuler le CEJ et le Service Civique ?","answer":"Oui, il est possible de cumuler le Contrat d'Engagement Jeune (CEJ) et le Service Civique. Les deux dispositifs sont compl\u00e9mentaires et peuvent \u00eatre r\u00e9alis\u00e9s simultan\u00e9ment pour maximiser les opportunit\u00e9s d'insertion professionnelle."},"2":{"question":"Quels sont les avantages de cumuler le CEJ et le Service Civique ?","answer":"Cumuler le CEJ et le Service Civique permet aux jeunes de b\u00e9n\u00e9ficier d'un accompagnement personnalis\u00e9 tout en s'engageant dans une mission d'int\u00e9r\u00eat g\u00e9n\u00e9ral. Cela am\u00e9liore leur employabilit\u00e9, enrichit leur exp\u00e9rience professionnelle, et offre un soutien financier."},"3":{"question":"Comment le cumul du CEJ et du Service Civique affecte-t-il l'allocation financi\u00e8re ?","answer":"Les jeunes peuvent percevoir l'allocation du CEJ et l'indemnit\u00e9 du Service Civique en m\u00eame temps. L'indemnit\u00e9 du Service Civique est de 600,94 euros par mois, dont une partie est prise en charge par l'\u00c9tat et l'autre par l'organisme d'accueil. L'allocation du CEJ peut aller jusqu'\u00e0 500 euros par mois."},"4":{"question":"Quelles d\u00e9marches faut-il entreprendre pour cumuler le CEJ et le Service Civique ?","answer":"Pour cumuler le CEJ et le Service Civique, les jeunes doivent d'abord \u00eatre inscrits \u00e0 la Mission Locale pour b\u00e9n\u00e9ficier du CEJ. Ensuite, ils peuvent postuler \u00e0 une mission de Service Civique. Il est important de communiquer avec leur conseiller CEJ pour coordonner les deux engagements."},"5":{"question":"Quels sont les crit\u00e8res d'\u00e9ligibilit\u00e9 pour le CEJ et le Service Civique ?","answer":"CEJ : Jeunes de 16 \u00e0 25 ans (jusqu'\u00e0 29 ans pour les jeunes en situation de handicap), r\u00e9sidant en France, et ni en emploi, ni en formation, ni en \u00e9tudes.\r\nService Civique : Jeunes de 16 \u00e0 25 ans (jusqu'\u00e0 30 ans pour les jeunes en situation de handicap), de nationalit\u00e9 fran\u00e7aise ou r\u00e9sidant r\u00e9guli\u00e8rement en France depuis plus d'un an."},"6":{"question":"Quels types de missions peuvent \u00eatre effectu\u00e9es dans le cadre du Service Civique tout en \u00e9tant sous le CEJ ?","answer":"Les missions de Service Civique peuvent varier et inclure des domaines comme la solidarit\u00e9, la sant\u00e9, l'\u00e9ducation, l'environnement, la culture, les loisirs, le sport, la citoyennet\u00e9, et la m\u00e9moire et le patrimoine. Les jeunes sous le CEJ peuvent choisir une mission qui correspond \u00e0 leurs int\u00e9r\u00eats et \u00e0 leur projet professionnel."},"7":{"question":"","answer":""},"8":{"question":"","answer":""},"9":{"question":"","answer":""},"10":{"question":"","answer":""},"11":{"question":"","answer":""},"12":{"question":"","answer":""},"13":{"question":"","answer":""},"14":{"question":"","answer":""},"15":{"question":"","answer":""},"16":{"question":"","answer":""}}},"_links":{"self":[{"href":"https:\/\/www.mes-allocs.fr\/guides\/wp-json\/wp\/v2\/posts\/79118","targetHints":{"allow":["GET"]}}],"collection":[{"href":"https:\/\/www.mes-allocs.fr\/guides\/wp-json\/wp\/v2\/posts"}],"about":[{"href":"https:\/\/www.mes-allocs.fr\/guides\/wp-json\/wp\/v2\/types\/post"}],"author":[{"embeddable":true,"href":"https:\/\/www.mes-allocs.fr\/guides\/wp-json\/wp\/v2\/users\/26"}],"replies":[{"embeddable":true,"href":"https:\/\/www.mes-allocs.fr\/guides\/wp-json\/wp\/v2\/comments?post=79118"}],"version-history":[{"count":5,"href":"https:\/\/www.mes-allocs.fr\/guides\/wp-json\/wp\/v2\/posts\/79118\/revisions"}],"predecessor-version":[{"id":89138,"href":"https:\/\/www.mes-allocs.fr\/guides\/wp-json\/wp\/v2\/posts\/79118\/revisions\/89138"}],"wp:featuredmedia":[{"embeddable":true,"href":"https:\/\/www.mes-allocs.fr\/guides\/wp-json\/wp\/v2\/media\/10754"}],"wp:attachment":[{"href":"https:\/\/www.mes-allocs.fr\/guides\/wp-json\/wp\/v2\/media?parent=79118"}],"wp:term":[{"taxonomy":"category","embeddable":true,"href":"https:\/\/www.mes-allocs.fr\/guides\/wp-json\/wp\/v2\/categories?post=79118"},{"taxonomy":"post_tag","embeddable":true,"href":"https:\/\/www.mes-allocs.fr\/guides\/wp-json\/wp\/v2\/tags?post=79118"}],"curies":[{"name":"wp","href":"https:\/\/api.w.org\/{rel}","templated":true}]}}