{"id":79065,"date":"2024-05-20T13:31:26","date_gmt":"2024-05-20T11:31:26","guid":{"rendered":"https:\/\/www.mes-allocs.fr\/guides\/?p=79065"},"modified":"2026-04-22T10:53:09","modified_gmt":"2026-04-22T09:53:09","slug":"cej-strasbourg","status":"publish","type":"post","link":"https:\/\/www.mes-allocs.fr\/guides\/contrat-engagement-jeune\/demarches-cej\/cej-strasbourg\/","title":{"rendered":"La demande du Contrat d\u2019Engagement Jeune (CEJ) \u00e0 Strasbourg"},"content":{"rendered":"<p><img loading=\"lazy\" decoding=\"async\" class=\"alignnone wp-image-44220 size-full\" title=\"cej strasbourg\" src=\"https:\/\/www.mes-allocs.fr\/guides\/wp-content\/uploads\/2022\/01\/strasbourg-e1643632773232.jpeg\" alt=\"cej strasbourg\" width=\"1260\" height=\"387\" \/><\/p>\n<p><strong>La ville de Strasbourg, connue pour son dynamisme et son multiculturalisme, propose diverses initiatives pour favoriser l&rsquo;insertion professionnelle des jeunes. Le <a href=\"https:\/\/www.mes-allocs.fr\/guides\/contrat-engagement-jeune\/\">Contrat d\u2019Engagement Jeune (CEJ)<\/a> est l&rsquo;une de ces initiatives cl\u00e9s. Mis en place par le gouvernement fran\u00e7ais, le CEJ vise \u00e0 offrir un accompagnement personnalis\u00e9 et un soutien financier aux jeunes de 16 \u00e0 25 ans (jusqu&rsquo;\u00e0 29 ans pour ceux en situation de handicap) pour les aider \u00e0 int\u00e9grer le march\u00e9 du travail.<\/strong><\/p>\n<div class='cta-block'><div class='text'>Simulez votre \u00e9ligibilit\u00e9 au CEJ en 2 min. Gratuit.<\/div><a href='https:\/\/www.mes-allocs.fr\/ab-app?origin=guides\/wp-json\/wp\/v2\/posts\/79065' class='app-button fit'>Simulation gratuite<\/a><\/div>\n<h1>Pr\u00e9sentation du CEJ \u00e0 Strasbourg<\/h1>\n<h2>Description du CEJ<\/h2>\n<p>Le Contrat d\u2019Engagement Jeune (CEJ) est un dispositif national, soutenu par le gouvernement fran\u00e7ais, visant \u00e0 <strong>aider les jeunes de 16 \u00e0 25 ans (jusqu&rsquo;\u00e0 29 ans pour ceux en situation de handicap) \u00e0 s&rsquo;ins\u00e9rer dans le march\u00e9 du travail<\/strong>. \u00c0 Strasbourg, le CEJ est mis en \u0153uvre par la Mission Locale de Strasbourg, qui joue un r\u00f4le central dans l&rsquo;accompagnement des jeunes en recherche d&#8217;emploi ou de formation. Ce programme offre un accompagnement intensif et personnalis\u00e9 pour chaque participant, con\u00e7u pour r\u00e9pondre aux besoins sp\u00e9cifiques de chacun.<\/p>\n<p>Le fonctionnement du CEJ inclut :<\/p>\n<ul>\n<li><strong>Un accompagnement personnalis\u00e9<\/strong> : chaque jeune est suivi par un conseiller d\u00e9di\u00e9 qui l&rsquo;aide \u00e0 d\u00e9finir et \u00e0 mettre en \u0153uvre son projet professionnel.<\/li>\n<li><strong>Des ateliers et des formations<\/strong> : les participants peuvent acc\u00e9der \u00e0 divers ateliers de pr\u00e9paration \u00e0 l&#8217;emploi, formations professionnelles et missions d&rsquo;int\u00e9r\u00eat g\u00e9n\u00e9ral.<\/li>\n<li><strong>Une aide financi\u00e8re<\/strong> : une allocation mensuelle pouvant aller jusqu&rsquo;\u00e0 500 euros est disponible pour soutenir les jeunes durant leur parcours.<\/li>\n<\/ul>\n<h2>Les objectifs du CEJ pour les jeunes Strasbourgeois<\/h2>\n<p>Le CEJ \u00e0 Strasbourg a plusieurs objectifs cl\u00e9s, tous centr\u00e9s sur l&rsquo;am\u00e9lioration de l&#8217;employabilit\u00e9 et de l&rsquo;insertion professionnelle des jeunes :<\/p>\n<ol>\n<li><strong>R\u00e9duction du ch\u00f4mage des jeunes<\/strong> : Strasbourg, comme d&rsquo;autres grandes villes, conna\u00eet un taux de ch\u00f4mage \u00e9lev\u00e9 parmi les jeunes. Le CEJ vise \u00e0 diminuer ce taux en offrant des solutions concr\u00e8tes et adapt\u00e9es aux besoins individuels des participants.<\/li>\n<li><strong>Am\u00e9lioration des comp\u00e9tences<\/strong> : par le biais de formations et d&rsquo;ateliers, le CEJ aide les jeunes \u00e0 d\u00e9velopper les comp\u00e9tences n\u00e9cessaires pour r\u00e9pondre aux exigences du march\u00e9 du travail. Cela inclut des comp\u00e9tences techniques sp\u00e9cifiques, ainsi que des comp\u00e9tences g\u00e9n\u00e9rales comme la r\u00e9daction de CV, la pr\u00e9paration aux entretiens, et la gestion de projet.<\/li>\n<li><strong>Insertion professionnelle durable<\/strong> : l&rsquo;objectif ultime du CEJ est de permettre aux jeunes de trouver et de maintenir un emploi durable. En offrant un accompagnement sur mesure et en facilitant les stages et les exp\u00e9riences professionnelles, le programme vise \u00e0 pr\u00e9parer les jeunes \u00e0 des carri\u00e8res \u00e0 long terme.<\/li>\n<li><strong>Soutien personnalis\u00e9<\/strong> : chaque participant b\u00e9n\u00e9ficie d&rsquo;un suivi individuel pour s&rsquo;assurer que ses besoins sp\u00e9cifiques sont pris en compte. Ce soutien personnalis\u00e9 permet de mieux accompagner les jeunes dans leur parcours professionnel, en tenant compte de leurs aspirations et de leurs contraintes personnelles.<\/li>\n<\/ol>\n<p><iframe loading=\"lazy\" title=\"Le Contrat d&#039;Engagement Jeune (CEJ)\" width=\"500\" height=\"375\" src=\"https:\/\/www.youtube.com\/embed\/f_Hf5LBMHeQ?feature=oembed\" frameborder=\"0\" allow=\"accelerometer; autoplay; clipboard-write; encrypted-media; gyroscope; picture-in-picture; web-share\" referrerpolicy=\"strict-origin-when-cross-origin\" allowfullscreen><\/iframe><\/p>\n<div class=\"flex flex-grow flex-col max-w-full\">\n<div class=\"min-h-[20px] text-message flex flex-col items-start whitespace-pre-wrap break-words [.text-message+&amp;]:mt-5 juice:w-full juice:items-end overflow-x-auto gap-2\" dir=\"auto\" data-message-author-role=\"assistant\" data-message-id=\"4e007678-7d7f-4891-ad93-389acb1d49f8\">\n<div class=\"flex w-full flex-col gap-1 juice:empty:hidden juice:first:pt-[3px]\">\n<div class=\"markdown prose w-full break-words dark:prose-invert dark\">\n<h1>Crit\u00e8res d&rsquo;\u00e9ligibilit\u00e9 et conditions d&rsquo;obtention du CEJ \u00e0 Strasbourg<\/h1>\n<h2>Tranches d&rsquo;\u00e2ge et situations professionnelles \u00e9ligibles<\/h2>\n<p>Pour b\u00e9n\u00e9ficier du Contrat d\u2019Engagement Jeune (CEJ) \u00e0 Strasbourg, les candidats doivent r\u00e9pondre aux crit\u00e8res suivants :<\/p>\n<ol>\n<li><strong>Tranches d&rsquo;\u00e2ge :<\/strong>\n<ul>\n<li>Les jeunes doivent \u00eatre \u00e2g\u00e9s de 16 \u00e0 25 ans.<\/li>\n<li>Pour les jeunes en situation de handicap, l&rsquo;\u00e2ge limite est \u00e9tendu \u00e0 29 ans.<\/li>\n<\/ul>\n<\/li>\n<li><strong>Situations professionnelles \u00e9ligibles :<\/strong>\n<ul>\n<li>Les candidats doivent \u00eatre ni en emploi, ni en formation, ni en \u00e9tudes (NEET).<\/li>\n<li>Le dispositif est con\u00e7u pour aider les jeunes qui rencontrent des difficult\u00e9s particuli\u00e8res \u00e0 entrer sur le march\u00e9 du travail, qu&rsquo;ils soient sans dipl\u00f4me, en d\u00e9crochage scolaire ou qu&rsquo;ils aient simplement du mal \u00e0 trouver un emploi.<\/li>\n<\/ul>\n<\/li>\n<\/ol>\n<h2>Conditions sp\u00e9cifiques de r\u00e9sidence<\/h2>\n<ol>\n<li><strong>R\u00e9sidence \u00e0 Strasbourg ou ses environs :<\/strong>\n<ul>\n<li>Les candidats doivent r\u00e9sider dans la commune de Strasbourg ou dans les environs imm\u00e9diats.<\/li>\n<li>Une preuve de domicile, telle qu&rsquo;une facture de services publics ou une attestation de r\u00e9sidence, peut \u00eatre exig\u00e9e lors de la demande pour confirmer l&rsquo;\u00e9ligibilit\u00e9.<\/li>\n<\/ul>\n<\/li>\n<\/ol>\n<h1>Processus de demande du CEJ \u00e0 Strasbourg<\/h1>\n<h2>La prise de contact avec la Mission Locale de Strasbourg<\/h2>\n<ol>\n<li><strong>Premi\u00e8re \u00e9tape : contact initial<\/strong>\n<ul>\n<li>Les jeunes int\u00e9ress\u00e9s par le CEJ doivent d&rsquo;abord contacter la Mission Locale de Strasbourg.<\/li>\n<li>Ce contact peut \u00eatre \u00e9tabli par t\u00e9l\u00e9phone, par e-mail, ou en se rendant directement dans les locaux de la Mission Locale.<\/li>\n<li>Lors de ce premier contact, les conseillers fourniront des informations d\u00e9taill\u00e9es sur le programme et les \u00e9tapes \u00e0 suivre.<\/li>\n<\/ul>\n<\/li>\n<li><strong>R\u00e9union d&rsquo;information :<\/strong>\n<ul>\n<li>Les jeunes seront invit\u00e9s \u00e0 une r\u00e9union d&rsquo;information o\u00f9 les d\u00e9tails du CEJ seront expliqu\u00e9s.<\/li>\n<li>Cette r\u00e9union permet aux jeunes de mieux comprendre le dispositif, les engagements n\u00e9cessaires et les b\u00e9n\u00e9fices du programme.<\/li>\n<\/ul>\n<\/li>\n<\/ol>\n<p>D\u00e9couvrez en d\u00e9tail les <a href=\"https:\/\/www.mes-allocs.fr\/guides\/contrat-engagement-jeune\/demarches-cej\/\">d\u00e9marches pour demander le CEJ<\/a> !<\/p>\n<h2>Les \u00e9tapes de constitution et de soumission du dossier<\/h2>\n<ol>\n<li><strong>Entretien individuel :<\/strong>\n<ul>\n<li>Apr\u00e8s la r\u00e9union d&rsquo;information, les candidats passeront un entretien individuel avec un conseiller de la Mission Locale.<\/li>\n<li>Cet entretien vise \u00e0 \u00e9valuer la situation personnelle et professionnelle du jeune, ainsi que ses motivations et ses objectifs.<\/li>\n<\/ul>\n<\/li>\n<li><strong>Constitution du dossier :<\/strong>\n<ul>\n<li>Si le jeune est jug\u00e9 \u00e9ligible et motiv\u00e9, il devra constituer un dossier de demande.<\/li>\n<li>Le dossier comprendra g\u00e9n\u00e9ralement :\n<ul>\n<li>Une pi\u00e8ce d&rsquo;identit\u00e9 (carte d&rsquo;identit\u00e9, passeport).<\/li>\n<li>Un justificatif de domicile r\u00e9cent.<\/li>\n<li>Un CV d\u00e9taillant les exp\u00e9riences professionnelles et les formations.<\/li>\n<li>\u00c9ventuellement des dipl\u00f4mes ou attestations de formation.<\/li>\n<\/ul>\n<\/li>\n<\/ul>\n<\/li>\n<li><strong>Soumission et suivi du dossier :<\/strong>\n<ul>\n<li>Le dossier complet doit \u00eatre soumis \u00e0 la Mission Locale de Strasbourg.<\/li>\n<li>Apr\u00e8s la soumission, le jeune sera inform\u00e9 du d\u00e9lai de traitement et des \u00e9tapes suivantes.<\/li>\n<li>Un suivi r\u00e9gulier est assur\u00e9 par le conseiller pour informer le jeune de l&rsquo;avancement de sa demande et l&rsquo;accompagner tout au long du processus.<\/li>\n<\/ul>\n<\/li>\n<\/ol>\n<p>En suivant ces \u00e9tapes, les jeunes de Strasbourg peuvent acc\u00e9der au CEJ et b\u00e9n\u00e9ficier de son soutien pour leur insertion professionnelle.<\/p>\n<h1>Que faire \u00e0 Strasbourg ?<\/h1>\n<p>Strasbourg, capitale de la r\u00e9gion Grand Est, est une ville riche en histoire, en culture et en activit\u00e9s vari\u00e9es. Voici quelques suggestions pour profiter pleinement de votre s\u00e9jour \u00e0 Strasbourg :<\/p>\n<h2>1. D\u00e9couvertes culturelles et historiques<\/h2>\n<p><strong>Cath\u00e9drale Notre-Dame de Strasbourg :<\/strong><\/p>\n<ul>\n<li><strong>Description :<\/strong> un chef-d&rsquo;\u0153uvre de l&rsquo;architecture gothique, c\u00e9l\u00e8bre pour sa fl\u00e8che de 142 m\u00e8tres de haut et son horloge astronomique.<\/li>\n<li><strong>Activit\u00e9s :<\/strong> monter jusqu\u2019\u00e0 la plateforme pour une vue panoramique de la ville, visiter l&rsquo;int\u00e9rieur pour admirer les vitraux et l&rsquo;horloge.<\/li>\n<\/ul>\n<p><strong>Le quartier de la Petite France :<\/strong><\/p>\n<ul>\n<li><strong>Description :<\/strong> un quartier pittoresque avec ses maisons \u00e0 colombages et ses canaux.<\/li>\n<li><strong>Activit\u00e9s :<\/strong> fl\u00e2ner dans les rues pav\u00e9es, faire une promenade en bateau sur l&rsquo;Ill, d\u00e9couvrir les boutiques artisanales et les restaurants typiques.<\/li>\n<\/ul>\n<p><strong>Le Palais Rohan :<\/strong><\/p>\n<ul>\n<li><strong>Description :<\/strong> un palais historique abritant trois mus\u00e9es : le Mus\u00e9e des Beaux-Arts, le Mus\u00e9e Arch\u00e9ologique et le Mus\u00e9e des Arts D\u00e9coratifs.<\/li>\n<li><strong>Activit\u00e9s :<\/strong> explorer les collections d&rsquo;art et d&rsquo;arch\u00e9ologie, admirer l&rsquo;architecture baroque du palais.<\/li>\n<\/ul>\n<h2>2. Espaces verts et nature<\/h2>\n<p><strong>Parc de l&rsquo;Orangerie :<\/strong><\/p>\n<ul>\n<li><strong>Description :<\/strong> le plus grand parc de Strasbourg, id\u00e9al pour se d\u00e9tendre et se promener.<\/li>\n<li><strong>Activit\u00e9s :<\/strong> faire du p\u00e9dalo sur le lac, visiter le mini-zoo, profiter des aires de jeux et des jardins.<\/li>\n<\/ul>\n<p><strong>Jardin des Deux Rives :<\/strong><\/p>\n<ul>\n<li><strong>Description :<\/strong> un parc transfrontalier reliant Strasbourg \u00e0 Kehl en Allemagne, symbolisant l&rsquo;amiti\u00e9 franco-allemande.<\/li>\n<li><strong>Activit\u00e9s :<\/strong> se promener le long du Rhin, traverser la passerelle Mimram, participer aux \u00e9v\u00e9nements et festivals organis\u00e9s dans le parc.<\/li>\n<\/ul>\n<h2>3. Loisirs et divertissements<\/h2>\n<p><strong>Mus\u00e9e d&rsquo;Art Moderne et Contemporain (MAMCS) :<\/strong><\/p>\n<ul>\n<li><strong>Description :<\/strong> un mus\u00e9e abritant des \u0153uvres d&rsquo;art moderne et contemporain.<\/li>\n<li><strong>Activit\u00e9s :<\/strong> explorer les expositions temporaires et permanentes, participer \u00e0 des ateliers et des visites guid\u00e9es.<\/li>\n<\/ul>\n<p><strong>Le Vaisseau :<\/strong><\/p>\n<ul>\n<li><strong>Description :<\/strong> un centre de d\u00e9couverte scientifique pour les enfants et les familles.<\/li>\n<li><strong>Activit\u00e9s :<\/strong> participer \u00e0 des exp\u00e9riences interactives, d\u00e9couvrir des expositions ludiques sur les sciences et la technologie.<\/li>\n<\/ul>\n<h2>4. Activit\u00e9s sportives et de plein air<\/h2>\n<p><strong>Cyclisme :<\/strong><\/p>\n<ul>\n<li><strong>Description :<\/strong> strasbourg est une ville cyclable avec de nombreuses pistes cyclables s\u00e9curis\u00e9es.<\/li>\n<li><strong>Activit\u00e9s :<\/strong> louer un v\u00e9lo et explorer la ville et ses environs \u00e0 v\u00e9lo, suivre les itin\u00e9raires balis\u00e9s le long du canal de la Bruche ou du Rhin.<\/li>\n<\/ul>\n<p><strong>Randonn\u00e9e et balades :<\/strong><\/p>\n<ul>\n<li><strong>Description :<\/strong> des sentiers de randonn\u00e9e sont disponibles autour de Strasbourg pour les amateurs de marche.<\/li>\n<li><strong>Activit\u00e9s :<\/strong> d\u00e9couvrir les chemins de campagne, les for\u00eats environnantes et les routes viticoles d&rsquo;Alsace.<\/li>\n<\/ul>\n<h2>5. Gastronomie et march\u00e9s<\/h2>\n<p><strong>March\u00e9 de No\u00ebl :<\/strong><\/p>\n<ul>\n<li><strong>Description :<\/strong> le c\u00e9l\u00e8bre march\u00e9 de No\u00ebl de Strasbourg, l&rsquo;un des plus anciens et des plus grands d&rsquo;Europe.<\/li>\n<li><strong>Activit\u00e9s :<\/strong> d\u00e9couvrir les stands artisanaux, d\u00e9guster des sp\u00e9cialit\u00e9s alsaciennes comme le vin chaud et le pain d&rsquo;\u00e9pices, profiter des animations festives.<\/li>\n<\/ul>\n<p><strong>Restaurants et winstubs :<\/strong><\/p>\n<ul>\n<li><strong>Description :<\/strong> les winstubs sont des restaurants traditionnels alsaciens o\u00f9 l&rsquo;on peut d\u00e9guster la cuisine locale.<\/li>\n<li><strong>Activit\u00e9s :<\/strong> savourer des plats typiques comme la choucroute, la tarte flamb\u00e9e (flammekueche) et les bretzels, accompagn\u00e9s de vins d&rsquo;Alsace.<\/li>\n<\/ul>\n<p>Strasbourg offre une multitude d&rsquo;activit\u00e9s pour tous les go\u00fbts, que vous soyez amateur de culture, de nature, de sport ou de gastronomie. Profitez de votre s\u00e9jour pour d\u00e9couvrir toutes les richesses de cette ville dynamique et accueillante.<\/p>\n<\/div>\n<\/div>\n<\/div>\n<\/div>\n<div class='cta-block'><div class='text'>Simulez votre \u00e9ligibilit\u00e9 au CEJ en 2 min. Gratuit.<\/div><a href='https:\/\/www.mes-allocs.fr\/ab-app?origin=guides\/wp-json\/wp\/v2\/posts\/79065' class='app-button fit'>Simulation gratuite<\/a><\/div>\n","protected":false},"excerpt":{"rendered":"<p>La ville de Strasbourg, connue pour son dynamisme et son multiculturalisme, propose diverses initiatives pour favoriser l&rsquo;insertion professionnelle des jeunes. Le Contrat d\u2019Engagement Jeune (CEJ) est l&rsquo;une de ces initiatives cl\u00e9s. Mis en place par le gouvernement fran\u00e7ais, le CEJ vise \u00e0 offrir un accompagnement personnalis\u00e9 et un soutien financier aux jeunes de 16 \u00e0 [&hellip;]<\/p>\n","protected":false},"author":26,"featured_media":37222,"comment_status":"open","ping_status":"open","sticky":false,"template":"","format":"standard","meta":{"amp_status":"","footnotes":""},"categories":[30057,33441],"tags":[],"class_list":["post-79065","post","type-post","status-publish","format-standard","has-post-thumbnail","hentry","category-contrat-engagement-jeune","category-demarches-cej"],"yoast_head":"<!-- This site is optimized with the Yoast SEO plugin v14.9 - https:\/\/yoast.com\/wordpress\/plugins\/seo\/ -->\n<title>La demande du Contrat d\u2019Engagement Jeune (CEJ) \u00e0 Strasbourg | Mes-Allocs.fr<\/title>\n<meta name=\"description\" content=\"La demande du Contrat d\u2019Engagement Jeune (CEJ) \u00e0 Strasbourg est une \u00e9tape cruciale pour les jeunes en qu\u00eate d&#039;insertion professionnelle.\" \/>\n<meta name=\"robots\" content=\"index, follow, max-snippet:-1, max-image-preview:large, max-video-preview:-1\" \/>\n<link rel=\"canonical\" href=\"https:\/\/www.mes-allocs.fr\/guides\/contrat-engagement-jeune\/demarches-cej\/cej-strasbourg\/\" \/>\n<meta property=\"og:locale\" content=\"fr_FR\" \/>\n<meta property=\"og:type\" content=\"article\" \/>\n<meta property=\"og:title\" content=\"La demande du Contrat d\u2019Engagement Jeune (CEJ) \u00e0 Strasbourg | Mes-Allocs.fr\" \/>\n<meta property=\"og:description\" content=\"La demande du Contrat d\u2019Engagement Jeune (CEJ) \u00e0 Strasbourg est une \u00e9tape cruciale pour les jeunes en qu\u00eate d&#039;insertion professionnelle.\" \/>\n<meta property=\"og:url\" content=\"https:\/\/www.mes-allocs.fr\/guides\/contrat-engagement-jeune\/demarches-cej\/cej-strasbourg\/\" \/>\n<meta property=\"og:site_name\" content=\"Mes-Allocs.fr\" \/>\n<meta property=\"article:published_time\" content=\"2024-05-20T11:31:26+00:00\" \/>\n<meta property=\"article:modified_time\" content=\"2026-04-22T09:53:09+00:00\" \/>\n<meta property=\"og:image\" content=\"https:\/\/www.mes-allocs.fr\/guides\/wp-content\/uploads\/2021\/08\/En-quoi-consiste-la-prime-velo-electrique-Strasbourg-.jpg?wsr\" \/>\n\t<meta property=\"og:image:width\" content=\"1280\" \/>\n\t<meta property=\"og:image:height\" content=\"853\" \/>\n<meta name=\"twitter:card\" content=\"summary_large_image\" \/>\n<script type=\"application\/ld+json\" class=\"yoast-schema-graph\">{\"@context\":\"https:\/\/schema.org\",\"@graph\":[{\"@type\":\"WebSite\",\"@id\":\"https:\/\/www.mes-allocs.fr\/guides\/#website\",\"url\":\"https:\/\/www.mes-allocs.fr\/guides\/\",\"name\":\"Mes-Allocs.fr\",\"description\":\"\",\"potentialAction\":[{\"@type\":\"SearchAction\",\"target\":\"https:\/\/www.mes-allocs.fr\/guides\/?s={search_term_string}\",\"query-input\":\"required name=search_term_string\"}],\"inLanguage\":\"fr-FR\"},{\"@type\":\"ImageObject\",\"@id\":\"https:\/\/www.mes-allocs.fr\/guides\/contrat-engagement-jeune\/demarches-cej\/cej-strasbourg\/#primaryimage\",\"inLanguage\":\"fr-FR\",\"url\":\"https:\/\/www.mes-allocs.fr\/guides\/wp-content\/uploads\/2021\/08\/En-quoi-consiste-la-prime-velo-electrique-Strasbourg-.jpg?wsr\",\"width\":1280,\"height\":853,\"caption\":\"cej strasbourg\"},{\"@type\":\"WebPage\",\"@id\":\"https:\/\/www.mes-allocs.fr\/guides\/contrat-engagement-jeune\/demarches-cej\/cej-strasbourg\/#webpage\",\"url\":\"https:\/\/www.mes-allocs.fr\/guides\/contrat-engagement-jeune\/demarches-cej\/cej-strasbourg\/\",\"name\":\"La demande du Contrat d\\u2019Engagement Jeune (CEJ) \\u00e0 Strasbourg | Mes-Allocs.fr\",\"isPartOf\":{\"@id\":\"https:\/\/www.mes-allocs.fr\/guides\/#website\"},\"primaryImageOfPage\":{\"@id\":\"https:\/\/www.mes-allocs.fr\/guides\/contrat-engagement-jeune\/demarches-cej\/cej-strasbourg\/#primaryimage\"},\"datePublished\":\"2024-05-20T11:31:26+00:00\",\"dateModified\":\"2026-04-22T09:53:09+00:00\",\"author\":{\"@id\":\"https:\/\/www.mes-allocs.fr\/guides\/#\/schema\/person\/9c38f3be41a0ddcd1e3fde5a3df713bf\"},\"description\":\"La demande du Contrat d\\u2019Engagement Jeune (CEJ) \\u00e0 Strasbourg est une \\u00e9tape cruciale pour les jeunes en qu\\u00eate d'insertion professionnelle.\",\"inLanguage\":\"fr-FR\"},{\"@type\":\"Person\",\"@id\":\"https:\/\/www.mes-allocs.fr\/guides\/#\/schema\/person\/9c38f3be41a0ddcd1e3fde5a3df713bf\",\"name\":\"Sessime Ananou\",\"image\":{\"@type\":\"ImageObject\",\"@id\":\"https:\/\/www.mes-allocs.fr\/guides\/#personlogo\",\"inLanguage\":\"fr-FR\",\"url\":\"https:\/\/www.mes-allocs.fr\/guides\/wp-content\/uploads\/2023\/08\/IMG_8173-150x150.jpg\",\"caption\":\"Sessime Ananou\"},\"description\":\"Sessime est r\\u00e9dactrice chez Mes Allocs, sp\\u00e9cialis\\u00e9e sur le pouvoir d'achat. Elle rejoint l'\\u00e9quipe Mes Allocs en ao\\u00fbt 2023 afin de simplifier l'acc\\u00e8s \\u00e0 l'information sur les aides en g\\u00e9n\\u00e9ral.\"}]}<\/script>\n<!-- \/ Yoast SEO plugin. -->","amp_validity":null,"acf":{"faq":{"1":{"question":"Comment puis-je faire une demande de CEJ \u00e0 Strasbourg ?","answer":"Pour faire une demande de CEJ \u00e0 Strasbourg, vous pouvez contacter la Mission Locale de Strasbourg. Vous pouvez les joindre par t\u00e9l\u00e9phone, par e-mail, ou vous rendre directement dans leurs locaux pour obtenir des informations sur les d\u00e9marches \u00e0 suivre et les documents n\u00e9cessaires."},"2":{"question":"Quels sont les crit\u00e8res d'\u00e9ligibilit\u00e9 pour b\u00e9n\u00e9ficier du CEJ \u00e0 Strasbourg ?","answer":"Les crit\u00e8res d'\u00e9ligibilit\u00e9 incluent :\r\n\u00catre \u00e2g\u00e9 de 16 \u00e0 25 ans (jusqu'\u00e0 29 ans pour les jeunes en situation de handicap).\r\nNe pas \u00eatre en emploi, en formation ou en \u00e9tudes.\r\nR\u00e9sider \u00e0 Strasbourg ou dans les environs.\r\n\u00catre motiv\u00e9 pour s'engager activement dans le parcours propos\u00e9 par le CEJ.\r\n"},"3":{"question":"Quels documents dois-je fournir pour constituer ma demande de CEJ \u00e0 Strasbourg ?","answer":"Vous devrez fournir :\r\nUne pi\u00e8ce d'identit\u00e9.\r\nUn justificatif de domicile.\r\nUn CV.\r\nD'\u00e9ventuels dipl\u00f4mes ou attestations de formation.\r\nToute autre pi\u00e8ce pouvant appuyer votre demande."},"4":{"question":"Combien de temps prend le traitement d'une demande de CEJ \u00e0 Strasbourg ?","answer":"Le d\u00e9lai de traitement peut varier en fonction du nombre de demandes et de la disponibilit\u00e9 des conseillers. G\u00e9n\u00e9ralement, il faut compter quelques semaines. Pour des informations pr\u00e9cises, il est recommand\u00e9 de contacter directement la Mission Locale de Strasbourg."},"5":{"question":"Puis-je b\u00e9n\u00e9ficier d'une allocation pendant la dur\u00e9e du CEJ \u00e0 Strasbourg ?","answer":"Oui, les participants au CEJ peuvent recevoir une allocation mensuelle pouvant aller jusqu'\u00e0 500 euros, sous r\u00e9serve de remplir les conditions d'\u00e9ligibilit\u00e9 d\u00e9finies par la Mission Locale.\r\n"},"6":{"question":"Quels sont les avantages de choisir le CEJ \u00e0 Strasbourg pour mon insertion professionnelle ?","answer":"Les avantages incluent :\r\nUn accompagnement personnalis\u00e9 avec un conseiller d\u00e9di\u00e9.\r\nDes formations adapt\u00e9es aux besoins du march\u00e9 du travail local.\r\nDes opportunit\u00e9s de stages en entreprise.\r\nUn soutien financier pendant la dur\u00e9e du programme.\r\nDes ateliers de pr\u00e9paration \u00e0 l'emploi et de d\u00e9veloppement des comp\u00e9tences."},"7":{"question":"","answer":""},"8":{"question":"","answer":""},"9":{"question":"","answer":""},"10":{"question":"","answer":""},"11":{"question":"","answer":""},"12":{"question":"","answer":""},"13":{"question":"","answer":""},"14":{"question":"","answer":""},"15":{"question":"","answer":""},"16":{"question":"","answer":""}}},"_links":{"self":[{"href":"https:\/\/www.mes-allocs.fr\/guides\/wp-json\/wp\/v2\/posts\/79065","targetHints":{"allow":["GET"]}}],"collection":[{"href":"https:\/\/www.mes-allocs.fr\/guides\/wp-json\/wp\/v2\/posts"}],"about":[{"href":"https:\/\/www.mes-allocs.fr\/guides\/wp-json\/wp\/v2\/types\/post"}],"author":[{"embeddable":true,"href":"https:\/\/www.mes-allocs.fr\/guides\/wp-json\/wp\/v2\/users\/26"}],"replies":[{"embeddable":true,"href":"https:\/\/www.mes-allocs.fr\/guides\/wp-json\/wp\/v2\/comments?post=79065"}],"version-history":[{"count":3,"href":"https:\/\/www.mes-allocs.fr\/guides\/wp-json\/wp\/v2\/posts\/79065\/revisions"}],"predecessor-version":[{"id":79350,"href":"https:\/\/www.mes-allocs.fr\/guides\/wp-json\/wp\/v2\/posts\/79065\/revisions\/79350"}],"wp:featuredmedia":[{"embeddable":true,"href":"https:\/\/www.mes-allocs.fr\/guides\/wp-json\/wp\/v2\/media\/37222"}],"wp:attachment":[{"href":"https:\/\/www.mes-allocs.fr\/guides\/wp-json\/wp\/v2\/media?parent=79065"}],"wp:term":[{"taxonomy":"category","embeddable":true,"href":"https:\/\/www.mes-allocs.fr\/guides\/wp-json\/wp\/v2\/categories?post=79065"},{"taxonomy":"post_tag","embeddable":true,"href":"https:\/\/www.mes-allocs.fr\/guides\/wp-json\/wp\/v2\/tags?post=79065"}],"curies":[{"name":"wp","href":"https:\/\/api.w.org\/{rel}","templated":true}]}}