{"id":79021,"date":"2024-05-17T15:23:38","date_gmt":"2024-05-17T13:23:38","guid":{"rendered":"https:\/\/www.mes-allocs.fr\/guides\/?p=79021"},"modified":"2026-04-22T10:53:09","modified_gmt":"2026-04-22T09:53:09","slug":"aide-isolation-garage","status":"publish","type":"post","link":"https:\/\/www.mes-allocs.fr\/guides\/aide-renovation\/aide-isolation\/aide-isolation-garage\/","title":{"rendered":"Quelles sont les aides pour l\u2019isolation de votre garage ?"},"content":{"rendered":"<p><img loading=\"lazy\" decoding=\"async\" class=\"alignnone wp-image-79023 size-full\" title=\"aide isolation garage\" src=\"https:\/\/www.mes-allocs.fr\/guides\/wp-content\/uploads\/2024\/05\/garage-1379189_1280-e1715950954147.jpg\" alt=\"aide isolation garage\" width=\"1280\" height=\"230\" srcset=\"https:\/\/www.mes-allocs.fr\/guides\/wp-content\/uploads\/2024\/05\/garage-1379189_1280-e1715950954147.jpg 1280w, https:\/\/www.mes-allocs.fr\/guides\/wp-content\/uploads\/2024\/05\/garage-1379189_1280-e1715950954147-300x54.jpg 300w, https:\/\/www.mes-allocs.fr\/guides\/wp-content\/uploads\/2024\/05\/garage-1379189_1280-e1715950954147-1024x184.jpg 1024w, https:\/\/www.mes-allocs.fr\/guides\/wp-content\/uploads\/2024\/05\/garage-1379189_1280-e1715950954147-768x138.jpg 768w, https:\/\/www.mes-allocs.fr\/guides\/wp-content\/uploads\/2024\/05\/garage-1379189_1280-e1715950954147-600x108.jpg 600w\" sizes=\"auto, (max-width: 1280px) 100vw, 1280px\" \/><\/p>\n<p><strong>Souvent n\u00e9glig\u00e9 lorsqu&rsquo;on planifie des travaux de r\u00e9novation \u00e0 domicile, l&rsquo;isolation du garage est pourtant crucial. Cette zone est en contact avec des pi\u00e8ces chauff\u00e9es, ce qui en fait un point sensible pour les pertes de chaleur et accro\u00eet ainsi les risques de surconsommation \u00e9nerg\u00e9tique. Mes Allocs vous explique comment b\u00e9n\u00e9ficier des <a href=\"https:\/\/www.mes-allocs.fr\/guides\/aide-renovation\/\">aides \u00e0 la r\u00e9novation<\/a> pour r\u00e9duire le montant de vos travaux.<\/strong><\/p>\n<div class='cta-block'><div class='text'>Simulez toutes vos Aides en 2 min.<\/div><a href='https:\/\/www.mes-allocs.fr\/ab-app?origin=guides\/wp-json\/wp\/v2\/posts\/79021' class='app-button fit'>Simulation gratuite<\/a><\/div>\n<p class=\"p1\"><div class='shortcode disclaimer'><div class='title'>Attention<\/div><div class='content'>\u00c0 compter du <b>30 septembre 2025<\/b>, le dispositif MaPrimeR\u00e9nov\u2019 pour les r\u00e9novations d\u2019ampleur est de nouveau accessible.<\/p>\n<p class=\"p1\">Attention, les modalit\u00e9s et conditions d\u2019attribution ont <b>\u00e9volu\u00e9<\/b>. Si vous envisagez une r\u00e9novation \u00e9nerg\u00e9tique, <b>simulez gratuitement<\/b> <b>votre \u00e9ligibilit\u00e9<\/b> \u00e0 MaPrimeR\u00e9nov\u2019 sur Mes-Allocs.fr. Un conseiller Mes Allocs peut aussi vous accompagner dans vos d\u00e9marches.<\/div><\/div><\/p>\n<h1><strong>Quel est l&rsquo;int\u00e9r\u00eat d&rsquo;isoler son garage ?<\/strong><\/h1>\n<p><span style=\"font-weight: 400;\">Isoler son garage pr\u00e9sente plusieurs avantages significatifs. Tout d&rsquo;abord, cela permet de r\u00e9aliser des \u00e9conomies d&rsquo;\u00e9nergie en r\u00e9duisant les pertes de chaleur, ce qui se traduit par des co\u00fbts de chauffage moins \u00e9lev\u00e9s et une consommation d&rsquo;\u00e9nergie moindre. De plus, une isolation ad\u00e9quate assure un confort thermique accru en maintenant une temp\u00e9rature stable \u00e0 l&rsquo;int\u00e9rieur du garage, ce qui est particuli\u00e8rement b\u00e9n\u00e9fique pour les activit\u00e9s qui s&rsquo;y d\u00e9roulent. Parall\u00e8lement, elle prot\u00e8ge les biens stock\u00e9s contre les variations de temp\u00e9rature et l&rsquo;humidit\u00e9, contribuant ainsi \u00e0 leur pr\u00e9servation. <strong>Sur le plan global, l&rsquo;isolation du garage aide \u00e0 maintenir une temp\u00e9rature constante dans toute la maison, r\u00e9duisant ainsi les besoins de chauffage et de climatisation et, par cons\u00e9quent, les co\u00fbts \u00e9nerg\u00e9tiques.<\/strong> Enfin, cette isolation peut \u00e9galement r\u00e9duire la transmission du bruit entre le garage et le reste de la maison, favorisant ainsi un environnement int\u00e9rieur plus paisible. En somme, isoler son garage offre un ensemble d&rsquo;avantages allant de l&rsquo;\u00e9conomie d&rsquo;\u00e9nergie au confort accru, en passant par la pr\u00e9servation des biens et la r\u00e9duction du bruit. Il existe de nombreuses aides \u00e0 la r\u00e9novation pour vous aider.\u00a0<\/span><\/p>\n<h1><strong>Quel est le co\u00fbt des travaux pour isoler son garage ?<\/strong><\/h1>\n<p><span style=\"font-weight: 400;\">Le co\u00fbt des travaux d&rsquo;isolation d&rsquo;un garage varie selon plusieurs param\u00e8tres, tels que la superficie \u00e0 isoler, les \u00e9ventuels travaux pr\u00e9alables, les mat\u00e9riaux s\u00e9lectionn\u00e9s et les techniques employ\u00e9es.<\/span><\/p>\n<p><span style=\"font-weight: 400;\">Pour une isolation des murs par l&rsquo;int\u00e9rieur (ITI), <strong>le budget n\u00e9cessaire se situe g\u00e9n\u00e9ralement entre 80 et 130 euros par m\u00e8tre carr\u00e9, incluant la main-d&rsquo;\u0153uvre.<\/strong><\/span><\/p>\n<p><span style=\"font-weight: 400;\">En ce qui concerne une isolation par l&rsquo;ext\u00e9rieur (ITE), les prix oscillent g\u00e9n\u00e9ralement entre <strong>130 et 250 euros par m\u00e8tre carr\u00e9<\/strong>, selon le type de rev\u00eatement envisag\u00e9 au-dessus de l&rsquo;isolant (enduit, bardage bois, bardage composite, PVC, etc.).<\/span><\/p>\n<p><span style=\"font-weight: 400;\">Pour l&rsquo;isolation thermique du plafond du garage, le co\u00fbt moyen se situe g\u00e9n\u00e9ralement entre<strong> 40 et 55 euros par m\u00e8tre carr\u00e9, incluant la pose.<\/strong><\/span><\/p>\n<p>Face \u00e0 ces co\u00fbts, des\u00a0<a href=\"https:\/\/www.mes-allocs.fr\/guides\/aide-renovation\/aide-isolation\/\">aides \u00e0 l\u2019isolation<\/a>\u00a0ont \u00e9t\u00e9 mises en place.<\/p>\n<h1><strong>Les aides de MaPrimeR\u00e9nov Parcours par geste pour l\u2019isolation de votre garage\u00a0<\/strong><\/h1>\n<h2><strong>Les conditions pour b\u00e9n\u00e9ficier de MaPrimeR\u00e9nov Parcours par geste<\/strong><\/h2>\n<p><span style=\"font-weight: 400;\">MaPrimeR\u00e9nov&rsquo; Parcours par geste, g\u00e9r\u00e9e par l\u2019Agence Nationale pour l\u2019Am\u00e9lioration de l\u2019Habitat (ANAH), r\u00e9sulte de la fusion de deux anciens programmes d\u2019aides : le programme \u201cHabiter Mieux Agilit\u00e9\u201d et le Cr\u00e9dit d\u2019Imp\u00f4t pour la Transition \u00c9nerg\u00e9tique (CITE). Depuis janvier 2020, <\/span><b>cette aide est vers\u00e9e sous forme de virement bancaire et peut atteindre jusqu\u2019\u00e0 22 000 \u20ac par logement sur une p\u00e9riode maximale de 5 ans.<\/b><\/p>\n<p><span style=\"font-weight: 400;\">Initialement destin\u00e9e aux m\u00e9nages \u00e0 faibles ou tr\u00e8s faibles revenus, MaPrimeR\u00e9nov&rsquo; est d\u00e9sormais accessible \u00e0 tous les m\u00e9nages depuis le 1er janvier 2021, sans condition de ressources. Cependant, le montant de la prime d\u00e9pend de vos revenus.<\/span><\/p>\n<p><span style=\"font-weight: 400;\">Pour \u00eatre \u00e9ligible, vous devez \u00eatre propri\u00e9taire occupant d\u2019un logement construit depuis au moins 15 ans, ou depuis plus de deux ans \u00e0 la date de d\u00e9but des travaux pour le remplacement d\u2019une chaudi\u00e8re au fioul. <\/span><b>De plus, le logement doit \u00eatre occup\u00e9 \u00e0 titre de r\u00e9sidence principale, que ce soit par le propri\u00e9taire ou par un locataire.<\/b><span style=\"font-weight: 400;\"> Enfin, les travaux doivent \u00eatre r\u00e9alis\u00e9s par une entreprise ou un artisan certifi\u00e9 RGE (Reconnu Garant de l\u2019Environnement).<\/span><\/p>\n<h2><strong>Quels sont les montants de MaPrimeR\u00e9nov Parcours par geste ?\u00a0<\/strong><\/h2>\n<p><span style=\"font-weight: 400;\">Pour l\u2019isolation thermique (travaux accessibles si coupl\u00e9s \u00e0 un geste de chauffage ou d\u2019eau chaude sanitaire, sauf en appartement ou en Outre-mer), le montant de l\u2019aide est calcul\u00e9 en fonction du nombre de m\u00b2 de votre logement.<\/span><\/p>\n<ul>\n<li style=\"font-weight: 400;\" aria-level=\"1\"><b>Pour les m\u00e9nages aux revenus tr\u00e8s modestes<\/b><span style=\"font-weight: 400;\"> : le montant de l\u2019aide est entre 25 \u20ac et 75 \u20ac par m\u00b2.<\/span><\/li>\n<li style=\"font-weight: 400;\" aria-level=\"1\"><b>Pour les m\u00e9nages aux revenus modestes : <\/b><span style=\"font-weight: 400;\">le montant de l\u2019aide est entre 20 \u20ac et 60 \u20ac par m\u00b2.<\/span><\/li>\n<li style=\"font-weight: 400;\" aria-level=\"1\"><b>Pour les m\u00e9nages aux revenus interm\u00e9diaires : <\/b><span style=\"font-weight: 400;\">le montant de l\u2019aide est entre 15 \u20ac et 40 \u20ac par m\u00b2.<\/span><\/li>\n<\/ul>\n<h2><strong>Les d\u00e9marches pour b\u00e9n\u00e9ficier de MaPrimeR\u00e9nov Parcours par geste pour l&rsquo;isolation de votre garage<\/strong><\/h2>\n<p><b>Pour b\u00e9n\u00e9ficier de MaPrimeR\u00e9nov\u2019, suivez ces \u00e9tapes simples en ligne :<\/b><\/p>\n<ol>\n<li style=\"font-weight: 400;\" aria-level=\"1\"><span style=\"font-weight: 400;\">Obtenez un devis aupr\u00e8s d\u2019un artisan certifi\u00e9 RGE.<\/span><\/li>\n<li style=\"font-weight: 400;\" aria-level=\"1\"><span style=\"font-weight: 400;\">Cr\u00e9ez un compte en ligne et compl\u00e9tez toutes les informations requises.<\/span><\/li>\n<li style=\"font-weight: 400;\" aria-level=\"1\"><span style=\"font-weight: 400;\">Votre projet est \u00e9valu\u00e9 et le montant de la prime vous est communiqu\u00e9.<\/span><\/li>\n<li style=\"font-weight: 400;\" aria-level=\"1\"><span style=\"font-weight: 400;\">Une fois les travaux termin\u00e9s, soumettez votre facture en ligne.<\/span><\/li>\n<li style=\"font-weight: 400;\" aria-level=\"1\"><span style=\"font-weight: 400;\">Recevez votre prime par virement bancaire.<\/span><\/li>\n<\/ol>\n<h1><strong>La Prime \u00e9nergie : une aide pour l\u2019isolation de votre garage\u00a0<\/strong><\/h1>\n<p><span style=\"font-weight: 400;\">Si vous envisagez des travaux de r\u00e9novation pour votre maison visant \u00e0 r\u00e9duire sa consommation \u00e9nerg\u00e9tique, comme l&rsquo;isolation des murs par l&rsquo;int\u00e9rieur, vous pourriez \u00eatre \u00e9ligible \u00e0 des aides financi\u00e8res. Parmi celles-ci, la Prime \u00c9nergie est une subvention vers\u00e9e sous forme de ch\u00e8que. <\/span><b>Cette prime est financ\u00e9e par les fournisseurs d&rsquo;\u00e9nergie, tels que les fournisseurs d&rsquo;\u00e9lectricit\u00e9, de gaz, de fioul et de carburants pour automobiles.<\/b><span style=\"font-weight: 400;\"> Conform\u00e9ment \u00e0 la politique gouvernementale visant \u00e0 r\u00e9duire la consommation \u00e9nerg\u00e9tique et \u00e0 prot\u00e9ger l&rsquo;environnement, l&rsquo;\u00c9tat impose \u00e0 ces fournisseurs de produire un certain nombre de certificats d&rsquo;\u00e9conomie d&rsquo;\u00e9nergie. Ils peuvent les g\u00e9n\u00e9rer par des travaux sur leurs propres installations, les racheter sur un march\u00e9 d\u00e9di\u00e9, ou les collecter aupr\u00e8s des particuliers en \u00e9change d&rsquo;une prime \u00e9nergie.<\/span><\/p>\n<h1><strong>L\u2019\u00e9co pr\u00eat \u00e0 taux z\u00e9ro, un pr\u00eat pour financer l&rsquo;isolation de votre garage\u00a0<\/strong><\/h1>\n<p><span style=\"font-weight: 400;\">L\u2019\u00e9co-pr\u00eat \u00e0 taux z\u00e9ro sert au financement de la r\u00e9novation \u00e9nerg\u00e9tique de votre logement. Ce pr\u00eat ne n\u00e9cessite pas d\u2019avance de tr\u00e9sorerie et ne demande pas d\u2019int\u00e9r\u00eats. Le dispositif est prolong\u00e9 jusqu\u2019au <\/span><b>31 d\u00e9cembre<\/b> <b>2024<\/b><span style=\"font-weight: 400;\">. Peuvent b\u00e9n\u00e9ficier de cette aide :<\/span><\/p>\n<ul>\n<li style=\"font-weight: 400;\" aria-level=\"1\"><span style=\"font-weight: 400;\">les personnes physiques (propri\u00e9taire occupant ou bailleur et les copropri\u00e9t\u00e9s) ;<\/span><\/li>\n<li style=\"font-weight: 400;\" aria-level=\"1\"><span style=\"font-weight: 400;\">les soci\u00e9t\u00e9s civiles qui ne sont pas soumises \u00e0 l\u2019imp\u00f4t sur les soci\u00e9t\u00e9s. Un des associ\u00e9s doit \u00eatre une personne physique.<\/span><\/li>\n<\/ul>\n<p><span style=\"font-weight: 400;\">Le montant de ce pr\u00eat peut atteindre<\/span><b> 50.000 \u20ac maximum.\u00a0<\/b><\/p>\n<p><span style=\"font-weight: 400;\">Le logement doit \u00eatre votre r\u00e9sidence principale. Il peut s\u2019agir d\u2019une maison ou d\u2019un appartement. Ce logement doit avoir \u00e9t\u00e9 achev\u00e9 avant le 1er janvier 1990. <\/span><b>Un seul \u00e9co-pr\u00eat \u00e0 taux z\u00e9ro peut \u00eatre autoris\u00e9 par logement.<\/b><\/p>\n<p><iframe loading=\"lazy\" src=\"\/\/www.youtube.com\/embed\/7gAS6K23WXo\" width=\"560\" height=\"314\" allowfullscreen=\"allowfullscreen\"><\/iframe><\/p>\n<h1><strong>La TVA \u00e0 taux r\u00e9duit pour l\u2019isolation de votre garage\u00a0<\/strong><\/h1>\n<p><span style=\"font-weight: 400;\"><strong>Nouveaut\u00e9 2025 :<\/strong> Depuis 2025, l&rsquo;achat et l&rsquo;installation des chaudi\u00e8res \u00e0 gaz sont d\u00e9sormais soumis \u00e0 une TVA de 20 %, rempla\u00e7ant les anciens taux r\u00e9duits de 5,5 % ou 10 %, pour respecter la l\u00e9gislation europ\u00e9enne. Les r\u00e9parations et la maintenance des chaudi\u00e8res en place, quant \u00e0 elles, b\u00e9n\u00e9ficient toujours de taux r\u00e9duits.<\/span><\/p>\n<p><span style=\"font-weight: 400;\">Vous souhaitez faire des travaux de r\u00e9novation pour votre logement ? Certains travaux peuvent b\u00e9n\u00e9ficier d\u2019une <\/span><b>TVA \u00e0 taux r\u00e9duit \u00e0 5,5 %<\/b><span style=\"font-weight: 400;\">. Vous pouvez b\u00e9n\u00e9ficier de cette aide si vous \u00eates :<\/span><\/p>\n<ul>\n<li style=\"font-weight: 400;\" aria-level=\"1\"><span style=\"font-weight: 400;\">propri\u00e9taires occupants, bailleurs ou syndicats de propri\u00e9taires ;<\/span><\/li>\n<li style=\"font-weight: 400;\" aria-level=\"1\"><span style=\"font-weight: 400;\">locataires et occupants \u00e0 titre gratuit ;<\/span><\/li>\n<li style=\"font-weight: 400;\" aria-level=\"1\"><span style=\"font-weight: 400;\">soci\u00e9t\u00e9s civiles immobili\u00e8res.<\/span><\/li>\n<\/ul>\n<p><span style=\"font-weight: 400;\">Le logement doit \u00eatre <\/span><b>termin\u00e9 depuis plus de 2 ans. <\/b><span style=\"font-weight: 400;\">\u00a0Qu\u2019il s\u2019agisse d\u2019une <\/span><b>maison ou d\u2019un appartement<\/b><span style=\"font-weight: 400;\">, le logement peut \u00eatre votre <\/span><b>r\u00e9sidence principale ou secondaire.<\/b><\/p>\n<h1><b>Le ch\u00e8que \u00e9nergie pour financer l&rsquo;isolation de votre garage<\/b><\/h1>\n<p><strong>Nouveau 2025 : <\/strong>En 2025, les b\u00e9n\u00e9ficiaires du ch\u00e8que \u00e9nergie continueront de le recevoir sans d\u00e9marche \u00e0 effectuer. L\u2019envoi est pr\u00e9vu au second semestre. Cependant, d\u00e8s cette ann\u00e9e-l\u00e0, <strong>son usage pour des travaux de r\u00e9novation \u00e9nerg\u00e9tique ne sera plus autoris\u00e9<\/strong>. Il conservera sa fonction pour le paiement des factures d\u2019\u00e9lectricit\u00e9, de gaz, de fioul et de bois.<\/p>\n<p><span style=\"font-weight: 400;\">Le ch\u00e8que \u00e9nergie est une aide financi\u00e8re pour le paiement des factures d\u2019\u00e9nergie de votre logement. Son montant peut varier <\/span><b>entre 48 \u20ac et 277 \u20ac<\/b><span style=\"font-weight: 400;\"> par an. Le ch\u00e8que \u00e9nergie s\u2019adresse aux personnes ayant des <\/span><b>ressources modestes<\/b><span style=\"font-weight: 400;\">. C\u2019est l\u2019administration fiscale qui \u00e9tablit chaque ann\u00e9e la liste des b\u00e9n\u00e9ficiaires en fonction du revenu fiscal de r\u00e9f\u00e9rence (RFR) du m\u00e9nage et de la composition du foyer d\u00e9termin\u00e9 en unit\u00e9 de consommation (UC).<\/span><\/p>\n<p><span style=\"font-weight: 400;\">Vous n\u2019avez rien \u00e0 faire pour obtenir le ch\u00e8que \u00e9nergie. L\u2019administration fiscale se charge de cr\u00e9er un dossier des personnes qui remplissent les conditions d\u2019attribution. Ce dossier est donn\u00e9 \u00e0 l\u2019Agence de services et de paiement (ASP). L\u2019ASP adresse ensuite le ch\u00e8que \u00e9nergie aux personnes concern\u00e9es.<\/span><\/p>\n<p>En 2025, les foyers aux revenus modestes b\u00e9n\u00e9ficieront d\u2019un ch\u00e8que \u00e9nergie dont le montant varie selon leur composition. Une personne seule percevra <strong>194<\/strong> \u20ac si elle gagne moins de 5 700 \u20ac, et <strong>48<\/strong> \u20ac si son revenu se situe entre 7 850 et 11 000 \u20ac. Pour un foyer de deux personnes, l\u2019aide sera de <strong>240<\/strong> \u20ac ou <strong>63<\/strong> \u20ac, selon la tranche de revenu. Enfin, un m\u00e9nage de trois personnes ou plus recevra <strong>277<\/strong> \u20ac ou <strong>76<\/strong> \u20ac, en fonction de son revenu fiscal.<\/p>\n<p><span style=\"font-weight: 400;\">Le <\/span><b>ch\u00e8que est nominatif<\/b><span style=\"font-weight: 400;\">. Il vous est envoy\u00e9 sur format papier. Ce ch\u00e8que doit \u00eatre envoy\u00e9 par courrier postal ou remit en mains propres aux personnes suivantes :<\/span><\/p>\n<ul>\n<li style=\"font-weight: 400;\" aria-level=\"1\"><span style=\"font-weight: 400;\">Fournisseur d\u2019\u00e9nergie ;<\/span><\/li>\n<li style=\"font-weight: 400;\" aria-level=\"1\"><span style=\"font-weight: 400;\">Gestionnaire de votre logement-foyer .<\/span><\/li>\n<\/ul>\n<div class='cta-block'><div class='text'>Simulez toutes vos Aides en 2 min.<\/div><a href='https:\/\/www.mes-allocs.fr\/ab-app?origin=guides\/wp-json\/wp\/v2\/posts\/79021' class='app-button fit'>Simulation gratuite<\/a><\/div>\n","protected":false},"excerpt":{"rendered":"<p>Souvent n\u00e9glig\u00e9 lorsqu&rsquo;on planifie des travaux de r\u00e9novation \u00e0 domicile, l&rsquo;isolation du garage est pourtant crucial. Cette zone est en contact avec des pi\u00e8ces chauff\u00e9es, ce qui en fait un point sensible pour les pertes de chaleur et accro\u00eet ainsi les risques de surconsommation \u00e9nerg\u00e9tique. Mes Allocs vous explique comment b\u00e9n\u00e9ficier des aides \u00e0 la [&hellip;]<\/p>\n","protected":false},"author":27,"featured_media":79022,"comment_status":"open","ping_status":"open","sticky":false,"template":"","format":"standard","meta":{"amp_status":"","footnotes":""},"categories":[25659,8154],"tags":[],"class_list":["post-79021","post","type-post","status-publish","format-standard","has-post-thumbnail","hentry","category-aide-isolation","category-aide-renovation"],"yoast_head":"<!-- This site is optimized with the Yoast SEO plugin v14.9 - https:\/\/yoast.com\/wordpress\/plugins\/seo\/ -->\n<title>Quelles sont les aides pour l\u2019isolation de votre garage ? | Mes-Allocs.fr<\/title>\n<meta name=\"description\" content=\"Il existe de nombreuses aides pour r\u00e9aliser les travaux d&#039;isolation du garage, et am\u00e9liorer votre DPE. Mes Allocs vous explique tout.\" \/>\n<meta name=\"robots\" content=\"index, follow, max-snippet:-1, max-image-preview:large, max-video-preview:-1\" \/>\n<link rel=\"canonical\" href=\"https:\/\/www.mes-allocs.fr\/guides\/aide-renovation\/aide-isolation\/aide-isolation-garage\/\" \/>\n<meta property=\"og:locale\" content=\"fr_FR\" \/>\n<meta property=\"og:type\" content=\"article\" \/>\n<meta property=\"og:title\" content=\"Quelles sont les aides pour l\u2019isolation de votre garage ? | Mes-Allocs.fr\" \/>\n<meta property=\"og:description\" content=\"Il existe de nombreuses aides pour r\u00e9aliser les travaux d&#039;isolation du garage, et am\u00e9liorer votre DPE. Mes Allocs vous explique tout.\" \/>\n<meta property=\"og:url\" content=\"https:\/\/www.mes-allocs.fr\/guides\/aide-renovation\/aide-isolation\/aide-isolation-garage\/\" \/>\n<meta property=\"og:site_name\" content=\"Mes-Allocs.fr\" \/>\n<meta property=\"article:published_time\" content=\"2024-05-17T13:23:38+00:00\" \/>\n<meta property=\"article:modified_time\" content=\"2026-04-22T09:53:09+00:00\" \/>\n<meta property=\"og:image\" content=\"https:\/\/www.mes-allocs.fr\/guides\/wp-content\/uploads\/2024\/05\/garage-355358_1280-e1740063033405.jpg?wsr\" \/>\n\t<meta property=\"og:image:width\" content=\"1280\" \/>\n\t<meta property=\"og:image:height\" content=\"374\" \/>\n<meta name=\"twitter:card\" content=\"summary_large_image\" \/>\n<script type=\"application\/ld+json\" class=\"yoast-schema-graph\">{\"@context\":\"https:\/\/schema.org\",\"@graph\":[{\"@type\":\"WebSite\",\"@id\":\"https:\/\/www.mes-allocs.fr\/guides\/#website\",\"url\":\"https:\/\/www.mes-allocs.fr\/guides\/\",\"name\":\"Mes-Allocs.fr\",\"description\":\"\",\"potentialAction\":[{\"@type\":\"SearchAction\",\"target\":\"https:\/\/www.mes-allocs.fr\/guides\/?s={search_term_string}\",\"query-input\":\"required name=search_term_string\"}],\"inLanguage\":\"fr-FR\"},{\"@type\":\"ImageObject\",\"@id\":\"https:\/\/www.mes-allocs.fr\/guides\/aide-renovation\/aide-isolation\/aide-isolation-garage\/#primaryimage\",\"inLanguage\":\"fr-FR\",\"url\":\"https:\/\/www.mes-allocs.fr\/guides\/wp-content\/uploads\/2024\/05\/garage-355358_1280-e1740063033405.jpg?wsr\",\"width\":1280,\"height\":374,\"caption\":\"assurance habitation garage\"},{\"@type\":\"WebPage\",\"@id\":\"https:\/\/www.mes-allocs.fr\/guides\/aide-renovation\/aide-isolation\/aide-isolation-garage\/#webpage\",\"url\":\"https:\/\/www.mes-allocs.fr\/guides\/aide-renovation\/aide-isolation\/aide-isolation-garage\/\",\"name\":\"Quelles sont les aides pour l\\u2019isolation de votre garage ? | Mes-Allocs.fr\",\"isPartOf\":{\"@id\":\"https:\/\/www.mes-allocs.fr\/guides\/#website\"},\"primaryImageOfPage\":{\"@id\":\"https:\/\/www.mes-allocs.fr\/guides\/aide-renovation\/aide-isolation\/aide-isolation-garage\/#primaryimage\"},\"datePublished\":\"2024-05-17T13:23:38+00:00\",\"dateModified\":\"2026-04-22T09:53:09+00:00\",\"author\":{\"@id\":\"https:\/\/www.mes-allocs.fr\/guides\/#\/schema\/person\/7a9b61e7b715d477066a9f941c0440c7\"},\"description\":\"Il existe de nombreuses aides pour r\\u00e9aliser les travaux d'isolation du garage, et am\\u00e9liorer votre DPE. Mes Allocs vous explique tout.\",\"inLanguage\":\"fr-FR\"},{\"@type\":\"Person\",\"@id\":\"https:\/\/www.mes-allocs.fr\/guides\/#\/schema\/person\/7a9b61e7b715d477066a9f941c0440c7\",\"name\":\"L\\u00e9o Martin\",\"image\":{\"@type\":\"ImageObject\",\"@id\":\"https:\/\/www.mes-allocs.fr\/guides\/#personlogo\",\"inLanguage\":\"fr-FR\",\"url\":\"https:\/\/www.mes-allocs.fr\/guides\/wp-content\/uploads\/2023\/12\/1635317753781-e1701432075572-150x150.jpg\",\"caption\":\"L\\u00e9o Martin\"},\"description\":\"L\\u00e9o est r\\u00e9dacteur au sein de l'\\u00e9quipe Mes Allocs, sp\\u00e9cialis\\u00e9 sur les th\\u00e9matiques pouvoir d'achat et aides. Il rejoint Mes Allocs apr\\u00e8s une premi\\u00e8re exp\\u00e9rience en tant que journaliste chez La Gazette Cagnoise et Nice Presse.\",\"sameAs\":[\"https:\/\/www.linkedin.com\/in\/lo-martin-3429bb224\"]}]}<\/script>\n<!-- \/ Yoast SEO plugin. -->","amp_validity":null,"acf":{"faq":{"1":{"question":"Qu\u2019est-ce que l\u2019isolation du garage ? ","answer":"Tout d'abord, cela permet de r\u00e9aliser des \u00e9conomies d'\u00e9nergie en r\u00e9duisant les pertes de chaleur, ce qui se traduit par des co\u00fbts de chauffage moins \u00e9lev\u00e9s et une consommation d'\u00e9nergie moindre. "},"2":{"question":"Quel est le co\u00fbt des travaux pour isoler son garage ?","answer":"Pour une isolation des murs par l'int\u00e9rieur (ITI), le budget n\u00e9cessaire se situe g\u00e9n\u00e9ralement entre 80 et 130 euros par m\u00e8tre carr\u00e9, incluant la main-d'\u0153uvre.\r\nEn ce qui concerne une isolation par l'ext\u00e9rieur (ITE), les prix oscillent g\u00e9n\u00e9ralement entre 130 et 250 euros par m\u00e8tre carr\u00e9."},"3":{"question":"Quels sont les montants de MaPrimeR\u00e9nov Parcours par geste ? ","answer":"Le montant de l\u2019aide est calcul\u00e9 en fonction du nombre de m\u00b2 de votre logement.\r\nPour les m\u00e9nages aux revenus tr\u00e8s modestes : le montant de l\u2019aide est entre 25 \u20ac et 75 \u20ac par m\u00b2.\r\nPour les m\u00e9nages aux revenus modestes : le montant de l\u2019aide est entre 20 \u20ac et 60 \u20ac par m\u00b2.\r\nPour les m\u00e9nages aux revenus interm\u00e9diaires : le montant de l\u2019aide est entre 15 \u20ac et 40 \u20ac par m\u00b2."},"4":{"question":"Quel est le montant du ch\u00e8que \u00e9nergie ? ","answer":"Son montant peut varier entre 48 \u20ac et 277 \u20ac par an. Le ch\u00e8que \u00e9nergie s\u2019adresse aux personnes ayant des ressources modestes.\r\n"},"5":{"question":"Quel est l\u2019\u00e9co pr\u00eat \u00e0 taux z\u00e9ro, un pr\u00eat pour financer l\u2019isolation de vos murs int\u00e9rieurs ? ","answer":"Le montant de ce pr\u00eat peut atteindre 50.000 \u20ac maximum. \r\n\r\n"},"6":{"question":"Quelles sont les conditions pour b\u00e9n\u00e9ficier de MaPrimeR\u00e9nov Parcours par geste ?","answer":"Pour \u00eatre \u00e9ligible, vous devez \u00eatre propri\u00e9taire occupant d\u2019un logement construit depuis au moins 15 ans, ou depuis plus de deux ans \u00e0 la date de d\u00e9but des travaux pour le remplacement d\u2019une chaudi\u00e8re au fioul. De plus, le logement doit \u00eatre occup\u00e9 \u00e0 titre de r\u00e9sidence principale, que ce soit par le propri\u00e9taire ou par un locataire.\r\n"},"7":{"question":"","answer":""},"8":{"question":"","answer":""},"9":{"question":"","answer":""},"10":{"question":"","answer":""},"11":{"question":"","answer":""},"12":{"question":"","answer":""},"13":{"question":"","answer":""},"14":{"question":"","answer":""},"15":{"question":"","answer":""},"16":{"question":"","answer":""}}},"_links":{"self":[{"href":"https:\/\/www.mes-allocs.fr\/guides\/wp-json\/wp\/v2\/posts\/79021","targetHints":{"allow":["GET"]}}],"collection":[{"href":"https:\/\/www.mes-allocs.fr\/guides\/wp-json\/wp\/v2\/posts"}],"about":[{"href":"https:\/\/www.mes-allocs.fr\/guides\/wp-json\/wp\/v2\/types\/post"}],"author":[{"embeddable":true,"href":"https:\/\/www.mes-allocs.fr\/guides\/wp-json\/wp\/v2\/users\/27"}],"replies":[{"embeddable":true,"href":"https:\/\/www.mes-allocs.fr\/guides\/wp-json\/wp\/v2\/comments?post=79021"}],"version-history":[{"count":16,"href":"https:\/\/www.mes-allocs.fr\/guides\/wp-json\/wp\/v2\/posts\/79021\/revisions"}],"predecessor-version":[{"id":104130,"href":"https:\/\/www.mes-allocs.fr\/guides\/wp-json\/wp\/v2\/posts\/79021\/revisions\/104130"}],"wp:featuredmedia":[{"embeddable":true,"href":"https:\/\/www.mes-allocs.fr\/guides\/wp-json\/wp\/v2\/media\/79022"}],"wp:attachment":[{"href":"https:\/\/www.mes-allocs.fr\/guides\/wp-json\/wp\/v2\/media?parent=79021"}],"wp:term":[{"taxonomy":"category","embeddable":true,"href":"https:\/\/www.mes-allocs.fr\/guides\/wp-json\/wp\/v2\/categories?post=79021"},{"taxonomy":"post_tag","embeddable":true,"href":"https:\/\/www.mes-allocs.fr\/guides\/wp-json\/wp\/v2\/tags?post=79021"}],"curies":[{"name":"wp","href":"https:\/\/api.w.org\/{rel}","templated":true}]}}