{"id":79017,"date":"2024-05-17T18:27:32","date_gmt":"2024-05-17T16:27:32","guid":{"rendered":"https:\/\/www.mes-allocs.fr\/guides\/?p=79017"},"modified":"2026-04-22T10:53:09","modified_gmt":"2026-04-22T09:53:09","slug":"cej-sevran","status":"publish","type":"post","link":"https:\/\/www.mes-allocs.fr\/guides\/contrat-engagement-jeune\/demarches-cej\/cej-sevran\/","title":{"rendered":"La demande du Contrat d\u2019Engagement Jeune (CEJ) \u00e0 Sevran"},"content":{"rendered":"<p><img loading=\"lazy\" decoding=\"async\" class=\"alignnone wp-image-74598 \" title=\"cej sevran\" src=\"https:\/\/www.mes-allocs.fr\/guides\/wp-content\/uploads\/2024\/02\/conditions-CEJ-e1715860695622.png\" alt=\"cej sevran\" width=\"776\" height=\"232\" srcset=\"https:\/\/www.mes-allocs.fr\/guides\/wp-content\/uploads\/2024\/02\/conditions-CEJ-e1715860695622.png 311w, https:\/\/www.mes-allocs.fr\/guides\/wp-content\/uploads\/2024\/02\/conditions-CEJ-e1715860695622-300x90.png 300w\" sizes=\"auto, (max-width: 776px) 100vw, 776px\" \/><\/p>\n<p><strong>La demande du <a href=\"https:\/\/www.mes-allocs.fr\/guides\/contrat-engagement-jeune\/\">Contrat d\u2019Engagement Jeune (CEJ)<\/a> \u00e0 Sevran repr\u00e9sente une \u00e9tape cruciale pour les jeunes souhaitant s&rsquo;ins\u00e9rer professionnellement dans cette ville dynamique de la r\u00e9gion parisienne. Le CEJ offre aux jeunes un accompagnement personnalis\u00e9 ainsi qu&rsquo;un soutien financier pour les aider \u00e0 d\u00e9velopper leurs comp\u00e9tences et \u00e0 acc\u00e9der \u00e0 l&#8217;emploi. Cet article vise \u00e0 fournir des informations essentielles et une perspective claire sur les d\u00e9marches \u00e0 suivre pour faire une demande de CEJ \u00e0 Sevran, ainsi que sur les avantages offerts par ce programme sp\u00e9cifique.<\/strong><\/p>\n<div class='cta-block'><div class='text'>Simulez votre \u00e9ligibilit\u00e9 au CEJ en 2 min. Gratuit.<\/div><a href='https:\/\/www.mes-allocs.fr\/ab-app?origin=guides\/wp-json\/wp\/v2\/posts\/79017' class='app-button fit'>Simulation gratuite<\/a><\/div>\n<h1><strong> Contexte et f\u00f4le de la Mission Locale de Sevran<\/strong><\/h1>\n<h2><strong>Pr\u00e9sentation de la Mission Locale de Sevran<\/strong><\/h2>\n<p>La Mission Locale de Sevran est un acteur cl\u00e9 dans l&rsquo;accompagnement des jeunes de 16 \u00e0 25 ans (jusqu&rsquo;\u00e0 29 ans pour les jeunes en situation de handicap) vers l&#8217;emploi, la formation et l&rsquo;insertion sociale. Elle fait partie du r\u00e9seau national des Missions Locales, qui ont pour mission d&rsquo;aider les jeunes \u00e0 surmonter les obstacles qu&rsquo;ils peuvent rencontrer dans leur parcours professionnel et personnel.<\/p>\n<p>Situ\u00e9e au c\u0153ur de Sevran, la Mission Locale travaille en \u00e9troite collaboration avec les institutions locales, les entreprises et les organismes de formation pour proposer une gamme de services adapt\u00e9s aux besoins sp\u00e9cifiques des jeunes. Ces services incluent des conseils personnalis\u00e9s, des sessions de formation, des ateliers de recherche d&#8217;emploi, des stages, et des opportunit\u00e9s de volontariat. L&rsquo;objectif est de cr\u00e9er un environnement favorable o\u00f9 chaque jeune peut d\u00e9velopper ses comp\u00e9tences, accro\u00eetre son employabilit\u00e9 et trouver sa place sur le march\u00e9 du travail.<\/p>\n<h2>Quelle est l&rsquo;i<strong>mportance du CEJ dans le contexte local ?<\/strong><\/h2>\n<p>Le Contrat d\u2019Engagement Jeune (CEJ) est particuli\u00e8rement pertinent dans le contexte local de Sevran, une ville marqu\u00e9e par des d\u00e9fis socio-\u00e9conomiques significatifs. Sevran, situ\u00e9e en Seine-Saint-Denis, est une commune o\u00f9 le taux de ch\u00f4mage parmi les jeunes est \u00e9lev\u00e9 et o\u00f9 de nombreux jeunes font face \u00e0 des obstacles \u00e0 l&rsquo;insertion professionnelle, tels que le manque de qualifications, les discriminations \u00e0 l&#8217;embauche, ou des difficult\u00e9s \u00e0 acc\u00e9der aux opportunit\u00e9s de formation.<\/p>\n<p>Dans ce cadre, le CEJ repr\u00e9sente une r\u00e9ponse adapt\u00e9e et cibl\u00e9e pour aider les jeunes de Sevran \u00e0 surmonter ces d\u00e9fis. Le programme offre un accompagnement intensif et personnalis\u00e9, permettant aux jeunes de b\u00e9n\u00e9ficier de l&rsquo;expertise et du soutien constant d&rsquo;un conseiller d\u00e9di\u00e9. Les actions mises en \u0153uvre par le CEJ, telles que des formations adapt\u00e9es aux besoins du march\u00e9 local, des stages en entreprise, et des missions d&rsquo;int\u00e9r\u00eat g\u00e9n\u00e9ral, sont cruciales pour am\u00e9liorer les perspectives d&#8217;emploi des jeunes.<\/p>\n<p>En outre, le CEJ contribue \u00e9galement \u00e0 la dynamisation du tissu \u00e9conomique local en \u00e9tablissant des liens solides entre les jeunes et les entreprises de la r\u00e9gion. En facilitant l&rsquo;acc\u00e8s des jeunes \u00e0 des opportunit\u00e9s professionnelles, le CEJ participe activement \u00e0 la r\u00e9duction du ch\u00f4mage et \u00e0 l&rsquo;am\u00e9lioration des conditions de vie \u00e0 Sevran.<\/p>\n<p>Les <a href=\"https:\/\/www.mes-allocs.fr\/guides\/contrat-engagement-jeune\/demarches-cej\/\">d\u00e9marches pour obtenir le Contrat d&rsquo;Engagement Jeune<\/a> (CEJ) varient en fonction de chaque d\u00e9partements.<\/p>\n<h1><strong>Crit\u00e8res d&rsquo;\u00e9ligibilit\u00e9 et processus de demande du CEJ \u00e0 Sevran<\/strong><\/h1>\n<h2><strong>Conditions d&rsquo;\u00e9ligibilit\u00e9 pour les jeunes de Sevran<\/strong><\/h2>\n<p>Pour pouvoir b\u00e9n\u00e9ficier du Contrat d\u2019Engagement Jeune (CEJ) \u00e0 Sevran, les jeunes doivent remplir certains crit\u00e8res d&rsquo;\u00e9ligibilit\u00e9 sp\u00e9cifiques. Ces crit\u00e8res sont con\u00e7us pour cibler les jeunes qui ont le plus besoin de soutien pour leur insertion professionnelle. Voici les principales conditions d&rsquo;\u00e9ligibilit\u00e9 :<\/p>\n<ol>\n<li><strong>\u00c2ge :<\/strong> les candidats doivent \u00eatre \u00e2g\u00e9s de 16 \u00e0 25 ans. Pour les jeunes en situation de handicap, l&rsquo;\u00e2ge limite est \u00e9tendu \u00e0 29 ans.<\/li>\n<li><strong>Situation professionnelle :<\/strong> les jeunes doivent \u00eatre ni en emploi, ni en formation, ni en \u00e9tudes. Ce crit\u00e8re vise \u00e0 inclure les jeunes en situation de NEET (Not in Education, Employment, or Training).<\/li>\n<li><strong>R\u00e9sidence :<\/strong> les candidats doivent r\u00e9sider \u00e0 Sevran ou dans les environs imm\u00e9diats. Une preuve de domicile peut \u00eatre exig\u00e9e lors de la demande.<\/li>\n<li><strong>Motivation :<\/strong> les jeunes doivent montrer une motivation \u00e0 s&rsquo;engager activement dans le parcours propos\u00e9 par le CEJ. Cela inclut la participation r\u00e9guli\u00e8re aux ateliers, formations et autres activit\u00e9s organis\u00e9es par la Mission Locale.<\/li>\n<\/ol>\n<p><iframe loading=\"lazy\" title=\"Le Contrat d&#039;Engagement Jeune (CEJ)\" width=\"500\" height=\"375\" src=\"https:\/\/www.youtube.com\/embed\/f_Hf5LBMHeQ?feature=oembed\" frameborder=\"0\" allow=\"accelerometer; autoplay; clipboard-write; encrypted-media; gyroscope; picture-in-picture; web-share\" referrerpolicy=\"strict-origin-when-cross-origin\" allowfullscreen><\/iframe><\/p>\n<h2><strong>Les \u00e9tapes \u00e0 suivre pour faire une demande de CEJ<\/strong><\/h2>\n<p>Pour faire une demande de CEJ \u00e0 Sevran, les jeunes doivent suivre un processus en plusieurs \u00e9tapes. Ce processus est con\u00e7u pour \u00eatre simple et accessible, afin de maximiser la participation des jeunes. Voici les principales \u00e9tapes :<\/p>\n<ol>\n<li><strong>Prise de contact :<\/strong> la premi\u00e8re \u00e9tape consiste \u00e0 prendre contact avec la Mission Locale de Sevran. Les jeunes peuvent le faire en se rendant directement dans les locaux de la Mission Locale, en t\u00e9l\u00e9phonant, ou en envoyant un e-mail. Lors de ce premier contact, ils recevront des informations sur le CEJ et sur les d\u00e9marches \u00e0 suivre.<\/li>\n<li><strong>R\u00e9union d&rsquo;information :<\/strong> les jeunes int\u00e9ress\u00e9s sont g\u00e9n\u00e9ralement invit\u00e9s \u00e0 assister \u00e0 une r\u00e9union d&rsquo;information o\u00f9 le programme CEJ est pr\u00e9sent\u00e9 en d\u00e9tail. Cette r\u00e9union permet de r\u00e9pondre \u00e0 toutes les questions et de clarifier les attentes et les engagements r\u00e9ciproques.<\/li>\n<li><strong>Entretien individuel :<\/strong> apr\u00e8s la r\u00e9union d&rsquo;information, les jeunes passent un entretien individuel avec un conseiller de la Mission Locale. Cet entretien permet d&rsquo;\u00e9valuer leur situation personnelle, leurs motivations et leurs besoins sp\u00e9cifiques.<\/li>\n<li><strong>Constitution du dossier :<\/strong> si le jeune est jug\u00e9 \u00e9ligible et motiv\u00e9, il devra constituer un dossier de demande. Ce dossier inclut g\u00e9n\u00e9ralement des pi\u00e8ces justificatives telles qu&rsquo;une pi\u00e8ce d&rsquo;identit\u00e9, un justificatif de domicile, un CV, et \u00e9ventuellement des dipl\u00f4mes ou attestations de formation.<\/li>\n<li><strong>Signature du contrat :<\/strong> une fois le dossier complet et accept\u00e9, un contrat d&rsquo;engagement est sign\u00e9 entre le jeune et la Mission Locale. Ce contrat formalise les engagements de chaque partie et d\u00e9taille le parcours personnalis\u00e9 propos\u00e9.<\/li>\n<li><strong>D\u00e9but du parcours :<\/strong> apr\u00e8s la signature du contrat, le jeune commence son parcours dans le cadre du CEJ. Il participe aux ateliers, formations et autres activit\u00e9s planifi\u00e9es, tout en b\u00e9n\u00e9ficiant de l&rsquo;accompagnement et du suivi r\u00e9gulier de son conseiller.<\/li>\n<\/ol>\n<h1>Que faire \u00e0 Sevran ?<\/h1>\n<div class=\"flex flex-grow flex-col max-w-full\">\n<div class=\"min-h-[20px] text-message flex flex-col items-start whitespace-pre-wrap break-words [.text-message+&amp;]:mt-5 juice:w-full juice:items-end overflow-x-auto gap-2\" dir=\"auto\" data-message-author-role=\"assistant\" data-message-id=\"84b7ba5c-e71a-4c66-a1d4-7113aa471f1c\">\n<div class=\"flex w-full flex-col gap-1 juice:empty:hidden juice:first:pt-[3px]\">\n<div class=\"markdown prose w-full break-words dark:prose-invert dark\">\n<h2><strong>1. Espaces verts :<\/strong><\/h2>\n<ul>\n<li><strong>Parc de la Poudrerie :<\/strong> promenades, pique-niques, et activit\u00e9s de plein air.<\/li>\n<li><strong>Parc du Sausset :<\/strong> randonn\u00e9es, sport en plein air, et d\u00e9tente.<\/li>\n<\/ul>\n<h2><strong>2. Loisirs et culture :<\/strong><\/h2>\n<ul>\n<li><strong>Centre Culturel Joseph-Kessel :<\/strong> spectacles, concerts, et th\u00e9\u00e2tre.<\/li>\n<li><strong>Cin\u00e9ma Le S\u00e9vign\u00e9 :<\/strong> films r\u00e9cents et s\u00e9ances familiales.<\/li>\n<li><strong>Mus\u00e9e de l&rsquo;Air et de l&rsquo;Espace (Le Bourget) :<\/strong> expositions sur l&rsquo;aviation et l&rsquo;espace.<\/li>\n<\/ul>\n<h2><strong>3. Activit\u00e9s sportives :<\/strong><\/h2>\n<ul>\n<li><strong>Piscine Youri Gagarine :<\/strong> natation et d\u00e9tente.<\/li>\n<li><strong>Gymnases et terrains de sport :<\/strong> football, basketball, et tennis.<\/li>\n<\/ul>\n<h2><strong>4. Shopping et march\u00e9s :<\/strong><\/h2>\n<ul>\n<li><strong>Centre commercial Beau Sevran :<\/strong> magasins et restaurants.<\/li>\n<li><strong>March\u00e9s locaux :<\/strong> produits frais et articles divers.<\/li>\n<\/ul>\n<h2><strong>5. \u00c9v\u00e9nements locaux :<\/strong><\/h2>\n<ul>\n<li><strong>F\u00eate de la Ville :<\/strong> concerts et animations.<\/li>\n<li><strong>Festival de la BD :<\/strong> expositions et ateliers.<\/li>\n<\/ul>\n<h2><strong>6. Initiatives jeunesse :<\/strong><\/h2>\n<ul>\n<li><strong>Mission Locale :<\/strong> accompagnement vers l&#8217;emploi et formations.<\/li>\n<\/ul>\n<\/div>\n<\/div>\n<\/div>\n<\/div>\n<p>&nbsp;<\/p>\n<div class='cta-block'><div class='text'>Simulez votre \u00e9ligibilit\u00e9 au CEJ en 2 min. Gratuit.<\/div><a href='https:\/\/www.mes-allocs.fr\/ab-app?origin=guides\/wp-json\/wp\/v2\/posts\/79017' class='app-button fit'>Simulation gratuite<\/a><\/div>\n","protected":false},"excerpt":{"rendered":"<p>La demande du Contrat d\u2019Engagement Jeune (CEJ) \u00e0 Sevran repr\u00e9sente une \u00e9tape cruciale pour les jeunes souhaitant s&rsquo;ins\u00e9rer professionnellement dans cette ville dynamique de la r\u00e9gion parisienne. Le CEJ offre aux jeunes un accompagnement personnalis\u00e9 ainsi qu&rsquo;un soutien financier pour les aider \u00e0 d\u00e9velopper leurs comp\u00e9tences et \u00e0 acc\u00e9der \u00e0 l&#8217;emploi. Cet article vise \u00e0 [&hellip;]<\/p>\n","protected":false},"author":26,"featured_media":71552,"comment_status":"open","ping_status":"open","sticky":false,"template":"","format":"standard","meta":{"amp_status":"","footnotes":""},"categories":[30057,33441],"tags":[],"class_list":["post-79017","post","type-post","status-publish","format-standard","has-post-thumbnail","hentry","category-contrat-engagement-jeune","category-demarches-cej"],"yoast_head":"<!-- This site is optimized with the Yoast SEO plugin v14.9 - https:\/\/yoast.com\/wordpress\/plugins\/seo\/ -->\n<title>La demande du Contrat d\u2019Engagement Jeune (CEJ) \u00e0 Sevran | Mes-Allocs.fr<\/title>\n<meta name=\"description\" content=\"La demande du Contrat d\u2019Engagement Jeune (CEJ) \u00e0 Sevran repr\u00e9sente une \u00e9tape cruciale pour les jeunes en qu\u00eate d&#039;insertion professionnelle.\" \/>\n<meta name=\"robots\" content=\"index, follow, max-snippet:-1, max-image-preview:large, max-video-preview:-1\" \/>\n<link rel=\"canonical\" href=\"https:\/\/www.mes-allocs.fr\/guides\/contrat-engagement-jeune\/demarches-cej\/cej-sevran\/\" \/>\n<meta property=\"og:locale\" content=\"fr_FR\" \/>\n<meta property=\"og:type\" content=\"article\" \/>\n<meta property=\"og:title\" content=\"La demande du Contrat d\u2019Engagement Jeune (CEJ) \u00e0 Sevran | Mes-Allocs.fr\" \/>\n<meta property=\"og:description\" content=\"La demande du Contrat d\u2019Engagement Jeune (CEJ) \u00e0 Sevran repr\u00e9sente une \u00e9tape cruciale pour les jeunes en qu\u00eate d&#039;insertion professionnelle.\" \/>\n<meta property=\"og:url\" content=\"https:\/\/www.mes-allocs.fr\/guides\/contrat-engagement-jeune\/demarches-cej\/cej-sevran\/\" \/>\n<meta property=\"og:site_name\" content=\"Mes-Allocs.fr\" \/>\n<meta property=\"article:published_time\" content=\"2024-05-17T16:27:32+00:00\" \/>\n<meta property=\"article:modified_time\" content=\"2026-04-22T09:53:09+00:00\" \/>\n<meta property=\"og:image\" content=\"https:\/\/www.mes-allocs.fr\/guides\/wp-content\/uploads\/2023\/12\/people-2557396_1280.jpg?wsr\" \/>\n\t<meta property=\"og:image:width\" content=\"1280\" \/>\n\t<meta property=\"og:image:height\" content=\"853\" \/>\n<meta name=\"twitter:card\" content=\"summary_large_image\" \/>\n<script type=\"application\/ld+json\" class=\"yoast-schema-graph\">{\"@context\":\"https:\/\/schema.org\",\"@graph\":[{\"@type\":\"WebSite\",\"@id\":\"https:\/\/www.mes-allocs.fr\/guides\/#website\",\"url\":\"https:\/\/www.mes-allocs.fr\/guides\/\",\"name\":\"Mes-Allocs.fr\",\"description\":\"\",\"potentialAction\":[{\"@type\":\"SearchAction\",\"target\":\"https:\/\/www.mes-allocs.fr\/guides\/?s={search_term_string}\",\"query-input\":\"required name=search_term_string\"}],\"inLanguage\":\"fr-FR\"},{\"@type\":\"ImageObject\",\"@id\":\"https:\/\/www.mes-allocs.fr\/guides\/contrat-engagement-jeune\/demarches-cej\/cej-sevran\/#primaryimage\",\"inLanguage\":\"fr-FR\",\"url\":\"https:\/\/www.mes-allocs.fr\/guides\/wp-content\/uploads\/2023\/12\/people-2557396_1280.jpg?wsr\",\"width\":1280,\"height\":853,\"caption\":\"actualisation pole emploi cej\"},{\"@type\":\"WebPage\",\"@id\":\"https:\/\/www.mes-allocs.fr\/guides\/contrat-engagement-jeune\/demarches-cej\/cej-sevran\/#webpage\",\"url\":\"https:\/\/www.mes-allocs.fr\/guides\/contrat-engagement-jeune\/demarches-cej\/cej-sevran\/\",\"name\":\"La demande du Contrat d\\u2019Engagement Jeune (CEJ) \\u00e0 Sevran | Mes-Allocs.fr\",\"isPartOf\":{\"@id\":\"https:\/\/www.mes-allocs.fr\/guides\/#website\"},\"primaryImageOfPage\":{\"@id\":\"https:\/\/www.mes-allocs.fr\/guides\/contrat-engagement-jeune\/demarches-cej\/cej-sevran\/#primaryimage\"},\"datePublished\":\"2024-05-17T16:27:32+00:00\",\"dateModified\":\"2026-04-22T09:53:09+00:00\",\"author\":{\"@id\":\"https:\/\/www.mes-allocs.fr\/guides\/#\/schema\/person\/9c38f3be41a0ddcd1e3fde5a3df713bf\"},\"description\":\"La demande du Contrat d\\u2019Engagement Jeune (CEJ) \\u00e0 Sevran repr\\u00e9sente une \\u00e9tape cruciale pour les jeunes en qu\\u00eate d'insertion professionnelle.\",\"inLanguage\":\"fr-FR\"},{\"@type\":\"Person\",\"@id\":\"https:\/\/www.mes-allocs.fr\/guides\/#\/schema\/person\/9c38f3be41a0ddcd1e3fde5a3df713bf\",\"name\":\"Sessime Ananou\",\"image\":{\"@type\":\"ImageObject\",\"@id\":\"https:\/\/www.mes-allocs.fr\/guides\/#personlogo\",\"inLanguage\":\"fr-FR\",\"url\":\"https:\/\/www.mes-allocs.fr\/guides\/wp-content\/uploads\/2023\/08\/IMG_8173-150x150.jpg\",\"caption\":\"Sessime Ananou\"},\"description\":\"Sessime est r\\u00e9dactrice chez Mes Allocs, sp\\u00e9cialis\\u00e9e sur le pouvoir d'achat. Elle rejoint l'\\u00e9quipe Mes Allocs en ao\\u00fbt 2023 afin de simplifier l'acc\\u00e8s \\u00e0 l'information sur les aides en g\\u00e9n\\u00e9ral.\"}]}<\/script>\n<!-- \/ Yoast SEO plugin. -->","amp_validity":null,"acf":{"faq":{"1":{"question":"Comment puis-je faire une demande de CEJ \u00e0 Sevran ?","answer":"Pour faire une demande de CEJ \u00e0 Sevran, vous pouvez vous rendre \u00e0 la Mission Locale de Sevran ou les contacter par t\u00e9l\u00e9phone ou par e-mail pour obtenir des informations sur les d\u00e9marches \u00e0 suivre et les documents \u00e0 fournir pour constituer votre demande."},"2":{"question":"Quels sont les crit\u00e8res d'\u00e9ligibilit\u00e9 pour b\u00e9n\u00e9ficier du CEJ \u00e0 Sevran ?","answer":"Les crit\u00e8res d'\u00e9ligibilit\u00e9 incluent g\u00e9n\u00e9ralement des conditions li\u00e9es \u00e0 l'\u00e2ge, \u00e0 la situation professionnelle et \u00e0 la r\u00e9sidence. Vous devez avoir entre 16 et 25 ans (29 ans en cas de handicap), \u00eatre sans emploi, sans formation et sans activit\u00e9 \u00e9tudiante, et r\u00e9sider \u00e0 Sevran ou dans les environs."},"3":{"question":"Quels documents dois-je fournir pour constituer ma demande de CEJ \u00e0 Sevran ?","answer":"Les documents n\u00e9cessaires peuvent comprendre une pi\u00e8ce d'identit\u00e9, un justificatif de domicile, un CV, des dipl\u00f4mes ou attestations de formation, ainsi que tout autre document pouvant appuyer votre demande."},"4":{"question":"Combien de temps prend le traitement d'une demande de CEJ \u00e0 Sevran ?","answer":"Le d\u00e9lai de traitement peut varier en fonction du volume des demandes et de la disponibilit\u00e9 des conseillers. Il est recommand\u00e9 de contacter la Mission Locale de Sevran pour obtenir des informations pr\u00e9cises sur les d\u00e9lais de traitement."},"5":{"question":"Puis-je b\u00e9n\u00e9ficier d'une allocation pendant la dur\u00e9e du CEJ \u00e0 Sevran ?","answer":"Oui, les participants au CEJ peuvent b\u00e9n\u00e9ficier d'une allocation mensuelle pour les aider financi\u00e8rement pendant la dur\u00e9e du programme, sous r\u00e9serve de remplir les conditions d'\u00e9ligibilit\u00e9 sp\u00e9cifi\u00e9es par la Mission Locale de Sevran."},"6":{"question":"Quels sont les avantages de choisir le CEJ \u00e0 Sevran pour mon insertion professionnelle ?","answer":"Le CEJ \u00e0 Sevran offre un accompagnement personnalis\u00e9, des formations adapt\u00e9es au march\u00e9 du travail local, des opportunit\u00e9s de stages en entreprise, ainsi qu'un soutien financier pendant la dur\u00e9e du programme, ce qui peut contribuer \u00e0 renforcer vos comp\u00e9tences et \u00e0 faciliter votre insertion professionnelle dans la r\u00e9gion de Sevran."},"7":{"question":"","answer":""},"8":{"question":"","answer":""},"9":{"question":"","answer":""},"10":{"question":"","answer":""},"11":{"question":"","answer":""},"12":{"question":"","answer":""},"13":{"question":"","answer":""},"14":{"question":"","answer":""},"15":{"question":"","answer":""},"16":{"question":"","answer":""}}},"_links":{"self":[{"href":"https:\/\/www.mes-allocs.fr\/guides\/wp-json\/wp\/v2\/posts\/79017","targetHints":{"allow":["GET"]}}],"collection":[{"href":"https:\/\/www.mes-allocs.fr\/guides\/wp-json\/wp\/v2\/posts"}],"about":[{"href":"https:\/\/www.mes-allocs.fr\/guides\/wp-json\/wp\/v2\/types\/post"}],"author":[{"embeddable":true,"href":"https:\/\/www.mes-allocs.fr\/guides\/wp-json\/wp\/v2\/users\/26"}],"replies":[{"embeddable":true,"href":"https:\/\/www.mes-allocs.fr\/guides\/wp-json\/wp\/v2\/comments?post=79017"}],"version-history":[{"count":5,"href":"https:\/\/www.mes-allocs.fr\/guides\/wp-json\/wp\/v2\/posts\/79017\/revisions"}],"predecessor-version":[{"id":79352,"href":"https:\/\/www.mes-allocs.fr\/guides\/wp-json\/wp\/v2\/posts\/79017\/revisions\/79352"}],"wp:featuredmedia":[{"embeddable":true,"href":"https:\/\/www.mes-allocs.fr\/guides\/wp-json\/wp\/v2\/media\/71552"}],"wp:attachment":[{"href":"https:\/\/www.mes-allocs.fr\/guides\/wp-json\/wp\/v2\/media?parent=79017"}],"wp:term":[{"taxonomy":"category","embeddable":true,"href":"https:\/\/www.mes-allocs.fr\/guides\/wp-json\/wp\/v2\/categories?post=79017"},{"taxonomy":"post_tag","embeddable":true,"href":"https:\/\/www.mes-allocs.fr\/guides\/wp-json\/wp\/v2\/tags?post=79017"}],"curies":[{"name":"wp","href":"https:\/\/api.w.org\/{rel}","templated":true}]}}