{"id":79011,"date":"2024-05-17T13:51:30","date_gmt":"2024-05-17T11:51:30","guid":{"rendered":"https:\/\/www.mes-allocs.fr\/guides\/?p=79011"},"modified":"2026-04-22T10:53:09","modified_gmt":"2026-04-22T09:53:09","slug":"cej-et-chomage","status":"publish","type":"post","link":"https:\/\/www.mes-allocs.fr\/guides\/contrat-engagement-jeune\/contrat-engagement-jeune-cumulable\/cej-et-chomage\/","title":{"rendered":"Peut-on cumuler le CEJ et le ch\u00f4mage ?"},"content":{"rendered":"<p><img loading=\"lazy\" decoding=\"async\" class=\"alignnone wp-image-77774 \" title=\"cej et chomage\" src=\"https:\/\/www.mes-allocs.fr\/guides\/wp-content\/uploads\/2024\/05\/park-5528190_1280-e1714985786883.jpg\" alt=\"cej et chomage\" width=\"1369\" height=\"355\" srcset=\"https:\/\/www.mes-allocs.fr\/guides\/wp-content\/uploads\/2024\/05\/park-5528190_1280-e1714985786883.jpg 1280w, https:\/\/www.mes-allocs.fr\/guides\/wp-content\/uploads\/2024\/05\/park-5528190_1280-e1714985786883-300x78.jpg 300w, https:\/\/www.mes-allocs.fr\/guides\/wp-content\/uploads\/2024\/05\/park-5528190_1280-e1714985786883-1024x266.jpg 1024w, https:\/\/www.mes-allocs.fr\/guides\/wp-content\/uploads\/2024\/05\/park-5528190_1280-e1714985786883-768x199.jpg 768w, https:\/\/www.mes-allocs.fr\/guides\/wp-content\/uploads\/2024\/05\/park-5528190_1280-e1714985786883-600x156.jpg 600w\" sizes=\"auto, (max-width: 1369px) 100vw, 1369px\" \/><\/p>\n<p><strong>Le <a href=\"https:\/\/www.mes-allocs.fr\/guides\/contrat-engagement-jeune\/\">Contrat d&rsquo;Engagement Jeune (CEJ)<\/a> et les allocations ch\u00f4mage sont deux dispositifs d&rsquo;aide \u00e0 l&#8217;emploi visant \u00e0 soutenir les jeunes dans leur insertion professionnelle. Une question fr\u00e9quemment pos\u00e9e est celle du cumul possible entre le CEJ et le ch\u00f4mage. Dans cet article, nous explorerons les possibilit\u00e9s de cumul entre ces deux aides, en examinant les conditions, les implications financi\u00e8res et les impacts sur la dur\u00e9e des allocations. Nous clarifierons \u00e9galement les d\u00e9marches \u00e0 entreprendre pour b\u00e9n\u00e9ficier de ce cumul, ainsi que les ressources disponibles pour obtenir des informations suppl\u00e9mentaires.<\/strong><\/p>\n<div class='cta-block'><div class='text'>Simulez votre \u00e9ligibilit\u00e9 au CEJ en 2 min. Gratuit.<\/div><a href='https:\/\/www.mes-allocs.fr\/ab-app?origin=guides\/wp-json\/wp\/v2\/posts\/79011' class='app-button fit'>Simulation gratuite<\/a><\/div>\n<h1>Quelles sont les conditions de cumul du CEJ et du ch\u00f4mage ?<\/h1>\n<h2><strong>Les conditions sp\u00e9cifiques du CEJ<\/strong><\/h2>\n<ol>\n<li>\u00c2ge : g\u00e9n\u00e9ralement r\u00e9serv\u00e9 aux jeunes de 16 \u00e0 25 ans, avec une extension jusqu&rsquo;\u00e0 29 ans pour les jeunes en situation de handicap.<\/li>\n<li>Statut : \u00eatre sans emploi, sans formation et sans activit\u00e9 \u00e9tudiante.<\/li>\n<li>Engagement : s&rsquo;engager \u00e0 suivre le parcours propos\u00e9 par le CEJ, incluant des formations, des stages et des actions d&rsquo;insertion professionnelle.<\/li>\n<\/ol>\n<h2>Les c<strong>onditions \u00e9tablies par P\u00f4le Emploi pour le ch\u00f4mage<\/strong><\/h2>\n<ol>\n<li>Situation professionnelle : \u00eatre inscrit comme demandeur d&#8217;emploi aupr\u00e8s de P\u00f4le Emploi.<\/li>\n<li>Recherche d&#8217;emploi : effectuer des d\u00e9marches actives de recherche d&#8217;emploi conform\u00e9ment aux exigences de P\u00f4le Emploi.<\/li>\n<li>Disponibilit\u00e9 : \u00eatre disponible pour occuper un emploi et r\u00e9pondre aux convocations de P\u00f4le Emploi pour des entretiens, des formations ou des actions de suivi.<\/li>\n<\/ol>\n<p>Ces conditions doivent \u00eatre respect\u00e9es simultan\u00e9ment pour b\u00e9n\u00e9ficier du cumul du CEJ et du ch\u00f4mage. Tout manquement \u00e0 l&rsquo;une de ces conditions peut entra\u00eener des cons\u00e9quences financi\u00e8res ou des sanctions administratives, selon les r\u00e8gles \u00e9tablies par les organismes gestionnaires.<\/p>\n<p>Le <a href=\"https:\/\/www.mes-allocs.fr\/guides\/contrat-engagement-jeune\/contrat-engagement-jeune-cumulable\/\">Contrat d&rsquo;Engagement Jeune (CEJ) est cumulable<\/a> avec d&rsquo;autres aides. D\u00e9couvrez comment en b\u00e9n\u00e9ficier !<\/p>\n<h1><strong>Quelles sont les implications financi\u00e8res du cumul ?<\/strong><\/h1>\n<h2>L&rsquo;i<strong>mpact sur le montant des allocations<\/strong><\/h2>\n<ul>\n<li>Le cumul du CEJ et du ch\u00f4mage peut avoir un impact sur le montant des allocations per\u00e7ues par le b\u00e9n\u00e9ficiaire.<\/li>\n<li>Les revenus issus du CEJ peuvent \u00eatre pris en compte dans le calcul des allocations ch\u00f4mage, ce qui peut r\u00e9duire le montant total per\u00e7u.<\/li>\n<\/ul>\n<h2><strong>Influence sur la dur\u00e9e des allocations<\/strong><\/h2>\n<ul>\n<li>Le cumul du CEJ et du ch\u00f4mage peut \u00e9galement influencer la dur\u00e9e pendant laquelle les allocations ch\u00f4mage sont vers\u00e9es.<\/li>\n<li>Certaines r\u00e8gles sp\u00e9cifiques de P\u00f4le Emploi peuvent limiter la dur\u00e9e des allocations en fonction des revenus per\u00e7us par le b\u00e9n\u00e9ficiaire.<\/li>\n<\/ul>\n<h1><strong>Quelles sont les d\u00e9marches \u00e0 entreprendre pour cumuler le CEJ et le ch\u00f4mage ?<\/strong><\/h1>\n<h2>Les m<strong>odalit\u00e9s de d\u00e9claration des revenus et des allocations<\/strong><\/h2>\n<ul>\n<li>Le b\u00e9n\u00e9ficiaire du cumul du CEJ et du ch\u00f4mage doit d\u00e9clarer avec pr\u00e9cision l&rsquo;ensemble de ses revenus et allocations aux organismes concern\u00e9s, notamment P\u00f4le Emploi et les structures en charge du CEJ.<\/li>\n<li>Des modalit\u00e9s sp\u00e9cifiques de d\u00e9claration peuvent \u00eatre mises en place pour assurer une gestion transparente et efficace des ressources financi\u00e8res.<\/li>\n<\/ul>\n<h2>Le s<strong>uivi des obligations vis-\u00e0-vis de P\u00f4le Emploi et du CEJ<\/strong><\/h2>\n<ul>\n<li>Le b\u00e9n\u00e9ficiaire doit respecter scrupuleusement ses obligations vis-\u00e0-vis de P\u00f4le Emploi, notamment en ce qui concerne la recherche active d&#8217;emploi et la participation aux actions de suivi propos\u00e9es.<\/li>\n<li>De m\u00eame, il est essentiel de suivre les engagements pris dans le cadre du CEJ, en participant activement aux formations, aux stages et aux actions d&rsquo;insertion professionnelle pr\u00e9vues.<\/li>\n<\/ul>\n<p>Vous avez aussi la possibilit\u00e9 de <a href=\"https:\/\/www.mes-allocs.fr\/guides\/contrat-engagement-jeune\/contrat-engagement-jeune-cumulable\/cej-aah\/\">cumuler le CEJ avec l&rsquo;AAH<\/a>\u00a0!<\/p>\n<h1><strong>Les informations compl\u00e9mentaires et sources de conseils<\/strong><\/h1>\n<h2><strong>Contacts aupr\u00e8s de P\u00f4le Emploi et des structures en charge du CEJ<\/strong><\/h2>\n<ul>\n<li>Les b\u00e9n\u00e9ficiaires peuvent obtenir des informations compl\u00e9mentaires et des conseils personnalis\u00e9s en contactant les services de P\u00f4le Emploi et les structures en charge du CEJ dans leur r\u00e9gion.<\/li>\n<li>Des conseillers sp\u00e9cialis\u00e9s peuvent les orienter sur les d\u00e9marches \u00e0 suivre et les implications du cumul du CEJ et du ch\u00f4mage sur leur situation financi\u00e8re.<\/li>\n<\/ul>\n<h2><strong>Ressources en ligne et services d&rsquo;assistance disponibles<\/strong><\/h2>\n<ul>\n<li>Des ressources en ligne, telles que les sites web de P\u00f4le Emploi et des organismes gestionnaires du CEJ, fournissent des informations d\u00e9taill\u00e9es sur les modalit\u00e9s de cumul et les d\u00e9marches \u00e0 entreprendre.<\/li>\n<li>Des services d&rsquo;assistance t\u00e9l\u00e9phonique ou en ligne sont \u00e9galement disponibles pour r\u00e9pondre aux questions et fournir un soutien suppl\u00e9mentaire aux b\u00e9n\u00e9ficiaires.<\/li>\n<\/ul>\n<h1>Qu\u2019est-ce que le Contrat Engagement Jeune (CEJ) ?<\/h1>\n<h2>Fonctionnement et objectifs du CEJ<\/h2>\n<p>Le Contrat d\u2019Engagement Jeune (CEJ) repr\u00e9sente une initiative gouvernementale visant \u00e0 soutenir l&rsquo;insertion professionnelle des jeunes \u00e2g\u00e9s de 16 \u00e0 25 ans (avec une extension jusqu&rsquo;\u00e0 29 ans pour ceux en situation de handicap) en France. Ce dispositif se caract\u00e9rise par un programme d&rsquo;accompagnement intensif et personnalis\u00e9, centr\u00e9 sur la promotion de l&#8217;emploi et de la formation des jeunes.<\/p>\n<p><strong>Fonctionnement :<\/strong> les participants au CEJ b\u00e9n\u00e9ficient d&rsquo;un suivi individualis\u00e9 assur\u00e9 par un conseiller d\u00e9di\u00e9. Ce suivi comprend une gamme d&rsquo;activit\u00e9s telles que des ateliers de pr\u00e9paration \u00e0 l&#8217;emploi, des formations adapt\u00e9es au march\u00e9 du travail, des stages en entreprise et des missions d&rsquo;int\u00e9r\u00eat g\u00e9n\u00e9ral. Les jeunes s&rsquo;engagent \u00e0 suivre activement ce parcours et \u00e0 participer pleinement aux diff\u00e9rentes initiatives propos\u00e9es.<\/p>\n<p><strong>Objectifs :<\/strong> le CEJ poursuit plusieurs objectifs cruciaux. Il cherche tout d&rsquo;abord \u00e0 r\u00e9duire le taux de ch\u00f4mage des jeunes en favorisant leur acc\u00e8s \u00e0 des emplois stables. De plus, le programme vise \u00e0 am\u00e9liorer l&#8217;employabilit\u00e9 des jeunes en leur fournissant des comp\u00e9tences pertinentes et en les pr\u00e9parant aux exigences du march\u00e9 du travail. Enfin, le CEJ aspire \u00e0 faciliter l&rsquo;insertion professionnelle durable des jeunes en leur offrant les outils et les ressources n\u00e9cessaires pour r\u00e9ussir dans leur carri\u00e8re professionnelle.<\/p>\n<p><strong>Profil des B\u00e9n\u00e9ficiaires du CEJ :<\/strong> le CEJ s&rsquo;adresse principalement aux jeunes \u00e2g\u00e9s de 16 \u00e0 25 ans qui se trouvent dans une situation de pr\u00e9carit\u00e9 sur le march\u00e9 du travail. Cela inclut les jeunes dipl\u00f4m\u00e9s en qu\u00eate d&rsquo;un premier emploi, ceux sans qualification particuli\u00e8re, ainsi que les jeunes confront\u00e9s \u00e0 des obstacles sp\u00e9cifiques tels que le handicap. En r\u00e9pondant aux besoins sp\u00e9cifiques de chaque jeune, le CEJ s&rsquo;efforce de maximiser les chances de r\u00e9ussite de chaque participant sur le march\u00e9 de l&#8217;emploi.<\/p>\n<p><iframe loading=\"lazy\" title=\"Le Contrat d&#039;Engagement Jeune (CEJ)\" width=\"500\" height=\"375\" src=\"https:\/\/www.youtube.com\/embed\/f_Hf5LBMHeQ?feature=oembed\" frameborder=\"0\" allow=\"accelerometer; autoplay; clipboard-write; encrypted-media; gyroscope; picture-in-picture; web-share\" referrerpolicy=\"strict-origin-when-cross-origin\" allowfullscreen><\/iframe><\/p>\n<h2>Quels sont les avantages du CEJ pour l\u2019insertion professionnelle des jeunes ?<\/h2>\n<div class=\"flex flex-grow flex-col max-w-full\">\n<div class=\"min-h-[20px] text-message flex flex-col items-start whitespace-pre-wrap break-words [.text-message+&amp;]:mt-5 juice:w-full juice:items-end overflow-x-auto gap-2\" dir=\"auto\" data-message-author-role=\"assistant\" data-message-id=\"9bd13323-35f6-47a3-b9ee-faf4ddb171cb\">\n<div class=\"flex w-full flex-col gap-1 juice:empty:hidden juice:first:pt-[3px]\">\n<div class=\"markdown prose w-full break-words dark:prose-invert dark\">\n<p>Le Contrat d\u2019Engagement Jeune (CEJ) offre une s\u00e9rie d&rsquo;avantages significatifs pour les jeunes en qu\u00eate d&rsquo;insertion professionnelle. Voici quelques-uns des principaux avantages :<\/p>\n<p><strong>1. Accompagnement Personnalis\u00e9 :<\/strong><\/p>\n<ul>\n<li>Chaque jeune b\u00e9n\u00e9ficie d&rsquo;un suivi individualis\u00e9 assur\u00e9 par un conseiller d\u00e9di\u00e9. Ce soutien personnalis\u00e9 permet d&rsquo;identifier les besoins sp\u00e9cifiques de chaque participant et de mettre en place des solutions adapt\u00e9es \u00e0 leur situation.<\/li>\n<\/ul>\n<p><strong>2. Acquisition de Comp\u00e9tences :<\/strong><\/p>\n<ul>\n<li>Le CEJ propose une vari\u00e9t\u00e9 de formations et d&rsquo;ateliers visant \u00e0 d\u00e9velopper les comp\u00e9tences professionnelles des jeunes. Ces formations sont adapt\u00e9es aux exigences du march\u00e9 du travail et permettent aux participants d&rsquo;acqu\u00e9rir des comp\u00e9tences recherch\u00e9es par les employeurs.<\/li>\n<\/ul>\n<p><strong>3. Exp\u00e9rience Professionnelle :<\/strong><\/p>\n<ul>\n<li>Les stages en entreprise et les missions d&rsquo;int\u00e9r\u00eat g\u00e9n\u00e9ral offrent aux jeunes l&rsquo;opportunit\u00e9 d&rsquo;acqu\u00e9rir une exp\u00e9rience concr\u00e8te du monde du travail. Cette exp\u00e9rience professionnelle est essentielle pour renforcer leur CV et accro\u00eetre leur attractivit\u00e9 aupr\u00e8s des employeurs.<\/li>\n<\/ul>\n<p><strong>4. Renforcement du R\u00e9seau Professionnel :<\/strong><\/p>\n<ul>\n<li>Le CEJ permet aux jeunes de d\u00e9velopper leur r\u00e9seau professionnel en \u00e9tablissant des contacts avec des entreprises, des professionnels du secteur, ainsi que d&rsquo;autres participants au programme. Ce r\u00e9seau peut s&rsquo;av\u00e9rer pr\u00e9cieux dans la recherche d&rsquo;opportunit\u00e9s d&#8217;emploi ou de stages.<\/li>\n<\/ul>\n<p><strong>5. Soutien Financier :<\/strong><\/p>\n<ul>\n<li>Les participants au CEJ peuvent b\u00e9n\u00e9ficier d&rsquo;une allocation mensuelle pour les aider financi\u00e8rement pendant la dur\u00e9e du programme. Cette aide financi\u00e8re contribue \u00e0 soutenir les jeunes pendant leur transition vers l&#8217;emploi ou la formation professionnelle.<\/li>\n<\/ul>\n<p>En r\u00e9sum\u00e9, le CEJ offre aux jeunes une combinaison d&rsquo;accompagnement personnalis\u00e9, de d\u00e9veloppement de comp\u00e9tences, d&rsquo;exp\u00e9rience professionnelle et de soutien financier, ce qui en fait un outil efficace pour favoriser leur insertion professionnelle et leur r\u00e9ussite sur le march\u00e9 du travail.<\/p>\n<\/div>\n<\/div>\n<\/div>\n<\/div>\n<div class='cta-block'><div class='text'>Simulez votre \u00e9ligibilit\u00e9 au CEJ en 2 min. Gratuit.<\/div><a href='https:\/\/www.mes-allocs.fr\/ab-app?origin=guides\/wp-json\/wp\/v2\/posts\/79011' class='app-button fit'>Simulation gratuite<\/a><\/div>\n","protected":false},"excerpt":{"rendered":"<p>Le Contrat d&rsquo;Engagement Jeune (CEJ) et les allocations ch\u00f4mage sont deux dispositifs d&rsquo;aide \u00e0 l&#8217;emploi visant \u00e0 soutenir les jeunes dans leur insertion professionnelle. Une question fr\u00e9quemment pos\u00e9e est celle du cumul possible entre le CEJ et le ch\u00f4mage. Dans cet article, nous explorerons les possibilit\u00e9s de cumul entre ces deux aides, en examinant les [&hellip;]<\/p>\n","protected":false},"author":26,"featured_media":72213,"comment_status":"open","ping_status":"open","sticky":false,"template":"","format":"standard","meta":{"amp_status":"","footnotes":""},"categories":[30057,34252],"tags":[],"class_list":["post-79011","post","type-post","status-publish","format-standard","has-post-thumbnail","hentry","category-contrat-engagement-jeune","category-contrat-engagement-jeune-cumulable"],"yoast_head":"<!-- This site is optimized with the Yoast SEO plugin v14.9 - https:\/\/yoast.com\/wordpress\/plugins\/seo\/ -->\n<title>Peut-on cumuler le CEJ et le ch\u00f4mage ? | Mes-Allocs.fr<\/title>\n<meta name=\"description\" content=\"Une question fr\u00e9quemment pos\u00e9e est celle du cumul possible entre le CEJ et le ch\u00f4mage. Dans cet article, Mes Allocs vous dit tout.\" \/>\n<meta name=\"robots\" content=\"index, follow, max-snippet:-1, max-image-preview:large, max-video-preview:-1\" \/>\n<link rel=\"canonical\" href=\"https:\/\/www.mes-allocs.fr\/guides\/contrat-engagement-jeune\/contrat-engagement-jeune-cumulable\/cej-et-chomage\/\" \/>\n<meta property=\"og:locale\" content=\"fr_FR\" \/>\n<meta property=\"og:type\" content=\"article\" \/>\n<meta property=\"og:title\" content=\"Peut-on cumuler le CEJ et le ch\u00f4mage ? | Mes-Allocs.fr\" \/>\n<meta property=\"og:description\" content=\"Une question fr\u00e9quemment pos\u00e9e est celle du cumul possible entre le CEJ et le ch\u00f4mage. Dans cet article, Mes Allocs vous dit tout.\" \/>\n<meta property=\"og:url\" content=\"https:\/\/www.mes-allocs.fr\/guides\/contrat-engagement-jeune\/contrat-engagement-jeune-cumulable\/cej-et-chomage\/\" \/>\n<meta property=\"og:site_name\" content=\"Mes-Allocs.fr\" \/>\n<meta property=\"article:published_time\" content=\"2024-05-17T11:51:30+00:00\" \/>\n<meta property=\"article:modified_time\" content=\"2026-04-22T09:53:09+00:00\" \/>\n<meta property=\"og:image\" content=\"https:\/\/www.mes-allocs.fr\/guides\/wp-content\/uploads\/2024\/01\/money-1756279_1280.jpg?wsr\" \/>\n\t<meta property=\"og:image:width\" content=\"1280\" \/>\n\t<meta property=\"og:image:height\" content=\"853\" \/>\n<meta name=\"twitter:card\" content=\"summary_large_image\" \/>\n<script type=\"application\/ld+json\" class=\"yoast-schema-graph\">{\"@context\":\"https:\/\/schema.org\",\"@graph\":[{\"@type\":\"WebSite\",\"@id\":\"https:\/\/www.mes-allocs.fr\/guides\/#website\",\"url\":\"https:\/\/www.mes-allocs.fr\/guides\/\",\"name\":\"Mes-Allocs.fr\",\"description\":\"\",\"potentialAction\":[{\"@type\":\"SearchAction\",\"target\":\"https:\/\/www.mes-allocs.fr\/guides\/?s={search_term_string}\",\"query-input\":\"required name=search_term_string\"}],\"inLanguage\":\"fr-FR\"},{\"@type\":\"ImageObject\",\"@id\":\"https:\/\/www.mes-allocs.fr\/guides\/contrat-engagement-jeune\/contrat-engagement-jeune-cumulable\/cej-et-chomage\/#primaryimage\",\"inLanguage\":\"fr-FR\",\"url\":\"https:\/\/www.mes-allocs.fr\/guides\/wp-content\/uploads\/2024\/01\/money-1756279_1280.jpg?wsr\",\"width\":1280,\"height\":853,\"caption\":\"cej et chomage\"},{\"@type\":\"WebPage\",\"@id\":\"https:\/\/www.mes-allocs.fr\/guides\/contrat-engagement-jeune\/contrat-engagement-jeune-cumulable\/cej-et-chomage\/#webpage\",\"url\":\"https:\/\/www.mes-allocs.fr\/guides\/contrat-engagement-jeune\/contrat-engagement-jeune-cumulable\/cej-et-chomage\/\",\"name\":\"Peut-on cumuler le CEJ et le ch\\u00f4mage ? | Mes-Allocs.fr\",\"isPartOf\":{\"@id\":\"https:\/\/www.mes-allocs.fr\/guides\/#website\"},\"primaryImageOfPage\":{\"@id\":\"https:\/\/www.mes-allocs.fr\/guides\/contrat-engagement-jeune\/contrat-engagement-jeune-cumulable\/cej-et-chomage\/#primaryimage\"},\"datePublished\":\"2024-05-17T11:51:30+00:00\",\"dateModified\":\"2026-04-22T09:53:09+00:00\",\"author\":{\"@id\":\"https:\/\/www.mes-allocs.fr\/guides\/#\/schema\/person\/9c38f3be41a0ddcd1e3fde5a3df713bf\"},\"description\":\"Une question fr\\u00e9quemment pos\\u00e9e est celle du cumul possible entre le CEJ et le ch\\u00f4mage. Dans cet article, Mes Allocs vous dit tout.\",\"inLanguage\":\"fr-FR\"},{\"@type\":\"Person\",\"@id\":\"https:\/\/www.mes-allocs.fr\/guides\/#\/schema\/person\/9c38f3be41a0ddcd1e3fde5a3df713bf\",\"name\":\"Sessime Ananou\",\"image\":{\"@type\":\"ImageObject\",\"@id\":\"https:\/\/www.mes-allocs.fr\/guides\/#personlogo\",\"inLanguage\":\"fr-FR\",\"url\":\"https:\/\/www.mes-allocs.fr\/guides\/wp-content\/uploads\/2023\/08\/IMG_8173-150x150.jpg\",\"caption\":\"Sessime Ananou\"},\"description\":\"Sessime est r\\u00e9dactrice chez Mes Allocs, sp\\u00e9cialis\\u00e9e sur le pouvoir d'achat. Elle rejoint l'\\u00e9quipe Mes Allocs en ao\\u00fbt 2023 afin de simplifier l'acc\\u00e8s \\u00e0 l'information sur les aides en g\\u00e9n\\u00e9ral.\"}]}<\/script>\n<!-- \/ Yoast SEO plugin. -->","amp_validity":null,"acf":{"faq":{"1":{"question":"Peut-on cumuler le CEJ et le ch\u00f4mage ?","answer":"Oui, il est possible de cumuler le Contrat d'Engagement Jeune (CEJ) avec des allocations ch\u00f4mage, sous certaines conditions."},"2":{"question":"Quelles sont les conditions pour cumuler le CEJ et le ch\u00f4mage ?","answer":"Pour cumuler le CEJ et le ch\u00f4mage, le b\u00e9n\u00e9ficiaire doit respecter les r\u00e8gles \u00e9tablies par P\u00f4le Emploi et le dispositif du CEJ. Il doit notamment continuer \u00e0 remplir ses obligations vis-\u00e0-vis de P\u00f4le Emploi tout en suivant le parcours propos\u00e9 par le CEJ."},"3":{"question":"Est-ce que le montant du ch\u00f4mage est impact\u00e9 par le CEJ ?","answer":"Le montant de l'allocation ch\u00f4mage peut \u00eatre impact\u00e9 par le versement de l'allocation du CEJ. Il est recommand\u00e9 de se renseigner aupr\u00e8s de P\u00f4le Emploi pour conna\u00eetre les modalit\u00e9s exactes de calcul en fonction des revenus per\u00e7us."},"4":{"question":"Le cumul du CEJ et du ch\u00f4mage peut-il influencer la dur\u00e9e des allocations ?","answer":"Le cumul du CEJ et du ch\u00f4mage peut potentiellement influencer la dur\u00e9e des allocations ch\u00f4mage, en fonction des r\u00e8gles \u00e9tablies par P\u00f4le Emploi et des ressources per\u00e7ues par le b\u00e9n\u00e9ficiaire."},"5":{"question":"Est-ce que le cumul du CEJ et du ch\u00f4mage est automatique ?","answer":"Non, le cumul du CEJ et du ch\u00f4mage n'est pas automatique. Le b\u00e9n\u00e9ficiaire doit remplir les conditions sp\u00e9cifiques requises par chaque dispositif et effectuer les d\u00e9marches n\u00e9cessaires aupr\u00e8s des organismes comp\u00e9tents.\r\n"},"6":{"question":"O\u00f9 puis-je obtenir plus d'informations sur le cumul du CEJ et du ch\u00f4mage ?","answer":"Pour obtenir des informations d\u00e9taill\u00e9es sur le cumul du CEJ et du ch\u00f4mage, vous pouvez contacter P\u00f4le Emploi ainsi que les structures en charge du dispositif du CEJ dans votre r\u00e9gion. Ils pourront vous fournir des conseils personnalis\u00e9s et r\u00e9pondre \u00e0 vos questions sp\u00e9cifiques."},"7":{"question":"","answer":""},"8":{"question":"","answer":""},"9":{"question":"","answer":""},"10":{"question":"","answer":""},"11":{"question":"","answer":""},"12":{"question":"","answer":""},"13":{"question":"","answer":""},"14":{"question":"","answer":""},"15":{"question":"","answer":""},"16":{"question":"","answer":""}}},"_links":{"self":[{"href":"https:\/\/www.mes-allocs.fr\/guides\/wp-json\/wp\/v2\/posts\/79011","targetHints":{"allow":["GET"]}}],"collection":[{"href":"https:\/\/www.mes-allocs.fr\/guides\/wp-json\/wp\/v2\/posts"}],"about":[{"href":"https:\/\/www.mes-allocs.fr\/guides\/wp-json\/wp\/v2\/types\/post"}],"author":[{"embeddable":true,"href":"https:\/\/www.mes-allocs.fr\/guides\/wp-json\/wp\/v2\/users\/26"}],"replies":[{"embeddable":true,"href":"https:\/\/www.mes-allocs.fr\/guides\/wp-json\/wp\/v2\/comments?post=79011"}],"version-history":[{"count":4,"href":"https:\/\/www.mes-allocs.fr\/guides\/wp-json\/wp\/v2\/posts\/79011\/revisions"}],"predecessor-version":[{"id":100141,"href":"https:\/\/www.mes-allocs.fr\/guides\/wp-json\/wp\/v2\/posts\/79011\/revisions\/100141"}],"wp:featuredmedia":[{"embeddable":true,"href":"https:\/\/www.mes-allocs.fr\/guides\/wp-json\/wp\/v2\/media\/72213"}],"wp:attachment":[{"href":"https:\/\/www.mes-allocs.fr\/guides\/wp-json\/wp\/v2\/media?parent=79011"}],"wp:term":[{"taxonomy":"category","embeddable":true,"href":"https:\/\/www.mes-allocs.fr\/guides\/wp-json\/wp\/v2\/categories?post=79011"},{"taxonomy":"post_tag","embeddable":true,"href":"https:\/\/www.mes-allocs.fr\/guides\/wp-json\/wp\/v2\/tags?post=79011"}],"curies":[{"name":"wp","href":"https:\/\/api.w.org\/{rel}","templated":true}]}}