{"id":78928,"date":"2024-05-16T17:10:03","date_gmt":"2024-05-16T15:10:03","guid":{"rendered":"https:\/\/www.mes-allocs.fr\/guides\/?p=78928"},"modified":"2026-04-22T10:53:10","modified_gmt":"2026-04-22T09:53:10","slug":"cej-lille","status":"publish","type":"post","link":"https:\/\/www.mes-allocs.fr\/guides\/contrat-engagement-jeune\/demarches-cej\/cej-lille\/","title":{"rendered":"La demande du Contrat d\u2019Engagement Jeune (CEJ) \u00e0 Lille"},"content":{"rendered":"<p><img loading=\"lazy\" decoding=\"async\" class=\"alignnone wp-image-69461 size-full\" title=\"cej lille\" src=\"https:\/\/www.mes-allocs.fr\/guides\/wp-content\/uploads\/2023\/10\/bourse-crous-lille-e1696937484952.jpg\" alt=\"cej lille\" width=\"1280\" height=\"265\" srcset=\"https:\/\/www.mes-allocs.fr\/guides\/wp-content\/uploads\/2023\/10\/bourse-crous-lille-e1696937484952.jpg 1280w, https:\/\/www.mes-allocs.fr\/guides\/wp-content\/uploads\/2023\/10\/bourse-crous-lille-e1696937484952-300x62.jpg 300w, https:\/\/www.mes-allocs.fr\/guides\/wp-content\/uploads\/2023\/10\/bourse-crous-lille-e1696937484952-1024x212.jpg 1024w, https:\/\/www.mes-allocs.fr\/guides\/wp-content\/uploads\/2023\/10\/bourse-crous-lille-e1696937484952-768x159.jpg 768w, https:\/\/www.mes-allocs.fr\/guides\/wp-content\/uploads\/2023\/10\/bourse-crous-lille-e1696937484952-600x124.jpg 600w\" sizes=\"auto, (max-width: 1280px) 100vw, 1280px\" \/><\/p>\n<p><strong>Le <a href=\"https:\/\/www.mes-allocs.fr\/guides\/contrat-engagement-jeune\/\">Contrat d&rsquo;Engagement Jeune (CEJ)<\/a> \u00e0 Lille est un dispositif d&rsquo;accompagnement visant \u00e0 favoriser l&rsquo;insertion sociale et professionnelle des jeunes en situation de pr\u00e9carit\u00e9. \u00c0 travers un soutien personnalis\u00e9 et une allocation financi\u00e8re, le CEJ offre aux jeunes lillois l&rsquo;opportunit\u00e9 de d\u00e9velopper leurs comp\u00e9tences et de trouver un emploi durable. Cet article explorera les diff\u00e9rents aspects de la demande du CEJ \u00e0 Lille, en mettant en avant ses objectifs, son fonctionnement et les avantages qu&rsquo;il offre aux jeunes b\u00e9n\u00e9ficiaires.<\/strong><\/p>\n<div class='cta-block'><div class='text'>Simulez votre \u00e9ligibilit\u00e9 au CEJ en 2 min. Gratuit.<\/div><a href='https:\/\/www.mes-allocs.fr\/ab-app?origin=guides\/wp-json\/wp\/v2\/posts\/78928' class='app-button fit'>Simulation gratuite<\/a><\/div>\n<h1>Pr\u00e9sentation du CEJ \u00e0 Lille<\/h1>\n<h2>D\u00e9finition et objectifs du CEJ \u00e0 Lille<\/h2>\n<p>Le Contrat d&rsquo;Engagement Jeune (CEJ) \u00e0 Lille est un dispositif mis en place pour accompagner les jeunes lillois dans leur insertion sociale et professionnelle. Il vise \u00e0 offrir un soutien personnalis\u00e9 aux jeunes en difficult\u00e9, \u00e2g\u00e9s de <strong>16 \u00e0 25 ans (ou jusqu&rsquo;\u00e0 29 ans<\/strong> pour les travailleurs handicap\u00e9s), qui ne sont ni en emploi, ni en formation qualifiante. <strong>L&rsquo;objectif principal du CEJ est de favoriser l&rsquo;acc\u00e8s \u00e0 l&#8217;emploi durable en proposant un accompagnement adapt\u00e9 \u00e0 chaque jeune.<\/strong><\/p>\n<h2>Fonctionnement et avantages du CEJ<\/h2>\n<p>Le CEJ fonctionne en \u00e9troite collaboration avec les structures d&rsquo;insertion locale telles que P\u00f4le Emploi, la Mission Locale et d&rsquo;autres organismes partenaires. Les jeunes b\u00e9n\u00e9ficiaires du CEJ sont accompagn\u00e9s par des professionnels qui les aident dans leur recherche d&#8217;emploi, leur orientation professionnelle, ainsi que dans leur acc\u00e8s \u00e0 la formation. En plus de cet accompagnement personnalis\u00e9, les jeunes peuvent b\u00e9n\u00e9ficier d&rsquo;une allocation financi\u00e8re mensuelle pour les aider \u00e0 couvrir leurs d\u00e9penses pendant leur parcours d&rsquo;insertion professionnelle. Gr\u00e2ce \u00e0 ce soutien, les jeunes ont l&rsquo;opportunit\u00e9 de d\u00e9velopper leurs comp\u00e9tences, de gagner en autonomie et de trouver un emploi durable \u00e0 Lille.<\/p>\n<p><iframe loading=\"lazy\" title=\"Le Contrat d&#039;Engagement Jeune (CEJ)\" width=\"500\" height=\"375\" src=\"https:\/\/www.youtube.com\/embed\/f_Hf5LBMHeQ?feature=oembed\" frameborder=\"0\" allow=\"accelerometer; autoplay; clipboard-write; encrypted-media; gyroscope; picture-in-picture; web-share\" referrerpolicy=\"strict-origin-when-cross-origin\" allowfullscreen><\/iframe><\/p>\n<h1>Conditions d&rsquo;\u00e9ligibilit\u00e9 au CEJ<\/h1>\n<h2>Profil des b\u00e9n\u00e9ficiaires du CEJ<\/h2>\n<p>Les b\u00e9n\u00e9ficiaires du Contrat d&rsquo;Engagement Jeune (CEJ) \u00e0 Lille sont des jeunes \u00e2g\u00e9s de 16 \u00e0 25 ans, voire jusqu&rsquo;\u00e0 29 ans pour les jeunes travailleurs handicap\u00e9s. Ils doivent \u00eatre en situation de pr\u00e9carit\u00e9 professionnelle, c&rsquo;est-\u00e0-dire ne pas \u00eatre en emploi, ni engag\u00e9s dans des formations qualifiantes. Ces jeunes peuvent rencontrer des difficult\u00e9s d&rsquo;insertion sociale ou professionnelle, et le CEJ vise \u00e0 les accompagner dans leur parcours vers l&#8217;emploi durable.<\/p>\n<h2>Les crit\u00e8res sp\u00e9cifiques pour les jeunes travailleurs handicap\u00e9s<\/h2>\n<p>Les jeunes travailleurs handicap\u00e9s \u00e9ligibles au CEJ doivent pr\u00e9senter une reconnaissance de la qualit\u00e9 de travailleur handicap\u00e9 (RQTH). Cette reconnaissance est d\u00e9livr\u00e9e par la Commission des Droits et de l&rsquo;Autonomie des Personnes Handicap\u00e9es (CDAPH). Elle atteste du handicap de la personne et de la n\u00e9cessit\u00e9 de mesures sp\u00e9cifiques pour favoriser son insertion professionnelle. Gr\u00e2ce au CEJ, ces jeunes b\u00e9n\u00e9ficient d&rsquo;un accompagnement adapt\u00e9 \u00e0 leur situation particuli\u00e8re, visant \u00e0 lever les obstacles \u00e0 leur insertion professionnelle.<\/p>\n<p>Les <a href=\"https:\/\/www.mes-allocs.fr\/guides\/contrat-engagement-jeune\/demarches-cej\/\">d\u00e9marches pour demander le Contrat d&rsquo;Engagement Jeune<\/a> (CEJ) d\u00e9pendent de chaque r\u00e9gion.<\/p>\n<h1>Proc\u00e9dure de demande du CEJ \u00e0 Lille<\/h1>\n<h2>Quelles sont les \u00e9tapes \u00e0 suivre pour faire sa demande du CEJ \u00e0 Lille ?<\/h2>\n<ol>\n<li>Contactez la Mission Locale de Lille ou P\u00f4le Emploi pour prendre rendez-vous avec un conseiller. Vous pouvez \u00e9galement vous renseigner directement en ligne sur les d\u00e9marches \u00e0 suivre.<\/li>\n<li>Lors de votre rendez-vous, un conseiller vous informera sur les modalit\u00e9s d&rsquo;inscription et les pi\u00e8ces justificatives \u00e0 fournir pour constituer votre dossier de demande.<\/li>\n<li>Remplissez le formulaire de demande du CEJ en fournissant toutes les informations requises, telles que vos coordonn\u00e9es personnelles, votre situation professionnelle et vos \u00e9ventuels besoins sp\u00e9cifiques li\u00e9s \u00e0 un handicap.<\/li>\n<li>D\u00e9posez votre dossier complet aupr\u00e8s de la Mission Locale ou de P\u00f4le Emploi et attendez la validation de votre demande.<\/li>\n<\/ol>\n<h2>Le processus de validation et d&rsquo;attribution du contrat<\/h2>\n<ol>\n<li>Une fois votre dossier d\u00e9pos\u00e9, il sera examin\u00e9 par les services comp\u00e9tents de la Mission Locale ou de P\u00f4le Emploi.<\/li>\n<li>Votre demande sera \u00e9valu\u00e9e en fonction des crit\u00e8res d&rsquo;\u00e9ligibilit\u00e9 au CEJ, notamment votre \u00e2ge, votre situation professionnelle et vos \u00e9ventuels besoins sp\u00e9cifiques.<\/li>\n<li>Si votre demande est valid\u00e9e, vous serez contact\u00e9 pour signer votre contrat d&rsquo;engagement avec un r\u00e9f\u00e9rent de la Mission Locale ou de P\u00f4le Emploi.<\/li>\n<li>Une fois le contrat sign\u00e9, vous b\u00e9n\u00e9ficierez de l&rsquo;accompagnement et des avantages pr\u00e9vus dans le cadre du CEJ pour faciliter votre insertion professionnelle.<\/li>\n<\/ol>\n<h1>Ressources et contacts utiles pour votre inscription au CEJ \u00e0 Lille<\/h1>\n<h2>Les structures d&rsquo;accompagnement disponibles<\/h2>\n<ol>\n<li>Mission Locale de Lille : la Mission Locale est un organisme sp\u00e9cialis\u00e9 dans l&rsquo;accompagnement des jeunes dans leur insertion professionnelle. Elle propose des services personnalis\u00e9s, des conseils en orientation et des aides \u00e0 la recherche d&#8217;emploi.<\/li>\n<li>P\u00f4le Emploi : p\u00f4le Emploi offre \u00e9galement des services d&rsquo;accompagnement aux jeunes en recherche d&#8217;emploi, y compris ceux int\u00e9ress\u00e9s par le CEJ. Les conseillers de P\u00f4le Emploi peuvent vous orienter et vous informer sur les d\u00e9marches \u00e0 suivre pour b\u00e9n\u00e9ficier du CEJ.<\/li>\n<\/ol>\n<h2>Contacts et informations pratiques<\/h2>\n<p><strong>Mission Locale de Lille\u00a0<\/strong><\/p>\n<ol>\n<li>Adresse : 5 Bd du Mar\u00e9chal Vaillant, 59800 Lille<\/li>\n<li>T\u00e9l\u00e9phone : 03 20 14 85 50<\/li>\n<\/ol>\n<p><strong>France Travail (ex P\u00f4le Emploi)<\/strong><\/p>\n<p>Adresse : 121 Bd de la Libert\u00e9, 59000 Lille<\/p>\n<p>T\u00e9l\u00e9phone : 09 72 72 39 49<\/p>\n<h1>Que faire \u00e0 Lille ?<\/h1>\n<div class=\"flex flex-grow flex-col max-w-full\">\n<div class=\"min-h-[20px] text-message flex flex-col items-start whitespace-pre-wrap break-words [.text-message+&amp;]:mt-5 juice:w-full juice:items-end overflow-x-auto gap-2\" dir=\"auto\" data-message-author-role=\"assistant\" data-message-id=\"99fd6a12-3a21-498b-9b8c-855c26167f7a\">\n<div class=\"flex w-full flex-col gap-1 juice:empty:hidden juice:first:pt-[3px]\">\n<div class=\"markdown prose w-full break-words dark:prose-invert dark\">\n<p>\u00c0 Lille, vous pouvez profiter d&rsquo;une multitude d&rsquo;activit\u00e9s culturelles, historiques et gastronomiques. Voici quelques suggestions :<\/p>\n<ol>\n<li>Visitez le Vieux-Lille : fl\u00e2nez dans les ruelles pav\u00e9es de ce quartier pittoresque, d\u00e9couvrez ses charmantes boutiques, ses restaurants et ses caf\u00e9s.<\/li>\n<li>Explorez la Grand-Place : admirez l&rsquo;architecture flamande de cette place embl\u00e9matique, o\u00f9 se dressent l&rsquo;H\u00f4tel de Ville et la Vieille Bourse.<\/li>\n<li>Parcourez les mus\u00e9es : Lille abrite plusieurs mus\u00e9es de renom, tels que le Palais des Beaux-Arts, le Mus\u00e9e d&rsquo;Histoire Naturelle et le Mus\u00e9e de l&rsquo;Hospice Comtesse.<\/li>\n<li>Profitez de la gastronomie locale : go\u00fbtez aux sp\u00e9cialit\u00e9s culinaires de la r\u00e9gion, comme les moules-frites, la carbonnade flamande et les gaufres de Lille.<\/li>\n<li>Fl\u00e2nez dans les parcs : promenez-vous dans le Parc de la Citadelle ou le Jardin Vauban pour profiter de la verdure et vous d\u00e9tendre en plein air.<\/li>\n<li>Assistez \u00e0 un \u00e9v\u00e9nement culturel : Lille propose de nombreux \u00e9v\u00e9nements tout au long de l&rsquo;ann\u00e9e, notamment des festivals, des expositions et des spectacles.<\/li>\n<li>Faites du shopping : parcourez les boutiques des rues commer\u00e7antes de Lille pour d\u00e9nicher des produits locaux, des v\u00eatements tendance et des souvenirs.<\/li>\n<\/ol>\n<p>Quelle que soit votre pr\u00e9f\u00e9rence, vous trouverez toujours quelque chose \u00e0 faire \u00e0 Lille pour enrichir votre s\u00e9jour dans cette ville dynamique et accueillante.<\/p>\n<\/div>\n<\/div>\n<\/div>\n<\/div>\n<div class='cta-block'><div class='text'>Simulez votre \u00e9ligibilit\u00e9 au CEJ en 2 min. Gratuit.<\/div><a href='https:\/\/www.mes-allocs.fr\/ab-app?origin=guides\/wp-json\/wp\/v2\/posts\/78928' class='app-button fit'>Simulation gratuite<\/a><\/div>\n","protected":false},"excerpt":{"rendered":"<p>Le Contrat d&rsquo;Engagement Jeune (CEJ) \u00e0 Lille est un dispositif d&rsquo;accompagnement visant \u00e0 favoriser l&rsquo;insertion sociale et professionnelle des jeunes en situation de pr\u00e9carit\u00e9. \u00c0 travers un soutien personnalis\u00e9 et une allocation financi\u00e8re, le CEJ offre aux jeunes lillois l&rsquo;opportunit\u00e9 de d\u00e9velopper leurs comp\u00e9tences et de trouver un emploi durable. Cet article explorera les diff\u00e9rents [&hellip;]<\/p>\n","protected":false},"author":26,"featured_media":35721,"comment_status":"open","ping_status":"open","sticky":false,"template":"","format":"standard","meta":{"amp_status":"","footnotes":""},"categories":[30057,33441],"tags":[],"class_list":["post-78928","post","type-post","status-publish","format-standard","has-post-thumbnail","hentry","category-contrat-engagement-jeune","category-demarches-cej"],"yoast_head":"<!-- This site is optimized with the Yoast SEO plugin v14.9 - https:\/\/yoast.com\/wordpress\/plugins\/seo\/ -->\n<title>La demande du Contrat d\u2019Engagement Jeune (CEJ) \u00e0 Lille | Mes-Allocs.fr<\/title>\n<meta name=\"description\" content=\"Cet article explorera les diff\u00e9rents aspects de la demande du CEJ \u00e0 Lille, en mettant en avant ses objectifs et son fonctionnement.\" \/>\n<meta name=\"robots\" content=\"index, follow, max-snippet:-1, max-image-preview:large, max-video-preview:-1\" \/>\n<link rel=\"canonical\" href=\"https:\/\/www.mes-allocs.fr\/guides\/contrat-engagement-jeune\/demarches-cej\/cej-lille\/\" \/>\n<meta property=\"og:locale\" content=\"fr_FR\" \/>\n<meta property=\"og:type\" content=\"article\" \/>\n<meta property=\"og:title\" content=\"La demande du Contrat d\u2019Engagement Jeune (CEJ) \u00e0 Lille | Mes-Allocs.fr\" \/>\n<meta property=\"og:description\" content=\"Cet article explorera les diff\u00e9rents aspects de la demande du CEJ \u00e0 Lille, en mettant en avant ses objectifs et son fonctionnement.\" \/>\n<meta property=\"og:url\" content=\"https:\/\/www.mes-allocs.fr\/guides\/contrat-engagement-jeune\/demarches-cej\/cej-lille\/\" \/>\n<meta property=\"og:site_name\" content=\"Mes-Allocs.fr\" \/>\n<meta property=\"article:published_time\" content=\"2024-05-16T15:10:03+00:00\" \/>\n<meta property=\"article:modified_time\" content=\"2026-04-22T09:53:10+00:00\" \/>\n<meta property=\"og:image\" content=\"https:\/\/www.mes-allocs.fr\/guides\/wp-content\/uploads\/2021\/08\/Demander-lASPA-a\u0300-Lille.jpg?wsr\" \/>\n\t<meta property=\"og:image:width\" content=\"1280\" \/>\n\t<meta property=\"og:image:height\" content=\"820\" \/>\n<meta name=\"twitter:card\" content=\"summary_large_image\" \/>\n<script type=\"application\/ld+json\" class=\"yoast-schema-graph\">{\"@context\":\"https:\/\/schema.org\",\"@graph\":[{\"@type\":\"WebSite\",\"@id\":\"https:\/\/www.mes-allocs.fr\/guides\/#website\",\"url\":\"https:\/\/www.mes-allocs.fr\/guides\/\",\"name\":\"Mes-Allocs.fr\",\"description\":\"\",\"potentialAction\":[{\"@type\":\"SearchAction\",\"target\":\"https:\/\/www.mes-allocs.fr\/guides\/?s={search_term_string}\",\"query-input\":\"required name=search_term_string\"}],\"inLanguage\":\"fr-FR\"},{\"@type\":\"ImageObject\",\"@id\":\"https:\/\/www.mes-allocs.fr\/guides\/contrat-engagement-jeune\/demarches-cej\/cej-lille\/#primaryimage\",\"inLanguage\":\"fr-FR\",\"url\":\"https:\/\/www.mes-allocs.fr\/guides\/wp-content\/uploads\/2021\/08\/Demander-lASPA-a\\u0300-Lille.jpg?wsr\",\"width\":1280,\"height\":820,\"caption\":\"cej lille\"},{\"@type\":\"WebPage\",\"@id\":\"https:\/\/www.mes-allocs.fr\/guides\/contrat-engagement-jeune\/demarches-cej\/cej-lille\/#webpage\",\"url\":\"https:\/\/www.mes-allocs.fr\/guides\/contrat-engagement-jeune\/demarches-cej\/cej-lille\/\",\"name\":\"La demande du Contrat d\\u2019Engagement Jeune (CEJ) \\u00e0 Lille | Mes-Allocs.fr\",\"isPartOf\":{\"@id\":\"https:\/\/www.mes-allocs.fr\/guides\/#website\"},\"primaryImageOfPage\":{\"@id\":\"https:\/\/www.mes-allocs.fr\/guides\/contrat-engagement-jeune\/demarches-cej\/cej-lille\/#primaryimage\"},\"datePublished\":\"2024-05-16T15:10:03+00:00\",\"dateModified\":\"2026-04-22T09:53:10+00:00\",\"author\":{\"@id\":\"https:\/\/www.mes-allocs.fr\/guides\/#\/schema\/person\/9c38f3be41a0ddcd1e3fde5a3df713bf\"},\"description\":\"Cet article explorera les diff\\u00e9rents aspects de la demande du CEJ \\u00e0 Lille, en mettant en avant ses objectifs et son fonctionnement.\",\"inLanguage\":\"fr-FR\"},{\"@type\":\"Person\",\"@id\":\"https:\/\/www.mes-allocs.fr\/guides\/#\/schema\/person\/9c38f3be41a0ddcd1e3fde5a3df713bf\",\"name\":\"Sessime Ananou\",\"image\":{\"@type\":\"ImageObject\",\"@id\":\"https:\/\/www.mes-allocs.fr\/guides\/#personlogo\",\"inLanguage\":\"fr-FR\",\"url\":\"https:\/\/www.mes-allocs.fr\/guides\/wp-content\/uploads\/2023\/08\/IMG_8173-150x150.jpg\",\"caption\":\"Sessime Ananou\"},\"description\":\"Sessime est r\\u00e9dactrice chez Mes Allocs, sp\\u00e9cialis\\u00e9e sur le pouvoir d'achat. Elle rejoint l'\\u00e9quipe Mes Allocs en ao\\u00fbt 2023 afin de simplifier l'acc\\u00e8s \\u00e0 l'information sur les aides en g\\u00e9n\\u00e9ral.\"}]}<\/script>\n<!-- \/ Yoast SEO plugin. -->","amp_validity":null,"acf":{"faq":{"1":{"question":"Qu'est-ce que le CEJ et qui peut en b\u00e9n\u00e9ficier ?","answer":"Le CEJ est un dispositif d'accompagnement destin\u00e9 aux jeunes de 16 \u00e0 25 ans (ou jusqu'\u00e0 29 ans pour les travailleurs handicap\u00e9s) en situation de pr\u00e9carit\u00e9 professionnelle. Il vise \u00e0 favoriser leur insertion sociale et professionnelle en leur offrant un accompagnement personnalis\u00e9."},"2":{"question":"Comment fonctionne le CEJ ?","answer":"Le CEJ propose un accompagnement individualis\u00e9 comprenant des actions d'orientation, de formation et d'insertion professionnelle. Les jeunes b\u00e9n\u00e9ficient \u00e9galement d'une allocation financi\u00e8re mensuelle pour couvrir leurs d\u00e9penses pendant leur recherche d'emploi.\r\n"},"3":{"question":"Quels sont les avantages du CEJ pour les jeunes ?","answer":"Le CEJ permet aux jeunes de b\u00e9n\u00e9ficier d'un soutien personnalis\u00e9 dans leur parcours vers l'emploi, ainsi que d'une allocation financi\u00e8re pour les aider dans leur quotidien. Il offre \u00e9galement des opportunit\u00e9s de formation et d'exp\u00e9rience professionnelle."},"4":{"question":"Comment faire une demande de CEJ \u00e0 Lille ?","answer":"Les jeunes int\u00e9ress\u00e9s par le CEJ peuvent se renseigner aupr\u00e8s de P\u00f4le Emploi, de la Mission Locale ou des structures d'accompagnement de la ville de Lille pour conna\u00eetre les d\u00e9marches \u00e0 suivre et obtenir un rendez-vous pour entamer leur demande.\r\n"},"5":{"question":"Quelles sont les d\u00e9marches \u00e0 suivre une fois la demande d\u00e9pos\u00e9e ?","answer":"Une fois la demande de CEJ d\u00e9pos\u00e9e, les jeunes seront accompagn\u00e9s par un r\u00e9f\u00e9rent qui les aidera \u00e0 d\u00e9finir leur projet professionnel, \u00e0 trouver des offres d'emploi ou de formation, et \u00e0 b\u00e9n\u00e9ficier des diff\u00e9rentes aides et prestations disponibles.\r\n"},"6":{"question":"Y a-t-il des crit\u00e8res sp\u00e9cifiques pour b\u00e9n\u00e9ficier du CEJ \u00e0 Lille ?","answer":"Les crit\u00e8res d'\u00e9ligibilit\u00e9 au CEJ peuvent varier en fonction de la situation personnelle et professionnelle des jeunes. Cependant, en g\u00e9n\u00e9ral, le CEJ s'adresse aux jeunes en difficult\u00e9 d'insertion professionnelle et en recherche d'emploi ou de formation."},"7":{"question":"","answer":""},"8":{"question":"","answer":""},"9":{"question":"","answer":""},"10":{"question":"","answer":""},"11":{"question":"","answer":""},"12":{"question":"","answer":""},"13":{"question":"","answer":""},"14":{"question":"","answer":""},"15":{"question":"","answer":""},"16":{"question":"","answer":""}}},"_links":{"self":[{"href":"https:\/\/www.mes-allocs.fr\/guides\/wp-json\/wp\/v2\/posts\/78928","targetHints":{"allow":["GET"]}}],"collection":[{"href":"https:\/\/www.mes-allocs.fr\/guides\/wp-json\/wp\/v2\/posts"}],"about":[{"href":"https:\/\/www.mes-allocs.fr\/guides\/wp-json\/wp\/v2\/types\/post"}],"author":[{"embeddable":true,"href":"https:\/\/www.mes-allocs.fr\/guides\/wp-json\/wp\/v2\/users\/26"}],"replies":[{"embeddable":true,"href":"https:\/\/www.mes-allocs.fr\/guides\/wp-json\/wp\/v2\/comments?post=78928"}],"version-history":[{"count":3,"href":"https:\/\/www.mes-allocs.fr\/guides\/wp-json\/wp\/v2\/posts\/78928\/revisions"}],"predecessor-version":[{"id":79358,"href":"https:\/\/www.mes-allocs.fr\/guides\/wp-json\/wp\/v2\/posts\/78928\/revisions\/79358"}],"wp:featuredmedia":[{"embeddable":true,"href":"https:\/\/www.mes-allocs.fr\/guides\/wp-json\/wp\/v2\/media\/35721"}],"wp:attachment":[{"href":"https:\/\/www.mes-allocs.fr\/guides\/wp-json\/wp\/v2\/media?parent=78928"}],"wp:term":[{"taxonomy":"category","embeddable":true,"href":"https:\/\/www.mes-allocs.fr\/guides\/wp-json\/wp\/v2\/categories?post=78928"},{"taxonomy":"post_tag","embeddable":true,"href":"https:\/\/www.mes-allocs.fr\/guides\/wp-json\/wp\/v2\/tags?post=78928"}],"curies":[{"name":"wp","href":"https:\/\/api.w.org\/{rel}","templated":true}]}}