{"id":78895,"date":"2024-05-15T18:42:57","date_gmt":"2024-05-15T16:42:57","guid":{"rendered":"https:\/\/www.mes-allocs.fr\/guides\/?p=78895"},"modified":"2026-04-22T10:53:10","modified_gmt":"2026-04-22T09:53:10","slug":"cej-lens","status":"publish","type":"post","link":"https:\/\/www.mes-allocs.fr\/guides\/contrat-engagement-jeune\/demarches-cej\/cej-lens\/","title":{"rendered":"La demande du Contrat d\u2019Engagement Jeune (CEJ) \u00e0 Lens"},"content":{"rendered":"<p><img loading=\"lazy\" decoding=\"async\" class=\"alignnone wp-image-74559 \" title=\"La demande du Contrat d\u2019Engagement Jeune (CEJ) \u00e0 Lens\" src=\"https:\/\/www.mes-allocs.fr\/guides\/wp-content\/uploads\/2023\/12\/allocation-CEJ-1.png\" alt=\"La demande du Contrat d\u2019Engagement Jeune (CEJ) \u00e0 Lens\" width=\"782\" height=\"220\" srcset=\"https:\/\/www.mes-allocs.fr\/guides\/wp-content\/uploads\/2023\/12\/allocation-CEJ-1.png 636w, https:\/\/www.mes-allocs.fr\/guides\/wp-content\/uploads\/2023\/12\/allocation-CEJ-1-300x84.png 300w, https:\/\/www.mes-allocs.fr\/guides\/wp-content\/uploads\/2023\/12\/allocation-CEJ-1-600x169.png 600w\" sizes=\"auto, (max-width: 782px) 100vw, 782px\" \/><\/p>\n<p><strong>Dans la ville de Lens, l&rsquo;insertion professionnelle des jeunes repr\u00e9sente un enjeu crucial. Face \u00e0 ce d\u00e9fi, le <a href=\"https:\/\/www.mes-allocs.fr\/guides\/contrat-engagement-jeune\/\">Contrat d\u2019Engagement Jeune (CEJ)<\/a> se pr\u00e9sente comme une r\u00e9ponse strat\u00e9gique pour offrir des perspectives d&#8217;emploi et de formation aux jeunes \u00e2g\u00e9s de 16 \u00e0 25 ans (et jusqu&rsquo;\u00e0 30 ans pour les jeunes en situation de handicap). Cette initiative vise \u00e0 r\u00e9pondre aux besoins sp\u00e9cifiques des jeunes et du march\u00e9 du travail local en proposant des parcours d&rsquo;insertion professionnelle adapt\u00e9s. Cet article explorera les contours du CEJ \u00e0 Lens, en mettant en lumi\u00e8re ses objectifs, ses modalit\u00e9s de mise en \u0153uvre, ainsi que ses impacts sur les jeunes et sur la ville.<\/strong><\/p>\n<div class='cta-block'><div class='text'>Simulez votre \u00e9ligibilit\u00e9 au CEJ en 2 min. Gratuit.<\/div><a href='https:\/\/www.mes-allocs.fr\/ab-app?origin=guides\/wp-json\/wp\/v2\/posts\/78895' class='app-button fit'>Simulation gratuite<\/a><\/div>\n<h1><strong>Quel est le contexte socio-\u00e9conomique de Lens ?\u00a0<\/strong><\/h1>\n<h2><strong>Analyse du march\u00e9 du travail \u00e0 Lens<\/strong><\/h2>\n<p>Lens, ville embl\u00e9matique de la r\u00e9gion Hauts-de-France, est marqu\u00e9e par son histoire industrielle, notamment dans le secteur minier. Cependant, la reconversion \u00e9conomique suite \u00e0 la fermeture des mines a profond\u00e9ment transform\u00e9 son march\u00e9 du travail. Aujourd&rsquo;hui, Lens fait face \u00e0 une diversification \u00e9conomique avec des secteurs tels que le commerce, les services et le tourisme. Cependant, le march\u00e9 du travail reste marqu\u00e9 par des d\u00e9fis persistants, notamment en termes de taux de ch\u00f4mage et de pr\u00e9carit\u00e9.<\/p>\n<h2><strong>Les d\u00e9fis de l&#8217;emploi des jeunes \u00e0 Lens<\/strong><\/h2>\n<p>Les jeunes de Lens rencontrent divers obstacles dans leur insertion professionnelle. Le taux de ch\u00f4mage des jeunes reste pr\u00e9occupant, refl\u00e9tant les difficult\u00e9s d&rsquo;acc\u00e8s \u00e0 l&#8217;emploi pour cette cat\u00e9gorie de la population. De plus, la pr\u00e9carit\u00e9 de l&#8217;emploi, caract\u00e9ris\u00e9e par des contrats temporaires ou des emplois \u00e0 temps partiel, constitue un d\u00e9fi majeur pour les jeunes en qu\u00eate de stabilit\u00e9 professionnelle. En outre, l&rsquo;ad\u00e9quation entre les formations disponibles et les besoins du march\u00e9 du travail demeure un enjeu important \u00e0 surmonter pour favoriser l&#8217;employabilit\u00e9 des jeunes \u00e0 Lens.<\/p>\n<div class=\"w-full text-token-text-primary\" dir=\"auto\" data-testid=\"conversation-turn-178\" data-scroll-anchor=\"false\">\n<div class=\"py-2 px-3 text-base md:px-4 m-auto md:px-5 lg:px-1 xl:px-5\">\n<div class=\"mx-auto flex flex-1 gap-3 text-base juice:gap-4 juice:md:gap-6 md:max-w-3xl lg:max-w-[40rem] xl:max-w-[48rem]\">\n<div class=\"relative flex w-full min-w-0 flex-col\">\n<div class=\"flex-col gap-1 md:gap-3\">\n<div class=\"flex flex-grow flex-col max-w-full\">\n<div class=\"min-h-[20px] text-message flex flex-col items-start whitespace-pre-wrap break-words [.text-message+&amp;]:mt-5 juice:w-full juice:items-end overflow-x-auto gap-3\" dir=\"auto\" data-message-author-role=\"user\" data-message-id=\"aaa2246e-35dd-423e-8108-dd1969cce70c\">\n<h2 class=\"relative max-w-[90%]\">Que faire \u00e0 Lens ?<\/h2>\n<\/div>\n<\/div>\n<div class=\"mt-1 flex gap-3 empty:hidden juice:mr-1 juice:flex-row-reverse\">\n<div class=\"-ml-1 mt-0 flex h-7 items-center justify-center gap-[2px] self-end text-gray-400 lg:justify-start lg:self-center visible\">\n<p>\u00c0 Lens, il existe une vari\u00e9t\u00e9 d&rsquo;activit\u00e9s et de lieux \u00e0 d\u00e9couvrir. Voici quelques suggestions pour profiter de votre s\u00e9jour dans la ville :<\/p>\n<ol>\n<li>Visiter le Louvre-Lens : ce mus\u00e9e propose des expositions temporaires et des collections permanentes fascinantes, offrant une immersion dans l&rsquo;histoire de l&rsquo;art et de la civilisation.<\/li>\n<li>Explorer le site du M\u00e9morial Canadien de Vimy : situ\u00e9 \u00e0 proximit\u00e9 de Lens, ce m\u00e9morial comm\u00e9more la bataille de Vimy Ridge de la Premi\u00e8re Guerre mondiale et offre un lieu de recueillement et de souvenir.<\/li>\n<li>D\u00e9couvrir le stade Bollaert-Delelis : pour les passionn\u00e9s de football, une visite du stade mythique du Racing Club de Lens est incontournable. Vous pouvez \u00e9galement assister \u00e0 un match pour vivre l&rsquo;ambiance unique des supporters lensois.<\/li>\n<li>Fl\u00e2ner dans le centre-ville : profitez d&rsquo;une promenade dans les rues anim\u00e9es de Lens pour d\u00e9couvrir ses commerces, ses caf\u00e9s, et son ambiance chaleureuse.<\/li>\n<li>Se ressourcer dans les espaces verts : lens dispose de plusieurs parcs et jardins o\u00f9 il fait bon se d\u00e9tendre et se ressourcer, tels que le parc L\u00e9o-Lagrange ou le jardin des B\u00e9n\u00e9dictins.<\/li>\n<li>Participer aux \u00e9v\u00e9nements culturels : Renseignez-vous sur les \u00e9v\u00e9nements culturels et festifs organis\u00e9s \u00e0 Lens tout au long de l&rsquo;ann\u00e9e, tels que les festivals, les concerts, les expositions, et les march\u00e9s locaux.<\/li>\n<\/ol>\n<p>Que vous soyez amateur d&rsquo;histoire, de sport, de nature, ou de culture, Lens offre une multitude d&rsquo;activit\u00e9s pour tous les go\u00fbts.<\/p>\n<\/div>\n<\/div>\n<\/div>\n<\/div>\n<\/div>\n<\/div>\n<\/div>\n<h1><strong>Pr\u00e9sentation du Contrat d\u2019Engagement Jeune (CEJ)<\/strong><\/h1>\n<h2><strong>D\u00e9finition et objectifs du CEJ<\/strong><\/h2>\n<p>Le Contrat d\u2019Engagement Jeune (CEJ) est un dispositif visant \u00e0 favoriser l&rsquo;insertion professionnelle des jeunes \u00e2g\u00e9s de 16 \u00e0 25 ans (et jusqu&rsquo;\u00e0 30 ans pour les jeunes en situation de handicap). Son objectif principal est de permettre aux jeunes de Lens de trouver un emploi correspondant \u00e0 leurs comp\u00e9tences et \u00e0 leurs aspirations professionnelles, tout en leur offrant des opportunit\u00e9s de formation et d&rsquo;accompagnement pour favoriser leur int\u00e9gration sur le march\u00e9 du travail.<\/p>\n<p><iframe loading=\"lazy\" title=\"Le Contrat d&#039;Engagement Jeune (CEJ)\" width=\"500\" height=\"375\" src=\"https:\/\/www.youtube.com\/embed\/f_Hf5LBMHeQ?feature=oembed\" frameborder=\"0\" allow=\"accelerometer; autoplay; clipboard-write; encrypted-media; gyroscope; picture-in-picture; web-share\" referrerpolicy=\"strict-origin-when-cross-origin\" allowfullscreen><\/iframe><\/p>\n<h2><strong>Quels sont les crit\u00e8res d&rsquo;\u00e9ligibilit\u00e9 pour le CEJ \u00e0 Lens ?\u00a0<\/strong><\/h2>\n<p>Les jeunes r\u00e9sidant \u00e0 Lens doivent remplir certains crit\u00e8res pour \u00eatre \u00e9ligibles au CEJ. Ces crit\u00e8res peuvent inclure l&rsquo;\u00e2ge, la situation professionnelle, le niveau d&rsquo;\u00e9tudes, et \u00e9ventuellement des crit\u00e8res socio-\u00e9conomiques. Les conditions sp\u00e9cifiques peuvent varier en fonction des politiques locales et des partenaires impliqu\u00e9s dans la mise en \u0153uvre du dispositif.<\/p>\n<p>Les <a href=\"https:\/\/www.mes-allocs.fr\/guides\/contrat-engagement-jeune\/demarches-cej\/\">d\u00e9marches pour conclure le Contrat d&rsquo;Engagement Jeune<\/a> (CEJ) varient dans chaque r\u00e9gion.<\/p>\n<h2><strong>Quels sont les avantages et incitations pour les jeunes b\u00e9n\u00e9ficiaires ?\u00a0<\/strong><\/h2>\n<p>Le CEJ offre plusieurs avantages et incitations pour les jeunes b\u00e9n\u00e9ficiaires \u00e0 Lens. En plus de l&rsquo;acc\u00e8s \u00e0 des opportunit\u00e9s d&#8217;emploi et de formation, les jeunes peuvent b\u00e9n\u00e9ficier d&rsquo;un soutien financier sous forme d&rsquo;allocation pour les aider dans leur transition vers l&rsquo;autonomie financi\u00e8re. De plus, le CEJ peut offrir un accompagnement personnalis\u00e9 et des conseils pour aider les jeunes \u00e0 construire leur projet professionnel et \u00e0 d\u00e9velopper leurs comp\u00e9tences.<\/p>\n<h1><strong>Proc\u00e9dure de demande du CEJ \u00e0 Lens<\/strong><\/h1>\n<h2><strong>Les d\u00e9marches administratives \u00e0 suivre<\/strong><\/h2>\n<p>La demande du Contrat d\u2019Engagement Jeune (CEJ) \u00e0 Lens n\u00e9cessite g\u00e9n\u00e9ralement plusieurs d\u00e9marches administratives. Les jeunes int\u00e9ress\u00e9s peuvent commencer par contacter les organismes comp\u00e9tents, tels que la Mission Locale, P\u00f4le Emploi, ou la Mairie de Lens, pour obtenir des informations sur les \u00e9tapes \u00e0 suivre. Ces structures pourront orienter les jeunes vers les partenaires impliqu\u00e9s dans la mise en \u0153uvre du CEJ et les accompagner tout au long du processus de demande.<\/p>\n<h2><strong>Les documents n\u00e9cessaires pour constituer une demande de CEJ<\/strong><\/h2>\n<p>La constitution d&rsquo;une demande de CEJ \u00e0 Lens implique g\u00e9n\u00e9ralement la fourniture de certains documents. Parmi les documents requis peuvent figurer une pi\u00e8ce d&rsquo;identit\u00e9, un curriculum vitae, des dipl\u00f4mes ou attestations de formation, ainsi que tout autre document pertinent permettant de justifier la situation professionnelle et les besoins du jeune demandeur. Il est recommand\u00e9 de se renseigner aupr\u00e8s des organismes comp\u00e9tents pour conna\u00eetre la liste exacte des documents \u00e0 fournir.<\/p>\n<h2><strong>Le d\u00e9lai de traitement d&rsquo;une demande de CEJ<\/strong><\/h2>\n<p>Le d\u00e9lai de traitement d&rsquo;une demande de CEJ \u00e0 Lens peut varier en fonction de diff\u00e9rents facteurs tels que la disponibilit\u00e9 des places disponibles, la complexit\u00e9 du parcours d&rsquo;insertion du jeune, et les proc\u00e9dures administratives propres \u00e0 chaque structure. En g\u00e9n\u00e9ral, les organismes responsables s&rsquo;efforcent de traiter les demandes dans les meilleurs d\u00e9lais afin de permettre aux jeunes b\u00e9n\u00e9ficiaires de b\u00e9n\u00e9ficier rapidement des services et des avantages offerts par le CEJ. Il est recommand\u00e9 de se renseigner directement aupr\u00e8s des organismes comp\u00e9tents pour obtenir des informations pr\u00e9cises sur le d\u00e9lai estim\u00e9 de traitement.<\/p>\n<h1><strong>Quelles sont les modalit\u00e9s de mise en \u0153uvre du CEJ \u00e0 Lens ?\u00a0<\/strong><\/h1>\n<h2><strong>Les partenaires impliqu\u00e9s dans la mise en \u0153uvre du CEJ<\/strong><\/h2>\n<p>La mise en \u0153uvre du Contrat d\u2019Engagement Jeune (CEJ) \u00e0 Lens implique la collaboration de plusieurs partenaires. Parmi eux peuvent figurer la Mission Locale, P\u00f4le Emploi, des structures d&rsquo;insertion professionnelle locales, des entreprises partenaires, des \u00e9tablissements de formation professionnelle, ainsi que des organismes publics ou associatifs \u0153uvrant dans le domaine de l&#8217;emploi et de la jeunesse. La coordination entre ces diff\u00e9rents acteurs est essentielle pour assurer le bon fonctionnement du dispositif et permettre aux jeunes b\u00e9n\u00e9ficiaires de b\u00e9n\u00e9ficier d&rsquo;un accompagnement adapt\u00e9 \u00e0 leurs besoins.<\/p>\n<h2><strong>Les dispositifs d&rsquo;accompagnement et de formation pour les jeunes b\u00e9n\u00e9ficiaires<\/strong><\/h2>\n<p>Dans le cadre du CEJ \u00e0 Lens, les jeunes b\u00e9n\u00e9ficiaires ont acc\u00e8s \u00e0 diff\u00e9rents dispositifs d&rsquo;accompagnement et de formation pour faciliter leur insertion professionnelle. Cela peut inclure des s\u00e9ances d&rsquo;orientation professionnelle, des ateliers de recherche d&#8217;emploi, des formations qualifiantes ou certifiantes, des stages en entreprise, des dispositifs de tutorat ou de parrainage, ainsi que des aides \u00e0 la mobilit\u00e9 ou \u00e0 la recherche de logement. Ces dispositifs sont con\u00e7us pour r\u00e9pondre aux besoins sp\u00e9cifiques des jeunes et les aider \u00e0 d\u00e9velopper leurs comp\u00e9tences et leur employabilit\u00e9.<\/p>\n<h2><strong>Les secteurs d&rsquo;activit\u00e9 concern\u00e9s par le CEJ \u00e0 Lens<\/strong><\/h2>\n<p>Le CEJ \u00e0 Lens s&rsquo;adresse \u00e0 un large \u00e9ventail de secteurs d&rsquo;activit\u00e9 afin de r\u00e9pondre aux besoins vari\u00e9s des jeunes b\u00e9n\u00e9ficiaires. Parmi les secteurs concern\u00e9s peuvent figurer l&rsquo;industrie, le commerce, les services, le tourisme, l&rsquo;artisanat, les nouvelles technologies, le social, ou encore la sant\u00e9. L&rsquo;objectif est de proposer aux jeunes des opportunit\u00e9s d&#8217;emploi dans des secteurs porteurs et en ad\u00e9quation avec leurs comp\u00e9tences et leurs aspirations professionnelles, tout en favorisant la diversification \u00e9conomique de la r\u00e9gion.<\/p>\n<p>&nbsp;<\/p>\n<div class='cta-block'><div class='text'>Simulez votre \u00e9ligibilit\u00e9 au CEJ en 2 min. Gratuit.<\/div><a href='https:\/\/www.mes-allocs.fr\/ab-app?origin=guides\/wp-json\/wp\/v2\/posts\/78895' class='app-button fit'>Simulation gratuite<\/a><\/div>\n","protected":false},"excerpt":{"rendered":"<p>Dans la ville de Lens, l&rsquo;insertion professionnelle des jeunes repr\u00e9sente un enjeu crucial. Face \u00e0 ce d\u00e9fi, le Contrat d\u2019Engagement Jeune (CEJ) se pr\u00e9sente comme une r\u00e9ponse strat\u00e9gique pour offrir des perspectives d&#8217;emploi et de formation aux jeunes \u00e2g\u00e9s de 16 \u00e0 25 ans (et jusqu&rsquo;\u00e0 30 ans pour les jeunes en situation de handicap). [&hellip;]<\/p>\n","protected":false},"author":26,"featured_media":78896,"comment_status":"open","ping_status":"open","sticky":false,"template":"","format":"standard","meta":{"amp_status":"","footnotes":""},"categories":[30057,33441],"tags":[],"class_list":["post-78895","post","type-post","status-publish","format-standard","has-post-thumbnail","hentry","category-contrat-engagement-jeune","category-demarches-cej"],"yoast_head":"<!-- This site is optimized with the Yoast SEO plugin v14.9 - https:\/\/yoast.com\/wordpress\/plugins\/seo\/ -->\n<title>La demande du Contrat d\u2019Engagement Jeune (CEJ) \u00e0 Lens | Mes-Allocs.fr<\/title>\n<meta name=\"description\" content=\"Nous explorerons les contours du CEJ \u00e0 Lens, en mettant en lumi\u00e8re ses objectifs, ses modalit\u00e9s, ainsi que ses impacts sur les jeunes.\" \/>\n<meta name=\"robots\" content=\"index, follow, max-snippet:-1, max-image-preview:large, max-video-preview:-1\" \/>\n<link rel=\"canonical\" href=\"https:\/\/www.mes-allocs.fr\/guides\/contrat-engagement-jeune\/demarches-cej\/cej-lens\/\" \/>\n<meta property=\"og:locale\" content=\"fr_FR\" \/>\n<meta property=\"og:type\" content=\"article\" \/>\n<meta property=\"og:title\" content=\"La demande du Contrat d\u2019Engagement Jeune (CEJ) \u00e0 Lens | Mes-Allocs.fr\" \/>\n<meta property=\"og:description\" content=\"Nous explorerons les contours du CEJ \u00e0 Lens, en mettant en lumi\u00e8re ses objectifs, ses modalit\u00e9s, ainsi que ses impacts sur les jeunes.\" \/>\n<meta property=\"og:url\" content=\"https:\/\/www.mes-allocs.fr\/guides\/contrat-engagement-jeune\/demarches-cej\/cej-lens\/\" \/>\n<meta property=\"og:site_name\" content=\"Mes-Allocs.fr\" \/>\n<meta property=\"article:published_time\" content=\"2024-05-15T16:42:57+00:00\" \/>\n<meta property=\"article:modified_time\" content=\"2026-04-22T09:53:10+00:00\" \/>\n<meta property=\"og:image\" content=\"https:\/\/www.mes-allocs.fr\/guides\/wp-content\/uploads\/2024\/05\/cej-Lens.jpg?wsr\" \/>\n\t<meta property=\"og:image:width\" content=\"350\" \/>\n\t<meta property=\"og:image:height\" content=\"325\" \/>\n<meta name=\"twitter:card\" content=\"summary_large_image\" \/>\n<script type=\"application\/ld+json\" class=\"yoast-schema-graph\">{\"@context\":\"https:\/\/schema.org\",\"@graph\":[{\"@type\":\"WebSite\",\"@id\":\"https:\/\/www.mes-allocs.fr\/guides\/#website\",\"url\":\"https:\/\/www.mes-allocs.fr\/guides\/\",\"name\":\"Mes-Allocs.fr\",\"description\":\"\",\"potentialAction\":[{\"@type\":\"SearchAction\",\"target\":\"https:\/\/www.mes-allocs.fr\/guides\/?s={search_term_string}\",\"query-input\":\"required name=search_term_string\"}],\"inLanguage\":\"fr-FR\"},{\"@type\":\"ImageObject\",\"@id\":\"https:\/\/www.mes-allocs.fr\/guides\/contrat-engagement-jeune\/demarches-cej\/cej-lens\/#primaryimage\",\"inLanguage\":\"fr-FR\",\"url\":\"https:\/\/www.mes-allocs.fr\/guides\/wp-content\/uploads\/2024\/05\/cej-Lens.jpg?wsr\",\"width\":350,\"height\":325,\"caption\":\"A flag of French Republic waves outside of a building in Lens, France on February 2, 2022.\"},{\"@type\":\"WebPage\",\"@id\":\"https:\/\/www.mes-allocs.fr\/guides\/contrat-engagement-jeune\/demarches-cej\/cej-lens\/#webpage\",\"url\":\"https:\/\/www.mes-allocs.fr\/guides\/contrat-engagement-jeune\/demarches-cej\/cej-lens\/\",\"name\":\"La demande du Contrat d\\u2019Engagement Jeune (CEJ) \\u00e0 Lens | Mes-Allocs.fr\",\"isPartOf\":{\"@id\":\"https:\/\/www.mes-allocs.fr\/guides\/#website\"},\"primaryImageOfPage\":{\"@id\":\"https:\/\/www.mes-allocs.fr\/guides\/contrat-engagement-jeune\/demarches-cej\/cej-lens\/#primaryimage\"},\"datePublished\":\"2024-05-15T16:42:57+00:00\",\"dateModified\":\"2026-04-22T09:53:10+00:00\",\"author\":{\"@id\":\"https:\/\/www.mes-allocs.fr\/guides\/#\/schema\/person\/9c38f3be41a0ddcd1e3fde5a3df713bf\"},\"description\":\"Nous explorerons les contours du CEJ \\u00e0 Lens, en mettant en lumi\\u00e8re ses objectifs, ses modalit\\u00e9s, ainsi que ses impacts sur les jeunes.\",\"inLanguage\":\"fr-FR\"},{\"@type\":\"Person\",\"@id\":\"https:\/\/www.mes-allocs.fr\/guides\/#\/schema\/person\/9c38f3be41a0ddcd1e3fde5a3df713bf\",\"name\":\"Sessime Ananou\",\"image\":{\"@type\":\"ImageObject\",\"@id\":\"https:\/\/www.mes-allocs.fr\/guides\/#personlogo\",\"inLanguage\":\"fr-FR\",\"url\":\"https:\/\/www.mes-allocs.fr\/guides\/wp-content\/uploads\/2023\/08\/IMG_8173-150x150.jpg\",\"caption\":\"Sessime Ananou\"},\"description\":\"Sessime est r\\u00e9dactrice chez Mes Allocs, sp\\u00e9cialis\\u00e9e sur le pouvoir d'achat. Elle rejoint l'\\u00e9quipe Mes Allocs en ao\\u00fbt 2023 afin de simplifier l'acc\\u00e8s \\u00e0 l'information sur les aides en g\\u00e9n\\u00e9ral.\"}]}<\/script>\n<!-- \/ Yoast SEO plugin. -->","amp_validity":null,"acf":{"faq":{"1":{"question":"Qu'est-ce que le Contrat d\u2019Engagement Jeune (CEJ) ?","answer":"Le CEJ est un dispositif destin\u00e9 aux jeunes \u00e2g\u00e9s de 16 \u00e0 25 ans (et jusqu'\u00e0 30 ans pour les jeunes en situation de handicap) qui vise \u00e0 favoriser leur insertion professionnelle en leur offrant des opportunit\u00e9s d'emploi et de formation."},"2":{"question":"Qui peut b\u00e9n\u00e9ficier du CEJ \u00e0 Lens ?","answer":"Les jeunes r\u00e9sidant \u00e0 Lens \u00e2g\u00e9s de 16 \u00e0 25 ans (et jusqu'\u00e0 30 ans pour les jeunes en situation de handicap) peuvent b\u00e9n\u00e9ficier du CEJ s'ils remplissent les crit\u00e8res d'\u00e9ligibilit\u00e9 d\u00e9finis par les autorit\u00e9s comp\u00e9tentes."},"3":{"question":"Quels sont les avantages du CEJ pour les jeunes b\u00e9n\u00e9ficiaires ?","answer":"Le CEJ offre aux jeunes b\u00e9n\u00e9ficiaires des avantages tels que des opportunit\u00e9s d'emploi, d'accompagnement personnalis\u00e9, de formation professionnelle, ainsi qu'un soutien financier sous forme d'allocation."},"4":{"question":"Comment faire une demande de CEJ \u00e0 Lens ?","answer":" Pour faire une demande de CEJ \u00e0 Lens, les jeunes int\u00e9ress\u00e9s doivent g\u00e9n\u00e9ralement contacter les organismes comp\u00e9tents, tels que la Mission Locale, P\u00f4le Emploi, ou la Mairie de Lens, et suivre les d\u00e9marches sp\u00e9cifiques \u00e0 chaque structure."},"5":{"question":"Quels sont les documents n\u00e9cessaires pour constituer une demande de CEJ ?","answer":"Les documents n\u00e9cessaires pour constituer une demande de CEJ peuvent varier en fonction des organismes partenaires impliqu\u00e9s dans la mise en \u0153uvre du dispositif. En g\u00e9n\u00e9ral, il est recommand\u00e9 de fournir des pi\u00e8ces justificatives telles que des pi\u00e8ces d'identit\u00e9, un CV, des dipl\u00f4mes, et tout autre document pertinent."},"6":{"question":"Quel est le d\u00e9lai de traitement d'une demande de CEJ \u00e0 Lens ?","answer":" Le d\u00e9lai de traitement d'une demande de CEJ \u00e0 Lens peut varier en fonction de diff\u00e9rents facteurs tels que la disponibilit\u00e9 des places disponibles, la complexit\u00e9 du parcours d'insertion du jeune, et les proc\u00e9dures administratives propres \u00e0 chaque structure. Il est recommand\u00e9 de se renseigner aupr\u00e8s des organismes comp\u00e9tents pour conna\u00eetre le d\u00e9lai estim\u00e9."},"7":{"question":"","answer":""},"8":{"question":"","answer":""},"9":{"question":"","answer":""},"10":{"question":"","answer":""},"11":{"question":"","answer":""},"12":{"question":"","answer":""},"13":{"question":"","answer":""},"14":{"question":"","answer":""},"15":{"question":"","answer":""},"16":{"question":"","answer":""}}},"_links":{"self":[{"href":"https:\/\/www.mes-allocs.fr\/guides\/wp-json\/wp\/v2\/posts\/78895","targetHints":{"allow":["GET"]}}],"collection":[{"href":"https:\/\/www.mes-allocs.fr\/guides\/wp-json\/wp\/v2\/posts"}],"about":[{"href":"https:\/\/www.mes-allocs.fr\/guides\/wp-json\/wp\/v2\/types\/post"}],"author":[{"embeddable":true,"href":"https:\/\/www.mes-allocs.fr\/guides\/wp-json\/wp\/v2\/users\/26"}],"replies":[{"embeddable":true,"href":"https:\/\/www.mes-allocs.fr\/guides\/wp-json\/wp\/v2\/comments?post=78895"}],"version-history":[{"count":3,"href":"https:\/\/www.mes-allocs.fr\/guides\/wp-json\/wp\/v2\/posts\/78895\/revisions"}],"predecessor-version":[{"id":79362,"href":"https:\/\/www.mes-allocs.fr\/guides\/wp-json\/wp\/v2\/posts\/78895\/revisions\/79362"}],"wp:featuredmedia":[{"embeddable":true,"href":"https:\/\/www.mes-allocs.fr\/guides\/wp-json\/wp\/v2\/media\/78896"}],"wp:attachment":[{"href":"https:\/\/www.mes-allocs.fr\/guides\/wp-json\/wp\/v2\/media?parent=78895"}],"wp:term":[{"taxonomy":"category","embeddable":true,"href":"https:\/\/www.mes-allocs.fr\/guides\/wp-json\/wp\/v2\/categories?post=78895"},{"taxonomy":"post_tag","embeddable":true,"href":"https:\/\/www.mes-allocs.fr\/guides\/wp-json\/wp\/v2\/tags?post=78895"}],"curies":[{"name":"wp","href":"https:\/\/api.w.org\/{rel}","templated":true}]}}