{"id":78888,"date":"2024-05-15T18:08:44","date_gmt":"2024-05-15T16:08:44","guid":{"rendered":"https:\/\/www.mes-allocs.fr\/guides\/?p=78888"},"modified":"2026-04-22T10:53:11","modified_gmt":"2026-04-22T09:53:11","slug":"contrat-engagement-jeune-et-prime-d-activite","status":"publish","type":"post","link":"https:\/\/www.mes-allocs.fr\/guides\/contrat-engagement-jeune\/contrat-engagement-jeune-cumulable\/contrat-engagement-jeune-et-prime-d-activite\/","title":{"rendered":"Contrat d&rsquo;Engagement Jeune et Prime d\u2019Activit\u00e9 : un cumul possible ?"},"content":{"rendered":"<p><img loading=\"lazy\" decoding=\"async\" class=\"alignnone wp-image-60077 size-full\" title=\"contrat engagement jeune et prime d'activit\u00e9\" src=\"https:\/\/www.mes-allocs.fr\/guides\/wp-content\/uploads\/2020\/11\/image_2022-12-28_170357229.png\" alt=\"contrat engagement jeune et prime d'activit\u00e9\" width=\"1246\" height=\"350\" srcset=\"https:\/\/www.mes-allocs.fr\/guides\/wp-content\/uploads\/2020\/11\/image_2022-12-28_170357229.png 1246w, https:\/\/www.mes-allocs.fr\/guides\/wp-content\/uploads\/2020\/11\/image_2022-12-28_170357229-300x84.png 300w, https:\/\/www.mes-allocs.fr\/guides\/wp-content\/uploads\/2020\/11\/image_2022-12-28_170357229-1024x288.png 1024w, https:\/\/www.mes-allocs.fr\/guides\/wp-content\/uploads\/2020\/11\/image_2022-12-28_170357229-768x216.png 768w, https:\/\/www.mes-allocs.fr\/guides\/wp-content\/uploads\/2020\/11\/image_2022-12-28_170357229-600x169.png 600w\" sizes=\"auto, (max-width: 1246px) 100vw, 1246px\" \/><\/p>\n<p><strong>Dans le paysage socio-\u00e9conomique actuel, l\u2019insertion professionnelle des jeunes repr\u00e9sente un d\u00e9fi majeur. Pour r\u00e9pondre \u00e0 cette pr\u00e9occupation, le <a href=\"https:\/\/www.mes-allocs.fr\/guides\/contrat-engagement-jeune\/\">Contrat d&rsquo;Engagement Jeune (CEJ)<\/a> et la Prime d\u2019Activit\u00e9 se pr\u00e9sentent comme des outils essentiels visant \u00e0 accompagner les jeunes dans leur transition vers l&#8217;emploi et l&rsquo;autonomie financi\u00e8re. Cette introduction explore la possibilit\u00e9 de cumuler la Prime d\u2019Activit\u00e9 avec le CEJ, offrant ainsi un soutien financier suppl\u00e9mentaire aux jeunes b\u00e9n\u00e9ficiaires dans leur parcours vers l&rsquo;insertion professionnelle. En examinant les conditions, les avantages et les implications de ce cumul, cette \u00e9tude vise \u00e0 fournir un \u00e9clairage sur cette combinaison de dispositifs et ses impacts sur les jeunes en recherche d&#8217;emploi.<\/strong><\/p>\n<div class='cta-block'><div class='text'>Simulez votre \u00e9ligibilit\u00e9 au CEJ en 2 min. Gratuit.<\/div><a href='https:\/\/www.mes-allocs.fr\/ab-app?origin=guides\/wp-json\/wp\/v2\/posts\/78888' class='app-button fit'>Simulation gratuite<\/a><\/div>\n<h1>Peut-on cumuler le Contrat Engagement Jeune et la Prime d\u2019Activit\u00e9 ?<\/h1>\n<h2><strong>Les conditions de Cumul<\/strong><\/h2>\n<p>Le cumul du Contrat Engagement Jeune (CEJ) avec la Prime d\u2019Activit\u00e9 est envisageable sous certaines conditions. Tout d&rsquo;abord, le b\u00e9n\u00e9ficiaire du CEJ doit exercer une activit\u00e9 professionnelle, qu&rsquo;il s&rsquo;agisse d&rsquo;un emploi salari\u00e9 ou non-salari\u00e9. Ensuite, il doit r\u00e9pondre aux crit\u00e8res d\u2019\u00e9ligibilit\u00e9 fix\u00e9s par la Caisse d&rsquo;Allocations Familiales (CAF) pour b\u00e9n\u00e9ficier de la Prime d\u2019Activit\u00e9. Ces crit\u00e8res comprennent notamment les revenus per\u00e7us, la composition du foyer et la situation professionnelle du demandeur.<\/p>\n<h2><strong>Quelles sont les modalit\u00e9s et implications ?\u00a0<\/strong><\/h2>\n<p>Le montant de la Prime d\u2019Activit\u00e9 peut \u00eatre ajust\u00e9 en fonction des revenus per\u00e7us dans le cadre du CEJ. Ainsi, plus les revenus du b\u00e9n\u00e9ficiaire augmentent gr\u00e2ce au CEJ, plus le montant de la Prime d\u2019Activit\u00e9 peut \u00eatre r\u00e9duit. Il est donc important pour les jeunes b\u00e9n\u00e9ficiaires du CEJ de comprendre l&rsquo;impact financier de ce cumul sur leur allocation. Par ailleurs, le cumul de la Prime d\u2019Activit\u00e9 avec le CEJ peut \u00e9galement influencer le calcul d&rsquo;autres aides sociales, telles que les aides au logement ou le Revenu de Solidarit\u00e9 Active (RSA). Il est donc recommand\u00e9 aux b\u00e9n\u00e9ficiaires du CEJ de se renseigner aupr\u00e8s des organismes comp\u00e9tents pour \u00e9valuer au mieux les implications de ce cumul sur leur situation financi\u00e8re globale.<\/p>\n<h1>Qu&rsquo;est-ce que le Contrat Engagement Jeune (CEJ) ?<\/h1>\n<h2><strong>D\u00e9finition et objectifs du CEJ<\/strong><\/h2>\n<p>Le CEJ a pour principaux objectifs de permettre aux jeunes de trouver un emploi correspondant \u00e0 leurs comp\u00e9tences et \u00e0 leurs aspirations professionnelles, de favoriser leur insertion durable dans le monde du travail, et de les aider \u00e0 acqu\u00e9rir des comp\u00e9tences n\u00e9cessaires \u00e0 leur \u00e9panouissement professionnel. Il vise \u00e9galement \u00e0 r\u00e9duire le taux de ch\u00f4mage chez les jeunes en offrant des solutions adapt\u00e9es \u00e0 leurs besoins sp\u00e9cifiques.<\/p>\n<h2><strong>Crit\u00e8res d\u2019\u00e9ligibilit\u00e9 pour le CEJ<\/strong><\/h2>\n<p>Pour b\u00e9n\u00e9ficier du CEJ, les jeunes doivent g\u00e9n\u00e9ralement remplir certains crit\u00e8res d&rsquo;\u00e9ligibilit\u00e9, tels que l&rsquo;\u00e2ge, la situation professionnelle, le niveau d&rsquo;\u00e9tudes, et \u00e9ventuellement des crit\u00e8res socio-\u00e9conomiques. Les conditions sp\u00e9cifiques peuvent varier en fonction des politiques mises en place par les autorit\u00e9s locales ou les organismes partenaires impliqu\u00e9s dans la mise en \u0153uvre du dispositif. Il est donc essentiel pour les jeunes int\u00e9ress\u00e9s de se renseigner aupr\u00e8s des instances comp\u00e9tentes pour conna\u00eetre les crit\u00e8res pr\u00e9cis d&rsquo;\u00e9ligibilit\u00e9 dans leur r\u00e9gion.<\/p>\n<p>D\u00e9couvrez les diff\u00e9rentes <a href=\"https:\/\/www.mes-allocs.fr\/guides\/contrat-engagement-jeune\/contrat-engagement-jeune-cumulable\/\">aides cumulables avec le CEJ<\/a>.<\/p>\n<p><iframe loading=\"lazy\" title=\"Le Contrat d&#039;Engagement Jeune (CEJ)\" width=\"500\" height=\"375\" src=\"https:\/\/www.youtube.com\/embed\/f_Hf5LBMHeQ?feature=oembed\" frameborder=\"0\" allow=\"accelerometer; autoplay; clipboard-write; encrypted-media; gyroscope; picture-in-picture; web-share\" referrerpolicy=\"strict-origin-when-cross-origin\" allowfullscreen><\/iframe><\/p>\n<div class=\"docos-collapsible-replyview\">\n<div class=\"docos-replyview-static\">\n<h1 class=\"docos-replyview-body docos-anchoredreplyview-body docos-replyview-body-emoji-reactable docos-replyview-body-emoji-reactable-background\" dir=\"ltr\">Qu&rsquo;est-ce que la prime d&rsquo;activit\u00e9 ?<\/h1>\n<h2><strong>Conditions d\u2019obtention et calcul de la Prime d\u2019Activit\u00e9<\/strong><\/h2>\n<p>Les conditions d&rsquo;obtention de la Prime d\u2019Activit\u00e9 varient en fonction de plusieurs crit\u00e8res, tels que les revenus du foyer, la composition familiale, et l&rsquo;activit\u00e9 professionnelle exerc\u00e9e. Le montant de la Prime d\u2019Activit\u00e9 est calcul\u00e9 en prenant en compte les ressources du foyer, ainsi que d&rsquo;autres \u00e9l\u00e9ments tels que la situation familiale et les charges support\u00e9es. Ce calcul est effectu\u00e9 par la Caisse d&rsquo;Allocations Familiales (CAF) ou la Mutualit\u00e9 Sociale Agricole (MSA) selon la situation du demandeur.<\/p>\n<h2><strong>Les b\u00e9n\u00e9ficiaires de la Prime d\u2019Activit\u00e9<\/strong><\/h2>\n<p>Les b\u00e9n\u00e9ficiaires de la Prime d\u2019Activit\u00e9 sont principalement des travailleurs dont les revenus sont consid\u00e9r\u00e9s comme modestes. Cela inclut les salari\u00e9s, les travailleurs ind\u00e9pendants, les apprentis, et dans certains cas les \u00e9tudiants salari\u00e9s. <strong>Les personnes concern\u00e9es doivent \u00eatre \u00e2g\u00e9es d&rsquo;au moins 18 ans, r\u00e9sider en France de mani\u00e8re stable, et exercer une activit\u00e9 professionnelle ou \u00eatre assimil\u00e9es \u00e0 des travailleurs.<\/strong><\/p>\n<\/div>\n<h1>Les avantages du cumul du CEJ et Prime d\u2019Activit\u00e9<\/h1>\n<h2>Impact financier pour les b\u00e9n\u00e9ficiaires<\/h2>\n<p>Le cumul du Contrat Engagement Jeune (CEJ) avec la Prime d\u2019Activit\u00e9 offre un avantage financier significatif pour les jeunes b\u00e9n\u00e9ficiaires. En combinant ces deux dispositifs, les jeunes peuvent b\u00e9n\u00e9ficier d&rsquo;un soutien financier suppl\u00e9mentaire pour subvenir \u00e0 leurs besoins essentiels tout en poursuivant leur parcours professionnel. La Prime d\u2019Activit\u00e9 vient compl\u00e9ter les revenus per\u00e7us dans le cadre du CEJ, ce qui peut contribuer \u00e0 am\u00e9liorer leur situation financi\u00e8re globale et \u00e0 r\u00e9duire leur pr\u00e9carit\u00e9 \u00e9conomique.<\/p>\n<h2>Incitations \u00e0 l\u2019emploi et \u00e0 la formation<\/h2>\n<p>Le cumul du Contrat Engagement Jeune (CEJ) avec la Prime d\u2019Activit\u00e9 offre un avantage financier significatif pour les jeunes b\u00e9n\u00e9ficiaires. En combinant ces deux dispositifs, les jeunes peuvent b\u00e9n\u00e9ficier d&rsquo;un soutien financier suppl\u00e9mentaire pour subvenir \u00e0 leurs besoins essentiels tout en poursuivant leur parcours professionnel. La Prime d\u2019Activit\u00e9 vient compl\u00e9ter les revenus per\u00e7us dans le cadre du CEJ, ce qui peut contribuer \u00e0 am\u00e9liorer leur situation financi\u00e8re globale et \u00e0 r\u00e9duire leur pr\u00e9carit\u00e9 \u00e9conomique.<\/p>\n<h1><strong>Quelles sont les modalit\u00e9s de cumul du CEJ et de la Prime d\u2019Activit\u00e9 ?<\/strong><\/h1>\n<h2><strong>Possibilit\u00e9s et conditions de cumul du CEJ et de la Prime d\u2019Activit\u00e9<\/strong><\/h2>\n<p>Le cumul du CEJ et de la Prime d\u2019Activit\u00e9 offre aux jeunes b\u00e9n\u00e9ficiaires la possibilit\u00e9 de b\u00e9n\u00e9ficier d&rsquo;un soutien financier suppl\u00e9mentaire pour faciliter leur insertion professionnelle et leur autonomie financi\u00e8re. Cependant, ce cumul est soumis \u00e0 certaines conditions, notamment en termes de revenus, de situation familiale, et de composition du foyer. Il est donc essentiel pour les jeunes int\u00e9ress\u00e9s de se renseigner aupr\u00e8s des organismes comp\u00e9tents pour conna\u00eetre les conditions pr\u00e9cises de ce cumul dans leur r\u00e9gion.<\/p>\n<h2><strong>Proc\u00e9dures administratives et d\u00e9marches \u00e0 suivre pour cumuler le CEJ et la Prime d\u2019Activit\u00e9\u00a0<\/strong><\/h2>\n<p>Les proc\u00e9dures administratives et d\u00e9marches \u00e0 suivre pour cumuler le CEJ et la Prime d\u2019Activit\u00e9 peuvent varier en fonction des politiques locales et des organismes partenaires impliqu\u00e9s dans la mise en \u0153uvre de ces dispositifs. En g\u00e9n\u00e9ral, les b\u00e9n\u00e9ficiaires du CEJ doivent simplement continuer \u00e0 d\u00e9clarer leurs revenus \u00e0 la Caisse d&rsquo;Allocations Familiales (CAF) ou \u00e0 la Mutualit\u00e9 Sociale Agricole (MSA) pour b\u00e9n\u00e9ficier de la Prime d\u2019Activit\u00e9. Cependant, il est recommand\u00e9 de se renseigner aupr\u00e8s des organismes comp\u00e9tents pour conna\u00eetre les d\u00e9marches sp\u00e9cifiques \u00e0 suivre dans leur cas.<\/p>\n<p>Vous \u00eates b\u00e9n\u00e9ficiaire du RSA ? D\u00e9couvrez si <a href=\"https:\/\/www.mes-allocs.fr\/guides\/contrat-engagement-jeune\/contrat-engagement-jeune-cumulable\/cej-rsa\/\">CEJ et RSA<\/a> sont cumulables !<\/p>\n<\/div>\n<div class='cta-block'><div class='text'>Simulez votre \u00e9ligibilit\u00e9 au CEJ en 2 min. Gratuit.<\/div><a href='https:\/\/www.mes-allocs.fr\/ab-app?origin=guides\/wp-json\/wp\/v2\/posts\/78888' class='app-button fit'>Simulation gratuite<\/a><\/div>\n","protected":false},"excerpt":{"rendered":"<p>Dans le paysage socio-\u00e9conomique actuel, l\u2019insertion professionnelle des jeunes repr\u00e9sente un d\u00e9fi majeur. Pour r\u00e9pondre \u00e0 cette pr\u00e9occupation, le Contrat d&rsquo;Engagement Jeune (CEJ) et la Prime d\u2019Activit\u00e9 se pr\u00e9sentent comme des outils essentiels visant \u00e0 accompagner les jeunes dans leur transition vers l&#8217;emploi et l&rsquo;autonomie financi\u00e8re. Cette introduction explore la possibilit\u00e9 de cumuler la Prime [&hellip;]<\/p>\n","protected":false},"author":26,"featured_media":73237,"comment_status":"open","ping_status":"open","sticky":false,"template":"","format":"standard","meta":{"amp_status":"","footnotes":""},"categories":[30057,34252],"tags":[],"class_list":["post-78888","post","type-post","status-publish","format-standard","has-post-thumbnail","hentry","category-contrat-engagement-jeune","category-contrat-engagement-jeune-cumulable"],"yoast_head":"<!-- This site is optimized with the Yoast SEO plugin v14.9 - https:\/\/yoast.com\/wordpress\/plugins\/seo\/ -->\n<title>Contrat d&#039;Engagement Jeune et Prime d\u2019Activit\u00e9 : un cumul possible ?<\/title>\n<meta name=\"description\" content=\"Le Contrat d&#039;Engagement Jeune (CEJ) et la Prime d\u2019Activit\u00e9 se pr\u00e9sentent comme des outils essentiels visant \u00e0 accompagner les jeunes.\" \/>\n<meta name=\"robots\" content=\"index, follow, max-snippet:-1, max-image-preview:large, max-video-preview:-1\" \/>\n<link rel=\"canonical\" href=\"https:\/\/www.mes-allocs.fr\/guides\/contrat-engagement-jeune\/contrat-engagement-jeune-cumulable\/contrat-engagement-jeune-et-prime-d-activite\/\" \/>\n<meta property=\"og:locale\" content=\"fr_FR\" \/>\n<meta property=\"og:type\" content=\"article\" \/>\n<meta property=\"og:title\" content=\"Contrat d&#039;Engagement Jeune et Prime d\u2019Activit\u00e9 : un cumul possible ?\" \/>\n<meta property=\"og:description\" content=\"Le Contrat d&#039;Engagement Jeune (CEJ) et la Prime d\u2019Activit\u00e9 se pr\u00e9sentent comme des outils essentiels visant \u00e0 accompagner les jeunes.\" \/>\n<meta property=\"og:url\" content=\"https:\/\/www.mes-allocs.fr\/guides\/contrat-engagement-jeune\/contrat-engagement-jeune-cumulable\/contrat-engagement-jeune-et-prime-d-activite\/\" \/>\n<meta property=\"og:site_name\" content=\"Mes-Allocs.fr\" \/>\n<meta property=\"article:published_time\" content=\"2024-05-15T16:08:44+00:00\" \/>\n<meta property=\"article:modified_time\" content=\"2026-04-22T09:53:11+00:00\" \/>\n<meta property=\"og:image\" content=\"https:\/\/www.mes-allocs.fr\/guides\/wp-content\/uploads\/2024\/01\/prime-dactivite-simulation2024-2.jpg?wsr\" \/>\n\t<meta property=\"og:image:width\" content=\"640\" \/>\n\t<meta property=\"og:image:height\" content=\"584\" \/>\n<meta name=\"twitter:card\" content=\"summary_large_image\" \/>\n<script type=\"application\/ld+json\" class=\"yoast-schema-graph\">{\"@context\":\"https:\/\/schema.org\",\"@graph\":[{\"@type\":\"WebSite\",\"@id\":\"https:\/\/www.mes-allocs.fr\/guides\/#website\",\"url\":\"https:\/\/www.mes-allocs.fr\/guides\/\",\"name\":\"Mes-Allocs.fr\",\"description\":\"\",\"potentialAction\":[{\"@type\":\"SearchAction\",\"target\":\"https:\/\/www.mes-allocs.fr\/guides\/?s={search_term_string}\",\"query-input\":\"required name=search_term_string\"}],\"inLanguage\":\"fr-FR\"},{\"@type\":\"ImageObject\",\"@id\":\"https:\/\/www.mes-allocs.fr\/guides\/contrat-engagement-jeune\/contrat-engagement-jeune-cumulable\/contrat-engagement-jeune-et-prime-d-activite\/#primaryimage\",\"inLanguage\":\"fr-FR\",\"url\":\"https:\/\/www.mes-allocs.fr\/guides\/wp-content\/uploads\/2024\/01\/prime-dactivite-simulation2024-2.jpg?wsr\",\"width\":640,\"height\":584,\"caption\":\"simulation CEJ\"},{\"@type\":\"WebPage\",\"@id\":\"https:\/\/www.mes-allocs.fr\/guides\/contrat-engagement-jeune\/contrat-engagement-jeune-cumulable\/contrat-engagement-jeune-et-prime-d-activite\/#webpage\",\"url\":\"https:\/\/www.mes-allocs.fr\/guides\/contrat-engagement-jeune\/contrat-engagement-jeune-cumulable\/contrat-engagement-jeune-et-prime-d-activite\/\",\"name\":\"Contrat d'Engagement Jeune et Prime d\\u2019Activit\\u00e9 : un cumul possible ?\",\"isPartOf\":{\"@id\":\"https:\/\/www.mes-allocs.fr\/guides\/#website\"},\"primaryImageOfPage\":{\"@id\":\"https:\/\/www.mes-allocs.fr\/guides\/contrat-engagement-jeune\/contrat-engagement-jeune-cumulable\/contrat-engagement-jeune-et-prime-d-activite\/#primaryimage\"},\"datePublished\":\"2024-05-15T16:08:44+00:00\",\"dateModified\":\"2026-04-22T09:53:11+00:00\",\"author\":{\"@id\":\"https:\/\/www.mes-allocs.fr\/guides\/#\/schema\/person\/9c38f3be41a0ddcd1e3fde5a3df713bf\"},\"description\":\"Le Contrat d'Engagement Jeune (CEJ) et la Prime d\\u2019Activit\\u00e9 se pr\\u00e9sentent comme des outils essentiels visant \\u00e0 accompagner les jeunes.\",\"inLanguage\":\"fr-FR\"},{\"@type\":\"Person\",\"@id\":\"https:\/\/www.mes-allocs.fr\/guides\/#\/schema\/person\/9c38f3be41a0ddcd1e3fde5a3df713bf\",\"name\":\"Sessime Ananou\",\"image\":{\"@type\":\"ImageObject\",\"@id\":\"https:\/\/www.mes-allocs.fr\/guides\/#personlogo\",\"inLanguage\":\"fr-FR\",\"url\":\"https:\/\/www.mes-allocs.fr\/guides\/wp-content\/uploads\/2023\/08\/IMG_8173-150x150.jpg\",\"caption\":\"Sessime Ananou\"},\"description\":\"Sessime est r\\u00e9dactrice chez Mes Allocs, sp\\u00e9cialis\\u00e9e sur le pouvoir d'achat. Elle rejoint l'\\u00e9quipe Mes Allocs en ao\\u00fbt 2023 afin de simplifier l'acc\\u00e8s \\u00e0 l'information sur les aides en g\\u00e9n\\u00e9ral.\"}]}<\/script>\n<!-- \/ Yoast SEO plugin. -->","amp_validity":null,"acf":{"faq":{"1":{"question":"La Prime d\u2019Activit\u00e9 est-elle cumulable avec le Contrat d'Engagement Jeune (CEJ) ?","answer":"Oui, la Prime d\u2019Activit\u00e9 peut \u00eatre cumul\u00e9e avec le CEJ sous certaines conditions."},"2":{"question":"Quelles sont les conditions pour cumuler la Prime d\u2019Activit\u00e9 avec le CEJ ?","answer":" Pour cumuler la Prime d\u2019Activit\u00e9 avec le CEJ, le b\u00e9n\u00e9ficiaire doit exercer une activit\u00e9 professionnelle et respecter les crit\u00e8res d\u2019\u00e9ligibilit\u00e9 fix\u00e9s par la CAF."},"3":{"question":"Le montant de la Prime d\u2019Activit\u00e9 est-il affect\u00e9 par le CEJ ?","answer":"Oui, le montant de la Prime d\u2019Activit\u00e9 peut \u00eatre ajust\u00e9 en fonction des revenus per\u00e7us dans le cadre du CEJ.\r\n"},"4":{"question":"Y a-t-il des d\u00e9marches sp\u00e9cifiques \u00e0 effectuer pour cumuler la Prime d\u2019Activit\u00e9 avec le CEJ ?","answer":"Non, les b\u00e9n\u00e9ficiaires du CEJ doivent simplement continuer \u00e0 d\u00e9clarer leurs revenus \u00e0 la CAF pour b\u00e9n\u00e9ficier de la Prime d\u2019Activit\u00e9."},"5":{"question":"Le cumul de la Prime d\u2019Activit\u00e9 avec le CEJ peut-il avoir un impact sur d'autres aides sociales ?","answer":"Oui, le cumul de la Prime d\u2019Activit\u00e9 avec le CEJ peut influencer le calcul d'autres aides sociales, comme les aides au logement ou le RSA.\r\n"},"6":{"question":"Quels sont les avantages du cumul de la Prime d\u2019Activit\u00e9 avec le CEJ ?","answer":"Le cumul de la Prime d\u2019Activit\u00e9 avec le CEJ permet aux jeunes b\u00e9n\u00e9ficiaires d'augmenter leurs ressources financi\u00e8res tout en poursuivant leur parcours vers l'emploi et l'autonomie."},"7":{"question":"","answer":""},"8":{"question":"","answer":""},"9":{"question":"","answer":""},"10":{"question":"","answer":""},"11":{"question":"","answer":""},"12":{"question":"","answer":""},"13":{"question":"","answer":""},"14":{"question":"","answer":""},"15":{"question":"","answer":""},"16":{"question":"","answer":""}}},"_links":{"self":[{"href":"https:\/\/www.mes-allocs.fr\/guides\/wp-json\/wp\/v2\/posts\/78888","targetHints":{"allow":["GET"]}}],"collection":[{"href":"https:\/\/www.mes-allocs.fr\/guides\/wp-json\/wp\/v2\/posts"}],"about":[{"href":"https:\/\/www.mes-allocs.fr\/guides\/wp-json\/wp\/v2\/types\/post"}],"author":[{"embeddable":true,"href":"https:\/\/www.mes-allocs.fr\/guides\/wp-json\/wp\/v2\/users\/26"}],"replies":[{"embeddable":true,"href":"https:\/\/www.mes-allocs.fr\/guides\/wp-json\/wp\/v2\/comments?post=78888"}],"version-history":[{"count":5,"href":"https:\/\/www.mes-allocs.fr\/guides\/wp-json\/wp\/v2\/posts\/78888\/revisions"}],"predecessor-version":[{"id":79327,"href":"https:\/\/www.mes-allocs.fr\/guides\/wp-json\/wp\/v2\/posts\/78888\/revisions\/79327"}],"wp:featuredmedia":[{"embeddable":true,"href":"https:\/\/www.mes-allocs.fr\/guides\/wp-json\/wp\/v2\/media\/73237"}],"wp:attachment":[{"href":"https:\/\/www.mes-allocs.fr\/guides\/wp-json\/wp\/v2\/media?parent=78888"}],"wp:term":[{"taxonomy":"category","embeddable":true,"href":"https:\/\/www.mes-allocs.fr\/guides\/wp-json\/wp\/v2\/categories?post=78888"},{"taxonomy":"post_tag","embeddable":true,"href":"https:\/\/www.mes-allocs.fr\/guides\/wp-json\/wp\/v2\/tags?post=78888"}],"curies":[{"name":"wp","href":"https:\/\/api.w.org\/{rel}","templated":true}]}}