{"id":78885,"date":"2024-05-15T17:38:59","date_gmt":"2024-05-15T15:38:59","guid":{"rendered":"https:\/\/www.mes-allocs.fr\/guides\/?p=78885"},"modified":"2026-04-22T10:53:11","modified_gmt":"2026-04-22T09:53:11","slug":"contrat-engagement-jeune-cumulable","status":"publish","type":"post","link":"https:\/\/www.mes-allocs.fr\/guides\/contrat-engagement-jeune\/contrat-engagement-jeune-cumulable\/","title":{"rendered":"Quelles sont les aides cumulables avec le Contrat Engagement Jeune (CEJ) ?"},"content":{"rendered":"<p><img loading=\"lazy\" decoding=\"async\" class=\"alignnone wp-image-74005 size-full\" title=\"contrat engagement jeune cumulable\" src=\"https:\/\/www.mes-allocs.fr\/guides\/wp-content\/uploads\/2024\/01\/Banner-1-4.png\" alt=\"contrat engagement jeune cumulable\" width=\"1500\" height=\"400\" srcset=\"https:\/\/www.mes-allocs.fr\/guides\/wp-content\/uploads\/2024\/01\/Banner-1-4.png 1500w, https:\/\/www.mes-allocs.fr\/guides\/wp-content\/uploads\/2024\/01\/Banner-1-4-300x80.png 300w, https:\/\/www.mes-allocs.fr\/guides\/wp-content\/uploads\/2024\/01\/Banner-1-4-1024x273.png 1024w, https:\/\/www.mes-allocs.fr\/guides\/wp-content\/uploads\/2024\/01\/Banner-1-4-768x205.png 768w, https:\/\/www.mes-allocs.fr\/guides\/wp-content\/uploads\/2024\/01\/Banner-1-4-600x160.png 600w\" sizes=\"auto, (max-width: 1500px) 100vw, 1500px\" \/><\/p>\n<p><strong>Dans le cadre de sa mission d&rsquo;accompagnement des jeunes vers l&#8217;emploi et l&rsquo;autonomie, le <a href=\"https:\/\/www.mes-allocs.fr\/guides\/contrat-engagement-jeune\/\">Contrat Engagement Jeune (CEJ)<\/a> offre une opportunit\u00e9 pr\u00e9cieuse aux jeunes \u00e2g\u00e9s de 16 \u00e0 25 ans (et jusqu&rsquo;\u00e0 30 ans pour les jeunes en situation de handicap) pour int\u00e9grer le march\u00e9 du travail et b\u00e9n\u00e9ficier d&rsquo;un parcours professionnel adapt\u00e9 \u00e0 leurs besoins. En compl\u00e9ment de ce dispositif, de nombreuses aides financi\u00e8res et sociales sont disponibles pour soutenir les jeunes dans leur insertion professionnelle. Cet article a pour objectif de pr\u00e9senter ces diff\u00e9rentes aides cumulables avec le CEJ, afin d&rsquo;\u00e9clairer les b\u00e9n\u00e9ficiaires sur les possibilit\u00e9s qui s&rsquo;offrent \u00e0 eux et de favoriser leur r\u00e9ussite dans leur parcours professionnel.<\/strong><\/p>\n<div class='cta-block'><div class='text'>Simulez votre \u00e9ligibilit\u00e9 au CEJ en 2 min. Gratuit.<\/div><a href='https:\/\/www.mes-allocs.fr\/ab-app?origin=guides\/wp-json\/wp\/v2\/posts\/78885' class='app-button fit'>Simulation gratuite<\/a><\/div>\n<h1><strong>Qu\u2019est-ce que le Contrat d\u2019Engagement Jeune ?<\/strong><\/h1>\n<p>Le Contrat d&rsquo;Engagement Jeune (CEJ) est un dispositif visant \u00e0 favoriser l&rsquo;insertion professionnelle des <strong>jeunes \u00e2g\u00e9s de 16 \u00e0 25 ans (et jusqu&rsquo;\u00e0 30 ans pour les jeunes en situation de handicap)<\/strong> en France. Ce contrat, propos\u00e9 par P\u00f4le Emploi, consiste en un engagement r\u00e9ciproque entre le jeune demandeur d&#8217;emploi et son conseiller. Le jeune s&rsquo;engage \u00e0 suivre un parcours d&rsquo;insertion professionnelle personnalis\u00e9, comprenant des actions de formation et de recherche active d&#8217;emploi, tandis que P\u00f4le Emploi s&rsquo;engage \u00e0 lui fournir un accompagnement individualis\u00e9, des offres d&#8217;emploi cibl\u00e9es et des aides sp\u00e9cifiques si n\u00e9cessaire. Le CEJ peut prendre diff\u00e9rentes formes en fonction de la situation du jeune, telles que des contrats de travail, des contrats en alternance, des stages ou des p\u00e9riodes de formation en entreprise. Son objectif principal est de permettre aux jeunes de d\u00e9velopper leurs comp\u00e9tences, d&rsquo;acc\u00e9der \u00e0 un emploi durable et de construire leur projet professionnel.<\/p>\n<p>D\u00e9couvrez les <a href=\"https:\/\/www.mes-allocs.fr\/guides\/contrat-engagement-jeune\/demarches-cej\/\">d\u00e9marches pour recevoir l&rsquo;allocation CEJ<\/a>.<\/p>\n<h1>L&rsquo;importance du cumul d&rsquo;aides pour les jeunes b\u00e9n\u00e9ficiaires<\/h1>\n<p>L&rsquo;importance du cumul d&rsquo;aides pour les jeunes b\u00e9n\u00e9ficiaires r\u00e9side dans le renforcement de leur accompagnement vers l&rsquo;autonomie et l&rsquo;insertion professionnelle. En cumulant diff\u00e9rentes aides, les jeunes peuvent b\u00e9n\u00e9ficier d&rsquo;un soutien financier et social plus complet, leur permettant de surmonter les obstacles li\u00e9s \u00e0 leur insertion sur le march\u00e9 du travail. Cela leur offre \u00e9galement davantage de flexibilit\u00e9 et de possibilit\u00e9s pour r\u00e9aliser leurs projets professionnels, acc\u00e9der \u00e0 la formation, ou encore assurer leur mobilit\u00e9. En outre, le cumul d&rsquo;aides peut contribuer \u00e0 r\u00e9duire les in\u00e9galit\u00e9s sociales en offrant aux jeunes les plus vuln\u00e9rables un acc\u00e8s \u00e9quitable aux ressources n\u00e9cessaires pour r\u00e9ussir leur parcours professionnel. Ainsi, le cumul d&rsquo;aides repr\u00e9sente un levier essentiel pour favoriser l&rsquo;autonomie, l&rsquo;\u00e9galit\u00e9 des chances et l&rsquo;inclusion sociale des jeunes b\u00e9n\u00e9ficiaires du Contrat Engagement Jeune et d&rsquo;autres dispositifs d&rsquo;accompagnement vers l&#8217;emploi.<\/p>\n<p><iframe loading=\"lazy\" title=\"Le Contrat d&#039;Engagement Jeune (CEJ)\" width=\"500\" height=\"375\" src=\"https:\/\/www.youtube.com\/embed\/f_Hf5LBMHeQ?feature=oembed\" frameborder=\"0\" allow=\"accelerometer; autoplay; clipboard-write; encrypted-media; gyroscope; picture-in-picture; web-share\" referrerpolicy=\"strict-origin-when-cross-origin\" allowfullscreen><\/iframe><\/p>\n<h1><strong>Les aides au Logement cumulables avec le Contrat d\u2019Engagement Jeune<\/strong><\/h1>\n<h2><strong>Description des aides au logement (APL, ALS, etc.)<\/strong><\/h2>\n<p>L&rsquo;Aide Personnalis\u00e9e au Logement (APL) est une aide financi\u00e8re attribu\u00e9e en fonction des ressources et de la composition du foyer, destin\u00e9e \u00e0 r\u00e9duire le montant du loyer ou des mensualit\u00e9s d&#8217;emprunt. L&rsquo;Allocation de Logement Social (ALS) fonctionne sur le m\u00eame principe, mais s&rsquo;adresse aux personnes ne pouvant b\u00e9n\u00e9ficier de l&rsquo;APL en raison de leur situation. Ces aides sont calcul\u00e9es en tenant compte du montant du loyer, des ressources du foyer, de la composition familiale et de la zone g\u00e9ographique du logement.<\/p>\n<h2><strong>Conditions d\u2019\u00e9ligibilit\u00e9 et modalit\u00e9s de demande<\/strong><\/h2>\n<p>Pour b\u00e9n\u00e9ficier des aides au logement, les jeunes b\u00e9n\u00e9ficiaires du CEJ doivent r\u00e9pondre \u00e0 certaines conditions d&rsquo;\u00e9ligibilit\u00e9, notamment en ce qui concerne leurs revenus, la nature de leur logement et leur situation familiale. Les demandes d&rsquo;APL ou d&rsquo;ALS s&rsquo;effectuent en ligne sur le site de la CAF ou aupr\u00e8s des guichets physiques de l&rsquo;organisme. Les pi\u00e8ces justificatives n\u00e9cessaires comprennent notamment les revenus, le bail de location, et tout document prouvant la situation du demandeur.<\/p>\n<h2><strong>Avantages du cumul avec le CEJ pour faciliter l\u2019acc\u00e8s au logement<\/strong><\/h2>\n<p>Le cumul du Contrat d\u2019Engagement Jeune avec les aides au logement offre plusieurs avantages aux jeunes b\u00e9n\u00e9ficiaires. En r\u00e9duisant le montant du loyer ou des mensualit\u00e9s d&#8217;emprunt, ces aides permettent aux jeunes de consacrer davantage de ressources \u00e0 leur insertion professionnelle, \u00e0 leur formation ou \u00e0 leur mobilit\u00e9. De plus, elles contribuent \u00e0 renforcer la stabilit\u00e9 r\u00e9sidentielle des jeunes en situation pr\u00e9caire, en leur offrant un soutien financier pour acc\u00e9der \u00e0 un logement d\u00e9cent. Ainsi, le cumul du CEJ avec les aides au logement constitue un levier important pour favoriser l&rsquo;autonomie des jeunes et faciliter leur parcours vers l&rsquo;insertion sociale et professionnelle.<\/p>\n<h1><strong>Les aides au Transport cumulables avec le Contrat d\u2019Engagement Jeune<\/strong><\/h1>\n<h2><strong>Pr\u00e9sentation des dispositifs d\u2019aide au transport (carte jeune, abonnements \u00e0 tarif r\u00e9duit, etc.)<\/strong><\/h2>\n<p>Parmi les dispositifs d&rsquo;aide au transport figurent notamment la Carte Jeune, qui offre des r\u00e9ductions sur les trajets en train ou en bus pour les jeunes de moins de 28 ans, les abonnements \u00e0 tarif r\u00e9duit propos\u00e9s par les r\u00e9seaux de transport urbain, les ch\u00e8ques mobilit\u00e9 permettant de financer les d\u00e9placements domicile-travail, ainsi que les dispositifs de covoiturage ou d&rsquo;auto-partage. Ces aides sont souvent propos\u00e9es en partenariat avec les autorit\u00e9s locales, les entreprises et les associations pour r\u00e9pondre aux besoins de mobilit\u00e9 des jeunes.<\/p>\n<h2><strong>Possibilit\u00e9 de cumul avec le CEJ pour faciliter les d\u00e9placements professionnels<\/strong><\/h2>\n<p>Le cumul du Contrat d\u2019Engagement Jeune avec les aides au transport offre de nombreux avantages aux jeunes en recherche d&#8217;emploi ou en formation. En r\u00e9duisant les frais de d\u00e9placement, ces aides permettent aux jeunes de se rendre plus facilement \u00e0 leurs entretiens d&#8217;embauche, \u00e0 leurs formations professionnelles, ou \u00e0 leur lieu de travail. Elles favorisent \u00e9galement la mobilit\u00e9 g\u00e9ographique des jeunes en situation pr\u00e9caire, en leur offrant un moyen abordable de se d\u00e9placer dans la recherche d&rsquo;opportunit\u00e9s professionnelles. Ainsi, le cumul du CEJ avec les aides au transport contribue \u00e0 renforcer l&rsquo;autonomie des jeunes et \u00e0 faciliter leur int\u00e9gration dans le monde du travail.<\/p>\n<p>Mes Allocs vous proposent de d\u00e9couvrir les <a href=\"https:\/\/www.mes-allocs.fr\/guides\/contrat-engagement-jeune\/conditions-cej\/\">conditions pour percevoir l&rsquo;allocation du Contrat d&rsquo;Engagement Jeune<\/a>.<\/p>\n<h1>Les ressources cumulables avec le Contrat d\u2019Engagement Jeune<\/h1>\n<h2><strong>Revenus d\u2019activit\u00e9 salari\u00e9e ou non-salari\u00e9e<\/strong><\/h2>\n<p>Dans le cadre du Contrat d\u2019Engagement Jeune (CEJ), il est possible de cumuler vos revenus issus d&rsquo;une activit\u00e9 salari\u00e9e ou non-salari\u00e9e. Que vous soyez en emploi \u00e0 temps plein, \u00e0 temps partiel ou en auto-entrepreneuriat, ces revenus peuvent \u00eatre per\u00e7us en parall\u00e8le du CEJ, sous r\u00e9serve du respect des conditions sp\u00e9cifiques du contrat et des dispositions l\u00e9gales en vigueur.<\/p>\n<h2><strong>L\u2019aide l\u00e9gale ou conventionnelle si vous \u00eates en activit\u00e9 partielle<\/strong><\/h2>\n<p>Si vous vous retrouvez en situation d&rsquo;activit\u00e9 partielle pendant la dur\u00e9e de votre Contrat d\u2019Engagement Jeune, vous avez la possibilit\u00e9 de b\u00e9n\u00e9ficier de l\u2019aide l\u00e9gale ou conventionnelle correspondante. L&rsquo;activit\u00e9 partielle peut entra\u00eener une diminution de vos revenus, mais cette aide peut compenser en partie cette perte de salaire, tout en vous permettant de continuer \u00e0 b\u00e9n\u00e9ficier des avantages du CEJ.<\/p>\n<h2><strong>Les indemnit\u00e9s journali\u00e8res de la S\u00e9curit\u00e9 sociale (IJSS) en cas d\u2019arr\u00eat maladie ou de cong\u00e9 maternit\u00e9<\/strong><\/h2>\n<p>En cas d&rsquo;arr\u00eat maladie ou de cong\u00e9 maternit\u00e9, vous pouvez percevoir des indemnit\u00e9s journali\u00e8res de la S\u00e9curit\u00e9 sociale (IJSS). Ces indemnit\u00e9s, destin\u00e9es \u00e0 compenser la perte de revenus due \u00e0 l&rsquo;incapacit\u00e9 temporaire de travail, sont cumulables avec le Contrat d\u2019Engagement Jeune. Cela vous permet de maintenir une certaine stabilit\u00e9 financi\u00e8re pendant cette p\u00e9riode, tout en poursuivant votre accompagnement vers l&rsquo;insertion professionnelle avec le CEJ.<\/p>\n<h1>Les ressources non cumulables avec le CEJ<\/h1>\n<p><strong>Gestion des Ressources et Cumul avec l\u2019ACEJ<\/strong><\/p>\n<p>L\u2019Allocation Contrat d\u2019Engagement Jeune (ACEJ) peut \u00eatre ajust\u00e9e en fonction des autres ressources per\u00e7ues. Certaines sont cumulables, d&rsquo;autres non. Voici un aper\u00e7u :<\/p>\n<p><strong>Cumulables :<\/strong> Revenus d&rsquo;activit\u00e9, Indemnit\u00e9s maladie\/maternit\u00e9, Aide en cas d&rsquo;activit\u00e9 partielle.<\/p>\n<p><strong>Non cumulables :<\/strong> RSA, Prime d\u2019activit\u00e9 en cas de reprise d&rsquo;activit\u00e9, Indemnit\u00e9s du service civique, etc.<\/p>\n<p>Il est essentiel de comprendre ces r\u00e8gles pour \u00e9viter toute suspension temporaire de l&rsquo;ACEJ. D\u00e9couvrez les cas exceptionnels dans lesquels le CEJ est cumulable :<\/p>\n<ul>\n<li><a href=\"https:\/\/www.mes-allocs.fr\/guides\/contrat-engagement-jeune\/contrat-engagement-jeune-cumulable\/cej-rsa\/\">CEJ et RSA<\/a><\/li>\n<li><a href=\"https:\/\/www.mes-allocs.fr\/guides\/contrat-engagement-jeune\/contrat-engagement-jeune-cumulable\/cej-aah\/\">CEJ et AAH<\/a><\/li>\n<li><a href=\"https:\/\/www.mes-allocs.fr\/guides\/contrat-engagement-jeune\/contrat-engagement-jeune-cumulable\/cej-chomage\/\">CEJ et allocations ch\u00f4mage<\/a><\/li>\n<li><a href=\"https:\/\/www.mes-allocs.fr\/guides\/contrat-engagement-jeune\/contrat-engagement-jeune-cumulable\/cej-et-service-civique\/\">CEJ et service civique<\/a><\/li>\n<li><a href=\"https:\/\/www.mes-allocs.fr\/guides\/contrat-engagement-jeune\/contrat-engagement-jeune-cumulable\/contrat-engagement-jeune-et-prime-d-activite\/\">CEJ et prime d&rsquo;activit\u00e9<\/a><\/li>\n<\/ul>\n<h2>Les ressources partiellement cumulables avec le CEJ<\/h2>\n<p>Certaines ressources peuvent \u00eatre partiellement cumul\u00e9es avec le Contrat d\u2019Engagement Jeune (CEJ), ce qui signifie que leur impact sur l\u2019allocation peut varier en fonction de diff\u00e9rents facteurs. Voici quelques exemples de ressources partiellement cumulables :<\/p>\n<ol>\n<li><strong>Revenus d&rsquo;activit\u00e9 :<\/strong> les revenus provenant d&rsquo;une activit\u00e9 salari\u00e9e ou non-salari\u00e9e peuvent \u00eatre cumul\u00e9s avec le CEJ dans une certaine mesure. Cependant, le montant de l&rsquo;ACEJ peut \u00eatre ajust\u00e9 en fonction du niveau de revenu per\u00e7u.<\/li>\n<li><strong>Indemnit\u00e9s compl\u00e9mentaires :<\/strong> certaines indemnit\u00e9s compl\u00e9mentaires, telles que les primes de transport ou les indemnit\u00e9s kilom\u00e9triques, peuvent \u00eatre partiellement cumul\u00e9es avec le CEJ, mais leur impact sur l\u2019allocation peut \u00eatre limit\u00e9 ou conditionn\u00e9 \u00e0 certaines restrictions.<\/li>\n<li><strong>Bourses d&rsquo;\u00e9tudes :<\/strong> les bourses d&rsquo;\u00e9tudes peuvent \u00eatre partiellement cumul\u00e9es avec le CEJ, mais leur impact sur l\u2019allocation peut d\u00e9pendre du montant et du statut du b\u00e9n\u00e9ficiaire (\u00e9tudiant ou apprenti).<\/li>\n<\/ol>\n<div class='cta-block'><div class='text'>Simulez votre \u00e9ligibilit\u00e9 au CEJ en 2 min. Gratuit.<\/div><a href='https:\/\/www.mes-allocs.fr\/ab-app?origin=guides\/wp-json\/wp\/v2\/posts\/78885' class='app-button fit'>Simulation gratuite<\/a><\/div>\n<p>&nbsp;<\/p>\n","protected":false},"excerpt":{"rendered":"<p>Dans le cadre de sa mission d&rsquo;accompagnement des jeunes vers l&#8217;emploi et l&rsquo;autonomie, le Contrat Engagement Jeune (CEJ) offre une opportunit\u00e9 pr\u00e9cieuse aux jeunes \u00e2g\u00e9s de 16 \u00e0 25 ans (et jusqu&rsquo;\u00e0 30 ans pour les jeunes en situation de handicap) pour int\u00e9grer le march\u00e9 du travail et b\u00e9n\u00e9ficier d&rsquo;un parcours professionnel adapt\u00e9 \u00e0 leurs [&hellip;]<\/p>\n","protected":false},"author":26,"featured_media":74616,"comment_status":"open","ping_status":"open","sticky":false,"template":"","format":"standard","meta":{"amp_status":"","footnotes":""},"categories":[30057],"tags":[],"class_list":["post-78885","post","type-post","status-publish","format-standard","has-post-thumbnail","hentry","category-contrat-engagement-jeune"],"yoast_head":"<!-- This site is optimized with the Yoast SEO plugin v14.9 - https:\/\/yoast.com\/wordpress\/plugins\/seo\/ -->\n<title>Quelles aides cumulables avec le Contrat Engagement Jeune (CEJ) ?<\/title>\n<meta name=\"description\" content=\"Cet article a pour objectif de pr\u00e9senter les diff\u00e9rentes aides cumulables avec le CEJ, afin d&#039;\u00e9clairer les b\u00e9n\u00e9ficiaires.\" \/>\n<meta name=\"robots\" content=\"index, follow, max-snippet:-1, max-image-preview:large, max-video-preview:-1\" \/>\n<link rel=\"canonical\" href=\"https:\/\/www.mes-allocs.fr\/guides\/contrat-engagement-jeune\/contrat-engagement-jeune-cumulable\/\" \/>\n<meta property=\"og:locale\" content=\"fr_FR\" \/>\n<meta property=\"og:type\" content=\"article\" \/>\n<meta property=\"og:title\" content=\"Quelles aides cumulables avec le Contrat Engagement Jeune (CEJ) ?\" \/>\n<meta property=\"og:description\" content=\"Cet article a pour objectif de pr\u00e9senter les diff\u00e9rentes aides cumulables avec le CEJ, afin d&#039;\u00e9clairer les b\u00e9n\u00e9ficiaires.\" \/>\n<meta property=\"og:url\" content=\"https:\/\/www.mes-allocs.fr\/guides\/contrat-engagement-jeune\/contrat-engagement-jeune-cumulable\/\" \/>\n<meta property=\"og:site_name\" content=\"Mes-Allocs.fr\" \/>\n<meta property=\"article:published_time\" content=\"2024-05-15T15:38:59+00:00\" \/>\n<meta property=\"article:modified_time\" content=\"2026-04-22T09:53:11+00:00\" \/>\n<meta property=\"og:image\" content=\"https:\/\/www.mes-allocs.fr\/guides\/wp-content\/uploads\/2023\/12\/allocation-CEJ-2-e1716378555576.png?wsr\" \/>\n\t<meta property=\"og:image:width\" content=\"311\" \/>\n\t<meta property=\"og:image:height\" content=\"106\" \/>\n<meta name=\"twitter:card\" content=\"summary_large_image\" \/>\n<script type=\"application\/ld+json\" class=\"yoast-schema-graph\">{\"@context\":\"https:\/\/schema.org\",\"@graph\":[{\"@type\":\"WebSite\",\"@id\":\"https:\/\/www.mes-allocs.fr\/guides\/#website\",\"url\":\"https:\/\/www.mes-allocs.fr\/guides\/\",\"name\":\"Mes-Allocs.fr\",\"description\":\"\",\"potentialAction\":[{\"@type\":\"SearchAction\",\"target\":\"https:\/\/www.mes-allocs.fr\/guides\/?s={search_term_string}\",\"query-input\":\"required name=search_term_string\"}],\"inLanguage\":\"fr-FR\"},{\"@type\":\"ImageObject\",\"@id\":\"https:\/\/www.mes-allocs.fr\/guides\/contrat-engagement-jeune\/contrat-engagement-jeune-cumulable\/#primaryimage\",\"inLanguage\":\"fr-FR\",\"url\":\"https:\/\/www.mes-allocs.fr\/guides\/wp-content\/uploads\/2023\/12\/allocation-CEJ-2-e1716378555576.png?wsr\",\"width\":311,\"height\":106,\"caption\":\"contrat engagement jeune cumulable\"},{\"@type\":\"WebPage\",\"@id\":\"https:\/\/www.mes-allocs.fr\/guides\/contrat-engagement-jeune\/contrat-engagement-jeune-cumulable\/#webpage\",\"url\":\"https:\/\/www.mes-allocs.fr\/guides\/contrat-engagement-jeune\/contrat-engagement-jeune-cumulable\/\",\"name\":\"Quelles aides cumulables avec le Contrat Engagement Jeune (CEJ) ?\",\"isPartOf\":{\"@id\":\"https:\/\/www.mes-allocs.fr\/guides\/#website\"},\"primaryImageOfPage\":{\"@id\":\"https:\/\/www.mes-allocs.fr\/guides\/contrat-engagement-jeune\/contrat-engagement-jeune-cumulable\/#primaryimage\"},\"datePublished\":\"2024-05-15T15:38:59+00:00\",\"dateModified\":\"2026-04-22T09:53:11+00:00\",\"author\":{\"@id\":\"https:\/\/www.mes-allocs.fr\/guides\/#\/schema\/person\/9c38f3be41a0ddcd1e3fde5a3df713bf\"},\"description\":\"Cet article a pour objectif de pr\\u00e9senter les diff\\u00e9rentes aides cumulables avec le CEJ, afin d'\\u00e9clairer les b\\u00e9n\\u00e9ficiaires.\",\"inLanguage\":\"fr-FR\"},{\"@type\":\"Person\",\"@id\":\"https:\/\/www.mes-allocs.fr\/guides\/#\/schema\/person\/9c38f3be41a0ddcd1e3fde5a3df713bf\",\"name\":\"Sessime Ananou\",\"image\":{\"@type\":\"ImageObject\",\"@id\":\"https:\/\/www.mes-allocs.fr\/guides\/#personlogo\",\"inLanguage\":\"fr-FR\",\"url\":\"https:\/\/www.mes-allocs.fr\/guides\/wp-content\/uploads\/2023\/08\/IMG_8173-150x150.jpg\",\"caption\":\"Sessime Ananou\"},\"description\":\"Sessime est r\\u00e9dactrice chez Mes Allocs, sp\\u00e9cialis\\u00e9e sur le pouvoir d'achat. Elle rejoint l'\\u00e9quipe Mes Allocs en ao\\u00fbt 2023 afin de simplifier l'acc\\u00e8s \\u00e0 l'information sur les aides en g\\u00e9n\\u00e9ral.\"}]}<\/script>\n<!-- \/ Yoast SEO plugin. -->","amp_validity":null,"acf":{"faq":{"1":{"question":"Quelles sont les aides pouvant \u00eatre cumul\u00e9es avec le CEJ ?","answer":" Le CEJ peut \u00eatre cumul\u00e9 avec diverses aides telles que la Prime d'Activit\u00e9, les aides au logement, les aides \u00e0 la mobilit\u00e9, etc."},"2":{"question":"Le CEJ est-il cumulable avec le RSA ?","answer":"Oui, le CEJ peut \u00eatre cumul\u00e9 avec le Revenu de Solidarit\u00e9 Active (RSA) sous certaines conditions."},"3":{"question":"Peut-on cumuler le CEJ avec les aides \u00e0 la formation professionnelle ?","answer":"Oui, le CEJ peut \u00eatre cumul\u00e9 avec des dispositifs de financement de la formation professionnelle comme le CPF (Compte Personnel de Formation).\r\n"},"4":{"question":"Est-il possible de cumuler le CEJ avec des aides sp\u00e9cifiques \u00e0 la cr\u00e9ation d'entreprise ?","answer":"Oui, sous certaines conditions, le CEJ peut \u00eatre cumul\u00e9 avec des aides destin\u00e9es \u00e0 soutenir la cr\u00e9ation ou la reprise d'entreprise, telles que l'ACRE (Aide aux Cr\u00e9ateurs et Repreneurs d'Entreprise)."},"5":{"question":"Le CEJ est-il compatible avec les dispositifs d'aide \u00e0 la mobilit\u00e9 professionnelle ?","answer":"Le CEJ est-il compatible avec les dispositifs d'aide \u00e0 la mobilit\u00e9 professionnelle ?"},"6":{"question":"Y a-t-il des aides sp\u00e9cifiques pour les jeunes en situation de handicap cumulables avec le CEJ ?","answer":"Oui, certains dispositifs d'aide sont sp\u00e9cifiquement destin\u00e9s aux jeunes en situation de handicap et peuvent \u00eatre cumul\u00e9s avec le CEJ pour favoriser leur insertion professionnelle."},"7":{"question":"","answer":""},"8":{"question":"","answer":""},"9":{"question":"","answer":""},"10":{"question":"","answer":""},"11":{"question":"","answer":""},"12":{"question":"","answer":""},"13":{"question":"","answer":""},"14":{"question":"","answer":""},"15":{"question":"","answer":""},"16":{"question":"","answer":""}}},"_links":{"self":[{"href":"https:\/\/www.mes-allocs.fr\/guides\/wp-json\/wp\/v2\/posts\/78885","targetHints":{"allow":["GET"]}}],"collection":[{"href":"https:\/\/www.mes-allocs.fr\/guides\/wp-json\/wp\/v2\/posts"}],"about":[{"href":"https:\/\/www.mes-allocs.fr\/guides\/wp-json\/wp\/v2\/types\/post"}],"author":[{"embeddable":true,"href":"https:\/\/www.mes-allocs.fr\/guides\/wp-json\/wp\/v2\/users\/26"}],"replies":[{"embeddable":true,"href":"https:\/\/www.mes-allocs.fr\/guides\/wp-json\/wp\/v2\/comments?post=78885"}],"version-history":[{"count":6,"href":"https:\/\/www.mes-allocs.fr\/guides\/wp-json\/wp\/v2\/posts\/78885\/revisions"}],"predecessor-version":[{"id":79331,"href":"https:\/\/www.mes-allocs.fr\/guides\/wp-json\/wp\/v2\/posts\/78885\/revisions\/79331"}],"wp:featuredmedia":[{"embeddable":true,"href":"https:\/\/www.mes-allocs.fr\/guides\/wp-json\/wp\/v2\/media\/74616"}],"wp:attachment":[{"href":"https:\/\/www.mes-allocs.fr\/guides\/wp-json\/wp\/v2\/media?parent=78885"}],"wp:term":[{"taxonomy":"category","embeddable":true,"href":"https:\/\/www.mes-allocs.fr\/guides\/wp-json\/wp\/v2\/categories?post=78885"},{"taxonomy":"post_tag","embeddable":true,"href":"https:\/\/www.mes-allocs.fr\/guides\/wp-json\/wp\/v2\/tags?post=78885"}],"curies":[{"name":"wp","href":"https:\/\/api.w.org\/{rel}","templated":true}]}}