{"id":78822,"date":"2024-05-15T18:15:22","date_gmt":"2024-05-15T16:15:22","guid":{"rendered":"https:\/\/www.mes-allocs.fr\/guides\/?p=78822"},"modified":"2026-04-22T10:53:11","modified_gmt":"2026-04-22T09:53:11","slug":"cej-laval","status":"publish","type":"post","link":"https:\/\/www.mes-allocs.fr\/guides\/contrat-engagement-jeune\/cej-laval\/","title":{"rendered":"La demande du Contrat d\u2019Engagement Jeune (CEJ) \u00e0 Laval"},"content":{"rendered":"<p><img loading=\"lazy\" decoding=\"async\" class=\"alignnone wp-image-10033 size-full\" title=\"cej laval\" src=\"https:\/\/www.mes-allocs.fr\/guides\/wp-content\/uploads\/2019\/07\/La_Mayenne_a\u0300_Laval-scaled-e1594888579125.jpg\" alt=\"cej laval\" width=\"2560\" height=\"940\" srcset=\"https:\/\/www.mes-allocs.fr\/guides\/wp-content\/uploads\/2019\/07\/La_Mayenne_a\u0300_Laval-scaled-e1594888579125.jpg 2560w, https:\/\/www.mes-allocs.fr\/guides\/wp-content\/uploads\/2019\/07\/La_Mayenne_a\u0300_Laval-scaled-e1594888579125-300x110.jpg 300w, https:\/\/www.mes-allocs.fr\/guides\/wp-content\/uploads\/2019\/07\/La_Mayenne_a\u0300_Laval-scaled-e1594888579125-1024x376.jpg 1024w, https:\/\/www.mes-allocs.fr\/guides\/wp-content\/uploads\/2019\/07\/La_Mayenne_a\u0300_Laval-scaled-e1594888579125-768x282.jpg 768w, https:\/\/www.mes-allocs.fr\/guides\/wp-content\/uploads\/2019\/07\/La_Mayenne_a\u0300_Laval-scaled-e1594888579125-1536x564.jpg 1536w, https:\/\/www.mes-allocs.fr\/guides\/wp-content\/uploads\/2019\/07\/La_Mayenne_a\u0300_Laval-scaled-e1594888579125-2048x752.jpg 2048w, https:\/\/www.mes-allocs.fr\/guides\/wp-content\/uploads\/2019\/07\/La_Mayenne_a\u0300_Laval-scaled-e1594888579125-600x220.jpg 600w\" sizes=\"auto, (max-width: 2560px) 100vw, 2560px\" \/><\/p>\n<div class=\"flex-1 overflow-hidden\">\n<div class=\"react-scroll-to-bottom--css-pklus-79elbk h-full\">\n<div class=\"react-scroll-to-bottom--css-pklus-1n7m0yu\">\n<div class=\"flex flex-col text-sm pb-9\">\n<div class=\"w-full text-token-text-primary\" dir=\"auto\" data-testid=\"conversation-turn-67\" data-scroll-anchor=\"true\">\n<div class=\"py-2 px-3 text-base md:px-4 m-auto md:px-5 lg:px-1 xl:px-5\">\n<div class=\"mx-auto flex flex-1 gap-3 text-base juice:gap-4 juice:md:gap-6 md:max-w-3xl lg:max-w-[40rem] xl:max-w-[48rem]\">\n<div class=\"relative flex w-full min-w-0 flex-col agent-turn\">\n<div class=\"flex-col gap-1 md:gap-3\">\n<div class=\"flex flex-grow flex-col max-w-full\">\n<div class=\"min-h-[20px] text-message flex flex-col items-start whitespace-pre-wrap break-words [.text-message+&amp;]:mt-5 juice:w-full juice:items-end overflow-x-auto gap-3\" dir=\"auto\" data-message-author-role=\"assistant\" data-message-id=\"8dec9831-eb22-4cdc-8d9a-2a88e5d3b5c1\">\n<div class=\"markdown prose w-full break-words dark:prose-invert dark\">\n<p><strong>Dans le contexte socio-\u00e9conomique de Laval, l&rsquo;int\u00e9gration des jeunes sur le march\u00e9 du travail constitue un d\u00e9fi majeur. Pour r\u00e9pondre \u00e0 cette probl\u00e9matique, le <a href=\"https:\/\/www.mes-allocs.fr\/guides\/contrat-engagement-jeune\/\">Contrat d\u2019Engagement Jeune (CEJ)<\/a> \u00e9merge comme une initiative strat\u00e9gique. L&rsquo;objectif est d&rsquo;adresser de mani\u00e8re cibl\u00e9e les besoins sp\u00e9cifiques des jeunes et du march\u00e9 de l&#8217;emploi local. Cette \u00e9tude se propose d&rsquo;explorer en d\u00e9tail le CEJ \u00e0 Laval, en examinant ses objectifs, son fonctionnement, ainsi que ses impacts sur les jeunes et sur la dynamique \u00e9conomique de la ville.<\/strong><\/p>\n<\/div>\n<\/div>\n<\/div>\n<\/div>\n<\/div>\n<\/div>\n<\/div>\n<\/div>\n<\/div>\n<\/div>\n<\/div>\n<\/div>\n<div class='cta-block'><div class='text'>Simulez votre \u00e9ligibilit\u00e9 au CEJ en 2 min. Gratuit.<\/div><a href='https:\/\/www.mes-allocs.fr\/ab-app?origin=guides\/wp-json\/wp\/v2\/posts\/78822' class='app-button fit'>Simulation gratuite<\/a><\/div>\n<div class=\"min-h-[20px] text-message flex flex-col items-start whitespace-pre-wrap break-words [.text-message+&amp;]:mt-5 juice:w-full juice:items-end overflow-x-auto gap-3\" dir=\"auto\" data-message-author-role=\"assistant\" data-message-id=\"08981079-d2c4-4ce5-ba6b-043d153a2b5a\">\n<div class=\"markdown prose w-full break-words dark:prose-invert dark\">\n<h1>Pr\u00e9sentation du Contrat d\u2019Engagement Jeune (CEJ) \u00e0 Laval<\/h1>\n<h2>D\u00e9finition et objectifs du CEJ<\/h2>\n<p>Le Contrat d\u2019Engagement Jeune (CEJ) \u00e0 Laval est un dispositif destin\u00e9 \u00e0 faciliter l&rsquo;insertion professionnelle des jeunes de 16 \u00e0 25 ans (30 ans pour les jeunes en situation de handicap). Son objectif principal est de proposer des opportunit\u00e9s d&#8217;emploi et de formation adapt\u00e9es aux besoins sp\u00e9cifiques des jeunes, dans le but de favoriser leur int\u00e9gration durable sur le march\u00e9 du travail. Le CEJ vise ainsi \u00e0 contribuer \u00e0 la r\u00e9duction du ch\u00f4mage des jeunes en leur offrant des parcours personnalis\u00e9s d&rsquo;insertion professionnelle.<\/p>\n<p><iframe loading=\"lazy\" title=\"Le Contrat d&#039;Engagement Jeune (CEJ)\" width=\"500\" height=\"375\" src=\"https:\/\/www.youtube.com\/embed\/f_Hf5LBMHeQ?feature=oembed\" frameborder=\"0\" allow=\"accelerometer; autoplay; clipboard-write; encrypted-media; gyroscope; picture-in-picture; web-share\" referrerpolicy=\"strict-origin-when-cross-origin\" allowfullscreen><\/iframe><\/p>\n<h2>Le cadre l\u00e9gal et institutionnel du CEJ \u00e0 Laval<\/h2>\n<p>Le CEJ \u00e0 Laval s&rsquo;inscrit dans un cadre l\u00e9gal d\u00e9fini par le Code du travail et les politiques publiques en faveur de l&#8217;emploi des jeunes. Il b\u00e9n\u00e9ficie du soutien des autorit\u00e9s locales, telles que la mairie de Laval et la r\u00e9gion Pays de la Loire, qui \u0153uvrent pour son d\u00e9veloppement et sa promotion. La mise en \u0153uvre du CEJ est \u00e9galement assur\u00e9e en collaboration avec des institutions telles que la Mission Locale, P\u00f4le Emploi, les entreprises locales et les centres de formation professionnelle.<\/p>\n<h2>Les acteurs impliqu\u00e9s dans la mise en \u0153uvre du CEJ \u00e0 Laval<\/h2>\n<p>Plusieurs acteurs locaux sont impliqu\u00e9s dans la mise en \u0153uvre du CEJ \u00e0 Laval. Parmi eux, on compte la Mission Locale, qui assure l&rsquo;accompagnement personnalis\u00e9 des jeunes tout au long de leur parcours d&rsquo;insertion professionnelle en proposant des services d&rsquo;orientation, de conseil en recherche d&#8217;emploi et de formation. P\u00f4le Emploi joue \u00e9galement un r\u00f4le essentiel en facilitant l&rsquo;acc\u00e8s des jeunes \u00e0 l&#8217;emploi et \u00e0 la formation, en proposant des offres d&#8217;emploi et en assurant un suivi r\u00e9gulier des demandeurs d&#8217;emploi. Les entreprises locales partenaires du CEJ sont \u00e9galement des acteurs cl\u00e9s, en proposant des offres d&#8217;emploi et de formation adapt\u00e9es aux besoins des jeunes et en s&rsquo;engageant \u00e0 les accompagner dans leur insertion professionnelle. Enfin, les collectivit\u00e9s locales et r\u00e9gionales fournissent un soutien financier et logistique essentiel pour assurer le bon fonctionnement du CEJ \u00e0 Laval, en allouant des ressources et en promouvant activement le programme aupr\u00e8s des jeunes et des entreprises locales.<\/p>\n<\/div>\n<\/div>\n<h1>La proc\u00e9dure de demande du Contrat d\u2019Engagement Jeune (CEJ) \u00e0 Laval<\/h1>\n<p>Les <a href=\"https:\/\/www.mes-allocs.fr\/guides\/contrat-engagement-jeune\/demarches-cej\/\">d\u00e9marches du CEJ<\/a> varient dans chaque r\u00e9gion.<\/p>\n<h2><strong>Information et orientation <\/strong><\/h2>\n<p>Les jeunes int\u00e9ress\u00e9s par le CEJ \u00e0 Laval peuvent d&rsquo;abord se renseigner aupr\u00e8s de la Mission Locale de Laval, de P\u00f4le Emploi ou d&rsquo;autres structures d&rsquo;accompagnement des jeunes. Ces organismes fournissent des informations d\u00e9taill\u00e9es sur les opportunit\u00e9s offertes par le CEJ, les crit\u00e8res d&rsquo;\u00e9ligibilit\u00e9, ainsi que les modalit\u00e9s de candidature. Les conseillers de ces structures peuvent \u00e9galement aider les jeunes \u00e0 identifier les offres d&#8217;emploi et de formation correspondant \u00e0 leurs comp\u00e9tences et \u00e0 leurs aspirations professionnelles.<\/p>\n<h2><strong>Candidature et s\u00e9lection <\/strong><\/h2>\n<p>Une fois inform\u00e9s des opportunit\u00e9s disponibles, les jeunes peuvent proc\u00e9der \u00e0 la candidature pour le CEJ \u00e0 Laval. Ils doivent g\u00e9n\u00e9ralement soumettre leur candidature en envoyant un CV et une lettre de motivation aux entreprises partenaires du CEJ ou en r\u00e9pondant aux offres d&#8217;emploi et de formation publi\u00e9es par la Mission Locale ou P\u00f4le Emploi. Ensuite, les candidats peuvent \u00eatre invit\u00e9s \u00e0 participer \u00e0 des entretiens de s\u00e9lection pour \u00e9valuer leur ad\u00e9quation avec le poste ou la formation propos\u00e9e. Une fois s\u00e9lectionn\u00e9s, les jeunes peuvent entamer leur parcours d&rsquo;insertion professionnelle sous contrat avec l&rsquo;entreprise ou l&rsquo;organisme de formation partenaire du CEJ.<\/p>\n<h1>L&rsquo;impact du CEJ sur l&#8217;emploi des jeunes \u00e0 Laval<\/h1>\n<h2><strong>R\u00e9duction du Ch\u00f4mage et Insertion Professionnelle\u00a0<\/strong><\/h2>\n<p>Le CEJ contribue activement \u00e0 la r\u00e9duction du taux de ch\u00f4mage des jeunes \u00e0 Laval en leur offrant des opportunit\u00e9s d&#8217;emploi et de formation adapt\u00e9es \u00e0 leurs besoins et \u00e0 leurs comp\u00e9tences. En facilitant leur acc\u00e8s au march\u00e9 du travail, le CEJ favorise leur insertion professionnelle en leur permettant d&rsquo;acqu\u00e9rir une premi\u00e8re exp\u00e9rience significative et en d\u00e9veloppant leurs comp\u00e9tences professionnelles. Cette insertion professionnelle permet aux jeunes de s&rsquo;int\u00e9grer durablement dans le monde du travail et de contribuer activement \u00e0 l&rsquo;\u00e9conomie locale.<\/p>\n<h2><strong>Renforcement de l&rsquo;Employabilit\u00e9 et Dynamisation de l&rsquo;\u00c9conomie Locale <\/strong><\/h2>\n<p>Par le biais de formations professionnelles adapt\u00e9es et de programmes d&rsquo;accompagnement personnalis\u00e9s, le CEJ renforce l&#8217;employabilit\u00e9 des jeunes \u00e0 Laval. En d\u00e9veloppant leurs comp\u00e9tences techniques et transversales, le CEJ les pr\u00e9pare efficacement aux exigences du march\u00e9 du travail local et les rend plus comp\u00e9titifs. Cette am\u00e9lioration de l&#8217;employabilit\u00e9 contribue \u00e0 dynamiser l&rsquo;\u00e9conomie locale en fournissant aux entreprises des jeunes qualifi\u00e9s et motiv\u00e9s, pr\u00eats \u00e0 r\u00e9pondre aux besoins en main-d&rsquo;\u0153uvre et \u00e0 participer \u00e0 la croissance \u00e9conomique de la ville.<\/p>\n<h1>Que faire \u00e0 Laval ?<\/h1>\n<p>\u00c0 Laval, il y a une multitude d&rsquo;activit\u00e9s et d&rsquo;endroits \u00e0 d\u00e9couvrir pour tous les go\u00fbts et toutes les envies. Voici quelques suggestions :<\/p>\n<ol>\n<li><strong>Visiter le Vieux Laval :<\/strong> fl\u00e2nez dans les rues pittoresques du Vieux Laval et d\u00e9couvrez son patrimoine historique, ses maisons \u00e0 colombages et ses charmantes places. Ne manquez pas la visite du Ch\u00e2teau de Laval, symbole de la ville.<\/li>\n<li><strong>Explorer les Jardins de la Perrine :<\/strong> profitez d&rsquo;une balade paisible dans les Jardins de la Perrine, offrant une vue panoramique sur la ville et la rivi\u00e8re Mayenne. Ces jardins botaniques sont parfaits pour se d\u00e9tendre et se ressourcer en pleine nature.<\/li>\n<li><strong>D\u00e9couvrir l&rsquo;Art et la Culture :<\/strong> laval regorge de mus\u00e9es et de galeries d&rsquo;art, comme le Mus\u00e9e du Vieux-Ch\u00e2teau et le Mus\u00e9e d&rsquo;Art Na\u00eff. Assistez \u00e0 des expositions temporaires ou explorez les collections permanentes pour en apprendre davantage sur l&rsquo;histoire et la culture de la r\u00e9gion.<\/li>\n<li><strong>Se Promener le Long de la Mayenne :<\/strong> profitez des berges am\u00e9nag\u00e9es de la Mayenne pour faire une balade \u00e0 pied ou \u00e0 v\u00e9lo. Les chemins de halage offrent des paysages magnifiques et des espaces de loisirs id\u00e9aux pour pique-niquer en famille ou entre amis.<\/li>\n<li><strong>Go\u00fbter \u00e0 la Gastronomie Locale :<\/strong> ne manquez pas l&rsquo;occasion de d\u00e9guster les sp\u00e9cialit\u00e9s culinaires de la r\u00e9gion, comme le pr\u00e9fou, le rillauds, ou encore les fromages locaux. Les restaurants et les march\u00e9s de produits frais sont nombreux \u00e0 Laval pour satisfaire toutes les papilles.<\/li>\n<li><strong>Assister \u00e0 des \u00c9v\u00e9nements Culturels :<\/strong> consultez le calendrier des \u00e9v\u00e9nements culturels et festifs de Laval, qui propose tout au long de l&rsquo;ann\u00e9e des spectacles, des concerts, des festivals et des animations pour tous les \u00e2ges et tous les go\u00fbts.<\/li>\n<\/ol>\n<p>Que vous soyez amateur d&rsquo;histoire, de nature, d&rsquo;art ou de gastronomie, Laval offre une multitude d&rsquo;activit\u00e9s pour vous divertir et vous \u00e9merveiller.<\/p>\n<p>&nbsp;<\/p>\n<div class='cta-block'><div class='text'>Simulez votre \u00e9ligibilit\u00e9 au CEJ en 2 min. Gratuit.<\/div><a href='https:\/\/www.mes-allocs.fr\/ab-app?origin=guides\/wp-json\/wp\/v2\/posts\/78822' class='app-button fit'>Simulation gratuite<\/a><\/div>\n","protected":false},"excerpt":{"rendered":"<p>Dans le contexte socio-\u00e9conomique de Laval, l&rsquo;int\u00e9gration des jeunes sur le march\u00e9 du travail constitue un d\u00e9fi majeur. Pour r\u00e9pondre \u00e0 cette probl\u00e9matique, le Contrat d\u2019Engagement Jeune (CEJ) \u00e9merge comme une initiative strat\u00e9gique. L&rsquo;objectif est d&rsquo;adresser de mani\u00e8re cibl\u00e9e les besoins sp\u00e9cifiques des jeunes et du march\u00e9 de l&#8217;emploi local. Cette \u00e9tude se propose d&rsquo;explorer [&hellip;]<\/p>\n","protected":false},"author":26,"featured_media":0,"comment_status":"open","ping_status":"open","sticky":false,"template":"","format":"standard","meta":{"amp_status":"","footnotes":""},"categories":[30057,33441],"tags":[],"class_list":["post-78822","post","type-post","status-publish","format-standard","hentry","category-contrat-engagement-jeune","category-demarches-cej"],"yoast_head":"<!-- This site is optimized with the Yoast SEO plugin v14.9 - https:\/\/yoast.com\/wordpress\/plugins\/seo\/ -->\n<title>La demande du Contrat d\u2019Engagement Jeune (CEJ) \u00e0 Laval | Mes-Allocs.fr<\/title>\n<meta name=\"description\" content=\"Vous \u00eates r\u00e9sident de Laval et vous souhaitez connaitre les d\u00e9marches pour b\u00e9n\u00e9ficier du CEJ ? Mes Allocs vous explique !\" \/>\n<meta name=\"robots\" content=\"index, follow, max-snippet:-1, max-image-preview:large, max-video-preview:-1\" \/>\n<link rel=\"canonical\" href=\"https:\/\/www.mes-allocs.fr\/guides\/contrat-engagement-jeune\/cej-laval\/\" \/>\n<meta property=\"og:locale\" content=\"fr_FR\" \/>\n<meta property=\"og:type\" content=\"article\" \/>\n<meta property=\"og:title\" content=\"La demande du Contrat d\u2019Engagement Jeune (CEJ) \u00e0 Laval | Mes-Allocs.fr\" \/>\n<meta property=\"og:description\" content=\"Vous \u00eates r\u00e9sident de Laval et vous souhaitez connaitre les d\u00e9marches pour b\u00e9n\u00e9ficier du CEJ ? Mes Allocs vous explique !\" \/>\n<meta property=\"og:url\" content=\"https:\/\/www.mes-allocs.fr\/guides\/contrat-engagement-jeune\/cej-laval\/\" \/>\n<meta property=\"og:site_name\" content=\"Mes-Allocs.fr\" \/>\n<meta property=\"article:published_time\" content=\"2024-05-15T16:15:22+00:00\" \/>\n<meta property=\"article:modified_time\" content=\"2026-04-22T09:53:11+00:00\" \/>\n<meta property=\"og:image\" content=\"https:\/\/www.mes-allocs.fr\/guides\/wp-content\/uploads\/2019\/07\/La_Mayenne_a\u0300_Laval-scaled-e1594888579125.jpg\" \/>\n<meta name=\"twitter:card\" content=\"summary_large_image\" \/>\n<script type=\"application\/ld+json\" class=\"yoast-schema-graph\">{\"@context\":\"https:\/\/schema.org\",\"@graph\":[{\"@type\":\"WebSite\",\"@id\":\"https:\/\/www.mes-allocs.fr\/guides\/#website\",\"url\":\"https:\/\/www.mes-allocs.fr\/guides\/\",\"name\":\"Mes-Allocs.fr\",\"description\":\"\",\"potentialAction\":[{\"@type\":\"SearchAction\",\"target\":\"https:\/\/www.mes-allocs.fr\/guides\/?s={search_term_string}\",\"query-input\":\"required name=search_term_string\"}],\"inLanguage\":\"fr-FR\"},{\"@type\":\"ImageObject\",\"@id\":\"https:\/\/www.mes-allocs.fr\/guides\/contrat-engagement-jeune\/cej-laval\/#primaryimage\",\"inLanguage\":\"fr-FR\",\"url\":\"https:\/\/www.mes-allocs.fr\/guides\/wp-content\/uploads\/2019\/07\/La_Mayenne_a\\u0300_Laval-scaled-e1594888579125.jpg?wsr\",\"width\":2560,\"height\":940,\"caption\":\"cej laval\"},{\"@type\":\"WebPage\",\"@id\":\"https:\/\/www.mes-allocs.fr\/guides\/contrat-engagement-jeune\/cej-laval\/#webpage\",\"url\":\"https:\/\/www.mes-allocs.fr\/guides\/contrat-engagement-jeune\/cej-laval\/\",\"name\":\"La demande du Contrat d\\u2019Engagement Jeune (CEJ) \\u00e0 Laval | Mes-Allocs.fr\",\"isPartOf\":{\"@id\":\"https:\/\/www.mes-allocs.fr\/guides\/#website\"},\"primaryImageOfPage\":{\"@id\":\"https:\/\/www.mes-allocs.fr\/guides\/contrat-engagement-jeune\/cej-laval\/#primaryimage\"},\"datePublished\":\"2024-05-15T16:15:22+00:00\",\"dateModified\":\"2026-04-22T09:53:11+00:00\",\"author\":{\"@id\":\"https:\/\/www.mes-allocs.fr\/guides\/#\/schema\/person\/9c38f3be41a0ddcd1e3fde5a3df713bf\"},\"description\":\"Vous \\u00eates r\\u00e9sident de Laval et vous souhaitez connaitre les d\\u00e9marches pour b\\u00e9n\\u00e9ficier du CEJ ? Mes Allocs vous explique !\",\"inLanguage\":\"fr-FR\"},{\"@type\":\"Person\",\"@id\":\"https:\/\/www.mes-allocs.fr\/guides\/#\/schema\/person\/9c38f3be41a0ddcd1e3fde5a3df713bf\",\"name\":\"Sessime Ananou\",\"image\":{\"@type\":\"ImageObject\",\"@id\":\"https:\/\/www.mes-allocs.fr\/guides\/#personlogo\",\"inLanguage\":\"fr-FR\",\"url\":\"https:\/\/www.mes-allocs.fr\/guides\/wp-content\/uploads\/2023\/08\/IMG_8173-150x150.jpg\",\"caption\":\"Sessime Ananou\"},\"description\":\"Sessime est r\\u00e9dactrice chez Mes Allocs, sp\\u00e9cialis\\u00e9e sur le pouvoir d'achat. Elle rejoint l'\\u00e9quipe Mes Allocs en ao\\u00fbt 2023 afin de simplifier l'acc\\u00e8s \\u00e0 l'information sur les aides en g\\u00e9n\\u00e9ral.\"}]}<\/script>\n<!-- \/ Yoast SEO plugin. -->","amp_validity":null,"acf":{"faq":{"1":{"question":"","answer":""},"2":{"question":"","answer":""},"3":{"question":"","answer":""},"4":{"question":"","answer":""},"5":{"question":"","answer":""},"6":{"question":"","answer":""},"7":{"question":"","answer":""},"8":{"question":"","answer":""},"9":{"question":"","answer":""},"10":{"question":"","answer":""},"11":{"question":"","answer":""},"12":{"question":"","answer":""},"13":{"question":"","answer":""},"14":{"question":"","answer":""},"15":{"question":"","answer":""},"16":{"question":"","answer":""}}},"_links":{"self":[{"href":"https:\/\/www.mes-allocs.fr\/guides\/wp-json\/wp\/v2\/posts\/78822","targetHints":{"allow":["GET"]}}],"collection":[{"href":"https:\/\/www.mes-allocs.fr\/guides\/wp-json\/wp\/v2\/posts"}],"about":[{"href":"https:\/\/www.mes-allocs.fr\/guides\/wp-json\/wp\/v2\/types\/post"}],"author":[{"embeddable":true,"href":"https:\/\/www.mes-allocs.fr\/guides\/wp-json\/wp\/v2\/users\/26"}],"replies":[{"embeddable":true,"href":"https:\/\/www.mes-allocs.fr\/guides\/wp-json\/wp\/v2\/comments?post=78822"}],"version-history":[{"count":3,"href":"https:\/\/www.mes-allocs.fr\/guides\/wp-json\/wp\/v2\/posts\/78822\/revisions"}],"predecessor-version":[{"id":79364,"href":"https:\/\/www.mes-allocs.fr\/guides\/wp-json\/wp\/v2\/posts\/78822\/revisions\/79364"}],"wp:attachment":[{"href":"https:\/\/www.mes-allocs.fr\/guides\/wp-json\/wp\/v2\/media?parent=78822"}],"wp:term":[{"taxonomy":"category","embeddable":true,"href":"https:\/\/www.mes-allocs.fr\/guides\/wp-json\/wp\/v2\/categories?post=78822"},{"taxonomy":"post_tag","embeddable":true,"href":"https:\/\/www.mes-allocs.fr\/guides\/wp-json\/wp\/v2\/tags?post=78822"}],"curies":[{"name":"wp","href":"https:\/\/api.w.org\/{rel}","templated":true}]}}