{"id":78791,"date":"2024-05-14T15:42:03","date_gmt":"2024-05-14T13:42:03","guid":{"rendered":"https:\/\/www.mes-allocs.fr\/guides\/?p=78791"},"modified":"2026-04-22T10:53:11","modified_gmt":"2026-04-22T09:53:11","slug":"cej-dijon","status":"publish","type":"post","link":"https:\/\/www.mes-allocs.fr\/guides\/contrat-engagement-jeune\/demarches-cej\/cej-dijon\/","title":{"rendered":"La demande du Contrat d\u2019Engagement Jeune (CEJ) \u00e0 Dijon"},"content":{"rendered":"<p><img loading=\"lazy\" decoding=\"async\" class=\"alignnone wp-image-24286 size-full\" title=\"cej dijon\" src=\"https:\/\/www.mes-allocs.fr\/guides\/wp-content\/uploads\/2021\/04\/dijon-1040662_1280-e1617371920882.jpg\" alt=\"cej dijon\" width=\"1280\" height=\"387\" srcset=\"https:\/\/www.mes-allocs.fr\/guides\/wp-content\/uploads\/2021\/04\/dijon-1040662_1280-e1617371920882.jpg 1280w, https:\/\/www.mes-allocs.fr\/guides\/wp-content\/uploads\/2021\/04\/dijon-1040662_1280-e1617371920882-300x91.jpg 300w, https:\/\/www.mes-allocs.fr\/guides\/wp-content\/uploads\/2021\/04\/dijon-1040662_1280-e1617371920882-1024x310.jpg 1024w, https:\/\/www.mes-allocs.fr\/guides\/wp-content\/uploads\/2021\/04\/dijon-1040662_1280-e1617371920882-768x232.jpg 768w, https:\/\/www.mes-allocs.fr\/guides\/wp-content\/uploads\/2021\/04\/dijon-1040662_1280-e1617371920882-600x181.jpg 600w\" sizes=\"auto, (max-width: 1280px) 100vw, 1280px\" \/><\/p>\n<p><strong>Dans un contexte socio-\u00e9conomique en perp\u00e9tuelle \u00e9volution, l&#8217;emploi des jeunes constitue un enjeu majeur pour la ville de Dijon. Dans cette optique, le <a href=\"https:\/\/www.mes-allocs.fr\/guides\/contrat-engagement-jeune\/\">Contrat d\u2019Engagement Jeune (CEJ)<\/a> se positionne comme une r\u00e9ponse proactive, offrant des opportunit\u00e9s d&#8217;emploi et de formation aux jeunes \u00e2g\u00e9s de 16 \u00e0 25 ans (et jusqu&rsquo;\u00e0 30 ans pour les jeunes en situation de handicap). Cette initiative vise \u00e0 favoriser leur insertion professionnelle en leur proposant des parcours adapt\u00e9s \u00e0 leurs besoins et \u00e0 ceux du march\u00e9 du travail dijonnais. Cet article se propose d&rsquo;explorer les contours et les b\u00e9n\u00e9fices du CEJ \u00e0 Dijon, ainsi que les d\u00e9marches pour y acc\u00e9der.<\/strong><\/p>\n<div class='cta-block'><div class='text'>Simulez votre \u00e9ligibilit\u00e9 au CEJ en 2 min. Gratuit.<\/div><a href='https:\/\/www.mes-allocs.fr\/ab-app?origin=guides\/wp-json\/wp\/v2\/posts\/78791' class='app-button fit'>Simulation gratuite<\/a><\/div>\n<h1>Quelles sont les modalit\u00e9s de mise en \u0153uvre du CEJ \u00e0 Dijon ?<\/h1>\n<h2>Les crit\u00e8res et conditions d&rsquo;\u00e9ligibilit\u00e9 des b\u00e9n\u00e9ficiaires<\/h2>\n<p>Les crit\u00e8res d&rsquo;\u00e9ligibilit\u00e9 pour b\u00e9n\u00e9ficier du Contrat d\u2019Engagement Jeune (CEJ) \u00e0 Dijon sont d\u00e9finis en fonction de l&rsquo;\u00e2ge et de la situation professionnelle des jeunes. G\u00e9n\u00e9ralement, les jeunes \u00e2g\u00e9s de 16 \u00e0 25 ans sont \u00e9ligibles pour participer au CEJ, avec une possibilit\u00e9 d&rsquo;extension jusqu&rsquo;\u00e0 30 ans pour les jeunes en situation de handicap. Les b\u00e9n\u00e9ficiaires potentiels doivent \u00e9galement r\u00e9sider \u00e0 Dijon ou dans ses environs. Les autres crit\u00e8res d&rsquo;\u00e9ligibilit\u00e9 peuvent varier en fonction des exigences sp\u00e9cifiques des offres d&#8217;emploi ou de formation propos\u00e9es dans le cadre du CEJ.<\/p>\n<h2>Quel est le processus de candidature et de s\u00e9lection ?<\/h2>\n<p>Le processus de candidature et de s\u00e9lection pour le CEJ \u00e0 Dijon d\u00e9pend des offres d&#8217;emploi ou de formation disponibles. Les jeunes int\u00e9ress\u00e9s peuvent se renseigner aupr\u00e8s de la Mission Locale de Dijon, de P\u00f4le Emploi ou des entreprises partenaires pour conna\u00eetre les opportunit\u00e9s disponibles et les modalit\u00e9s de candidature. G\u00e9n\u00e9ralement, les jeunes doivent soumettre leur candidature en envoyant un CV et une lettre de motivation, puis participer \u00e0 des entretiens de s\u00e9lection pour \u00e9valuer leur ad\u00e9quation avec le poste ou la formation propos\u00e9e.<\/p>\n<p>Les <a href=\"https:\/\/www.mes-allocs.fr\/guides\/contrat-engagement-jeune\/demarches-cej\/\">d\u00e9marches du CEJ<\/a> varient d&rsquo;un d\u00e9partement \u00e0 un autre.<\/p>\n<h2>Quels sont les types de contrats propos\u00e9s dans le cadre du CEJ ?<\/h2>\n<p>Le CEJ \u00e0 Dijon propose diff\u00e9rents types de contrats en fonction des besoins des jeunes et des entreprises partenaires. Parmi les types de contrats propos\u00e9s, on peut trouver <strong>des contrats \u00e0 dur\u00e9e ind\u00e9termin\u00e9e (CDI)<\/strong>, des contrats \u00e0 dur\u00e9e d\u00e9termin\u00e9e (<strong>CDD) d&rsquo;au moins 12 mois<\/strong>, des contrats en alternance, des contrats de professionnalisation, etc. Ces contrats sont adapt\u00e9s aux comp\u00e9tences et aux aspirations professionnelles des jeunes, ainsi qu&rsquo;aux exigences des entreprises partenaires, afin de favoriser leur insertion professionnelle durable.<\/p>\n<p><iframe loading=\"lazy\" title=\"Le Contrat d&#039;Engagement Jeune (CEJ)\" width=\"500\" height=\"375\" src=\"https:\/\/www.youtube.com\/embed\/f_Hf5LBMHeQ?feature=oembed\" frameborder=\"0\" allow=\"accelerometer; autoplay; clipboard-write; encrypted-media; gyroscope; picture-in-picture; web-share\" referrerpolicy=\"strict-origin-when-cross-origin\" allowfullscreen><\/iframe><\/p>\n<p>&nbsp;<\/p>\n<h1>Les dispositifs d&rsquo;accompagnement et de formation pour les jeunes b\u00e9n\u00e9ficiaires du CEJ \u00e0 Dijon<\/h1>\n<h2>Accompagnement personnalis\u00e9 et suivi des jeunes<\/h2>\n<p>Les jeunes b\u00e9n\u00e9ficiaires du Contrat d\u2019Engagement Jeune (CEJ) \u00e0 Dijon b\u00e9n\u00e9ficient d&rsquo;un accompagnement personnalis\u00e9 tout au long de leur parcours d&rsquo;insertion professionnelle. Ce suivi est assur\u00e9 par la Mission Locale de Dijon et d&rsquo;autres structures partenaires, qui proposent des conseils et un soutien individualis\u00e9 pour aider les jeunes dans leur recherche d&#8217;emploi ou de formation. Les conseillers de la Mission Locale peuvent \u00e9galement aider les jeunes \u00e0 \u00e9laborer un projet professionnel adapt\u00e9 \u00e0 leurs comp\u00e9tences et \u00e0 leurs aspirations.<\/p>\n<h2>Les offres de formation professionnelle et qualifications<\/h2>\n<p>Dans le cadre du CEJ \u00e0 Dijon, les jeunes b\u00e9n\u00e9ficiaires ont acc\u00e8s \u00e0 un large \u00e9ventail d&rsquo;offres de formation professionnelle visant \u00e0 renforcer leurs comp\u00e9tences et \u00e0 accro\u00eetre leur employabilit\u00e9. Ces formations peuvent \u00eatre dispens\u00e9es par des organismes de formation professionnelle, des \u00e9tablissements d&rsquo;enseignement ou des entreprises partenaires. Elles sont con\u00e7ues pour r\u00e9pondre aux besoins sp\u00e9cifiques des jeunes et des secteurs d&rsquo;activit\u00e9 concern\u00e9s, et peuvent conduire \u00e0 l&rsquo;obtention de qualifications professionnelles reconnues.<\/p>\n<h2>Les aides et avantages financiers disponibles pour les jeunes participants<\/h2>\n<p>Les jeunes participants au CEJ \u00e0 Dijon peuvent \u00e9galement b\u00e9n\u00e9ficier d&rsquo;aides et d&rsquo;avantages financiers pour faciliter leur int\u00e9gration dans le monde professionnel. Ces aides peuvent prendre diff\u00e9rentes formes, telles que des subventions pour la mobilit\u00e9 ou l&rsquo;acquisition d&rsquo;\u00e9quipements professionnels, des primes \u00e0 l&#8217;embauche pour les entreprises partenaires, ou des dispositifs d&rsquo;aide au logement ou \u00e0 la garde d&rsquo;enfants. Ces aides sont destin\u00e9es \u00e0 soutenir les jeunes dans leur transition vers l&#8217;emploi et \u00e0 leur offrir des conditions favorables pour r\u00e9ussir leur insertion professionnelle.<\/p>\n<h1>Quels sont les avantages du CEJ pour les jeunes et pour la ville de Dijon ?<\/h1>\n<h2>T\u00e9moignages et retours d&rsquo;exp\u00e9rience des b\u00e9n\u00e9ficiaires du CEJ<\/h2>\n<p>Les t\u00e9moignages et retours d&rsquo;exp\u00e9rience des jeunes b\u00e9n\u00e9ficiaires du Contrat d\u2019Engagement Jeune (CEJ) \u00e0 Dijon permettent de mettre en lumi\u00e8re les impacts positifs du dispositif sur leur parcours professionnel. En partageant leurs r\u00e9ussites, leurs d\u00e9fis surmont\u00e9s et les comp\u00e9tences acquises gr\u00e2ce au CEJ, les jeunes t\u00e9moignent de l&rsquo;importance de cette initiative dans leur insertion professionnelle et leur \u00e9panouissement personnel.<\/p>\n<h2>Les r\u00e9percussions socio-\u00e9conomiques du CEJ sur la jeunesse et la ville<\/h2>\n<p>Le CEJ \u00e0 Dijon a des r\u00e9percussions socio-\u00e9conomiques positives tant pour la jeunesse que pour la ville dans son ensemble. En offrant des opportunit\u00e9s d&#8217;emploi et de formation aux jeunes, le CEJ contribue \u00e0 r\u00e9duire le taux de ch\u00f4mage des jeunes et \u00e0 renforcer leur employabilit\u00e9. De plus, en favorisant l&rsquo;insertion professionnelle des jeunes, le CEJ participe au dynamisme \u00e9conomique de la ville en r\u00e9pondant aux besoins en main-d&rsquo;\u0153uvre des entreprises locales.<\/p>\n<h2>Les perspectives d&rsquo;\u00e9volution et d&rsquo;am\u00e9lioration du dispositif<\/h2>\n<p>Pour assurer la p\u00e9rennit\u00e9 et l&rsquo;efficacit\u00e9 du CEJ \u00e0 Dijon, il est important de prendre en compte les perspectives d&rsquo;\u00e9volution et d&rsquo;am\u00e9lioration du dispositif. Cela peut inclure la mise en place de nouveaux partenariats avec des entreprises ou des organismes de formation, l&rsquo;adaptation des offres de formation aux besoins du march\u00e9 du travail, ou encore le renforcement des dispositifs d&rsquo;accompagnement personnalis\u00e9 pour les jeunes b\u00e9n\u00e9ficiaires. En continuant \u00e0 \u00e9valuer et \u00e0 ajuster le dispositif en fonction des besoins et des retours d&rsquo;exp\u00e9rience des diff\u00e9rents acteurs impliqu\u00e9s, le CEJ \u00e0 Dijon pourra continuer \u00e0 jouer un r\u00f4le essentiel dans l&rsquo;insertion professionnelle des jeunes et dans le d\u00e9veloppement \u00e9conomique de la ville.<\/p>\n<p>&nbsp;<\/p>\n<div class='cta-block'><div class='text'>Simulez votre \u00e9ligibilit\u00e9 au CEJ en 2 min. Gratuit.<\/div><a href='https:\/\/www.mes-allocs.fr\/ab-app?origin=guides\/wp-json\/wp\/v2\/posts\/78791' class='app-button fit'>Simulation gratuite<\/a><\/div>\n","protected":false},"excerpt":{"rendered":"<p>Dans un contexte socio-\u00e9conomique en perp\u00e9tuelle \u00e9volution, l&#8217;emploi des jeunes constitue un enjeu majeur pour la ville de Dijon. Dans cette optique, le Contrat d\u2019Engagement Jeune (CEJ) se positionne comme une r\u00e9ponse proactive, offrant des opportunit\u00e9s d&#8217;emploi et de formation aux jeunes \u00e2g\u00e9s de 16 \u00e0 25 ans (et jusqu&rsquo;\u00e0 30 ans pour les jeunes [&hellip;]<\/p>\n","protected":false},"author":26,"featured_media":24287,"comment_status":"open","ping_status":"open","sticky":false,"template":"","format":"standard","meta":{"amp_status":"","footnotes":""},"categories":[30057,33441],"tags":[],"class_list":["post-78791","post","type-post","status-publish","format-standard","has-post-thumbnail","hentry","category-contrat-engagement-jeune","category-demarches-cej"],"yoast_head":"<!-- This site is optimized with the Yoast SEO plugin v14.9 - https:\/\/yoast.com\/wordpress\/plugins\/seo\/ -->\n<title>La demande du Contrat d\u2019Engagement Jeune (CEJ) \u00e0 Dijon | Mes-Allocs.fr<\/title>\n<meta name=\"description\" content=\"Cet article se propose d&#039;explorer les contours et les b\u00e9n\u00e9fices du CEJ \u00e0 Dijon, ainsi que les d\u00e9marches pour y acc\u00e9der.\" \/>\n<meta name=\"robots\" content=\"index, follow, max-snippet:-1, max-image-preview:large, max-video-preview:-1\" \/>\n<link rel=\"canonical\" href=\"https:\/\/www.mes-allocs.fr\/guides\/contrat-engagement-jeune\/demarches-cej\/cej-dijon\/\" \/>\n<meta property=\"og:locale\" content=\"fr_FR\" \/>\n<meta property=\"og:type\" content=\"article\" \/>\n<meta property=\"og:title\" content=\"La demande du Contrat d\u2019Engagement Jeune (CEJ) \u00e0 Dijon | Mes-Allocs.fr\" \/>\n<meta property=\"og:description\" content=\"Cet article se propose d&#039;explorer les contours et les b\u00e9n\u00e9fices du CEJ \u00e0 Dijon, ainsi que les d\u00e9marches pour y acc\u00e9der.\" \/>\n<meta property=\"og:url\" content=\"https:\/\/www.mes-allocs.fr\/guides\/contrat-engagement-jeune\/demarches-cej\/cej-dijon\/\" \/>\n<meta property=\"og:site_name\" content=\"Mes-Allocs.fr\" \/>\n<meta property=\"article:published_time\" content=\"2024-05-14T13:42:03+00:00\" \/>\n<meta property=\"article:modified_time\" content=\"2026-04-22T09:53:11+00:00\" \/>\n<meta property=\"og:image\" content=\"https:\/\/www.mes-allocs.fr\/guides\/wp-content\/uploads\/2021\/04\/dijon-3035882_1280.jpg?wsr\" \/>\n\t<meta property=\"og:image:width\" content=\"1280\" \/>\n\t<meta property=\"og:image:height\" content=\"853\" \/>\n<meta name=\"twitter:card\" content=\"summary_large_image\" \/>\n<script type=\"application\/ld+json\" class=\"yoast-schema-graph\">{\"@context\":\"https:\/\/schema.org\",\"@graph\":[{\"@type\":\"WebSite\",\"@id\":\"https:\/\/www.mes-allocs.fr\/guides\/#website\",\"url\":\"https:\/\/www.mes-allocs.fr\/guides\/\",\"name\":\"Mes-Allocs.fr\",\"description\":\"\",\"potentialAction\":[{\"@type\":\"SearchAction\",\"target\":\"https:\/\/www.mes-allocs.fr\/guides\/?s={search_term_string}\",\"query-input\":\"required name=search_term_string\"}],\"inLanguage\":\"fr-FR\"},{\"@type\":\"ImageObject\",\"@id\":\"https:\/\/www.mes-allocs.fr\/guides\/contrat-engagement-jeune\/demarches-cej\/cej-dijon\/#primaryimage\",\"inLanguage\":\"fr-FR\",\"url\":\"https:\/\/www.mes-allocs.fr\/guides\/wp-content\/uploads\/2021\/04\/dijon-3035882_1280.jpg?wsr\",\"width\":1280,\"height\":853,\"caption\":\"cej dijon\"},{\"@type\":\"WebPage\",\"@id\":\"https:\/\/www.mes-allocs.fr\/guides\/contrat-engagement-jeune\/demarches-cej\/cej-dijon\/#webpage\",\"url\":\"https:\/\/www.mes-allocs.fr\/guides\/contrat-engagement-jeune\/demarches-cej\/cej-dijon\/\",\"name\":\"La demande du Contrat d\\u2019Engagement Jeune (CEJ) \\u00e0 Dijon | Mes-Allocs.fr\",\"isPartOf\":{\"@id\":\"https:\/\/www.mes-allocs.fr\/guides\/#website\"},\"primaryImageOfPage\":{\"@id\":\"https:\/\/www.mes-allocs.fr\/guides\/contrat-engagement-jeune\/demarches-cej\/cej-dijon\/#primaryimage\"},\"datePublished\":\"2024-05-14T13:42:03+00:00\",\"dateModified\":\"2026-04-22T09:53:11+00:00\",\"author\":{\"@id\":\"https:\/\/www.mes-allocs.fr\/guides\/#\/schema\/person\/9c38f3be41a0ddcd1e3fde5a3df713bf\"},\"description\":\"Cet article se propose d'explorer les contours et les b\\u00e9n\\u00e9fices du CEJ \\u00e0 Dijon, ainsi que les d\\u00e9marches pour y acc\\u00e9der.\",\"inLanguage\":\"fr-FR\"},{\"@type\":\"Person\",\"@id\":\"https:\/\/www.mes-allocs.fr\/guides\/#\/schema\/person\/9c38f3be41a0ddcd1e3fde5a3df713bf\",\"name\":\"Sessime Ananou\",\"image\":{\"@type\":\"ImageObject\",\"@id\":\"https:\/\/www.mes-allocs.fr\/guides\/#personlogo\",\"inLanguage\":\"fr-FR\",\"url\":\"https:\/\/www.mes-allocs.fr\/guides\/wp-content\/uploads\/2023\/08\/IMG_8173-150x150.jpg\",\"caption\":\"Sessime Ananou\"},\"description\":\"Sessime est r\\u00e9dactrice chez Mes Allocs, sp\\u00e9cialis\\u00e9e sur le pouvoir d'achat. Elle rejoint l'\\u00e9quipe Mes Allocs en ao\\u00fbt 2023 afin de simplifier l'acc\\u00e8s \\u00e0 l'information sur les aides en g\\u00e9n\\u00e9ral.\"}]}<\/script>\n<!-- \/ Yoast SEO plugin. -->","amp_validity":null,"acf":{"faq":{"1":{"question":"Quels sont les avantages pour les jeunes de participer au CEJ \u00e0 Dijon ?","answer":"Participer au CEJ \u00e0 Dijon offre plusieurs avantages aux jeunes, tels que l'acc\u00e8s \u00e0 des opportunit\u00e9s d'emploi et de formation adapt\u00e9es, le renforcement des comp\u00e9tences et de l'employabilit\u00e9, l'acquisition d'une exp\u00e9rience professionnelle significative, ainsi que des aides financi\u00e8res pour faciliter leur transition vers l'emploi."},"2":{"question":"Quels sont les dispositifs d'accompagnement propos\u00e9s aux jeunes b\u00e9n\u00e9ficiaires du CEJ \u00e0 Dijon ?","answer":"Les jeunes b\u00e9n\u00e9ficiaires du CEJ \u00e0 Dijon b\u00e9n\u00e9ficient d'un accompagnement personnalis\u00e9 propos\u00e9 par la Mission Locale et d'autres structures partenaires. Cet accompagnement comprend des conseils pour la recherche d'emploi, des actions de formation, un suivi r\u00e9gulier, ainsi que des aides \u00e0 la mobilit\u00e9 ou \u00e0 l'installation, si n\u00e9cessaire."},"3":{"question":"Comment postuler pour b\u00e9n\u00e9ficier du CEJ \u00e0 Dijon ?","answer":"Pour b\u00e9n\u00e9ficier du CEJ \u00e0 Dijon, les jeunes peuvent se renseigner aupr\u00e8s de la Mission Locale, de P\u00f4le Emploi ou directement aupr\u00e8s des entreprises partenaires. Ils peuvent \u00e9galement consulter les offres d'emploi et de formation disponibles sur les plateformes en ligne et postuler en fonction de leurs comp\u00e9tences et de leurs aspirations professionnelles."},"4":{"question":"Quels sont les types de contrats propos\u00e9s dans le cadre du CEJ \u00e0 Dijon ?","answer":"Le CEJ \u00e0 Dijon propose diff\u00e9rents types de contrats, tels que des contrats \u00e0 dur\u00e9e ind\u00e9termin\u00e9e (CDI), des contrats \u00e0 dur\u00e9e d\u00e9termin\u00e9e (CDD) d'au moins 12 mois, des contrats en alternance, des contrats de professionnalisation, etc. Ces contrats sont adapt\u00e9s aux besoins des jeunes et des entreprises partenaires."},"5":{"question":"Qui peut b\u00e9n\u00e9ficier du CEJ \u00e0 Dijon ?","answer":"Le CEJ \u00e0 Dijon s'adresse aux jeunes \u00e2g\u00e9s de 16 \u00e0 25 ans (et jusqu'\u00e0 30 ans pour les jeunes en situation de handicap) r\u00e9sidant dans la r\u00e9gion. Qu'ils soient demandeurs d'emploi, \u00e9tudiants, ou en reconversion professionnelle, les jeunes motiv\u00e9s \u00e0 s'engager dans un parcours d'insertion professionnelle peuvent b\u00e9n\u00e9ficier du CEJ."},"6":{"question":"Qu'est-ce que le Contrat d\u2019Engagement Jeune (CEJ) \u00e0 Dijon ?","answer":"Le Contrat d\u2019Engagement Jeune (CEJ) \u00e0 Dijon est un dispositif visant \u00e0 faciliter l'insertion professionnelle des jeunes \u00e2g\u00e9s de 16 \u00e0 25 ans (et jusqu'\u00e0 30 ans pour les jeunes en situation de handicap). Il offre des opportunit\u00e9s d'emploi et de formation adapt\u00e9es aux besoins des jeunes, afin de favoriser leur acc\u00e8s au march\u00e9 du travail."},"7":{"question":"","answer":""},"8":{"question":"","answer":""},"9":{"question":"","answer":""},"10":{"question":"","answer":""},"11":{"question":"","answer":""},"12":{"question":"","answer":""},"13":{"question":"","answer":""},"14":{"question":"","answer":""},"15":{"question":"","answer":""},"16":{"question":"","answer":""}}},"_links":{"self":[{"href":"https:\/\/www.mes-allocs.fr\/guides\/wp-json\/wp\/v2\/posts\/78791","targetHints":{"allow":["GET"]}}],"collection":[{"href":"https:\/\/www.mes-allocs.fr\/guides\/wp-json\/wp\/v2\/posts"}],"about":[{"href":"https:\/\/www.mes-allocs.fr\/guides\/wp-json\/wp\/v2\/types\/post"}],"author":[{"embeddable":true,"href":"https:\/\/www.mes-allocs.fr\/guides\/wp-json\/wp\/v2\/users\/26"}],"replies":[{"embeddable":true,"href":"https:\/\/www.mes-allocs.fr\/guides\/wp-json\/wp\/v2\/comments?post=78791"}],"version-history":[{"count":3,"href":"https:\/\/www.mes-allocs.fr\/guides\/wp-json\/wp\/v2\/posts\/78791\/revisions"}],"predecessor-version":[{"id":79366,"href":"https:\/\/www.mes-allocs.fr\/guides\/wp-json\/wp\/v2\/posts\/78791\/revisions\/79366"}],"wp:featuredmedia":[{"embeddable":true,"href":"https:\/\/www.mes-allocs.fr\/guides\/wp-json\/wp\/v2\/media\/24287"}],"wp:attachment":[{"href":"https:\/\/www.mes-allocs.fr\/guides\/wp-json\/wp\/v2\/media?parent=78791"}],"wp:term":[{"taxonomy":"category","embeddable":true,"href":"https:\/\/www.mes-allocs.fr\/guides\/wp-json\/wp\/v2\/categories?post=78791"},{"taxonomy":"post_tag","embeddable":true,"href":"https:\/\/www.mes-allocs.fr\/guides\/wp-json\/wp\/v2\/tags?post=78791"}],"curies":[{"name":"wp","href":"https:\/\/api.w.org\/{rel}","templated":true}]}}