{"id":78768,"date":"2024-05-14T13:38:17","date_gmt":"2024-05-14T11:38:17","guid":{"rendered":"https:\/\/www.mes-allocs.fr\/guides\/?p=78768"},"modified":"2026-04-22T10:53:11","modified_gmt":"2026-04-22T09:53:11","slug":"cej-arras","status":"publish","type":"post","link":"https:\/\/www.mes-allocs.fr\/guides\/contrat-engagement-jeune\/demarches-cej\/cej-arras\/","title":{"rendered":"La demande du Contrat d\u2019Engagement Jeune (CEJ) \u00e0 Arras"},"content":{"rendered":"<p><img loading=\"lazy\" decoding=\"async\" class=\"alignnone wp-image-78773 size-full\" title=\"cej arras\" src=\"https:\/\/www.mes-allocs.fr\/guides\/wp-content\/uploads\/2024\/05\/cej-arras--e1715681513575.jpg\" alt=\"cej arras\" width=\"1280\" height=\"326\" srcset=\"https:\/\/www.mes-allocs.fr\/guides\/wp-content\/uploads\/2024\/05\/cej-arras--e1715681513575.jpg 1280w, https:\/\/www.mes-allocs.fr\/guides\/wp-content\/uploads\/2024\/05\/cej-arras--e1715681513575-300x76.jpg 300w, https:\/\/www.mes-allocs.fr\/guides\/wp-content\/uploads\/2024\/05\/cej-arras--e1715681513575-1024x261.jpg 1024w, https:\/\/www.mes-allocs.fr\/guides\/wp-content\/uploads\/2024\/05\/cej-arras--e1715681513575-768x196.jpg 768w, https:\/\/www.mes-allocs.fr\/guides\/wp-content\/uploads\/2024\/05\/cej-arras--e1715681513575-600x153.jpg 600w\" sizes=\"auto, (max-width: 1280px) 100vw, 1280px\" \/><\/p>\n<div class=\"flex-1 overflow-hidden\">\n<div class=\"react-scroll-to-bottom--css-pklus-79elbk h-full\">\n<div class=\"react-scroll-to-bottom--css-pklus-1n7m0yu\">\n<div class=\"flex flex-col text-sm pb-9\">\n<div class=\"w-full text-token-text-primary\" dir=\"auto\" data-testid=\"conversation-turn-37\" data-scroll-anchor=\"true\">\n<div class=\"py-2 px-3 text-base md:px-4 m-auto md:px-5 lg:px-1 xl:px-5\">\n<div class=\"mx-auto flex flex-1 gap-3 text-base juice:gap-4 juice:md:gap-6 md:max-w-3xl lg:max-w-[40rem] xl:max-w-[48rem]\">\n<div class=\"relative flex w-full min-w-0 flex-col agent-turn\">\n<div class=\"flex-col gap-1 md:gap-3\">\n<div class=\"flex flex-grow flex-col max-w-full\">\n<div class=\"min-h-[20px] text-message flex flex-col items-start whitespace-pre-wrap break-words [.text-message+&amp;]:mt-5 juice:w-full juice:items-end overflow-x-auto gap-3\" dir=\"auto\" data-message-author-role=\"assistant\" data-message-id=\"05c27479-70a5-4f08-9bdf-c2575985274c\">\n<div class=\"markdown prose w-full break-words dark:prose-invert dark\">\n<p><strong>Dans le paysage socio-\u00e9conomique d&rsquo;Arras, le <a href=\"https:\/\/www.mes-allocs.fr\/guides\/contrat-engagement-jeune\/\">Contrat d\u2019Engagement Jeune (CEJ)<\/a> se profile comme une lueur d&rsquo;espoir pour la jeunesse en qu\u00eate d&rsquo;opportunit\u00e9s professionnelles. Au c\u0153ur de cette initiative se trouve la volont\u00e9 de catalyser l&rsquo;insertion des jeunes sur le march\u00e9 du travail en offrant des perspectives d&#8217;emploi stables et enrichissantes. Ce programme incarne ainsi l&rsquo;engagement de la ville envers sa jeunesse, t\u00e9moignant de sa volont\u00e9 de soutenir et de d\u00e9velopper les talents locaux pour construire ensemble un avenir prosp\u00e8re.<\/strong><\/p>\n<\/div>\n<\/div>\n<\/div>\n<\/div>\n<\/div>\n<\/div>\n<\/div>\n<\/div>\n<\/div>\n<\/div>\n<\/div>\n<\/div>\n<div class='cta-block'><div class='text'>Simulez votre \u00e9ligibilit\u00e9 au CEJ en 2 min. Gratuit.<\/div><a href='https:\/\/www.mes-allocs.fr\/ab-app?origin=guides\/wp-json\/wp\/v2\/posts\/78768' class='app-button fit'>Simulation gratuite<\/a><\/div>\n<h1>Pr\u00e9sentation du Contrat d\u2019Engagement Jeune (CEJ) \u00e0 Arras<\/h1>\n<h2>D\u00e9finition et objectifs du CEJ<\/h2>\n<p>Le Contrat d\u2019Engagement Jeune (CEJ) \u00e0 Arras est un dispositif visant \u00e0 favoriser l&rsquo;insertion professionnelle des jeunes \u00e2g\u00e9s de 16 \u00e0 25 ans (et jusqu&rsquo;\u00e0 30 ans pour les jeunes en situation de handicap). Son objectif principal est de cr\u00e9er des opportunit\u00e9s d&#8217;emploi et de formation adapt\u00e9es aux besoins des jeunes, afin de leur permettre de d\u00e9velopper leurs comp\u00e9tences, d&rsquo;acc\u00e9der \u00e0 un emploi stable et p\u00e9renne, et de s&rsquo;ins\u00e9rer durablement sur le march\u00e9 du travail.<\/p>\n<p><iframe loading=\"lazy\" title=\"Le Contrat d&#039;Engagement Jeune (CEJ)\" width=\"500\" height=\"375\" src=\"https:\/\/www.youtube.com\/embed\/f_Hf5LBMHeQ?feature=oembed\" frameborder=\"0\" allow=\"accelerometer; autoplay; clipboard-write; encrypted-media; gyroscope; picture-in-picture; web-share\" referrerpolicy=\"strict-origin-when-cross-origin\" allowfullscreen><\/iframe><\/p>\n<h2>Cadre l\u00e9gal et institutionnel du CEJ \u00e0 Arras<\/h2>\n<p>Le CEJ \u00e0 Arras s&rsquo;inscrit dans un cadre l\u00e9gal d\u00e9fini par le Code du travail et les politiques publiques en faveur de l&#8217;emploi des jeunes. Sa mise en \u0153uvre est supervis\u00e9e par des institutions telles que la Mission Locale, P\u00f4le Emploi, la ville d&rsquo;Arras et la r\u00e9gion Hauts-de-France. Ces acteurs collaborent \u00e9troitement pour assurer la mise en \u0153uvre efficace du CEJ et garantir son accessibilit\u00e9 \u00e0 tous les jeunes de la r\u00e9gion.<\/p>\n<h2>Les acteurs impliqu\u00e9s dans la mise en \u0153uvre du CEJ \u00e0 Arras<\/h2>\n<p>La r\u00e9ussite du CEJ \u00e0 Arras repose sur l&rsquo;implication de diff\u00e9rents acteurs locaux. Parmi eux, on compte la Mission Locale d&rsquo;Arras, qui assure l&rsquo;accompagnement personnalis\u00e9 des jeunes tout au long de leur parcours d&rsquo;insertion professionnelle, ainsi que P\u00f4le Emploi, qui facilite l&rsquo;acc\u00e8s des jeunes \u00e0 l&#8217;emploi et \u00e0 la formation. De plus, les entreprises partenaires jouent un r\u00f4le essentiel en proposant des offres d&#8217;emploi adapt\u00e9es aux jeunes et en b\u00e9n\u00e9ficiant des avantages offerts par le CEJ. Enfin, les collectivit\u00e9s locales et la r\u00e9gion Hauts-de-France soutiennent activement la mise en \u0153uvre du CEJ \u00e0 Arras en fournissant des ressources financi\u00e8res et logistiques n\u00e9cessaires.<\/p>\n<p>&nbsp;<\/p>\n<h1>Proc\u00e9dure de demande du Contrat d\u2019Engagement Jeune (CEJ) \u00e0 Arras<\/h1>\n<p>Les <a href=\"https:\/\/www.mes-allocs.fr\/guides\/contrat-engagement-jeune\/demarches-cej\/\">d\u00e9marches pour demander le Contrat d&rsquo;Engagement Jeune<\/a> (CEJ) d\u00e9pendent de chaque d\u00e9partement.<\/p>\n<h2>La pr\u00e9paration et candidature<\/h2>\n<ol>\n<li><strong>Identifier les crit\u00e8res d&rsquo;\u00e9ligibilit\u00e9<\/strong> : avant de faire une demande de CEJ \u00e0 Arras, il est essentiel de v\u00e9rifier les crit\u00e8res d&rsquo;\u00e9ligibilit\u00e9, notamment l&rsquo;\u00e2ge et la situation professionnelle.<\/li>\n<li><strong>Se renseigner sur les offres disponibles<\/strong> : les jeunes peuvent consulter les offres d&#8217;emploi et de formation propos\u00e9es dans le cadre du CEJ \u00e0 Arras. Ces offres sont g\u00e9n\u00e9ralement disponibles sur les plateformes en ligne de la Mission Locale, de P\u00f4le Emploi ou des entreprises partenaires.<\/li>\n<li><strong>Pr\u00e9parer son dossier de candidature<\/strong> : une fois une offre identifi\u00e9e, il est important de pr\u00e9parer un dossier de candidature complet, comprenant un CV \u00e0 jour, une lettre de motivation personnalis\u00e9e et \u00e9ventuellement des r\u00e9f\u00e9rences professionnelles.<\/li>\n<\/ol>\n<h2>La soumission de la demande et suivi<\/h2>\n<ol start=\"4\">\n<li><strong>Envoyer sa candidature<\/strong> : les jeunes peuvent soumettre leur candidature pour un poste ou une formation dans le cadre du CEJ \u00e0 Arras en suivant les instructions fournies dans l&rsquo;offre d&#8217;emploi ou de formation. Cela peut se faire en ligne, par email ou en d\u00e9posant son dossier directement aupr\u00e8s de l&rsquo;entreprise ou de la structure concern\u00e9e.<\/li>\n<li><strong>Participer aux entretiens<\/strong> : apr\u00e8s avoir envoy\u00e9 sa candidature, il est possible que le candidat soit invit\u00e9 \u00e0 participer \u00e0 un entretien de s\u00e9lection. Cet entretien permettra de mieux \u00e9valuer ses comp\u00e9tences, sa motivation et son ad\u00e9quation avec le poste ou la formation propos\u00e9e.<\/li>\n<li><strong>Suivre l&rsquo;\u00e9volution de sa candidature<\/strong> : une fois sa candidature envoy\u00e9e, il est important de rester attentif \u00e0 toute communication de la part de l&rsquo;entreprise ou de la structure concern\u00e9e. Si une r\u00e9ponse n&rsquo;est pas re\u00e7ue dans les d\u00e9lais pr\u00e9vus, il est recommand\u00e9 de relancer pour obtenir des informations sur le statut de sa candidature.<\/li>\n<\/ol>\n<p>En suivant cette proc\u00e9dure, les jeunes int\u00e9ress\u00e9s par le CEJ \u00e0 Arras peuvent maximiser leurs chances de r\u00e9ussite dans leur d\u00e9marche d&rsquo;insertion professionnelle.<\/p>\n<h1>Ressources et contacts utiles pour votre inscription au CEJ \u00e0 Arras<\/h1>\n<h2>Les contacts utiles pour votre inscription au CEJ \u00e0 Arras<\/h2>\n<ol>\n<li><strong>Mission Locale d&rsquo;Arras<\/strong> :\n<ul>\n<li><strong>Adresse<\/strong> : 13 Ter Boulevard Robert-Schuman 62000 Arras<\/li>\n<li><strong>T\u00e9l\u00e9phone<\/strong> : +33 3 21 58 15 50<\/li>\n<li><strong>Les horaires d\u2019ouverture de la Mission Locale sont les suivants :<\/strong>\n<ul>\n<li>Lundi : 08h30 \u2013 12h30, 13h30 \u2013 17h00<\/li>\n<li>Mardi : 08h30 \u2013 12h30, 13h30 \u2013 17h00<\/li>\n<li>Mercredi : 08h30 \u2013 12h30, 13h30 \u2013 17h00<\/li>\n<li>Jeudi : 08h30 \u2013 12h30, 13h30 \u2013 17h00<\/li>\n<li>Vendredi : 08h30 \u2013 12h30, 13h30 \u2013 16h30<\/li>\n<\/ul>\n<\/li>\n<\/ul>\n<\/li>\n<li><strong>France Travail (P\u00f4le Emploi) Arras<\/strong> :\n<ul>\n<li>Adresse : 2 Rue de la Symphorine, 62000 Arras<\/li>\n<li>T\u00e9l\u00e9phone : 09 72 72 39 49<\/li>\n<li>\n<div class=\"bJpcZ t-oh\">\n<div class=\"vk_bk h-n\" tabindex=\"0\" role=\"button\" aria-expanded=\"false\" data-ved=\"2ahUKEwivtc-ogY2GAxVMTKQEHcrKClsQoT56BAhMEAM\"><strong>Les horaires d\u2019ouverture de la Mission Locale sont les suivants :<\/strong><\/div>\n<div tabindex=\"0\" role=\"button\" aria-expanded=\"false\" data-ved=\"2ahUKEwivtc-ogY2GAxVMTKQEHcrKClsQoT56BAhMEAM\">\n<ul>\n<li>Mardi : 08h30 \u2013 12h45<\/li>\n<li>Mercredi : 08h30 \u2013 12h45<\/li>\n<li>Jeudi : 08h30 \u2013 12h45<\/li>\n<li>Vendredi : 9h00 \u2013 12h00<\/li>\n<\/ul>\n<\/div>\n<div class=\"a-h\"><\/div>\n<\/div>\n<\/li>\n<\/ul>\n<\/li>\n<li><strong>Entreprises partenaires du CEJ \u00e0 Arras<\/strong> :\n<ul>\n<li>Consultez les offres d&#8217;emploi et de formation sur les sites web des entreprises locales.<\/li>\n<li>Contactez directement les entreprises pour obtenir des informations sur les opportunit\u00e9s disponibles dans le cadre du CEJ.<\/li>\n<\/ul>\n<\/li>\n<li><strong>R\u00e9seau professionnel et social<\/strong> :\n<ul>\n<li>Informez-vous aupr\u00e8s de votre r\u00e9seau professionnel et social sur les opportunit\u00e9s d&#8217;emploi et de formation dans la r\u00e9gion d&rsquo;Arras.<\/li>\n<li>N&rsquo;h\u00e9sitez pas \u00e0 solliciter des recommandations ou des conseils aupr\u00e8s de personnes de confiance qui pourraient vous aider dans votre recherche.<\/li>\n<\/ul>\n<\/li>\n<\/ol>\n<p>En utilisant ces ressources et en contactant les acteurs locaux impliqu\u00e9s dans la mise en \u0153uvre du CEJ \u00e0 Arras, vous pourrez obtenir des informations pr\u00e9cieuses et prendre les mesures n\u00e9cessaires pour vous inscrire et b\u00e9n\u00e9ficier des opportunit\u00e9s offertes par ce dispositif.<\/p>\n<h2>Que faire \u00e0 Arras ?<\/h2>\n<p>\u00c0 Arras, il y a une vari\u00e9t\u00e9 d&rsquo;activit\u00e9s \u00e0 d\u00e9couvrir pour tous les go\u00fbts. Voici quelques suggestions :<\/p>\n<ol>\n<li>Visiter la Grand-Place : cette place embl\u00e9matique est entour\u00e9e de magnifiques fa\u00e7ades baroques et accueille r\u00e9guli\u00e8rement des \u00e9v\u00e9nements, des march\u00e9s et des animations.<\/li>\n<li>Explorer les souterrains : Les Boves d&rsquo;Arras sont un r\u00e9seau de galeries souterraines fascinantes, datant du Moyen \u00c2ge. Une visite guid\u00e9e vous permettra de d\u00e9couvrir ce patrimoine unique.<\/li>\n<li>Admirer la Citadelle : class\u00e9e au patrimoine mondial de l&rsquo;UNESCO, la Citadelle d&rsquo;Arras est un site historique impressionnant \u00e0 ne pas manquer, offrant une vue panoramique sur la ville depuis ses remparts.<\/li>\n<li>D\u00e9couvrir les monuments historiques : Arras regorge de monuments remarquables, tels que l&rsquo;H\u00f4tel de Ville, la cath\u00e9drale Notre-Dame-et-Saint-Vaast et les h\u00f4tels particuliers des places et rues environnantes.<\/li>\n<li>Se promener dans les jardins : profitez des beaux jours pour vous d\u00e9tendre dans les jardins publics, comme le Parc de la Citadelle ou le Jardin des G\u00e9ants, o\u00f9 vous pourrez admirer de magnifiques parterres de fleurs et des sculptures.<\/li>\n<li>Savourer la gastronomie locale : Arras propose une cuisine riche en saveurs du terroir, avec des sp\u00e9cialit\u00e9s comme la tarte au maroilles, les carbonnades flamandes ou les ficelles picardes. Ne manquez pas de d\u00e9guster ces d\u00e9lices dans les restaurants traditionnels de la ville.<\/li>\n<li>Assister \u00e0 un spectacle : Arras offre une programmation culturelle vari\u00e9e, avec des concerts, des pi\u00e8ces de th\u00e9\u00e2tre, des expositions et des festivals tout au long de l&rsquo;ann\u00e9e. Consultez le calendrier des \u00e9v\u00e9nements pour ne rien manquer.<\/li>\n<\/ol>\n<p>Que vous soyez amateur d&rsquo;histoire, de culture, de gastronomie ou simplement en qu\u00eate de d\u00e9tente, Arras saura vous s\u00e9duire par son charme et ses nombreuses activit\u00e9s \u00e0 d\u00e9couvrir.<\/p>\n<div class='cta-block'><div class='text'>Simulez votre \u00e9ligibilit\u00e9 au CEJ en 2 min. Gratuit.<\/div><a href='https:\/\/www.mes-allocs.fr\/ab-app?origin=guides\/wp-json\/wp\/v2\/posts\/78768' class='app-button fit'>Simulation gratuite<\/a><\/div>\n","protected":false},"excerpt":{"rendered":"<p>Dans le paysage socio-\u00e9conomique d&rsquo;Arras, le Contrat d\u2019Engagement Jeune (CEJ) se profile comme une lueur d&rsquo;espoir pour la jeunesse en qu\u00eate d&rsquo;opportunit\u00e9s professionnelles. Au c\u0153ur de cette initiative se trouve la volont\u00e9 de catalyser l&rsquo;insertion des jeunes sur le march\u00e9 du travail en offrant des perspectives d&#8217;emploi stables et enrichissantes. Ce programme incarne ainsi l&rsquo;engagement [&hellip;]<\/p>\n","protected":false},"author":26,"featured_media":78774,"comment_status":"open","ping_status":"open","sticky":false,"template":"","format":"standard","meta":{"amp_status":"","footnotes":""},"categories":[30057,33441],"tags":[],"class_list":["post-78768","post","type-post","status-publish","format-standard","has-post-thumbnail","hentry","category-contrat-engagement-jeune","category-demarches-cej"],"yoast_head":"<!-- This site is optimized with the Yoast SEO plugin v14.9 - https:\/\/yoast.com\/wordpress\/plugins\/seo\/ -->\n<title>La demande du Contrat d\u2019Engagement Jeune (CEJ) \u00e0 Arras | Mes-Allocs.fr<\/title>\n<meta name=\"description\" content=\"Dans le paysage socio-\u00e9conomique d&#039;Arras, le Contrat d\u2019Engagement Jeune (CEJ) se profile comme une lueur d&#039;espoir pour la jeunesse.\" \/>\n<meta name=\"robots\" content=\"index, follow, max-snippet:-1, max-image-preview:large, max-video-preview:-1\" \/>\n<link rel=\"canonical\" href=\"https:\/\/www.mes-allocs.fr\/guides\/contrat-engagement-jeune\/demarches-cej\/cej-arras\/\" \/>\n<meta property=\"og:locale\" content=\"fr_FR\" \/>\n<meta property=\"og:type\" content=\"article\" \/>\n<meta property=\"og:title\" content=\"La demande du Contrat d\u2019Engagement Jeune (CEJ) \u00e0 Arras | Mes-Allocs.fr\" \/>\n<meta property=\"og:description\" content=\"Dans le paysage socio-\u00e9conomique d&#039;Arras, le Contrat d\u2019Engagement Jeune (CEJ) se profile comme une lueur d&#039;espoir pour la jeunesse.\" \/>\n<meta property=\"og:url\" content=\"https:\/\/www.mes-allocs.fr\/guides\/contrat-engagement-jeune\/demarches-cej\/cej-arras\/\" \/>\n<meta property=\"og:site_name\" content=\"Mes-Allocs.fr\" \/>\n<meta property=\"article:published_time\" content=\"2024-05-14T11:38:17+00:00\" \/>\n<meta property=\"article:modified_time\" content=\"2026-04-22T09:53:11+00:00\" \/>\n<meta property=\"og:image\" content=\"https:\/\/www.mes-allocs.fr\/guides\/wp-content\/uploads\/2024\/05\/cej-arras-2.jpg?wsr\" \/>\n\t<meta property=\"og:image:width\" content=\"644\" \/>\n\t<meta property=\"og:image:height\" content=\"561\" \/>\n<meta name=\"twitter:card\" content=\"summary_large_image\" \/>\n<script type=\"application\/ld+json\" class=\"yoast-schema-graph\">{\"@context\":\"https:\/\/schema.org\",\"@graph\":[{\"@type\":\"WebSite\",\"@id\":\"https:\/\/www.mes-allocs.fr\/guides\/#website\",\"url\":\"https:\/\/www.mes-allocs.fr\/guides\/\",\"name\":\"Mes-Allocs.fr\",\"description\":\"\",\"potentialAction\":[{\"@type\":\"SearchAction\",\"target\":\"https:\/\/www.mes-allocs.fr\/guides\/?s={search_term_string}\",\"query-input\":\"required name=search_term_string\"}],\"inLanguage\":\"fr-FR\"},{\"@type\":\"ImageObject\",\"@id\":\"https:\/\/www.mes-allocs.fr\/guides\/contrat-engagement-jeune\/demarches-cej\/cej-arras\/#primaryimage\",\"inLanguage\":\"fr-FR\",\"url\":\"https:\/\/www.mes-allocs.fr\/guides\/wp-content\/uploads\/2024\/05\/cej-arras-2.jpg?wsr\",\"width\":644,\"height\":561,\"caption\":\"cej arras\"},{\"@type\":\"WebPage\",\"@id\":\"https:\/\/www.mes-allocs.fr\/guides\/contrat-engagement-jeune\/demarches-cej\/cej-arras\/#webpage\",\"url\":\"https:\/\/www.mes-allocs.fr\/guides\/contrat-engagement-jeune\/demarches-cej\/cej-arras\/\",\"name\":\"La demande du Contrat d\\u2019Engagement Jeune (CEJ) \\u00e0 Arras | Mes-Allocs.fr\",\"isPartOf\":{\"@id\":\"https:\/\/www.mes-allocs.fr\/guides\/#website\"},\"primaryImageOfPage\":{\"@id\":\"https:\/\/www.mes-allocs.fr\/guides\/contrat-engagement-jeune\/demarches-cej\/cej-arras\/#primaryimage\"},\"datePublished\":\"2024-05-14T11:38:17+00:00\",\"dateModified\":\"2026-04-22T09:53:11+00:00\",\"author\":{\"@id\":\"https:\/\/www.mes-allocs.fr\/guides\/#\/schema\/person\/9c38f3be41a0ddcd1e3fde5a3df713bf\"},\"description\":\"Dans le paysage socio-\\u00e9conomique d'Arras, le Contrat d\\u2019Engagement Jeune (CEJ) se profile comme une lueur d'espoir pour la jeunesse.\",\"inLanguage\":\"fr-FR\"},{\"@type\":\"Person\",\"@id\":\"https:\/\/www.mes-allocs.fr\/guides\/#\/schema\/person\/9c38f3be41a0ddcd1e3fde5a3df713bf\",\"name\":\"Sessime Ananou\",\"image\":{\"@type\":\"ImageObject\",\"@id\":\"https:\/\/www.mes-allocs.fr\/guides\/#personlogo\",\"inLanguage\":\"fr-FR\",\"url\":\"https:\/\/www.mes-allocs.fr\/guides\/wp-content\/uploads\/2023\/08\/IMG_8173-150x150.jpg\",\"caption\":\"Sessime Ananou\"},\"description\":\"Sessime est r\\u00e9dactrice chez Mes Allocs, sp\\u00e9cialis\\u00e9e sur le pouvoir d'achat. Elle rejoint l'\\u00e9quipe Mes Allocs en ao\\u00fbt 2023 afin de simplifier l'acc\\u00e8s \\u00e0 l'information sur les aides en g\\u00e9n\\u00e9ral.\"}]}<\/script>\n<!-- \/ Yoast SEO plugin. -->","amp_validity":null,"acf":{"faq":{"1":{"question":"Quels sont les avantages pour les jeunes de participer au CEJ \u00e0 Arras ?","answer":"Participer au CEJ \u00e0 Arras offre de nombreux avantages aux jeunes, notamment l'acc\u00e8s \u00e0 des opportunit\u00e9s d'emploi et de formation adapt\u00e9es \u00e0 leurs besoins, le renforcement de leurs comp\u00e9tences et de leur employabilit\u00e9, l'acquisition d'une premi\u00e8re exp\u00e9rience professionnelle significative, ainsi que des avantages financiers pour faciliter leur int\u00e9gration dans le monde du travail."},"2":{"question":"Quels sont les dispositifs d'accompagnement propos\u00e9s aux jeunes b\u00e9n\u00e9ficiaires du CEJ \u00e0 Arras ?","answer":"Les jeunes b\u00e9n\u00e9ficiaires du CEJ \u00e0 Arras b\u00e9n\u00e9ficient d'un accompagnement personnalis\u00e9 propos\u00e9 par la Mission Locale et d'autres structures partenaires. Cet accompagnement comprend des conseils pour la recherche d'emploi, des actions de formation, et un suivi r\u00e9gulier tout au long du contrat."},"3":{"question":"Comment postuler pour b\u00e9n\u00e9ficier du CEJ \u00e0 Arras ?","answer":"Pour b\u00e9n\u00e9ficier du CEJ \u00e0 Arras, les jeunes peuvent se renseigner aupr\u00e8s de la Mission Locale, de P\u00f4le Emploi ou directement aupr\u00e8s des entreprises participantes. Ils peuvent \u00e9galement consulter les offres d'emploi disponibles sur les plateformes d\u00e9di\u00e9es et postuler en fonction de leurs comp\u00e9tences et de leurs aspirations professionnelles."},"4":{"question":"Quels sont les types de contrats propos\u00e9s dans le cadre du CEJ \u00e0 Arras ?","answer":"Le CEJ \u00e0 Arras propose diff\u00e9rents types de contrats, tels que des contrats \u00e0 dur\u00e9e ind\u00e9termin\u00e9e (CDI) et des contrats \u00e0 dur\u00e9e d\u00e9termin\u00e9e (CDD) d'au moins 12 mois. Ces contrats peuvent \u00eatre adapt\u00e9s aux besoins des jeunes et des entreprises, en fonction des secteurs d'activit\u00e9 et des qualifications requises."},"5":{"question":"Qui peut b\u00e9n\u00e9ficier du CEJ \u00e0 Arras ?","answer":" Les jeunes \u00e2g\u00e9s de 16 \u00e0 25 ans (et jusqu'\u00e0 30 ans pour les jeunes en situation de handicap) r\u00e9sidant \u00e0 Arras et dans ses environs peuvent b\u00e9n\u00e9ficier du CEJ. Qu'ils soient demandeurs d'emploi, \u00e9tudiants, ou en reconversion professionnelle, ils doivent \u00eatre motiv\u00e9s pour s'engager dans un parcours d'insertion professionnelle."},"6":{"question":" Qu'est-ce que le Contrat d\u2019Engagement Jeune (CEJ) \u00e0 Arras ?","answer":" Le Contrat d\u2019Engagement Jeune (CEJ) \u00e0 Arras est un dispositif visant \u00e0 favoriser l'insertion professionnelle des jeunes \u00e2g\u00e9s de 16 \u00e0 25 ans (et jusqu'\u00e0 30 ans pour les jeunes en situation de handicap). Il offre des opportunit\u00e9s d'emploi et de formation adapt\u00e9es aux besoins des jeunes et des entreprises de la r\u00e9gion."},"7":{"question":"","answer":""},"8":{"question":"","answer":""},"9":{"question":"","answer":""},"10":{"question":"","answer":""},"11":{"question":"","answer":""},"12":{"question":"","answer":""},"13":{"question":"","answer":""},"14":{"question":"","answer":""},"15":{"question":"","answer":""},"16":{"question":"","answer":""}}},"_links":{"self":[{"href":"https:\/\/www.mes-allocs.fr\/guides\/wp-json\/wp\/v2\/posts\/78768","targetHints":{"allow":["GET"]}}],"collection":[{"href":"https:\/\/www.mes-allocs.fr\/guides\/wp-json\/wp\/v2\/posts"}],"about":[{"href":"https:\/\/www.mes-allocs.fr\/guides\/wp-json\/wp\/v2\/types\/post"}],"author":[{"embeddable":true,"href":"https:\/\/www.mes-allocs.fr\/guides\/wp-json\/wp\/v2\/users\/26"}],"replies":[{"embeddable":true,"href":"https:\/\/www.mes-allocs.fr\/guides\/wp-json\/wp\/v2\/comments?post=78768"}],"version-history":[{"count":3,"href":"https:\/\/www.mes-allocs.fr\/guides\/wp-json\/wp\/v2\/posts\/78768\/revisions"}],"predecessor-version":[{"id":79368,"href":"https:\/\/www.mes-allocs.fr\/guides\/wp-json\/wp\/v2\/posts\/78768\/revisions\/79368"}],"wp:featuredmedia":[{"embeddable":true,"href":"https:\/\/www.mes-allocs.fr\/guides\/wp-json\/wp\/v2\/media\/78774"}],"wp:attachment":[{"href":"https:\/\/www.mes-allocs.fr\/guides\/wp-json\/wp\/v2\/media?parent=78768"}],"wp:term":[{"taxonomy":"category","embeddable":true,"href":"https:\/\/www.mes-allocs.fr\/guides\/wp-json\/wp\/v2\/categories?post=78768"},{"taxonomy":"post_tag","embeddable":true,"href":"https:\/\/www.mes-allocs.fr\/guides\/wp-json\/wp\/v2\/tags?post=78768"}],"curies":[{"name":"wp","href":"https:\/\/api.w.org\/{rel}","templated":true}]}}