{"id":78729,"date":"2024-05-13T18:02:58","date_gmt":"2024-05-13T16:02:58","guid":{"rendered":"https:\/\/www.mes-allocs.fr\/guides\/?p=78729"},"modified":"2026-04-22T10:53:11","modified_gmt":"2026-04-22T09:53:11","slug":"cej-nimes","status":"publish","type":"post","link":"https:\/\/www.mes-allocs.fr\/guides\/contrat-engagement-jeune\/demarches-cej\/cej-nimes\/","title":{"rendered":"La demande du Contrat d\u2019Engagement Jeune (CEJ) \u00e0 N\u00eemes"},"content":{"rendered":"<p><img loading=\"lazy\" decoding=\"async\" class=\"alignnone wp-image-78731 size-full\" title=\"Cej nimes\" src=\"https:\/\/www.mes-allocs.fr\/guides\/wp-content\/uploads\/2024\/05\/Cej-nimes-2-e1715614815771.jpg\" alt=\"Cej nimes\" width=\"1280\" height=\"374\" srcset=\"https:\/\/www.mes-allocs.fr\/guides\/wp-content\/uploads\/2024\/05\/Cej-nimes-2-e1715614815771.jpg 1280w, https:\/\/www.mes-allocs.fr\/guides\/wp-content\/uploads\/2024\/05\/Cej-nimes-2-e1715614815771-300x88.jpg 300w, https:\/\/www.mes-allocs.fr\/guides\/wp-content\/uploads\/2024\/05\/Cej-nimes-2-e1715614815771-1024x299.jpg 1024w, https:\/\/www.mes-allocs.fr\/guides\/wp-content\/uploads\/2024\/05\/Cej-nimes-2-e1715614815771-768x224.jpg 768w, https:\/\/www.mes-allocs.fr\/guides\/wp-content\/uploads\/2024\/05\/Cej-nimes-2-e1715614815771-600x175.jpg 600w\" sizes=\"auto, (max-width: 1280px) 100vw, 1280px\" \/><\/p>\n<p><strong>Le <a href=\"https:\/\/www.mes-allocs.fr\/guides\/contrat-engagement-jeune\/\">Contrat d\u2019Engagement Jeune (CEJ)<\/a> constitue un levier essentiel dans la dynamisation de l&#8217;emploi des jeunes \u00e0 N\u00eemes, offrant des perspectives professionnelles et des opportunit\u00e9s de formation. En r\u00e9ponse aux d\u00e9fis \u00e9conomiques et sociaux, ce dispositif vise \u00e0 favoriser l&rsquo;insertion professionnelle des jeunes en leur proposant des parcours personnalis\u00e9s et adapt\u00e9s \u00e0 leurs besoins. Dans cette optique, cette demande du CEJ \u00e0 N\u00eemes cherche \u00e0 explorer les diff\u00e9rentes dimensions de ce programme, ainsi que son impact sur le march\u00e9 du travail local.\u00a0<\/strong><\/p>\n<div class='cta-block'><div class='text'>Simulez votre \u00e9ligibilit\u00e9 au CEJ en 2 min. Gratuit.<\/div><a href='https:\/\/www.mes-allocs.fr\/ab-app?origin=guides\/wp-json\/wp\/v2\/posts\/78729' class='app-button fit'>Simulation gratuite<\/a><\/div>\n<h1>Contexte et enjeux de l&#8217;emploi des jeunes \u00e0 N\u00eemes<\/h1>\n<h2>Analyse de la situation \u00e9conomique et sociale<\/h2>\n<p>N\u00eemes, ville embl\u00e9matique du sud de la France, se trouve confront\u00e9e \u00e0 des r\u00e9alit\u00e9s \u00e9conomiques et sociales diverses, caract\u00e9ristiques de nombreuses zones urbaines de taille moyenne en France. Sur le plan \u00e9conomique, la ville poss\u00e8de un tissu industriel vari\u00e9, notamment dans les domaines de la viticulture, de la textile et de la construction. Cependant, elle fait \u00e9galement face \u00e0 des d\u00e9fis li\u00e9s \u00e0 la d\u00e9sindustrialisation et \u00e0 la reconversion de son \u00e9conomie, ce qui peut impacter l&rsquo;offre d&#8217;emploi disponible.<\/p>\n<p>Parall\u00e8lement, sur le plan social, N\u00eemes pr\u00e9sente des sp\u00e9cificit\u00e9s propres \u00e0 son territoire. Des quartiers en difficult\u00e9 sociale sont pr\u00e9sents, avec des taux de ch\u00f4mage souvent sup\u00e9rieurs \u00e0 la moyenne nationale. Cette r\u00e9alit\u00e9 socio-\u00e9conomique peut avoir un impact direct sur l&rsquo;acc\u00e8s \u00e0 l&#8217;emploi pour les jeunes, en particulier pour ceux issus de milieux d\u00e9favoris\u00e9s ou peu qualifi\u00e9s.<\/p>\n<p>Les <a href=\"https:\/\/www.mes-allocs.fr\/guides\/contrat-engagement-jeune\/demarches-cej\/\">d\u00e9marches pour obtenir un Contrat d&rsquo;Engagement Jeune<\/a> (CEJ) varient selon d&rsquo;un d\u00e9partement \u00e0 un autre.<\/p>\n<h2>Les d\u00e9fis sp\u00e9cifiques de l&#8217;emploi des jeunes<\/h2>\n<p>Dans ce contexte, les jeunes \u00e0 N\u00eemes sont confront\u00e9s \u00e0 plusieurs d\u00e9fis en mati\u00e8re d&#8217;emploi. Tout d&rsquo;abord, l&rsquo;acc\u00e8s \u00e0 un premier emploi peut s&rsquo;av\u00e9rer complexe pour les jeunes dipl\u00f4m\u00e9s, qui font face \u00e0 une concurrence accrue sur un march\u00e9 du travail parfois restreint. De m\u00eame, les jeunes issus de milieux d\u00e9favoris\u00e9s ou peu qualifi\u00e9s rencontrent des difficult\u00e9s suppl\u00e9mentaires pour trouver un emploi stable et p\u00e9renne.<\/p>\n<p>Par ailleurs, la question de la pr\u00e9carit\u00e9 occupe une place importante dans la vie professionnelle des jeunes \u00e0 N\u00eemes. Les contrats courts, les emplois saisonniers et les stages non r\u00e9mun\u00e9r\u00e9s sont souvent la norme, ce qui fragilise la situation financi\u00e8re et sociale des jeunes travailleurs. Cette pr\u00e9carit\u00e9 peut \u00e9galement entraver leur acc\u00e8s au logement et \u00e0 l&rsquo;autonomie financi\u00e8re.<\/p>\n<p>Enfin, la transition entre la formation initiale et le march\u00e9 du travail repr\u00e9sente un d\u00e9fi majeur pour de nombreux jeunes \u00e0 N\u00eemes. L&rsquo;ad\u00e9quation entre les comp\u00e9tences acquises pendant la formation et les besoins des employeurs peut \u00eatre difficile \u00e0 trouver, ce qui peut entra\u00eener un d\u00e9calage entre l&rsquo;offre et la demande sur le march\u00e9 de l&#8217;emploi.<\/p>\n<p>Dans ce contexte, le Contrat d\u2019Engagement Jeune (CEJ) se positionne comme un outil strat\u00e9gique pour r\u00e9pondre \u00e0 ces d\u00e9fis sp\u00e9cifiques et favoriser l&rsquo;insertion professionnelle des jeunes \u00e0 N\u00eemes.<\/p>\n<h1>Pr\u00e9sentation du Contrat d\u2019Engagement Jeune (CEJ)<\/h1>\n<h2>D\u00e9finition et objectifs du CEJ<\/h2>\n<p>Le Contrat d\u2019Engagement Jeune (CEJ) est un dispositif visant \u00e0 favoriser l&rsquo;insertion professionnelle des jeunes en France. Il s&rsquo;agit d&rsquo;un contrat de travail sp\u00e9cifique, destin\u00e9 aux jeunes \u00e2g\u00e9s de <strong>16 \u00e0 25 ans (et jusqu&rsquo;\u00e0 30 ans pour les jeunes en situation de handicap)<\/strong>, qui offre des conditions avantageuses tant pour les employeurs que pour les jeunes eux-m\u00eames. Le CEJ vise \u00e0 encourager l&#8217;embauche des jeunes en proposant des mesures incitatives, telles que des aides financi\u00e8res ou des all\u00e8gements de charges, pour les entreprises qui recrutent des jeunes en CDI ou en CDD d&rsquo;au moins 12 mois.<\/p>\n<p>Les objectifs du CEJ sont multiples :<\/p>\n<ul>\n<li>Favoriser l&rsquo;acc\u00e8s des jeunes au march\u00e9 du travail en facilitant leur premi\u00e8re exp\u00e9rience professionnelle.<\/li>\n<li>R\u00e9duire le ch\u00f4mage des jeunes en encourageant les entreprises \u00e0 recruter des jeunes dipl\u00f4m\u00e9s ou peu qualifi\u00e9s.<\/li>\n<li>Contribuer \u00e0 la lutte contre la pr\u00e9carit\u00e9 en offrant des contrats stables et p\u00e9rennes aux jeunes travailleurs.<\/li>\n<li>Promouvoir l&#8217;employabilit\u00e9 des jeunes en favorisant leur formation et leur d\u00e9veloppement professionnel tout au long de leur contrat.<\/li>\n<\/ul>\n<p><iframe loading=\"lazy\" title=\"Le Contrat d&#039;Engagement Jeune (CEJ)\" width=\"500\" height=\"375\" src=\"https:\/\/www.youtube.com\/embed\/f_Hf5LBMHeQ?feature=oembed\" frameborder=\"0\" allow=\"accelerometer; autoplay; clipboard-write; encrypted-media; gyroscope; picture-in-picture; web-share\" referrerpolicy=\"strict-origin-when-cross-origin\" allowfullscreen><\/iframe><\/p>\n<h2>Le cadre l\u00e9gal et institutionnel<\/h2>\n<p>Le CEJ s&rsquo;inscrit dans un cadre l\u00e9gal d\u00e9fini par le Code du travail et les politiques publiques en faveur de l&#8217;emploi des jeunes. Ce dispositif est mis en \u0153uvre par l&rsquo;\u00c9tat en collaboration avec les collectivit\u00e9s territoriales, les organismes de formation, les entreprises et les partenaires sociaux. Le cadre l\u00e9gal du CEJ pr\u00e9voit notamment les conditions d&rsquo;\u00e9ligibilit\u00e9 des jeunes, les modalit\u00e9s de conclusion du contrat, les avantages pour les employeurs ainsi que les obligations des diff\u00e9rentes parties prenantes.<\/p>\n<p>Au niveau institutionnel, la mise en \u0153uvre du CEJ \u00e0 N\u00eemes est supervis\u00e9e par diff\u00e9rents acteurs, tels que la <strong>Direction r\u00e9gionale des entreprises, de la concurrence, de la consommation, du travail et de l&#8217;emploi (DIRECCTE)<\/strong>, les services de la pr\u00e9fecture, les missions locales, les chambres consulaires, les organismes de formation professionnelle, et les syndicats. Ces acteurs jouent un r\u00f4le essentiel dans l&rsquo;accompagnement des jeunes et des entreprises tout au long du processus de recrutement et d&rsquo;int\u00e9gration dans le cadre du CEJ.<\/p>\n<h2>Les acteurs impliqu\u00e9s dans la mise en \u0153uvre du CEJ \u00e0 N\u00eemes<\/h2>\n<p>\u00c0 N\u00eemes, la mise en \u0153uvre du CEJ implique la collaboration \u00e9troite entre diff\u00e9rents partenaires locaux, tant du secteur public que priv\u00e9. Parmi les acteurs principaux, on peut citer :<\/p>\n<ul>\n<li>La Ville de N\u00eemes et la M\u00e9tropole de N\u00eemes, qui soutiennent activement les initiatives en faveur de l&#8217;emploi des jeunes sur leur territoire.<\/li>\n<li>Les missions locales, qui assurent l&rsquo;accompagnement personnalis\u00e9 des jeunes dans leur recherche d&#8217;emploi et dans la construction de leur projet professionnel.<\/li>\n<li>Les entreprises locales, qui sont appel\u00e9es \u00e0 jouer un r\u00f4le cl\u00e9 en proposant des offres d&#8217;emploi adapt\u00e9es aux jeunes et en b\u00e9n\u00e9ficiant des avantages offerts par le CEJ.<\/li>\n<li>Les organismes de formation professionnelle, qui contribuent \u00e0 l&rsquo;insertion professionnelle des jeunes en proposant des formations qualifiantes et en favorisant l&rsquo;alternance.<\/li>\n<\/ul>\n<p>Ensemble, ces acteurs travaillent de concert pour promouvoir le d\u00e9veloppement de l&#8217;emploi des jeunes \u00e0 N\u00eemes \u00e0 travers la mise en \u0153uvre efficace du Contrat d\u2019Engagement Jeune.<\/p>\n<h1>Quelles sont les modalit\u00e9s de mise en \u0153uvre du CEJ \u00e0 N\u00eemes ?<\/h1>\n<h2>Les b\u00e9n\u00e9ficiaires du CEJ<\/h2>\n<p>Les b\u00e9n\u00e9ficiaires du Contrat d\u2019Engagement Jeune \u00e0 N\u00eemes sont les jeunes \u00e2g\u00e9s de 16 \u00e0 25 ans (et jusqu&rsquo;\u00e0 30 ans pour les jeunes en situation de handicap) qui rencontrent des difficult\u00e9s d&rsquo;insertion professionnelle. Ces jeunes peuvent \u00eatre issus de tous les niveaux de qualification, du CAP au master, et cherchent \u00e0 acc\u00e9der \u00e0 un premier emploi ou \u00e0 consolider leur exp\u00e9rience professionnelle. Ils peuvent \u00eatre demandeurs d&#8217;emploi, \u00e9tudiants, ou en reconversion professionnelle.<\/p>\n<h2>Les dispositifs d&rsquo;accompagnement et de formation<\/h2>\n<p>La mise en \u0153uvre du CEJ \u00e0 N\u00eemes s&rsquo;accompagne de dispositifs sp\u00e9cifiques d&rsquo;accompagnement et de formation visant \u00e0 faciliter l&rsquo;insertion professionnelle des jeunes. Ces dispositifs sont assur\u00e9s par les missions locales, les organismes de formation professionnelle, et d&rsquo;autres structures partenaires. Ils comprennent notamment :<\/p>\n<ul>\n<li>Un accompagnement personnalis\u00e9 pour aider les jeunes \u00e0 d\u00e9finir leur projet professionnel, \u00e0 r\u00e9diger leur CV, \u00e0 pr\u00e9parer leurs entretiens d&#8217;embauche, etc.<\/li>\n<li>Des actions de formation compl\u00e9mentaires pour renforcer les comp\u00e9tences professionnelles des jeunes et favoriser leur employabilit\u00e9 sur le march\u00e9 du travail.<\/li>\n<li>Des aides \u00e0 la mobilit\u00e9 pour faciliter l&rsquo;acc\u00e8s des jeunes \u00e0 leur lieu de travail ou de formation.<\/li>\n<\/ul>\n<h2>Les secteurs d&rsquo;activit\u00e9 concern\u00e9s<\/h2>\n<p>Le CEJ \u00e0 N\u00eemes s&rsquo;adresse \u00e0 tous les secteurs d&rsquo;activit\u00e9 \u00e9conomique, sans restriction particuli\u00e8re. Cependant, certains secteurs peuvent pr\u00e9senter des opportunit\u00e9s d&#8217;emploi plus importantes pour les jeunes, en fonction des besoins du march\u00e9 local. Parmi les secteurs d&rsquo;activit\u00e9 concern\u00e9s \u00e0 N\u00eemes, on peut citer l&rsquo;industrie agroalimentaire, le tourisme, les services \u00e0 la personne, le b\u00e2timent et les travaux publics, ainsi que le commerce et la distribution.<\/p>\n<h1>L&rsquo;impact du CEJ sur l&#8217;emploi des jeunes \u00e0 N\u00eemes<\/h1>\n<h2>L&rsquo;\u00e9valuation des r\u00e9sultats et des retomb\u00e9es<\/h2>\n<p>L&rsquo;\u00e9valuation des r\u00e9sultats et des retomb\u00e9es du CEJ \u00e0 N\u00eemes repose sur diff\u00e9rents indicateurs, tels que le taux d&rsquo;insertion professionnelle des jeunes, le taux de transformation des contrats pr\u00e9caires en contrats stables, ou encore le niveau de satisfaction des entreprises et des jeunes b\u00e9n\u00e9ficiaires du dispositif. Cette \u00e9valuation permet de mesurer l&rsquo;efficacit\u00e9 du CEJ dans la lutte contre le ch\u00f4mage des jeunes et dans la promotion de l&#8217;emploi stable et de qualit\u00e9 \u00e0 N\u00eemes.<\/p>\n<h2>Les t\u00e9moignages et retours d&rsquo;exp\u00e9rience<\/h2>\n<p>Les t\u00e9moignages et retours d&rsquo;exp\u00e9rience des jeunes b\u00e9n\u00e9ficiaires du CEJ \u00e0 N\u00eemes ainsi que des entreprises qui ont recrut\u00e9 des jeunes dans le cadre de ce dispositif sont \u00e9galement essentiels pour \u00e9valuer son impact. Ces t\u00e9moignages permettent de mettre en lumi\u00e8re les r\u00e9ussites et les \u00e9ventuelles difficult\u00e9s rencontr\u00e9es, et de tirer des enseignements pour am\u00e9liorer le dispositif.<\/p>\n<h2>Les perspectives d&rsquo;\u00e9volution et d&rsquo;am\u00e9lioration du dispositif<\/h2>\n<p>Enfin, les perspectives d&rsquo;\u00e9volution et d&rsquo;am\u00e9lioration du CEJ \u00e0 N\u00eemes visent \u00e0 renforcer son efficacit\u00e9 et son attractivit\u00e9 aupr\u00e8s des jeunes et des entreprises. Cela peut passer par des ajustements des dispositifs d&rsquo;accompagnement et de formation, par le d\u00e9veloppement de partenariats avec de nouveaux acteurs locaux, ou encore par la mise en place de mesures incitatives suppl\u00e9mentaires pour encourager l&#8217;embauche des jeunes.<\/p>\n<div class='cta-block'><div class='text'>Simulez votre \u00e9ligibilit\u00e9 au CEJ en 2 min. Gratuit.<\/div><a href='https:\/\/www.mes-allocs.fr\/ab-app?origin=guides\/wp-json\/wp\/v2\/posts\/78729' class='app-button fit'>Simulation gratuite<\/a><\/div>\n","protected":false},"excerpt":{"rendered":"<p>Le Contrat d\u2019Engagement Jeune (CEJ) constitue un levier essentiel dans la dynamisation de l&#8217;emploi des jeunes \u00e0 N\u00eemes, offrant des perspectives professionnelles et des opportunit\u00e9s de formation. En r\u00e9ponse aux d\u00e9fis \u00e9conomiques et sociaux, ce dispositif vise \u00e0 favoriser l&rsquo;insertion professionnelle des jeunes en leur proposant des parcours personnalis\u00e9s et adapt\u00e9s \u00e0 leurs besoins. Dans [&hellip;]<\/p>\n","protected":false},"author":26,"featured_media":78730,"comment_status":"open","ping_status":"open","sticky":false,"template":"","format":"standard","meta":{"amp_status":"","footnotes":""},"categories":[30057,33441],"tags":[],"class_list":["post-78729","post","type-post","status-publish","format-standard","has-post-thumbnail","hentry","category-contrat-engagement-jeune","category-demarches-cej"],"yoast_head":"<!-- This site is optimized with the Yoast SEO plugin v14.9 - https:\/\/yoast.com\/wordpress\/plugins\/seo\/ -->\n<title>La demande du Contrat d\u2019Engagement Jeune (CEJ) \u00e0 N\u00eemes | Mes-Allocs.fr<\/title>\n<meta name=\"description\" content=\"Le Contrat d\u2019Engagement Jeune (CEJ) constitue un levier essentiel dans la dynamisation de l&#039;emploi des jeunes \u00e0 N\u00eemes.\" \/>\n<meta name=\"robots\" content=\"index, follow, max-snippet:-1, max-image-preview:large, max-video-preview:-1\" \/>\n<link rel=\"canonical\" href=\"https:\/\/www.mes-allocs.fr\/guides\/contrat-engagement-jeune\/demarches-cej\/cej-nimes\/\" \/>\n<meta property=\"og:locale\" content=\"fr_FR\" \/>\n<meta property=\"og:type\" content=\"article\" \/>\n<meta property=\"og:title\" content=\"La demande du Contrat d\u2019Engagement Jeune (CEJ) \u00e0 N\u00eemes | Mes-Allocs.fr\" \/>\n<meta property=\"og:description\" content=\"Le Contrat d\u2019Engagement Jeune (CEJ) constitue un levier essentiel dans la dynamisation de l&#039;emploi des jeunes \u00e0 N\u00eemes.\" \/>\n<meta property=\"og:url\" content=\"https:\/\/www.mes-allocs.fr\/guides\/contrat-engagement-jeune\/demarches-cej\/cej-nimes\/\" \/>\n<meta property=\"og:site_name\" content=\"Mes-Allocs.fr\" \/>\n<meta property=\"article:published_time\" content=\"2024-05-13T16:02:58+00:00\" \/>\n<meta property=\"article:modified_time\" content=\"2026-04-22T09:53:11+00:00\" \/>\n<meta property=\"og:image\" content=\"https:\/\/www.mes-allocs.fr\/guides\/wp-content\/uploads\/2024\/05\/Cej-nimes-.jpg?wsr\" \/>\n\t<meta property=\"og:image:width\" content=\"797\" \/>\n\t<meta property=\"og:image:height\" content=\"766\" \/>\n<meta name=\"twitter:card\" content=\"summary_large_image\" \/>\n<script type=\"application\/ld+json\" class=\"yoast-schema-graph\">{\"@context\":\"https:\/\/schema.org\",\"@graph\":[{\"@type\":\"WebSite\",\"@id\":\"https:\/\/www.mes-allocs.fr\/guides\/#website\",\"url\":\"https:\/\/www.mes-allocs.fr\/guides\/\",\"name\":\"Mes-Allocs.fr\",\"description\":\"\",\"potentialAction\":[{\"@type\":\"SearchAction\",\"target\":\"https:\/\/www.mes-allocs.fr\/guides\/?s={search_term_string}\",\"query-input\":\"required name=search_term_string\"}],\"inLanguage\":\"fr-FR\"},{\"@type\":\"ImageObject\",\"@id\":\"https:\/\/www.mes-allocs.fr\/guides\/contrat-engagement-jeune\/demarches-cej\/cej-nimes\/#primaryimage\",\"inLanguage\":\"fr-FR\",\"url\":\"https:\/\/www.mes-allocs.fr\/guides\/wp-content\/uploads\/2024\/05\/Cej-nimes-.jpg?wsr\",\"width\":797,\"height\":766,\"caption\":\"Cej nimes\"},{\"@type\":\"WebPage\",\"@id\":\"https:\/\/www.mes-allocs.fr\/guides\/contrat-engagement-jeune\/demarches-cej\/cej-nimes\/#webpage\",\"url\":\"https:\/\/www.mes-allocs.fr\/guides\/contrat-engagement-jeune\/demarches-cej\/cej-nimes\/\",\"name\":\"La demande du Contrat d\\u2019Engagement Jeune (CEJ) \\u00e0 N\\u00eemes | Mes-Allocs.fr\",\"isPartOf\":{\"@id\":\"https:\/\/www.mes-allocs.fr\/guides\/#website\"},\"primaryImageOfPage\":{\"@id\":\"https:\/\/www.mes-allocs.fr\/guides\/contrat-engagement-jeune\/demarches-cej\/cej-nimes\/#primaryimage\"},\"datePublished\":\"2024-05-13T16:02:58+00:00\",\"dateModified\":\"2026-04-22T09:53:11+00:00\",\"author\":{\"@id\":\"https:\/\/www.mes-allocs.fr\/guides\/#\/schema\/person\/9c38f3be41a0ddcd1e3fde5a3df713bf\"},\"description\":\"Le Contrat d\\u2019Engagement Jeune (CEJ) constitue un levier essentiel dans la dynamisation de l'emploi des jeunes \\u00e0 N\\u00eemes.\",\"inLanguage\":\"fr-FR\"},{\"@type\":\"Person\",\"@id\":\"https:\/\/www.mes-allocs.fr\/guides\/#\/schema\/person\/9c38f3be41a0ddcd1e3fde5a3df713bf\",\"name\":\"Sessime Ananou\",\"image\":{\"@type\":\"ImageObject\",\"@id\":\"https:\/\/www.mes-allocs.fr\/guides\/#personlogo\",\"inLanguage\":\"fr-FR\",\"url\":\"https:\/\/www.mes-allocs.fr\/guides\/wp-content\/uploads\/2023\/08\/IMG_8173-150x150.jpg\",\"caption\":\"Sessime Ananou\"},\"description\":\"Sessime est r\\u00e9dactrice chez Mes Allocs, sp\\u00e9cialis\\u00e9e sur le pouvoir d'achat. Elle rejoint l'\\u00e9quipe Mes Allocs en ao\\u00fbt 2023 afin de simplifier l'acc\\u00e8s \\u00e0 l'information sur les aides en g\\u00e9n\\u00e9ral.\"}]}<\/script>\n<!-- \/ Yoast SEO plugin. -->","amp_validity":null,"acf":{"faq":{"1":{"question":"Quels sont les avantages du CEJ \u00e0 N\u00eemes ?","answer":"Le CEJ \u00e0 N\u00eemes offre de nombreux avantages, notamment un accompagnement personnalis\u00e9 pour faciliter l'insertion professionnelle, une allocation financi\u00e8re mensuelle pour couvrir les frais li\u00e9s \u00e0 la recherche d'emploi, et des actions de formation pour acqu\u00e9rir de nouvelles comp\u00e9tences."},"2":{"question":"Comment savoir si ma demande de CEJ \u00e0 N\u00eemes a \u00e9t\u00e9 accept\u00e9e ?","answer":"Une fois votre demande de CEJ soumise, vous serez inform\u00e9 des suites de votre demande par la Mission Locale ou P\u00f4le Emploi. Si votre demande est accept\u00e9e, vous serez contact\u00e9 pour signer le contrat et d\u00e9buter votre parcours d'insertion professionnelle."},"3":{"question":"Quelles sont les \u00e9tapes \u00e0 suivre pour obtenir un CEJ \u00e0 N\u00eemes ?","answer":"Les \u00e9tapes \u00e0 suivre pour obtenir un CEJ \u00e0 N\u00eemes comprennent la prise de contact avec la Mission Locale ou P\u00f4le Emploi, la constitution du dossier de demande, l'entretien avec un conseiller et la validation du contrat."},"4":{"question":"Comment faire une demande de CEJ \u00e0 N\u00eemes ?","answer":"Pour faire une demande de CEJ \u00e0 N\u00eemes, les jeunes doivent se rendre \u00e0 la Mission Locale de N\u00eemes ou contacter P\u00f4le Emploi. Ils seront accompagn\u00e9s dans leurs d\u00e9marches et pourront b\u00e9n\u00e9ficier d'un suivi personnalis\u00e9."},"5":{"question":"Qui peut b\u00e9n\u00e9ficier du CEJ \u00e0 N\u00eemes ?","answer":"Les jeunes \u00e2g\u00e9s de 16 \u00e0 25 ans (ou jusqu'\u00e0 29 ans pour les travailleurs handicap\u00e9s) peuvent b\u00e9n\u00e9ficier du CEJ \u00e0 N\u00eemes s'ils ne sont ni \u00e9tudiants ni engag\u00e9s dans des formations qualifiantes."},"6":{"question":"Qu'est-ce que le Contrat d\u2019Engagement Jeune (CEJ) ?","answer":"Le Contrat d\u2019Engagement Jeune (CEJ) est un dispositif visant \u00e0 accompagner les jeunes en difficult\u00e9 vers l'insertion professionnelle. Il offre un soutien personnalis\u00e9, comprenant des actions d'orientation, de formation et d'insertion professionnelle.\r\n"},"7":{"question":"","answer":""},"8":{"question":"","answer":""},"9":{"question":"","answer":""},"10":{"question":"","answer":""},"11":{"question":"","answer":""},"12":{"question":"","answer":""},"13":{"question":"","answer":""},"14":{"question":"","answer":""},"15":{"question":"","answer":""},"16":{"question":"","answer":""}}},"_links":{"self":[{"href":"https:\/\/www.mes-allocs.fr\/guides\/wp-json\/wp\/v2\/posts\/78729","targetHints":{"allow":["GET"]}}],"collection":[{"href":"https:\/\/www.mes-allocs.fr\/guides\/wp-json\/wp\/v2\/posts"}],"about":[{"href":"https:\/\/www.mes-allocs.fr\/guides\/wp-json\/wp\/v2\/types\/post"}],"author":[{"embeddable":true,"href":"https:\/\/www.mes-allocs.fr\/guides\/wp-json\/wp\/v2\/users\/26"}],"replies":[{"embeddable":true,"href":"https:\/\/www.mes-allocs.fr\/guides\/wp-json\/wp\/v2\/comments?post=78729"}],"version-history":[{"count":4,"href":"https:\/\/www.mes-allocs.fr\/guides\/wp-json\/wp\/v2\/posts\/78729\/revisions"}],"predecessor-version":[{"id":79373,"href":"https:\/\/www.mes-allocs.fr\/guides\/wp-json\/wp\/v2\/posts\/78729\/revisions\/79373"}],"wp:featuredmedia":[{"embeddable":true,"href":"https:\/\/www.mes-allocs.fr\/guides\/wp-json\/wp\/v2\/media\/78730"}],"wp:attachment":[{"href":"https:\/\/www.mes-allocs.fr\/guides\/wp-json\/wp\/v2\/media?parent=78729"}],"wp:term":[{"taxonomy":"category","embeddable":true,"href":"https:\/\/www.mes-allocs.fr\/guides\/wp-json\/wp\/v2\/categories?post=78729"},{"taxonomy":"post_tag","embeddable":true,"href":"https:\/\/www.mes-allocs.fr\/guides\/wp-json\/wp\/v2\/tags?post=78729"}],"curies":[{"name":"wp","href":"https:\/\/api.w.org\/{rel}","templated":true}]}}