{"id":78525,"date":"2024-05-13T14:57:35","date_gmt":"2024-05-13T12:57:35","guid":{"rendered":"https:\/\/www.mes-allocs.fr\/guides\/?p=78525"},"modified":"2026-04-22T10:53:11","modified_gmt":"2026-04-22T09:53:11","slug":"cej-lievin","status":"publish","type":"post","link":"https:\/\/www.mes-allocs.fr\/guides\/contrat-engagement-jeune\/demarches-cej\/cej-lievin\/","title":{"rendered":"La demande du Contrat d\u2019Engagement Jeune (CEJ) \u00e0 Li\u00e9vin"},"content":{"rendered":"<p><img loading=\"lazy\" decoding=\"async\" class=\"alignnone wp-image-69427 size-full\" title=\"Cej lievin\" src=\"https:\/\/www.mes-allocs.fr\/guides\/wp-content\/uploads\/2023\/10\/Bourse-crous-par-ville-e1696868922774.jpg\" alt=\"Cej lievin \" width=\"1280\" height=\"179\" srcset=\"https:\/\/www.mes-allocs.fr\/guides\/wp-content\/uploads\/2023\/10\/Bourse-crous-par-ville-e1696868922774.jpg 1280w, https:\/\/www.mes-allocs.fr\/guides\/wp-content\/uploads\/2023\/10\/Bourse-crous-par-ville-e1696868922774-300x42.jpg 300w, https:\/\/www.mes-allocs.fr\/guides\/wp-content\/uploads\/2023\/10\/Bourse-crous-par-ville-e1696868922774-1024x143.jpg 1024w, https:\/\/www.mes-allocs.fr\/guides\/wp-content\/uploads\/2023\/10\/Bourse-crous-par-ville-e1696868922774-768x107.jpg 768w, https:\/\/www.mes-allocs.fr\/guides\/wp-content\/uploads\/2023\/10\/Bourse-crous-par-ville-e1696868922774-600x84.jpg 600w\" sizes=\"auto, (max-width: 1280px) 100vw, 1280px\" \/><\/p>\n<p><strong>Le<a href=\"https:\/\/www.mes-allocs.fr\/guides\/contrat-engagement-jeune\/\"> Contrat d\u2019Engagement Jeune (CEJ)<\/a> \u00e0 Li\u00e9vin est un dispositif destin\u00e9 \u00e0 accompagner les jeunes en difficult\u00e9 dans leur insertion professionnelle. Il offre un soutien personnalis\u00e9 aux jeunes de 16 \u00e0 25 ans (ou jusqu&rsquo;\u00e0 29 ans pour les travailleurs handicap\u00e9s) qui ne sont ni \u00e9tudiants ni engag\u00e9s dans des formations qualifiantes. <\/strong><strong>Dans cet article, nous explorerons les modalit\u00e9s de demande du CEJ \u00e0 Li\u00e9vin, les crit\u00e8res d&rsquo;\u00e9ligibilit\u00e9, ainsi que les \u00e9tapes \u00e0 suivre pour b\u00e9n\u00e9ficier de ce dispositif.<\/strong><\/p>\n<div class='cta-block'><div class='text'>Simulez votre \u00e9ligibilit\u00e9 au CEJ en 2 min. Gratuit.<\/div><a href='https:\/\/www.mes-allocs.fr\/ab-app?origin=guides\/wp-json\/wp\/v2\/posts\/78525' class='app-button fit'>Simulation gratuite<\/a><\/div>\n<h1>Pr\u00e9sentation du <strong> Contrat d\u2019Engagement Jeune<\/strong> (CEJ)<\/h1>\n<h2>D\u00e9finition et objectifs du CEJ<\/h2>\n<p>Le Contrat d\u2019Engagement Jeune (CEJ) est un dispositif visant \u00e0 favoriser l&rsquo;insertion professionnelle des jeunes en difficult\u00e9. Il remplace la Garantie Jeunes et s&rsquo;adresse aux jeunes de 16 \u00e0 25 ans (ou jusqu&rsquo;\u00e0 29 ans pour les travailleurs handicap\u00e9s) qui ne sont ni en emploi, ni en \u00e9tudes, ni en formation (NEET). L&rsquo;objectif principal du CEJ est de soutenir ces jeunes dans leur recherche d&#8217;emploi et de les accompagner vers une insertion durable sur le march\u00e9 du travail.<\/p>\n<p><iframe loading=\"lazy\" title=\"Le Contrat d&#039;Engagement Jeune (CEJ)\" width=\"500\" height=\"375\" src=\"https:\/\/www.youtube.com\/embed\/f_Hf5LBMHeQ?feature=oembed\" frameborder=\"0\" allow=\"accelerometer; autoplay; clipboard-write; encrypted-media; gyroscope; picture-in-picture; web-share\" referrerpolicy=\"strict-origin-when-cross-origin\" allowfullscreen><\/iframe><\/p>\n<h2>Avantages et accompagnement propos\u00e9 aux jeunes<\/h2>\n<p>Le CEJ offre aux jeunes participants un accompagnement personnalis\u00e9 tout au long de leur parcours d&rsquo;insertion professionnelle. Cet accompagnement peut inclure des actions de formation, des ateliers d&rsquo;orientation professionnelle, des s\u00e9ances de coaching individuel, ainsi que des p\u00e9riodes d&rsquo;immersion en entreprise. De plus, les jeunes b\u00e9n\u00e9ficient d&rsquo;une allocation financi\u00e8re mensuelle pour les aider \u00e0 couvrir leurs d\u00e9penses pendant leur recherche d&#8217;emploi. Ce dispositif vise \u00e0 renforcer les comp\u00e9tences des jeunes, \u00e0 favoriser leur autonomie et \u00e0 les aider \u00e0 surmonter les obstacles rencontr\u00e9s sur le chemin de l&#8217;emploi.<\/p>\n<p>Les <a href=\"https:\/\/www.mes-allocs.fr\/guides\/contrat-engagement-jeune\/demarches-cej\/\">processus de demande du CEJ<\/a>\u00a0peuvent varier selon les r\u00e9gions.<\/p>\n<h1>Conditions d\u2019\u00e9ligibilit\u00e9 au CEJ \u00e0 Li\u00e9vin<\/h1>\n<h2>\u00c2ge et situation professionnelle des b\u00e9n\u00e9ficiaires<\/h2>\n<p>Pour \u00eatre \u00e9ligible au Contrat d\u2019Engagement Jeune (CEJ) \u00e0 Li\u00e9vin, il faut r\u00e9pondre \u00e0 certains crit\u00e8res li\u00e9s \u00e0 l&rsquo;\u00e2ge et \u00e0 la situation professionnelle. Le CEJ s&rsquo;adresse aux <strong>jeunes \u00e2g\u00e9s de 16 \u00e0 25 ans<\/strong> (ou jusqu&rsquo;\u00e0 29 ans pour les travailleurs handicap\u00e9s) qui ne sont ni en emploi, ni en \u00e9tudes, ni en formation (NEET). Cette cat\u00e9gorie de jeunes est souvent confront\u00e9e \u00e0 des difficult\u00e9s d&rsquo;insertion professionnelle, et le CEJ vise \u00e0 leur offrir un soutien adapt\u00e9 pour favoriser leur acc\u00e8s \u00e0 l&#8217;emploi.<\/p>\n<h2>Crit\u00e8res sp\u00e9cifiques pour les jeunes travailleurs handicap\u00e9s<\/h2>\n<div class=\"flex flex-grow flex-col max-w-full\">\n<div class=\"min-h-[20px] text-message flex flex-col items-start whitespace-pre-wrap break-words [.text-message+&amp;]:mt-5 juice:w-full juice:items-end overflow-x-auto gap-3\" dir=\"auto\" data-message-author-role=\"assistant\" data-message-id=\"e2efbeb3-3f0d-44a2-9606-42cd0fd67952\">\n<div class=\"markdown prose w-full break-words dark:prose-invert dark\">\n<p>Les jeunes travailleurs handicap\u00e9s peuvent \u00e9galement b\u00e9n\u00e9ficier du CEJ \u00e0 Li\u00e9vin, mais ils doivent remplir certaines conditions sp\u00e9cifiques. En plus de respecter l&rsquo;\u00e2ge limite de 29 ans, ils doivent pr\u00e9senter une reconnaissance de la qualit\u00e9 de travailleur handicap\u00e9 (RQTH). Cette reconnaissance atteste de leur situation de handicap et leur donne acc\u00e8s \u00e0 des dispositifs d&rsquo;accompagnement et d&rsquo;insertion professionnelle adapt\u00e9s \u00e0 leurs besoins.<\/p>\n<\/div>\n<\/div>\n<\/div>\n<h1>Proc\u00e9dure de demande du CEJ \u00e0 Li\u00e9vin<\/h1>\n<h2>Les \u00e9tapes \u00e0 suivre pour faire sa demande<\/h2>\n<ol>\n<li><strong>Prise de contact<\/strong> : le premier pas consiste \u00e0 contacter les organismes comp\u00e9tents pour faire une demande de CEJ. Il est g\u00e9n\u00e9ralement conseill\u00e9 de s&rsquo;adresser \u00e0 P\u00f4le Emploi ou \u00e0 la Mission Locale de Li\u00e8vin, qui sont charg\u00e9s de l&rsquo;accompagnement des jeunes en recherche d&#8217;emploi ou en situation de pr\u00e9carit\u00e9 professionnelle.<\/li>\n<li><strong>Entretien initial<\/strong> : une fois en contact avec ces organismes, un premier entretien sera organis\u00e9 pour \u00e9valuer votre situation et vos besoins. Vous serez inform\u00e9 des d\u00e9marches \u00e0 suivre pour constituer votre dossier de demande de CEJ.<\/li>\n<li><strong>Constitution du dossier<\/strong> : vous devrez rassembler les documents n\u00e9cessaires pour constituer votre dossier de demande, qui peut varier en fonction des exigences de chaque organisme. Il peut s&rsquo;agir de pi\u00e8ces d&rsquo;identit\u00e9, de justificatifs de situation professionnelle et \u00e9ventuellement de documents li\u00e9s \u00e0 votre situation de handicap si vous \u00eates concern\u00e9.<\/li>\n<\/ol>\n<h2>Le processus de validation et d&rsquo;attribution du contrat<\/h2>\n<ol>\n<li><strong>\u00c9valuation du dossier<\/strong> : une fois votre dossier complet d\u00e9pos\u00e9, il sera examin\u00e9 par les services comp\u00e9tents pour \u00e9valuer votre \u00e9ligibilit\u00e9 au CEJ. Cette \u00e9valuation prend en compte diff\u00e9rents crit\u00e8res, notamment votre \u00e2ge, votre situation professionnelle et \u00e9ventuellement votre situation de handicap.<\/li>\n<li><strong>Entretien d&rsquo;\u00e9valuation<\/strong> : vous serez peut-\u00eatre convoqu\u00e9 \u00e0 un entretien d&rsquo;\u00e9valuation compl\u00e9mentaire pour discuter de votre projet professionnel, de vos comp\u00e9tences et de vos besoins en mati\u00e8re d&rsquo;accompagnement. Cet entretien vise \u00e0 mieux cerner votre profil et \u00e0 d\u00e9finir les actions \u00e0 mettre en place pour favoriser votre insertion professionnelle.<\/li>\n<li><strong>Attribution du contrat<\/strong> : si votre dossier est jug\u00e9 recevable et que votre profil correspond aux crit\u00e8res du CEJ, vous pourrez obtenir l&rsquo;attribution d&rsquo;un contrat d&rsquo;engagement jeune. Ce contrat pr\u00e9cisera les modalit\u00e9s d&rsquo;accompagnement qui vous seront propos\u00e9es, ainsi que les engagements r\u00e9ciproques entre vous et les organismes partenaires.<\/li>\n<\/ol>\n<p>&nbsp;<\/p>\n<h1>Ressources et contacts utiles pour votre inscription au CEJ \u00e0 Li\u00e9vin<\/h1>\n<h2>Les organismes d&rsquo;accompagnement<\/h2>\n<ol>\n<li><strong>P\u00f4le Emploi<\/strong> : P\u00f4le Emploi est l&rsquo;organisme public charg\u00e9 de l&#8217;emploi en France. Il propose un accompagnement global aux demandeurs d&#8217;emploi, y compris les jeunes en recherche de solutions d&rsquo;insertion professionnelle. Vous pouvez vous rendre dans l&rsquo;agence P\u00f4le Emploi de Li\u00e9vin pour obtenir des informations sur le CEJ et entamer les d\u00e9marches n\u00e9cessaires.<\/li>\n<li><strong>Mission Locale<\/strong> : la Mission Locale est un service d&rsquo;accompagnement destin\u00e9 aux jeunes de 16 \u00e0 25 ans qui rencontrent des difficult\u00e9s d&rsquo;insertion sociale et professionnelle. Elle offre un accompagnement personnalis\u00e9, des conseils et des aides pour faciliter l&rsquo;acc\u00e8s \u00e0 l&#8217;emploi et \u00e0 la formation. La Mission Locale de Li\u00e9vin peut vous aider dans vos d\u00e9marches pour b\u00e9n\u00e9ficier du CEJ.<\/li>\n<\/ol>\n<h2>Les contacts utiles<\/h2>\n<ul>\n<li><strong>P\u00f4le Emploi Li\u00e9vin<\/strong> :\n<ul>\n<li>Adresse : 5 rue L\u00e9on-Blum, 62800 Li\u00e9vin<\/li>\n<li>T\u00e9l\u00e9phone : 3949<\/li>\n<\/ul>\n<\/li>\n<\/ul>\n<p>Ouvert du lundi au jeudi de 08:30 heures \u00e0 12:00 heures et de 13:00 heures \u00e0 16:30 heures<\/p>\n<p>Ouvert le vendredi de 09:00 heures \u00e0 12:00 heures<\/p>\n<ul>\n<li><strong>Mission Locale de Li\u00e9vin<\/strong> :\n<ul>\n<li>Adresse : 91 Av. Jean Jaur\u00e8s, 62800 Li\u00e9vin, France<\/li>\n<li>T\u00e9l\u00e9phone : +33 3 21 74 80 40<\/li>\n<\/ul>\n<\/li>\n<\/ul>\n<p>La Mission Locale de Lens \u2013 Li\u00e9vin constitue un acteur cl\u00e9 dans l&rsquo;accompagnement des jeunes vers l&#8217;emploi. En offrant un soutien individualis\u00e9 et des solutions pratiques, elle joue un r\u00f4le d\u00e9terminant dans la promotion de l&rsquo;insertion professionnelle des jeunes de la r\u00e9gion.<\/p>\n<h1>Que faire \u00e0 Li\u00e9vin ?<\/h1>\n<p>\u00c0 Li\u00e9vin, vous trouverez une vari\u00e9t\u00e9 d&rsquo;activit\u00e9s adapt\u00e9es \u00e0 tous les go\u00fbts. Pour les amateurs d&rsquo;art et de culture, une visite au Mus\u00e9e du Louvre-Lens est incontournable. Ce mus\u00e9e abrite des expositions temporaires et permanentes mettant en valeur des \u0153uvres d&rsquo;art de renomm\u00e9e mondiale.<\/p>\n<p>Si vous pr\u00e9f\u00e9rez passer du temps en plein air, le<strong> Parc des Cytises<\/strong> est l&rsquo;endroit id\u00e9al. Avec ses vastes espaces verts, ses sentiers de promenade et ses aires de jeux pour enfants, c&rsquo;est un lieu parfait pour se d\u00e9tendre en famille ou entre amis.<\/p>\n<p>Les amateurs de sport appr\u00e9cieront le<strong> Stade F\u00e9lix Bollaert,<\/strong> o\u00f9 sont organis\u00e9s r\u00e9guli\u00e8rement des \u00e9v\u00e9nements sportifs vari\u00e9s, notamment des matchs de football. L&rsquo;ambiance y est souvent festive et conviviale.<\/p>\n<p>En ce qui concerne les loisirs, Li\u00e9vin propose \u00e9galement une gamme diversifi\u00e9e de commerces, de restaurants et de caf\u00e9s dans ses diff\u00e9rents quartiers. Vous pouvez profiter d&rsquo;une journ\u00e9e de shopping, d\u00e9guster des sp\u00e9cialit\u00e9s locales ou simplement vous d\u00e9tendre en terrasse.<\/p>\n<p>Quels que soient vos centres d&rsquo;int\u00e9r\u00eat, Li\u00e9vin offre une multitude d&rsquo;options pour passer un agr\u00e9able moment et d\u00e9couvrir tout ce que la ville a \u00e0 offrir.<\/p>\n<div class='cta-block'><div class='text'>Simulez votre \u00e9ligibilit\u00e9 au CEJ en 2 min. Gratuit.<\/div><a href='https:\/\/www.mes-allocs.fr\/ab-app?origin=guides\/wp-json\/wp\/v2\/posts\/78525' class='app-button fit'>Simulation gratuite<\/a><\/div>\n","protected":false},"excerpt":{"rendered":"<p>Le Contrat d\u2019Engagement Jeune (CEJ) \u00e0 Li\u00e9vin est un dispositif destin\u00e9 \u00e0 accompagner les jeunes en difficult\u00e9 dans leur insertion professionnelle. Il offre un soutien personnalis\u00e9 aux jeunes de 16 \u00e0 25 ans (ou jusqu&rsquo;\u00e0 29 ans pour les travailleurs handicap\u00e9s) qui ne sont ni \u00e9tudiants ni engag\u00e9s dans des formations qualifiantes. Dans cet article, [&hellip;]<\/p>\n","protected":false},"author":26,"featured_media":78556,"comment_status":"open","ping_status":"open","sticky":false,"template":"","format":"standard","meta":{"amp_status":"","footnotes":""},"categories":[30057,33441],"tags":[],"class_list":["post-78525","post","type-post","status-publish","format-standard","has-post-thumbnail","hentry","category-contrat-engagement-jeune","category-demarches-cej"],"yoast_head":"<!-- This site is optimized with the Yoast SEO plugin v14.9 - https:\/\/yoast.com\/wordpress\/plugins\/seo\/ -->\n<title>La demande du Contrat d\u2019Engagement Jeune (CEJ) \u00e0 Li\u00e9vin | Mes-Allocs.fr<\/title>\n<meta name=\"description\" content=\"Nous explorerons les modalit\u00e9s de demande du CEJ \u00e0 Li\u00e9vin, les crit\u00e8res d&#039;\u00e9ligibilit\u00e9, les \u00e9tapes \u00e0 suivre pour b\u00e9n\u00e9ficier de ce dispositif.\" \/>\n<meta name=\"robots\" content=\"index, follow, max-snippet:-1, max-image-preview:large, max-video-preview:-1\" \/>\n<link rel=\"canonical\" href=\"https:\/\/www.mes-allocs.fr\/guides\/contrat-engagement-jeune\/demarches-cej\/cej-lievin\/\" \/>\n<meta property=\"og:locale\" content=\"fr_FR\" \/>\n<meta property=\"og:type\" content=\"article\" \/>\n<meta property=\"og:title\" content=\"La demande du Contrat d\u2019Engagement Jeune (CEJ) \u00e0 Li\u00e9vin | Mes-Allocs.fr\" \/>\n<meta property=\"og:description\" content=\"Nous explorerons les modalit\u00e9s de demande du CEJ \u00e0 Li\u00e9vin, les crit\u00e8res d&#039;\u00e9ligibilit\u00e9, les \u00e9tapes \u00e0 suivre pour b\u00e9n\u00e9ficier de ce dispositif.\" \/>\n<meta property=\"og:url\" content=\"https:\/\/www.mes-allocs.fr\/guides\/contrat-engagement-jeune\/demarches-cej\/cej-lievin\/\" \/>\n<meta property=\"og:site_name\" content=\"Mes-Allocs.fr\" \/>\n<meta property=\"article:published_time\" content=\"2024-05-13T12:57:35+00:00\" \/>\n<meta property=\"article:modified_time\" content=\"2026-04-22T09:53:11+00:00\" \/>\n<meta property=\"og:image\" content=\"https:\/\/www.mes-allocs.fr\/guides\/wp-content\/uploads\/2024\/05\/cej-lievin-scaled.jpg?wsr\" \/>\n\t<meta property=\"og:image:width\" content=\"2560\" \/>\n\t<meta property=\"og:image:height\" content=\"2065\" \/>\n<meta name=\"twitter:card\" content=\"summary_large_image\" \/>\n<script type=\"application\/ld+json\" class=\"yoast-schema-graph\">{\"@context\":\"https:\/\/schema.org\",\"@graph\":[{\"@type\":\"WebSite\",\"@id\":\"https:\/\/www.mes-allocs.fr\/guides\/#website\",\"url\":\"https:\/\/www.mes-allocs.fr\/guides\/\",\"name\":\"Mes-Allocs.fr\",\"description\":\"\",\"potentialAction\":[{\"@type\":\"SearchAction\",\"target\":\"https:\/\/www.mes-allocs.fr\/guides\/?s={search_term_string}\",\"query-input\":\"required name=search_term_string\"}],\"inLanguage\":\"fr-FR\"},{\"@type\":\"ImageObject\",\"@id\":\"https:\/\/www.mes-allocs.fr\/guides\/contrat-engagement-jeune\/demarches-cej\/cej-lievin\/#primaryimage\",\"inLanguage\":\"fr-FR\",\"url\":\"https:\/\/www.mes-allocs.fr\/guides\/wp-content\/uploads\/2024\/05\/cej-lievin-scaled.jpg?wsr\",\"width\":2560,\"height\":2065,\"caption\":\"cej lievin\"},{\"@type\":\"WebPage\",\"@id\":\"https:\/\/www.mes-allocs.fr\/guides\/contrat-engagement-jeune\/demarches-cej\/cej-lievin\/#webpage\",\"url\":\"https:\/\/www.mes-allocs.fr\/guides\/contrat-engagement-jeune\/demarches-cej\/cej-lievin\/\",\"name\":\"La demande du Contrat d\\u2019Engagement Jeune (CEJ) \\u00e0 Li\\u00e9vin | Mes-Allocs.fr\",\"isPartOf\":{\"@id\":\"https:\/\/www.mes-allocs.fr\/guides\/#website\"},\"primaryImageOfPage\":{\"@id\":\"https:\/\/www.mes-allocs.fr\/guides\/contrat-engagement-jeune\/demarches-cej\/cej-lievin\/#primaryimage\"},\"datePublished\":\"2024-05-13T12:57:35+00:00\",\"dateModified\":\"2026-04-22T09:53:11+00:00\",\"author\":{\"@id\":\"https:\/\/www.mes-allocs.fr\/guides\/#\/schema\/person\/9c38f3be41a0ddcd1e3fde5a3df713bf\"},\"description\":\"Nous explorerons les modalit\\u00e9s de demande du CEJ \\u00e0 Li\\u00e9vin, les crit\\u00e8res d'\\u00e9ligibilit\\u00e9, les \\u00e9tapes \\u00e0 suivre pour b\\u00e9n\\u00e9ficier de ce dispositif.\",\"inLanguage\":\"fr-FR\"},{\"@type\":\"Person\",\"@id\":\"https:\/\/www.mes-allocs.fr\/guides\/#\/schema\/person\/9c38f3be41a0ddcd1e3fde5a3df713bf\",\"name\":\"Sessime Ananou\",\"image\":{\"@type\":\"ImageObject\",\"@id\":\"https:\/\/www.mes-allocs.fr\/guides\/#personlogo\",\"inLanguage\":\"fr-FR\",\"url\":\"https:\/\/www.mes-allocs.fr\/guides\/wp-content\/uploads\/2023\/08\/IMG_8173-150x150.jpg\",\"caption\":\"Sessime Ananou\"},\"description\":\"Sessime est r\\u00e9dactrice chez Mes Allocs, sp\\u00e9cialis\\u00e9e sur le pouvoir d'achat. Elle rejoint l'\\u00e9quipe Mes Allocs en ao\\u00fbt 2023 afin de simplifier l'acc\\u00e8s \\u00e0 l'information sur les aides en g\\u00e9n\\u00e9ral.\"}]}<\/script>\n<!-- \/ Yoast SEO plugin. -->","amp_validity":null,"acf":{"faq":{"1":{"question":"Qu'est-ce que le Contrat d\u2019Engagement Jeune (CEJ) ?","answer":"Le Contrat d\u2019Engagement Jeune (CEJ) est un dispositif d'accompagnement visant \u00e0 soutenir les jeunes en difficult\u00e9 dans leur insertion professionnelle. Il offre un accompagnement personnalis\u00e9 comprenant des actions d'orientation, de formation et d'insertion professionnelle, ainsi qu'une allocation financi\u00e8re mensuelle pour aider les jeunes \u00e0 couvrir leurs d\u00e9penses pendant leur recherche d'emploi et leur parcours d'insertion professionnelle."},"2":{"question":"Quels sont les avantages du CEJ \u00e0 Li\u00e9vin ?","answer":"Les avantages du CEJ \u00e0 Li\u00e9vin sont multiples. Il permet aux jeunes de b\u00e9n\u00e9ficier d'un accompagnement individualis\u00e9 adapt\u00e9 \u00e0 leurs besoins, d'actions concr\u00e8tes pour favoriser leur insertion professionnelle, ainsi que d'une allocation financi\u00e8re mensuelle pour les aider dans leur quotidien pendant leur recherche d'emploi."},"3":{"question":"Qui est \u00e9ligible au CEJ \u00e0 Li\u00e9vin ?","answer":"Pour \u00eatre \u00e9ligible au CEJ \u00e0 Li\u00e9vin, il faut avoir entre 16 et 25 ans (ou jusqu'\u00e0 29 ans pour les travailleurs handicap\u00e9s), ne pas \u00eatre \u00e9tudiant ni engag\u00e9 dans des formations qualifiantes, et \u00eatre en situation de pr\u00e9carit\u00e9 professionnelle."},"4":{"question":"Comment puis-je demander le CEJ \u00e0 Li\u00e9vin ?","answer":"Pour demander le CEJ \u00e0 Li\u00e9vin, il faut se renseigner aupr\u00e8s de P\u00f4le Emploi ou de la Mission Locale. Ils pourront fournir toutes les informations n\u00e9cessaires sur les d\u00e9marches \u00e0 suivre et les documents \u00e0 fournir pour faire sa demande.\r\n\r\n"},"5":{"question":"Quelles sont les d\u00e9marches \u00e0 suivre apr\u00e8s avoir fait ma demande ?","answer":"Apr\u00e8s avoir fait sa demande de CEJ \u00e0 Li\u00e9vin, il est important de suivre les instructions donn\u00e9es par P\u00f4le Emploi ou la Mission Locale, et de fournir tous les documents n\u00e9cessaires dans les d\u00e9lais impartis. Il faut \u00e9galement rester en contact avec son r\u00e9f\u00e9rent pour suivre l'avancement de sa demande."},"6":{"question":"Y a-t-il des dispositifs compl\u00e9mentaires au CEJ \u00e0 Li\u00e9vin ?","answer":"Oui, il existe des dispositifs compl\u00e9mentaires au CEJ \u00e0 Li\u00e9vin. Par exemple, certaines structures proposent des accompagnements sp\u00e9cifiques pour les jeunes en situation de handicap, des formations compl\u00e9mentaires, ou encore des aides \u00e0 la mobilit\u00e9 pour faciliter l'acc\u00e8s \u00e0 l'emploi. Il est recommand\u00e9 de se renseigner aupr\u00e8s des structures locales pour conna\u00eetre toutes les possibilit\u00e9s d'accompagnement disponibles."},"7":{"question":"","answer":""},"8":{"question":"","answer":""},"9":{"question":"","answer":""},"10":{"question":"","answer":""},"11":{"question":"","answer":""},"12":{"question":"","answer":""},"13":{"question":"","answer":""},"14":{"question":"","answer":""},"15":{"question":"","answer":""},"16":{"question":"","answer":""}}},"_links":{"self":[{"href":"https:\/\/www.mes-allocs.fr\/guides\/wp-json\/wp\/v2\/posts\/78525","targetHints":{"allow":["GET"]}}],"collection":[{"href":"https:\/\/www.mes-allocs.fr\/guides\/wp-json\/wp\/v2\/posts"}],"about":[{"href":"https:\/\/www.mes-allocs.fr\/guides\/wp-json\/wp\/v2\/types\/post"}],"author":[{"embeddable":true,"href":"https:\/\/www.mes-allocs.fr\/guides\/wp-json\/wp\/v2\/users\/26"}],"replies":[{"embeddable":true,"href":"https:\/\/www.mes-allocs.fr\/guides\/wp-json\/wp\/v2\/comments?post=78525"}],"version-history":[{"count":3,"href":"https:\/\/www.mes-allocs.fr\/guides\/wp-json\/wp\/v2\/posts\/78525\/revisions"}],"predecessor-version":[{"id":79377,"href":"https:\/\/www.mes-allocs.fr\/guides\/wp-json\/wp\/v2\/posts\/78525\/revisions\/79377"}],"wp:featuredmedia":[{"embeddable":true,"href":"https:\/\/www.mes-allocs.fr\/guides\/wp-json\/wp\/v2\/media\/78556"}],"wp:attachment":[{"href":"https:\/\/www.mes-allocs.fr\/guides\/wp-json\/wp\/v2\/media?parent=78525"}],"wp:term":[{"taxonomy":"category","embeddable":true,"href":"https:\/\/www.mes-allocs.fr\/guides\/wp-json\/wp\/v2\/categories?post=78525"},{"taxonomy":"post_tag","embeddable":true,"href":"https:\/\/www.mes-allocs.fr\/guides\/wp-json\/wp\/v2\/tags?post=78525"}],"curies":[{"name":"wp","href":"https:\/\/api.w.org\/{rel}","templated":true}]}}