{"id":77756,"date":"2024-05-06T10:43:12","date_gmt":"2024-05-06T08:43:12","guid":{"rendered":"https:\/\/www.mes-allocs.fr\/guides\/?p=77756"},"modified":"2026-04-22T10:53:11","modified_gmt":"2026-04-22T09:53:11","slug":"indemnite-depart-a-la-retraite","status":"publish","type":"post","link":"https:\/\/www.mes-allocs.fr\/guides\/retraite\/indemnite-depart-a-la-retraite\/","title":{"rendered":"Indemnit\u00e9 d\u00e9part \u00e0 la retraite : Conditions, montants, d\u00e9marches"},"content":{"rendered":"<p><img loading=\"lazy\" decoding=\"async\" class=\"alignnone wp-image-77761 size-full\" title=\"indemnit\u00e9 d\u00e9part \u00e0 la retraite\" src=\"https:\/\/www.mes-allocs.fr\/guides\/wp-content\/uploads\/2024\/05\/lucky-pig-2822886_1280-e1714984677217.jpg\" alt=\"indemnit\u00e9 d\u00e9part \u00e0 la retraite\" width=\"1280\" height=\"304\" srcset=\"https:\/\/www.mes-allocs.fr\/guides\/wp-content\/uploads\/2024\/05\/lucky-pig-2822886_1280-e1714984677217.jpg 1280w, https:\/\/www.mes-allocs.fr\/guides\/wp-content\/uploads\/2024\/05\/lucky-pig-2822886_1280-e1714984677217-300x71.jpg 300w, https:\/\/www.mes-allocs.fr\/guides\/wp-content\/uploads\/2024\/05\/lucky-pig-2822886_1280-e1714984677217-1024x243.jpg 1024w, https:\/\/www.mes-allocs.fr\/guides\/wp-content\/uploads\/2024\/05\/lucky-pig-2822886_1280-e1714984677217-768x182.jpg 768w, https:\/\/www.mes-allocs.fr\/guides\/wp-content\/uploads\/2024\/05\/lucky-pig-2822886_1280-e1714984677217-600x143.jpg 600w\" sizes=\"auto, (max-width: 1280px) 100vw, 1280px\" \/><\/p>\n<p><strong><span style=\"font-weight: 400;\">[Mis \u00e0 jour le 17\/03\/2026] <\/span><\/strong>Les indemnit\u00e9s de fin de carri\u00e8re, \u00e9galement appel\u00e9es<strong> indemnit\u00e9s de d\u00e9part \u00e0 la <a href=\"https:\/\/www.mes-allocs.fr\/guides\/retraite\/\">retraite<\/a>,<\/strong> sont des sommes vers\u00e9es par l&#8217;employeur au salari\u00e9 qui quitte l&rsquo;entreprise pour prendre sa retraite. Ces indemnit\u00e9s sont soumises \u00e0 diff\u00e9rentes conditions et leur montant varie en fonction de certains crit\u00e8res. Mes Allocs vous explique tout.<\/p>\n<div class='cta-block'><div class='text'>Simulez votre retraite en 2 min.<\/div><a href='https:\/\/www.mes-allocs.fr\/formulaire\/retraite?utm_source=seo&origin=guides\/wp-json\/wp\/v2\/posts\/77756' class='app-button fit'>Simulation gratuite<\/a><\/div>\n<h1><strong>Qu\u2019est-ce que l\u2019indemnit\u00e9 de d\u00e9part \u00e0 la retraite ?\u00a0<\/strong><\/h1>\n<p><span style=\"font-weight: 400;\">L\u2019indemnit\u00e9 de d\u00e9part \u00e0 la retraite est une<\/span><b> somme vers\u00e9e par l\u2019employeur au salari\u00e9 lors de son d\u00e9part \u00e0 la retraite.<\/b><span style=\"font-weight: 400;\"> Cette indemnit\u00e9 vise \u00e0 compenser la perte de revenu engendr\u00e9e par l\u2019arr\u00eat de l\u2019activit\u00e9 professionnelle. Elle est souvent calcul\u00e9e en fonction de la dur\u00e9e de service du salari\u00e9 dans l\u2019entreprise.<\/span><\/p>\n<h1><strong>Quelles sont les conditions pour b\u00e9n\u00e9ficier d\u2019une indemnit\u00e9 de d\u00e9part \u00e0 la retraite ?<\/strong><\/h1>\n<h2><strong>Conditions pour les salari\u00e9s du priv\u00e9<\/strong><\/h2>\n<p><span style=\"font-weight: 400;\">L\u2019indemnit\u00e9 de d\u00e9part \u00e0 la retraite, aussi appel\u00e9e prime de d\u00e9part, est r\u00e9serv\u00e9e aux salari\u00e9s du secteur priv\u00e9 qui remplissent certaines conditions. Pour en b\u00e9n\u00e9ficier, voici les crit\u00e8res \u00e0 respecter :<\/span><\/p>\n<p><span style=\"font-weight: 400;\">Le salari\u00e9 doit <strong>avoir au moins 62 ans<\/strong> (sauf exceptions telles que les carri\u00e8res longues, la p\u00e9nibilit\u00e9 ou une invalidit\u00e9). <\/span><\/p>\n<p><span style=\"font-weight: 400;\">Le salari\u00e9 doit \u00e9galement <strong>faire une demande de retraite de base et compl\u00e9mentaire.<\/strong> Si l\u2019employeur d\u00e9cide de mettre fin au contrat du salari\u00e9 en imposant la retraite, celui-ci n\u2019aura pas droit \u00e0 la prime de d\u00e9part, mais \u00e0 une indemnit\u00e9 de mise \u00e0 la retraite. Si des conventions collectives ou des accords d\u2019entreprise sont plus avantageux, cette indemnit\u00e9 peut \u00eatre \u00e9quivalente \u00e0 l\u2019indemnit\u00e9 l\u00e9gale de licenciement.<\/span><span style=\"font-weight: 400;\"><br \/>\n<\/span><\/p>\n<p><span style=\"font-weight: 400;\">Il est n\u00e9cessaire que le salari\u00e9 ait<strong> au moins dix ans d&rsquo;anciennet\u00e9<\/strong> dans l&rsquo;entreprise pour pr\u00e9tendre \u00e0 la prime. Cette condition est essentielle car elle influe sur le montant de l&rsquo;indemnit\u00e9.<\/span><\/p>\n<p><b>Une pr\u00e9cision <\/b><span style=\"font-weight: 400;\">: Lors de la demande de d\u00e9part \u00e0 la retraite, le salari\u00e9 doit respecter un pr\u00e9avis similaire \u00e0 celui d&rsquo;un licenciement. Si l&#8217;employeur prend l&rsquo;initiative de la mise \u00e0 la retraite, un pr\u00e9avis de la m\u00eame dur\u00e9e que celui pr\u00e9vu en cas de licenciement est \u00e9galement requis.<\/span><\/p>\n<h2><strong>Conditions pour les fonctionnaires<\/strong><\/h2>\n<p><b>La l\u00e9gislation ne pr\u00e9voit pas d\u2019indemnit\u00e9 de d\u00e9part \u00e0 la retraite pour les fonctionnaires.<\/b><\/p>\n<p><span style=\"font-weight: 400;\">Cependant, certaines collectivit\u00e9s territoriales accordent des primes aux fonctionnaires partant \u00e0 la retraite. Ces primes sont souvent vers\u00e9es dans le cadre du Compl\u00e9ment indemnitaire annuel (CIA), qui fait partie du r\u00e9gime indemnitaire tenant compte des fonctions, des suj\u00e9tions, de l\u2019expertise et de l\u2019engagement professionnel (Rifseep).<\/span><\/p>\n<p><iframe loading=\"lazy\" title=\"Comment bien pr\u00e9parer sa retraite ?\" width=\"500\" height=\"281\" src=\"https:\/\/www.youtube.com\/embed\/nZ79Bmawt_M?feature=oembed\" frameborder=\"0\" allow=\"accelerometer; autoplay; clipboard-write; encrypted-media; gyroscope; picture-in-picture; web-share\" referrerpolicy=\"strict-origin-when-cross-origin\" allowfullscreen><\/iframe><\/p>\n<h1><strong>Comment est calcul\u00e9 le montant de l\u2019indemnit\u00e9 de d\u00e9part \u00e0 la retraite ?<\/strong><\/h1>\n<h2><strong>M\u00e9thode de calcul de l\u2019indemnit\u00e9 de d\u00e9part \u00e0 la retraite<\/strong><\/h2>\n<p><span style=\"font-weight: 400;\">L\u2019indemnit\u00e9 d\u00e9pend de l\u2019anciennet\u00e9 dans l\u2019entreprise :<\/span><\/p>\n<ul>\n<li style=\"font-weight: 400;\" aria-level=\"1\"><span style=\"font-weight: 400;\"><strong>10 \u00e0 moins de 15 ans :<\/strong> 1\/2 mois de salaire<\/span><span style=\"font-weight: 400;\"><br \/>\n<\/span><\/li>\n<li style=\"font-weight: 400;\" aria-level=\"1\"><span style=\"font-weight: 400;\"><strong>15 \u00e0 moins de 20 ans<\/strong> : 1 mois<\/span><span style=\"font-weight: 400;\"><br \/>\n<\/span><\/li>\n<li style=\"font-weight: 400;\" aria-level=\"1\"><span style=\"font-weight: 400;\"><strong>20 \u00e0 moins de 30 ans<\/strong> : 1 mois 1\/2<\/span><span style=\"font-weight: 400;\"><br \/>\n<\/span><\/li>\n<li style=\"font-weight: 400;\" aria-level=\"1\"><span style=\"font-weight: 400;\"><strong>30 ans et plus :<\/strong> 2 mois<\/span><span style=\"font-weight: 400;\"><br \/>\n<\/span><\/li>\n<\/ul>\n<h2><strong>M\u00e9thode de calcul de l&rsquo;indemnit\u00e9 en cas de travail \u00e0 temps partiel\u00a0<\/strong><\/h2>\n<p><span style=\"font-weight: 400;\">Si vous avez travaill\u00e9 dans une m\u00eame entreprise pendant au moins dix ans, en alternant entre travail \u00e0 temps plein et travail \u00e0 temps partiel, le montant de votre indemnit\u00e9 de d\u00e9part \u00e0 la retraite est calcul\u00e9 en proportion de votre dur\u00e9e de travail \u00e0 temps plein puis \u00e0 temps partiel. Voici comment effectuer ce calcul :<\/span><\/p>\n<ul>\n<li style=\"font-weight: 400;\" aria-level=\"1\"><b>(salaire brut \u00e0 temps plein \u00d7 nombre d\u2019ann\u00e9es \u00e0 temps plein\/nombre total d\u2019ann\u00e9es dans l\u2019entreprise) + (salaire brut \u00e0 temps partiel \u00d7 nombre d\u2019ann\u00e9es \u00e0 temps partiel\/nombre total d\u2019ann\u00e9es dans l\u2019entreprise).<\/b><\/li>\n<\/ul>\n<h2><strong>Le salaire de r\u00e9f\u00e9rence pour le calcul de l\u2019indemnit\u00e9<\/strong><\/h2>\n<p><span style=\"font-weight: 400;\">Pour calculer les indemnit\u00e9s de d\u00e9part en retraite, le salaire mensuel pris en compte est d\u00e9termin\u00e9 selon l\u2019un des deux calculs suivants :<\/span><\/p>\n<ul>\n<li style=\"font-weight: 400;\" aria-level=\"1\"><span style=\"font-weight: 400;\"><strong>Soit la moyenne des salaires des 12 derniers mois<\/strong> pr\u00e9c\u00e9dant la rupture du contrat. Si l\u2019anciennet\u00e9 du salari\u00e9 est inf\u00e9rieure \u00e0 12 mois, on prend la moyenne mensuelle de la r\u00e9mun\u00e9ration des mois pr\u00e9c\u00e9dant la rupture du contrat.<\/span><\/li>\n<li style=\"font-weight: 400;\" aria-level=\"1\"><span style=\"font-weight: 400;\"><strong>Soit la moyenne des salaires des 3 derniers mois<\/strong>.<\/span><\/li>\n<\/ul>\n<p><b>C\u2019est la solution la plus avantageuse pour le salari\u00e9 qui est retenu.<\/b><\/p>\n<h1><strong>Quelles d\u00e9marches pour b\u00e9n\u00e9ficier d\u2019une indemnit\u00e9 de d\u00e9part \u00e0 la retraite ?\u00a0<\/strong><\/h1>\n<p><span style=\"font-weight: 400;\">La demande doit \u00eatre soumise \u00e0 <strong>l&rsquo;Urssaf<\/strong> dans un d\u00e9lai de <strong>12 mois apr\u00e8s le d\u00e9part<\/strong> \u00e0 la retraite. Pour les cotisants n&rsquo;ayant pas r\u00e9gularis\u00e9 leur situation, la demande doit \u00eatre effectu\u00e9e dans les <strong>6 mois pr\u00e9c\u00e9dant la retraite<\/strong>. Il est essentiel de respecter ces d\u00e9lais pour garantir le traitement de la demande et l&rsquo;acc\u00e8s aux droits li\u00e9s \u00e0 la retraite.<\/span><\/p>\n<h1><strong>Quelle est la fiscalit\u00e9 applicable aux indemnit\u00e9s de d\u00e9part \u00e0 la retraite ?<\/strong><\/h1>\n<p><span style=\"font-weight: 400;\">Les indemnit\u00e9s de d\u00e9part \u00e0 la retraite sont<strong> soumises \u00e0 l\u2019imp\u00f4t sur le revenu<\/strong> et aux <strong>cotisations sociales<\/strong> (S\u00e9curit\u00e9 sociale, CSG-CRDS), sauf en cas de d\u00e9part dans le cadre d\u2019un plan de sauvegarde de l\u2019emploi. Si la mise \u00e0 la retraite est \u00e0 l\u2019initiative de l\u2019employeur, l\u2019indemnit\u00e9 <strong>peut \u00eatre partiellement exon\u00e9r\u00e9e,<\/strong> selon trois crit\u00e8res : <strong>l\u2019indemnit\u00e9 l\u00e9gale ou conventionnelle, la moiti\u00e9 de l\u2019indemnit\u00e9 per\u00e7ue, ou le double de la r\u00e9mun\u00e9ration annuelle brute.<\/strong> <\/span><span style=\"font-weight: 400;\">Des r\u00e8gles sp\u00e9cifiques s\u2019appliquent en fonction du montant de l\u2019indemnit\u00e9. Les ind\u00e9pendants b\u00e9n\u00e9ficient d\u2019une exon\u00e9ration, tandis que le compl\u00e9ment indemnitaire annuel des fonctionnaires est soumis \u00e0 des pr\u00e9l\u00e8vements sociaux et \u00e0 l\u2019imp\u00f4t.<\/span><\/p>\n<h1><span style=\"font-weight: 400;\"><strong>Peut-on cumuler l\u2019indemnit\u00e9 de d\u00e9part avec d\u2019autres revenus ?<\/strong><\/span><\/h1>\n<p><span style=\"font-weight: 400;\">En plus de l\u2019indemnit\u00e9 de d\u00e9part \u00e0 la retraite, d\u2019autres sommes peuvent \u00eatre per\u00e7ues :<\/span><\/p>\n<ul>\n<li style=\"font-weight: 400;\" aria-level=\"1\"><b>L\u2019indemnit\u00e9 compensatrice de cong\u00e9s pay\u00e9s<\/b><span style=\"font-weight: 400;\"> : elle est vers\u00e9e si le salari\u00e9 n\u2019a pas pris tous ses cong\u00e9s l\u00e9gaux avant son d\u00e9part \u00e0 la retraite.<\/span><\/li>\n<li style=\"font-weight: 400;\" aria-level=\"1\"><b>L\u2019indemnit\u00e9 compensatrice de pr\u00e9avis<\/b><span style=\"font-weight: 400;\"> : cette indemnit\u00e9 est vers\u00e9e par l\u2019employeur si ce dernier d\u00e9cide de dispenser le salari\u00e9 d\u2019ex\u00e9cuter son pr\u00e9avis.<\/span><\/li>\n<li style=\"font-weight: 400;\" aria-level=\"1\"><b>La contrepartie financi\u00e8re en cas de clause de non-concurrence<\/b><span style=\"font-weight: 400;\"> : si l\u2019employeur impose une clause de non-concurrence, il doit verser une indemnit\u00e9 correspondante \u00e0 son salari\u00e9.<\/span><\/li>\n<\/ul>\n<h1><strong>Travailleurs ind\u00e9pendants : existe-t-il une indemnit\u00e9 de d\u00e9part \u00e0 la retraite ?<\/strong><\/h1>\n<p><span style=\"font-weight: 400;\">En tant qu\u2019ind\u00e9pendant, vous avez la possibilit\u00e9 de b\u00e9n\u00e9ficier de l\u2019Accompagnement au d\u00e9part \u00e0 la retraite (ADR). Voici les conditions \u00e0 remplir :<\/span><\/p>\n<ul>\n<li style=\"font-weight: 400;\" aria-level=\"1\"><span style=\"font-weight: 400;\">Avoir atteint l\u2019\u00e2ge l\u00e9gal de d\u00e9part \u00e0 la retraite.<\/span><\/li>\n<li style=\"font-weight: 400;\" aria-level=\"1\"><span style=\"font-weight: 400;\">Avoir exerc\u00e9 en tant qu\u2019ind\u00e9pendant pendant plus de la moiti\u00e9 de votre carri\u00e8re.<\/span><\/li>\n<li style=\"font-weight: 400;\" aria-level=\"1\"><span style=\"font-weight: 400;\">Avoir cotis\u00e9 pendant plus de 15 ans et totalis\u00e9 plus de 60 trimestres en tant qu\u2019ind\u00e9pendant.<\/span><\/li>\n<li style=\"font-weight: 400;\" aria-level=\"1\"><span style=\"font-weight: 400;\">Ne pas \u00eatre imposable les deux ann\u00e9es civiles pr\u00e9c\u00e9dant votre passage \u00e0 la retraite.<\/span><\/li>\n<li style=\"font-weight: 400;\" aria-level=\"1\"><span style=\"font-weight: 400;\">De plus, vous devez \u00eatre dans l\u2019une des situations suivantes :<\/span><\/li>\n<li style=\"font-weight: 400;\" aria-level=\"1\"><span style=\"font-weight: 400;\">Avoir le statut d\u2019ind\u00e9pendant au moment de la demande.<\/span><\/li>\n<li style=\"font-weight: 400;\" aria-level=\"1\"><span style=\"font-weight: 400;\">\u00catre en <a href=\"https:\/\/www.mes-allocs.fr\/guides\/retraite\/cumul-emploi-retraite\/\">cumul emploi-retraite<\/a>.<\/span><\/li>\n<li style=\"font-weight: 400;\" aria-level=\"1\"><span style=\"font-weight: 400;\">\u00catre conjoint collaborateur.<\/span><\/li>\n<\/ul>\n<p><b>La demande doit \u00eatre adress\u00e9e \u00e0 l\u2019Urssaf dans les 12 mois suivant la date de d\u00e9part \u00e0 la retraite. Pour les cotisants dont les paiements ne sont pas \u00e0 jour, elle doit \u00eatre faite dans les 6 mois pr\u00e9c\u00e9dant le d\u00e9part \u00e0 la retraite.<\/b><\/p>\n<div class='cta-block'><div class='text'>Simulez votre retraite en 2 min.<\/div><a href='https:\/\/www.mes-allocs.fr\/formulaire\/retraite?utm_source=seo&origin=guides\/wp-json\/wp\/v2\/posts\/77756' class='app-button fit'>Simulation gratuite<\/a><\/div>\n","protected":false},"excerpt":{"rendered":"<p>[Mis \u00e0 jour le 17\/03\/2026] Les indemnit\u00e9s de fin de carri\u00e8re, \u00e9galement appel\u00e9es indemnit\u00e9s de d\u00e9part \u00e0 la retraite, sont des sommes vers\u00e9es par l&#8217;employeur au salari\u00e9 qui quitte l&rsquo;entreprise pour prendre sa retraite. Ces indemnit\u00e9s sont soumises \u00e0 diff\u00e9rentes conditions et leur montant varie en fonction de certains crit\u00e8res. Mes Allocs vous explique tout. [&hellip;]<\/p>\n","protected":false},"author":27,"featured_media":77762,"comment_status":"open","ping_status":"open","sticky":false,"template":"","format":"standard","meta":{"amp_status":"","footnotes":""},"categories":[19177],"tags":[],"class_list":["post-77756","post","type-post","status-publish","format-standard","has-post-thumbnail","hentry","category-retraite"],"yoast_head":"<!-- This site is optimized with the Yoast SEO plugin v14.9 - https:\/\/yoast.com\/wordpress\/plugins\/seo\/ -->\n<title>Indemnit\u00e9 d\u00e9part \u00e0 la retraite : Conditions, montants, d\u00e9marches | Mes-Allocs.fr<\/title>\n<meta name=\"description\" content=\"Une indemnit\u00e9 de d\u00e9part \u00e0 la retraite, est une somme vers\u00e9e par l&#039;employeur au salari\u00e9 qui prend sa retraite. On vous explique.\" \/>\n<meta name=\"robots\" content=\"index, follow, max-snippet:-1, max-image-preview:large, max-video-preview:-1\" \/>\n<link rel=\"canonical\" href=\"https:\/\/www.mes-allocs.fr\/guides\/retraite\/indemnite-depart-a-la-retraite\/\" \/>\n<meta property=\"og:locale\" content=\"fr_FR\" \/>\n<meta property=\"og:type\" content=\"article\" \/>\n<meta property=\"og:title\" content=\"Indemnit\u00e9 d\u00e9part \u00e0 la retraite : Conditions, montants, d\u00e9marches | Mes-Allocs.fr\" \/>\n<meta property=\"og:description\" content=\"Une indemnit\u00e9 de d\u00e9part \u00e0 la retraite, est une somme vers\u00e9e par l&#039;employeur au salari\u00e9 qui prend sa retraite. On vous explique.\" \/>\n<meta property=\"og:url\" content=\"https:\/\/www.mes-allocs.fr\/guides\/retraite\/indemnite-depart-a-la-retraite\/\" \/>\n<meta property=\"og:site_name\" content=\"Mes-Allocs.fr\" \/>\n<meta property=\"article:published_time\" content=\"2024-05-06T08:43:12+00:00\" \/>\n<meta property=\"article:modified_time\" content=\"2026-04-22T09:53:11+00:00\" \/>\n<meta property=\"og:image\" content=\"https:\/\/www.mes-allocs.fr\/guides\/wp-content\/uploads\/2024\/05\/coins-912719_1280.jpg?wsr\" \/>\n\t<meta property=\"og:image:width\" content=\"1280\" \/>\n\t<meta property=\"og:image:height\" content=\"853\" \/>\n<meta name=\"twitter:card\" content=\"summary_large_image\" \/>\n<script type=\"application\/ld+json\" class=\"yoast-schema-graph\">{\"@context\":\"https:\/\/schema.org\",\"@graph\":[{\"@type\":\"WebSite\",\"@id\":\"https:\/\/www.mes-allocs.fr\/guides\/#website\",\"url\":\"https:\/\/www.mes-allocs.fr\/guides\/\",\"name\":\"Mes-Allocs.fr\",\"description\":\"\",\"potentialAction\":[{\"@type\":\"SearchAction\",\"target\":\"https:\/\/www.mes-allocs.fr\/guides\/?s={search_term_string}\",\"query-input\":\"required name=search_term_string\"}],\"inLanguage\":\"fr-FR\"},{\"@type\":\"ImageObject\",\"@id\":\"https:\/\/www.mes-allocs.fr\/guides\/retraite\/indemnite-depart-a-la-retraite\/#primaryimage\",\"inLanguage\":\"fr-FR\",\"url\":\"https:\/\/www.mes-allocs.fr\/guides\/wp-content\/uploads\/2024\/05\/coins-912719_1280.jpg?wsr\",\"width\":1280,\"height\":853,\"caption\":\"indemnit\\u00e9 d\\u00e9part \\u00e0 la retraite\"},{\"@type\":\"WebPage\",\"@id\":\"https:\/\/www.mes-allocs.fr\/guides\/retraite\/indemnite-depart-a-la-retraite\/#webpage\",\"url\":\"https:\/\/www.mes-allocs.fr\/guides\/retraite\/indemnite-depart-a-la-retraite\/\",\"name\":\"Indemnit\\u00e9 d\\u00e9part \\u00e0 la retraite : Conditions, montants, d\\u00e9marches | Mes-Allocs.fr\",\"isPartOf\":{\"@id\":\"https:\/\/www.mes-allocs.fr\/guides\/#website\"},\"primaryImageOfPage\":{\"@id\":\"https:\/\/www.mes-allocs.fr\/guides\/retraite\/indemnite-depart-a-la-retraite\/#primaryimage\"},\"datePublished\":\"2024-05-06T08:43:12+00:00\",\"dateModified\":\"2026-04-22T09:53:11+00:00\",\"author\":{\"@id\":\"https:\/\/www.mes-allocs.fr\/guides\/#\/schema\/person\/7a9b61e7b715d477066a9f941c0440c7\"},\"description\":\"Une indemnit\\u00e9 de d\\u00e9part \\u00e0 la retraite, est une somme vers\\u00e9e par l'employeur au salari\\u00e9 qui prend sa retraite. On vous explique.\",\"inLanguage\":\"fr-FR\"},{\"@type\":\"Person\",\"@id\":\"https:\/\/www.mes-allocs.fr\/guides\/#\/schema\/person\/7a9b61e7b715d477066a9f941c0440c7\",\"name\":\"L\\u00e9o Martin\",\"image\":{\"@type\":\"ImageObject\",\"@id\":\"https:\/\/www.mes-allocs.fr\/guides\/#personlogo\",\"inLanguage\":\"fr-FR\",\"url\":\"https:\/\/www.mes-allocs.fr\/guides\/wp-content\/uploads\/2023\/12\/1635317753781-e1701432075572-150x150.jpg\",\"caption\":\"L\\u00e9o Martin\"},\"description\":\"L\\u00e9o est r\\u00e9dacteur au sein de l'\\u00e9quipe Mes Allocs, sp\\u00e9cialis\\u00e9 sur les th\\u00e9matiques pouvoir d'achat et aides. Il rejoint Mes Allocs apr\\u00e8s une premi\\u00e8re exp\\u00e9rience en tant que journaliste chez La Gazette Cagnoise et Nice Presse.\",\"sameAs\":[\"https:\/\/www.linkedin.com\/in\/lo-martin-3429bb224\"]}]}<\/script>\n<!-- \/ Yoast SEO plugin. -->","amp_validity":null,"acf":{"faq":{"1":{"question":"Qu'est-ce que l'indemnit\u00e9 de d\u00e9part \u00e0 la retraite ? ","answer":"L'indemnit\u00e9 de d\u00e9part \u00e0 la retraite est une somme vers\u00e9e par l'employeur au salari\u00e9 lors de son d\u00e9part \u00e0 la retraite. Cette indemnit\u00e9 vise \u00e0 compenser la perte de revenu engendr\u00e9e par l'arr\u00eat de l'activit\u00e9 professionnelle."},"2":{"question":"Quelles sont les conditions pour b\u00e9n\u00e9ficier d'une indemnit\u00e9 de d\u00e9part \u00e0 la retraite si on est salari\u00e9 ? ","answer":"En tant que salari\u00e9, vous pouvez b\u00e9n\u00e9ficier d'une indemnit\u00e9 de d\u00e9part \u00e0 la retraite, \u00e9galement appel\u00e9e prime, dans les cas suivants :\r\nVous avez travaill\u00e9 pendant au moins 10 ans dans la m\u00eame entreprise au moment de votre d\u00e9part \u00e0 la retraite.\r\nVotre employeur vous met d'office \u00e0 la retraite, ce qui peut arriver si vous avez au moins 70 ans."},"3":{"question":"Quelles sont les conditions pour b\u00e9n\u00e9ficier d'une indemnit\u00e9 de d\u00e9part \u00e0 la retraite si on est fonctionnaire ?","answer":"La l\u00e9gislation ne pr\u00e9voit pas d'indemnit\u00e9 de d\u00e9part \u00e0 la retraite pour les fonctionnaires.\r\n"},"4":{"question":"Quel est le calcul des indemnit\u00e9s de d\u00e9part \u00e0 la retraite pour un temps partiel ?","answer":"Le calcul est le suivant : (salaire brut \u00e0 temps plein \u00d7 nombre d\u2019ann\u00e9es \u00e0 temps plein\/nombre total d\u2019ann\u00e9es dans l\u2019entreprise) + (salaire brut \u00e0 temps partiel \u00d7 nombre d\u2019ann\u00e9es \u00e0 temps partiel\/nombre total d\u2019ann\u00e9es dans l\u2019entreprise)."},"5":{"question":"Comment d\u00e9terminer le salaire mensuel retenu pour le calcul des indemnit\u00e9s ?","answer":"Pour calculer les indemnit\u00e9s de d\u00e9part en retraite, le salaire mensuel pris en compte est d\u00e9termin\u00e9 selon l'un des deux calculs suivants :\r\nSoit la moyenne des salaires des 12 derniers mois pr\u00e9c\u00e9dant la rupture du contrat. Si l'anciennet\u00e9 du salari\u00e9 est inf\u00e9rieure \u00e0 12 mois, on prend la moyenne mensuelle de la r\u00e9mun\u00e9ration des mois pr\u00e9c\u00e9dant la rupture du contrat.\r\nSoit la moyenne des salaires des 3 derniers mois."},"6":{"question":"Quel est le montant de l'indemnit\u00e9 de d\u00e9part \u00e0 la retraite ?","answer":"Le montant de l'indemnit\u00e9 de d\u00e9part \u00e0 la retraite d\u00e9pend de l'anciennet\u00e9 du salari\u00e9 selon les tranches suivantes :\r\nDe 10 \u00e0 moins de 15 ans : 1\/2 mois de salaire.\r\nDe 15 \u00e0 moins de 20 ans : 1 mois de salaire.\r\nDe 20 \u00e0 moins de 30 ans : 1 mois 1\/2 de salaire.\r\n30 ans et plus : 2 mois de salaire.\r\n"},"7":{"question":"","answer":""},"8":{"question":"","answer":""},"9":{"question":"","answer":""},"10":{"question":"","answer":""},"11":{"question":"","answer":""},"12":{"question":"","answer":""},"13":{"question":"","answer":""},"14":{"question":"","answer":""},"15":{"question":"","answer":""},"16":{"question":"","answer":""}}},"_links":{"self":[{"href":"https:\/\/www.mes-allocs.fr\/guides\/wp-json\/wp\/v2\/posts\/77756","targetHints":{"allow":["GET"]}}],"collection":[{"href":"https:\/\/www.mes-allocs.fr\/guides\/wp-json\/wp\/v2\/posts"}],"about":[{"href":"https:\/\/www.mes-allocs.fr\/guides\/wp-json\/wp\/v2\/types\/post"}],"author":[{"embeddable":true,"href":"https:\/\/www.mes-allocs.fr\/guides\/wp-json\/wp\/v2\/users\/27"}],"replies":[{"embeddable":true,"href":"https:\/\/www.mes-allocs.fr\/guides\/wp-json\/wp\/v2\/comments?post=77756"}],"version-history":[{"count":8,"href":"https:\/\/www.mes-allocs.fr\/guides\/wp-json\/wp\/v2\/posts\/77756\/revisions"}],"predecessor-version":[{"id":110631,"href":"https:\/\/www.mes-allocs.fr\/guides\/wp-json\/wp\/v2\/posts\/77756\/revisions\/110631"}],"wp:featuredmedia":[{"embeddable":true,"href":"https:\/\/www.mes-allocs.fr\/guides\/wp-json\/wp\/v2\/media\/77762"}],"wp:attachment":[{"href":"https:\/\/www.mes-allocs.fr\/guides\/wp-json\/wp\/v2\/media?parent=77756"}],"wp:term":[{"taxonomy":"category","embeddable":true,"href":"https:\/\/www.mes-allocs.fr\/guides\/wp-json\/wp\/v2\/categories?post=77756"},{"taxonomy":"post_tag","embeddable":true,"href":"https:\/\/www.mes-allocs.fr\/guides\/wp-json\/wp\/v2\/tags?post=77756"}],"curies":[{"name":"wp","href":"https:\/\/api.w.org\/{rel}","templated":true}]}}