{"id":77460,"date":"2024-04-30T11:20:49","date_gmt":"2024-04-30T09:20:49","guid":{"rendered":"https:\/\/www.mes-allocs.fr\/guides\/?p=77460"},"modified":"2026-04-22T10:53:12","modified_gmt":"2026-04-22T09:53:12","slug":"retraite-anticipee","status":"publish","type":"post","link":"https:\/\/www.mes-allocs.fr\/guides\/retraite\/retraite-anticipee\/","title":{"rendered":"Retraite anticip\u00e9e : conditions, calcul, d\u00e9marches"},"content":{"rendered":"<p><img loading=\"lazy\" decoding=\"async\" title=\"retraite anticip\u00e9e\" src=\"https:\/\/www.mes-allocs.fr\/guides\/wp-content\/uploads\/2024\/04\/money-1595995_1280-e1714468512540.jpg\" alt=\"retraite anticip\u00e9e\" width=\"1280\" height=\"332\" \/><\/p>\n<p><span style=\"color: #000000;\">[Mis \u00e0 jour le 03\/03\/2026] <\/span>Que vous travailliez dans le secteur priv\u00e9, en tant que travailleur ind\u00e9pendant ou dans la fonction publique, vous avez la possibilit\u00e9 de partir en <a href=\"https:\/\/www.mes-allocs.fr\/guides\/retraite\/\">retraite<\/a> plus t\u00f4t, avant l&rsquo;\u00e2ge l\u00e9gal : c&rsquo;est ce qu&rsquo;on appelle la <strong>retraite anticip\u00e9e<\/strong>. Mais attention, des conditions sont \u00e0 remplir. Alors, quels sont les crit\u00e8res, quel est le montant de la pension et quelles d\u00e9marches devez-vous effectuer ? \u00a0Mes Allocs vous explique tout.<\/p>\n<div class='cta-block'><div class='text'>Simulez votre retraite en 2 min.<\/div><a href='https:\/\/www.mes-allocs.fr\/formulaire\/retraite?utm_source=seo&origin=guides\/wp-json\/wp\/v2\/posts\/77460' class='app-button fit'>Simulation gratuite<\/a><\/div>\n<h1>Comprendre la retraite anticip\u00e9e<\/h1>\n<h2>Qu\u2019est-ce que la retraite anticip\u00e9e ?<\/h2>\n<p>La <b>retraite anticip\u00e9e<\/b> permet de <b>partir \u00e0 la retraite avant l\u2019\u00e2ge l\u00e9gal<\/b>, tout en b\u00e9n\u00e9ficiant de ses <b>droits \u00e0 la retraite<\/b> et d\u2019une <b>pension \u00e0 taux plein<\/b>, sous certaines <b>conditions sp\u00e9cifiques<\/b>. Elle ne doit pas \u00eatre confondue avec la <a href=\"https:\/\/www.mes-allocs.fr\/guides\/retraite\/preretraite\/\"><b>pr\u00e9-retraite<\/b><\/a>, qui est un dispositif propos\u00e9 par l\u2019employeur dans le secteur priv\u00e9, donnant un <b>revenu de remplacement<\/b> avant l\u2019\u00e2ge l\u00e9gal. \u00c0 noter \u00e9galement qu\u2019un d\u00e9part anticip\u00e9 sans remplir les crit\u00e8res requis ne donne pas acc\u00e8s \u00e0 la pension avant l\u2019\u00e2ge l\u00e9gal. La retraite anticip\u00e9e est donc un <b>cadre l\u00e9gal<\/b> bien d\u00e9fini pour certaines situations particuli\u00e8res.<\/p>\n<h2>Quelle diff\u00e9rence avec la retraite \u00e0 taux plein classique ?<\/h2>\n<p>La <b>retraite \u00e0 taux plein classique<\/b> est accord\u00e9e \u00e0 partir de <b>64 ans (si vous \u00eates n\u00e9 en 1968 ou apr\u00e8s)<\/b>\u00a0si le nombre de <b>trimestres de cotisation<\/b> requis est atteint. \u00c0 d\u00e9faut, elle peut \u00eatre obtenue automatiquement \u00e0 <b>67 ans<\/b>, quel que soit le nombre de trimestres valid\u00e9s. En revanche, la <b>retraite anticip\u00e9e<\/b> permet de partir plus t\u00f4t, sans <b>minoration<\/b> de la pension, \u00e0 condition de remplir des crit\u00e8res stricts comme une <b>carri\u00e8re longue<\/b> ou une situation de <b>handicap<\/b>. Elle repr\u00e9sente donc une <b>exception au syst\u00e8me standard<\/b> et offre une <b>reconnaissance<\/b> pour ceux ayant commenc\u00e9 \u00e0 travailler jeunes ou ayant exerc\u00e9 dans des conditions particuli\u00e8res.<\/p>\n<h2>\u00c0 quel \u00e2ge peut-on partir en retraite anticip\u00e9e ?<\/h2>\n<p>Depuis le <b>1er septembre 2023<\/b>, il est possible de b\u00e9n\u00e9ficier d\u2019une <b>retraite anticip\u00e9e<\/b> \u00e0 partir de <b>58 ans<\/b>, selon certaines <b>conditions d\u2019\u00e9ligibilit\u00e9<\/b>. Par exemple, avoir commenc\u00e9 \u00e0 travailler avant <b>16 ans<\/b> et justifier de <b>168 trimestres cotis\u00e9s<\/b> selon l\u2019<b>ann\u00e9e de naissance<\/b> (en 1961). Un d\u00e9part \u00e0 <b>60 ans<\/b> est \u00e9galement possible pour ceux ayant d\u00e9but\u00e9 leur carri\u00e8re entre <b>18 et 20 ans<\/b>, \u00e0 condition de remplir les m\u00eames exigences de <b>dur\u00e9e d\u2019assurance<\/b>. Ces r\u00e8gles visent \u00e0 reconna\u00eetre les <b>carri\u00e8res longues<\/b> et les efforts fournis d\u00e8s le <b>jeune \u00e2ge<\/b>.<\/p>\n<h1>Qui peut b\u00e9n\u00e9ficier d\u2019une retraite anticip\u00e9e ?<\/h1>\n<p>Il est possible de partir <b>avant l\u2019\u00e2ge l\u00e9gal<\/b> dans certaines situations pr\u00e9cises. La <b>retraite anticip\u00e9e<\/b> s\u2019adresse aux personnes :<\/p>\n<ul>\n<li aria-level=\"1\">en <b>carri\u00e8re longue<\/b> (d\u00e9but de travail jeune et dur\u00e9e de cotisation suffisante) ;<\/li>\n<li aria-level=\"1\">en situation de <b>handicap<\/b> ou <b>d\u2019invalidit\u00e9<\/b> ;<\/li>\n<li aria-level=\"1\">atteintes d\u2019une <b>maladie incurable<\/b> ou d\u2019une <b>infirmit\u00e9<\/b> ;<\/li>\n<li aria-level=\"1\">parents de <b>trois enfants<\/b> ou d\u2019un <b>enfant handicap\u00e9<\/b> ;<\/li>\n<li aria-level=\"1\">reconnues en <b>incapacit\u00e9 permanente<\/b> d\u2019au moins <b>50 %<\/b>.<\/li>\n<\/ul>\n<p>Pour en b\u00e9n\u00e9ficier, il faut g\u00e9n\u00e9ralement avoir <b>cotis\u00e9 le nombre de trimestres requis<\/b> pour le <b>taux plein<\/b>, dont <b>5 trimestres en d\u00e9but de carri\u00e8re<\/b> (ou 4 pour certains).<\/p>\n<p><iframe loading=\"lazy\" title=\"Comment bien pr\u00e9parer sa retraite ?\" width=\"500\" height=\"281\" src=\"https:\/\/www.youtube.com\/embed\/nZ79Bmawt_M?feature=oembed\" frameborder=\"0\" allow=\"accelerometer; autoplay; clipboard-write; encrypted-media; gyroscope; picture-in-picture; web-share\" referrerpolicy=\"strict-origin-when-cross-origin\" allowfullscreen><\/iframe><\/p>\n<h1>Quelles sont les conditions \u00e0 remplir selon votre situation ?<\/h1>\n<h2>D\u00e9part anticip\u00e9 pour invalidit\u00e9<\/h2>\n<p>Vous pouvez partir \u00e0 la retraite sans condition d\u2019\u00e2ge ni de dur\u00e9e de service si vous \u00eates radi\u00e9 des cadres pour invalidit\u00e9, c\u2019est-\u00e0-dire en cas d\u2019impossibilit\u00e9 d\u00e9finitive d\u2019exercer vos fonctions en raison d\u2019une maladie, blessure ou infirmit\u00e9 grave.<\/p>\n<p>La pension est au minimum de <b>50 % du traitement <\/b>si votre taux d\u2019invalidit\u00e9 est d\u2019au moins <b>60 %<\/b>. <b>Une rente viag\u00e8re d\u2019invalidit\u00e9 (RVI)<\/b> peut s\u2019ajouter si l\u2019invalidit\u00e9 est li\u00e9e au service. <b>Une majoration tierce personne (MTP)<\/b> est aussi possible en cas de besoin d\u2019aide permanente. <b>Aucun abattement (d\u00e9cote) <\/b>n\u2019est appliqu\u00e9 \u00e0 la pension d\u2019invalidit\u00e9.<\/p>\n<h2>D\u00e9part anticip\u00e9 pour carri\u00e8re longue<\/h2>\n<p>Depuis le 1er septembre 2023, un d\u00e9part anticip\u00e9 est possible \u00e0 partir de <b>58, 60, 62 ou 63 ans<\/b> si vous avez commenc\u00e9 \u00e0 travailler avant <b>16, 18, 20 ou 21 ans<\/b>, respectivement. Il faut \u00e9galement totaliser un certain nombre de trimestres cotis\u00e9s (entre 168 et 172 selon votre ann\u00e9e de naissance). Par exemple, une personne n\u00e9e en <b>1965 <\/b>devra avoir cotis\u00e9 <b>172 trimestres<\/b> pour partir \u00e0<b> 58 ans<\/b> si elle a commenc\u00e9 \u00e0 travailler avant<b> 16 ans<\/b>. Un maintien des anciennes r\u00e8gles peut s\u2019appliquer aux personnes remplissant les conditions avant septembre 2023.<\/p>\n<h2>D\u00e9part anticip\u00e9 pour parent de trois enfants ou enfant handicap\u00e9<\/h2>\n<p>Si vous avez eu ou \u00e9lev\u00e9 trois enfants, ou un enfant handicap\u00e9 \u00e0 plus de <b>80 %,<\/b> vous pouvez partir en retraite anticip\u00e9e sans condition d\u2019\u00e2ge, \u00e0 condition d\u2019avoir accompli au moins 15 ans de services effectifs avant le 1er janvier 2012. Il faut \u00e9galement avoir interrompu ou r\u00e9duit son activit\u00e9 pour chaque enfant pendant au moins deux mois (ou travaill\u00e9 \u00e0 temps partiel pendant 4 \u00e0 7 mois). Les enfants concern\u00e9s peuvent \u00eatre les v\u00f4tres, ceux de votre conjoint ou ceux recueillis, sous certaines conditions, <b>s\u2019ils ont \u00e9t\u00e9 \u00e9lev\u00e9s neuf ans avant leurs 16 ou 20 ans.<\/b><\/p>\n<h2>D\u00e9part anticip\u00e9 pour infirmit\u00e9 ou maladie incurable<\/h2>\n<p>Vous pouvez b\u00e9n\u00e9ficier d\u2019une retraite anticip\u00e9e sans condition d\u2019\u00e2ge si vous ou votre conjoint \u00eates atteint d\u2019une <b>infirmit\u00e9 <\/b>ou d\u2019une <b>maladie incurable<\/b> vous emp\u00eachant totalement d\u2019exercer une activit\u00e9 professionnelle. Vous devez justifier d\u2019<b>au moins 15 ans de services effectifs.<\/b> Cette situation doit \u00eatre reconnue par une commission de r\u00e9forme. Ce dispositif vise \u00e0 prot\u00e9ger les fonctionnaires confront\u00e9s \u00e0 une situation m\u00e9dicale extr\u00eamement grave et d\u00e9finitive.<\/p>\n<h2>D\u00e9part anticip\u00e9 pour incapacit\u00e9 permanente<\/h2>\n<p>Les personnes pr\u00e9sentant une<b> incapacit\u00e9 permanente <\/b>d\u2019<b>au moins 50 %<\/b> ou ayant eu la qualit\u00e9 de travailleur handicap\u00e9 peuvent partir \u00e0 la retraite avant l\u2019\u00e2ge l\u00e9gal, sous certaines conditions. Il faut justifier de cette incapacit\u00e9 au moment du d\u00e9part et avoir cotis\u00e9 le nombre de trimestres requis pendant la p\u00e9riode d\u2019incapacit\u00e9.<\/p>\n<div class='shortcode tips'><div class='title'>Exemple<\/div><div class='content'>Une personne n\u00e9e en 1970 souhaitant partir \u00e0 55 ans en 2025 devra justifier de 110 trimestres cotis\u00e9s.<\/div><\/div>\n<div class='shortcode disclaimer'><div class='title'>Attention<\/div><div class='content'>Seules les p\u00e9riodes de RQTH (Reconnaissance de la Qualit\u00e9 de Travailleur Handicap\u00e9) ant\u00e9rieures au 1er janvier 2016 sont prises en compte.<\/div><\/div>\n<h1>Comment se calcule une retraite anticip\u00e9e ?<\/h1>\n<p>Le <b>montant<\/b> de la <b>pension de retraite anticip\u00e9e<\/b> est calcul\u00e9 de la m\u00eame mani\u00e8re que celui de la <a href=\"https:\/\/www.mes-allocs.fr\/guides\/retraite\/retraite-de-base\/\"><b>pension de retraite de base<\/b><\/a>.<\/p>\n<p>Il est important de savoir que si vous partez en <b>retraite anticip\u00e9e pour carri\u00e8re longue<\/b>, votre <b>pension<\/b> sera calcul\u00e9e \u00e0 <b>taux plein<\/b>.<\/p>\n<p>La <b>formule de calcul<\/b> de la <b>pension de retraite<\/b> est la suivante :<\/p>\n<p><b>Salaire annuel moyen<\/b> \u00d7 <b>taux de pension<\/b> \u00d7 (<b>dur\u00e9e d\u2019assurance<\/b> au r\u00e9gime g\u00e9n\u00e9ral de la S\u00e9curit\u00e9 sociale \/ <b>dur\u00e9e de r\u00e9f\u00e9rence<\/b> pour obtenir une pension \u00e0 taux plein)<\/p>\n<p><div class='shortcode tips'><div class='title'>Exemple<\/div><div class='content'>Une personne n\u00e9e en <b>1964<\/b> souhaite partir \u00e0 la retraite \u00e0 <b>60 ans<\/b>. Pour cela, elle doit avoir valid\u00e9 <b>5 trimestres<\/b> avant la fin de l\u2019ann\u00e9e de ses <b>20 ans<\/b> (soit fin 1984) et avoir cotis\u00e9 au total <b>171 trimestres<\/b> (le nombre requis pour sa g\u00e9n\u00e9ration) au moment de son d\u00e9part. <\/div><\/div><br \/>\n<div class='shortcode check'><div class='content'> Nous vous recommandons de faire un <b>bilan de carri\u00e8re<\/b> avec un <b>conseiller retraite<\/b> environ <b>6 mois avant<\/b> d\u2019atteindre l\u2019\u00e2ge de 60 ans.<\/div><\/div><\/p>\n<h1>Comment faire une demande de retraite anticip\u00e9e ?<\/h1>\n<h2>Quand et comment faire votre demande ?<\/h2>\n<p>Pour b\u00e9n\u00e9ficier d\u2019une <b>retraite anticip\u00e9e<\/b>, il est conseill\u00e9 de d\u00e9poser votre demande <b>au moins six mois avant<\/b> la date souhait\u00e9e de d\u00e9part. Contactez votre <b>caisse de retraite<\/b> pour v\u00e9rifier si vous remplissez les <b>conditions d\u2019\u00e9ligibilit\u00e9<\/b>. Si c\u2019est le cas, vous recevrez une <b>attestation de d\u00e9part en retraite anticip\u00e9e<\/b>, indiquant la date possible de d\u00e9part. Ce document vous permettra ensuite d\u2019informer votre <b>employeur<\/b>. Un d\u00e9lai suffisant est essentiel pour \u00e9viter toute <b>interruption de paiement<\/b> entre votre dernier <b>traitement d\u2019activit\u00e9<\/b> et le premier versement de votre <b>pension de retraite<\/b>.<\/p>\n<h2>Documents \u00e0 fournir pour un d\u00e9part en retraite anticip\u00e9<\/h2>\n<p>Pour effectuer votre demande de <b>retraite anticip\u00e9e<\/b>, vous devrez remplir un formulaire <b>Cerfa<\/b> adapt\u00e9 \u00e0 votre situation.<\/p>\n<ul>\n<li aria-level=\"1\">Il s&rsquo;agit du <b>Cerfa n\u00b012717*03<\/b> pour une retraite anticip\u00e9e pour <b>carri\u00e8re longue<\/b><\/li>\n<li aria-level=\"1\">Ou du <b>Cerfa n\u00b012772*03<\/b> pour les <b>assur\u00e9s handicap\u00e9s<\/b>.<\/li>\n<\/ul>\n<p>Ces documents doivent \u00eatre compl\u00e9t\u00e9s et transmis \u00e0 votre <b>caisse de retraite<\/b>.<\/p>\n<p>Pensez \u00e0 joindre toutes les <b>pi\u00e8ces justificatives<\/b> n\u00e9cessaires : justificatifs de <b>dur\u00e9e d\u2019assurance<\/b>, de <b>d\u00e9but d\u2019activit\u00e9<\/b>, ou de <b>situation de handicap<\/b>.<\/p>\n<h2>Comment estimer votre retraite ?<\/h2>\n<p>Pour obtenir une estimation rapide et fiable de votre future retraite, utilisez notre <b>simulateur Mes Allocs<\/b>. Cet outil gratuit prend en compte votre \u00e2ge, votre dur\u00e9e de cotisation, ainsi que votre situation professionnelle pour vous donner une estimation personnalis\u00e9e. Gr\u00e2ce \u00e0 ce simulateur, vous saurez si vous \u00eates \u00e9ligible \u00e0 un d\u00e9part anticip\u00e9 et \u00e0 quel montant vous attendre.<\/p>\n<h1>Avantages et inconv\u00e9nients de la retraite anticip\u00e9e<\/h1>\n<h2>Avantages de la retraite anticip\u00e9e<\/h2>\n<ul>\n<li aria-level=\"1\">La retraite anticip\u00e9e permet de retrouver la libert\u00e9 de g\u00e9rer votre temps comme vous le souhaitez.<\/li>\n<li aria-level=\"1\">Elle offre plus de moments de qualit\u00e9 \u00e0 passer avec votre famille et vos amis.<\/li>\n<li aria-level=\"1\">Prendre sa retraite t\u00f4t am\u00e9liore la sant\u00e9 gr\u00e2ce \u00e0 une r\u00e9duction du stress et plus de temps pour l\u2019exercice.<\/li>\n<li>La retraite anticip\u00e9e donne la possibilit\u00e9 de se consacrer pleinement \u00e0 ses passions ou projets personnels.<\/li>\n<\/ul>\n<h2>Inconv\u00e9nients de la retraite anticip\u00e9e<\/h2>\n<ul>\n<li aria-level=\"1\">La retraite anticip\u00e9e peut entra\u00eener un sentiment d\u2019ennui et de manque d\u2019activit\u00e9.<\/li>\n<li aria-level=\"1\">Elle peut provoquer un isolement social d\u00fb \u00e0 la perte des relations professionnelles.<\/li>\n<li aria-level=\"1\">Les revenus peuvent diminuer, ce qui n\u00e9cessite une gestion financi\u00e8re tr\u00e8s rigoureuse.<\/li>\n<li aria-level=\"1\">Partir t\u00f4t \u00e0 la retraite peut signifier renoncer \u00e0 des int\u00e9r\u00eats compos\u00e9s importants sur son \u00e9pargne.<\/li>\n<\/ul>\n<div class='shortcode summary'><div class='title'>En r\u00e9sum\u00e9 :<\/div><div class='content'><ul><li>La retraite anticip\u00e9e permet de partir avant l\u2019\u00e2ge l\u00e9gal sans d\u00e9cote, sous conditions strictes comme une carri\u00e8re longue ou un handicap.<\/li><li>Elle s\u2019adresse \u00e0 diff\u00e9rents profils : carri\u00e8res longues, personnes handicap\u00e9es, parents de trois enfants, ou en situation d\u2019invalidit\u00e9.<br \/>\n<\/li><li>Le montant de la pension est calcul\u00e9 selon la m\u00eame formule que la retraite classique, avec parfois un taux plein garanti.<\/li><li>La demande doit \u00eatre faite au moins six mois avant le d\u00e9part, avec des documents sp\u00e9cifiques selon la situation.<\/li><li>Un simulateur en ligne aide \u00e0 estimer ses droits et savoir si l\u2019on est \u00e9ligible \u00e0 la retraite anticip\u00e9e.<\/li><\/ul><\/div><\/div>\n<div class='cta-block'><div class='text'>Simulez votre retraite en 2 min.<\/div><a href='https:\/\/www.mes-allocs.fr\/formulaire\/retraite?utm_source=seo&origin=guides\/wp-json\/wp\/v2\/posts\/77460' class='app-button fit'>Simulation gratuite<\/a><\/div>\n","protected":false},"excerpt":{"rendered":"<p>[Mis \u00e0 jour le 03\/03\/2026] Que vous travailliez dans le secteur priv\u00e9, en tant que travailleur ind\u00e9pendant ou dans la fonction publique, vous avez la possibilit\u00e9 de partir en retraite plus t\u00f4t, avant l&rsquo;\u00e2ge l\u00e9gal : c&rsquo;est ce qu&rsquo;on appelle la retraite anticip\u00e9e. Mais attention, des conditions sont \u00e0 remplir. Alors, quels sont les crit\u00e8res, [&hellip;]<\/p>\n","protected":false},"author":27,"featured_media":77462,"comment_status":"open","ping_status":"open","sticky":false,"template":"","format":"standard","meta":{"amp_status":"","footnotes":""},"categories":[19177],"tags":[],"class_list":["post-77460","post","type-post","status-publish","format-standard","has-post-thumbnail","hentry","category-retraite"],"yoast_head":"<!-- This site is optimized with the Yoast SEO plugin v14.9 - https:\/\/yoast.com\/wordpress\/plugins\/seo\/ -->\n<title>Retraite anticip\u00e9e : conditions, calcul, d\u00e9marches | Mes-Allocs.fr<\/title>\n<meta name=\"description\" content=\"Vous pouvez b\u00e9n\u00e9ficier d&#039;une retraite anticip\u00e9e si vous remplissez certaines conditions. Mes Allocs vous explique tout.\" \/>\n<meta name=\"robots\" content=\"index, follow, max-snippet:-1, max-image-preview:large, max-video-preview:-1\" \/>\n<link rel=\"canonical\" href=\"https:\/\/www.mes-allocs.fr\/guides\/retraite\/retraite-anticipee\/\" \/>\n<meta property=\"og:locale\" content=\"fr_FR\" \/>\n<meta property=\"og:type\" content=\"article\" \/>\n<meta property=\"og:title\" content=\"Retraite anticip\u00e9e : conditions, calcul, d\u00e9marches | Mes-Allocs.fr\" \/>\n<meta property=\"og:description\" content=\"Vous pouvez b\u00e9n\u00e9ficier d&#039;une retraite anticip\u00e9e si vous remplissez certaines conditions. Mes Allocs vous explique tout.\" \/>\n<meta property=\"og:url\" content=\"https:\/\/www.mes-allocs.fr\/guides\/retraite\/retraite-anticipee\/\" \/>\n<meta property=\"og:site_name\" content=\"Mes-Allocs.fr\" \/>\n<meta property=\"article:published_time\" content=\"2024-04-30T09:20:49+00:00\" \/>\n<meta property=\"article:modified_time\" content=\"2026-04-22T09:53:12+00:00\" \/>\n<meta property=\"og:image\" content=\"https:\/\/www.mes-allocs.fr\/guides\/wp-content\/uploads\/2024\/04\/money-3918183_1280.jpg?wsr\" \/>\n\t<meta property=\"og:image:width\" content=\"1280\" \/>\n\t<meta property=\"og:image:height\" content=\"853\" \/>\n<meta name=\"twitter:card\" content=\"summary_large_image\" \/>\n<script type=\"application\/ld+json\" class=\"yoast-schema-graph\">{\"@context\":\"https:\/\/schema.org\",\"@graph\":[{\"@type\":\"WebSite\",\"@id\":\"https:\/\/www.mes-allocs.fr\/guides\/#website\",\"url\":\"https:\/\/www.mes-allocs.fr\/guides\/\",\"name\":\"Mes-Allocs.fr\",\"description\":\"\",\"potentialAction\":[{\"@type\":\"SearchAction\",\"target\":\"https:\/\/www.mes-allocs.fr\/guides\/?s={search_term_string}\",\"query-input\":\"required name=search_term_string\"}],\"inLanguage\":\"fr-FR\"},{\"@type\":\"ImageObject\",\"@id\":\"https:\/\/www.mes-allocs.fr\/guides\/retraite\/retraite-anticipee\/#primaryimage\",\"inLanguage\":\"fr-FR\",\"url\":\"https:\/\/www.mes-allocs.fr\/guides\/wp-content\/uploads\/2024\/04\/money-3918183_1280.jpg?wsr\",\"width\":1280,\"height\":853,\"caption\":\"peut on faire un pr\\u00eat avec pension d'invalidit\\u00e9\"},{\"@type\":\"WebPage\",\"@id\":\"https:\/\/www.mes-allocs.fr\/guides\/retraite\/retraite-anticipee\/#webpage\",\"url\":\"https:\/\/www.mes-allocs.fr\/guides\/retraite\/retraite-anticipee\/\",\"name\":\"Retraite anticip\\u00e9e : conditions, calcul, d\\u00e9marches | Mes-Allocs.fr\",\"isPartOf\":{\"@id\":\"https:\/\/www.mes-allocs.fr\/guides\/#website\"},\"primaryImageOfPage\":{\"@id\":\"https:\/\/www.mes-allocs.fr\/guides\/retraite\/retraite-anticipee\/#primaryimage\"},\"datePublished\":\"2024-04-30T09:20:49+00:00\",\"dateModified\":\"2026-04-22T09:53:12+00:00\",\"author\":{\"@id\":\"https:\/\/www.mes-allocs.fr\/guides\/#\/schema\/person\/7a9b61e7b715d477066a9f941c0440c7\"},\"description\":\"Vous pouvez b\\u00e9n\\u00e9ficier d'une retraite anticip\\u00e9e si vous remplissez certaines conditions. Mes Allocs vous explique tout.\",\"inLanguage\":\"fr-FR\"},{\"@type\":\"Person\",\"@id\":\"https:\/\/www.mes-allocs.fr\/guides\/#\/schema\/person\/7a9b61e7b715d477066a9f941c0440c7\",\"name\":\"L\\u00e9o Martin\",\"image\":{\"@type\":\"ImageObject\",\"@id\":\"https:\/\/www.mes-allocs.fr\/guides\/#personlogo\",\"inLanguage\":\"fr-FR\",\"url\":\"https:\/\/www.mes-allocs.fr\/guides\/wp-content\/uploads\/2023\/12\/1635317753781-e1701432075572-150x150.jpg\",\"caption\":\"L\\u00e9o Martin\"},\"description\":\"L\\u00e9o est r\\u00e9dacteur au sein de l'\\u00e9quipe Mes Allocs, sp\\u00e9cialis\\u00e9 sur les th\\u00e9matiques pouvoir d'achat et aides. Il rejoint Mes Allocs apr\\u00e8s une premi\\u00e8re exp\\u00e9rience en tant que journaliste chez La Gazette Cagnoise et Nice Presse.\",\"sameAs\":[\"https:\/\/www.linkedin.com\/in\/lo-martin-3429bb224\"]}]}<\/script>\n<!-- \/ Yoast SEO plugin. -->","amp_validity":null,"acf":{"faq":{"1":{"question":"Qu\u2019est-ce que la retraite anticip\u00e9e ? ","answer":"La retraite anticip\u00e9e est un dispositif permettant de partir \u00e0 la retraite avant l'\u00e2ge l\u00e9gal, sous certaines conditions, tout en b\u00e9n\u00e9ficiant de ses droits \u00e0 la retraite, y compris d'une pension \u00e0 taux plein."},"2":{"question":"\u00c0 partir de quel \u00e2ge peut-on prendre une retraite anticip\u00e9e ? ","answer":"Il est possible de prendre sa retraite avant l'\u00e2ge l\u00e9gal minimum dans certaines situations. Cependant, il n'est pas possible de le faire avant l'\u00e2ge de 58 ans (\u00e0 partir du 1er septembre 2023).\r\n"},"3":{"question":"Quels sont les trimestres retenus ? ","answer":"Les p\u00e9riodes de service militaire, les p\u00e9riodes de maladie, ou encore tous les trimestres de maternit\u00e9. etc. \r\n"},"4":{"question":"Qui peut b\u00e9n\u00e9ficier de la retraite anticip\u00e9e ? ","answer":"Les assur\u00e9s qui r\u00e9pondent aux crit\u00e8res de carri\u00e8re longue, qui sont handicap\u00e9s ou qui exercent un travail p\u00e9nible ont la possibilit\u00e9 de b\u00e9n\u00e9ficier d'une retraite anticip\u00e9e, c'est-\u00e0-dire de prendre leur retraite avant l'\u00e2ge l\u00e9gal de d\u00e9part \u00e0 la retraite.\r\n"},"5":{"question":"Quels sont les cas de retraite anticip\u00e9e ? ","answer":"Il y a la retraite anticip\u00e9e pour carri\u00e8re longue, retraite anticip\u00e9e pour handicap, retraite anticip\u00e9e pour p\u00e9nibilit\u00e9, retraite anticip\u00e9e pour inaptitude.\r\n"},"6":{"question":"Comment se calcule la retraite anticip\u00e9e ? ","answer":"La formule de calcul de la pension de retraite est la suivante :\r\nSalaire annuel moyen X taux pension X (dur\u00e9e d\u2019assurance au r\u00e9gime g\u00e9n\u00e9rale de la S\u00e9curit\u00e9 sociale \/ Dur\u00e9e de r\u00e9f\u00e9rence pour obtenir une pension \u00e0 taux plein)\r\n"},"7":{"question":"","answer":""},"8":{"question":"","answer":""},"9":{"question":"","answer":""},"10":{"question":"","answer":""},"11":{"question":"","answer":""},"12":{"question":"","answer":""},"13":{"question":"","answer":""},"14":{"question":"","answer":""},"15":{"question":"","answer":""},"16":{"question":"","answer":""}}},"_links":{"self":[{"href":"https:\/\/www.mes-allocs.fr\/guides\/wp-json\/wp\/v2\/posts\/77460","targetHints":{"allow":["GET"]}}],"collection":[{"href":"https:\/\/www.mes-allocs.fr\/guides\/wp-json\/wp\/v2\/posts"}],"about":[{"href":"https:\/\/www.mes-allocs.fr\/guides\/wp-json\/wp\/v2\/types\/post"}],"author":[{"embeddable":true,"href":"https:\/\/www.mes-allocs.fr\/guides\/wp-json\/wp\/v2\/users\/27"}],"replies":[{"embeddable":true,"href":"https:\/\/www.mes-allocs.fr\/guides\/wp-json\/wp\/v2\/comments?post=77460"}],"version-history":[{"count":12,"href":"https:\/\/www.mes-allocs.fr\/guides\/wp-json\/wp\/v2\/posts\/77460\/revisions"}],"predecessor-version":[{"id":110039,"href":"https:\/\/www.mes-allocs.fr\/guides\/wp-json\/wp\/v2\/posts\/77460\/revisions\/110039"}],"wp:featuredmedia":[{"embeddable":true,"href":"https:\/\/www.mes-allocs.fr\/guides\/wp-json\/wp\/v2\/media\/77462"}],"wp:attachment":[{"href":"https:\/\/www.mes-allocs.fr\/guides\/wp-json\/wp\/v2\/media?parent=77460"}],"wp:term":[{"taxonomy":"category","embeddable":true,"href":"https:\/\/www.mes-allocs.fr\/guides\/wp-json\/wp\/v2\/categories?post=77460"},{"taxonomy":"post_tag","embeddable":true,"href":"https:\/\/www.mes-allocs.fr\/guides\/wp-json\/wp\/v2\/tags?post=77460"}],"curies":[{"name":"wp","href":"https:\/\/api.w.org\/{rel}","templated":true}]}}