{"id":77440,"date":"2024-04-29T16:19:39","date_gmt":"2024-04-29T14:19:39","guid":{"rendered":"https:\/\/www.mes-allocs.fr\/guides\/?p=77440"},"modified":"2026-04-22T10:53:12","modified_gmt":"2026-04-22T09:53:12","slug":"aides-retraites-non-imposables","status":"publish","type":"post","link":"https:\/\/www.mes-allocs.fr\/guides\/retraite\/aide-retraite\/aides-retraites-non-imposables\/","title":{"rendered":"Quelles aides pour les retrait\u00e9s non imposables en 2025 ?"},"content":{"rendered":"<p><img loading=\"lazy\" decoding=\"async\" class=\"alignnone wp-image-77451 size-full\" title=\"quelles aides pour les retrait\u00e9s non-imposables\" src=\"https:\/\/www.mes-allocs.fr\/guides\/wp-content\/uploads\/2024\/04\/wallet-1359848_1280-e1714400154394.jpg\" alt=\"quelles aides pour les retrait\u00e9s non-imposables\" width=\"1280\" height=\"297\" srcset=\"https:\/\/www.mes-allocs.fr\/guides\/wp-content\/uploads\/2024\/04\/wallet-1359848_1280-e1714400154394.jpg 1280w, https:\/\/www.mes-allocs.fr\/guides\/wp-content\/uploads\/2024\/04\/wallet-1359848_1280-e1714400154394-300x70.jpg 300w, https:\/\/www.mes-allocs.fr\/guides\/wp-content\/uploads\/2024\/04\/wallet-1359848_1280-e1714400154394-1024x238.jpg 1024w, https:\/\/www.mes-allocs.fr\/guides\/wp-content\/uploads\/2024\/04\/wallet-1359848_1280-e1714400154394-768x178.jpg 768w, https:\/\/www.mes-allocs.fr\/guides\/wp-content\/uploads\/2024\/04\/wallet-1359848_1280-e1714400154394-600x139.jpg 600w\" sizes=\"auto, (max-width: 1280px) 100vw, 1280px\" \/><\/p>\n<p>En France, il existe un certain nombre d&rsquo;<a href=\"https:\/\/www.mes-allocs.fr\/guides\/retraite\/aide-retraite\/\">aides pour les retrait\u00e9s<\/a>. <span style=\"font-weight: 400;\">Ces dispositifs, souvent conditionn\u00e9s par les ressources per\u00e7us une fois \u00e0 la retraite ou le niveau de d\u00e9pendance, visent \u00e0 compl\u00e9ter les revenus des seniors, \u00e0 financer des travaux d\u2019adaptation de leur logement ou \u00e0 couvrir des d\u00e9penses li\u00e9es \u00e0 leur vieillissement. Mais qu&rsquo;en est-il des retrait\u00e9s qui ne payent pas d&rsquo;imp\u00f4ts et qui ont donc des ressources modestes ? Mes Allocs vous explique quelles sont les <strong>aides financi\u00e8res pour les retrait\u00e9s non-imposables<\/strong> et vous aide \u00e0 savoir si vous y \u00eates \u00e9ligible.\u00a0<\/span><\/p>\n<div class='cta-block'><div class='text'>Simulez votre retraite en 2 min.<\/div><a href='https:\/\/www.mes-allocs.fr\/formulaire\/retraite?utm_source=seo&origin=guides\/wp-json\/wp\/v2\/posts\/77440' class='app-button fit'>Simulation gratuite<\/a><\/div>\n<h1>Qu\u2019est-ce qu\u2019un retrait\u00e9 non-imposable ?<\/h1>\n<p><span style=\"font-weight: 400;\">Si vos revenus annuels ne d\u00e9passent pas un certain seuil, vous serez consid\u00e9r\u00e9 comme non imposable, ce qui signifie que vous ne paierez pas d&rsquo;imp\u00f4t sur le revenu. Il est \u00e0 noter que de nombreuses personne \u00e0 la retraite se trouvent dans cette situation, car les revenus des m\u00e9nages ne d\u00e9passent souvent pas le seuil fix\u00e9 par l&rsquo;\u00c9tat.<strong> En \u00e9tant non imposable, vous pouvez \u00e9galement b\u00e9n\u00e9ficier de diff\u00e9rentes aides sociales pour les retrait\u00e9s.<\/strong> <\/span><\/p>\n<p><span style=\"font-weight: 400;\">Par exemple, de nombreux retrait\u00e9s sont \u00e9ligibles \u00e0 des prestations sociales car ils ne sont pas imposables. Ainsi, diff\u00e9rentes formes d&rsquo;aides sociales et fiscales sont accessibles aux personnes non imposables.<\/span><\/p>\n<p><iframe loading=\"lazy\" title=\"Comment bien pr\u00e9parer sa retraite ?\" width=\"500\" height=\"281\" src=\"https:\/\/www.youtube.com\/embed\/nZ79Bmawt_M?feature=oembed\" frameborder=\"0\" allow=\"accelerometer; autoplay; clipboard-write; encrypted-media; gyroscope; picture-in-picture; web-share\" referrerpolicy=\"strict-origin-when-cross-origin\" allowfullscreen><\/iframe><\/p>\n<h1>Quelles aides existent pour les retrait\u00e9s non imposables ?<\/h1>\n<h2>Quelles sont les aides \u00e0 la perte d\u2019autonomie pour les retrait\u00e9s non imposables ?<\/h2>\n<h3>L&rsquo;APA pour les retrait\u00e9s non imposables<\/h3>\n<p><span style=\"font-weight: 400;\">L\u2019Allocation Personnalis\u00e9e d\u2019Autonomie (APA) est destin\u00e9e aux retrait\u00e9s en perte d\u2019autonomie, qu\u2019ils vivent \u00e0 domicile ou en \u00e9tablissement (comme un EHPAD).<\/span><\/p>\n<ul>\n<li style=\"font-weight: 400;\" aria-level=\"1\"><b>\u00c0 domicile<\/b><span style=\"font-weight: 400;\"> : L\u2019APA couvre les d\u00e9penses pour maintenir l\u2019autonomie, telles que l\u2019aide \u00e0 domicile ou les travaux d\u2019am\u00e9nagement.<\/span><span style=\"font-weight: 400;\"><br \/>\n<\/span><\/li>\n<li style=\"font-weight: 400;\" aria-level=\"1\"><b>En \u00e9tablissement<\/b><span style=\"font-weight: 400;\"> : L\u2019APA peut financer tout ou partie du tarif de d\u00e9pendance, incluant les services d\u2019assistance pour les actes de la vie quotidienne.<\/span><span style=\"font-weight: 400;\"><br \/>\n<\/span><\/li>\n<\/ul>\n<p><b>Conditions d\u2019\u00e9ligibilit\u00e9<\/b><span style=\"font-weight: 400;\"> :<\/span><\/p>\n<ul>\n<li style=\"font-weight: 400;\" aria-level=\"1\"><span style=\"font-weight: 400;\">Avoir 60 ans ou plus.<\/span><\/li>\n<li style=\"font-weight: 400;\" aria-level=\"1\"><span style=\"font-weight: 400;\">\u00catre en situation de d\u00e9pendance (class\u00e9 en GIR 1 \u00e0 4).<\/span><\/li>\n<li style=\"font-weight: 400;\" aria-level=\"1\"><span style=\"font-weight: 400;\">R\u00e9sider en France (domicile, proche, accueillant familial, ou \u00e9tablissement de moins de 25 r\u00e9sidents).<\/span><span style=\"font-weight: 400;\"><br \/>\n<\/span><\/li>\n<\/ul>\n<p><b>Non-\u00e9ligibilit\u00e9<\/b><span style=\"font-weight: 400;\"> : Les personnes recevant des aides comme la MTP, PCH, ou PCRTP ne peuvent pas b\u00e9n\u00e9ficier de l\u2019APA.<\/span><\/p>\n<p><span style=\"font-weight: 400;\">Le montant de l\u2019APA varie selon les ressources du retrait\u00e9 et son niveau de d\u00e9pendance.<\/span><\/p>\n<h3>L&rsquo;ASH pour les retrait\u00e9s non imposables<\/h3>\n<p><span style=\"font-weight: 400;\">Financ\u00e9e par le d\u00e9partement, l\u2019Aide Sociale \u00e0 l\u2019H\u00e9bergement (ASH) peut aider les retrait\u00e9s non-imposables \u00e0 couvrir leurs frais d\u2019h\u00e9bergement dans les types d\u2019\u00e9tablissements suivants :<\/span><\/p>\n<ul>\n<li style=\"font-weight: 400;\" aria-level=\"1\"><span style=\"font-weight: 400;\">EHPAD (\u00c9tablissement d\u2019H\u00e9bergement pour Personnes \u00c2g\u00e9es D\u00e9pendantes)<\/span><\/li>\n<li style=\"font-weight: 400;\" aria-level=\"1\"><span style=\"font-weight: 400;\">USLD (Unit\u00e9 de Soins de Longue Dur\u00e9e)<\/span><\/li>\n<li style=\"font-weight: 400;\" aria-level=\"1\"><span style=\"font-weight: 400;\">R\u00e9sidence autonomie<\/span><\/li>\n<li style=\"font-weight: 400;\" aria-level=\"1\"><span style=\"font-weight: 400;\">Accueil familial<\/span><\/li>\n<\/ul>\n<p><b>Pour b\u00e9n\u00e9ficier de l\u2019ASH, les retrait\u00e9s non-imposables doivent remplir les conditions suivantes :<\/b><\/p>\n<ul>\n<li style=\"font-weight: 400;\" aria-level=\"1\"><span style=\"font-weight: 400;\">\u00catre \u00e2g\u00e9 de plus de 65 ans<\/span><\/li>\n<li style=\"font-weight: 400;\" aria-level=\"1\"><span style=\"font-weight: 400;\">R\u00e9sider en France depuis plus de 3 mois<\/span><\/li>\n<li style=\"font-weight: 400;\" aria-level=\"1\"><span style=\"font-weight: 400;\">Avoir des ressources inf\u00e9rieures au montant des frais d\u2019h\u00e9bergement<\/span><\/li>\n<li style=\"font-weight: 400;\" aria-level=\"1\"><span style=\"font-weight: 400;\">R\u00e9sider dans un \u00e9tablissement habilit\u00e9 \u00e0 recevoir l\u2019ASH (comme un EHPAD, USLD, r\u00e9sidence autonomie) ou chez un accueillant familial agr\u00e9\u00e9 par le d\u00e9partement.<\/span><\/li>\n<\/ul>\n<p><b>Le montant de l\u2019ASH accord\u00e9 au retrait\u00e9 d\u00e9pend de ses ressources et de la pr\u00e9sence \u00e9ventuelle d\u2019autres membres de sa famille r\u00e9sidant avec lui.<\/b><\/p>\n<h3>L\u2019aide m\u00e9nag\u00e8re \u00e0 domicile si vous n&rsquo;\u00eates pas imposable<\/h3>\n<p><span style=\"font-weight: 400;\">Les retrait\u00e9s non imposables peuvent b\u00e9n\u00e9ficier d\u2019une aide m\u00e9nag\u00e8re \u00e0 domicile, avec plusieurs heures d\u2019intervention par mois. <\/span><b>Une contribution financi\u00e8re peut \u00eatre demand\u00e9e en fonction de leurs ressources. Cette aide peut prendre deux formes<\/b><span style=\"font-weight: 400;\"> :<\/span><\/p>\n<ul>\n<li style=\"font-weight: 400;\" aria-level=\"1\"><span style=\"font-weight: 400;\">Le d\u00e9partement organise directement l\u2019intervention d\u2019une aide \u00e0 domicile chez le retrait\u00e9 (aide en nature).<\/span><\/li>\n<li style=\"font-weight: 400;\" aria-level=\"1\"><span style=\"font-weight: 400;\">Le d\u00e9partement verse une Allocation Repr\u00e9sentative de Services M\u00e9nagers (ARSM) au retrait\u00e9 pour qu\u2019il emploie lui-m\u00eame une aide \u00e0 domicile.<\/span><\/li>\n<\/ul>\n<p><span style=\"font-weight: 400;\">Pour \u00eatre \u00e9ligible \u00e0 cette aide, le retrait\u00e9 doit :<\/span><\/p>\n<ul>\n<li style=\"font-weight: 400;\" aria-level=\"1\"><span style=\"font-weight: 400;\">Avoir au moins 65 ans.<\/span><\/li>\n<li style=\"font-weight: 400;\" aria-level=\"1\"><span style=\"font-weight: 400;\">\u00catre incapable d\u2019effectuer les t\u00e2ches m\u00e9nag\u00e8res.<\/span><\/li>\n<li style=\"font-weight: 400;\" aria-level=\"1\"><span style=\"font-weight: 400;\">Ne pas b\u00e9n\u00e9ficier de l\u2019APA ni \u00eatre \u00e9ligible \u00e0 cette allocation.<\/span><\/li>\n<li style=\"font-weight: 400;\" aria-level=\"1\"><span style=\"font-weight: 400;\">Avoir un revenu mensuel inf\u00e9rieur \u00e0 1 034,28 euros (pour une personne seule) et 1 605,73 euros (pour un couple).<\/span><\/li>\n<\/ul>\n<p><b>Si l\u2019aide est accord\u00e9e en nature, elle est \u00e9valu\u00e9e en heures :<\/b><\/p>\n<ul>\n<li style=\"font-weight: 400;\" aria-level=\"1\"><span style=\"font-weight: 400;\">Pour un retrait\u00e9 vivant seul : jusqu\u2019\u00e0 30 heures d\u2019intervention par mois.<\/span><\/li>\n<li style=\"font-weight: 400;\" aria-level=\"1\"><span style=\"font-weight: 400;\">Pour un couple de retrait\u00e9s \u00e9ligibles : jusqu\u2019\u00e0 48 heures d\u2019intervention par mois.<\/span><\/li>\n<\/ul>\n<p><span style=\"font-weight: 400;\">Dans le cas de l\u2019Allocation Repr\u00e9sentative de Services M\u00e9nagers, l\u2019aide peut couvrir jusqu\u2019\u00e0 60 % du co\u00fbt des services m\u00e9nagers.<\/span><\/p>\n<p><b>Pour b\u00e9n\u00e9ficier de cette aide, le retrait\u00e9 doit contacter le Centre Communal d\u2019Action Sociale (CCAS) ou la mairie de son lieu de r\u00e9sidence.<\/b><\/p>\n<h3>Le cr\u00e9dit d\u2019imp\u00f4t pour les services \u00e0 la personne<\/h3>\n<p><b>Une personne retrait\u00e9e non imposable peut b\u00e9n\u00e9ficier d\u2019un cr\u00e9dit d\u2019imp\u00f4t pour les services d\u2019aide \u00e0 domicile tels que la t\u00e9l\u00e9assistance, l\u2019entretien de la maison, les travaux de jardinage, etc.<\/b><\/p>\n<p><span style=\"font-weight: 400;\">Pour b\u00e9n\u00e9ficier du cr\u00e9dit d\u2019imp\u00f4t, le retrait\u00e9 doit :<\/span><\/p>\n<ul>\n<li style=\"font-weight: 400;\" aria-level=\"1\"><b>Faire appel \u00e0 un organisme labellis\u00e9 \u201cServices \u00e0 la personne\u201d \u00e0 son domicile.<\/b><\/li>\n<li style=\"font-weight: 400;\" aria-level=\"1\"><b>Employer directement une aide \u00e0 domicile.<\/b><\/li>\n<li style=\"font-weight: 400;\" aria-level=\"1\"><b>R\u00e9sider en France.<\/b><\/li>\n<\/ul>\n<p><span style=\"font-weight: 400;\">Ensuite, les retrait\u00e9s non imposables recevront un remboursement \u00e9quivalent \u00e0 25 % du montant d\u00e9pens\u00e9 au cours de l\u2019ann\u00e9e fiscale suivante.<\/span><\/p>\n<p><b>Le retrait\u00e9 non imposable recevra le remboursement directement sur son compte bancaire.<\/b><\/p>\n<p><span style=\"font-weight: 400;\">La personne retrait\u00e9e doit simplement indiquer le montant des sommes vers\u00e9es pour r\u00e9mun\u00e9rer les services d\u2019aide \u00e0 domicile lors de sa d\u00e9claration de revenus.<\/span><\/p>\n<div class='cta-block'><div class='text'>Simulez votre retraite en 2 min.<\/div><a href='https:\/\/www.mes-allocs.fr\/formulaire\/retraite?utm_source=seo&origin=guides\/wp-json\/wp\/v2\/posts\/77440' class='app-button fit'>Simulation gratuite<\/a><\/div>\n<h2>Quelles sont les aides au logement pour les retrait\u00e9s non imposables ?<\/h2>\n<h3>L&rsquo;APL pour les retrait\u00e9s non imposables<\/h3>\n<p><b>L\u2019APL (Aide Personnalis\u00e9e au Logement)<\/b><span style=\"font-weight: 400;\"> est attribu\u00e9e sans conditions d\u2019\u00e2ge et peut aider les retrait\u00e9s locataires \u00e0 revenus modestes. Son principe est de couvrir une partie du loyer, sous r\u00e9serve que les locataires qui en font la demande respectent des conditions de ressources et que le logement soit conforme \u00e0 certains crit\u00e8res. Cette allocation est vers\u00e9e par la CAF (Caisse d\u2019Allocations Familiales) ou la MSA.<\/span><\/p>\n<p><b>Son montant est calcul\u00e9 sur la base des revenus imposables des 12 derniers mois pour l\u2019ensemble du foyer vivant dans le logement.<\/b><\/p>\n<p><span style=\"font-weight: 400;\">Il est difficile de d\u00e9finir avec pr\u00e9cision les crit\u00e8res et les montants que vous pouvez attendre individuellement pour cette aide. Le plus simple est de calculer l\u2019estimation de vos droits directement sur le site Internet de la CAF.<\/span><\/p>\n<h3>L&rsquo;ALF si vous \u00eates non imposable et non \u00e9ligible \u00e0 l&rsquo;APL<\/h3>\n<p><b>Il existe \u00e9galement l\u2019ALS (Allocation de Logement Social),<\/b><span style=\"font-weight: 400;\"> une aide \u00e0 caract\u00e8re social destin\u00e9e aux personnes qui ne peuvent pas b\u00e9n\u00e9ficier de l\u2019APL ou de l\u2019ALF. Elle peut \u00eatre attribu\u00e9e aux personnes handicap\u00e9es qui touchent une petite retraite. Cette allocation est \u00e9galement vers\u00e9e par la CAF.<\/span><\/p>\n<p><span style=\"font-weight: 400;\">Le demandeur peut effectuer une demande d\u2019ALS s\u2019il est dans l\u2019une des situations suivantes :<\/span><\/p>\n<ul>\n<li style=\"font-weight: 400;\" aria-level=\"1\"><span style=\"font-weight: 400;\">il est <strong>locataire<\/strong>, <strong>colocataire<\/strong> ou <strong>sous-locataire<\/strong> (d\u00e9clar\u00e9 au propri\u00e9taire) d\u2019un logement meubl\u00e9 ou non ;<\/span><\/li>\n<li style=\"font-weight: 400;\" aria-level=\"1\"><span style=\"font-weight: 400;\">il est <strong>acc\u00e9dant \u00e0 la propri\u00e9t\u00e9<\/strong> et a b\u00e9n\u00e9fici\u00e9 d\u2019un pr\u00eat immobilier pour l\u2019achat du logement (seuls les pr\u00eats sign\u00e9s ant\u00e9rieurement au 1er f\u00e9vrier 2018 sont concern\u00e9s) ;<\/span><\/li>\n<li style=\"font-weight: 400;\" aria-level=\"1\"><span style=\"font-weight: 400;\">il est r<strong>\u00e9sident d\u2019un foyer d\u2019h\u00e9bergement<\/strong> ;<\/span><\/li>\n<li style=\"font-weight: 400;\" aria-level=\"1\"><strong>il effectue la demande pour une r\u00e9sidence principale situ\u00e9e en France.<\/strong><\/li>\n<\/ul>\n<p><span style=\"font-weight: 400;\">Le logement pour lequel la demande d\u2019aide est effectu\u00e9e doit r\u00e9pondre \u00e0 certains crit\u00e8res de d\u00e9cence et de conditions minimales d\u2019occupation.<\/span><\/p>\n<h3>L&rsquo;ALS si vous \u00eates non imposable et non \u00e9ligible \u00e0 l&rsquo;APL ou l&rsquo;ALF<\/h3>\n<p><b>L&rsquo;Aide sociale \u00e0 l\u2019h\u00e9bergement (ASH) est une aide financi\u00e8re octroy\u00e9e par votre d\u00e9partement.<\/b><span style=\"font-weight: 400;\"> Elle vise \u00e0 couvrir une partie des d\u00e9penses li\u00e9es \u00e0 votre logement si vous devez recourir \u00e0 un h\u00e9bergement en EHPAD, en r\u00e9sidence autonomie, en unit\u00e9 de soins de longue dur\u00e9e (USLD) ou chez un accueillant familial. Pour b\u00e9n\u00e9ficier de cette aide, vous devez remplir les conditions suivantes :<\/span><\/p>\n<ul>\n<li style=\"font-weight: 400;\" aria-level=\"1\"><span style=\"font-weight: 400;\">Avoir<strong> plus de 65 ans<\/strong> (ou plus de 60 ans si vous \u00eates inapte au travail).<\/span><\/li>\n<li style=\"font-weight: 400;\" aria-level=\"1\"><span style=\"font-weight: 400;\">Vos ressources doivent \u00eatre <strong>inf\u00e9rieures<\/strong> au montant des frais d&rsquo;h\u00e9bergement.<\/span><\/li>\n<li style=\"font-weight: 400;\" aria-level=\"1\"><span style=\"font-weight: 400;\">R\u00e9sider en France de fa\u00e7on stable et r\u00e9guli\u00e8re, c&rsquo;est-\u00e0-dire depuis <strong>plus de 3 mois cons\u00e9cutifs<\/strong>, ou avoir un titre de s\u00e9jour en cours de validit\u00e9 si vous \u00eates de nationalit\u00e9 \u00e9trang\u00e8re.<\/span><\/li>\n<li style=\"font-weight: 400;\" aria-level=\"1\"><span style=\"font-weight: 400;\">Votre \u00e9tablissement d\u2019accueil doit disposer de <strong>places habilit\u00e9es \u00e0 l\u2019ASH<\/strong>, ou vous devez r\u00e9sider chez un accueillant familial agr\u00e9\u00e9 par le d\u00e9partement.<\/span><\/li>\n<\/ul>\n<h2>Quelles sont les aides \u00e0 la r\u00e9novation du logement pour les retrait\u00e9s qui ne paient pas d&rsquo;imp\u00f4ts ?<\/h2>\n<p><span style=\"font-weight: 400;\"><strong>MaPrimeAdapt&rsquo;<\/strong>, lanc\u00e9e en janvier 2024, aide les retrait\u00e9s non imposables et en perte d\u2019autonomie \u00e0 <strong>financer des travaux d\u2019adaptation du logement<\/strong> pour faciliter le maintien \u00e0 domicile. Elle regroupe toutes les aides pour les seniors \u00e0 faibles revenus.<\/span><\/p>\n<p><span style=\"font-weight: 400;\"><strong>MaPrimeR\u00e9nov&rsquo;<\/strong>, propos\u00e9e par l\u2019ANAH, soutient la <strong>r\u00e9novation \u00e9nerg\u00e9tique<\/strong> et l\u2019adaptation des logements aux besoins des personnes \u00e2g\u00e9es. Elle couvre des travaux comme <strong>l\u2019isolation<\/strong>, le <strong>remplacement du chauffage<\/strong>, et l\u2019installation de <strong>fen\u00eatres \u00e0 double vitrage<\/strong>. Le montant, pouvant atteindre <strong>22 000 \u20ac<\/strong>, varie selon les revenus du foyer et les \u00e9conomies d&rsquo;\u00e9nergie r\u00e9alis\u00e9es.<\/span><\/p>\n<h1>Retrait\u00e9 non imposable : cumuler plusieurs aides, est-ce possible ?<\/h1>\n<h2>Aides non cumulables<\/h2>\n<ul>\n<li style=\"font-weight: 400;\" aria-level=\"1\"><b>APL (Aide Personnalis\u00e9e au Logement)<\/b><span style=\"font-weight: 400;\">, <\/span><b>ALS (Allocation de Logement Social)<\/b><span style=\"font-weight: 400;\">, et <\/span><b>ALF (Allocation de Logement Familial)<\/b><span style=\"font-weight: 400;\"> : Ces aides au logement ne peuvent pas \u00eatre cumul\u00e9es entre elles. Un retrait\u00e9 ne peut percevoir qu&rsquo;une seule de ces aides, en fonction de sa situation (conditions de ressources, situation familiale, etc.).<\/span><span style=\"font-weight: 400;\"><br \/>\n<\/span><\/li>\n<\/ul>\n<h2>Aides cumulables<\/h2>\n<ul>\n<li style=\"font-weight: 400;\" aria-level=\"1\"><b>ASPA (Allocation de Solidarit\u00e9 aux Personnes \u00c2g\u00e9es)<\/b><span style=\"font-weight: 400;\"> : L&rsquo;ASPA, qui est une aide financi\u00e8re pour les personnes \u00e2g\u00e9es de 65 ans et plus (ou 60 ans en cas d&rsquo;incapacit\u00e9 de travail), est cumulable avec d&rsquo;autres aides, sous certaines conditions.<\/span><\/li>\n<li style=\"font-weight: 400;\" aria-level=\"1\"><b>RSA (Revenu de Solidarit\u00e9 Active)<\/b><span style=\"font-weight: 400;\"> : Le RSA, qui vise \u00e0 garantir un revenu minimum aux personnes sans ressources, est \u00e9galement cumulable avec d&rsquo;autres aides, mais il existe des conditions sp\u00e9cifiques. En effet, un retrait\u00e9 non imposable peut cumuler l&rsquo;ASPA et le RSA <\/span><b>si ses revenus sont inf\u00e9rieurs au seuil fix\u00e9 pour le RSA<\/b><span style=\"font-weight: 400;\">, et cela est soumis \u00e0 l&rsquo;examen de ses ressources. Le RSA est alors ajust\u00e9 pour compl\u00e9ter les revenus de l&rsquo;ASPA, si n\u00e9cessaire.<\/span><\/li>\n<\/ul>\n<h1>Quelles autres aides pour les retrait\u00e9s non imposables ?<\/h1>\n<ul>\n<li style=\"font-weight: 400;\" aria-level=\"1\"><b>Bien Vieillir chez soi<\/b><span style=\"font-weight: 400;\"> : Aide destin\u00e9e \u00e0 financer des services \u00e0 domicile, tels que le portage de repas et l\u2019entretien du logement. Elle est accessible aux retrait\u00e9s avec des revenus inf\u00e9rieurs \u00e0 <strong>906,81 \u20ac<\/strong> par mois pour une personne seule.<\/span><\/li>\n<li style=\"font-weight: 400;\" aria-level=\"1\"><b>Aide m\u00e9nag\u00e8re du D\u00e9partement<\/b><span style=\"font-weight: 400;\"> : Une aide sociale pour les retrait\u00e9s en perte d\u2019autonomie, permettant de financer<strong> l\u2019intervention d\u2019une aide-m\u00e9nag\u00e8re \u00e0 domicile<\/strong> pour les t\u00e2ches quotidiennes essentielles. L\u2019aide est attribu\u00e9e en fonction des revenus et de la situation de d\u00e9pendance.<\/span><span style=\"font-weight: 400;\"><br \/>\n<\/span><\/li>\n<li style=\"font-weight: 400;\" aria-level=\"1\"><b>Les Aides au D\u00e9m\u00e9nagement<\/b><span style=\"font-weight: 400;\"> : Certaines aides sont propos\u00e9es pour les retrait\u00e9s qui doivent changer de logement, en particulier si cela est li\u00e9 \u00e0 la perte d&rsquo;autonomie ou \u00e0 des raisons de sant\u00e9.<\/span><span style=\"font-weight: 400;\"><br \/>\n<\/span><\/li>\n<li style=\"font-weight: 400;\" aria-level=\"1\"><b>Sortir Plus<\/b><span style=\"font-weight: 400;\"> : Programme de<strong> l&rsquo;Agirc-Arrco<\/strong> visant \u00e0 pr\u00e9venir l&rsquo;isolement des plus de 75 ans, en finan\u00e7ant des sorties pour des activit\u00e9s essentielles comme les visites m\u00e9dicales et les courses.<\/span><span style=\"font-weight: 400;\"><br \/>\n<\/span><\/li>\n<li style=\"font-weight: 400;\" aria-level=\"1\"><b>Aide au Retour \u00e0 Domicile apr\u00e8s Hospitalisation (ARDH)<\/b><span style=\"font-weight: 400;\"> : Aide destin\u00e9e aux retrait\u00e9s fragilis\u00e9s apr\u00e8s une hospitalisation, couvrant jusqu&rsquo;\u00e0 90 % des frais li\u00e9s \u00e0 l&rsquo;assistance \u00e0 domicile et \u00e0 la r\u00e9adaptation.<\/span><\/li>\n<li style=\"font-weight: 400;\" aria-level=\"1\"><b>Compl\u00e9mentaire Sant\u00e9 Solidaire (CSS)<\/b><span style=\"font-weight: 400;\"> : Aide financi\u00e8re pour les soins de sant\u00e9, couvrant les consultations m\u00e9dicales, hospitalisations, et \u00e9quipements m\u00e9dicaux pour les retrait\u00e9s \u00e0 faibles revenus.<\/span><\/li>\n<\/ul>\n<div class='cta-block'><div class='text'>Simulez votre retraite en 2 min.<\/div><a href='https:\/\/www.mes-allocs.fr\/formulaire\/retraite?utm_source=seo&origin=guides\/wp-json\/wp\/v2\/posts\/77440' class='app-button fit'>Simulation gratuite<\/a><\/div>\n","protected":false},"excerpt":{"rendered":"<p>En France, il existe un certain nombre d&rsquo;aides pour les retrait\u00e9s. Ces dispositifs, souvent conditionn\u00e9s par les ressources per\u00e7us une fois \u00e0 la retraite ou le niveau de d\u00e9pendance, visent \u00e0 compl\u00e9ter les revenus des seniors, \u00e0 financer des travaux d\u2019adaptation de leur logement ou \u00e0 couvrir des d\u00e9penses li\u00e9es \u00e0 leur vieillissement. Mais qu&rsquo;en [&hellip;]<\/p>\n","protected":false},"author":27,"featured_media":77452,"comment_status":"open","ping_status":"open","sticky":false,"template":"","format":"standard","meta":{"amp_status":"","footnotes":""},"categories":[34006,19177],"tags":[],"class_list":["post-77440","post","type-post","status-publish","format-standard","has-post-thumbnail","hentry","category-aide-retraite","category-retraite"],"yoast_head":"<!-- This site is optimized with the Yoast SEO plugin v14.9 - https:\/\/yoast.com\/wordpress\/plugins\/seo\/ -->\n<title>Quelles aides pour les retrait\u00e9s non imposables en 2025 ? | Mes-Allocs.fr<\/title>\n<meta name=\"description\" content=\"Vous ne payez pas d&#039;imp\u00f4t sur le revenu ? Vous \u00eates certainement \u00e9ligibles \u00e0 de nombreuses aides financi\u00e8res, pour compl\u00e9ter votre retraite.\" \/>\n<meta name=\"robots\" content=\"index, follow, max-snippet:-1, max-image-preview:large, max-video-preview:-1\" \/>\n<link rel=\"canonical\" href=\"https:\/\/www.mes-allocs.fr\/guides\/retraite\/aide-retraite\/aides-retraites-non-imposables\/\" \/>\n<meta property=\"og:locale\" content=\"fr_FR\" \/>\n<meta property=\"og:type\" content=\"article\" \/>\n<meta property=\"og:title\" content=\"Quelles aides pour les retrait\u00e9s non imposables en 2025 ? | Mes-Allocs.fr\" \/>\n<meta property=\"og:description\" content=\"Vous ne payez pas d&#039;imp\u00f4t sur le revenu ? Vous \u00eates certainement \u00e9ligibles \u00e0 de nombreuses aides financi\u00e8res, pour compl\u00e9ter votre retraite.\" \/>\n<meta property=\"og:url\" content=\"https:\/\/www.mes-allocs.fr\/guides\/retraite\/aide-retraite\/aides-retraites-non-imposables\/\" \/>\n<meta property=\"og:site_name\" content=\"Mes-Allocs.fr\" \/>\n<meta property=\"article:published_time\" content=\"2024-04-29T14:19:39+00:00\" \/>\n<meta property=\"article:modified_time\" content=\"2026-04-22T09:53:12+00:00\" \/>\n<meta property=\"og:image\" content=\"https:\/\/www.mes-allocs.fr\/guides\/wp-content\/uploads\/2024\/04\/cashbox-1642989_1280-1.jpg?wsr\" \/>\n\t<meta property=\"og:image:width\" content=\"1280\" \/>\n\t<meta property=\"og:image:height\" content=\"853\" \/>\n<meta name=\"twitter:card\" content=\"summary_large_image\" \/>\n<script type=\"application\/ld+json\" class=\"yoast-schema-graph\">{\"@context\":\"https:\/\/schema.org\",\"@graph\":[{\"@type\":\"WebSite\",\"@id\":\"https:\/\/www.mes-allocs.fr\/guides\/#website\",\"url\":\"https:\/\/www.mes-allocs.fr\/guides\/\",\"name\":\"Mes-Allocs.fr\",\"description\":\"\",\"potentialAction\":[{\"@type\":\"SearchAction\",\"target\":\"https:\/\/www.mes-allocs.fr\/guides\/?s={search_term_string}\",\"query-input\":\"required name=search_term_string\"}],\"inLanguage\":\"fr-FR\"},{\"@type\":\"ImageObject\",\"@id\":\"https:\/\/www.mes-allocs.fr\/guides\/retraite\/aide-retraite\/aides-retraites-non-imposables\/#primaryimage\",\"inLanguage\":\"fr-FR\",\"url\":\"https:\/\/www.mes-allocs.fr\/guides\/wp-content\/uploads\/2024\/04\/cashbox-1642989_1280-1.jpg?wsr\",\"width\":1280,\"height\":853,\"caption\":\"conditions pr\\u00eat \\u00e9tudiant\"},{\"@type\":\"WebPage\",\"@id\":\"https:\/\/www.mes-allocs.fr\/guides\/retraite\/aide-retraite\/aides-retraites-non-imposables\/#webpage\",\"url\":\"https:\/\/www.mes-allocs.fr\/guides\/retraite\/aide-retraite\/aides-retraites-non-imposables\/\",\"name\":\"Quelles aides pour les retrait\\u00e9s non imposables en 2025 ? | Mes-Allocs.fr\",\"isPartOf\":{\"@id\":\"https:\/\/www.mes-allocs.fr\/guides\/#website\"},\"primaryImageOfPage\":{\"@id\":\"https:\/\/www.mes-allocs.fr\/guides\/retraite\/aide-retraite\/aides-retraites-non-imposables\/#primaryimage\"},\"datePublished\":\"2024-04-29T14:19:39+00:00\",\"dateModified\":\"2026-04-22T09:53:12+00:00\",\"author\":{\"@id\":\"https:\/\/www.mes-allocs.fr\/guides\/#\/schema\/person\/7a9b61e7b715d477066a9f941c0440c7\"},\"description\":\"Vous ne payez pas d'imp\\u00f4t sur le revenu ? Vous \\u00eates certainement \\u00e9ligibles \\u00e0 de nombreuses aides financi\\u00e8res, pour compl\\u00e9ter votre retraite.\",\"inLanguage\":\"fr-FR\"},{\"@type\":\"Person\",\"@id\":\"https:\/\/www.mes-allocs.fr\/guides\/#\/schema\/person\/7a9b61e7b715d477066a9f941c0440c7\",\"name\":\"L\\u00e9o Martin\",\"image\":{\"@type\":\"ImageObject\",\"@id\":\"https:\/\/www.mes-allocs.fr\/guides\/#personlogo\",\"inLanguage\":\"fr-FR\",\"url\":\"https:\/\/www.mes-allocs.fr\/guides\/wp-content\/uploads\/2023\/12\/1635317753781-e1701432075572-150x150.jpg\",\"caption\":\"L\\u00e9o Martin\"},\"description\":\"L\\u00e9o est r\\u00e9dacteur au sein de l'\\u00e9quipe Mes Allocs, sp\\u00e9cialis\\u00e9 sur les th\\u00e9matiques pouvoir d'achat et aides. Il rejoint Mes Allocs apr\\u00e8s une premi\\u00e8re exp\\u00e9rience en tant que journaliste chez La Gazette Cagnoise et Nice Presse.\",\"sameAs\":[\"https:\/\/www.linkedin.com\/in\/lo-martin-3429bb224\"]}]}<\/script>\n<!-- \/ Yoast SEO plugin. -->","amp_validity":null,"acf":{"faq":{"1":{"question":"Qu\u2019est-ce qu\u2019un retrait\u00e9 non-imposable ? ","answer":"Si vos revenus annuels ne d\u00e9passent pas un certain seuil, vous serez consid\u00e9r\u00e9 comme non imposable, ce qui signifie que vous ne paierez pas d'imp\u00f4t sur le revenu."},"2":{"question":"Quelles sont les aides \u00e0 la perte d'autonomie pour les retrait\u00e9s non-imposables ?","answer":"Il y a l'APA, l'ASH ou encore une aide m\u00e9nag\u00e8re. "},"3":{"question":"Qu'est-ce que le cr\u00e9dit d'imp\u00f4t pour les personnes non-imposable ? ","answer":"Une personne retrait\u00e9e non imposable peut b\u00e9n\u00e9ficier d'un cr\u00e9dit d'imp\u00f4t pour les services d'aide \u00e0 domicile. Ensuite, les retrait\u00e9s non imposables recevront un remboursement \u00e9quivalent \u00e0 25 % du montant d\u00e9pens\u00e9 au cours de l'ann\u00e9e fiscale suivante."},"4":{"question":"Quelles sont les aides au logement pour les retrait\u00e9s non-imposables ? ","answer":"Il y a les APL, l'ALF, ou l'ALS si vous ne pouvez pas toucher les deux aides pr\u00e9c\u00e9dentes. "},"5":{"question":"Il y a-t-il des aides \u00e0 la r\u00e9novation ? ","answer":"Oui, il y Ma Prime Adapt ou encore Ma Prime Renov. "},"6":{"question":"Qu'est-ce que c'est Ma Prime Adapt ? ","answer":"Ma Prime Adapt a pour objectif de regrouper toutes les aides existantes afin de soutenir le maintien des seniors \u00e0 domicile aussi longtemps que possible.\r\n"},"7":{"question":"","answer":""},"8":{"question":"","answer":""},"9":{"question":"","answer":""},"10":{"question":"","answer":""},"11":{"question":"","answer":""},"12":{"question":"","answer":""},"13":{"question":"","answer":""},"14":{"question":"","answer":""},"15":{"question":"","answer":""},"16":{"question":"","answer":""}}},"_links":{"self":[{"href":"https:\/\/www.mes-allocs.fr\/guides\/wp-json\/wp\/v2\/posts\/77440","targetHints":{"allow":["GET"]}}],"collection":[{"href":"https:\/\/www.mes-allocs.fr\/guides\/wp-json\/wp\/v2\/posts"}],"about":[{"href":"https:\/\/www.mes-allocs.fr\/guides\/wp-json\/wp\/v2\/types\/post"}],"author":[{"embeddable":true,"href":"https:\/\/www.mes-allocs.fr\/guides\/wp-json\/wp\/v2\/users\/27"}],"replies":[{"embeddable":true,"href":"https:\/\/www.mes-allocs.fr\/guides\/wp-json\/wp\/v2\/comments?post=77440"}],"version-history":[{"count":11,"href":"https:\/\/www.mes-allocs.fr\/guides\/wp-json\/wp\/v2\/posts\/77440\/revisions"}],"predecessor-version":[{"id":101616,"href":"https:\/\/www.mes-allocs.fr\/guides\/wp-json\/wp\/v2\/posts\/77440\/revisions\/101616"}],"wp:featuredmedia":[{"embeddable":true,"href":"https:\/\/www.mes-allocs.fr\/guides\/wp-json\/wp\/v2\/media\/77452"}],"wp:attachment":[{"href":"https:\/\/www.mes-allocs.fr\/guides\/wp-json\/wp\/v2\/media?parent=77440"}],"wp:term":[{"taxonomy":"category","embeddable":true,"href":"https:\/\/www.mes-allocs.fr\/guides\/wp-json\/wp\/v2\/categories?post=77440"},{"taxonomy":"post_tag","embeddable":true,"href":"https:\/\/www.mes-allocs.fr\/guides\/wp-json\/wp\/v2\/tags?post=77440"}],"curies":[{"name":"wp","href":"https:\/\/api.w.org\/{rel}","templated":true}]}}