{"id":77439,"date":"2024-04-29T16:22:22","date_gmt":"2024-04-29T14:22:22","guid":{"rendered":"https:\/\/www.mes-allocs.fr\/guides\/?p=77439"},"modified":"2026-04-22T10:53:12","modified_gmt":"2026-04-22T09:53:12","slug":"se-faire-aider-pour-dossier-retraite","status":"publish","type":"post","link":"https:\/\/www.mes-allocs.fr\/guides\/retraite\/aide-retraite\/se-faire-aider-pour-dossier-retraite\/","title":{"rendered":"Comment se faire aider pour faire le dossier de retraite ?"},"content":{"rendered":"<p><img loading=\"lazy\" decoding=\"async\" title=\"se faire aider pour dossier retraite\" src=\"https:\/\/www.mes-allocs.fr\/guides\/wp-content\/uploads\/2024\/04\/office-work-3293203_1280-e1714400055555.jpg\" alt=\"se faire aider pour dossier retraite\" width=\"1280\" height=\"320\" \/><\/p>\n<p>[Mis \u00e0 jour le 29\/01\/2026] Vous anticipez votre d\u00e9part en retraite ? Constituer un dossier de retraite peut vite devenir complexe : multiplicit\u00e9 des r\u00e9gimes, relev\u00e9s de carri\u00e8re \u00e0 v\u00e9rifier, d\u00e9lais \u00e0 respecter \u2026 Heureusement, il existe aujourd\u2019hui de nombreuses <a href=\"https:\/\/www.mes-allocs.fr\/guides\/retraite\/aide-retraite\/\">aides retraite<\/a> pour vous accompagner efficacement dans vos d\u00e9marches. Vous avez justement besoin de <strong>vous<\/strong> <strong>faire aider pour constituer votre dossier de <\/strong><strong>retraite <\/strong>? Vous \u00eates au bon endroit ! On vous explique qui peut vous aider, comment et quels sont les avantages d&rsquo;un accompagnement.<\/p>\n<div class='cta-block'><div class='text'>Simulez votre retraite en 2 min.<\/div><a href='https:\/\/www.mes-allocs.fr\/formulaire\/retraite?utm_source=seo&origin=guides\/wp-json\/wp\/v2\/posts\/77439' class='app-button fit'>Simulation gratuite<\/a><\/div>\n<h1>Pourquoi vous faire aider pour votre dossier de retraite ?<\/h1>\n<ul>\n<li aria-level=\"1\">Plus besoin de chercher toutes les informations par vous-m\u00eame, un accompagnement vous fait gagner du temps !<\/li>\n<li aria-level=\"1\">Un expert v\u00e9rifie votre relev\u00e9 de carri\u00e8re et s\u2019assure que toutes vos p\u00e9riodes sont bien prises en compte.<\/li>\n<li aria-level=\"1\">Votre dossier est d\u00e9pos\u00e9 dans les temps pour \u00e9viter tout retard de paiement.<\/li>\n<li aria-level=\"1\">Vous recevez des r\u00e9ponses adapt\u00e9es \u00e0 votre situation professionnelle et personnelle.<\/li>\n<li aria-level=\"1\">Un accompagnement permet d\u2019identifier les droits oubli\u00e9s ou les erreurs de calcul.<\/li>\n<li aria-level=\"1\">Les d\u00e9marches administratives sont simplifi\u00e9es, car vous \u00eates guid\u00e9 \u00e0 chaque \u00e9tape, jusqu\u2019\u00e0 la liquidation de votre retraite.<\/li>\n<\/ul>\n<h1>Qui peut vous aider \u00e0 constituer votre dossier de retraite ?<\/h1>\n<p><b>Mes Allocs<\/b> vous accompagne de A \u00e0 Z gr\u00e2ce \u00e0 l\u2019expertise de ses <b>conseillers sp\u00e9cialis\u00e9s en retraite<\/b>. Que vous soyez salari\u00e9, fonctionnaire, ind\u00e9pendant ou pluriactif, nos experts analysent votre situation en profondeur pour vous garantir une prise en charge optimale.<\/p>\n<p>Avec <b>Mes Allocs<\/b>, vous b\u00e9n\u00e9ficiez :<\/p>\n<ul>\n<li aria-level=\"1\">d\u2019un <b>diagnostic personnalis\u00e9<\/b> de votre carri\u00e8re et de vos droits \u00e0 la retraite,<\/li>\n<li aria-level=\"1\">d\u2019une <b>v\u00e9rification compl\u00e8te<\/b> de votre relev\u00e9 de carri\u00e8re (recherche d\u2019anomalies, trimestres manquants, r\u00e9gularisations n\u00e9cessaires),<\/li>\n<li aria-level=\"1\">d\u2019un <b>montage int\u00e9gral de votre dossier de retraite<\/b>, avec transmission aux bons organismes (CNAV, Agirc-Arrco, etc.),<\/li>\n<li aria-level=\"1\">d\u2019un <b>suivi administratif continu<\/b> jusqu\u2019au versement effectif de votre premi\u00e8re pension,<\/li>\n<li aria-level=\"1\">et d\u2019un <b>accompagnement humain<\/b>, \u00e0 l\u2019\u00e9coute, r\u00e9actif et adapt\u00e9 \u00e0 votre situation personnelle.<\/li>\n<\/ul>\n<p>Gr\u00e2ce \u00e0 <b>Mes Allocs<\/b>, vous gagnez du temps, vous \u00e9vitez les erreurs, et vous partez \u00e0 la retraite <b>l\u2019esprit tranquille<\/b>. En plus, les conseillers vous proposent m\u00eame de b\u00e9n\u00e9ficier d&rsquo;<a href=\"https:\/\/www.mes-allocs.fr\/guides\/retraite\/aide-retraite\/aide-petite-retraite\/\">aides financi\u00e8res si vous avez une petite retraite<\/a>.<\/p>\n<p><iframe loading=\"lazy\" title=\"Comment bien pr\u00e9parer sa retraite ?\" width=\"500\" height=\"281\" src=\"https:\/\/www.youtube.com\/embed\/nZ79Bmawt_M?feature=oembed\" frameborder=\"0\" allow=\"accelerometer; autoplay; clipboard-write; encrypted-media; gyroscope; picture-in-picture; web-share\" referrerpolicy=\"strict-origin-when-cross-origin\" allowfullscreen><\/iframe><\/p>\n<h1>\u00c0 quel moment pr\u00e9parer votre dossier de retraite ?<\/h1>\n<p>Pr\u00e9parer sa retraite ne s\u2019improvise pas. Id\u00e9alement, il est conseill\u00e9 de <b>commencer les d\u00e9marches cinq ans avant la date de d\u00e9part souhait\u00e9e<\/b>. Cela permet d\u2019anticiper sereinement tous les aspects li\u00e9s \u00e0 la retraite.<\/p>\n<p>\u00c0 partir de <b>55 ans<\/b>, vous pouvez consulter votre <b>relev\u00e9 de carri\u00e8re<\/b> complet via votre espace personnel sur le site de l\u2019Assurance Retraite. Ce document vous permet de v\u00e9rifier que l\u2019ensemble de votre parcours professionnel a bien \u00e9t\u00e9 pris en compte. En cas d\u2019anomalie, vous avez ainsi le temps de demander les corrections n\u00e9cessaires.<\/p>\n<h1>Comment pr\u00e9parer votre d\u00e9part \u00e0 la retraite ?<\/h1>\n<h2>D\u00e9terminez votre \u00e2ge de d\u00e9part \u00e0 la retraite<\/h2>\n<p>Avant de lancer les d\u00e9marches, deux \u00e9l\u00e9ments sont essentiels :<\/p>\n<ul>\n<li aria-level=\"1\"><b>L\u2019\u00e2ge l\u00e9gal de d\u00e9part \u00e0 la retraite<\/b><\/li>\n<li aria-level=\"1\"><b>Le nombre de trimestres cotis\u00e9s requis<\/b><\/li>\n<\/ul>\n<p>Depuis la r\u00e9forme de 2023, l\u2019\u00e2ge l\u00e9gal recule progressivement jusqu\u2019\u00e0 <b>64 ans<\/b> pour les personnes n\u00e9es \u00e0 partir de <b>1968<\/b>. Si vous avez le <b>nombre de trimestres requis<\/b>, vous obtiendrez une <b>retraite \u00e0 taux plein<\/b>. Sinon, vous devrez attendre <b>67 ans<\/b> pour \u00e9viter une d\u00e9cote.<\/p>\n<h2>Calculez votre \u00e2ge de d\u00e9part \u00e0 la retraite<\/h2>\n<p>Une fois que vous connaissez votre <b>\u00e2ge l\u00e9gal de d\u00e9part \u00e0 la retraite<\/b>, vous pouvez choisir la <b>date pr\u00e9cise<\/b> de cessation d\u2019activit\u00e9, sous deux conditions : le d\u00e9part doit imp\u00e9rativement avoir lieu le <b>1er jour d\u2019un mois<\/b>, et ne peut pas \u00eatre ant\u00e9rieur \u00e0 la <b>date de votre demande de retraite<\/b>.<\/p>\n<p>Pour partir au plus t\u00f4t, tenez compte de votre <b>date de naissance<\/b> : si vous \u00eates n\u00e9(e) le <b>1er jour d\u2019un mois<\/b>, vous pouvez partir \u00e0 la retraite le jour m\u00eame de votre <b>anniversaire<\/b> \u00e0 l\u2019\u00e2ge l\u00e9gal (par exemple, n\u00e9 le 1er septembre 1962, d\u00e9part possible d\u00e8s le 1er mars 2025 \u00e0 62 ans et 6 mois). Si vous \u00eates n\u00e9(e) un autre jour, votre d\u00e9part pourra intervenir le <b>1er jour du mois suivant<\/b> votre anniversaire \u00e0 l\u2019\u00e2ge l\u00e9gal (exemple : n\u00e9 le 10 septembre 1962, retraite possible d\u00e8s le 1er avril 2025).<\/p>\n<p>Sans choix de date, la retraite d\u00e9marre automatiquement le <b>1er jour du mois suivant votre demande<\/b>.<\/p>\n<p>Pour les <b>fonctionnaires titulaires<\/b>, la <b>r\u00e9mun\u00e9ration cesse<\/b> \u00e0 la date d\u2019arr\u00eat d\u2019activit\u00e9. La <b>pension commence<\/b> le 1er jour du mois suivant, sauf en cas de d\u00e9part pour <b>limite d\u2019\u00e2ge<\/b>, o\u00f9 elle d\u00e9bute d\u00e8s le lendemain. Par exemple, un d\u00e9part le 16 mai donne droit \u00e0 un salaire jusqu\u2019\u00e0 cette date, puis la pension d\u00e8s le 1er juin, sauf pour limite d\u2019\u00e2ge o\u00f9 la pension commence le 17 mai.<\/p>\n<p>Pour \u00e9viter toute perte de revenus, il est conseill\u00e9 de cesser votre activit\u00e9 le <b>dernier jour du mois<\/b>, afin de percevoir un <b>salaire complet<\/b> et une <b>pension d\u00e8s le mois suivant<\/b>.<\/p>\n<h2>Pr\u00e9parez les documents n\u00e9cessaires pour votre dossier de retraite<\/h2>\n<h3>Documents obligatoires \u00e0 fournir pour votre dossier de retraite<\/h3>\n<ul>\n<li aria-level=\"1\">Copie de pi\u00e8ce d\u2019identit\u00e9, passeport ou titre de s\u00e9jour valide<\/li>\n<li aria-level=\"1\">Preuve de nationalit\u00e9 (acte de naissance avec filiation, livret de famille, etc.)<\/li>\n<li aria-level=\"1\">Copie du dernier avis d\u2019imposition ou avis de situation d\u00e9clarative \u00e0 l\u2019imp\u00f4t sur le revenu<\/li>\n<li aria-level=\"1\">Relev\u00e9 d\u2019identit\u00e9 bancaire (RIB)<\/li>\n<li aria-level=\"1\">Fiches de paie de la derni\u00e8re ann\u00e9e ou attestation employeur<\/li>\n<li aria-level=\"1\">Attestation CPAM ou document r\u00e9capitulant les indemnit\u00e9s journali\u00e8res des 2 derni\u00e8res ann\u00e9es<\/li>\n<li aria-level=\"1\">Attestation des p\u00e9riodes de ch\u00f4mage (fournie par P\u00f4le emploi)<\/li>\n<\/ul>\n<h3>Documents compl\u00e9mentaires selon situations sp\u00e9cifiques<\/h3>\n<ul>\n<li aria-level=\"1\"><b>Retraite pour inaptitude<\/b> : certificat m\u00e9dical + notification d\u2019attribution ou rejet de l\u2019AAH<\/li>\n<li aria-level=\"1\"><b>Retraite pour p\u00e9nibilit\u00e9<\/b> : notification de consolidation m\u00e9dicale + notification de rente Assurance maladie\/MSA ou autre justificatif<\/li>\n<li aria-level=\"1\"><b>Si vous avez des enfants<\/b> : copie livret de famille ou actes de naissance + attestation sur l\u2019honneur d\u2019\u00e9ducation seule pendant 9 ans avant leurs 16 ans<\/li>\n<li aria-level=\"1\"><b>Mariage, divorce, veuvage<\/b> : copie livret de famille ou actes de mariage\/divorce + copie du jugement de divorce ou acte de d\u00e9c\u00e8s du conjoint<\/li>\n<\/ul>\n<h1>Quel est le d\u00e9lai pour d\u00e9poser votre dossier de retraite ?<\/h1>\n<p>Quel que soit votre r\u00e9gime de retraite, il faut d\u00e9poser votre dossier de retraite en avance. Le d\u00e9lai est g\u00e9n\u00e9ralement<b> 5 \u00e0 6 mois<\/b> avant la date de d\u00e9part souhait\u00e9e.<\/p>\n<p>Cela permet :<\/p>\n<ul>\n<li aria-level=\"1\">aux caisses de retraite de traiter votre demande \u00e0 temps,<\/li>\n<li aria-level=\"1\">d\u2019\u00e9viter des retards dans le versement de votre pension,<\/li>\n<li aria-level=\"1\">et de v\u00e9rifier ou compl\u00e9ter votre carri\u00e8re si n\u00e9cessaire.<\/li>\n<\/ul>\n<h1>Suivi de la demande : que faire apr\u00e8s avoir d\u00e9pos\u00e9 votre dossier ?<\/h1>\n<h2>Comment suivre l\u2019avancement de votre dossier de retraite ?<\/h2>\n<p>Pour obtenir des informations sur l\u2019avancement de l\u2019\u00e9tude de votre dossier aupr\u00e8s de la Carsat (Caisse d\u2019assurance retraite et de la sant\u00e9 au travail), suivez ces \u00e9tapes :<\/p>\n<ul>\n<li aria-level=\"1\"><b>Connectez-vous \u00e0 votre espace personnel sur le site de l\u2019Assurance retraite.<\/b><\/li>\n<li aria-level=\"1\"><b>S\u00e9lectionnez le service \u201cJe souhaite consulter le suivi de mon dossier\u201d dans la liste propos\u00e9e.<\/b><\/li>\n<\/ul>\n<p>Vous aurez ainsi acc\u00e8s aux informations sur l\u2019\u00e9tat d\u2019avancement de votre dossier.<\/p>\n<h2>Que faire en cas de probl\u00e8me ou de retard ?<\/h2>\n<p>Si vous ne recevez pas votre retraite \u00e0 temps ou si vous rencontrez des probl\u00e8mes<b>, v\u00e9rifiez d\u2019abord l&rsquo;\u00e9tat de votre dossier.<\/b><\/p>\n<ul>\n<li aria-level=\"1\">Connectez-vous \u00e0 votre espace personnel sur le site de l\u2019Assurance Retraite pour suivre l&rsquo;avancement de votre demande et consulter les documents associ\u00e9s.<\/li>\n<li aria-level=\"1\">Assurez-vous que votre dossier est complet : toutes les pi\u00e8ces justificatives n\u00e9cessaires ont-elles \u00e9t\u00e9 fournies ?<\/li>\n<\/ul>\n<p>Si vos probl\u00e8mes persistent, <b>contactez l\u2019Assurance Retraite<\/b><\/p>\n<ul>\n<li aria-level=\"1\">Par t\u00e9l\u00e9phone : appelez le 3960 (num\u00e9ro national de l&rsquo;Assurance Retraite) pour obtenir des informations sur votre dossier.<\/li>\n<li aria-level=\"1\">Par courrier recommand\u00e9 avec accus\u00e9 de r\u00e9ception<\/li>\n<li aria-level=\"1\">En ligne : via la messagerie s\u00e9curis\u00e9e de votre espace personnel, vous pouvez poser des questions ou demander des \u00e9claircissements.<\/li>\n<\/ul>\n<div class='cta-block'><div class='text'>Simulez votre retraite en 2 min.<\/div><a href='https:\/\/www.mes-allocs.fr\/formulaire\/retraite?utm_source=seo&origin=guides\/wp-json\/wp\/v2\/posts\/77439' class='app-button fit'>Simulation gratuite<\/a><\/div>\n","protected":false},"excerpt":{"rendered":"<p>[Mis \u00e0 jour le 29\/01\/2026] Vous anticipez votre d\u00e9part en retraite ? Constituer un dossier de retraite peut vite devenir complexe : multiplicit\u00e9 des r\u00e9gimes, relev\u00e9s de carri\u00e8re \u00e0 v\u00e9rifier, d\u00e9lais \u00e0 respecter \u2026 Heureusement, il existe aujourd\u2019hui de nombreuses aides retraite pour vous accompagner efficacement dans vos d\u00e9marches. Vous avez justement besoin de vous [&hellip;]<\/p>\n","protected":false},"author":27,"featured_media":77450,"comment_status":"open","ping_status":"open","sticky":false,"template":"","format":"standard","meta":{"amp_status":"","footnotes":""},"categories":[34006,19177],"tags":[],"class_list":["post-77439","post","type-post","status-publish","format-standard","has-post-thumbnail","hentry","category-aide-retraite","category-retraite"],"yoast_head":"<!-- This site is optimized with the Yoast SEO plugin v14.9 - https:\/\/yoast.com\/wordpress\/plugins\/seo\/ -->\n<title>Comment se faire aider pour faire le dossier de retraite ? | Mes-Allocs.fr<\/title>\n<meta name=\"description\" content=\"Il existe diff\u00e9rents moyens pour se faire aider pour constituer votre dossier de retraite. Mes Allocs vous explique tout.\" \/>\n<meta name=\"robots\" content=\"index, follow, max-snippet:-1, max-image-preview:large, max-video-preview:-1\" \/>\n<link rel=\"canonical\" href=\"https:\/\/www.mes-allocs.fr\/guides\/retraite\/aide-retraite\/se-faire-aider-pour-dossier-retraite\/\" \/>\n<meta property=\"og:locale\" content=\"fr_FR\" \/>\n<meta property=\"og:type\" content=\"article\" \/>\n<meta property=\"og:title\" content=\"Comment se faire aider pour faire le dossier de retraite ? | Mes-Allocs.fr\" \/>\n<meta property=\"og:description\" content=\"Il existe diff\u00e9rents moyens pour se faire aider pour constituer votre dossier de retraite. Mes Allocs vous explique tout.\" \/>\n<meta property=\"og:url\" content=\"https:\/\/www.mes-allocs.fr\/guides\/retraite\/aide-retraite\/se-faire-aider-pour-dossier-retraite\/\" \/>\n<meta property=\"og:site_name\" content=\"Mes-Allocs.fr\" \/>\n<meta property=\"article:published_time\" content=\"2024-04-29T14:22:22+00:00\" \/>\n<meta property=\"article:modified_time\" content=\"2026-04-22T09:53:12+00:00\" \/>\n<meta property=\"og:image\" content=\"https:\/\/www.mes-allocs.fr\/guides\/wp-content\/uploads\/2024\/04\/files-1614223_1280.jpg?wsr\" \/>\n\t<meta property=\"og:image:width\" content=\"1280\" \/>\n\t<meta property=\"og:image:height\" content=\"1001\" \/>\n<meta name=\"twitter:card\" content=\"summary_large_image\" \/>\n<script type=\"application\/ld+json\" class=\"yoast-schema-graph\">{\"@context\":\"https:\/\/schema.org\",\"@graph\":[{\"@type\":\"WebSite\",\"@id\":\"https:\/\/www.mes-allocs.fr\/guides\/#website\",\"url\":\"https:\/\/www.mes-allocs.fr\/guides\/\",\"name\":\"Mes-Allocs.fr\",\"description\":\"\",\"potentialAction\":[{\"@type\":\"SearchAction\",\"target\":\"https:\/\/www.mes-allocs.fr\/guides\/?s={search_term_string}\",\"query-input\":\"required name=search_term_string\"}],\"inLanguage\":\"fr-FR\"},{\"@type\":\"ImageObject\",\"@id\":\"https:\/\/www.mes-allocs.fr\/guides\/retraite\/aide-retraite\/se-faire-aider-pour-dossier-retraite\/#primaryimage\",\"inLanguage\":\"fr-FR\",\"url\":\"https:\/\/www.mes-allocs.fr\/guides\/wp-content\/uploads\/2024\/04\/files-1614223_1280.jpg?wsr\",\"width\":1280,\"height\":1001,\"caption\":\"dossier vacances apprenantes\"},{\"@type\":\"WebPage\",\"@id\":\"https:\/\/www.mes-allocs.fr\/guides\/retraite\/aide-retraite\/se-faire-aider-pour-dossier-retraite\/#webpage\",\"url\":\"https:\/\/www.mes-allocs.fr\/guides\/retraite\/aide-retraite\/se-faire-aider-pour-dossier-retraite\/\",\"name\":\"Comment se faire aider pour faire le dossier de retraite ? | Mes-Allocs.fr\",\"isPartOf\":{\"@id\":\"https:\/\/www.mes-allocs.fr\/guides\/#website\"},\"primaryImageOfPage\":{\"@id\":\"https:\/\/www.mes-allocs.fr\/guides\/retraite\/aide-retraite\/se-faire-aider-pour-dossier-retraite\/#primaryimage\"},\"datePublished\":\"2024-04-29T14:22:22+00:00\",\"dateModified\":\"2026-04-22T09:53:12+00:00\",\"author\":{\"@id\":\"https:\/\/www.mes-allocs.fr\/guides\/#\/schema\/person\/7a9b61e7b715d477066a9f941c0440c7\"},\"description\":\"Il existe diff\\u00e9rents moyens pour se faire aider pour constituer votre dossier de retraite. Mes Allocs vous explique tout.\",\"inLanguage\":\"fr-FR\"},{\"@type\":\"Person\",\"@id\":\"https:\/\/www.mes-allocs.fr\/guides\/#\/schema\/person\/7a9b61e7b715d477066a9f941c0440c7\",\"name\":\"L\\u00e9o Martin\",\"image\":{\"@type\":\"ImageObject\",\"@id\":\"https:\/\/www.mes-allocs.fr\/guides\/#personlogo\",\"inLanguage\":\"fr-FR\",\"url\":\"https:\/\/www.mes-allocs.fr\/guides\/wp-content\/uploads\/2023\/12\/1635317753781-e1701432075572-150x150.jpg\",\"caption\":\"L\\u00e9o Martin\"},\"description\":\"L\\u00e9o est r\\u00e9dacteur au sein de l'\\u00e9quipe Mes Allocs, sp\\u00e9cialis\\u00e9 sur les th\\u00e9matiques pouvoir d'achat et aides. Il rejoint Mes Allocs apr\\u00e8s une premi\\u00e8re exp\\u00e9rience en tant que journaliste chez La Gazette Cagnoise et Nice Presse.\",\"sameAs\":[\"https:\/\/www.linkedin.com\/in\/lo-martin-3429bb224\"]}]}<\/script>\n<!-- \/ Yoast SEO plugin. -->","amp_validity":null,"acf":{"faq":{"1":{"question":"Quand prendre sa retraite ? ","answer":"L'\u00e2ge de la retraite d\u00e9pend de votre date de naissance. Si vous \u00eates n\u00e9 en 1962, vous pouvez prendre votre retraite \u00e0 62 ans et 6 mois."},"2":{"question":"Quand commence le virement de la retraite si on ne choisit pas de date pr\u00e9cise ? ","answer":"Si vous ne choisissez pas de date pr\u00e9cise, votre retraite commencera le 1er jour du mois suivant votre demande.\r\n"},"3":{"question":"Quel est le d\u00e9lai pour faire sa demande de retraite ? ","answer":"En r\u00e8gle g\u00e9n\u00e9rale, il est recommand\u00e9 d'entamer ces d\u00e9marches au moins 6 mois avant votre d\u00e9part \u00e0 la retraite, mais ce d\u00e9lai peut varier en fonction des situations."},"4":{"question":"Comment se faire accompagner pour monter son dossier de retraite ? ","answer":"Vous pouvez voir avec les diff\u00e9rents organismes de l'Etat, ou bien avec le site Info Retraite ou dans un point conseil Retraite proche de chez vous. "},"5":{"question":"Comment suivre son dossier de retraite ? ","answer":"Vous pouvez le suivre via le site de l'assurance Retraite. "},"6":{"question":"Qu'est-ce que c'est Info Retraite ? ","answer":"Info Retraite centralise les demandes de correction de carri\u00e8re et les d\u00e9p\u00f4ts de dossier de retraite. "},"7":{"question":"","answer":""},"8":{"question":"","answer":""},"9":{"question":"","answer":""},"10":{"question":"","answer":""},"11":{"question":"","answer":""},"12":{"question":"","answer":""},"13":{"question":"","answer":""},"14":{"question":"","answer":""},"15":{"question":"","answer":""},"16":{"question":"","answer":""}}},"_links":{"self":[{"href":"https:\/\/www.mes-allocs.fr\/guides\/wp-json\/wp\/v2\/posts\/77439","targetHints":{"allow":["GET"]}}],"collection":[{"href":"https:\/\/www.mes-allocs.fr\/guides\/wp-json\/wp\/v2\/posts"}],"about":[{"href":"https:\/\/www.mes-allocs.fr\/guides\/wp-json\/wp\/v2\/types\/post"}],"author":[{"embeddable":true,"href":"https:\/\/www.mes-allocs.fr\/guides\/wp-json\/wp\/v2\/users\/27"}],"replies":[{"embeddable":true,"href":"https:\/\/www.mes-allocs.fr\/guides\/wp-json\/wp\/v2\/comments?post=77439"}],"version-history":[{"count":15,"href":"https:\/\/www.mes-allocs.fr\/guides\/wp-json\/wp\/v2\/posts\/77439\/revisions"}],"predecessor-version":[{"id":108726,"href":"https:\/\/www.mes-allocs.fr\/guides\/wp-json\/wp\/v2\/posts\/77439\/revisions\/108726"}],"wp:featuredmedia":[{"embeddable":true,"href":"https:\/\/www.mes-allocs.fr\/guides\/wp-json\/wp\/v2\/media\/77450"}],"wp:attachment":[{"href":"https:\/\/www.mes-allocs.fr\/guides\/wp-json\/wp\/v2\/media?parent=77439"}],"wp:term":[{"taxonomy":"category","embeddable":true,"href":"https:\/\/www.mes-allocs.fr\/guides\/wp-json\/wp\/v2\/categories?post=77439"},{"taxonomy":"post_tag","embeddable":true,"href":"https:\/\/www.mes-allocs.fr\/guides\/wp-json\/wp\/v2\/tags?post=77439"}],"curies":[{"name":"wp","href":"https:\/\/api.w.org\/{rel}","templated":true}]}}