{"id":77406,"date":"2024-04-26T17:33:40","date_gmt":"2024-04-26T15:33:40","guid":{"rendered":"https:\/\/www.mes-allocs.fr\/guides\/?p=77406"},"modified":"2026-04-22T10:53:12","modified_gmt":"2026-04-22T09:53:12","slug":"cej-caen","status":"publish","type":"post","link":"https:\/\/www.mes-allocs.fr\/guides\/contrat-engagement-jeune\/demarches-cej\/cej-caen\/","title":{"rendered":"La demande du Contrat d\u2019Engagement Jeune (CEJ) \u00e0 Caen"},"content":{"rendered":"<p><img loading=\"lazy\" decoding=\"async\" class=\"alignnone wp-image-77411 size-full\" title=\"jcej caen\" src=\"https:\/\/www.mes-allocs.fr\/guides\/wp-content\/uploads\/2024\/04\/jcej-caen-2-e1714137184283.jpg\" alt=\"jcej caen\" width=\"1280\" height=\"361\" srcset=\"https:\/\/www.mes-allocs.fr\/guides\/wp-content\/uploads\/2024\/04\/jcej-caen-2-e1714137184283.jpg 1280w, https:\/\/www.mes-allocs.fr\/guides\/wp-content\/uploads\/2024\/04\/jcej-caen-2-e1714137184283-300x85.jpg 300w, https:\/\/www.mes-allocs.fr\/guides\/wp-content\/uploads\/2024\/04\/jcej-caen-2-e1714137184283-1024x289.jpg 1024w, https:\/\/www.mes-allocs.fr\/guides\/wp-content\/uploads\/2024\/04\/jcej-caen-2-e1714137184283-768x217.jpg 768w, https:\/\/www.mes-allocs.fr\/guides\/wp-content\/uploads\/2024\/04\/jcej-caen-2-e1714137184283-600x169.jpg 600w\" sizes=\"auto, (max-width: 1280px) 100vw, 1280px\" \/><\/p>\n<div class=\"flex-1 overflow-hidden\">\n<div class=\"react-scroll-to-bottom--css-solqz-79elbk h-full\">\n<div class=\"react-scroll-to-bottom--css-solqz-1n7m0yu\">\n<div>\n<div class=\"flex flex-col text-sm pb-9\">\n<div class=\"w-full text-token-text-primary\" dir=\"auto\" data-testid=\"conversation-turn-755\">\n<div class=\"px-4 py-2 justify-center text-base md:gap-6 m-auto\">\n<div class=\"flex flex-1 text-base mx-auto gap-3 juice:gap-4 juice:md:gap-6 md:px-5 lg:px-1 xl:px-5 md:max-w-3xl lg:max-w-[40rem] xl:max-w-[48rem]\">\n<div class=\"relative flex w-full min-w-0 flex-col agent-turn\">\n<div class=\"flex-col gap-1 md:gap-3\">\n<div class=\"flex flex-grow flex-col max-w-full\">\n<div class=\"min-h-[20px] text-message flex flex-col items-start gap-3 whitespace-pre-wrap break-words [.text-message+&amp;]:mt-5 overflow-x-auto\" dir=\"auto\" data-message-author-role=\"assistant\" data-message-id=\"8ed29b9a-a329-446a-b25c-45ab354ec13d\">\n<div class=\"markdown prose w-full break-words dark:prose-invert dark\">\n<p><strong>Le <a href=\"https:\/\/www.mes-allocs.fr\/guides\/contrat-engagement-jeune\/\">Contrat d\u2019Engagement Jeune (CEJ)<\/a> \u00e0 Caen est un dispositif d&rsquo;aide destin\u00e9 aux jeunes de 16 \u00e0 25 ans rencontrant des difficult\u00e9s d&rsquo;insertion professionnelle. Cette initiative vise \u00e0 soutenir les jeunes dans leur parcours vers l&#8217;emploi et \u00e0 favoriser leur acc\u00e8s au march\u00e9 du travail \u00e0 Caen. Dans cet article, nous explorerons les modalit\u00e9s de demande du CEJ \u00e0 Caen, les crit\u00e8res d&rsquo;\u00e9ligibilit\u00e9, ainsi que les \u00e9tapes \u00e0 suivre pour b\u00e9n\u00e9ficier de ce dispositif.<\/strong><\/p>\n<\/div>\n<\/div>\n<\/div>\n<\/div>\n<\/div>\n<\/div>\n<\/div>\n<\/div>\n<\/div>\n<\/div>\n<\/div>\n<\/div>\n<\/div>\n<div class='cta-block'><div class='text'>Simulez votre toutes vos aides en 2 min.<\/div><a href='https:\/\/www.mes-allocs.fr\/ab-app?origin=guides\/wp-json\/wp\/v2\/posts\/77406' class='app-button fit'>Simulation gratuite<\/a><\/div>\n<h1>Pr\u00e9sentation du CEJ<\/h1>\n<h2>D\u00e9finition du Contrat d\u2019Engagement Jeune (CEJ)<\/h2>\n<p>Le Contrat d\u2019Engagement Jeune (CEJ) repr\u00e9sente un programme d&rsquo;assistance visant \u00e0 faciliter l&rsquo;int\u00e9gration professionnelle des jeunes en difficult\u00e9. Rempla\u00e7ant la Garantie Jeunes, il cible les individus \u00e2g\u00e9s de 16 \u00e0 25 ans (ou jusqu&rsquo;\u00e0 29 ans pour les personnes en situation de handicap) qui ne poursuivent ni \u00e9tudes ni formations qualifiantes.<\/p>\n<p>Une fois \u00e9ligible, vous pouvez vous orienter vers P\u00f4le Emploi ou la Mission Locale pour vous informer sur les \u00e9tapes \u00e0 suivre pour b\u00e9n\u00e9ficier du CEJ.<\/p>\n<p><iframe loading=\"lazy\" title=\"Le Contrat d&#039;Engagement Jeune (CEJ)\" width=\"500\" height=\"375\" src=\"https:\/\/www.youtube.com\/embed\/f_Hf5LBMHeQ?feature=oembed\" frameborder=\"0\" allow=\"accelerometer; autoplay; clipboard-write; encrypted-media; gyroscope; picture-in-picture; web-share\" referrerpolicy=\"strict-origin-when-cross-origin\" allowfullscreen><\/iframe><\/p>\n<h2><strong>Objectifs et avantages de l\u2019allocation CEJ<\/strong><\/h2>\n<p>Les objectifs du CEJ sont multiples : il vise avant tout \u00e0 promouvoir l&rsquo;acc\u00e8s \u00e0 un emploi stable pour les jeunes en situation de pr\u00e9carit\u00e9 professionnelle. Parmi ses avantages, il offre un suivi personnalis\u00e9 comprenant des actions d&rsquo;orientation, de formation et d&rsquo;int\u00e9gration professionnelle. De plus, une allocation financi\u00e8re mensuelle peut \u00eatre octroy\u00e9e pour aider les jeunes \u00e0 couvrir leurs d\u00e9penses pendant leur recherche d&#8217;emploi et leur parcours d&rsquo;insertion professionnelle.<\/p>\n<p>Les <a href=\"https:\/\/www.mes-allocs.fr\/guides\/contrat-engagement-jeune\/demarches-cej\/\">processus de demande du Contrat d&rsquo;Engagement Jeune<\/a> (CEJ) peuvent varier d&rsquo;un d\u00e9partement \u00e0 l&rsquo;autre.<\/p>\n<h1>Conditions d\u2019\u00e9ligibilit\u00e9 au CEJ \u00e0 Caen<\/h1>\n<h2>\u00c2ge et situation professionnelle<\/h2>\n<p>Les conditions d&rsquo;\u00e9ligibilit\u00e9 au CEJ \u00e0 Caen concernent principalement l&rsquo;\u00e2ge et la situation professionnelle des jeunes demandeurs :<\/p>\n<ol>\n<li><strong>\u00c2ge :<\/strong> le CEJ est destin\u00e9 aux jeunes \u00e2g\u00e9s de 16 \u00e0 25 ans.<\/li>\n<li><strong>Situation professionnelle :<\/strong> les candidats doivent \u00eatre en dehors du syst\u00e8me \u00e9ducatif et ne pas \u00eatre engag\u00e9s dans des formations qualifiantes.<\/li>\n<\/ol>\n<h2>Crit\u00e8res sp\u00e9cifiques pour les jeunes travailleurs handicap\u00e9s<\/h2>\n<p>Les jeunes travailleurs handicap\u00e9s, b\u00e9n\u00e9ficiant du Contrat d\u2019Engagement Jeune (CEJ) \u00e0 Caen, peuvent acc\u00e9der au dispositif jusqu&rsquo;\u00e0 l&rsquo;\u00e2ge de 29 ans r\u00e9volus. Pour \u00eatre \u00e9ligibles, ils doivent fournir une reconnaissance de la qualit\u00e9 de travailleur handicap\u00e9 (RQTH). Cette reconnaissance est d\u00e9livr\u00e9e par les organismes comp\u00e9tents apr\u00e8s \u00e9valuation de leur handicap et de son impact sur leur capacit\u00e9 \u00e0 exercer une activit\u00e9 professionnelle. Une fois cette reconnaissance obtenue, les jeunes travailleurs handicap\u00e9s peuvent b\u00e9n\u00e9ficier de l&rsquo;accompagnement personnalis\u00e9 du CEJ, qui comprend des actions visant \u00e0 favoriser leur insertion professionnelle et \u00e0 lever les obstacles li\u00e9s \u00e0 leur handicap.<\/p>\n<div class='cta-block'><div class='text'>Simulez votre \u00e9ligibilit\u00e9 au CEJ en 2 min. Gratuit.<\/div><a href='https:\/\/www.mes-allocs.fr\/ab-app?origin=guides\/wp-json\/wp\/v2\/posts\/77406' class='app-button fit'>Simulation gratuite<\/a><\/div>\n<h1>Proc\u00e9dure de demande du CEJ \u00e0 Caen<\/h1>\n<h2>\u00c9tapes \u00e0 suivre pour les jeunes demandeurs<\/h2>\n<ul>\n<li><strong>Prise de contact<\/strong> : les jeunes int\u00e9ress\u00e9s par le CEJ peuvent prendre contact avec P\u00f4le Emploi ou la Mission Locale de Caen pour obtenir des informations d\u00e9taill\u00e9es sur le dispositif et entamer les d\u00e9marches n\u00e9cessaires.<\/li>\n<li><strong>\u00c9valuation de l&rsquo;\u00e9ligibilit\u00e9<\/strong> : un conseiller sp\u00e9cialis\u00e9 effectue une \u00e9valuation de la situation du jeune, notamment son \u00e2ge, son statut professionnel et, le cas \u00e9ch\u00e9ant, son handicap, afin de d\u00e9terminer son \u00e9ligibilit\u00e9 au CEJ.<\/li>\n<li><strong>Constitution du dossier<\/strong> : le jeune doit fournir les documents requis, tels que des pi\u00e8ces d&rsquo;identit\u00e9, des justificatifs de situation professionnelle ou de handicap, ainsi que tout autre document demand\u00e9 par l&rsquo;organisme en charge du dispositif.<\/li>\n<li><strong>Entretien individuel :<\/strong> le jeune b\u00e9n\u00e9ficie d&rsquo;un entretien individuel avec un conseiller sp\u00e9cialis\u00e9 pour discuter de son projet professionnel, de ses besoins et des actions \u00e0 mettre en place dans le cadre du CEJ.<\/li>\n<li><strong>Validation du contrat :<\/strong> une fois toutes les \u00e9tapes de la proc\u00e9dure compl\u00e9t\u00e9es et que le jeune est jug\u00e9 \u00e9ligible, un contrat d&rsquo;engagement est \u00e9tabli, d\u00e9finissant les engagements r\u00e9ciproques entre le jeune et l&rsquo;organisme gestionnaire du CEJ.<\/li>\n<\/ul>\n<h2>Processus de validation et d&rsquo;attribution du contrat<\/h2>\n<ul>\n<li><strong>Analyse du dossier<\/strong> : le dossier du jeune est examin\u00e9 par les services comp\u00e9tents pour v\u00e9rifier sa compl\u00e9tude et son ad\u00e9quation aux crit\u00e8res d&rsquo;\u00e9ligibilit\u00e9 du CEJ.<\/li>\n<li><strong>D\u00e9cision d&rsquo;attribution<\/strong> : sur la base de l&rsquo;\u00e9valuation de la situation du jeune et de la pertinence de son projet professionnel, une d\u00e9cision est prise quant \u00e0 l&rsquo;attribution du contrat d&rsquo;engagement.<\/li>\n<li><strong>Signature du contrat<\/strong> : en cas d&rsquo;acceptation, le jeune signe le contrat d&rsquo;engagement, formalisant ainsi son engagement \u00e0 suivre le parcours d&rsquo;accompagnement d\u00e9fini dans le cadre du CEJ.<\/li>\n<li><strong>Mise en \u0153uvre du dispositif<\/strong> : une fois le contrat sign\u00e9, le jeune d\u00e9bute son parcours d&rsquo;insertion professionnelle, b\u00e9n\u00e9ficiant du suivi et du soutien pr\u00e9vus dans le cadre du CEJ \u00e0 Caen.<\/li>\n<\/ul>\n<h1><strong>Ressources et contacts utiles pour votre inscription au CEJ \u00e0 Caen<\/strong><\/h1>\n<p>Pour obtenir des informations compl\u00e8tes sur l&rsquo;inscription au Contrat d\u2019Engagement Jeune (CEJ) \u00e0 Caen ainsi que sur les dispositifs compl\u00e9mentaires disponibles, vous pouvez vous r\u00e9f\u00e9rer aux ressources et contacts suivants :<\/p>\n<h2><strong>Coordonn\u00e9es des structures d\u2019accueil \u00e0 Caen\u00a0<\/strong><\/h2>\n<p><strong>Mission Locale de Caen\u00a0<\/strong><\/p>\n<p><strong>Adresse<\/strong> : 29 Av. de Verdun, 14000 Caen<\/p>\n<p><strong>T\u00e9l\u00e9phone<\/strong> : 02 31 15 31 95<\/p>\n<p><strong>Horaires d&rsquo;ouverture :<\/strong><\/p>\n<p>lundi : 08:30\u201312:30 \/ 13:30\u201317:00<\/p>\n<p>mardi : 08:30\u201312:30 \/ 13:30\u201317:00<\/p>\n<p>Mercredi : 08:30\u201312:30 \/ 13:30\u201317:00<\/p>\n<p>Jeudi : 08:30\u201312:30 \/ 13:30\u201317:00<\/p>\n<p>Vendredi : 08:30\u201312:30 \/ 13:30\u201317:00<\/p>\n<p>Samedi : \u00a0Ferm\u00e9<\/p>\n<p>Dimanche : \u00a0Ferm\u00e9<\/p>\n<h2><strong>Informations sur les dispositifs compl\u00e9mentaires au CEJ\u00a0<\/strong><\/h2>\n<p>Les dispositifs compl\u00e9mentaires au CEJ \u00e0 Caen sont con\u00e7us pour offrir un accompagnement global aux jeunes en recherche d&#8217;emploi et pour renforcer leur int\u00e9gration dans le march\u00e9 du travail. Voici quelques-uns de ces dispositifs :<\/p>\n<ol>\n<li>Dispositifs d&rsquo;orientation professionnelle : ces programmes visent \u00e0 aider les jeunes \u00e0 identifier leurs comp\u00e9tences, leurs int\u00e9r\u00eats professionnels et \u00e0 d\u00e9finir un projet professionnel r\u00e9aliste et r\u00e9alisable.<\/li>\n<li>Formations qualifiantes : certains jeunes peuvent b\u00e9n\u00e9ficier de formations professionnelles adapt\u00e9es \u00e0 leurs besoins et \u00e0 leurs aspirations, afin d&rsquo;acqu\u00e9rir des comp\u00e9tences sp\u00e9cifiques recherch\u00e9es sur le march\u00e9 du travail.<\/li>\n<li>Accompagnement \u00e0 la recherche d&#8217;emploi : les jeunes peuvent \u00eatre accompagn\u00e9s dans leurs d\u00e9marches de recherche d&#8217;emploi, notamment \u00e0 travers des ateliers de r\u00e9daction de CV, de simulation d&rsquo;entretiens d&#8217;embauche et de d\u00e9veloppement de comp\u00e9tences transversales.<\/li>\n<li>Acc\u00e8s \u00e0 l&#8217;emploi : le CEJ peut faciliter l&rsquo;acc\u00e8s des jeunes \u00e0 des offres d&#8217;emploi ou des contrats en alternance, en collaborant avec des entreprises partenaires ou en proposant des services de mise en relation avec des employeurs.<\/li>\n<li>Suivi personnalis\u00e9 : les jeunes b\u00e9n\u00e9ficient d&rsquo;un suivi individualis\u00e9 tout au long de leur parcours d&rsquo;insertion professionnelle, avec des rendez-vous r\u00e9guliers avec un conseiller sp\u00e9cialis\u00e9 pour faire le point sur leur situation et ajuster les actions en cons\u00e9quence.<\/li>\n<\/ol>\n<div class=\"w-full text-token-text-primary\" dir=\"auto\" data-testid=\"conversation-turn-774\">\n<div class=\"px-4 py-2 justify-center text-base md:gap-6 m-auto\">\n<div class=\"flex flex-1 text-base mx-auto gap-3 juice:gap-4 juice:md:gap-6 md:px-5 lg:px-1 xl:px-5 md:max-w-3xl lg:max-w-[40rem] xl:max-w-[48rem]\">\n<div class=\"relative flex w-full min-w-0 flex-col\">\n<div class=\"flex-col gap-1 md:gap-3\">\n<div class=\"flex flex-grow flex-col max-w-full\">\n<div class=\"min-h-[20px] text-message flex flex-col items-start gap-3 whitespace-pre-wrap break-words [.text-message+&amp;]:mt-5 overflow-x-auto\" dir=\"auto\" data-message-author-role=\"user\" data-message-id=\"aaa244f4-4d7b-4887-a386-f1aab1e46032\">\n<h2>Que faire \u00e0 Caen ?<\/h2>\n<\/div>\n<\/div>\n<div class=\"mt-1 flex gap-3 empty:hidden juice:flex-row-reverse\">\n<div class=\"text-gray-400 flex self-end lg:self-center items-center justify-center lg:justify-start mt-0 -ml-1 h-7 gap-[2px] visible\">\n<div class=\"flex items-center gap-1.5 text-xs\">\n<p>\u00c0 Caen, il y a une multitude d&rsquo;activit\u00e9s \u00e0 faire et de lieux \u00e0 d\u00e9couvrir. Voici quelques suggestions :<\/p>\n<ol>\n<li>Visiter le Ch\u00e2teau de Caen : ce monument historique offre une plong\u00e9e dans l&rsquo;histoire de la ville et de la Normandie. Vous pourrez d\u00e9couvrir ses remparts, ses salles d&rsquo;exposition, ainsi que le mus\u00e9e de Normandie et le mus\u00e9e des Beaux-Arts.<\/li>\n<li>Se promener dans le centre-ville : Ff\u00e2nez dans les rues pittoresques de Caen, d\u00e9couvrez ses nombreuses boutiques, ses caf\u00e9s anim\u00e9s et ses b\u00e2timents historiques. Ne manquez pas la Place Saint-Sauveur et son ambiance conviviale.<\/li>\n<li>Explorer l&rsquo;Abbaye aux Hommes et l&rsquo;Abbaye aux Dames : ces deux abbayes m\u00e9di\u00e9vales sont des joyaux de l&rsquo;architecture normande. Elles abritent notamment les tombes de Guillaume le Conqu\u00e9rant et de son \u00e9pouse Mathilde.<\/li>\n<li>D\u00e9guster la gastronomie normande : profitez de votre s\u00e9jour \u00e0 Caen pour d\u00e9couvrir les sp\u00e9cialit\u00e9s culinaires de la r\u00e9gion, comme le camembert, les tripes \u00e0 la mode de Caen ou encore les fruits de mer frais.<\/li>\n<li>Faire un tour au M\u00e9morial de Caen : ce mus\u00e9e consacr\u00e9 \u00e0 l&rsquo;histoire du XXe si\u00e8cle et aux conflits mondiaux propose des expositions passionnantes et p\u00e9dagogiques, ainsi que des projections de films et des animations interactives.<\/li>\n<li>Se balader le long du canal : Le canal de Caen \u00e0 la mer offre de jolies promenades \u00e0 pied ou \u00e0 v\u00e9lo, \u00e0 la d\u00e9couverte de la nature environnante et des paysages paisibles de la campagne normande.<\/li>\n<li>Assister \u00e0 un spectacle au Z\u00e9nith de Caen : Ce grand complexe culturel propose une programmation vari\u00e9e incluant concerts, pi\u00e8ces de th\u00e9\u00e2tre, com\u00e9dies musicales et autres \u00e9v\u00e9nements artistiques.<\/li>\n<\/ol>\n<\/div>\n<\/div>\n<\/div>\n<\/div>\n<\/div>\n<\/div>\n<\/div>\n<\/div>\n<div class=\"w-full text-token-text-primary\" dir=\"auto\" data-testid=\"conversation-turn-775\">\n<div class=\"px-4 py-2 justify-center text-base md:gap-6 m-auto\">\n<div class=\"flex flex-1 text-base mx-auto gap-3 juice:gap-4 juice:md:gap-6 md:px-5 lg:px-1 xl:px-5 md:max-w-3xl lg:max-w-[40rem] xl:max-w-[48rem]\">\n<div class=\"flex-shrink-0 flex flex-col relative items-end\">\n<div class=\"pt-0.5\">\n<div class=\"gizmo-bot-avatar flex h-6 w-6 items-center justify-center overflow-hidden rounded-full\"><\/div>\n<\/div>\n<\/div>\n<\/div>\n<\/div>\n<\/div>\n<div class='cta-block'><div class='text'>Simulez votre \u00e9ligibilit\u00e9 au CEJ en 2 min. Gratuit.<\/div><a href='https:\/\/www.mes-allocs.fr\/ab-app?origin=guides\/wp-json\/wp\/v2\/posts\/77406' class='app-button fit'>Simulation gratuite<\/a><\/div>\n","protected":false},"excerpt":{"rendered":"<p>Le Contrat d\u2019Engagement Jeune (CEJ) \u00e0 Caen est un dispositif d&rsquo;aide destin\u00e9 aux jeunes de 16 \u00e0 25 ans rencontrant des difficult\u00e9s d&rsquo;insertion professionnelle. Cette initiative vise \u00e0 soutenir les jeunes dans leur parcours vers l&#8217;emploi et \u00e0 favoriser leur acc\u00e8s au march\u00e9 du travail \u00e0 Caen. Dans cet article, nous explorerons les modalit\u00e9s de [&hellip;]<\/p>\n","protected":false},"author":26,"featured_media":77410,"comment_status":"open","ping_status":"open","sticky":false,"template":"","format":"standard","meta":{"amp_status":"","footnotes":""},"categories":[30057,33441],"tags":[],"class_list":["post-77406","post","type-post","status-publish","format-standard","has-post-thumbnail","hentry","category-contrat-engagement-jeune","category-demarches-cej"],"yoast_head":"<!-- This site is optimized with the Yoast SEO plugin v14.9 - https:\/\/yoast.com\/wordpress\/plugins\/seo\/ -->\n<title>La demande du Contrat d\u2019Engagement Jeune (CEJ) \u00e0 Caen | Mes-Allocs.fr<\/title>\n<meta name=\"description\" content=\"Le Contrat d\u2019Engagement Jeune (CEJ) \u00e0 Caen est un dispositif d&#039;aide destin\u00e9 aux jeunes rencontrant des difficult\u00e9s professionnelle.\" \/>\n<meta name=\"robots\" content=\"index, follow, max-snippet:-1, max-image-preview:large, max-video-preview:-1\" \/>\n<link rel=\"canonical\" href=\"https:\/\/www.mes-allocs.fr\/guides\/contrat-engagement-jeune\/demarches-cej\/cej-caen\/\" \/>\n<meta property=\"og:locale\" content=\"fr_FR\" \/>\n<meta property=\"og:type\" content=\"article\" \/>\n<meta property=\"og:title\" content=\"La demande du Contrat d\u2019Engagement Jeune (CEJ) \u00e0 Caen | Mes-Allocs.fr\" \/>\n<meta property=\"og:description\" content=\"Le Contrat d\u2019Engagement Jeune (CEJ) \u00e0 Caen est un dispositif d&#039;aide destin\u00e9 aux jeunes rencontrant des difficult\u00e9s professionnelle.\" \/>\n<meta property=\"og:url\" content=\"https:\/\/www.mes-allocs.fr\/guides\/contrat-engagement-jeune\/demarches-cej\/cej-caen\/\" \/>\n<meta property=\"og:site_name\" content=\"Mes-Allocs.fr\" \/>\n<meta property=\"article:published_time\" content=\"2024-04-26T15:33:40+00:00\" \/>\n<meta property=\"article:modified_time\" content=\"2026-04-22T09:53:12+00:00\" \/>\n<meta property=\"og:image\" content=\"https:\/\/www.mes-allocs.fr\/guides\/wp-content\/uploads\/2024\/04\/cej-caen.jpg?wsr\" \/>\n\t<meta property=\"og:image:width\" content=\"1325\" \/>\n\t<meta property=\"og:image:height\" content=\"1333\" \/>\n<meta name=\"twitter:card\" content=\"summary_large_image\" \/>\n<script type=\"application\/ld+json\" class=\"yoast-schema-graph\">{\"@context\":\"https:\/\/schema.org\",\"@graph\":[{\"@type\":\"WebSite\",\"@id\":\"https:\/\/www.mes-allocs.fr\/guides\/#website\",\"url\":\"https:\/\/www.mes-allocs.fr\/guides\/\",\"name\":\"Mes-Allocs.fr\",\"description\":\"\",\"potentialAction\":[{\"@type\":\"SearchAction\",\"target\":\"https:\/\/www.mes-allocs.fr\/guides\/?s={search_term_string}\",\"query-input\":\"required name=search_term_string\"}],\"inLanguage\":\"fr-FR\"},{\"@type\":\"ImageObject\",\"@id\":\"https:\/\/www.mes-allocs.fr\/guides\/contrat-engagement-jeune\/demarches-cej\/cej-caen\/#primaryimage\",\"inLanguage\":\"fr-FR\",\"url\":\"https:\/\/www.mes-allocs.fr\/guides\/wp-content\/uploads\/2024\/04\/cej-caen.jpg?wsr\",\"width\":1325,\"height\":1333,\"caption\":\"cej caen\"},{\"@type\":\"WebPage\",\"@id\":\"https:\/\/www.mes-allocs.fr\/guides\/contrat-engagement-jeune\/demarches-cej\/cej-caen\/#webpage\",\"url\":\"https:\/\/www.mes-allocs.fr\/guides\/contrat-engagement-jeune\/demarches-cej\/cej-caen\/\",\"name\":\"La demande du Contrat d\\u2019Engagement Jeune (CEJ) \\u00e0 Caen | Mes-Allocs.fr\",\"isPartOf\":{\"@id\":\"https:\/\/www.mes-allocs.fr\/guides\/#website\"},\"primaryImageOfPage\":{\"@id\":\"https:\/\/www.mes-allocs.fr\/guides\/contrat-engagement-jeune\/demarches-cej\/cej-caen\/#primaryimage\"},\"datePublished\":\"2024-04-26T15:33:40+00:00\",\"dateModified\":\"2026-04-22T09:53:12+00:00\",\"author\":{\"@id\":\"https:\/\/www.mes-allocs.fr\/guides\/#\/schema\/person\/9c38f3be41a0ddcd1e3fde5a3df713bf\"},\"description\":\"Le Contrat d\\u2019Engagement Jeune (CEJ) \\u00e0 Caen est un dispositif d'aide destin\\u00e9 aux jeunes rencontrant des difficult\\u00e9s professionnelle.\",\"inLanguage\":\"fr-FR\"},{\"@type\":\"Person\",\"@id\":\"https:\/\/www.mes-allocs.fr\/guides\/#\/schema\/person\/9c38f3be41a0ddcd1e3fde5a3df713bf\",\"name\":\"Sessime Ananou\",\"image\":{\"@type\":\"ImageObject\",\"@id\":\"https:\/\/www.mes-allocs.fr\/guides\/#personlogo\",\"inLanguage\":\"fr-FR\",\"url\":\"https:\/\/www.mes-allocs.fr\/guides\/wp-content\/uploads\/2023\/08\/IMG_8173-150x150.jpg\",\"caption\":\"Sessime Ananou\"},\"description\":\"Sessime est r\\u00e9dactrice chez Mes Allocs, sp\\u00e9cialis\\u00e9e sur le pouvoir d'achat. Elle rejoint l'\\u00e9quipe Mes Allocs en ao\\u00fbt 2023 afin de simplifier l'acc\\u00e8s \\u00e0 l'information sur les aides en g\\u00e9n\\u00e9ral.\"}]}<\/script>\n<!-- \/ Yoast SEO plugin. -->","amp_validity":null,"acf":{"faq":{"1":{"question":"Qui peut b\u00e9n\u00e9ficier du Contrat d\u2019Engagement Jeune \u00e0 Caen ?","answer":"Les jeunes \u00e2g\u00e9s de 16 \u00e0 25 ans r\u00e9volus, r\u00e9sidant \u00e0 Caen et rencontrant des difficult\u00e9s d'insertion professionnelle peuvent b\u00e9n\u00e9ficier du CEJ."},"2":{"question":"Quels sont les crit\u00e8res d'\u00e9ligibilit\u00e9 pour le CEJ \u00e0 Caen ?","answer":"Les jeunes demandeurs doivent \u00eatre inscrits \u00e0 P\u00f4le Emploi et r\u00e9pondre \u00e0 certains crit\u00e8res socio-\u00e9conomiques d\u00e9finis par les autorit\u00e9s locales \u00e0 Caen."},"3":{"question":"Comment faire une demande de CEJ \u00e0 Caen ?","answer":"Les jeunes int\u00e9ress\u00e9s doivent prendre contact avec leur conseiller P\u00f4le Emploi \u00e0 Caen pour obtenir les informations n\u00e9cessaires et entamer la proc\u00e9dure de demande."},"4":{"question":"Quels documents sont n\u00e9cessaires pour la demande de CEJ \u00e0 Caen ?","answer":"Les documents requis peuvent varier, mais g\u00e9n\u00e9ralement, les jeunes doivent fournir une pi\u00e8ce d'identit\u00e9, un justificatif de domicile, un CV et tout autre document pertinent demand\u00e9 par les autorit\u00e9s locales \u00e0 Caen."},"5":{"question":"Quelles sont les \u00e9tapes du processus de demande de CEJ \u00e0 Caen ?","answer":"Les jeunes doivent d'abord rencontrer leur conseiller P\u00f4le Emploi pour discuter de leur situation et de leur projet professionnel. Ensuite, ils remplissent un formulaire de demande et soumettent les documents requis."},"6":{"question":"Combien de temps faut-il pour obtenir une r\u00e9ponse \u00e0 sa demande de CEJ \u00e0 Caen ?","answer":"Le d\u00e9lai de traitement des demandes peut varier, mais les autorit\u00e9s locales \u00e0 Caen s'efforcent g\u00e9n\u00e9ralement de fournir une r\u00e9ponse dans les meilleurs d\u00e9lais afin d'aider les jeunes \u00e0 d\u00e9marrer leur parcours professionnel."},"7":{"question":"","answer":""},"8":{"question":"","answer":""},"9":{"question":"","answer":""},"10":{"question":"","answer":""},"11":{"question":"","answer":""},"12":{"question":"","answer":""},"13":{"question":"","answer":""},"14":{"question":"","answer":""},"15":{"question":"","answer":""},"16":{"question":"","answer":""}}},"_links":{"self":[{"href":"https:\/\/www.mes-allocs.fr\/guides\/wp-json\/wp\/v2\/posts\/77406","targetHints":{"allow":["GET"]}}],"collection":[{"href":"https:\/\/www.mes-allocs.fr\/guides\/wp-json\/wp\/v2\/posts"}],"about":[{"href":"https:\/\/www.mes-allocs.fr\/guides\/wp-json\/wp\/v2\/types\/post"}],"author":[{"embeddable":true,"href":"https:\/\/www.mes-allocs.fr\/guides\/wp-json\/wp\/v2\/users\/26"}],"replies":[{"embeddable":true,"href":"https:\/\/www.mes-allocs.fr\/guides\/wp-json\/wp\/v2\/comments?post=77406"}],"version-history":[{"count":5,"href":"https:\/\/www.mes-allocs.fr\/guides\/wp-json\/wp\/v2\/posts\/77406\/revisions"}],"predecessor-version":[{"id":79379,"href":"https:\/\/www.mes-allocs.fr\/guides\/wp-json\/wp\/v2\/posts\/77406\/revisions\/79379"}],"wp:featuredmedia":[{"embeddable":true,"href":"https:\/\/www.mes-allocs.fr\/guides\/wp-json\/wp\/v2\/media\/77410"}],"wp:attachment":[{"href":"https:\/\/www.mes-allocs.fr\/guides\/wp-json\/wp\/v2\/media?parent=77406"}],"wp:term":[{"taxonomy":"category","embeddable":true,"href":"https:\/\/www.mes-allocs.fr\/guides\/wp-json\/wp\/v2\/categories?post=77406"},{"taxonomy":"post_tag","embeddable":true,"href":"https:\/\/www.mes-allocs.fr\/guides\/wp-json\/wp\/v2\/tags?post=77406"}],"curies":[{"name":"wp","href":"https:\/\/api.w.org\/{rel}","templated":true}]}}