{"id":77379,"date":"2024-04-25T18:11:42","date_gmt":"2024-04-25T16:11:42","guid":{"rendered":"https:\/\/www.mes-allocs.fr\/guides\/?p=77379"},"modified":"2026-04-22T10:53:13","modified_gmt":"2026-04-22T09:53:13","slug":"credit-impot-monte-escalier","status":"publish","type":"post","link":"https:\/\/www.mes-allocs.fr\/guides\/aide-renovation\/monte-escaliers\/credit-impot-monte-escalier\/","title":{"rendered":"Cr\u00e9dit d\u2019imp\u00f4t pour l\u2019installation d\u2019un monte-escalier : conditions et avantages"},"content":{"rendered":"<p><img loading=\"lazy\" decoding=\"async\" class=\"alignnone wp-image-77306 size-full\" title=\"credit d\u2019impot monte escalier\" src=\"https:\/\/www.mes-allocs.fr\/guides\/wp-content\/uploads\/2024\/04\/monte-escaliers-1--e1713868535716.jpg\" alt=\"credit d\u2019impot monte escalier\" width=\"612\" height=\"163\" srcset=\"https:\/\/www.mes-allocs.fr\/guides\/wp-content\/uploads\/2024\/04\/monte-escaliers-1--e1713868535716.jpg 612w, https:\/\/www.mes-allocs.fr\/guides\/wp-content\/uploads\/2024\/04\/monte-escaliers-1--e1713868535716-300x80.jpg 300w, https:\/\/www.mes-allocs.fr\/guides\/wp-content\/uploads\/2024\/04\/monte-escaliers-1--e1713868535716-600x160.jpg 600w\" sizes=\"auto, (max-width: 612px) 100vw, 612px\" \/><\/p>\n<p><strong>L&rsquo;installation d&rsquo;un monte-escalier peut \u00eatre une solution essentielle dans le cadre de projets de r\u00e9novation visant \u00e0 rendre les logements plus accessibles aux personnes \u00e0 mobilit\u00e9 r\u00e9duite ou \u00e2g\u00e9es. Pour soutenir financi\u00e8rement cette adaptation domiciliaire, le cr\u00e9dit d&rsquo;imp\u00f4t offre des avantages significatifs. Dans cet article, nous explorerons les conditions et les avantages du cr\u00e9dit d&rsquo;imp\u00f4t pour l&rsquo;installation d&rsquo;un monte-escalier, mettant en lumi\u00e8re son r\u00f4le crucial en tant qu&rsquo;<a href=\"https:\/\/www.mes-allocs.fr\/guides\/aide-renovation\/\">aide \u00e0 la r\u00e9novation<\/a> pour am\u00e9liorer l&rsquo;accessibilit\u00e9 des habitations.<\/strong><\/p>\n<div class='cta-block'><div class='text'>Simulez toutes vos aides en 2 min.<\/div><a href='https:\/\/www.mes-allocs.fr\/ab-app?origin=guides\/wp-json\/wp\/v2\/posts\/77379' class='app-button fit'>Simulation gratuite<\/a><\/div>\n<h1>Qu\u2019est-ce qu\u2019un monte-escalier ?<\/h1>\n<h2>D\u00e9finition monte-escaliers<\/h2>\n<p>Un <a href=\"https:\/\/www.mes-allocs.fr\/guides\/aide-renovation\/monte-escaliers\/\">monte-escaliers<\/a> est un \u00e9quipement motoris\u00e9 con\u00e7u pour faciliter le d\u00e9placement des personnes \u00e0 mobilit\u00e9 r\u00e9duite le long d&rsquo;un escalier. Il se compose g\u00e9n\u00e9ralement d&rsquo;un si\u00e8ge ou d&rsquo;une plateforme fix\u00e9e sur un rail qui suit la forme de l&rsquo;escalier, permettant \u00e0 l&rsquo;utilisateur de monter ou de descendre en toute s\u00e9curit\u00e9.<\/p>\n<p>Les avantages des monte-escaliers sont nombreux, notamment l&rsquo;augmentation de l&rsquo;accessibilit\u00e9 et de l&rsquo;ind\u00e9pendance des utilisateurs, la r\u00e9duction du risque de chutes dans les escaliers et le maintien de la vie \u00e0 domicile en toute s\u00e9curit\u00e9. Ils permettent \u00e9galement de pr\u00e9server l&rsquo;autonomie en offrant la possibilit\u00e9 de se d\u00e9placer sans assistance ext\u00e9rieure.<\/p>\n<h2>Les diff\u00e9rents types de monte-escaliers<\/h2>\n<p>Il existe diff\u00e9rents types de monte-escaliers, tels que les monte-escaliers droits adapt\u00e9s aux escaliers sans virages, les monte-escaliers courbes con\u00e7us pour les escaliers avec virages, et les <a href=\"https:\/\/www.mes-allocs.fr\/guides\/aide-renovation\/monte-escaliers\/monte-escalier-exterieur\/\">monte-escaliers ext\u00e9rieurs<\/a> destin\u00e9s aux escaliers situ\u00e9s \u00e0 l&rsquo;ext\u00e9rieur des b\u00e2timents.<\/p>\n<h2>Comment choisir votre monte-escaliers ?<\/h2>\n<p>Le choix d&rsquo;un monte-escalier d\u00e9pend de plusieurs facteurs, notamment la configuration de l&rsquo;escalier, les besoins sp\u00e9cifiques de l&rsquo;utilisateur et le budget disponible. Il est recommand\u00e9 de consulter un professionnel qualifi\u00e9 pour \u00e9valuer les besoins et fournir des conseils sur le type de monte-escalier le mieux adapt\u00e9 \u00e0 chaque situation.<\/p>\n<h1>Qu&rsquo;est-ce que le cr\u00e9dit d&rsquo;imp\u00f4t et quel est son montant pour un monte-escalier ?<\/h1>\n<h2><strong>Qu&rsquo;est-ce que le cr\u00e9dit d&rsquo;imp\u00f4t pour l&rsquo;installation d&rsquo;un monte-escalier ?<\/strong><\/h2>\n<p>Le cr\u00e9dit d&rsquo;imp\u00f4t est une mesure fiscale mise en place par l&rsquo;\u00c9tat pour encourager les d\u00e9penses li\u00e9es \u00e0 certaines r\u00e9novations ou adaptations domiciliaires visant \u00e0 am\u00e9liorer l&rsquo;accessibilit\u00e9 des logements. En ce qui concerne l&rsquo;<a href=\"https:\/\/www.mes-allocs.fr\/guides\/aide-renovation\/monte-escaliers\/installation-monte-escalier\/\">installation d&rsquo;un monte-escalier<\/a>, le cr\u00e9dit d&rsquo;imp\u00f4t permet de b\u00e9n\u00e9ficier d&rsquo;un remboursement partiel de la d\u00e9pense engag\u00e9e, sous certaines conditions.<\/p>\n<h2><strong>Montant du cr\u00e9dit d&rsquo;imp\u00f4t pour un monte-escalier<\/strong><\/h2>\n<p>Le montant du cr\u00e9dit d&rsquo;imp\u00f4t pour l&rsquo;installation d&rsquo;un monte-escalier est calcul\u00e9 sur la base d&rsquo;un pourcentage de la d\u00e9pense engag\u00e9e. En g\u00e9n\u00e9ral, ce pourcentage est de 25 % du co\u00fbt total de l&rsquo;installation, plafonn\u00e9 \u00e0 un certain montant. Ce montant plafond peut varier en fonction de la situation fiscale du contribuable et des dispositions l\u00e9gales en vigueur.<\/p>\n<div class='cta-block'><div class='text'>Simulez toutes vos aides en 2 min.<\/div><a href='https:\/\/www.mes-allocs.fr\/ab-app?origin=guides\/wp-json\/wp\/v2\/posts\/77379' class='app-button fit'>Simulation gratuite<\/a><\/div>\n<p><iframe loading=\"lazy\" src=\"\/\/www.youtube.com\/embed\/r78zDFf6RFI?t=158s\" width=\"560\" height=\"314\" allowfullscreen=\"allowfullscreen\"><\/iframe><\/p>\n<h1><strong>Conditions d\u2019\u00e9ligibilit\u00e9 au cr\u00e9dit d\u2019imp\u00f4t pour l\u2019installation d\u2019un monte-escalier<\/strong><\/h1>\n<h2><strong>Personnes concern\u00e9es par le cr\u00e9dit d\u2019imp\u00f4t pour l\u2019installation d\u2019un monte-escalier<\/strong><\/h2>\n<p>Le cr\u00e9dit d&rsquo;imp\u00f4t pour l&rsquo;installation d&rsquo;un monte-escalier est destin\u00e9 aux personnes \u00e2g\u00e9es ou en situation de handicap qui ont besoin de cet \u00e9quipement pour am\u00e9liorer leur autonomie et leur accessibilit\u00e9 \u00e0 leur domicile.<\/p>\n<p><strong>Conditions d\u2019\u00e9ligibilit\u00e9 au cr\u00e9dit d\u2019imp\u00f4t pour l\u2019installation d\u2019un monte-escalier<\/strong><\/p>\n<p>Pour b\u00e9n\u00e9ficier du cr\u00e9dit d&rsquo;imp\u00f4t pour l&rsquo;installation d&rsquo;un monte-escalier, certaines conditions doivent \u00eatre remplies :<\/p>\n<ol>\n<li><strong>Domiciliation fiscale en France :<\/strong> le demandeur doit \u00eatre domicili\u00e9 fiscalement en France pour pouvoir b\u00e9n\u00e9ficier du cr\u00e9dit d&rsquo;imp\u00f4t.<\/li>\n<li><strong>R\u00e9sidence principale :<\/strong> le monte-escalier doit \u00eatre install\u00e9 dans la r\u00e9sidence principale du demandeur.<\/li>\n<li><strong>Propri\u00e9t\u00e9, location ou occupation \u00e0 titre gratuit :<\/strong> le demandeur peut \u00eatre propri\u00e9taire, locataire ou occupant \u00e0 titre gratuit du logement o\u00f9 le monte-escalier sera install\u00e9.<\/li>\n<li><strong>Facturation avant le 31 d\u00e9cembre de chaque ann\u00e9e :<\/strong> les travaux d&rsquo;installation du monte-escalier doivent \u00eatre factur\u00e9s avant le 31 d\u00e9cembre de l&rsquo;ann\u00e9e en cours pour \u00eatre \u00e9ligibles au cr\u00e9dit d&rsquo;imp\u00f4t.<\/li>\n<\/ol>\n<h2><strong>Conditions pour b\u00e9n\u00e9ficier du cr\u00e9dit d\u2019imp\u00f4t pour l\u2019installation d\u2019un monte-escalier<\/strong><\/h2>\n<p>Pour b\u00e9n\u00e9ficier du cr\u00e9dit d&rsquo;imp\u00f4t pour l&rsquo;installation d&rsquo;un monte-escalier, la personne doit remplir les conditions d&rsquo;\u00e9ligibilit\u00e9 mentionn\u00e9es ci-dessus et \u00eatre en mesure de fournir les justificatifs n\u00e9cessaires lors de sa d\u00e9claration fiscale.<\/p>\n<h1><strong>Avantages du cr\u00e9dit d\u2019imp\u00f4t pour l\u2019installation d\u2019un monte-escalier<\/strong><\/h1>\n<h2><strong>R\u00e9duction d\u2019imp\u00f4t significative<\/strong><\/h2>\n<p>Le cr\u00e9dit d&rsquo;imp\u00f4t pour l&rsquo;installation d&rsquo;un monte-escalier permet de b\u00e9n\u00e9ficier d&rsquo;une r\u00e9duction d&rsquo;imp\u00f4t cons\u00e9quente sur le montant de l&rsquo;imp\u00f4t sur le revenu \u00e0 payer. Cette r\u00e9duction peut repr\u00e9senter une part importante des d\u00e9penses engag\u00e9es pour l&rsquo;acquisition et l&rsquo;installation du monte-escalier. Elle constitue ainsi un avantage financier significatif pour les contribuables concern\u00e9s.<\/p>\n<h2><strong>Contribution \u00e0 l\u2019am\u00e9lioration de l\u2019autonomie et de la s\u00e9curit\u00e9 \u00e0 domicile<\/strong><\/h2>\n<p>En plus de l&rsquo;avantage financier, le cr\u00e9dit d&rsquo;imp\u00f4t pour l&rsquo;installation d&rsquo;un monte-escalier contribue \u00e0 am\u00e9liorer l&rsquo;autonomie et la s\u00e9curit\u00e9 des personnes \u00e0 mobilit\u00e9 r\u00e9duite ou des personnes \u00e2g\u00e9es dans leur domicile. Gr\u00e2ce \u00e0 cet \u00e9quipement, ces personnes peuvent acc\u00e9der facilement et en toute s\u00e9curit\u00e9 aux diff\u00e9rents niveaux de leur habitation, ce qui leur permet de conserver une certaine ind\u00e9pendance et de r\u00e9duire les risques de chute ou d&rsquo;accident.<\/p>\n<h1><strong>Proc\u00e9dure pour b\u00e9n\u00e9ficier du cr\u00e9dit d\u2019imp\u00f4t pour l\u2019installation d\u2019un monte-escalier<\/strong><\/h1>\n<h2><strong>Collecte des informations n\u00e9cessaires<\/strong><\/h2>\n<p>Avant de proc\u00e9der \u00e0 l&rsquo;installation d&rsquo;un monte-escalier, il est essentiel de collecter toutes les informations pertinentes. Cela inclut la prise de mesures pr\u00e9cises de l&rsquo;escalier, l&rsquo;\u00e9valuation des besoins sp\u00e9cifiques de l&rsquo;utilisateur, la v\u00e9rification des contraintes structurelles de l&rsquo;espace o\u00f9 sera install\u00e9 le monte-escalier, ainsi que la consultation des diff\u00e9rentes options disponibles sur le march\u00e9. Cette \u00e9tape de collecte d&rsquo;informations permet de garantir que l&rsquo;installation du monte-escalier sera adapt\u00e9e aux besoins de l&rsquo;utilisateur et \u00e0 l&rsquo;environnement de son domicile.<\/p>\n<h2><strong>Pr\u00e9sentation des justificatifs lors de la d\u00e9claration de revenus<\/strong><\/h2>\n<p>Lorsque vous faites votre d\u00e9claration de revenus pour b\u00e9n\u00e9ficier du cr\u00e9dit d&rsquo;imp\u00f4t pour l&rsquo;installation d&rsquo;un monte-escalier, il est important de pr\u00e9senter certains justificatifs. Ces documents peuvent inclure la facture d\u00e9taill\u00e9e de l&rsquo;installation du monte-escalier, ainsi que toute attestation ou certificat prouvant que l&rsquo;installation r\u00e9pond aux crit\u00e8res d&rsquo;\u00e9ligibilit\u00e9 pour le cr\u00e9dit d&rsquo;imp\u00f4t. Il est \u00e9galement recommand\u00e9 de conserver toute correspondance ou \u00e9change avec les professionnels ayant r\u00e9alis\u00e9 l&rsquo;installation, ainsi que toute autre documentation pertinente pouvant \u00eatre demand\u00e9e par l&rsquo;administration fiscale. Ces justificatifs sont essentiels pour garantir que vous b\u00e9n\u00e9ficiez pleinement du cr\u00e9dit d&rsquo;imp\u00f4t auquel vous avez droit.<\/p>\n<h1>Est-il possible de cumuler le cr\u00e9dit d\u2019imp\u00f4t avec Ma Prime Adapt\u2019 ?<\/h1>\n<h2><strong>Conditions de cumul entre <\/strong>le cr\u00e9dit d\u2019imp\u00f4t avec Ma Prime Adapt\u2019<\/h2>\n<p>Pour savoir si vous pouvez cumuler le cr\u00e9dit d&rsquo;imp\u00f4t pour l&rsquo;installation d&rsquo;un monte-escalier avec Ma Prime Adapt&rsquo;, il est important de v\u00e9rifier les conditions sp\u00e9cifiques de chaque dispositif. Assurez-vous de consulter les crit\u00e8res d&rsquo;\u00e9ligibilit\u00e9 et les modalit\u00e9s d&rsquo;attribution de chaque <a href=\"https:\/\/www.mes-allocs.fr\/guides\/aide-renovation\/monte-escalier\/aide-monte-escalier\/\">aide pour l&rsquo;achat d&rsquo;un monte-escalier<\/a>. Certains programmes gouvernementaux peuvent permettre le cumul avec d&rsquo;autres aides, tandis que d&rsquo;autres peuvent avoir des restrictions.<\/p>\n<h2><strong>Avantages du cumul <\/strong><\/h2>\n<p>Si vous \u00eates \u00e9ligible \u00e0 la fois au cr\u00e9dit d&rsquo;imp\u00f4t et \u00e0 Ma Prime Adapt&rsquo;, le cumul de ces deux aides peut vous offrir un soutien financier suppl\u00e9mentaire pour l&rsquo;installation de votre monte-escalier. En combinant ces deux dispositifs, vous pourriez b\u00e9n\u00e9ficier d&rsquo;une r\u00e9duction d&rsquo;imp\u00f4t sur le montant de votre imp\u00f4t sur le revenu, ainsi que d&rsquo;une aide financi\u00e8re directe pour couvrir une partie des co\u00fbts d&rsquo;installation. Cela peut contribuer \u00e0 rendre l&rsquo;adaptation de votre domicile plus abordable et \u00e0 am\u00e9liorer votre qualit\u00e9 de vie au quotidien.<\/p>\n<p>Sachez \u00e9galement qu&rsquo;un <a href=\"https:\/\/www.mes-allocs.fr\/guides\/aide-renovation\/monte-escaliers\/fauteuil-monte-escalier-remboursement-securite-sociale\/\">fauteuil monte-escalier est remboursable par la S\u00e9curit\u00e9 sociale<\/a>. Renseignez-vous !<\/p>\n<div class='cta-block'><div class='text'>Simulez toutes vos aides en 2 min.<\/div><a href='https:\/\/www.mes-allocs.fr\/ab-app?origin=guides\/wp-json\/wp\/v2\/posts\/77379' class='app-button fit'>Simulation gratuite<\/a><\/div>\n","protected":false},"excerpt":{"rendered":"<p>L&rsquo;installation d&rsquo;un monte-escalier peut \u00eatre une solution essentielle dans le cadre de projets de r\u00e9novation visant \u00e0 rendre les logements plus accessibles aux personnes \u00e0 mobilit\u00e9 r\u00e9duite ou \u00e2g\u00e9es. Pour soutenir financi\u00e8rement cette adaptation domiciliaire, le cr\u00e9dit d&rsquo;imp\u00f4t offre des avantages significatifs. Dans cet article, nous explorerons les conditions et les avantages du cr\u00e9dit d&rsquo;imp\u00f4t [&hellip;]<\/p>\n","protected":false},"author":26,"featured_media":105230,"comment_status":"open","ping_status":"open","sticky":false,"template":"","format":"standard","meta":{"amp_status":"","footnotes":""},"categories":[8154,33621],"tags":[],"class_list":["post-77379","post","type-post","status-publish","format-standard","has-post-thumbnail","hentry","category-aide-renovation","category-monte-escaliers"],"yoast_head":"<!-- This site is optimized with the Yoast SEO plugin v14.9 - https:\/\/yoast.com\/wordpress\/plugins\/seo\/ -->\n<title>Cr\u00e9dit d\u2019imp\u00f4t pour monte-escalier : conditions, d\u00e9marches, avantages<\/title>\n<meta name=\"description\" content=\"Nous explorerons les conditions et les avantages du cr\u00e9dit d&#039;imp\u00f4t pour l&#039;installation d&#039;un monte-escalier.\" \/>\n<meta name=\"robots\" content=\"index, follow, max-snippet:-1, max-image-preview:large, max-video-preview:-1\" \/>\n<link rel=\"canonical\" href=\"https:\/\/www.mes-allocs.fr\/guides\/aide-renovation\/monte-escaliers\/credit-impot-monte-escalier\/\" \/>\n<meta property=\"og:locale\" content=\"fr_FR\" \/>\n<meta property=\"og:type\" content=\"article\" \/>\n<meta property=\"og:title\" content=\"Cr\u00e9dit d\u2019imp\u00f4t pour monte-escalier : conditions, d\u00e9marches, avantages\" \/>\n<meta property=\"og:description\" content=\"Nous explorerons les conditions et les avantages du cr\u00e9dit d&#039;imp\u00f4t pour l&#039;installation d&#039;un monte-escalier.\" \/>\n<meta property=\"og:url\" content=\"https:\/\/www.mes-allocs.fr\/guides\/aide-renovation\/monte-escaliers\/credit-impot-monte-escalier\/\" \/>\n<meta property=\"og:site_name\" content=\"Mes-Allocs.fr\" \/>\n<meta property=\"article:published_time\" content=\"2024-04-25T16:11:42+00:00\" \/>\n<meta property=\"article:modified_time\" content=\"2026-04-22T09:53:13+00:00\" \/>\n<meta property=\"og:image\" content=\"https:\/\/www.mes-allocs.fr\/guides\/wp-content\/uploads\/2024\/04\/credit-impot-monte-escalier.jpg?wsr\" \/>\n\t<meta property=\"og:image:width\" content=\"1920\" \/>\n\t<meta property=\"og:image:height\" content=\"1280\" \/>\n<meta name=\"twitter:card\" content=\"summary_large_image\" \/>\n<script type=\"application\/ld+json\" class=\"yoast-schema-graph\">{\"@context\":\"https:\/\/schema.org\",\"@graph\":[{\"@type\":\"WebSite\",\"@id\":\"https:\/\/www.mes-allocs.fr\/guides\/#website\",\"url\":\"https:\/\/www.mes-allocs.fr\/guides\/\",\"name\":\"Mes-Allocs.fr\",\"description\":\"\",\"potentialAction\":[{\"@type\":\"SearchAction\",\"target\":\"https:\/\/www.mes-allocs.fr\/guides\/?s={search_term_string}\",\"query-input\":\"required name=search_term_string\"}],\"inLanguage\":\"fr-FR\"},{\"@type\":\"ImageObject\",\"@id\":\"https:\/\/www.mes-allocs.fr\/guides\/aide-renovation\/monte-escaliers\/credit-impot-monte-escalier\/#primaryimage\",\"inLanguage\":\"fr-FR\",\"url\":\"https:\/\/www.mes-allocs.fr\/guides\/wp-content\/uploads\/2024\/04\/credit-impot-monte-escalier.jpg?wsr\",\"width\":1920,\"height\":1280,\"caption\":\"credit impot monte escalier\"},{\"@type\":\"WebPage\",\"@id\":\"https:\/\/www.mes-allocs.fr\/guides\/aide-renovation\/monte-escaliers\/credit-impot-monte-escalier\/#webpage\",\"url\":\"https:\/\/www.mes-allocs.fr\/guides\/aide-renovation\/monte-escaliers\/credit-impot-monte-escalier\/\",\"name\":\"Cr\\u00e9dit d\\u2019imp\\u00f4t pour monte-escalier : conditions, d\\u00e9marches, avantages\",\"isPartOf\":{\"@id\":\"https:\/\/www.mes-allocs.fr\/guides\/#website\"},\"primaryImageOfPage\":{\"@id\":\"https:\/\/www.mes-allocs.fr\/guides\/aide-renovation\/monte-escaliers\/credit-impot-monte-escalier\/#primaryimage\"},\"datePublished\":\"2024-04-25T16:11:42+00:00\",\"dateModified\":\"2026-04-22T09:53:13+00:00\",\"author\":{\"@id\":\"https:\/\/www.mes-allocs.fr\/guides\/#\/schema\/person\/9c38f3be41a0ddcd1e3fde5a3df713bf\"},\"description\":\"Nous explorerons les conditions et les avantages du cr\\u00e9dit d'imp\\u00f4t pour l'installation d'un monte-escalier.\",\"inLanguage\":\"fr-FR\"},{\"@type\":\"Person\",\"@id\":\"https:\/\/www.mes-allocs.fr\/guides\/#\/schema\/person\/9c38f3be41a0ddcd1e3fde5a3df713bf\",\"name\":\"Sessime Ananou\",\"image\":{\"@type\":\"ImageObject\",\"@id\":\"https:\/\/www.mes-allocs.fr\/guides\/#personlogo\",\"inLanguage\":\"fr-FR\",\"url\":\"https:\/\/www.mes-allocs.fr\/guides\/wp-content\/uploads\/2023\/08\/IMG_8173-150x150.jpg\",\"caption\":\"Sessime Ananou\"},\"description\":\"Sessime est r\\u00e9dactrice chez Mes Allocs, sp\\u00e9cialis\\u00e9e sur le pouvoir d'achat. Elle rejoint l'\\u00e9quipe Mes Allocs en ao\\u00fbt 2023 afin de simplifier l'acc\\u00e8s \\u00e0 l'information sur les aides en g\\u00e9n\\u00e9ral.\"}]}<\/script>\n<!-- \/ Yoast SEO plugin. -->","amp_validity":null,"acf":{"faq":{"1":{"question":"Quelles sont les conditions pour b\u00e9n\u00e9ficier du cr\u00e9dit d'imp\u00f4t pour l'installation d'un monte-escalier ?","answer":"Pour b\u00e9n\u00e9ficier du cr\u00e9dit d'imp\u00f4t, vous devez remplir les conditions suivantes :\r\n\r\n\u00catre domicili\u00e9 fiscalement en France.\r\nL'habitation o\u00f9 le monte-escalier est install\u00e9 doit \u00eatre votre r\u00e9sidence principale.\r\n\u00catre propri\u00e9taire, locataire ou occupant \u00e0 titre gratuit du logement.\r\nLes travaux doivent \u00eatre factur\u00e9s avant le 31 d\u00e9cembre de chaque ann\u00e9e fiscale.\r\n"},"2":{"question":"Quels sont les avantages du cr\u00e9dit d'imp\u00f4t pour l'installation d'un monte-escalier ?","answer":"Les avantages du cr\u00e9dit d'imp\u00f4t incluent :\r\n\r\nUne r\u00e9duction d'imp\u00f4t sur le revenu \u00e9quivalente \u00e0 25 % du montant des d\u00e9penses engag\u00e9es pour l'installation du monte-escalier.\r\nUne aide financi\u00e8re significative pour faciliter l'adaptation du logement aux besoins sp\u00e9cifiques li\u00e9s \u00e0 la perte d'autonomie."},"3":{"question":"Quelles sont les \u00e9tapes \u00e0 suivre pour b\u00e9n\u00e9ficier du cr\u00e9dit d'imp\u00f4t ?","answer":"Pour b\u00e9n\u00e9ficier du cr\u00e9dit d'imp\u00f4t, vous devez :\r\n\r\nFaire installer le monte-escalier par un professionnel qualifi\u00e9.\r\nConserver les factures et justificatifs de paiement pour les inclure dans votre d\u00e9claration d'imp\u00f4t sur le revenu.\r\nD\u00e9clarer les d\u00e9penses engag\u00e9es pour l'installation du monte-escalier dans votre d\u00e9claration de revenus annuelle.\r\n"},"4":{"question":"Y a-t-il des limites ou des plafonds pour le cr\u00e9dit d'imp\u00f4t ?","answer":"Oui, le cr\u00e9dit d'imp\u00f4t est plafonn\u00e9 \u00e0 un certain montant par p\u00e9riode fiscale. Ce plafond peut varier en fonction de votre situation fiscale et du type de d\u00e9penses engag\u00e9es pour l'installation du monte-escalier."},"5":{"question":"Le cr\u00e9dit d'imp\u00f4t est-il cumulable avec d'autres aides financi\u00e8res ?","answer":"Oui, dans certains cas, le cr\u00e9dit d'imp\u00f4t peut \u00eatre cumulable avec d'autres aides financi\u00e8res telles que les subventions de l'ANAH ou les aides des caisses de retraite. Cependant, il est important de v\u00e9rifier les conditions sp\u00e9cifiques \u00e0 chaque aide pour \u00e9viter tout cumul interdit."},"6":{"question":" Quelle est la dur\u00e9e de validit\u00e9 du cr\u00e9dit d'imp\u00f4t pour l'installation d'un monte-escalier ?","answer":"Le cr\u00e9dit d'imp\u00f4t pour l'installation d'un monte-escalier est valable pour l'ann\u00e9e fiscale au cours de laquelle les d\u00e9penses ont \u00e9t\u00e9 engag\u00e9es. Il doit \u00eatre d\u00e9clar\u00e9 dans votre d\u00e9claration de revenus annuelle pour \u00eatre pris en compte dans le calcul de votre imp\u00f4t sur le revenu."},"7":{"question":"","answer":""},"8":{"question":"","answer":""},"9":{"question":"","answer":""},"10":{"question":"","answer":""},"11":{"question":"","answer":""},"12":{"question":"","answer":""},"13":{"question":"","answer":""},"14":{"question":"","answer":""},"15":{"question":"","answer":""},"16":{"question":"","answer":""}}},"_links":{"self":[{"href":"https:\/\/www.mes-allocs.fr\/guides\/wp-json\/wp\/v2\/posts\/77379","targetHints":{"allow":["GET"]}}],"collection":[{"href":"https:\/\/www.mes-allocs.fr\/guides\/wp-json\/wp\/v2\/posts"}],"about":[{"href":"https:\/\/www.mes-allocs.fr\/guides\/wp-json\/wp\/v2\/types\/post"}],"author":[{"embeddable":true,"href":"https:\/\/www.mes-allocs.fr\/guides\/wp-json\/wp\/v2\/users\/26"}],"replies":[{"embeddable":true,"href":"https:\/\/www.mes-allocs.fr\/guides\/wp-json\/wp\/v2\/comments?post=77379"}],"version-history":[{"count":6,"href":"https:\/\/www.mes-allocs.fr\/guides\/wp-json\/wp\/v2\/posts\/77379\/revisions"}],"predecessor-version":[{"id":95340,"href":"https:\/\/www.mes-allocs.fr\/guides\/wp-json\/wp\/v2\/posts\/77379\/revisions\/95340"}],"wp:featuredmedia":[{"embeddable":true,"href":"https:\/\/www.mes-allocs.fr\/guides\/wp-json\/wp\/v2\/media\/105230"}],"wp:attachment":[{"href":"https:\/\/www.mes-allocs.fr\/guides\/wp-json\/wp\/v2\/media?parent=77379"}],"wp:term":[{"taxonomy":"category","embeddable":true,"href":"https:\/\/www.mes-allocs.fr\/guides\/wp-json\/wp\/v2\/categories?post=77379"},{"taxonomy":"post_tag","embeddable":true,"href":"https:\/\/www.mes-allocs.fr\/guides\/wp-json\/wp\/v2\/tags?post=77379"}],"curies":[{"name":"wp","href":"https:\/\/api.w.org\/{rel}","templated":true}]}}