{"id":77352,"date":"2024-04-24T18:09:59","date_gmt":"2024-04-24T16:09:59","guid":{"rendered":"https:\/\/www.mes-allocs.fr\/guides\/?p=77352"},"modified":"2026-04-22T10:53:13","modified_gmt":"2026-04-22T09:53:13","slug":"installation-monte-escalier","status":"publish","type":"post","link":"https:\/\/www.mes-allocs.fr\/guides\/aide-renovation\/monte-escaliers\/installation-monte-escalier\/","title":{"rendered":"Comment se passe l\u2019installation d\u2019un monte-escalier ?"},"content":{"rendered":"<p><img loading=\"lazy\" decoding=\"async\" class=\"alignnone wp-image-14222 \" title=\"installation monte escalier\" src=\"https:\/\/www.mes-allocs.fr\/guides\/wp-content\/uploads\/2020\/11\/financer-monte-escalier-1-e1713968819155.jpg\" alt=\"installation monte escalier\" width=\"782\" height=\"160\" srcset=\"https:\/\/www.mes-allocs.fr\/guides\/wp-content\/uploads\/2020\/11\/financer-monte-escalier-1-e1713968819155.jpg 640w, https:\/\/www.mes-allocs.fr\/guides\/wp-content\/uploads\/2020\/11\/financer-monte-escalier-1-e1713968819155-300x61.jpg 300w, https:\/\/www.mes-allocs.fr\/guides\/wp-content\/uploads\/2020\/11\/financer-monte-escalier-1-e1713968819155-600x123.jpg 600w\" sizes=\"auto, (max-width: 782px) 100vw, 782px\" \/><\/p>\n<p><strong>Lorsque l&rsquo;on consid\u00e8re l&rsquo;installation d&rsquo;un monte-escalier, notamment dans le cadre d&rsquo;un projet de r\u00e9novation, il est essentiel de comprendre le processus d&rsquo;installation ainsi que les ressources disponibles, telles que les <a href=\"https:\/\/www.mes-allocs.fr\/guides\/aide-renovation\/\">aides \u00e0 la r\u00e9novation<\/a>. Ces dispositifs sont con\u00e7us pour am\u00e9liorer l&rsquo;accessibilit\u00e9 des espaces domestiques, offrant une solution pratique pour les personnes \u00e0 mobilit\u00e9 r\u00e9duite ou les personnes \u00e2g\u00e9es. Dans cette introduction, nous explorerons les \u00e9tapes de l&rsquo;installation d&rsquo;un monte-escalier, tout en mettant en lumi\u00e8re les \u00e9ventuelles aides financi\u00e8res disponibles pour soutenir ce type de projet d&rsquo;am\u00e9nagement.<\/strong><\/p>\n<div class='cta-block'><div class='text'>Simulez toutes vos aides en 2 min.<\/div><a href='https:\/\/www.mes-allocs.fr\/ab-app?origin=guides\/wp-json\/wp\/v2\/posts\/77352' class='app-button fit'>Simulation gratuite<\/a><\/div>\n<h1><strong>\u00c9valuation des besoins et pr\u00e9paration \u00e0 l&rsquo;installation du monte escalier<\/strong><\/h1>\n<h2><strong>\u00c9valuation de l\u2019escalier : droit, tournant, ext\u00e9rieur<\/strong><\/h2>\n<p>L&rsquo;\u00e9valuation de l&rsquo;escalier est la premi\u00e8re \u00e9tape essentielle dans l&rsquo;installation d&rsquo;un monte-escalier. Elle permet de d\u00e9terminer le type d&rsquo;escalier : s&rsquo;il est droit, tournant ou ext\u00e9rieur. Cette classification influence le mod\u00e8le de <a href=\"https:\/\/www.mes-allocs.fr\/guides\/aide-renovation\/monte-escaliers\/\">monte-escaliers<\/a> \u00e0 installer et les adaptations n\u00e9cessaires pour assurer un fonctionnement optimal.<\/p>\n<h2><strong>Mesures et v\u00e9rifications pr\u00e9liminaires<\/strong><\/h2>\n<p>Une fois le type d&rsquo;escalier d\u00e9termin\u00e9, des mesures pr\u00e9cises sont prises pour assurer un ajustement parfait du monte-escalier. Ces mesures comprennent la longueur de l&rsquo;escalier, la largeur des marches et l&rsquo;espace disponible en haut et en bas de l&rsquo;escalier pour le stationnement du monte-escalier lorsque celui-ci n&rsquo;est pas utilis\u00e9. Des v\u00e9rifications pr\u00e9liminaires sont \u00e9galement effectu\u00e9es pour s&rsquo;assurer qu&rsquo;il n&rsquo;y a pas d&rsquo;obstacles ou de contraintes structurelles qui pourraient entraver l&rsquo;installation.<\/p>\n<h2><strong>Pr\u00e9paration de l\u2019espace et des contraintes structurelles<\/strong><\/h2>\n<p>Avant l&rsquo;installation proprement dite, il est essentiel de pr\u00e9parer l&rsquo;espace o\u00f9 sera install\u00e9 le monte-escalier. Cela peut impliquer le d\u00e9placement ou la modification de certains \u00e9l\u00e9ments, tels que les rampes d&rsquo;escalier, les mains courantes ou tout autre objet pouvant entraver le mouvement du monte-escalier. De plus, les contraintes structurelles telles que les prises \u00e9lectriques, les interrupteurs, les conduites de gaz ou d&rsquo;eau doivent \u00eatre prises en compte et \u00e9ventuellement d\u00e9plac\u00e9es ou prot\u00e9g\u00e9es pour garantir un fonctionnement s\u00fbr du monte-escalier.<\/p>\n<div class='cta-block'><div class='text'>Simulez toutes vos aides en 2 min.<\/div><a href='https:\/\/www.mes-allocs.fr\/ab-app?origin=guides\/wp-json\/wp\/v2\/posts\/77352' class='app-button fit'>Simulation gratuite<\/a><\/div>\n<h1><strong>Installation du monte-escalier : quelles sont les \u00e9tapes ?<\/strong><\/h1>\n<h2><strong>Installation des rails : fixation et ajustement<\/strong><\/h2>\n<p>L&rsquo;installation des rails du monte-escalier commence par leur fixation au mur ou aux marches de l&rsquo;escalier. Les rails sont fix\u00e9s \u00e0 l&rsquo;aide de supports sp\u00e9cialement con\u00e7us pour assurer une stabilit\u00e9 maximale. Une fois fix\u00e9s, les rails sont ajust\u00e9s pour s&rsquo;adapter parfaitement \u00e0 la configuration de l&rsquo;escalier, garantissant ainsi un mouvement fluide et s\u00e9curis\u00e9 du monte-escalier le long de l&rsquo;escalier. Cette \u00e9tape n\u00e9cessite une pr\u00e9cision minutieuse pour assurer que les rails sont correctement positionn\u00e9s et align\u00e9s, afin d&rsquo;optimiser le fonctionnement du monte-escalier et la s\u00e9curit\u00e9 de l&rsquo;utilisateur.<\/p>\n<p>Le <a href=\"https:\/\/www.mes-allocs.fr\/guides\/aide-renovation\/monte-escaliers\/monte-escalier-portable\/\/\">monte-escalier portable<\/a> est con\u00e7u pour aider les personnes \u00e0 mobilit\u00e9 r\u00e9duite.<\/p>\n<h2><strong>Installation du si\u00e8ge et du m\u00e9canisme de propulsion du monte escalier<\/strong><\/h2>\n<p><span style=\"font-weight: 400;\">Une fois que les rails sont correctement install\u00e9s, le si\u00e8ge du monte-escalier est fix\u00e9 sur ceux-ci. Le si\u00e8ge est g\u00e9n\u00e9ralement \u00e9quip\u00e9 d&rsquo;un m\u00e9canisme de propulsion qui permet de le d\u00e9placer le long des rails. Ce m\u00e9canisme peut \u00eatre \u00e9lectrique, utilisant un moteur int\u00e9gr\u00e9 au si\u00e8ge, ou manuel, n\u00e9cessitant une action manuelle de la part de l&rsquo;utilisateur pour faire avancer ou reculer le si\u00e8ge. L&rsquo;installation du si\u00e8ge et du m\u00e9canisme de propulsion est r\u00e9alis\u00e9e avec soin pour garantir leur fonctionnement optimal et la s\u00e9curit\u00e9 de l&rsquo;utilisateur. Une fois install\u00e9s, des tests sont g\u00e9n\u00e9ralement effectu\u00e9s pour s&rsquo;assurer que le monte-escalier fonctionne correctement et en toute s\u00e9curit\u00e9 avant son utilisation par l&rsquo;utilisateur.\u00a0<\/span><\/p>\n<h2><strong>Connexion \u00e9lectrique et mise en service<\/strong><\/h2>\n<p>Une fois le si\u00e8ge et le m\u00e9canisme de propulsion install\u00e9s, la derni\u00e8re \u00e9tape consiste \u00e0 effectuer la connexion \u00e9lectrique du monte-escalier. Cela implique g\u00e9n\u00e9ralement de raccorder le monte-escalier au r\u00e9seau \u00e9lectrique de la maison et de v\u00e9rifier que tous les c\u00e2bles sont correctement connect\u00e9s et s\u00e9curis\u00e9s.<\/p>\n<p>Une fois la connexion \u00e9lectrique effectu\u00e9e, le monte-escalier est pr\u00eat \u00e0 \u00eatre mis en service. Les techniciens proc\u00e8dent alors \u00e0 des tests de fonctionnement pour s&rsquo;assurer que tous les syst\u00e8mes, y compris les commandes et les dispositifs de s\u00e9curit\u00e9, fonctionnent correctement. Des ajustements finaux peuvent \u00eatre n\u00e9cessaires pour garantir que le monte-escalier fonctionne de mani\u00e8re optimale et s\u00e9curis\u00e9e.<\/p>\n<p>Une fois que tout a \u00e9t\u00e9 v\u00e9rifi\u00e9 et test\u00e9, les techniciens fournissent g\u00e9n\u00e9ralement une d\u00e9monstration de l&rsquo;utilisation du monte-escalier \u00e0 l&rsquo;utilisateur, en expliquant les diff\u00e9rentes commandes et fonctionnalit\u00e9s. L&rsquo;utilisateur peut ensuite commencer \u00e0 utiliser son monte-escalier en toute confiance, en toute s\u00e9curit\u00e9 et en toute autonomie.<\/p>\n<p><iframe loading=\"lazy\" src=\"\/\/www.youtube.com\/embed\/r78zDFf6RFI?t=158s\" width=\"560\" height=\"314\" allowfullscreen=\"allowfullscreen\"><\/iframe><\/p>\n<h1><strong>Formation et d\u00e9monstration pour l&rsquo;installation du monte-escalier<\/strong><\/h1>\n<h2><strong>Explication des fonctionnalit\u00e9s et des commandes<\/strong><\/h2>\n<p>Pendant la formation, les techniciens expliquent en d\u00e9tail les diff\u00e9rentes fonctionnalit\u00e9s et commandes du monte-escalier. Cela inclut g\u00e9n\u00e9ralement une pr\u00e9sentation des boutons de commande sur l&rsquo;accoudoir, qui permettent de d\u00e9marrer, d&rsquo;arr\u00eater et de contr\u00f4ler la vitesse du monte-escalier. Les utilisateurs sont \u00e9galement inform\u00e9s sur l&rsquo;activation des dispositifs de s\u00e9curit\u00e9, tels que les ceintures de s\u00e9curit\u00e9 et les capteurs d&rsquo;obstacles, pour garantir une utilisation s\u00e9curis\u00e9e du monte-escalier.<\/p>\n<h2><strong>Formation \u00e0 l\u2019utilisation et \u00e0 la s\u00e9curit\u00e9 du monte-escalier<\/strong><\/h2>\n<p>Pendant la formation \u00e0 l&rsquo;utilisation et \u00e0 la s\u00e9curit\u00e9 du monte-escalier, les utilisateurs sont guid\u00e9s \u00e0 travers les bonnes pratiques d&rsquo;utilisation pour assurer leur s\u00e9curit\u00e9 et leur confort lorsqu&rsquo;ils utilisent l&rsquo;appareil. Cela comprend des instructions sur la mani\u00e8re de monter et de descendre les escaliers de mani\u00e8re s\u00e9curis\u00e9e, ainsi que sur la mani\u00e8re d&rsquo;utiliser les dispositifs de s\u00e9curit\u00e9 int\u00e9gr\u00e9s, tels que les ceintures de s\u00e9curit\u00e9 et les barres d&rsquo;appui. Les utilisateurs sont \u00e9galement inform\u00e9s sur la mani\u00e8re de r\u00e9agir en cas d&rsquo;urgence ou de dysfonctionnement du monte-escalier.<\/p>\n<h2><strong>D\u00e9monstration pratique de l\u2019utilisation du monte-escalier<\/strong><\/h2>\n<p>La d\u00e9monstration pratique de l&rsquo;utilisation du monte-escalier permet aux utilisateurs de mettre en pratique les instructions donn\u00e9es et de se familiariser avec le fonctionnement de l&rsquo;appareil. Pendant cette d\u00e9monstration, un professionnel montre comment monter et descendre les escaliers en utilisant le monte-escalier de mani\u00e8re s\u00fbre et efficace. Cela peut inclure des d\u00e9monstrations sur la mani\u00e8re de s&rsquo;asseoir correctement sur le si\u00e8ge, d&rsquo;attacher la ceinture de s\u00e9curit\u00e9, d&rsquo;utiliser les commandes pour d\u00e9marrer et arr\u00eater le mouvement, ainsi que sur la mani\u00e8re de passer les paliers et les virages en toute s\u00e9curit\u00e9. En offrant une d\u00e9monstration pratique, les utilisateurs ont l&rsquo;opportunit\u00e9 de poser des questions et de clarifier tout aspect de l&rsquo;utilisation du monte-escalier.<\/p>\n<p>Parcourez notre article sur les <a href=\"https:\/\/www.mes-allocs.fr\/guides\/aide-renovation\/monte-escalier\/aide-monte-escalier\/\">aides \u00e0 l\u2019installation d\u2019un monte-escalier<\/a> et r\u00e9duisez le co\u00fbt de vos travaux !<\/p>\n<div class='cta-block'><div class='text'>Simulez toutes vos aides en 2 min.<\/div><a href='https:\/\/www.mes-allocs.fr\/ab-app?origin=guides\/wp-json\/wp\/v2\/posts\/77352' class='app-button fit'>Simulation gratuite<\/a><\/div>\n","protected":false},"excerpt":{"rendered":"<p>Lorsque l&rsquo;on consid\u00e8re l&rsquo;installation d&rsquo;un monte-escalier, notamment dans le cadre d&rsquo;un projet de r\u00e9novation, il est essentiel de comprendre le processus d&rsquo;installation ainsi que les ressources disponibles, telles que les aides \u00e0 la r\u00e9novation. Ces dispositifs sont con\u00e7us pour am\u00e9liorer l&rsquo;accessibilit\u00e9 des espaces domestiques, offrant une solution pratique pour les personnes \u00e0 mobilit\u00e9 r\u00e9duite ou [&hellip;]<\/p>\n","protected":false},"author":26,"featured_media":105188,"comment_status":"open","ping_status":"open","sticky":false,"template":"","format":"standard","meta":{"amp_status":"","footnotes":""},"categories":[8154,33621],"tags":[],"class_list":["post-77352","post","type-post","status-publish","format-standard","has-post-thumbnail","hentry","category-aide-renovation","category-monte-escaliers"],"yoast_head":"<!-- This site is optimized with the Yoast SEO plugin v14.9 - https:\/\/yoast.com\/wordpress\/plugins\/seo\/ -->\n<title>Comment se passe l\u2019installation d\u2019un monte-escalier ? | Mes-Allocs.fr<\/title>\n<meta name=\"description\" content=\"Nous explorerons les \u00e9tapes de l&#039;installation d&#039;un monte-escalier, tout en mettant en lumi\u00e8re les \u00e9ventuelles aides financi\u00e8res.\" \/>\n<meta name=\"robots\" content=\"index, follow, max-snippet:-1, max-image-preview:large, max-video-preview:-1\" \/>\n<link rel=\"canonical\" href=\"https:\/\/www.mes-allocs.fr\/guides\/aide-renovation\/monte-escaliers\/installation-monte-escalier\/\" \/>\n<meta property=\"og:locale\" content=\"fr_FR\" \/>\n<meta property=\"og:type\" content=\"article\" \/>\n<meta property=\"og:title\" content=\"Comment se passe l\u2019installation d\u2019un monte-escalier ? | Mes-Allocs.fr\" \/>\n<meta property=\"og:description\" content=\"Nous explorerons les \u00e9tapes de l&#039;installation d&#039;un monte-escalier, tout en mettant en lumi\u00e8re les \u00e9ventuelles aides financi\u00e8res.\" \/>\n<meta property=\"og:url\" content=\"https:\/\/www.mes-allocs.fr\/guides\/aide-renovation\/monte-escaliers\/installation-monte-escalier\/\" \/>\n<meta property=\"og:site_name\" content=\"Mes-Allocs.fr\" \/>\n<meta property=\"article:published_time\" content=\"2024-04-24T16:09:59+00:00\" \/>\n<meta property=\"article:modified_time\" content=\"2026-04-22T09:53:13+00:00\" \/>\n<meta property=\"og:image\" content=\"https:\/\/www.mes-allocs.fr\/guides\/wp-content\/uploads\/2024\/04\/installation-monte-escalier.jpg?wsr\" \/>\n\t<meta property=\"og:image:width\" content=\"1280\" \/>\n\t<meta property=\"og:image:height\" content=\"853\" \/>\n<meta name=\"twitter:card\" content=\"summary_large_image\" \/>\n<script type=\"application\/ld+json\" class=\"yoast-schema-graph\">{\"@context\":\"https:\/\/schema.org\",\"@graph\":[{\"@type\":\"WebSite\",\"@id\":\"https:\/\/www.mes-allocs.fr\/guides\/#website\",\"url\":\"https:\/\/www.mes-allocs.fr\/guides\/\",\"name\":\"Mes-Allocs.fr\",\"description\":\"\",\"potentialAction\":[{\"@type\":\"SearchAction\",\"target\":\"https:\/\/www.mes-allocs.fr\/guides\/?s={search_term_string}\",\"query-input\":\"required name=search_term_string\"}],\"inLanguage\":\"fr-FR\"},{\"@type\":\"ImageObject\",\"@id\":\"https:\/\/www.mes-allocs.fr\/guides\/aide-renovation\/monte-escaliers\/installation-monte-escalier\/#primaryimage\",\"inLanguage\":\"fr-FR\",\"url\":\"https:\/\/www.mes-allocs.fr\/guides\/wp-content\/uploads\/2024\/04\/installation-monte-escalier.jpg?wsr\",\"width\":1280,\"height\":853,\"caption\":\"installation monte escalier\"},{\"@type\":\"WebPage\",\"@id\":\"https:\/\/www.mes-allocs.fr\/guides\/aide-renovation\/monte-escaliers\/installation-monte-escalier\/#webpage\",\"url\":\"https:\/\/www.mes-allocs.fr\/guides\/aide-renovation\/monte-escaliers\/installation-monte-escalier\/\",\"name\":\"Comment se passe l\\u2019installation d\\u2019un monte-escalier ? | Mes-Allocs.fr\",\"isPartOf\":{\"@id\":\"https:\/\/www.mes-allocs.fr\/guides\/#website\"},\"primaryImageOfPage\":{\"@id\":\"https:\/\/www.mes-allocs.fr\/guides\/aide-renovation\/monte-escaliers\/installation-monte-escalier\/#primaryimage\"},\"datePublished\":\"2024-04-24T16:09:59+00:00\",\"dateModified\":\"2026-04-22T09:53:13+00:00\",\"author\":{\"@id\":\"https:\/\/www.mes-allocs.fr\/guides\/#\/schema\/person\/9c38f3be41a0ddcd1e3fde5a3df713bf\"},\"description\":\"Nous explorerons les \\u00e9tapes de l'installation d'un monte-escalier, tout en mettant en lumi\\u00e8re les \\u00e9ventuelles aides financi\\u00e8res.\",\"inLanguage\":\"fr-FR\"},{\"@type\":\"Person\",\"@id\":\"https:\/\/www.mes-allocs.fr\/guides\/#\/schema\/person\/9c38f3be41a0ddcd1e3fde5a3df713bf\",\"name\":\"Sessime Ananou\",\"image\":{\"@type\":\"ImageObject\",\"@id\":\"https:\/\/www.mes-allocs.fr\/guides\/#personlogo\",\"inLanguage\":\"fr-FR\",\"url\":\"https:\/\/www.mes-allocs.fr\/guides\/wp-content\/uploads\/2023\/08\/IMG_8173-150x150.jpg\",\"caption\":\"Sessime Ananou\"},\"description\":\"Sessime est r\\u00e9dactrice chez Mes Allocs, sp\\u00e9cialis\\u00e9e sur le pouvoir d'achat. Elle rejoint l'\\u00e9quipe Mes Allocs en ao\\u00fbt 2023 afin de simplifier l'acc\\u00e8s \\u00e0 l'information sur les aides en g\\u00e9n\\u00e9ral.\"}]}<\/script>\n<!-- \/ Yoast SEO plugin. -->","amp_validity":null,"acf":{"faq":{"1":{"question":"Quelles sont les \u00e9tapes de l'installation d'un monte-escalier ?","answer":"L'\u00e9valuation de l'escalier et des besoins sp\u00e9cifiques.\r\nLa fabrication sur mesure du monte-escalier.\r\nL'installation par des professionnels qualifi\u00e9s.\r\nLes tests de fonctionnement et de s\u00e9curit\u00e9.\r\nLa d\u00e9monstration de l'utilisation du monte-escalier.\r\nLe service apr\u00e8s-vente et l'assistance."},"2":{"question":"Combien de temps faut-il pour installer un monte-escalier ?","answer":"Le temps d'installation varie en fonction de la complexit\u00e9 de l'escalier et du mod\u00e8le de monte-escalier, mais cela peut g\u00e9n\u00e9ralement prendre quelques heures \u00e0 une journ\u00e9e."},"3":{"question":"Est-ce que des travaux de modification de l'escalier sont n\u00e9cessaires pour l'installation d'un monte-escalier ?","answer":"En g\u00e9n\u00e9ral, aucune modification majeure de l'escalier n'est requise. Le monte-escalier est fix\u00e9 directement sur les marches ou le mur adjacent \u00e0 l'escalier."},"4":{"question":"Quelles sont les consid\u00e9rations de s\u00e9curit\u00e9 lors de l'installation d'un monte-escalier ?","answer":"Les professionnels veillent \u00e0 ce que le monte-escalier soit install\u00e9 conform\u00e9ment aux normes de s\u00e9curit\u00e9 en vigueur.\r\nDes capteurs de s\u00e9curit\u00e9 sont g\u00e9n\u00e9ralement inclus pour d\u00e9tecter les obstacles sur l'escalier."},"5":{"question":"Y a-t-il des exigences sp\u00e9cifiques pour l'entretien du monte-escalier apr\u00e8s son installation ?","answer":"Il est recommand\u00e9 de faire inspecter et entretenir r\u00e9guli\u00e8rement le monte-escalier par des professionnels pour garantir son bon fonctionnement et sa durabilit\u00e9."},"6":{"question":"Quelle est la dur\u00e9e de vie typique d'un monte-escalier apr\u00e8s son installation ?","answer":"Avec un entretien r\u00e9gulier, un monte-escalier bien install\u00e9 peut durer de nombreuses ann\u00e9es, offrant une mobilit\u00e9 continue \u00e0 son utilisateur."},"7":{"question":"","answer":""},"8":{"question":"","answer":""},"9":{"question":"","answer":""},"10":{"question":"","answer":""},"11":{"question":"","answer":""},"12":{"question":"","answer":""},"13":{"question":"","answer":""},"14":{"question":"","answer":""},"15":{"question":"","answer":""},"16":{"question":"","answer":""}}},"_links":{"self":[{"href":"https:\/\/www.mes-allocs.fr\/guides\/wp-json\/wp\/v2\/posts\/77352","targetHints":{"allow":["GET"]}}],"collection":[{"href":"https:\/\/www.mes-allocs.fr\/guides\/wp-json\/wp\/v2\/posts"}],"about":[{"href":"https:\/\/www.mes-allocs.fr\/guides\/wp-json\/wp\/v2\/types\/post"}],"author":[{"embeddable":true,"href":"https:\/\/www.mes-allocs.fr\/guides\/wp-json\/wp\/v2\/users\/26"}],"replies":[{"embeddable":true,"href":"https:\/\/www.mes-allocs.fr\/guides\/wp-json\/wp\/v2\/comments?post=77352"}],"version-history":[{"count":5,"href":"https:\/\/www.mes-allocs.fr\/guides\/wp-json\/wp\/v2\/posts\/77352\/revisions"}],"predecessor-version":[{"id":95333,"href":"https:\/\/www.mes-allocs.fr\/guides\/wp-json\/wp\/v2\/posts\/77352\/revisions\/95333"}],"wp:featuredmedia":[{"embeddable":true,"href":"https:\/\/www.mes-allocs.fr\/guides\/wp-json\/wp\/v2\/media\/105188"}],"wp:attachment":[{"href":"https:\/\/www.mes-allocs.fr\/guides\/wp-json\/wp\/v2\/media?parent=77352"}],"wp:term":[{"taxonomy":"category","embeddable":true,"href":"https:\/\/www.mes-allocs.fr\/guides\/wp-json\/wp\/v2\/categories?post=77352"},{"taxonomy":"post_tag","embeddable":true,"href":"https:\/\/www.mes-allocs.fr\/guides\/wp-json\/wp\/v2\/tags?post=77352"}],"curies":[{"name":"wp","href":"https:\/\/api.w.org\/{rel}","templated":true}]}}