{"id":77348,"date":"2024-04-24T15:43:12","date_gmt":"2024-04-24T13:43:12","guid":{"rendered":"https:\/\/www.mes-allocs.fr\/guides\/?p=77348"},"modified":"2026-04-22T10:53:13","modified_gmt":"2026-04-22T09:53:13","slug":"monte-escalier-prix","status":"publish","type":"post","link":"https:\/\/www.mes-allocs.fr\/guides\/aide-renovation\/monte-escaliers\/monte-escalier-prix\/","title":{"rendered":"Quel est le prix d\u2019un monte-escalier ?"},"content":{"rendered":"<p><img loading=\"lazy\" decoding=\"async\" class=\"alignnone wp-image-71908 \" title=\"monte escalier prix\" src=\"https:\/\/www.mes-allocs.fr\/guides\/wp-content\/uploads\/2023\/12\/Aide-monte-escalier-e1713962947210.jpg\" alt=\"monte escalier prix\" width=\"1423\" height=\"358\" \/><\/p>\n<p><strong>Dans le cadre d&rsquo;un projet de r\u00e9novation visant \u00e0 am\u00e9liorer l&rsquo;accessibilit\u00e9 d&rsquo;un domicile, l&rsquo;installation d&rsquo;un monte-escalier peut jouer un r\u00f4le crucial. Ce dispositif offre une solution pratique et s\u00e9curis\u00e9e pour les personnes \u00e0 mobilit\u00e9 r\u00e9duite, leur permettant de monter et descendre les escaliers en toute autonomie. Toutefois, le co\u00fbt d&rsquo;un monte-escalier peut varier en fonction de plusieurs facteurs, notamment la configuration de l&rsquo;escalier, les fonctionnalit\u00e9s suppl\u00e9mentaires et la marque choisie. Dans cet article, nous examinerons de pr\u00e8s le prix d&rsquo;un monte-escalier, tout en explorant les diff\u00e9rentes <a href=\"https:\/\/www.mes-allocs.fr\/guides\/aide-renovation\/\">aides \u00e0 la r\u00e9novation<\/a> qui peuvent contribuer \u00e0 all\u00e9ger le fardeau financier de cette adaptation domiciliaire.<\/strong><\/p>\n<div class='cta-block'><div class='text'>Simulez toutes vos aides en 2 min.<\/div><a href='https:\/\/www.mes-allocs.fr\/ab-app?origin=guides\/wp-json\/wp\/v2\/posts\/77348' class='app-button fit'>Simulation gratuite<\/a><\/div>\n<h1><strong>Qu\u2019est-ce qu\u2019un monte-escalier ?<\/strong><\/h1>\n<h2><strong>Pr\u00e9sentation g\u00e9n\u00e9rale du monte-escalier portable<\/strong><\/h2>\n<p>Le <a href=\"https:\/\/www.mes-allocs.fr\/guides\/aide-renovation\/monte-escaliers\/\">monte-escaliers<\/a> portable est une solution d&rsquo;accessibilit\u00e9 pratique et polyvalente, sp\u00e9cialement con\u00e7ue pour faciliter le d\u00e9placement des personnes \u00e0 mobilit\u00e9 r\u00e9duite. Contrairement aux monte-escaliers traditionnels, il se distingue par sa conception l\u00e9g\u00e8re, compacte et modulaire, ce qui le rend facile \u00e0 installer et \u00e0 transporter d&rsquo;un endroit \u00e0 un autre.<\/p>\n<p>Ce dispositif est g\u00e9n\u00e9ralement \u00e9quip\u00e9 d&rsquo;un rail modulaire qui peut \u00eatre rapidement et facilement assembl\u00e9 le long de l&rsquo;escalier, sans n\u00e9cessiter de travaux de construction majeurs. Il est dot\u00e9 d&rsquo;une plateforme ou d&rsquo;un si\u00e8ge motoris\u00e9 qui se d\u00e9place le long du rail \u00e0 l&rsquo;aide d&rsquo;un moteur \u00e9lectrique, permettant ainsi aux utilisateurs de monter et descendre les escaliers en toute s\u00e9curit\u00e9 et en toute autonomie.<\/p>\n<p>Gr\u00e2ce \u00e0 sa conception portable, ce type de monte-escalier est id\u00e9al pour les maisons ou les b\u00e2timents o\u00f9 une installation permanente n&rsquo;est pas souhaitable ou possible. Il offre une solution temporaire ou \u00e0 court terme pour r\u00e9pondre aux besoins d&rsquo;accessibilit\u00e9, tout en offrant la flexibilit\u00e9 de l&rsquo;utiliser dans diff\u00e9rents environnements et configurations d&rsquo;escaliers. Le monte-escalier portable est con\u00e7u pour aider les personnes ayant des difficult\u00e9s de mobilit\u00e9.<\/p>\n<h2><strong>Importance de la mobilit\u00e9 pour les personnes \u00e0 besoins sp\u00e9cifiques<\/strong><\/h2>\n<p>Pour les personnes \u00e0 besoins sp\u00e9cifiques, la mobilit\u00e9 est une composante essentielle de leur qualit\u00e9 de vie. Pouvoir se d\u00e9placer de mani\u00e8re autonome et sans obstacle contribue non seulement \u00e0 leur bien-\u00eatre physique, mais aussi \u00e0 leur ind\u00e9pendance et \u00e0 leur autonomie au quotidien. La capacit\u00e9 de se d\u00e9placer librement dans leur environnement, que ce soit \u00e0 l&rsquo;int\u00e9rieur ou \u00e0 l&rsquo;ext\u00e9rieur de leur domicile, leur permet de participer pleinement \u00e0 la vie sociale, professionnelle et communautaire.<\/p>\n<p>Cependant, pour de nombreuses personnes \u00e0 mobilit\u00e9 r\u00e9duite, les escaliers peuvent repr\u00e9senter un v\u00e9ritable d\u00e9fi et constituer un obstacle majeur \u00e0 leur mobilit\u00e9. C&rsquo;est l\u00e0 qu&rsquo;intervient l&rsquo;importance des solutions d&rsquo;accessibilit\u00e9 telles que les <a href=\"https:\/\/www.mes-allocs.fr\/guides\/aide-renovation\/monte-escaliers\/monte-escalier-portable\/\/\">monte-escaliers portables<\/a>. En offrant une assistance s\u00e9curis\u00e9e et pratique pour monter et descendre les escaliers, ces dispositifs permettent aux personnes \u00e0 besoins sp\u00e9cifiques de conserver leur autonomie et de se d\u00e9placer en toute s\u00e9curit\u00e9, quel que soit l&rsquo;environnement dans lequel ils se trouvent.<\/p>\n<p>Le <a href=\"https:\/\/www.mes-allocs.fr\/guides\/aide-renovation\/monte-escaliers\/monte-escalier-exterieur\/\">monte-escalier ext\u00e9rieur<\/a> offre un confort et une s\u00e9curit\u00e9 accrus pour les utilisateurs.<\/p>\n<div class='cta-block'><div class='text'>Simulez toutes vos aides en 2 min.<\/div><a href='https:\/\/www.mes-allocs.fr\/ab-app?origin=guides\/wp-json\/wp\/v2\/posts\/77348' class='app-button fit'>Simulation gratuite<\/a><\/div>\n<p><iframe loading=\"lazy\" src=\"\/\/www.youtube.com\/embed\/r78zDFf6RFI?t=158s\" width=\"560\" height=\"314\" allowfullscreen=\"allowfullscreen\"><\/iframe><\/p>\n<h1><strong>Monte-escalier : quel prix faut-il d\u00e9bourser ?<\/strong><\/h1>\n<h2>Fourchette de prix d&rsquo;un monte-escalier<\/h2>\n<h3>Bas de gamme<\/h3>\n<p>Les monte-escaliers d&rsquo;entr\u00e9e de gamme peuvent co\u00fbter entre <strong>2 000 \u20ac et 4 000 \u20ac.<\/strong> Ces mod\u00e8les offrent des fonctionnalit\u00e9s de base et sont souvent con\u00e7us pour les escaliers droits avec peu ou pas d&rsquo;options suppl\u00e9mentaires.<\/p>\n<h3>Moyen de gamme<\/h3>\n<p>Les monte-escaliers de milieu de gamme sont g\u00e9n\u00e9ralement plus polyvalents, offrant une gamme d&rsquo;options suppl\u00e9mentaires telles que des si\u00e8ges pivotants, des commandes sans fil et des rails personnalis\u00e9s pour les escaliers courbes. Les prix se situent g\u00e9n\u00e9ralement entre<strong> 5 000 \u20ac et 10 000 \u20ac<\/strong>.<\/p>\n<h3>Haut de gamme<\/h3>\n<p>Les monte-escaliers haut de gamme sont dot\u00e9s de fonctionnalit\u00e9s avanc\u00e9es telles que des si\u00e8ges ergonomiques, des syst\u00e8mes de s\u00e9curit\u00e9 sophistiqu\u00e9s et des designs haut de gamme. Les prix peuvent d\u00e9passer <strong>15 000 \u20ac<\/strong>, en fonction des options choisies et de la complexit\u00e9 de l&rsquo;installation.<\/p>\n<h3>Facteurs influen\u00e7ant le prix<\/h3>\n<p>Le prix d&rsquo;un monte-escalier peut varier en fonction de plusieurs facteurs, notamment :<\/p>\n<ul>\n<li><strong>Type d\u2019escalier :<\/strong> les monte-escaliers droits sont g\u00e9n\u00e9ralement moins chers que les mod\u00e8les con\u00e7us pour les escaliers courbes ou tournants, qui n\u00e9cessitent des rails personnalis\u00e9s.<\/li>\n<li><strong>Configuration de l&rsquo;escalier :<\/strong> les escaliers avec des paliers interm\u00e9diaires ou des virages peuvent n\u00e9cessiter des installations plus complexes, ce qui peut augmenter le co\u00fbt total.<\/li>\n<li><strong>Options suppl\u00e9mentaires :<\/strong> des fonctionnalit\u00e9s telles que des si\u00e8ges pivotants, des repose-pieds motoris\u00e9s, des rails suppl\u00e9mentaires et des syst\u00e8mes de recharge automatique peuvent entra\u00eener des co\u00fbts suppl\u00e9mentaires.<\/li>\n<\/ul>\n<h3>Comparaison avec d&rsquo;autres solutions d&rsquo;accessibilit\u00e9<\/h3>\n<p>Comparativement \u00e0 d&rsquo;autres solutions d&rsquo;accessibilit\u00e9 telles que les ascenseurs r\u00e9sidentiels ou les rampes d&rsquo;acc\u00e8s, les monte-escaliers sont souvent plus abordables \u00e0 installer et n\u00e9cessitent moins de modifications structurelles \u00e0 l&rsquo;int\u00e9rieur ou \u00e0 l&rsquo;ext\u00e9rieur de la maison. Cependant, il est important de prendre en compte les besoins sp\u00e9cifiques de l&rsquo;utilisateur, ainsi que les caract\u00e9ristiques de l&rsquo;environnement, lors du choix de la meilleure solution d&rsquo;accessibilit\u00e9.<\/p>\n<h1><strong>Options de financement et d\u2019aide pour r\u00e9duire le prix du monte escalier<\/strong><\/h1>\n<h2>Aides gouvernementales et subventions disponibles<\/h2>\n<p>Certaines aides gouvernementales et subventions peuvent \u00eatre disponibles pour aider \u00e0 r\u00e9duire le co\u00fbt d&rsquo;achat et d&rsquo;installation d&rsquo;un monte-escalier. Parmi celles-ci, on peut citer :<\/p>\n<ul>\n<li><strong>Ma Prime Renov :<\/strong> cette aide financi\u00e8re vise \u00e0 soutenir les travaux de r\u00e9novation visant \u00e0 am\u00e9liorer la performance \u00e9nerg\u00e9tique et l&rsquo;accessibilit\u00e9 des logements. Les monte-escaliers peuvent \u00eatre \u00e9ligibles \u00e0 cette aide dans le cadre de projets de r\u00e9novation globaux.<\/li>\n<li><strong>Cr\u00e9dit d&rsquo;imp\u00f4t pour la transition \u00e9nerg\u00e9tique (CITE) :<\/strong> bien que cette aide soit principalement destin\u00e9e aux travaux visant \u00e0 am\u00e9liorer la performance \u00e9nerg\u00e9tique des logements, certaines d\u00e9penses li\u00e9es \u00e0 l&rsquo;accessibilit\u00e9 peuvent \u00e9galement \u00eatre \u00e9ligibles, sous certaines conditions.<\/li>\n<li><strong>Aides des collectivit\u00e9s locales :<\/strong> de nombreuses municipalit\u00e9s proposent des subventions ou des pr\u00eats \u00e0 taux r\u00e9duit pour aider les r\u00e9sidents \u00e0 financer des travaux visant \u00e0 am\u00e9liorer l&rsquo;accessibilit\u00e9 de leur domicile, y compris l&rsquo;<a href=\"https:\/\/www.mes-allocs.fr\/guides\/aide-renovation\/monte-escaliers\/installation-monte-escalier\/\">installation de monte-escaliers<\/a>.<\/li>\n<\/ul>\n<p class=\"p1\"><div class='shortcode disclaimer'><div class='title'>Attention<\/div><div class='content'>\u00c0 compter du <b>30 septembre 2025<\/b>, le dispositif MaPrimeR\u00e9nov\u2019 pour les r\u00e9novations d\u2019ampleur est de nouveau accessible.<\/p>\n<p class=\"p1\">Attention, les modalit\u00e9s et conditions d\u2019attribution ont <b>\u00e9volu\u00e9<\/b>. Si vous envisagez une r\u00e9novation \u00e9nerg\u00e9tique, <b>simulez gratuitement<\/b> <b>votre \u00e9ligibilit\u00e9<\/b> \u00e0 MaPrimeR\u00e9nov\u2019 sur Mes-Allocs.fr. Un conseiller Mes Allocs peut aussi vous accompagner dans vos d\u00e9marches.<\/div><\/div><\/p>\n<h2>Options de financement propos\u00e9es par les fabricants ou les installateurs<\/h2>\n<p>Certains fabricants ou installateurs de monte-escaliers proposent des options de financement pour aider les clients \u00e0 r\u00e9partir le co\u00fbt d&rsquo;achat et d&rsquo;installation sur une p\u00e9riode plus longue. Ces options peuvent inclure des plans de paiement mensuels, des pr\u00eats \u00e0 faible taux d&rsquo;int\u00e9r\u00eat ou des programmes de location avec option d&rsquo;achat.<\/p>\n<h2>Consid\u00e9rations sur le co\u00fbt total<\/h2>\n<p>Lors de l&rsquo;\u00e9valuation du co\u00fbt total d&rsquo;un monte-escalier, il est important de prendre en compte non seulement le prix d&rsquo;achat et d&rsquo;installation, mais \u00e9galement les co\u00fbts d&rsquo;entretien et de r\u00e9paration \u00e9ventuels. Certains fabricants offrent des garanties prolong\u00e9es ou des contrats de service pour couvrir les frais d&rsquo;entretien et de r\u00e9paration, ce qui peut aider \u00e0 r\u00e9duire les d\u00e9penses \u00e0 long terme.<\/p>\n<p>En examinant attentivement toutes les options de financement et d&rsquo;aide disponibles, ainsi que les co\u00fbts totaux associ\u00e9s \u00e0 l&rsquo;installation et \u00e0 l&rsquo;entretien d&rsquo;un monte-escalier, les utilisateurs peuvent prendre des d\u00e9cisions \u00e9clair\u00e9es pour trouver la solution la plus adapt\u00e9e \u00e0 leurs besoins et \u00e0 leur budget.<\/p>\n<div class='cta-block'><div class='text'>Simulez toutes vos aides en 2 min.<\/div><a href='https:\/\/www.mes-allocs.fr\/ab-app?origin=guides\/wp-json\/wp\/v2\/posts\/77348' class='app-button fit'>Simulation gratuite<\/a><\/div>\n","protected":false},"excerpt":{"rendered":"<p>Dans le cadre d&rsquo;un projet de r\u00e9novation visant \u00e0 am\u00e9liorer l&rsquo;accessibilit\u00e9 d&rsquo;un domicile, l&rsquo;installation d&rsquo;un monte-escalier peut jouer un r\u00f4le crucial. Ce dispositif offre une solution pratique et s\u00e9curis\u00e9e pour les personnes \u00e0 mobilit\u00e9 r\u00e9duite, leur permettant de monter et descendre les escaliers en toute autonomie. Toutefois, le co\u00fbt d&rsquo;un monte-escalier peut varier en fonction [&hellip;]<\/p>\n","protected":false},"author":26,"featured_media":14222,"comment_status":"open","ping_status":"open","sticky":false,"template":"","format":"standard","meta":{"amp_status":"","footnotes":""},"categories":[8154,33621],"tags":[],"class_list":["post-77348","post","type-post","status-publish","format-standard","has-post-thumbnail","hentry","category-aide-renovation","category-monte-escaliers"],"yoast_head":"<!-- This site is optimized with the Yoast SEO plugin v14.9 - https:\/\/yoast.com\/wordpress\/plugins\/seo\/ -->\n<title>Quel est le prix d\u2019un monte-escalier ? | Mes-Allocs.fr<\/title>\n<meta name=\"description\" content=\"Nous examinerons de pr\u00e8s le prix d&#039;un monte-escalier, tout en explorant les diff\u00e9rentes aides \u00e0 la r\u00e9novation.\" \/>\n<meta name=\"robots\" content=\"index, follow, max-snippet:-1, max-image-preview:large, max-video-preview:-1\" \/>\n<link rel=\"canonical\" href=\"https:\/\/www.mes-allocs.fr\/guides\/aide-renovation\/monte-escaliers\/monte-escalier-prix\/\" \/>\n<meta property=\"og:locale\" content=\"fr_FR\" \/>\n<meta property=\"og:type\" content=\"article\" \/>\n<meta property=\"og:title\" content=\"Quel est le prix d\u2019un monte-escalier ? | Mes-Allocs.fr\" \/>\n<meta property=\"og:description\" content=\"Nous examinerons de pr\u00e8s le prix d&#039;un monte-escalier, tout en explorant les diff\u00e9rentes aides \u00e0 la r\u00e9novation.\" \/>\n<meta property=\"og:url\" content=\"https:\/\/www.mes-allocs.fr\/guides\/aide-renovation\/monte-escaliers\/monte-escalier-prix\/\" \/>\n<meta property=\"og:site_name\" content=\"Mes-Allocs.fr\" \/>\n<meta property=\"article:published_time\" content=\"2024-04-24T13:43:12+00:00\" \/>\n<meta property=\"article:modified_time\" content=\"2026-04-22T09:53:13+00:00\" \/>\n<meta property=\"og:image\" content=\"https:\/\/www.mes-allocs.fr\/guides\/wp-content\/uploads\/2020\/11\/financer-monte-escalier-1-e1713968819155.jpg?wsr\" \/>\n\t<meta property=\"og:image:width\" content=\"640\" \/>\n\t<meta property=\"og:image:height\" content=\"131\" \/>\n<meta name=\"twitter:card\" content=\"summary_large_image\" \/>\n<script type=\"application\/ld+json\" class=\"yoast-schema-graph\">{\"@context\":\"https:\/\/schema.org\",\"@graph\":[{\"@type\":\"WebSite\",\"@id\":\"https:\/\/www.mes-allocs.fr\/guides\/#website\",\"url\":\"https:\/\/www.mes-allocs.fr\/guides\/\",\"name\":\"Mes-Allocs.fr\",\"description\":\"\",\"potentialAction\":[{\"@type\":\"SearchAction\",\"target\":\"https:\/\/www.mes-allocs.fr\/guides\/?s={search_term_string}\",\"query-input\":\"required name=search_term_string\"}],\"inLanguage\":\"fr-FR\"},{\"@type\":\"ImageObject\",\"@id\":\"https:\/\/www.mes-allocs.fr\/guides\/aide-renovation\/monte-escaliers\/monte-escalier-prix\/#primaryimage\",\"inLanguage\":\"fr-FR\",\"url\":\"https:\/\/www.mes-allocs.fr\/guides\/wp-content\/uploads\/2020\/11\/financer-monte-escalier-1-e1713968819155.jpg?wsr\",\"width\":640,\"height\":131,\"caption\":\"aide de l\\u2019anah pour un monte escalier\"},{\"@type\":\"WebPage\",\"@id\":\"https:\/\/www.mes-allocs.fr\/guides\/aide-renovation\/monte-escaliers\/monte-escalier-prix\/#webpage\",\"url\":\"https:\/\/www.mes-allocs.fr\/guides\/aide-renovation\/monte-escaliers\/monte-escalier-prix\/\",\"name\":\"Quel est le prix d\\u2019un monte-escalier ? | Mes-Allocs.fr\",\"isPartOf\":{\"@id\":\"https:\/\/www.mes-allocs.fr\/guides\/#website\"},\"primaryImageOfPage\":{\"@id\":\"https:\/\/www.mes-allocs.fr\/guides\/aide-renovation\/monte-escaliers\/monte-escalier-prix\/#primaryimage\"},\"datePublished\":\"2024-04-24T13:43:12+00:00\",\"dateModified\":\"2026-04-22T09:53:13+00:00\",\"author\":{\"@id\":\"https:\/\/www.mes-allocs.fr\/guides\/#\/schema\/person\/9c38f3be41a0ddcd1e3fde5a3df713bf\"},\"description\":\"Nous examinerons de pr\\u00e8s le prix d'un monte-escalier, tout en explorant les diff\\u00e9rentes aides \\u00e0 la r\\u00e9novation.\",\"inLanguage\":\"fr-FR\"},{\"@type\":\"Person\",\"@id\":\"https:\/\/www.mes-allocs.fr\/guides\/#\/schema\/person\/9c38f3be41a0ddcd1e3fde5a3df713bf\",\"name\":\"Sessime Ananou\",\"image\":{\"@type\":\"ImageObject\",\"@id\":\"https:\/\/www.mes-allocs.fr\/guides\/#personlogo\",\"inLanguage\":\"fr-FR\",\"url\":\"https:\/\/www.mes-allocs.fr\/guides\/wp-content\/uploads\/2023\/08\/IMG_8173-150x150.jpg\",\"caption\":\"Sessime Ananou\"},\"description\":\"Sessime est r\\u00e9dactrice chez Mes Allocs, sp\\u00e9cialis\\u00e9e sur le pouvoir d'achat. Elle rejoint l'\\u00e9quipe Mes Allocs en ao\\u00fbt 2023 afin de simplifier l'acc\\u00e8s \\u00e0 l'information sur les aides en g\\u00e9n\\u00e9ral.\"}]}<\/script>\n<!-- \/ Yoast SEO plugin. -->","amp_validity":null,"acf":{"faq":{"1":{"question":"Quel est le prix moyen d'un monte-escalier ?","answer":"Le co\u00fbt moyen d'un monte-escalier varie en fonction de plusieurs facteurs tels que la marque, le mod\u00e8le, les options suppl\u00e9mentaires et la configuration de l'escalier. En g\u00e9n\u00e9ral, le prix peut aller de quelques milliers \u00e0 plusieurs milliers d'euros.\r\n"},"2":{"question":"Quels sont les facteurs qui influent sur le prix d'un monte-escalier ?","answer":"Plusieurs \u00e9l\u00e9ments peuvent influencer le prix d'un monte-escalier, notamment la longueur de l'escalier, le type d'escalier (droit ou courb\u00e9), les caract\u00e9ristiques suppl\u00e9mentaires comme les fonctions de pivotement ou de repliement, ainsi que la marque et le mod\u00e8le choisis.\r\n"},"3":{"question":"Combien co\u00fbte l'installation d'un monte-escalier ?","answer":"Le co\u00fbt de l'installation d'un monte-escalier d\u00e9pend g\u00e9n\u00e9ralement de la complexit\u00e9 de l'escalier et des besoins sp\u00e9cifiques du client. Il est g\u00e9n\u00e9ralement inclus dans le prix total du monte-escalier, mais peut varier en fonction des exigences de chaque projet."},"4":{"question":"Existe-t-il des options de financement pour l'achat d'un monte-escalier ?","answer":"Oui, il existe plusieurs options de financement disponibles pour l'achat d'un monte-escalier, y compris des pr\u00eats personnels, des programmes d'aide gouvernementaux et des plans de paiement flexibles propos\u00e9s par les fabricants ou les installateurs."},"5":{"question":"Les assurances ou les subventions peuvent-elles couvrir une partie du co\u00fbt d'un monte-escalier ?","answer":"Certaines assurances compl\u00e9mentaires ou programmes d'aide gouvernementaux peuvent couvrir une partie du co\u00fbt d'un monte-escalier, en fonction des besoins sp\u00e9cifiques du b\u00e9n\u00e9ficiaire et de sa situation financi\u00e8re."},"6":{"question":"Comment obtenir un devis pour l'installation d'un monte-escalier ?","answer":"Pour obtenir un devis pr\u00e9cis pour l'installation d'un monte-escalier, il est recommand\u00e9 de contacter plusieurs fournisseurs ou installateurs pour comparer les prix et les services propos\u00e9s. Ils pourront \u00e9valuer vos besoins sp\u00e9cifiques et vous fournir un devis d\u00e9taill\u00e9 et personnalis\u00e9."},"7":{"question":"","answer":""},"8":{"question":"","answer":""},"9":{"question":"","answer":""},"10":{"question":"","answer":""},"11":{"question":"","answer":""},"12":{"question":"","answer":""},"13":{"question":"","answer":""},"14":{"question":"","answer":""},"15":{"question":"","answer":""},"16":{"question":"","answer":""}}},"_links":{"self":[{"href":"https:\/\/www.mes-allocs.fr\/guides\/wp-json\/wp\/v2\/posts\/77348","targetHints":{"allow":["GET"]}}],"collection":[{"href":"https:\/\/www.mes-allocs.fr\/guides\/wp-json\/wp\/v2\/posts"}],"about":[{"href":"https:\/\/www.mes-allocs.fr\/guides\/wp-json\/wp\/v2\/types\/post"}],"author":[{"embeddable":true,"href":"https:\/\/www.mes-allocs.fr\/guides\/wp-json\/wp\/v2\/users\/26"}],"replies":[{"embeddable":true,"href":"https:\/\/www.mes-allocs.fr\/guides\/wp-json\/wp\/v2\/comments?post=77348"}],"version-history":[{"count":8,"href":"https:\/\/www.mes-allocs.fr\/guides\/wp-json\/wp\/v2\/posts\/77348\/revisions"}],"predecessor-version":[{"id":104214,"href":"https:\/\/www.mes-allocs.fr\/guides\/wp-json\/wp\/v2\/posts\/77348\/revisions\/104214"}],"wp:featuredmedia":[{"embeddable":true,"href":"https:\/\/www.mes-allocs.fr\/guides\/wp-json\/wp\/v2\/media\/14222"}],"wp:attachment":[{"href":"https:\/\/www.mes-allocs.fr\/guides\/wp-json\/wp\/v2\/media?parent=77348"}],"wp:term":[{"taxonomy":"category","embeddable":true,"href":"https:\/\/www.mes-allocs.fr\/guides\/wp-json\/wp\/v2\/categories?post=77348"},{"taxonomy":"post_tag","embeddable":true,"href":"https:\/\/www.mes-allocs.fr\/guides\/wp-json\/wp\/v2\/tags?post=77348"}],"curies":[{"name":"wp","href":"https:\/\/api.w.org\/{rel}","templated":true}]}}