{"id":77232,"date":"2024-04-18T18:33:13","date_gmt":"2024-04-18T16:33:13","guid":{"rendered":"https:\/\/www.mes-allocs.fr\/guides\/?p=77232"},"modified":"2026-04-22T10:55:00","modified_gmt":"2026-04-22T09:55:00","slug":"aide-financiere-pour-installation-douche-handicape","status":"publish","type":"post","link":"https:\/\/www.mes-allocs.fr\/guides\/aide-renovation\/douche-securisee\/aide-pour-douche-securisee\/aide-financiere-pour-installation-douche-handicape\/","title":{"rendered":"Les aides financi\u00e8res pour l\u2019installation d\u2019une douche handicap\u00e9"},"content":{"rendered":"<p><img loading=\"lazy\" decoding=\"async\" class=\"alignnone wp-image-77216 size-full\" title=\"aide financiere pour installation douche handicap\u00e9\" src=\"https:\/\/www.mes-allocs.fr\/guides\/wp-content\/uploads\/2024\/04\/anah-douche-2-e1713358746708.jpg\" alt=\"aide financiere pour installation douche handicap\u00e9\" width=\"1280\" height=\"435\" srcset=\"https:\/\/www.mes-allocs.fr\/guides\/wp-content\/uploads\/2024\/04\/anah-douche-2-e1713358746708.jpg 1280w, https:\/\/www.mes-allocs.fr\/guides\/wp-content\/uploads\/2024\/04\/anah-douche-2-e1713358746708-300x102.jpg 300w, https:\/\/www.mes-allocs.fr\/guides\/wp-content\/uploads\/2024\/04\/anah-douche-2-e1713358746708-1024x348.jpg 1024w, https:\/\/www.mes-allocs.fr\/guides\/wp-content\/uploads\/2024\/04\/anah-douche-2-e1713358746708-768x261.jpg 768w, https:\/\/www.mes-allocs.fr\/guides\/wp-content\/uploads\/2024\/04\/anah-douche-2-e1713358746708-600x204.jpg 600w\" sizes=\"auto, (max-width: 1280px) 100vw, 1280px\" \/><\/p>\n<div class=\"flex-1 overflow-hidden\">\n<div class=\"react-scroll-to-bottom--css-yuynn-79elbk h-full\">\n<div class=\"react-scroll-to-bottom--css-yuynn-1n7m0yu\">\n<div class=\"flex flex-col text-sm pb-9\">\n<div class=\"w-full text-token-text-primary\" dir=\"auto\" data-testid=\"conversation-turn-297\">\n<div class=\"px-4 py-2 justify-center text-base md:gap-6 m-auto\">\n<div class=\"flex flex-1 text-base mx-auto gap-3 juice:gap-4 juice:md:gap-6 md:px-5 lg:px-1 xl:px-5 md:max-w-3xl lg:max-w-[40rem] xl:max-w-[48rem]\">\n<div class=\"relative flex w-full flex-col agent-turn\">\n<div class=\"flex-col gap-1 md:gap-3\">\n<div class=\"flex flex-grow flex-col max-w-full\">\n<div class=\"min-h-[20px] text-message flex flex-col items-start gap-3 whitespace-pre-wrap break-words [.text-message+&amp;]:mt-5 overflow-x-auto\" dir=\"auto\" data-message-author-role=\"assistant\" data-message-id=\"5d199515-c3bc-4ae3-a74e-2a9a20507776\">\n<div class=\"markdown prose w-full break-words dark:prose-invert dark\">\n<p><strong>L&rsquo;installation d&rsquo;une douche s\u00e9curis\u00e9e pour les personnes handicap\u00e9es est souvent une n\u00e9cessit\u00e9 pour garantir leur autonomie et leur s\u00e9curit\u00e9 dans la salle de bains. Cependant, les co\u00fbts associ\u00e9s \u00e0 ces travaux peuvent constituer un obstacle financier pour de nombreux m\u00e9nages. Heureusement, plusieurs aides financi\u00e8res gouvernementales, telles que l&rsquo;<a href=\"https:\/\/www.mes-allocs.fr\/guides\/aide-renovation\/\">aide \u00e0 la r\u00e9novation<\/a>, sont disponibles pour soutenir ces projets. Dans cet article, nous explorerons ces diff\u00e9rentes aides, en mettant en lumi\u00e8re l&rsquo;importance de l&rsquo;accessibilit\u00e9 et de la s\u00e9curit\u00e9 dans la salle de bains.<\/strong><\/p>\n<\/div>\n<\/div>\n<\/div>\n<\/div>\n<div class=\"absolute\">\n<div class=\"flex w-full gap-2 items-center justify-center\"><div class='cta-block'><div class='text'>Simulez toutes vos aides en 2 min.<\/div><a href='https:\/\/www.mes-allocs.fr\/ab-app?origin=guides\/wp-json\/wp\/v2\/posts\/77232' class='app-button fit'>Simulation gratuite<\/a><\/div><\/div>\n<div>\n<h1><strong>Qu\u2019est-ce qu\u2019une douche pour handicap\u00e9 ?<\/strong><\/h1>\n<h2><strong>D\u00e9finition douche pour handicap\u00e9<\/strong><\/h2>\n<p>Une douche pour handicap\u00e9, \u00e9galement connue sous le nom de douche accessible, est une installation de salle de bains sp\u00e9cialement con\u00e7ue pour r\u00e9pondre aux besoins des personnes en situation de handicap. Elle est caract\u00e9ris\u00e9e par des am\u00e9nagements sp\u00e9cifiques visant \u00e0 faciliter l&rsquo;acc\u00e8s et l&rsquo;utilisation de la douche pour les personnes ayant des limitations physiques.<\/p>\n<h2><strong>Quel est le prix d\u2019une douche pour handicap\u00e9 ?<\/strong><\/h2>\n<p>Le prix d&rsquo;une douche pour handicap\u00e9 peut varier en fonction de plusieurs facteurs, notamment la taille de la douche, les caract\u00e9ristiques d&rsquo;accessibilit\u00e9 telles que les barres de maintien et les si\u00e8ges de douche, ainsi que les \u00e9ventuels travaux d&rsquo;adaptation n\u00e9cessaires dans la salle de bains. En moyenne, le co\u00fbt d&rsquo;installation d&rsquo;une douche pour handicap\u00e9 peut osciller<strong> 4000 euros et 6000 euros,<\/strong> selon l&rsquo;ampleur des travaux et les \u00e9quipements choisis.<\/p>\n<\/div>\n<div>Une <a href=\"https:\/\/www.mes-allocs.fr\/guides\/aide-renovation\/douche-securisee\/\">douche s\u00e9curis\u00e9e<\/a> est une salle de bains sp\u00e9cialement con\u00e7ue pour offrir un environnement s\u00fbr et accessible, adapt\u00e9 aux personnes \u00e2g\u00e9es ou \u00e0 mobilit\u00e9 r\u00e9duite.<\/div>\n<div><\/div>\n<div><div class='cta-block'><div class='text'>Simulez toutes vos aides en 2 min.<\/div><a href='https:\/\/www.mes-allocs.fr\/ab-app?origin=guides\/wp-json\/wp\/v2\/posts\/77232' class='app-button fit'>Simulation gratuite<\/a><\/div><\/div>\n<div>\n<h1><strong>Quelles aides financi\u00e8res pour l\u2019installation d\u2019une douche handicap\u00e9 ?<\/strong><\/h1>\n<p>L<a href=\"https:\/\/www.mes-allocs.fr\/guides\/aide-renovation\/douche-securisee\/aide-douche-securisee\/\">&lsquo;aide pour l&rsquo;achat d&rsquo;une douche s\u00e9curis\u00e9e<\/a> repr\u00e9sente un pr\u00e9cieux soutien pour les personnes \u00e2g\u00e9es ou \u00e0 mobilit\u00e9 r\u00e9duite, leur permettant de rendre leur salle de bains plus accessible et s\u00e9curis\u00e9e.<\/p>\n<h2><strong>Ma Prime Adapt<\/strong><\/h2>\n<p>Cette aide financi\u00e8re, g\u00e9r\u00e9e par l&rsquo;Agence Nationale de l&rsquo;Habitat (ANAH), vise \u00e0 soutenir les travaux d&rsquo;adaptation du logement pour les personnes en situation de handicap. Elle peut couvrir une partie des d\u00e9penses li\u00e9es \u00e0 l&rsquo;installation d&rsquo;une douche accessible.<\/p>\n<h2><strong>Le cr\u00e9dit d\u2019imp\u00f4t accessibilit\u00e9 pour le handicap<\/strong><\/h2>\n<p>Ce cr\u00e9dit d&rsquo;imp\u00f4t permet de b\u00e9n\u00e9ficier d&rsquo;une r\u00e9duction d&rsquo;imp\u00f4t pour les d\u00e9penses engag\u00e9es dans le cadre de l&rsquo;accessibilit\u00e9 des logements aux personnes handicap\u00e9es. Cela peut inclure l&rsquo;installation d&rsquo;une douche adapt\u00e9e.<\/p>\n<p>Pour b\u00e9n\u00e9ficier du cr\u00e9dit d\u2019imp\u00f4t accessibilit\u00e9 pour le handicap, certaines conditions doivent \u00eatre remplies, notamment :<\/p>\n<ul>\n<li>Les travaux doivent concerner la r\u00e9sidence principale du contribuable ;<\/li>\n<li>Les travaux doivent \u00eatre r\u00e9alis\u00e9s par un professionnel qualifi\u00e9 ;<\/li>\n<li>Les d\u00e9penses \u00e9ligibles doivent \u00eatre justifi\u00e9es par des factures d\u00e9taill\u00e9es ;<\/li>\n<li>Les travaux doivent r\u00e9pondre \u00e0 des normes pr\u00e9cises d&rsquo;accessibilit\u00e9.<\/li>\n<\/ul>\n<p>Le montant du cr\u00e9dit d\u2019imp\u00f4t correspond \u00e0 <strong>25 % des d\u00e9penses engag\u00e9es<\/strong>, dans la limite d&rsquo;un plafond annuel fix\u00e9 par l&rsquo;administration fiscale. Ce plafond peut \u00eatre major\u00e9 en fonction de la composition du foyer fiscal et de la nature des travaux r\u00e9alis\u00e9s.<\/p>\n<p>Les d\u00e9penses \u00e9ligibles comprennent notamment l&rsquo;installation d&rsquo;une douche adapt\u00e9e aux personnes handicap\u00e9es, ainsi que d&rsquo;autres am\u00e9nagements visant \u00e0 faciliter l&rsquo;accessibilit\u00e9 du logement, tels que la pose de rampes d&rsquo;acc\u00e8s, l&rsquo;\u00e9largissement des portes, etc.<\/p>\n<p>Il est important de conserver toutes les factures et justificatifs relatifs aux travaux r\u00e9alis\u00e9s, car ils seront n\u00e9cessaires lors de la d\u00e9claration d&rsquo;imp\u00f4t pour b\u00e9n\u00e9ficier du cr\u00e9dit d\u2019imp\u00f4t.<\/p>\n<h2><strong>PCH<\/strong><\/h2>\n<p>La PCH est une prestation vers\u00e9e par la MDPH (Maison D\u00e9partementale des Personnes Handicap\u00e9es) pour financer les besoins li\u00e9s \u00e0 la perte d&rsquo;autonomie des personnes handicap\u00e9es. Elle peut couvrir les d\u00e9penses li\u00e9es \u00e0 l&rsquo;installation d&rsquo;une douche adapt\u00e9e.<\/p>\n<h2><strong>L\u2019APA pour les seniors en perte d\u2019autonomie<\/strong><\/h2>\n<p>Cette allocation est destin\u00e9e aux personnes \u00e2g\u00e9es en perte d&rsquo;autonomie. Elle peut contribuer au financement de l&rsquo;installation d&rsquo;une douche adapt\u00e9e dans le cadre de l&rsquo;adaptation du logement pour permettre le maintien \u00e0 domicile.<\/p>\n<div class=\"flex-1 overflow-hidden\">\n<div class=\"react-scroll-to-bottom--css-yuynn-79elbk h-full\">\n<div class=\"react-scroll-to-bottom--css-yuynn-1n7m0yu\">\n<div class=\"flex flex-col text-sm pb-9\">\n<div class=\"w-full text-token-text-primary\" dir=\"auto\" data-testid=\"conversation-turn-309\">\n<div class=\"px-4 py-2 justify-center text-base md:gap-6 m-auto\">\n<div class=\"flex flex-1 text-base mx-auto gap-3 juice:gap-4 juice:md:gap-6 md:px-5 lg:px-1 xl:px-5 md:max-w-3xl lg:max-w-[40rem] xl:max-w-[48rem]\">\n<div class=\"relative flex w-full flex-col agent-turn\">\n<div class=\"flex-col gap-1 md:gap-3\">\n<div class=\"flex flex-grow flex-col max-w-full\">\n<div class=\"min-h-[20px] text-message flex flex-col items-start gap-3 whitespace-pre-wrap break-words [.text-message+&amp;]:mt-5 overflow-x-auto\" dir=\"auto\" data-message-author-role=\"assistant\" data-message-id=\"a4a0ed7c-a71f-46b7-b36a-868170279392\">\n<div class=\"markdown prose w-full break-words dark:prose-invert dark\">\n<h1>Acc\u00e8s aux aides pour l&rsquo;installation d&rsquo;une douche PMR : conditions et d\u00e9marches<\/h1>\n<\/div>\n<\/div>\n<\/div>\n<\/div>\n<\/div>\n<\/div>\n<\/div>\n<\/div>\n<\/div>\n<\/div>\n<\/div>\n<\/div>\n<\/div>\n<h2>Qui peut b\u00e9n\u00e9ficier d\u2019une aide pour l&rsquo;installation d&rsquo;une douche PMR ?<\/h2>\n<div>\n<p>Les aides pour l&rsquo;installation d&rsquo;une douche pour personne \u00e0 mobilit\u00e9 r\u00e9duite (PMR) sont g\u00e9n\u00e9ralement destin\u00e9es aux personnes ayant des besoins sp\u00e9cifiques en mati\u00e8re d&rsquo;accessibilit\u00e9 et de s\u00e9curit\u00e9 dans leur salle de bains. Les b\u00e9n\u00e9ficiaires potentiels peuvent inclure :<\/p>\n<ol>\n<li>Les personnes en situation de handicap physique ou moteur, telles que celles ayant des probl\u00e8mes de mobilit\u00e9, des maladies neurod\u00e9g\u00e9n\u00e9ratives, des membres amput\u00e9s, etc.<\/li>\n<li>Les personnes \u00e2g\u00e9es pr\u00e9sentant une perte d&rsquo;autonomie ou des difficult\u00e9s de mobilit\u00e9 li\u00e9es \u00e0 l&rsquo;\u00e2ge.<\/li>\n<li>Les personnes n\u00e9cessitant des am\u00e9nagements sp\u00e9cifiques pour faciliter leur autonomie et leur s\u00e9curit\u00e9 dans la salle de bains, comme celles ayant des troubles de l&rsquo;\u00e9quilibre, des probl\u00e8mes de vue, etc.<\/li>\n<li>Les personnes vivant avec des proches ayant des besoins sp\u00e9cifiques en mati\u00e8re d&rsquo;accessibilit\u00e9, telles que les aidants familiaux.<\/li>\n<\/ol>\n<div class=\"flex-1 overflow-hidden\">\n<div class=\"react-scroll-to-bottom--css-yuynn-79elbk h-full\">\n<div class=\"react-scroll-to-bottom--css-yuynn-1n7m0yu\">\n<div class=\"flex flex-col text-sm pb-9\">\n<div class=\"w-full text-token-text-primary\" dir=\"auto\" data-testid=\"conversation-turn-317\">\n<div class=\"px-4 py-2 justify-center text-base md:gap-6 m-auto\">\n<div class=\"flex flex-1 text-base mx-auto gap-3 juice:gap-4 juice:md:gap-6 md:px-5 lg:px-1 xl:px-5 md:max-w-3xl lg:max-w-[40rem] xl:max-w-[48rem]\">\n<div class=\"relative flex w-full flex-col agent-turn\">\n<div class=\"flex-col gap-1 md:gap-3\">\n<div class=\"flex flex-grow flex-col max-w-full\">\n<div class=\"min-h-[20px] text-message flex flex-col items-start gap-3 whitespace-pre-wrap break-words [.text-message+&amp;]:mt-5 overflow-x-auto\" dir=\"auto\" data-message-author-role=\"assistant\" data-message-id=\"4962e690-f135-4ccb-a60f-85c515154279\"><iframe loading=\"lazy\" src=\"\/\/www.youtube.com\/embed\/3Uf0lFAyLIQ\" width=\"560\" height=\"314\" allowfullscreen=\"allowfullscreen\"><\/iframe><\/div>\n<\/div>\n<\/div>\n<\/div>\n<\/div>\n<\/div>\n<\/div>\n<\/div>\n<\/div>\n<\/div>\n<\/div>\n<\/div>\n<h2>Quelles sont les d\u00e9marches pour percevoir les aides li\u00e9es \u00e0 l&rsquo;installation d&rsquo;une douche ?<\/h2>\n<div class=\"flex-1 overflow-hidden\">\n<div class=\"react-scroll-to-bottom--css-yuynn-79elbk h-full\">\n<div class=\"react-scroll-to-bottom--css-yuynn-1n7m0yu\">\n<div class=\"flex flex-col text-sm pb-9\">\n<div class=\"w-full text-token-text-primary\" dir=\"auto\" data-testid=\"conversation-turn-311\">\n<div class=\"px-4 py-2 justify-center text-base md:gap-6 m-auto\">\n<div class=\"flex flex-1 text-base mx-auto gap-3 juice:gap-4 juice:md:gap-6 md:px-5 lg:px-1 xl:px-5 md:max-w-3xl lg:max-w-[40rem] xl:max-w-[48rem]\">\n<div class=\"relative flex w-full flex-col agent-turn\">\n<div class=\"flex-col gap-1 md:gap-3\">\n<div class=\"flex flex-grow flex-col max-w-full\">\n<div class=\"min-h-[20px] text-message flex flex-col items-start gap-3 whitespace-pre-wrap break-words [.text-message+&amp;]:mt-5 overflow-x-auto\" dir=\"auto\" data-message-author-role=\"assistant\" data-message-id=\"f22a2cba-bc5e-4d92-9d65-555c1fdf13a9\">\n<div class=\"markdown prose w-full break-words dark:prose-invert dark\">\n<p>Pour percevoir les aides li\u00e9es \u00e0 l&rsquo;installation d&rsquo;une douche adapt\u00e9e aux personnes \u00e0 mobilit\u00e9 r\u00e9duite (PMR), voici les d\u00e9marches \u00e0 suivre :<\/p>\n<ol>\n<li>Identifier les diff\u00e9rentes aides disponibles : renseignez-vous sur les diff\u00e9rentes aides financi\u00e8res propos\u00e9es par les organismes gouvernementaux, les caisses de retraite, les assurances, etc.<\/li>\n<li>V\u00e9rifier l&rsquo;\u00e9ligibilit\u00e9 : assurez-vous de remplir les conditions d&rsquo;\u00e9ligibilit\u00e9 sp\u00e9cifiques \u00e0 chaque type d&rsquo;aide. Ces conditions peuvent varier en fonction de votre situation personnelle, de vos revenus, de votre statut (propri\u00e9taire, locataire, etc.) et de la nature des travaux \u00e0 r\u00e9aliser.<\/li>\n<li>Rassembler les documents n\u00e9cessaires : pr\u00e9parez tous les documents requis pour constituer votre dossier de demande d&rsquo;aide. Cela peut inclure des pi\u00e8ces justificatives de revenus, des devis de travaux, des attestations de handicap ou de perte d&rsquo;autonomie, etc.<\/li>\n<li>Soumettre votre demande : d\u00e9posez votre demande d&rsquo;aide aupr\u00e8s des organismes comp\u00e9tents, en respectant les proc\u00e9dures et les d\u00e9lais sp\u00e9cifi\u00e9s. Certains organismes proposent des formulaires en ligne, tandis que d&rsquo;autres peuvent exiger un d\u00e9p\u00f4t de dossier physique.<\/li>\n<li>Suivre l&rsquo;avancement de votre demande : Restez inform\u00e9 de l&rsquo;avancement de votre demande en suivant r\u00e9guli\u00e8rement les instructions fournies par l&rsquo;organisme gestionnaire de l&rsquo;aide. N&rsquo;h\u00e9sitez pas \u00e0 contacter leur service d&rsquo;assistance en cas de besoin.<\/li>\n<li>R\u00e9aliser les travaux : une fois que votre demande d&rsquo;aide a \u00e9t\u00e9 approuv\u00e9e et que vous avez re\u00e7u les fonds n\u00e9cessaires, engagez les travaux d&rsquo;installation de la douche PMR en faisant appel \u00e0 des professionnels qualifi\u00e9s.<\/li>\n<\/ol>\n<p>En suivant ces \u00e9tapes, vous pourrez b\u00e9n\u00e9ficier des aides disponibles pour l&rsquo;installation d&rsquo;une douche adapt\u00e9e aux personnes \u00e0 mobilit\u00e9 r\u00e9duite.<\/p>\n<\/div>\n<\/div>\n<\/div>\n<\/div>\n<\/div>\n<\/div>\n<\/div>\n<\/div>\n<\/div>\n<\/div>\n<\/div>\n<\/div>\n<div>D\u00e9couvrez maintenant les <a href=\"https:\/\/www.mes-allocs.fr\/guides\/aide-renovation\/douche-securisee\/aide-pour-douche-securisee\/remplacement-baignoire-par-douche-aide-etat\/\">aides de l&rsquo;\u00c9tat pour remplacer votre baignoire par une douche<\/a> !<\/div>\n<div><\/div>\n<div><div class='cta-block'><div class='text'>Simulez toutes vos aides en 2 min.<\/div><a href='https:\/\/www.mes-allocs.fr\/ab-app?origin=guides\/wp-json\/wp\/v2\/posts\/77232' class='app-button fit'>Simulation gratuite<\/a><\/div><\/div>\n<\/div>\n<\/div>\n<\/div>\n<\/div>\n<\/div>\n<\/div>\n<\/div>\n<\/div>\n<\/div>\n<div class=\"w-full pt-2 md:pt-0 dark:border-white\/20 md:border-transparent md:dark:border-transparent md:w-[calc(100%-.5rem)]\">\n<form class=\"stretch mx-2 flex flex-row gap-3 last:mb-2 md:mx-4 md:last:mb-6 lg:mx-auto lg:max-w-2xl xl:max-w-3xl\">\n<div class=\"relative flex h-full flex-1 flex-col\">\n<div class=\"absolute bottom-full left-0 right-0\"><\/div>\n<div class=\"flex w-full items-center\"><\/div>\n<\/div>\n<\/form>\n<\/div>\n","protected":false},"excerpt":{"rendered":"<p>L&rsquo;installation d&rsquo;une douche s\u00e9curis\u00e9e pour les personnes handicap\u00e9es est souvent une n\u00e9cessit\u00e9 pour garantir leur autonomie et leur s\u00e9curit\u00e9 dans la salle de bains. Cependant, les co\u00fbts associ\u00e9s \u00e0 ces travaux peuvent constituer un obstacle financier pour de nombreux m\u00e9nages. Heureusement, plusieurs aides financi\u00e8res gouvernementales, telles que l&rsquo;aide \u00e0 la r\u00e9novation, sont disponibles pour soutenir [&hellip;]<\/p>\n","protected":false},"author":26,"featured_media":76935,"comment_status":"open","ping_status":"open","sticky":false,"template":"","format":"standard","meta":{"amp_status":"","footnotes":""},"categories":[33834,8154,33821],"tags":[],"class_list":["post-77232","post","type-post","status-publish","format-standard","has-post-thumbnail","hentry","category-aide-pour-douche-securisee","category-aide-renovation","category-douche-securisee"],"yoast_head":"<!-- This site is optimized with the Yoast SEO plugin v14.9 - https:\/\/yoast.com\/wordpress\/plugins\/seo\/ -->\n<title>Les aides financi\u00e8res pour l\u2019installation d\u2019une douche handicap\u00e9<\/title>\n<meta name=\"description\" content=\"L&#039;aide pour l&#039;installation d&#039;une douche s\u00e9curis\u00e9e pour les personnes handicap\u00e9es est souvent une n\u00e9cessit\u00e9 pour garantir leur autonomie.\" \/>\n<meta name=\"robots\" content=\"index, follow, max-snippet:-1, max-image-preview:large, max-video-preview:-1\" \/>\n<link rel=\"canonical\" href=\"https:\/\/www.mes-allocs.fr\/guides\/aide-renovation\/douche-securisee\/aide-pour-douche-securisee\/aide-financiere-pour-installation-douche-handicape\/\" \/>\n<meta property=\"og:locale\" content=\"fr_FR\" \/>\n<meta property=\"og:type\" content=\"article\" \/>\n<meta property=\"og:title\" content=\"Les aides financi\u00e8res pour l\u2019installation d\u2019une douche handicap\u00e9\" \/>\n<meta property=\"og:description\" content=\"L&#039;aide pour l&#039;installation d&#039;une douche s\u00e9curis\u00e9e pour les personnes handicap\u00e9es est souvent une n\u00e9cessit\u00e9 pour garantir leur autonomie.\" \/>\n<meta property=\"og:url\" content=\"https:\/\/www.mes-allocs.fr\/guides\/aide-renovation\/douche-securisee\/aide-pour-douche-securisee\/aide-financiere-pour-installation-douche-handicape\/\" \/>\n<meta property=\"og:site_name\" content=\"Mes-Allocs.fr\" \/>\n<meta property=\"article:published_time\" content=\"2024-04-18T16:33:13+00:00\" \/>\n<meta property=\"article:modified_time\" content=\"2026-04-22T09:55:00+00:00\" \/>\n<meta property=\"og:image\" content=\"https:\/\/www.mes-allocs.fr\/guides\/wp-content\/uploads\/2024\/04\/douche-securisee.jpg?wsr\" \/>\n\t<meta property=\"og:image:width\" content=\"696\" \/>\n\t<meta property=\"og:image:height\" content=\"664\" \/>\n<meta name=\"twitter:card\" content=\"summary_large_image\" \/>\n<script type=\"application\/ld+json\" class=\"yoast-schema-graph\">{\"@context\":\"https:\/\/schema.org\",\"@graph\":[{\"@type\":\"WebSite\",\"@id\":\"https:\/\/www.mes-allocs.fr\/guides\/#website\",\"url\":\"https:\/\/www.mes-allocs.fr\/guides\/\",\"name\":\"Mes-Allocs.fr\",\"description\":\"\",\"potentialAction\":[{\"@type\":\"SearchAction\",\"target\":\"https:\/\/www.mes-allocs.fr\/guides\/?s={search_term_string}\",\"query-input\":\"required name=search_term_string\"}],\"inLanguage\":\"fr-FR\"},{\"@type\":\"ImageObject\",\"@id\":\"https:\/\/www.mes-allocs.fr\/guides\/aide-renovation\/douche-securisee\/aide-pour-douche-securisee\/aide-financiere-pour-installation-douche-handicape\/#primaryimage\",\"inLanguage\":\"fr-FR\",\"url\":\"https:\/\/www.mes-allocs.fr\/guides\/wp-content\/uploads\/2024\/04\/douche-securisee.jpg?wsr\",\"width\":696,\"height\":664,\"caption\":\"douche senior\"},{\"@type\":\"WebPage\",\"@id\":\"https:\/\/www.mes-allocs.fr\/guides\/aide-renovation\/douche-securisee\/aide-pour-douche-securisee\/aide-financiere-pour-installation-douche-handicape\/#webpage\",\"url\":\"https:\/\/www.mes-allocs.fr\/guides\/aide-renovation\/douche-securisee\/aide-pour-douche-securisee\/aide-financiere-pour-installation-douche-handicape\/\",\"name\":\"Les aides financi\\u00e8res pour l\\u2019installation d\\u2019une douche handicap\\u00e9\",\"isPartOf\":{\"@id\":\"https:\/\/www.mes-allocs.fr\/guides\/#website\"},\"primaryImageOfPage\":{\"@id\":\"https:\/\/www.mes-allocs.fr\/guides\/aide-renovation\/douche-securisee\/aide-pour-douche-securisee\/aide-financiere-pour-installation-douche-handicape\/#primaryimage\"},\"datePublished\":\"2024-04-18T16:33:13+00:00\",\"dateModified\":\"2026-04-22T09:55:00+00:00\",\"author\":{\"@id\":\"https:\/\/www.mes-allocs.fr\/guides\/#\/schema\/person\/9c38f3be41a0ddcd1e3fde5a3df713bf\"},\"description\":\"L'aide pour l'installation d'une douche s\\u00e9curis\\u00e9e pour les personnes handicap\\u00e9es est souvent une n\\u00e9cessit\\u00e9 pour garantir leur autonomie.\",\"inLanguage\":\"fr-FR\"},{\"@type\":\"Person\",\"@id\":\"https:\/\/www.mes-allocs.fr\/guides\/#\/schema\/person\/9c38f3be41a0ddcd1e3fde5a3df713bf\",\"name\":\"Sessime Ananou\",\"image\":{\"@type\":\"ImageObject\",\"@id\":\"https:\/\/www.mes-allocs.fr\/guides\/#personlogo\",\"inLanguage\":\"fr-FR\",\"url\":\"https:\/\/www.mes-allocs.fr\/guides\/wp-content\/uploads\/2023\/08\/IMG_8173-150x150.jpg\",\"caption\":\"Sessime Ananou\"},\"description\":\"Sessime est r\\u00e9dactrice chez Mes Allocs, sp\\u00e9cialis\\u00e9e sur le pouvoir d'achat. Elle rejoint l'\\u00e9quipe Mes Allocs en ao\\u00fbt 2023 afin de simplifier l'acc\\u00e8s \\u00e0 l'information sur les aides en g\\u00e9n\\u00e9ral.\"}]}<\/script>\n<!-- \/ Yoast SEO plugin. -->","amp_validity":null,"acf":{"faq":{"1":{"question":"","answer":""},"2":{"question":"","answer":""},"3":{"question":"","answer":""},"4":{"question":"","answer":""},"5":{"question":"","answer":""},"6":{"question":"","answer":""},"7":{"question":"","answer":""},"8":{"question":"","answer":""},"9":{"question":"","answer":""},"10":{"question":"","answer":""},"11":{"question":"","answer":""},"12":{"question":"","answer":""},"13":{"question":"","answer":""},"14":{"question":"","answer":""},"15":{"question":"","answer":""},"16":{"question":"","answer":""}}},"_links":{"self":[{"href":"https:\/\/www.mes-allocs.fr\/guides\/wp-json\/wp\/v2\/posts\/77232","targetHints":{"allow":["GET"]}}],"collection":[{"href":"https:\/\/www.mes-allocs.fr\/guides\/wp-json\/wp\/v2\/posts"}],"about":[{"href":"https:\/\/www.mes-allocs.fr\/guides\/wp-json\/wp\/v2\/types\/post"}],"author":[{"embeddable":true,"href":"https:\/\/www.mes-allocs.fr\/guides\/wp-json\/wp\/v2\/users\/26"}],"replies":[{"embeddable":true,"href":"https:\/\/www.mes-allocs.fr\/guides\/wp-json\/wp\/v2\/comments?post=77232"}],"version-history":[{"count":8,"href":"https:\/\/www.mes-allocs.fr\/guides\/wp-json\/wp\/v2\/posts\/77232\/revisions"}],"predecessor-version":[{"id":95320,"href":"https:\/\/www.mes-allocs.fr\/guides\/wp-json\/wp\/v2\/posts\/77232\/revisions\/95320"}],"wp:featuredmedia":[{"embeddable":true,"href":"https:\/\/www.mes-allocs.fr\/guides\/wp-json\/wp\/v2\/media\/76935"}],"wp:attachment":[{"href":"https:\/\/www.mes-allocs.fr\/guides\/wp-json\/wp\/v2\/media?parent=77232"}],"wp:term":[{"taxonomy":"category","embeddable":true,"href":"https:\/\/www.mes-allocs.fr\/guides\/wp-json\/wp\/v2\/categories?post=77232"},{"taxonomy":"post_tag","embeddable":true,"href":"https:\/\/www.mes-allocs.fr\/guides\/wp-json\/wp\/v2\/tags?post=77232"}],"curies":[{"name":"wp","href":"https:\/\/api.w.org\/{rel}","templated":true}]}}