{"id":76859,"date":"2024-04-12T16:26:50","date_gmt":"2024-04-12T14:26:50","guid":{"rendered":"https:\/\/www.mes-allocs.fr\/guides\/?p=76859"},"modified":"2026-04-22T10:55:01","modified_gmt":"2026-04-22T09:55:01","slug":"cej-verdun","status":"publish","type":"post","link":"https:\/\/www.mes-allocs.fr\/guides\/contrat-engagement-jeune\/demarches-cej\/cej-verdun\/","title":{"rendered":"La demande du Contrat d\u2019Engagement Jeune (CEJ) \u00e0 Verdun"},"content":{"rendered":"<p><img loading=\"lazy\" decoding=\"async\" class=\"alignnone wp-image-76863 size-full\" title=\"cej verdun\" src=\"https:\/\/www.mes-allocs.fr\/guides\/wp-content\/uploads\/2024\/04\/cej-verdun-2-e1712925065920.jpg\" alt=\"cej verdun\" width=\"1280\" height=\"336\" srcset=\"https:\/\/www.mes-allocs.fr\/guides\/wp-content\/uploads\/2024\/04\/cej-verdun-2-e1712925065920.jpg 1280w, https:\/\/www.mes-allocs.fr\/guides\/wp-content\/uploads\/2024\/04\/cej-verdun-2-e1712925065920-300x79.jpg 300w, https:\/\/www.mes-allocs.fr\/guides\/wp-content\/uploads\/2024\/04\/cej-verdun-2-e1712925065920-1024x269.jpg 1024w, https:\/\/www.mes-allocs.fr\/guides\/wp-content\/uploads\/2024\/04\/cej-verdun-2-e1712925065920-768x202.jpg 768w, https:\/\/www.mes-allocs.fr\/guides\/wp-content\/uploads\/2024\/04\/cej-verdun-2-e1712925065920-600x158.jpg 600w\" sizes=\"auto, (max-width: 1280px) 100vw, 1280px\" \/><\/p>\n<p><strong>Le <a href=\"https:\/\/www.mes-allocs.fr\/guides\/contrat-engagement-jeune\/\">Contrat d\u2019Engagement Jeune (CEJ)<\/a> est un dispositif pr\u00e9cieux con\u00e7u pour accompagner les jeunes vers l&#8217;emploi durable. \u00c0 Verdun, cette allocation rev\u00eat une importance particuli\u00e8re pour les jeunes en recherche d&rsquo;insertion professionnelle. Dans cet article, nous vous fournirons toutes les informations essentielles pour comprendre le processus de demande, les conditions d&rsquo;\u00e9ligibilit\u00e9 et les \u00e9tapes \u00e0 suivre pour b\u00e9n\u00e9ficier de cette aide financi\u00e8re pr\u00e9cieuse.<\/strong><\/p>\n<div class='cta-block'><div class='text'>Simulez votre \u00e9ligibilit\u00e9 au CEJ en 2 min. Gratuit.<\/div><a href='https:\/\/www.mes-allocs.fr\/ab-app?origin=guides\/wp-json\/wp\/v2\/posts\/76859' class='app-button fit'>Simulation gratuite<\/a><\/div>\n<h1><strong>Qu\u2019est-ce que le CEJ ?<\/strong><\/h1>\n<h2><strong>D\u00e9finition du CEJ<\/strong><\/h2>\n<p>Le Contrat d\u2019Engagement Jeune (CEJ) est un programme gouvernemental destin\u00e9 \u00e0 soutenir les jeunes dans leur int\u00e9gration dans le monde du travail. Il offre une allocation financi\u00e8re mensuelle ainsi qu&rsquo;un accompagnement personnalis\u00e9 pour aider les jeunes \u00e0 trouver un emploi ou \u00e0 suivre une formation professionnelle.<\/p>\n<p><iframe loading=\"lazy\" title=\"Le Contrat d&#039;Engagement Jeune (CEJ)\" width=\"500\" height=\"375\" src=\"https:\/\/www.youtube.com\/embed\/f_Hf5LBMHeQ?feature=oembed\" frameborder=\"0\" allow=\"accelerometer; autoplay; clipboard-write; encrypted-media; gyroscope; picture-in-picture; web-share\" referrerpolicy=\"strict-origin-when-cross-origin\" allowfullscreen><\/iframe><\/p>\n<h2>Quelle est l&rsquo;importance de l&rsquo;insertion professionnelle des jeunes \u00e0 Verdun ?<\/h2>\n<p>L&rsquo;insertion professionnelle des jeunes \u00e0 Verdun rev\u00eat une importance capitale \u00e0 plusieurs \u00e9gards. Tout d&rsquo;abord, elle contribue \u00e0 dynamiser l&rsquo;\u00e9conomie locale en fournissant une main-d&rsquo;\u0153uvre qualifi\u00e9e et motiv\u00e9e. En offrant des opportunit\u00e9s d&#8217;emploi aux jeunes, la ville favorise \u00e9galement le d\u00e9veloppement \u00e9conomique et social, cr\u00e9ant ainsi un environnement propice \u00e0 la croissance et \u00e0 l&rsquo;innovation.<\/p>\n<p>De plus, l&rsquo;insertion professionnelle des jeunes \u00e0 Verdun est essentielle pour garantir la stabilit\u00e9 financi\u00e8re et l&rsquo;autonomie des jeunes g\u00e9n\u00e9rations. En leur offrant la possibilit\u00e9 d&rsquo;acc\u00e9der \u00e0 un emploi stable ou \u00e0 une formation qualifiante, le CEJ contribue \u00e0 r\u00e9duire le risque de pr\u00e9carit\u00e9 \u00e9conomique et sociale, et encourage l&rsquo;\u00e9mancipation des jeunes sur le plan financier.<\/p>\n<p>Enfin, l&rsquo;insertion professionnelle des jeunes \u00e0 Verdun favorise la coh\u00e9sion sociale et la diversit\u00e9 culturelle en encourageant l&rsquo;int\u00e9gration des jeunes issus de tous horizons. En offrant des opportunit\u00e9s \u00e9quitables \u00e0 tous, le CEJ contribue \u00e0 renforcer le tissu social de la ville et \u00e0 promouvoir le vivre-ensemble dans un environnement multiculturel.<\/p>\n<h1><strong>Proc\u00e9dure de demande du CEJ \u00e0 Verdun<\/strong><\/h1>\n<p>Les <a href=\"https:\/\/www.mes-allocs.fr\/guides\/contrat-engagement-jeune\/demarches-cej\/\">d\u00e9marches pour l&rsquo;obtention du Contrat d&rsquo;Engagement Jeune<\/a> (CEJ) varient selon les r\u00e9gions.<\/p>\n<h2><strong>Pr\u00e9paration des documents requis<\/strong><\/h2>\n<p>Avant de soumettre une demande pour le Contrat d\u2019Engagement Jeune (CEJ) \u00e0 Verdun, il est essentiel de rassembler tous les documents n\u00e9cessaires. Cela peut inclure une pi\u00e8ce d&rsquo;identit\u00e9 valide, un justificatif de domicile, un curriculum vitae (CV), des dipl\u00f4mes et certificats de formation, ainsi que tout document sp\u00e9cifique requis pour les jeunes travailleurs handicap\u00e9s. Assurez-vous de v\u00e9rifier la liste exacte des documents demand\u00e9s sur le site officiel du CEJ ou en contactant les autorit\u00e9s comp\u00e9tentes \u00e0 Verdun.<\/p>\n<h2><strong>Lieux et horaires d\u2019accueil<\/strong><\/h2>\n<p>Les demandes de CEJ peuvent \u00eatre d\u00e9pos\u00e9es dans les bureaux d\u00e9sign\u00e9s \u00e0 Verdun. Les adresses exactes et les horaires d&rsquo;ouverture de ces bureaux peuvent varier. Il est recommand\u00e9 de consulter le site officiel du CEJ ou de contacter les autorit\u00e9s locales pour obtenir des informations pr\u00e9cises sur les lieux et horaires d&rsquo;accueil \u00e0 Verdun.<\/p>\n<h2><strong>Prise de rendez-vous \u00e0 Verdun<\/strong><\/h2>\n<p>Pour une assistance personnalis\u00e9e dans le processus de demande du CEJ \u00e0 Verdun, il est souvent n\u00e9cessaire de prendre rendez-vous avec les conseillers ou les agents d&rsquo;accueil. Les rendez-vous peuvent \u00eatre pris en ligne via le site officiel du CEJ ou par t\u00e9l\u00e9phone en contactant les bureaux locaux. Il est conseill\u00e9 de prendre rendez-vous \u00e0 l&rsquo;avance pour \u00e9viter les d\u00e9lais d&rsquo;attente et pour garantir une assistance efficace lors de votre visite.<\/p>\n<h1><strong>Ressources et contacts utiles pour votre inscription au CEJ \u00e0 Verdun<\/strong><\/h1>\n<p>Pour obtenir des informations compl\u00e8tes sur l&rsquo;inscription au Contrat d\u2019Engagement Jeune (CEJ) \u00e0 Verdun ainsi que sur les dispositifs compl\u00e9mentaires disponibles, vous pouvez vous r\u00e9f\u00e9rer aux ressources et contacts suivants :<\/p>\n<h2><strong>Coordonn\u00e9es des structures d\u2019accueil \u00e0 Verdun\u00a0<\/strong><\/h2>\n<p><strong>Mission Locale de Verdun\u00a0<\/strong><\/p>\n<p><strong>Adresse<\/strong> : 17 Rue des Fr\u00e8res Boulhaut, 55100 Verdun<\/p>\n<p><strong>T\u00e9l\u00e9phone<\/strong> : 03 29 86 25 26<\/p>\n<p><strong>Horaires d&rsquo;ouverture\u00a0<\/strong><\/p>\n<p>Lundi : 13:30\u201317:30<\/p>\n<p>Mardi : 08:30\u201312:00 \/ 13:30\u201317:30<\/p>\n<p>Mercredi : 08:30\u201312:00 \/ 13:30\u201317:30<\/p>\n<p>Jeudi : 08:30\u201312:00 \/ 13:30\u201317:30<\/p>\n<p>Vendredi : 08:30\u201312:00 \/ 13:00\u201316:30<\/p>\n<p>Samedi : \u00a0Ferm\u00e9<\/p>\n<p>Dimanche : \u00a0Ferm\u00e9<\/p>\n<h2><strong>Informations sur les dispositifs compl\u00e9mentaires au CEJ\u00a0<\/strong><\/h2>\n<ol>\n<li>Programme d&rsquo;accompagnement \u00e0 la cr\u00e9ation d&rsquo;entreprise :\n<ul>\n<li>Description : ce programme offre un soutien financier et un accompagnement professionnel aux jeunes entrepreneurs d\u00e9sireux de cr\u00e9er leur propre entreprise \u00e0 Verdun.<\/li>\n<\/ul>\n<\/li>\n<li>Programme de formation professionnelle :\n<ul>\n<li>Description : ce programme propose des formations qualifiantes dans divers secteurs d&rsquo;activit\u00e9, adapt\u00e9es aux besoins du march\u00e9 du travail \u00e0 Verdun.<\/li>\n<\/ul>\n<\/li>\n<li>Service d&rsquo;orientation professionnelle :\n<ul>\n<li>Description : ce service offre des s\u00e9ances d&rsquo;orientation et de conseil personnalis\u00e9es pour aider les jeunes \u00e0 d\u00e9finir leur projet professionnel et \u00e0 trouver les meilleures opportunit\u00e9s d&#8217;emploi ou de formation \u00e0 Verdun.<\/li>\n<\/ul>\n<\/li>\n<\/ol>\n<p>N&rsquo;h\u00e9sitez pas \u00e0 contacter ces structures et programmes pour obtenir de l&rsquo;aide et des informations suppl\u00e9mentaires sur votre inscription au CEJ \u00e0 Verdun ainsi que sur les dispositifs compl\u00e9mentaires disponibles pour vous accompagner dans votre parcours professionnel.<\/p>\n<h1><strong>Conditions d&rsquo;\u00e9ligibilit\u00e9 au CEJ \u00e0 Verdun<\/strong><\/h1>\n<h2><strong>Crit\u00e8res d&rsquo;\u00e2ge et de situation professionnelle requis<\/strong><\/h2>\n<p>Pour \u00eatre \u00e9ligible au Contrat d\u2019Engagement Jeune (CEJ) \u00e0 Verdun, vous devez remplir les crit\u00e8res suivants :<\/p>\n<ol>\n<li><strong>\u00c2ge :<\/strong> vous devez avoir entre 16 et 25 ans au moment de la demande.<\/li>\n<li><strong>Situation professionnelle :<\/strong> vous devez \u00eatre soit \u00e0 la recherche d&rsquo;un emploi, soit engag\u00e9 dans une formation professionnelle.<\/li>\n<\/ol>\n<h2><strong>Crit\u00e8res sp\u00e9cifiques pour les jeunes travailleurs handicap\u00e9s de Verdun<\/strong><\/h2>\n<p>Les jeunes travailleurs handicap\u00e9s de Verdun peuvent \u00e9galement b\u00e9n\u00e9ficier du CEJ, en remplissant les conditions g\u00e9n\u00e9rales d&rsquo;\u00e9ligibilit\u00e9 \u00e9nonc\u00e9es ci-dessus. En outre, des crit\u00e8res sp\u00e9cifiques s&rsquo;appliquent aux jeunes travailleurs handicap\u00e9s, notamment :<\/p>\n<ol>\n<li><strong>Reconnaissance du handicap :<\/strong> le handicap doit \u00eatre officiellement reconnu par les autorit\u00e9s comp\u00e9tentes, telles que la Maison D\u00e9partementale des Personnes Handicap\u00e9es (MDPH) ou d&rsquo;autres organismes d\u00e9sign\u00e9s.<\/li>\n<li><strong>Documents suppl\u00e9mentaires :<\/strong> les jeunes travailleurs handicap\u00e9s peuvent \u00eatre tenus de fournir des documents suppl\u00e9mentaires attestant de leur handicap lors de la demande du CEJ \u00e0 Verdun.<\/li>\n<\/ol>\n<p>En respectant ces crit\u00e8res sp\u00e9cifiques, les jeunes travailleurs handicap\u00e9s de Verdun peuvent b\u00e9n\u00e9ficier d&rsquo;un accompagnement adapt\u00e9 pour faciliter leur int\u00e9gration professionnelle et leur \u00e9panouissement sur le march\u00e9 du travail.<\/p>\n<h1><strong>Crit\u00e8res sp\u00e9cifiques pour les jeunes travailleurs handicap\u00e9s de Verdun<\/strong><\/h1>\n<h2><strong>Reconnaissance du handicap par les autorit\u00e9s comp\u00e9tentes<\/strong><\/h2>\n<p>Avant de b\u00e9n\u00e9ficier des avantages sp\u00e9cifiques destin\u00e9s aux jeunes travailleurs handicap\u00e9s dans le cadre du Contrat d\u2019Engagement Jeune (CEJ) \u00e0 Verdun, il est n\u00e9cessaire que le handicap soit officiellement reconnu par les autorit\u00e9s comp\u00e9tentes. Cette reconnaissance se fait g\u00e9n\u00e9ralement par le biais de la Maison D\u00e9partementale des Personnes Handicap\u00e9es (MDPH) ou d&rsquo;autres organismes d\u00e9sign\u00e9s par les autorit\u00e9s locales.<\/p>\n<p>Il est important que les jeunes travailleurs handicap\u00e9s entament les d\u00e9marches n\u00e9cessaires pour obtenir cette reconnaissance afin de pouvoir b\u00e9n\u00e9ficier pleinement des avantages pr\u00e9vus pour eux dans le cadre du CEJ.<\/p>\n<h2><strong>Avantages suppl\u00e9mentaires et accompagnement renforc\u00e9 pour les jeunes travailleurs handicap\u00e9s<\/strong><\/h2>\n<p>Une fois leur handicap reconnu, les jeunes travailleurs handicap\u00e9s de Verdun peuvent b\u00e9n\u00e9ficier d&rsquo;avantages suppl\u00e9mentaires et d&rsquo;un accompagnement renforc\u00e9 dans le cadre du CEJ. Ces avantages et accompagnements peuvent inclure :<\/p>\n<ol>\n<li><strong>Aides techniques :<\/strong> fourniture d&rsquo;\u00e9quipements ou d&rsquo;outils adapt\u00e9s \u00e0 leur handicap pour faciliter leur int\u00e9gration professionnelle.<\/li>\n<li><strong>Am\u00e9nagements de poste de travail :<\/strong> adaptation du lieu de travail ou du poste de travail pour r\u00e9pondre aux besoins sp\u00e9cifiques du travailleur handicap\u00e9.<\/li>\n<li><strong>Formations adapt\u00e9es :<\/strong> acc\u00e8s \u00e0 des formations professionnelles adapt\u00e9es \u00e0 leurs besoins et \u00e0 leurs capacit\u00e9s, visant \u00e0 renforcer leurs comp\u00e9tences et leur employabilit\u00e9.<\/li>\n<li><strong>Accompagnement personnalis\u00e9 :<\/strong> suivi r\u00e9gulier par des conseillers sp\u00e9cialis\u00e9s pour aider les jeunes travailleurs handicap\u00e9s \u00e0 surmonter les obstacles li\u00e9s \u00e0 leur handicap et \u00e0 r\u00e9ussir leur int\u00e9gration professionnelle.<\/li>\n<\/ol>\n<p>Ces avantages et accompagnements visent \u00e0 garantir une \u00e9galit\u00e9 des chances et une int\u00e9gration r\u00e9ussie des jeunes travailleurs handicap\u00e9s sur le march\u00e9 du travail \u00e0 Verdun.<\/p>\n<div class='cta-block'><div class='text'>Simulez votre \u00e9ligibilit\u00e9 au CEJ en 2 min. Gratuit.<\/div><a href='https:\/\/www.mes-allocs.fr\/ab-app?origin=guides\/wp-json\/wp\/v2\/posts\/76859' class='app-button fit'>Simulation gratuite<\/a><\/div>\n","protected":false},"excerpt":{"rendered":"<p>Le Contrat d\u2019Engagement Jeune (CEJ) est un dispositif pr\u00e9cieux con\u00e7u pour accompagner les jeunes vers l&#8217;emploi durable. \u00c0 Verdun, cette allocation rev\u00eat une importance particuli\u00e8re pour les jeunes en recherche d&rsquo;insertion professionnelle. Dans cet article, nous vous fournirons toutes les informations essentielles pour comprendre le processus de demande, les conditions d&rsquo;\u00e9ligibilit\u00e9 et les \u00e9tapes \u00e0 [&hellip;]<\/p>\n","protected":false},"author":26,"featured_media":105886,"comment_status":"open","ping_status":"open","sticky":false,"template":"","format":"standard","meta":{"amp_status":"","footnotes":""},"categories":[30057,33441],"tags":[],"class_list":["post-76859","post","type-post","status-publish","format-standard","has-post-thumbnail","hentry","category-contrat-engagement-jeune","category-demarches-cej"],"yoast_head":"<!-- This site is optimized with the Yoast SEO plugin v14.9 - https:\/\/yoast.com\/wordpress\/plugins\/seo\/ -->\n<title>La demande du Contrat d\u2019Engagement Jeune (CEJ) \u00e0 Verdun | Mes-Allocs.fr<\/title>\n<meta name=\"description\" content=\"Bienvenue dans notre guide complet sur la demande du Contrat d\u2019Engagement Jeune (CEJ) \u00e0 Verdun. Mes Allocs vous dit tout.\" \/>\n<meta name=\"robots\" content=\"index, follow, max-snippet:-1, max-image-preview:large, max-video-preview:-1\" \/>\n<link rel=\"canonical\" href=\"https:\/\/www.mes-allocs.fr\/guides\/contrat-engagement-jeune\/demarches-cej\/cej-verdun\/\" \/>\n<meta property=\"og:locale\" content=\"fr_FR\" \/>\n<meta property=\"og:type\" content=\"article\" \/>\n<meta property=\"og:title\" content=\"La demande du Contrat d\u2019Engagement Jeune (CEJ) \u00e0 Verdun | Mes-Allocs.fr\" \/>\n<meta property=\"og:description\" content=\"Bienvenue dans notre guide complet sur la demande du Contrat d\u2019Engagement Jeune (CEJ) \u00e0 Verdun. Mes Allocs vous dit tout.\" \/>\n<meta property=\"og:url\" content=\"https:\/\/www.mes-allocs.fr\/guides\/contrat-engagement-jeune\/demarches-cej\/cej-verdun\/\" \/>\n<meta property=\"og:site_name\" content=\"Mes-Allocs.fr\" \/>\n<meta property=\"article:published_time\" content=\"2024-04-12T14:26:50+00:00\" \/>\n<meta property=\"article:modified_time\" content=\"2026-04-22T09:55:01+00:00\" \/>\n<meta property=\"og:image\" content=\"https:\/\/www.mes-allocs.fr\/guides\/wp-content\/uploads\/2024\/04\/cej-verdun-1.jpg?wsr\" \/>\n\t<meta property=\"og:image:width\" content=\"1920\" \/>\n\t<meta property=\"og:image:height\" content=\"1280\" \/>\n<meta name=\"twitter:card\" content=\"summary_large_image\" \/>\n<script type=\"application\/ld+json\" class=\"yoast-schema-graph\">{\"@context\":\"https:\/\/schema.org\",\"@graph\":[{\"@type\":\"WebSite\",\"@id\":\"https:\/\/www.mes-allocs.fr\/guides\/#website\",\"url\":\"https:\/\/www.mes-allocs.fr\/guides\/\",\"name\":\"Mes-Allocs.fr\",\"description\":\"\",\"potentialAction\":[{\"@type\":\"SearchAction\",\"target\":\"https:\/\/www.mes-allocs.fr\/guides\/?s={search_term_string}\",\"query-input\":\"required name=search_term_string\"}],\"inLanguage\":\"fr-FR\"},{\"@type\":\"ImageObject\",\"@id\":\"https:\/\/www.mes-allocs.fr\/guides\/contrat-engagement-jeune\/demarches-cej\/cej-verdun\/#primaryimage\",\"inLanguage\":\"fr-FR\",\"url\":\"https:\/\/www.mes-allocs.fr\/guides\/wp-content\/uploads\/2024\/04\/cej-verdun-1.jpg?wsr\",\"width\":1920,\"height\":1280,\"caption\":\"cej verdun\"},{\"@type\":\"WebPage\",\"@id\":\"https:\/\/www.mes-allocs.fr\/guides\/contrat-engagement-jeune\/demarches-cej\/cej-verdun\/#webpage\",\"url\":\"https:\/\/www.mes-allocs.fr\/guides\/contrat-engagement-jeune\/demarches-cej\/cej-verdun\/\",\"name\":\"La demande du Contrat d\\u2019Engagement Jeune (CEJ) \\u00e0 Verdun | Mes-Allocs.fr\",\"isPartOf\":{\"@id\":\"https:\/\/www.mes-allocs.fr\/guides\/#website\"},\"primaryImageOfPage\":{\"@id\":\"https:\/\/www.mes-allocs.fr\/guides\/contrat-engagement-jeune\/demarches-cej\/cej-verdun\/#primaryimage\"},\"datePublished\":\"2024-04-12T14:26:50+00:00\",\"dateModified\":\"2026-04-22T09:55:01+00:00\",\"author\":{\"@id\":\"https:\/\/www.mes-allocs.fr\/guides\/#\/schema\/person\/9c38f3be41a0ddcd1e3fde5a3df713bf\"},\"description\":\"Bienvenue dans notre guide complet sur la demande du Contrat d\\u2019Engagement Jeune (CEJ) \\u00e0 Verdun. Mes Allocs vous dit tout.\",\"inLanguage\":\"fr-FR\"},{\"@type\":\"Person\",\"@id\":\"https:\/\/www.mes-allocs.fr\/guides\/#\/schema\/person\/9c38f3be41a0ddcd1e3fde5a3df713bf\",\"name\":\"Sessime Ananou\",\"image\":{\"@type\":\"ImageObject\",\"@id\":\"https:\/\/www.mes-allocs.fr\/guides\/#personlogo\",\"inLanguage\":\"fr-FR\",\"url\":\"https:\/\/www.mes-allocs.fr\/guides\/wp-content\/uploads\/2023\/08\/IMG_8173-150x150.jpg\",\"caption\":\"Sessime Ananou\"},\"description\":\"Sessime est r\\u00e9dactrice chez Mes Allocs, sp\\u00e9cialis\\u00e9e sur le pouvoir d'achat. Elle rejoint l'\\u00e9quipe Mes Allocs en ao\\u00fbt 2023 afin de simplifier l'acc\\u00e8s \\u00e0 l'information sur les aides en g\\u00e9n\\u00e9ral.\"}]}<\/script>\n<!-- \/ Yoast SEO plugin. -->","amp_validity":null,"acf":{"faq":{"1":{"question":"Qu'est-ce que le CEJ \u00e0 Verdun ?","answer":"Le CEJ \u00e0 Verdun est un programme gouvernemental visant \u00e0 soutenir les jeunes dans leur insertion professionnelle en leur offrant une allocation financi\u00e8re mensuelle et un accompagnement personnalis\u00e9."},"2":{"question":"Qui peut b\u00e9n\u00e9ficier du CEJ \u00e0 Verdun ?","answer":"Les jeunes \u00e2g\u00e9s de 16 \u00e0 25 ans, \u00e0 la recherche d'un emploi ou engag\u00e9s dans une formation professionnelle, peuvent b\u00e9n\u00e9ficier du CEJ \u00e0 Verdun."},"3":{"question":"Comment soumettre sa demande d'allocation CEJ \u00e0 Verdun ?","answer":"Vous pouvez soumettre votre demande en ligne via le site officiel du CEJ ou la d\u00e9poser en personne dans les bureaux d\u00e9sign\u00e9s \u00e0 Verdun."},"4":{"question":"Quels documents sont n\u00e9cessaires pour la demande du CEJ \u00e0 Verdun ?","answer":"Les documents requis peuvent inclure une pi\u00e8ce d'identit\u00e9, un justificatif de domicile, un CV, des dipl\u00f4mes et certificats, ainsi que tout document sp\u00e9cifique n\u00e9cessaire."},"5":{"question":"Quels sont les avantages offerts par le CEJ \u00e0 Verdun ?","answer":"Le CEJ offre une allocation financi\u00e8re mensuelle pour soutenir les jeunes dans leur recherche d'emploi ou de formation, ainsi qu'un accompagnement personnalis\u00e9 par des conseillers professionnels."},"6":{"question":"Existe-t-il des crit\u00e8res sp\u00e9cifiques pour certains groupes de jeunes \u00e0 Verdun ?","answer":"Oui, des crit\u00e8res sp\u00e9cifiques peuvent s'appliquer aux jeunes travailleurs handicap\u00e9s \u00e0 Verdun. Ils doivent g\u00e9n\u00e9ralement obtenir une reconnaissance officielle de leur handicap par les autorit\u00e9s comp\u00e9tentes."},"7":{"question":"","answer":""},"8":{"question":"","answer":""},"9":{"question":"","answer":""},"10":{"question":"","answer":""},"11":{"question":"","answer":""},"12":{"question":"","answer":""},"13":{"question":"","answer":""},"14":{"question":"","answer":""},"15":{"question":"","answer":""},"16":{"question":"","answer":""}}},"_links":{"self":[{"href":"https:\/\/www.mes-allocs.fr\/guides\/wp-json\/wp\/v2\/posts\/76859","targetHints":{"allow":["GET"]}}],"collection":[{"href":"https:\/\/www.mes-allocs.fr\/guides\/wp-json\/wp\/v2\/posts"}],"about":[{"href":"https:\/\/www.mes-allocs.fr\/guides\/wp-json\/wp\/v2\/types\/post"}],"author":[{"embeddable":true,"href":"https:\/\/www.mes-allocs.fr\/guides\/wp-json\/wp\/v2\/users\/26"}],"replies":[{"embeddable":true,"href":"https:\/\/www.mes-allocs.fr\/guides\/wp-json\/wp\/v2\/comments?post=76859"}],"version-history":[{"count":3,"href":"https:\/\/www.mes-allocs.fr\/guides\/wp-json\/wp\/v2\/posts\/76859\/revisions"}],"predecessor-version":[{"id":79383,"href":"https:\/\/www.mes-allocs.fr\/guides\/wp-json\/wp\/v2\/posts\/76859\/revisions\/79383"}],"wp:featuredmedia":[{"embeddable":true,"href":"https:\/\/www.mes-allocs.fr\/guides\/wp-json\/wp\/v2\/media\/105886"}],"wp:attachment":[{"href":"https:\/\/www.mes-allocs.fr\/guides\/wp-json\/wp\/v2\/media?parent=76859"}],"wp:term":[{"taxonomy":"category","embeddable":true,"href":"https:\/\/www.mes-allocs.fr\/guides\/wp-json\/wp\/v2\/categories?post=76859"},{"taxonomy":"post_tag","embeddable":true,"href":"https:\/\/www.mes-allocs.fr\/guides\/wp-json\/wp\/v2\/tags?post=76859"}],"curies":[{"name":"wp","href":"https:\/\/api.w.org\/{rel}","templated":true}]}}