{"id":76748,"date":"2024-04-10T17:59:42","date_gmt":"2024-04-10T15:59:42","guid":{"rendered":"https:\/\/www.mes-allocs.fr\/guides\/?p=76748"},"modified":"2026-04-22T10:55:02","modified_gmt":"2026-04-22T09:55:02","slug":"contrat-engagement-jeune-declaration-caf","status":"publish","type":"post","link":"https:\/\/www.mes-allocs.fr\/guides\/contrat-engagement-jeune\/demarches-cej\/contrat-engagement-jeune-declaration-caf\/","title":{"rendered":"D\u00e9claration \u00e0 la CAF pour les b\u00e9n\u00e9ficiaires du Contrat d\u2019Engagement Jeune (CEJ)"},"content":{"rendered":"<p>&nbsp;<\/p>\n<p><img loading=\"lazy\" decoding=\"async\" class=\"wp-image-6146 \" title=\"contrat engagement jeune d\u00e9claration caf\" src=\"https:\/\/www.mes-allocs.fr\/guides\/wp-content\/uploads\/2020\/04\/Les-aides-pour-les-jeunes-demandeurs-d\u2019emploi-1-e1712762422602.jpg\" alt=\"contrat engagement jeune d\u00e9claration caf\" width=\"786\" height=\"228\" srcset=\"https:\/\/www.mes-allocs.fr\/guides\/wp-content\/uploads\/2020\/04\/Les-aides-pour-les-jeunes-demandeurs-d\u2019emploi-1-e1712762422602.jpg 600w, https:\/\/www.mes-allocs.fr\/guides\/wp-content\/uploads\/2020\/04\/Les-aides-pour-les-jeunes-demandeurs-d\u2019emploi-1-e1712762422602-300x87.jpg 300w\" sizes=\"auto, (max-width: 786px) 100vw, 786px\" \/><\/p>\n<p><strong>La d\u00e9claration \u00e0 la CAF est une \u00e9tape importante pour les b\u00e9n\u00e9ficiaires du <a href=\"https:\/\/www.mes-allocs.fr\/guides\/contrat-engagement-jeune\/\">Contrat d\u2019Engagement Jeune (CEJ)<\/a>, car elle peut conditionner l&rsquo;acc\u00e8s \u00e0 certaines aides financi\u00e8res. Voici tout ce que vous devez savoir sur cette d\u00e9marche.<\/strong><\/p>\n<div class='cta-block'><div class='text'>Simulez votre \u00e9ligibilit\u00e9 au CEJ en 2 min. Gratuit.<\/div><a href='https:\/\/www.mes-allocs.fr\/ab-app?origin=guides\/wp-json\/wp\/v2\/posts\/76748' class='app-button fit'>Simulation gratuite<\/a><\/div>\n<h1><strong>Qu\u2019est-ce que la d\u00e9claration \u00e0 la CAF pour les b\u00e9n\u00e9ficiaires du CEJ ?<\/strong><\/h1>\n<h2><strong>Objectif de la d\u00e9claration<\/strong><\/h2>\n<p>Le Contrat d&rsquo;Engagement Jeune (CEJ) repr\u00e9sente une mesure strat\u00e9gique visant \u00e0 soutenir les jeunes en difficult\u00e9 dans leur qu\u00eate d&rsquo;un emploi stable. Con\u00e7u pour remplacer la Garantie Jeunes, ce dispositif s&rsquo;adresse sp\u00e9cifiquement aux individus \u00e2g\u00e9s de <strong>16 \u00e0 25 ans<\/strong> (<strong>ou jusqu&rsquo;\u00e0 29 ans pour les travailleurs handicap\u00e9s)<\/strong> qui ne sont ni inscrits dans des programmes scolaires ni engag\u00e9s dans des formations professionnelles qualifiantes. Ce contrat se d\u00e9marque par son approche personnalis\u00e9e, offrant un accompagnement intensif et adapt\u00e9 comprenant des initiatives d&rsquo;orientation, de formation et d&rsquo;int\u00e9gration professionnelle.<\/p>\n<p>La d\u00e9claration \u00e0 la Caisse d&rsquo;Allocations Familiales (CAF) pour les b\u00e9n\u00e9ficiaires du Contrat d\u2019Engagement Jeune (CEJ) vise principalement \u00e0 informer l&rsquo;organisme de votre situation professionnelle et de vos revenus. L&rsquo;objectif est de permettre \u00e0 la CAF de prendre en compte votre statut de b\u00e9n\u00e9ficiaire du CEJ dans le calcul de vos droits aux prestations sociales. Ainsi, cette d\u00e9claration garantit que votre situation est correctement \u00e9valu\u00e9e et que vous pouvez b\u00e9n\u00e9ficier des aides financi\u00e8res auxquelles vous avez droit en fonction de votre situation actuelle.<\/p>\n<h2><strong>Contexte et importance<\/strong><\/h2>\n<p>La d\u00e9claration \u00e0 la CAF rev\u00eat une grande importance car elle assure que votre statut de b\u00e9n\u00e9ficiaire du CEJ est pris en compte de mani\u00e8re appropri\u00e9e dans le syst\u00e8me de prestations sociales. Cela peut avoir un impact significatif sur les aides financi\u00e8res auxquelles vous avez droit. En effet, cette d\u00e9claration permet \u00e0 la CAF de calculer pr\u00e9cis\u00e9ment vos droits en fonction de votre situation professionnelle et personnelle. De plus, une d\u00e9claration pr\u00e9cise et \u00e0 jour facilite le traitement de vos demandes de prestations sociales et r\u00e9duit les risques de retards ou d&rsquo;erreurs dans le versement des aides. En somme, cette d\u00e9marche vous assure de b\u00e9n\u00e9ficier de toutes les aides financi\u00e8res auxquelles vous \u00eates \u00e9ligible en tant que b\u00e9n\u00e9ficiaire du CEJ, contribuant ainsi \u00e0 votre bien-\u00eatre financier et social.<\/p>\n<p>D\u00e9couvrez-en plus sur les <a href=\"https:\/\/www.mes-allocs.fr\/guides\/contrat-engagement-jeune\/demarches-cej\/\">d\u00e9marches du Contrat d&rsquo;Engagement Jeune<\/a> (CEJ) !<\/p>\n<p><iframe loading=\"lazy\" title=\"Le Contrat d&#039;Engagement Jeune (CEJ)\" width=\"500\" height=\"375\" src=\"https:\/\/www.youtube.com\/embed\/f_Hf5LBMHeQ?feature=oembed\" frameborder=\"0\" allow=\"accelerometer; autoplay; clipboard-write; encrypted-media; gyroscope; picture-in-picture; web-share\" referrerpolicy=\"strict-origin-when-cross-origin\" allowfullscreen><\/iframe><\/p>\n<h1><strong>Documents n\u00e9cessaires pour la d\u00e9claration du CEJ<\/strong><\/h1>\n<h2><strong>Liste des documents \u00e0 fournir<\/strong><\/h2>\n<ol>\n<li>Pi\u00e8ce d&rsquo;identit\u00e9 : Carte nationale d&rsquo;identit\u00e9, passeport ou titre de s\u00e9jour en cours de validit\u00e9.<\/li>\n<li>Justificatif de domicile : Facture d&rsquo;\u00e9lectricit\u00e9, de gaz, quittance de loyer ou attestation d&rsquo;h\u00e9bergement.<\/li>\n<li>Attestation d&rsquo;inscription CEJ \u00e0 P\u00f4le Emploi ou \u00e0 la Mission Locale : Document prouvant que vous \u00eates inscrit en tant que demandeur d&#8217;emploi et b\u00e9n\u00e9ficiaire du CEJ.<\/li>\n<li>Relev\u00e9 d&rsquo;identit\u00e9 bancaire (RIB) : Pour permettre le versement de l&rsquo;allocation CEJ sur votre compte bancaire.<\/li>\n<li>Tout autre document sp\u00e9cifique demand\u00e9 par la CAF : Certains cas peuvent n\u00e9cessiter des pi\u00e8ces suppl\u00e9mentaires, il est donc recommand\u00e9 de se renseigner aupr\u00e8s de la CAF.<\/li>\n<\/ol>\n<h2><strong>Proc\u00e9dure pour obtenir les documents n\u00e9cessaires<\/strong><\/h2>\n<ol>\n<li>Pi\u00e8ce d&rsquo;identit\u00e9 : si vous ne poss\u00e9dez pas de pi\u00e8ce d&rsquo;identit\u00e9 valide, vous pouvez en obtenir une aupr\u00e8s de la mairie de votre commune.<\/li>\n<li>Justificatif de domicile : vous pouvez obtenir un justificatif de domicile en demandant une attestation \u00e0 votre bailleur ou en fournissant une facture r\u00e9cente \u00e0 votre nom.<\/li>\n<li>Attestation d&rsquo;inscription \u00e0 P\u00f4le Emploi ou \u00e0 la Mission Locale : cette attestation peut \u00eatre obtenue en vous rendant physiquement \u00e0 <a href=\"https:\/\/www.mes-allocs.fr\/guides\/contrat-engagement-jeune\/demarches-cej\/cej-pole-emploi\/\">P\u00f4le Emploi<\/a> ou \u00e0 la <a href=\"https:\/\/www.mes-allocs.fr\/guides\/contrat-engagement-jeune\/demarches-cej\/cej-mission-locale\/\">Mission Locale<\/a> et en demandant ce document.<\/li>\n<li>Relev\u00e9 d&rsquo;identit\u00e9 bancaire (RIB) : vous pouvez obtenir un RIB aupr\u00e8s de votre banque en vous rendant sur place ou en le demandant en ligne via votre espace client.<\/li>\n<li>Tout autre document sp\u00e9cifique demand\u00e9 par la CAF : si la CAF demande des documents suppl\u00e9mentaires, vous pouvez les obtenir en suivant les instructions fournies par l&rsquo;organisme.<\/li>\n<\/ol>\n<p>Assurez-vous de fournir tous les documents requis dans les d\u00e9lais impartis pour \u00e9viter tout retard dans le traitement de votre demande d&rsquo;allocation CEJ.<\/p>\n<h1><strong>Modalit\u00e9s de d\u00e9claration du CEJ aupr\u00e8s de la CAF<\/strong><\/h1>\n<h2><strong>M\u00e9thodes de d\u00e9claration accept\u00e9es par la CAF<\/strong><\/h2>\n<p>Modalit\u00e9s de d\u00e9claration du CEJ aupr\u00e8s de la CAF<\/p>\n<p>La d\u00e9claration du Contrat d&rsquo;Engagement Jeune (CEJ) aupr\u00e8s de la CAF peut \u00eatre effectu\u00e9e selon diff\u00e9rentes modalit\u00e9s, offrant aux b\u00e9n\u00e9ficiaires diverses options pour transmettre les documents n\u00e9cessaires.<\/p>\n<p>M\u00e9thodes de d\u00e9claration accept\u00e9es par la CAF<\/p>\n<ol>\n<li>En ligne : la CAF propose souvent un espace personnel sur son site web o\u00f9 les b\u00e9n\u00e9ficiaires peuvent d\u00e9clarer leur situation et t\u00e9l\u00e9charger les documents requis. Cette m\u00e9thode est g\u00e9n\u00e9ralement rapide et pratique.<\/li>\n<li>Par courrier postal : les documents requis peuvent \u00e9galement \u00eatre envoy\u00e9s par courrier postal \u00e0 l&rsquo;adresse indiqu\u00e9e par la CAF. Il est important de s&rsquo;assurer que les documents sont correctement envoy\u00e9s et accompagn\u00e9s des informations n\u00e9cessaires.<\/li>\n<li>En personne : dans certains cas, il est possible de se rendre directement \u00e0 l&rsquo;agence de la CAF la plus proche pour remettre les documents en mains propres. Cela permet parfois d&rsquo;acc\u00e9l\u00e9rer le traitement de la demande et de clarifier tout point \u00e9ventuel.<\/li>\n<\/ol>\n<h2><strong>Lieux et moyens de transmission des documents<\/strong><\/h2>\n<ul>\n<li>En ligne : via l&rsquo;espace personnel sur le site web de la CAF, o\u00f9 vous pouvez t\u00e9l\u00e9charger les documents num\u00e9ris\u00e9s.<\/li>\n<li>Par courrier postal : en envoyant les documents par courrier \u00e0 l&rsquo;adresse postale indiqu\u00e9e par la CAF.<\/li>\n<li>En personne : en se rendant physiquement \u00e0 l&rsquo;agence de la CAF la plus proche et en remettant les documents \u00e0 un agent d&rsquo;accueil.<\/li>\n<\/ul>\n<p>Il est recommand\u00e9 de suivre attentivement les instructions fournies par la CAF concernant la mani\u00e8re de d\u00e9clarer le CEJ et de transmettre les documents requis. Cela garantira le bon traitement de la demande et \u00e9vitera tout retard dans le versement de l&rsquo;allocation.<\/p>\n<div class='cta-block'><div class='text'>Simulez votre \u00e9ligibilit\u00e9 au CEJ en 2 min. Gratuit.<\/div><a href='https:\/\/www.mes-allocs.fr\/ab-app?origin=guides\/wp-json\/wp\/v2\/posts\/76748' class='app-button fit'>Simulation gratuite<\/a><\/div>\n<p>&nbsp;<\/p>\n<p>&nbsp;<\/p>\n","protected":false},"excerpt":{"rendered":"<p>&nbsp; La d\u00e9claration \u00e0 la CAF est une \u00e9tape importante pour les b\u00e9n\u00e9ficiaires du Contrat d\u2019Engagement Jeune (CEJ), car elle peut conditionner l&rsquo;acc\u00e8s \u00e0 certaines aides financi\u00e8res. Voici tout ce que vous devez savoir sur cette d\u00e9marche. Qu\u2019est-ce que la d\u00e9claration \u00e0 la CAF pour les b\u00e9n\u00e9ficiaires du CEJ ? Objectif de la d\u00e9claration Le [&hellip;]<\/p>\n","protected":false},"author":26,"featured_media":8466,"comment_status":"open","ping_status":"open","sticky":false,"template":"","format":"standard","meta":{"amp_status":"","footnotes":""},"categories":[30057,33441],"tags":[],"class_list":["post-76748","post","type-post","status-publish","format-standard","has-post-thumbnail","hentry","category-contrat-engagement-jeune","category-demarches-cej"],"yoast_head":"<!-- This site is optimized with the Yoast SEO plugin v14.9 - https:\/\/yoast.com\/wordpress\/plugins\/seo\/ -->\n<title>Contrat d\u2019Engagement Jeune et d\u00e9claration CAF : tout savoir !<\/title>\n<meta name=\"description\" content=\"La d\u00e9claration \u00e0 la CAF est une \u00e9tape importante pour les b\u00e9n\u00e9ficiaires du Contrat d\u2019Engagement Jeune (CEJ).\" \/>\n<meta name=\"robots\" content=\"index, follow, max-snippet:-1, max-image-preview:large, max-video-preview:-1\" \/>\n<link rel=\"canonical\" href=\"https:\/\/www.mes-allocs.fr\/guides\/contrat-engagement-jeune\/demarches-cej\/contrat-engagement-jeune-declaration-caf\/\" \/>\n<meta property=\"og:locale\" content=\"fr_FR\" \/>\n<meta property=\"og:type\" content=\"article\" \/>\n<meta property=\"og:title\" content=\"Contrat d\u2019Engagement Jeune et d\u00e9claration CAF : tout savoir !\" \/>\n<meta property=\"og:description\" content=\"La d\u00e9claration \u00e0 la CAF est une \u00e9tape importante pour les b\u00e9n\u00e9ficiaires du Contrat d\u2019Engagement Jeune (CEJ).\" \/>\n<meta property=\"og:url\" content=\"https:\/\/www.mes-allocs.fr\/guides\/contrat-engagement-jeune\/demarches-cej\/contrat-engagement-jeune-declaration-caf\/\" \/>\n<meta property=\"og:site_name\" content=\"Mes-Allocs.fr\" \/>\n<meta property=\"article:published_time\" content=\"2024-04-10T15:59:42+00:00\" \/>\n<meta property=\"article:modified_time\" content=\"2026-04-22T09:55:02+00:00\" \/>\n<meta property=\"og:image\" content=\"https:\/\/www.mes-allocs.fr\/guides\/wp-content\/uploads\/2020\/06\/Comment-fonctionne-laccompagnement-intensif-des-jeunes-AIJ-.jpg?wsr\" \/>\n\t<meta property=\"og:image:width\" content=\"1280\" \/>\n\t<meta property=\"og:image:height\" content=\"853\" \/>\n<meta name=\"twitter:card\" content=\"summary_large_image\" \/>\n<script type=\"application\/ld+json\" class=\"yoast-schema-graph\">{\"@context\":\"https:\/\/schema.org\",\"@graph\":[{\"@type\":\"WebSite\",\"@id\":\"https:\/\/www.mes-allocs.fr\/guides\/#website\",\"url\":\"https:\/\/www.mes-allocs.fr\/guides\/\",\"name\":\"Mes-Allocs.fr\",\"description\":\"\",\"potentialAction\":[{\"@type\":\"SearchAction\",\"target\":\"https:\/\/www.mes-allocs.fr\/guides\/?s={search_term_string}\",\"query-input\":\"required name=search_term_string\"}],\"inLanguage\":\"fr-FR\"},{\"@type\":\"ImageObject\",\"@id\":\"https:\/\/www.mes-allocs.fr\/guides\/contrat-engagement-jeune\/demarches-cej\/contrat-engagement-jeune-declaration-caf\/#primaryimage\",\"inLanguage\":\"fr-FR\",\"url\":\"https:\/\/www.mes-allocs.fr\/guides\/wp-content\/uploads\/2020\/06\/Comment-fonctionne-laccompagnement-intensif-des-jeunes-AIJ-.jpg?wsr\",\"width\":1280,\"height\":853,\"caption\":\"paris jeunes vacances conditions\"},{\"@type\":\"WebPage\",\"@id\":\"https:\/\/www.mes-allocs.fr\/guides\/contrat-engagement-jeune\/demarches-cej\/contrat-engagement-jeune-declaration-caf\/#webpage\",\"url\":\"https:\/\/www.mes-allocs.fr\/guides\/contrat-engagement-jeune\/demarches-cej\/contrat-engagement-jeune-declaration-caf\/\",\"name\":\"Contrat d\\u2019Engagement Jeune et d\\u00e9claration CAF : tout savoir !\",\"isPartOf\":{\"@id\":\"https:\/\/www.mes-allocs.fr\/guides\/#website\"},\"primaryImageOfPage\":{\"@id\":\"https:\/\/www.mes-allocs.fr\/guides\/contrat-engagement-jeune\/demarches-cej\/contrat-engagement-jeune-declaration-caf\/#primaryimage\"},\"datePublished\":\"2024-04-10T15:59:42+00:00\",\"dateModified\":\"2026-04-22T09:55:02+00:00\",\"author\":{\"@id\":\"https:\/\/www.mes-allocs.fr\/guides\/#\/schema\/person\/9c38f3be41a0ddcd1e3fde5a3df713bf\"},\"description\":\"La d\\u00e9claration \\u00e0 la CAF est une \\u00e9tape importante pour les b\\u00e9n\\u00e9ficiaires du Contrat d\\u2019Engagement Jeune (CEJ).\",\"inLanguage\":\"fr-FR\"},{\"@type\":\"Person\",\"@id\":\"https:\/\/www.mes-allocs.fr\/guides\/#\/schema\/person\/9c38f3be41a0ddcd1e3fde5a3df713bf\",\"name\":\"Sessime Ananou\",\"image\":{\"@type\":\"ImageObject\",\"@id\":\"https:\/\/www.mes-allocs.fr\/guides\/#personlogo\",\"inLanguage\":\"fr-FR\",\"url\":\"https:\/\/www.mes-allocs.fr\/guides\/wp-content\/uploads\/2023\/08\/IMG_8173-150x150.jpg\",\"caption\":\"Sessime Ananou\"},\"description\":\"Sessime est r\\u00e9dactrice chez Mes Allocs, sp\\u00e9cialis\\u00e9e sur le pouvoir d'achat. Elle rejoint l'\\u00e9quipe Mes Allocs en ao\\u00fbt 2023 afin de simplifier l'acc\\u00e8s \\u00e0 l'information sur les aides en g\\u00e9n\\u00e9ral.\"}]}<\/script>\n<!-- \/ Yoast SEO plugin. -->","amp_validity":null,"acf":{"faq":{"1":{"question":"Pourquoi devez-vous faire une d\u00e9claration \u00e0 la CAF en tant que b\u00e9n\u00e9ficiaire du CEJ ?","answer":"La d\u00e9claration \u00e0 la CAF permet de signaler votre situation de b\u00e9n\u00e9ficiaire du CEJ, ce qui peut influencer le calcul de certaines prestations sociales auxquelles vous pourriez avoir droit.\r\n"},"2":{"question":"Quelles informations devez-vous fournir lors de la d\u00e9claration \u00e0 la CAF ?","answer":"Vous devrez g\u00e9n\u00e9ralement fournir des informations sur votre situation professionnelle, vos revenus, ainsi que tout changement de situation susceptible d'affecter vos droits aux prestations sociales.\r\n"},"3":{"question":"Comment effectuer la d\u00e9claration \u00e0 la CAF en tant que b\u00e9n\u00e9ficiaire du CEJ ?","answer":"Vous pouvez g\u00e9n\u00e9ralement effectuer cette d\u00e9claration en ligne via le site web de la CAF, en remplissant les formulaires appropri\u00e9s et en fournissant les documents requis.\r\n"},"4":{"question":"Quels sont les avantages de faire cette d\u00e9claration ?","answer":"Faire cette d\u00e9claration peut vous permettre d'obtenir des prestations sociales compl\u00e9mentaires ou de b\u00e9n\u00e9ficier d'une r\u00e9\u00e9valuation de vos droits en fonction de votre nouvelle situation professionnelle."},"5":{"question":"Quelles sont les cons\u00e9quences d'une non-d\u00e9claration \u00e0 la CAF en tant que b\u00e9n\u00e9ficiaire du CEJ ?","answer":"Le fait de ne pas d\u00e9clarer votre situation de b\u00e9n\u00e9ficiaire du CEJ \u00e0 la CAF pourrait entra\u00eener des retards ou des erreurs dans le traitement de vos demandes de prestations sociales, voire m\u00eame des p\u00e9nalit\u00e9s en cas de fraude av\u00e9r\u00e9e.\r\n"},"6":{"question":"Existe-t-il des aides ou des services sp\u00e9cifiques pour vous aider dans cette d\u00e9marche ?","answer":"Oui, vous pouvez g\u00e9n\u00e9ralement b\u00e9n\u00e9ficier d'une assistance de la part des agents de la CAF ou d'organismes d'aide sociale pour remplir et soumettre votre d\u00e9claration, en cas de besoin."},"7":{"question":"","answer":""},"8":{"question":"","answer":""},"9":{"question":"","answer":""},"10":{"question":"","answer":""},"11":{"question":"","answer":""},"12":{"question":"","answer":""},"13":{"question":"","answer":""},"14":{"question":"","answer":""},"15":{"question":"","answer":""},"16":{"question":"","answer":""}}},"_links":{"self":[{"href":"https:\/\/www.mes-allocs.fr\/guides\/wp-json\/wp\/v2\/posts\/76748","targetHints":{"allow":["GET"]}}],"collection":[{"href":"https:\/\/www.mes-allocs.fr\/guides\/wp-json\/wp\/v2\/posts"}],"about":[{"href":"https:\/\/www.mes-allocs.fr\/guides\/wp-json\/wp\/v2\/types\/post"}],"author":[{"embeddable":true,"href":"https:\/\/www.mes-allocs.fr\/guides\/wp-json\/wp\/v2\/users\/26"}],"replies":[{"embeddable":true,"href":"https:\/\/www.mes-allocs.fr\/guides\/wp-json\/wp\/v2\/comments?post=76748"}],"version-history":[{"count":5,"href":"https:\/\/www.mes-allocs.fr\/guides\/wp-json\/wp\/v2\/posts\/76748\/revisions"}],"predecessor-version":[{"id":79317,"href":"https:\/\/www.mes-allocs.fr\/guides\/wp-json\/wp\/v2\/posts\/76748\/revisions\/79317"}],"wp:featuredmedia":[{"embeddable":true,"href":"https:\/\/www.mes-allocs.fr\/guides\/wp-json\/wp\/v2\/media\/8466"}],"wp:attachment":[{"href":"https:\/\/www.mes-allocs.fr\/guides\/wp-json\/wp\/v2\/media?parent=76748"}],"wp:term":[{"taxonomy":"category","embeddable":true,"href":"https:\/\/www.mes-allocs.fr\/guides\/wp-json\/wp\/v2\/categories?post=76748"},{"taxonomy":"post_tag","embeddable":true,"href":"https:\/\/www.mes-allocs.fr\/guides\/wp-json\/wp\/v2\/tags?post=76748"}],"curies":[{"name":"wp","href":"https:\/\/api.w.org\/{rel}","templated":true}]}}