{"id":76714,"date":"2024-04-10T11:48:37","date_gmt":"2024-04-10T09:48:37","guid":{"rendered":"https:\/\/www.mes-allocs.fr\/guides\/?p=76714"},"modified":"2026-04-22T10:55:03","modified_gmt":"2026-04-22T09:55:03","slug":"cej-pole-emploi","status":"publish","type":"post","link":"https:\/\/www.mes-allocs.fr\/guides\/contrat-engagement-jeune\/demarches-cej\/cej-pole-emploi\/","title":{"rendered":"Le Contrat d&rsquo;Engagement Jeune (CEJ) par P\u00f4le Emploi"},"content":{"rendered":"<p><img loading=\"lazy\" decoding=\"async\" class=\"alignnone wp-image-71935 \" title=\"cej pole emploi\" src=\"https:\/\/www.mes-allocs.fr\/guides\/wp-content\/uploads\/2023\/12\/Foyer-de-jeunes-travailleurs-e1703246340200.jpg\" alt=\"cej pole emploi\" width=\"1592\" height=\"418\" srcset=\"https:\/\/www.mes-allocs.fr\/guides\/wp-content\/uploads\/2023\/12\/Foyer-de-jeunes-travailleurs-e1703246340200.jpg 1280w, https:\/\/www.mes-allocs.fr\/guides\/wp-content\/uploads\/2023\/12\/Foyer-de-jeunes-travailleurs-e1703246340200-300x79.jpg 300w, https:\/\/www.mes-allocs.fr\/guides\/wp-content\/uploads\/2023\/12\/Foyer-de-jeunes-travailleurs-e1703246340200-1024x269.jpg 1024w, https:\/\/www.mes-allocs.fr\/guides\/wp-content\/uploads\/2023\/12\/Foyer-de-jeunes-travailleurs-e1703246340200-768x202.jpg 768w, https:\/\/www.mes-allocs.fr\/guides\/wp-content\/uploads\/2023\/12\/Foyer-de-jeunes-travailleurs-e1703246340200-600x158.jpg 600w\" sizes=\"auto, (max-width: 1592px) 100vw, 1592px\" \/><\/p>\n<p><strong>Le <a href=\"https:\/\/www.mes-allocs.fr\/guides\/contrat-engagement-jeune\/\">Contrat d&rsquo;Engagement Jeune (CEJ)<\/a> propos\u00e9 par P\u00f4le Emploi est un dispositif destin\u00e9 \u00e0 accompagner les jeunes en situation de pr\u00e9carit\u00e9 vers l&#8217;emploi durable. Cette initiative vise \u00e0 offrir un soutien personnalis\u00e9 et intensif pour faciliter l&rsquo;insertion professionnelle des jeunes b\u00e9n\u00e9ficiaires.<\/strong><\/p>\n<div class='cta-block'><div class='text'>Simulez votre \u00e9ligibilit\u00e9 au CEJ en 2 min. Gratuit.<\/div><a href='https:\/\/www.mes-allocs.fr\/ab-app?origin=guides\/wp-json\/wp\/v2\/posts\/76714' class='app-button fit'>Simulation gratuite<\/a><\/div>\n<h1><strong>Pr\u00e9sentation du Contrat d\u2019Engagement Jeune (CEJ)<\/strong><\/h1>\n<h2><strong>D\u00e9finition et objectifs du CEJ<\/strong><\/h2>\n<p>Le CEJ vise \u00e0 offrir un accompagnement personnalis\u00e9 aux jeunes \u00e2g\u00e9s de<strong> 16 \u00e0 25 ans<\/strong> (et jusqu&rsquo;\u00e0 29 ans pour les travailleurs handicap\u00e9s) qui rencontrent des difficult\u00e9s d&rsquo;acc\u00e8s \u00e0 l&#8217;emploi. Son objectif principal est de favoriser l&rsquo;insertion durable de ces jeunes sur le march\u00e9 du travail en leur proposant un accompagnement intensif et des actions sp\u00e9cifiques adapt\u00e9es \u00e0 leurs besoins.<\/p>\n<h2><strong>Public cible et conditions d\u2019\u00e9ligibilit\u00e9<\/strong><\/h2>\n<p>Le public cible du CEJ est constitu\u00e9 des jeunes en situation de pr\u00e9carit\u00e9 professionnelle, c&rsquo;est-\u00e0-dire ceux qui ne sont ni \u00e9tudiants ni engag\u00e9s dans des formations qualifiantes. Les conditions d&rsquo;\u00e9ligibilit\u00e9 incluent notamment l&rsquo;\u00e2ge (16 \u00e0 25 ans, ou jusqu&rsquo;\u00e0 29 ans pour les travailleurs handicap\u00e9s), le fait de ne pas \u00eatre \u00e9tudiant et de ne pas suivre de formation qualifiante, ainsi que la n\u00e9cessit\u00e9 de rencontrer des difficult\u00e9s d&rsquo;acc\u00e8s \u00e0 l&#8217;emploi.<\/p>\n<p>Le CEJ repr\u00e9sente une opportunit\u00e9 importante pour ces jeunes en difficult\u00e9 de b\u00e9n\u00e9ficier d&rsquo;un accompagnement personnalis\u00e9 et de ressources adapt\u00e9es pour les aider dans leur parcours vers l&#8217;emploi durable.<\/p>\n<p><iframe loading=\"lazy\" title=\"Le Contrat d&#039;Engagement Jeune (CEJ)\" width=\"500\" height=\"375\" src=\"https:\/\/www.youtube.com\/embed\/f_Hf5LBMHeQ?feature=oembed\" frameborder=\"0\" allow=\"accelerometer; autoplay; clipboard-write; encrypted-media; gyroscope; picture-in-picture; web-share\" referrerpolicy=\"strict-origin-when-cross-origin\" allowfullscreen><\/iframe><\/p>\n<h1><strong>Accompagnement initial par P\u00f4le Emploi<\/strong><\/h1>\n<h2><strong>Identification des besoins et des comp\u00e9tences du jeune<\/strong><\/h2>\n<p>L&rsquo;identification des besoins et des comp\u00e9tences du jeune est une \u00e9tape cruciale dans le processus d&rsquo;accompagnement vers l&#8217;emploi. Elle vise \u00e0 comprendre les sp\u00e9cificit\u00e9s de chaque individu afin de proposer des solutions personnalis\u00e9es et adapt\u00e9es \u00e0 sa situation. Pendant cette phase, un conseiller de P\u00f4le Emploi ou de la Mission Locale examine diff\u00e9rents aspects :<\/p>\n<ol>\n<li><strong>Comp\u00e9tences professionnelles :<\/strong> il \u00e9value les comp\u00e9tences techniques acquises par le jeune dans ses exp\u00e9riences pr\u00e9c\u00e9dentes, que ce soit par le biais de formations, d&#8217;emplois ou d&rsquo;activit\u00e9s b\u00e9n\u00e9voles.<\/li>\n<li><strong>Comp\u00e9tences transversales :<\/strong> il analyse \u00e9galement les comp\u00e9tences comportementales et transversales du jeune, telles que la communication, le travail en \u00e9quipe, la gestion du stress, la r\u00e9solution de probl\u00e8mes, etc.<\/li>\n<li><strong>Besoins en formation :<\/strong> il identifie les lacunes \u00e9ventuelles dans les comp\u00e9tences du jeune et propose des formations compl\u00e9mentaires pour renforcer son employabilit\u00e9.<\/li>\n<li><strong>Situation personnelle :<\/strong> il prend en compte la situation personnelle du jeune, y compris ses contraintes familiales, financi\u00e8res et sociales, qui pourraient influencer son parcours professionnel.<\/li>\n<li><strong>Aspirations professionnelles :<\/strong> il explore les aspirations, les int\u00e9r\u00eats et les objectifs professionnels du jeune afin de lui proposer des opportunit\u00e9s correspondant \u00e0 ses attentes.<\/li>\n<\/ol>\n<p>En r\u00e9sum\u00e9, l&rsquo;identification des besoins et des comp\u00e9tences du jeune permet de dresser un portrait global de sa situation et de d\u00e9finir les actions les plus appropri\u00e9es pour l&rsquo;aider \u00e0 atteindre ses objectifs professionnels.<\/p>\n<h2><strong>Orientation vers les dispositifs appropri\u00e9s, y compris le CEJ<\/strong><\/h2>\n<p>Sur la base de cette \u00e9valuation, le conseiller de P\u00f4le Emploi oriente le jeune vers les dispositifs d&rsquo;accompagnement les plus adapt\u00e9s \u00e0 sa situation. Si le jeune remplit les crit\u00e8res d&rsquo;\u00e9ligibilit\u00e9, il peut \u00eatre dirig\u00e9 vers le Contrat d&rsquo;Engagement Jeune (CEJ), qui offre un accompagnement intensif et individualis\u00e9 pour favoriser son insertion durable dans le monde du travail.<\/p>\n<p>Ce processus d&rsquo;accompagnement initial par P\u00f4le Emploi permet de mettre en place les premi\u00e8res \u00e9tapes vers l&#8217;emploi et de fournir au jeune les ressources et le soutien dont il a besoin pour r\u00e9ussir son parcours professionnel.<\/p>\n<h1>Comment b\u00e9n\u00e9ficier de l&rsquo;allocation CEJ ?<\/h1>\n<h2>Les conditions pour b\u00e9n\u00e9ficier de l&rsquo;allocation CEJ<\/h2>\n<p>Pour b\u00e9n\u00e9ficier de l&rsquo;allocation du Contrat d&rsquo;Engagement Jeune (CEJ), vous devez remplir les conditions d&rsquo;\u00e9ligibilit\u00e9 suivantes :<\/p>\n<ol>\n<li>\u00catre \u00e2g\u00e9 de 16 \u00e0 25 ans (ou jusqu&rsquo;\u00e0 29 ans r\u00e9volus pour les travailleurs handicap\u00e9s).<\/li>\n<li>Ne pas \u00eatre \u00e9tudiant ni engag\u00e9 dans des formations qualifiantes.<\/li>\n<li>\u00catre en situation de pr\u00e9carit\u00e9 professionnelle, c&rsquo;est-\u00e0-dire rencontrer des difficult\u00e9s d&rsquo;acc\u00e8s \u00e0 l&#8217;emploi durable.<\/li>\n<li>\u00catre inscrit comme demandeur d&#8217;emploi aupr\u00e8s de P\u00f4le Emploi ou \u00eatre accompagn\u00e9 par la Mission Locale.<\/li>\n<\/ol>\n<p>Une fois que vous remplissez ces crit\u00e8res, vous pouvez vous renseigner aupr\u00e8s de P\u00f4le Emploi ou de la Mission Locale pour conna\u00eetre les <a href=\"https:\/\/www.mes-allocs.fr\/guides\/contrat-engagement-jeune\/demarches-cej\/\">d\u00e9marches<\/a> \u00e0 suivre pour b\u00e9n\u00e9ficier du CEJ et de son allocation.<\/p>\n<h2>Puis-je cumuler ch\u00f4mage et CEJ ?<\/h2>\n<p>Non, il n&rsquo;est g\u00e9n\u00e9ralement pas possible de cumuler les allocations ch\u00f4mage et le Contrat d&rsquo;Engagement Jeune (CEJ) simultan\u00e9ment. Le CEJ est con\u00e7u pour accompagner les jeunes en situation de pr\u00e9carit\u00e9 vers l&#8217;emploi durable, et il est souvent assorti de mesures sp\u00e9cifiques visant \u00e0 favoriser leur insertion professionnelle.<\/p>\n<p>Cependant, il est recommand\u00e9 de v\u00e9rifier cette information aupr\u00e8s de P\u00f4le Emploi ou de la <a href=\"https:\/\/www.mes-allocs.fr\/guides\/contrat-engagement-jeune\/demarches-cej\/cej-mission-locale\/\">Mission Locale<\/a>, car les r\u00e8gles peuvent varier en fonction de la situation individuelle et des dispositions l\u00e9gales en vigueur.<\/p>\n<div class=\"docos-collapsible-replyview\">\n<div class=\"docos-replyview-static\">\n<h1 class=\"docos-replyview-body docos-anchoredreplyview-body docos-replyview-body-emoji-reactable docos-replyview-body-emoji-reactable-background\" dir=\"ltr\">Comment faire une demande de CEJ ?<\/h1>\n<h2 class=\"docos-replyview-body docos-anchoredreplyview-body docos-replyview-body-emoji-reactable docos-replyview-body-emoji-reactable-background\" dir=\"ltr\">La demande de CEJ aupr\u00e8s de P\u00f4le Emploi<\/h2>\n<p>Pour faire une demande de Contrat d&rsquo;Engagement Jeune (CEJ) aupr\u00e8s de P\u00f4le Emploi, vous devez d&rsquo;abord prendre rendez-vous avec votre conseiller P\u00f4le Emploi. Lors de ce rendez-vous, vous devrez fournir certains documents et remplir un formulaire de demande de CEJ. Votre conseiller vous guidera \u00e0 travers les \u00e9tapes de la demande et vous fournira toutes les informations n\u00e9cessaires sur le processus. Une fois votre demande soumise, elle sera examin\u00e9e par P\u00f4le Emploi qui d\u00e9terminera votre \u00e9ligibilit\u00e9 au CEJ et vous informera des prochaines \u00e9tapes.<\/p>\n<h2 class=\"docos-replyview-body docos-anchoredreplyview-body docos-replyview-body-emoji-reactable docos-replyview-body-emoji-reactable-background\" dir=\"ltr\">La simulation en ligne (comme pour l&rsquo;article du dessus)<\/h2>\n<p>La simulation en ligne est un outil pratique pour estimer votre \u00e9ligibilit\u00e9 au Contrat d&rsquo;Engagement Jeune (CEJ) et pour obtenir une estimation du montant de l&rsquo;allocation que vous pourriez recevoir. Vous pouvez g\u00e9n\u00e9ralement acc\u00e9der \u00e0 cet outil sur le site web de P\u00f4le Emploi ou sur d&rsquo;autres plateformes d\u00e9di\u00e9es \u00e0 l&#8217;emploi et \u00e0 la formation. Pour utiliser la simulation en ligne, vous devrez fournir quelques informations sur votre situation personnelle et professionnelle, telles que votre \u00e2ge, votre statut d&#8217;emploi actuel et vos revenus \u00e9ventuels. En fonction de ces informations, l&rsquo;outil vous fournira une estimation personnalis\u00e9e de vos droits au CEJ. Cela peut vous aider \u00e0 mieux comprendre votre situation et \u00e0 prendre des d\u00e9cisions \u00e9clair\u00e9es concernant votre parcours professionnel.<\/p>\n<p><strong>\u00c0 noter : une simulation est possible sur 1 jeune 1 solution et sur Mes Allocs\u00a0<\/strong><\/p>\n<p>L&rsquo;<a href=\"https:\/\/www.mes-allocs.fr\/guides\/contrat-engagement-jeune\/demarches-cej\/cej-inscription\/\">inscription au Contrat d&rsquo;Engagement Jeune (CEJ)<\/a> constitue une d\u00e9marche essentielle pour les jeunes d\u00e9sireux de s&rsquo;engager sur le march\u00e9 de l&#8217;emploi.<\/p>\n<\/div>\n<\/div>\n<div class='cta-block'><div class='text'>Simulez votre \u00e9ligibilit\u00e9 au CEJ en 2 min. Gratuit.<\/div><a href='https:\/\/www.mes-allocs.fr\/ab-app?origin=guides\/wp-json\/wp\/v2\/posts\/76714' class='app-button fit'>Simulation gratuite<\/a><\/div>\n","protected":false},"excerpt":{"rendered":"<p>Le Contrat d&rsquo;Engagement Jeune (CEJ) propos\u00e9 par P\u00f4le Emploi est un dispositif destin\u00e9 \u00e0 accompagner les jeunes en situation de pr\u00e9carit\u00e9 vers l&#8217;emploi durable. Cette initiative vise \u00e0 offrir un soutien personnalis\u00e9 et intensif pour faciliter l&rsquo;insertion professionnelle des jeunes b\u00e9n\u00e9ficiaires. Pr\u00e9sentation du Contrat d\u2019Engagement Jeune (CEJ) D\u00e9finition et objectifs du CEJ Le CEJ vise [&hellip;]<\/p>\n","protected":false},"author":26,"featured_media":26011,"comment_status":"open","ping_status":"open","sticky":false,"template":"","format":"standard","meta":{"amp_status":"","footnotes":""},"categories":[30057,33441],"tags":[],"class_list":["post-76714","post","type-post","status-publish","format-standard","has-post-thumbnail","hentry","category-contrat-engagement-jeune","category-demarches-cej"],"yoast_head":"<!-- This site is optimized with the Yoast SEO plugin v14.9 - https:\/\/yoast.com\/wordpress\/plugins\/seo\/ -->\n<title>Le Contrat d&#039;Engagement Jeune (CEJ) par P\u00f4le Emploi | Mes-Allocs.fr<\/title>\n<meta name=\"description\" content=\"Le Contrat d&#039;Engagement Jeune (CEJ) propos\u00e9 par P\u00f4le Emploi est un dispositif destin\u00e9 \u00e0 accompagner les jeunes en situation de pr\u00e9carit\u00e9.\" \/>\n<meta name=\"robots\" content=\"index, follow, max-snippet:-1, max-image-preview:large, max-video-preview:-1\" \/>\n<link rel=\"canonical\" href=\"https:\/\/www.mes-allocs.fr\/guides\/contrat-engagement-jeune\/demarches-cej\/cej-pole-emploi\/\" \/>\n<meta property=\"og:locale\" content=\"fr_FR\" \/>\n<meta property=\"og:type\" content=\"article\" \/>\n<meta property=\"og:title\" content=\"Le Contrat d&#039;Engagement Jeune (CEJ) par P\u00f4le Emploi | Mes-Allocs.fr\" \/>\n<meta property=\"og:description\" content=\"Le Contrat d&#039;Engagement Jeune (CEJ) propos\u00e9 par P\u00f4le Emploi est un dispositif destin\u00e9 \u00e0 accompagner les jeunes en situation de pr\u00e9carit\u00e9.\" \/>\n<meta property=\"og:url\" content=\"https:\/\/www.mes-allocs.fr\/guides\/contrat-engagement-jeune\/demarches-cej\/cej-pole-emploi\/\" \/>\n<meta property=\"og:site_name\" content=\"Mes-Allocs.fr\" \/>\n<meta property=\"article:published_time\" content=\"2024-04-10T09:48:37+00:00\" \/>\n<meta property=\"article:modified_time\" content=\"2026-04-22T09:55:03+00:00\" \/>\n<meta property=\"og:image\" content=\"https:\/\/www.mes-allocs.fr\/guides\/wp-content\/uploads\/2021\/04\/pexels-fox-1595391.jpg?wsr\" \/>\n\t<meta property=\"og:image:width\" content=\"1280\" \/>\n\t<meta property=\"og:image:height\" content=\"853\" \/>\n<meta name=\"twitter:card\" content=\"summary_large_image\" \/>\n<script type=\"application\/ld+json\" class=\"yoast-schema-graph\">{\"@context\":\"https:\/\/schema.org\",\"@graph\":[{\"@type\":\"WebSite\",\"@id\":\"https:\/\/www.mes-allocs.fr\/guides\/#website\",\"url\":\"https:\/\/www.mes-allocs.fr\/guides\/\",\"name\":\"Mes-Allocs.fr\",\"description\":\"\",\"potentialAction\":[{\"@type\":\"SearchAction\",\"target\":\"https:\/\/www.mes-allocs.fr\/guides\/?s={search_term_string}\",\"query-input\":\"required name=search_term_string\"}],\"inLanguage\":\"fr-FR\"},{\"@type\":\"ImageObject\",\"@id\":\"https:\/\/www.mes-allocs.fr\/guides\/contrat-engagement-jeune\/demarches-cej\/cej-pole-emploi\/#primaryimage\",\"inLanguage\":\"fr-FR\",\"url\":\"https:\/\/www.mes-allocs.fr\/guides\/wp-content\/uploads\/2021\/04\/pexels-fox-1595391.jpg?wsr\",\"width\":1280,\"height\":853,\"caption\":\"cej pole emploi\"},{\"@type\":\"WebPage\",\"@id\":\"https:\/\/www.mes-allocs.fr\/guides\/contrat-engagement-jeune\/demarches-cej\/cej-pole-emploi\/#webpage\",\"url\":\"https:\/\/www.mes-allocs.fr\/guides\/contrat-engagement-jeune\/demarches-cej\/cej-pole-emploi\/\",\"name\":\"Le Contrat d'Engagement Jeune (CEJ) par P\\u00f4le Emploi | Mes-Allocs.fr\",\"isPartOf\":{\"@id\":\"https:\/\/www.mes-allocs.fr\/guides\/#website\"},\"primaryImageOfPage\":{\"@id\":\"https:\/\/www.mes-allocs.fr\/guides\/contrat-engagement-jeune\/demarches-cej\/cej-pole-emploi\/#primaryimage\"},\"datePublished\":\"2024-04-10T09:48:37+00:00\",\"dateModified\":\"2026-04-22T09:55:03+00:00\",\"author\":{\"@id\":\"https:\/\/www.mes-allocs.fr\/guides\/#\/schema\/person\/9c38f3be41a0ddcd1e3fde5a3df713bf\"},\"description\":\"Le Contrat d'Engagement Jeune (CEJ) propos\\u00e9 par P\\u00f4le Emploi est un dispositif destin\\u00e9 \\u00e0 accompagner les jeunes en situation de pr\\u00e9carit\\u00e9.\",\"inLanguage\":\"fr-FR\"},{\"@type\":\"Person\",\"@id\":\"https:\/\/www.mes-allocs.fr\/guides\/#\/schema\/person\/9c38f3be41a0ddcd1e3fde5a3df713bf\",\"name\":\"Sessime Ananou\",\"image\":{\"@type\":\"ImageObject\",\"@id\":\"https:\/\/www.mes-allocs.fr\/guides\/#personlogo\",\"inLanguage\":\"fr-FR\",\"url\":\"https:\/\/www.mes-allocs.fr\/guides\/wp-content\/uploads\/2023\/08\/IMG_8173-150x150.jpg\",\"caption\":\"Sessime Ananou\"},\"description\":\"Sessime est r\\u00e9dactrice chez Mes Allocs, sp\\u00e9cialis\\u00e9e sur le pouvoir d'achat. Elle rejoint l'\\u00e9quipe Mes Allocs en ao\\u00fbt 2023 afin de simplifier l'acc\\u00e8s \\u00e0 l'information sur les aides en g\\u00e9n\\u00e9ral.\"}]}<\/script>\n<!-- \/ Yoast SEO plugin. -->","amp_validity":null,"acf":{"faq":{"1":{"question":"Qu'est-ce que le Contrat d'Engagement Jeune (CEJ) par P\u00f4le Emploi ?","answer":"Le CEJ est un programme gouvernemental visant \u00e0 aider les jeunes en difficult\u00e9 \u00e0 trouver un emploi stable en leur offrant un accompagnement personnalis\u00e9 et des ressources adapt\u00e9es."},"2":{"question":"Qui peut b\u00e9n\u00e9ficier du CEJ ?","answer":"Les jeunes \u00e2g\u00e9s de 16 \u00e0 25 ans, et jusqu'\u00e0 29 ans pour les travailleurs handicap\u00e9s, en situation de pr\u00e9carit\u00e9 professionnelle peuvent b\u00e9n\u00e9ficier du CEJ."},"3":{"question":"Comment faire une demande de CEJ aupr\u00e8s de P\u00f4le Emploi ?","answer":"Pour b\u00e9n\u00e9ficier du CEJ, les jeunes doivent s'adresser \u00e0 leur conseiller P\u00f4le Emploi, qui les orientera et les accompagnera tout au long du processus de demande."},"4":{"question":"Quelles sont les obligations des b\u00e9n\u00e9ficiaires du CEJ ?","answer":"Les b\u00e9n\u00e9ficiaires du CEJ doivent s'engager \u00e0 suivre les actions et les formations propos\u00e9es dans le cadre du contrat, ainsi qu'\u00e0 respecter les r\u00e8gles et les engagements fix\u00e9s par P\u00f4le Emploi."},"5":{"question":"Quel est le suivi propos\u00e9 aux jeunes participants au CEJ ?","answer":"Les jeunes participants au CEJ b\u00e9n\u00e9ficient d'un suivi r\u00e9gulier et personnalis\u00e9 de la part de leur conseiller P\u00f4le Emploi, qui les accompagne dans leurs d\u00e9marches et les soutient dans leur recherche d'emploi."},"6":{"question":"","answer":""},"7":{"question":"","answer":""},"8":{"question":"","answer":""},"9":{"question":"","answer":""},"10":{"question":"","answer":""},"11":{"question":"","answer":""},"12":{"question":"","answer":""},"13":{"question":"","answer":""},"14":{"question":"","answer":""},"15":{"question":"","answer":""},"16":{"question":"","answer":""}}},"_links":{"self":[{"href":"https:\/\/www.mes-allocs.fr\/guides\/wp-json\/wp\/v2\/posts\/76714","targetHints":{"allow":["GET"]}}],"collection":[{"href":"https:\/\/www.mes-allocs.fr\/guides\/wp-json\/wp\/v2\/posts"}],"about":[{"href":"https:\/\/www.mes-allocs.fr\/guides\/wp-json\/wp\/v2\/types\/post"}],"author":[{"embeddable":true,"href":"https:\/\/www.mes-allocs.fr\/guides\/wp-json\/wp\/v2\/users\/26"}],"replies":[{"embeddable":true,"href":"https:\/\/www.mes-allocs.fr\/guides\/wp-json\/wp\/v2\/comments?post=76714"}],"version-history":[{"count":6,"href":"https:\/\/www.mes-allocs.fr\/guides\/wp-json\/wp\/v2\/posts\/76714\/revisions"}],"predecessor-version":[{"id":104107,"href":"https:\/\/www.mes-allocs.fr\/guides\/wp-json\/wp\/v2\/posts\/76714\/revisions\/104107"}],"wp:featuredmedia":[{"embeddable":true,"href":"https:\/\/www.mes-allocs.fr\/guides\/wp-json\/wp\/v2\/media\/26011"}],"wp:attachment":[{"href":"https:\/\/www.mes-allocs.fr\/guides\/wp-json\/wp\/v2\/media?parent=76714"}],"wp:term":[{"taxonomy":"category","embeddable":true,"href":"https:\/\/www.mes-allocs.fr\/guides\/wp-json\/wp\/v2\/categories?post=76714"},{"taxonomy":"post_tag","embeddable":true,"href":"https:\/\/www.mes-allocs.fr\/guides\/wp-json\/wp\/v2\/tags?post=76714"}],"curies":[{"name":"wp","href":"https:\/\/api.w.org\/{rel}","templated":true}]}}