{"id":7643,"date":"2020-07-06T15:00:40","date_gmt":"2020-07-06T15:00:40","guid":{"rendered":"https:\/\/www.mes-allocs.fr\/guides\/?p=7643"},"modified":"2026-04-02T14:41:31","modified_gmt":"2026-04-02T13:41:31","slug":"prime-activite-et-prime-noel","status":"publish","type":"post","link":"https:\/\/www.mes-allocs.fr\/guides\/prime-d-activite\/cumul-prime-activite\/prime-activite-et-prime-noel\/","title":{"rendered":"Prime d&rsquo;activit\u00e9 et prime de No\u00ebl\u00a0: peut-on cumuler les deux en 2026 ?"},"content":{"rendered":"<p><img loading=\"lazy\" decoding=\"async\" class=\"aligncenter wp-image-59882 size-full\" title=\"prime d activit\u00e9 et prime de noel\" src=\"https:\/\/www.mes-allocs.fr\/guides\/wp-content\/uploads\/2020\/07\/image_2022-12-20_175657954-e1685373034644.png\" alt=\"prime d activit\u00e9 et prime de noel\" width=\"1243\" height=\"205\" srcset=\"https:\/\/www.mes-allocs.fr\/guides\/wp-content\/uploads\/2020\/07\/image_2022-12-20_175657954-e1685373034644.png 1243w, https:\/\/www.mes-allocs.fr\/guides\/wp-content\/uploads\/2020\/07\/image_2022-12-20_175657954-e1685373034644-300x49.png 300w, https:\/\/www.mes-allocs.fr\/guides\/wp-content\/uploads\/2020\/07\/image_2022-12-20_175657954-e1685373034644-1024x169.png 1024w, https:\/\/www.mes-allocs.fr\/guides\/wp-content\/uploads\/2020\/07\/image_2022-12-20_175657954-e1685373034644-768x127.png 768w, https:\/\/www.mes-allocs.fr\/guides\/wp-content\/uploads\/2020\/07\/image_2022-12-20_175657954-e1685373034644-600x99.png 600w\" sizes=\"auto, (max-width: 1243px) 100vw, 1243px\" \/><\/p>\n<p><span style=\"font-weight: 400;\">[Mis \u00e0 jour le 02\/04\/2026]<\/span> En 2026, il est possible de <a href=\"https:\/\/www.mes-allocs.fr\/guides\/prime-d-activite\/cumul-prime-activite\/\">cumuler la prime d\u2019activit\u00e9<\/a> avec de nombreuses aides. Mais qu\u2019en est-il pour la prime de No\u00ebl ? Pouvez-vous<b> cumuler prime de No\u00ebl et prime d\u2019activit\u00e9<\/b> ? Les conditions pour toucher cette aide de fin d\u2019ann\u00e9e sont strictes, et tout le monde n\u2019y est pas \u00e9ligible. On vous explique si vous pouvez la toucher avec la prime d\u2019activit\u00e9 en 2026.<\/p>\n<div class='cta-block'><div class='text'>Simulez toutes vos aides en 2 min.<\/div><a href='https:\/\/www.mes-allocs.fr\/ab-app?origin=guides\/wp-json\/wp\/v2\/posts\/7643' class='app-button fit'>Simulation gratuite<\/a><\/div>\n<h1>Peut-on cumuler la prime d\u2019activit\u00e9 et la prime de No\u00ebl en 2026 ?<\/h1>\n<p><b>Oui<\/b>, il est possible de <b>cumuler la prime d\u2019activit\u00e9 et la prime de No\u00ebl<\/b> en 2026. Mais attention, il y a une condition \u00e0 respecter : vous devez b\u00e9n\u00e9ficier en novembre et en d\u00e9cembre de la prime d\u2019activit\u00e9 en plus du <b>RSA (Revenu de solidarit\u00e9 active)<\/b> socle. Autrement dit, vous devez cumuler ces deux aides de la CAF pour \u00eatre \u00e9ligible.<\/p>\n<div class='shortcode important'><div class='title'>Important<\/div><div class='content'>Le cas du cumul de la prime d\u2019activit\u00e9 et du RSA est tr\u00e8s rare. En effet, pour \u00eatre \u00e9ligible au RSA en plus de la prime d\u2019activit\u00e9, <b>vos ressources ne doivent pas d\u00e9passer le montant du RSA socle<\/b>. Si vos ressources sont sup\u00e9rieures, vous ne pouvez pas percevoir le RSA socle et n\u2019\u00eates ainsi pas \u00e9ligible \u00e0 la prime de No\u00ebl.<\/div><\/div>\n<h1>\u00catre b\u00e9n\u00e9ficiaire de la prime d\u2019activit\u00e9 vous rend-il \u00e9ligible \u00e0 la prime de No\u00ebl ?<\/h1>\n<p><b>Non<\/b>, percevoir la prime d&rsquo;activit\u00e9 ne vous rend pas \u00e9ligible \u00e0 la prime de No\u00ebl.<\/p>\n<p>Pour rappel, il y a 3 types de primes de No\u00ebl : celle de <b>la CAF<\/b>, celle de <b>la MSA<\/b> et celle de <b>France Travail<\/b>. Vous pouvez \u00eatre \u00e9ligible \u00e0 la prime de No\u00ebl en plus de la prime d\u2019activit\u00e9 seulement si vous \u00eates aussi \u00e9ligible \u00e0 l\u2019une des aides mentionn\u00e9es ci-dessous.<\/p>\n<ul>\n<li aria-level=\"1\">Avoir <b>le RSA socle<\/b><\/li>\n<li aria-level=\"1\">Avoir <b>l\u2019ASS<\/b> (Allocation de solidarit\u00e9 sp\u00e9cifique)<\/li>\n<li aria-level=\"1\">B\u00e9n\u00e9ficier de <b>la RFFT<\/b> (R\u00e9mun\u00e9ration de formation de France Travail) si elle fait suite \u00e0 un versement d\u2019ASS<\/li>\n<li aria-level=\"1\">B\u00e9n\u00e9ficier de <b>l\u2019ACRE-ASS<\/b> (aide \u00e0 la cr\u00e9ation et \u00e0 la reprise d\u2019entreprise coupl\u00e9e avec l\u2019ASS)<\/li>\n<li aria-level=\"1\">Toucher <b>l\u2019AER<\/b> (Allocation \u00e9quivalent retraite)<\/li>\n<\/ul>\n<p>Il est donc tr\u00e8s rare de cumuler la prime d\u2019activit\u00e9 avec l\u2019une de ces aides, car <b>qui dit prime d\u2019activit\u00e9, dit activit\u00e9 professionnelle<\/b>. Il y a donc peu de chance de pouvoir b\u00e9n\u00e9ficier du RSA (ou toute autre aide \u00e9ligible). Pour rappel, le RSA est destin\u00e9 aux personnes ayant des ressources faibles voire aucun revenu.<\/p>\n<h1>Prime de No\u00ebl et prime d&rsquo;activit\u00e9 sans RSA : est-ce possible ?<\/h1>\n<p><b>Non<\/b>, ce n\u2019est pas possible de percevoir la prime de No\u00ebl sans le RSA ou une autre aide \u00e9ligible. En effet, si vous ne b\u00e9n\u00e9ficiez d\u2019aucune de ces aides, vous ne pouvez pas percevoir la prime de No\u00ebl.<\/p>\n<div class='cta-block'><div class='text'>Simulez toutes vos aides en 2 min.<\/div><a href='https:\/\/www.mes-allocs.fr\/ab-app?origin=guides\/wp-json\/wp\/v2\/posts\/7643' class='app-button fit'>Simulation gratuite<\/a><\/div>\n<h1>Quel est le montant de la prime de No\u00ebl quand on per\u00e7oit la prime d\u2019activit\u00e9 ?<\/h1>\n<p>Le montant de la prime de No\u00ebl ne change pas m\u00eame si vous percevez la prime d\u2019activit\u00e9. Il d\u00e9pend seulement du <b>nombre de personnes pr\u00e9sentes dans votre foyer<\/b>, \u00e0 savoir le nombre d\u2019enfants et la situation familiale (seul ou en couple).<\/p>\n<h2>Quel est le montant de la prime de No\u00ebl en 2026 ?<\/h2>\n<p>Selon le nombre d\u2019enfants \u00e0 charge, le montant de la prime de No\u00ebl varie. En 2026, les montants officiels sont les suivants.<\/p>\n<ul>\n<li aria-level=\"1\">Sans enfant, vous b\u00e9n\u00e9ficierez d&rsquo;un montant de <b>152,45 \u20ac<\/b> si vous \u00eates seul(e) ou <b>228,68 \u20ac<\/b> en couple<\/li>\n<li aria-level=\"1\">Avec un enfant, vous b\u00e9n\u00e9ficierez d&rsquo;un montant de <b>228,68 \u20ac<\/b> si vous \u00eates seul(e) ou <b>274,41 \u20ac<\/b> en couple.<\/li>\n<li aria-level=\"1\">Avec deux enfants, vous b\u00e9n\u00e9ficierez d&rsquo;un montant de <b>274,41 \u20ac<\/b> si vous \u00eates seul(e) ou <b>320,15 \u20ac<\/b> en couple.<\/li>\n<li aria-level=\"1\">Avec trois enfants, vous b\u00e9n\u00e9ficierez d&rsquo;un montant de <strong>335,39 \u20ac<\/strong> si vous \u00eates seul(e) ou de <b>381,13 \u20ac<\/b> en couple.<\/li>\n<\/ul>\n\n<div class=\"wpdt-c row wpDataTableContainerSimpleTable wpDataTables wpDataTablesWrapper\n wdtscroll\"\n    >\n    <table id=\"wpdtSimpleTable-33\"\n           class=\"wpdtSimpleTable wpDataTable\"\n           data-column=\"3\"\n           data-rows=\"8\"\n           data-wpID=\"33\"\n           data-responsive=\"0\"\n           data-has-header=\"0\">\n\n                    <tbody>        <tr class=\"wpdt-cell-row \" >\n                            <td class=\"wpdt-cell wpdt-bc-F3F9FE wpdt-bold\"\n                                    data-cell-id=\"A1\"\n                data-col-index=\"0\"\n                data-row-index=\"0\"\n                style=\" width:260px;                padding:10px;\"\n                >\n                                Nombre d\u2019enfant(s)                <\/td>\n                                            <td class=\"wpdt-cell wpdt-bc-F3F9FE wpdt-bold\"\n                                    data-cell-id=\"B1\"\n                data-col-index=\"1\"\n                data-row-index=\"0\"\n                style=\" width:228px;                padding:10px;\"\n                >\n                                Personne seule                <\/td>\n                                            <td class=\"wpdt-cell wpdt-bc-F3F9FE wpdt-bold\"\n                                    data-cell-id=\"C1\"\n                data-col-index=\"2\"\n                data-row-index=\"0\"\n                style=\" width:217px;                padding:10px;\"\n                >\n                                En couple                <\/td>\n                                        <\/tr>\n                            <tr class=\"wpdt-cell-row \" >\n                            <td class=\"wpdt-cell wpdt-bold\"\n                                    data-cell-id=\"A2\"\n                data-col-index=\"0\"\n                data-row-index=\"1\"\n                style=\"                padding:10px;\"\n                >\n                                Sans enfant                <\/td>\n                                            <td class=\"wpdt-cell \"\n                                    data-cell-id=\"B2\"\n                data-col-index=\"1\"\n                data-row-index=\"1\"\n                style=\"                padding:10px;\"\n                >\n                                152,45 \u20ac                <\/td>\n                                            <td class=\"wpdt-cell \"\n                                    data-cell-id=\"C2\"\n                data-col-index=\"2\"\n                data-row-index=\"1\"\n                style=\"                padding:10px;\"\n                >\n                                228,68 \u20ac                <\/td>\n                                        <\/tr>\n                            <tr class=\"wpdt-cell-row \" >\n                            <td class=\"wpdt-cell wpdt-bold\"\n                                    data-cell-id=\"A3\"\n                data-col-index=\"0\"\n                data-row-index=\"2\"\n                style=\"                padding:10px;\"\n                >\n                                1 enfant                <\/td>\n                                            <td class=\"wpdt-cell \"\n                                    data-cell-id=\"B3\"\n                data-col-index=\"1\"\n                data-row-index=\"2\"\n                style=\"                padding:10px;\"\n                >\n                                228,68 \u20ac                <\/td>\n                                            <td class=\"wpdt-cell \"\n                                    data-cell-id=\"C3\"\n                data-col-index=\"2\"\n                data-row-index=\"2\"\n                style=\"                padding:10px;\"\n                >\n                                274,41 \u20ac                <\/td>\n                                        <\/tr>\n                            <tr class=\"wpdt-cell-row \" >\n                            <td class=\"wpdt-cell wpdt-bold\"\n                                    data-cell-id=\"A4\"\n                data-col-index=\"0\"\n                data-row-index=\"3\"\n                style=\"                padding:10px;\"\n                >\n                                2 enfants                <\/td>\n                                            <td class=\"wpdt-cell \"\n                                    data-cell-id=\"B4\"\n                data-col-index=\"1\"\n                data-row-index=\"3\"\n                style=\"                padding:10px;\"\n                >\n                                274,41 \u20ac                <\/td>\n                                            <td class=\"wpdt-cell \"\n                                    data-cell-id=\"C4\"\n                data-col-index=\"2\"\n                data-row-index=\"3\"\n                style=\"                padding:10px;\"\n                >\n                                320,15 \u20ac                <\/td>\n                                        <\/tr>\n                            <tr class=\"wpdt-cell-row \" >\n                            <td class=\"wpdt-cell wpdt-bold\"\n                                    data-cell-id=\"A5\"\n                data-col-index=\"0\"\n                data-row-index=\"4\"\n                style=\"                padding:10px;\"\n                >\n                                3 enfants                <\/td>\n                                            <td class=\"wpdt-cell \"\n                                    data-cell-id=\"B5\"\n                data-col-index=\"1\"\n                data-row-index=\"4\"\n                style=\"                padding:10px;\"\n                >\n                                335,39 \u20ac                <\/td>\n                                            <td class=\"wpdt-cell \"\n                                    data-cell-id=\"C5\"\n                data-col-index=\"2\"\n                data-row-index=\"4\"\n                style=\"                padding:10px;\"\n                >\n                                381,13 \u20ac                <\/td>\n                                        <\/tr>\n                            <tr class=\"wpdt-cell-row \" >\n                            <td class=\"wpdt-cell wpdt-bold\"\n                                    data-cell-id=\"A6\"\n                data-col-index=\"0\"\n                data-row-index=\"5\"\n                style=\"                padding:10px;\"\n                >\n                                4 enfants                <\/td>\n                                            <td class=\"wpdt-cell \"\n                                    data-cell-id=\"B6\"\n                data-col-index=\"1\"\n                data-row-index=\"5\"\n                style=\"                padding:10px;\"\n                >\n                                396,37 \u20ac                <\/td>\n                                            <td class=\"wpdt-cell \"\n                                    data-cell-id=\"C6\"\n                data-col-index=\"2\"\n                data-row-index=\"5\"\n                style=\"                padding:10px;\"\n                >\n                                442,11 \u20ac                <\/td>\n                                        <\/tr>\n                            <tr class=\"wpdt-cell-row \" >\n                            <td class=\"wpdt-cell wpdt-bold\"\n                                    data-cell-id=\"A7\"\n                data-col-index=\"0\"\n                data-row-index=\"6\"\n                style=\"                padding:10px;\"\n                >\n                                5 enfants                <\/td>\n                                            <td class=\"wpdt-cell \"\n                                    data-cell-id=\"B7\"\n                data-col-index=\"1\"\n                data-row-index=\"6\"\n                style=\"                padding:10px;\"\n                >\n                                457,35 \u20ac                <\/td>\n                                            <td class=\"wpdt-cell \"\n                                    data-cell-id=\"C7\"\n                data-col-index=\"2\"\n                data-row-index=\"6\"\n                style=\"                padding:10px;\"\n                >\n                                503,09 \u20ac                <\/td>\n                                        <\/tr>\n                            <tr class=\"wpdt-cell-row \" >\n                            <td class=\"wpdt-cell wpdt-bold\"\n                                    data-cell-id=\"A8\"\n                data-col-index=\"0\"\n                data-row-index=\"7\"\n                style=\"                padding:10px;\"\n                >\n                                Par enfant(s) suppl\u00e9mentaire                <\/td>\n                                            <td class=\"wpdt-cell \"\n                                    data-cell-id=\"B8\"\n                data-col-index=\"1\"\n                data-row-index=\"7\"\n                style=\"                padding:10px;\"\n                >\n                                +60,98 \u20ac                <\/td>\n                                            <td class=\"wpdt-cell \"\n                                    data-cell-id=\"C8\"\n                data-col-index=\"2\"\n                data-row-index=\"7\"\n                style=\"                padding:10px;\"\n                >\n                                +60,98 \u20ac                <\/td>\n                                        <\/tr>\n                    <\/table>\n<\/div><style id='wpdt-custom-style-33'>\n.wpdt-bc-F3F9FE { background-color: #F3F9FE !important;}\n<\/style>\n\n<p>&nbsp;<\/p>\n<p>Concernant la prime de No\u00ebl vers\u00e9e par France Travail, il s\u2019agit d\u2019un <b>montant fixe<\/b>. Peu importe le nombre d\u2019enfants que vous avez \u00e0 votre charge ou votre situation familiale, vous percevez la m\u00eame somme. Pour 2026, le montant est fix\u00e9 \u00e0 <b>152,45 \u20ac<\/b> tout comme l\u2019an dernier. La seule exception est Mayotte, les b\u00e9n\u00e9ficiaires r\u00e9sidant l\u00e0-bas ont per\u00e7u <b>76,22 \u20ac<\/b>.<\/p>\n<h2>La prime d\u2019activit\u00e9 impacte-t-elle le montant de la prime de No\u00ebl ?<\/h2>\n<p><b>Non<\/b>, la prime d\u2019activit\u00e9 n\u2019a aucune influence sur le montant de la prime de No\u00ebl. Seule la composition de votre foyer (le nombre d\u2019enfants et si vous \u00eates seul(e) ou en couple) est prise en compte dans le calcul de votre prime de No\u00ebl.<\/p>\n<p>Que vous perceviez la prime d\u2019activit\u00e9 ou non, le montant de la prime de No\u00ebl reste le m\u00eame.<\/p>\n<h1>La prime de No\u00ebl r\u00e9duit-elle le montant de votre prime d&rsquo;activit\u00e9 ?<\/h1>\n<p><b>Non<\/b>, la prime de No\u00ebl ne r\u00e9duit pas le montant de votre prime d\u2019activit\u00e9. La CAF ne prend pas en compte les m\u00eames \u00e9l\u00e9ments pour calculer les deux primes :<\/p>\n<ul>\n<li aria-level=\"1\">Pour calculer la prime de No\u00ebl, la prime d\u2019activit\u00e9 n\u2019est pas prise en compte. Seule <b>la composition de votre foyer<\/b> compte, ce qui n\u2019est pas le cas pour la prime d\u2019activit\u00e9.<\/li>\n<li aria-level=\"1\">Pour calculer la prime d\u2019activit\u00e9, ce sont <b>les ressources du foyer<\/b> qui sont prises en compte. Cette aide exceptionnelle de fin d\u2019ann\u00e9e n\u2019est pas du tout comptabilis\u00e9e dedans.<\/li>\n<\/ul>\n<p>Donc la CAF ne peut pas r\u00e9duire le montant de votre prime d\u2019activit\u00e9 si vous percevez la prime de No\u00ebl. La prime d\u2019activit\u00e9 et la prime de No\u00ebl sont <b>calcul\u00e9es ind\u00e9pendamment l\u2019une de l\u2019autre<\/b>.<\/p>\n<h1>B\u00e9n\u00e9ficiaire de la prime d\u2019activit\u00e9 : comment recevoir la prime de No\u00ebl ?<\/h1>\n<p>Il n\u2019y a <b>pas de d\u00e9marche suppl\u00e9mentaire<\/b> \u00e0 faire de votre c\u00f4t\u00e9 \u00e0 part s\u2019il y a un changement dans votre situation familiale (par exemple, l\u2019ajout d\u2019un nouvel enfant ou en cas de s\u00e9paration).<\/p>\n<p>Du moment que vous touchez le RSA, l\u2019AER, le RFFT ou l\u2019ASS, la CAF vous versera <b>automatiquement<\/b> la prime de No\u00ebl le 16 d\u00e9cembre\u00a0 si vous \u00eates bien \u00e9ligible. Si vous souhaitez en \u00eatre s\u00fbr, vous pouvez utiliser notre <b>simulateur gratuit<\/b> pour conna\u00eetre les aides auxquelles vous avez droit en 2 minutes.<\/p>\n<p>En 2025, la prime de No\u00ebl est a \u00e9t\u00e9 vers\u00e9e le 16 d\u00e9cembre. \u00c0 noter que selon le d\u00e9lai de traitement de votre banque, le montant peut prendre jusqu\u2019\u00e0 8 jours avant qu\u2019il n&rsquo;apparaisse sur votre compte bancaire.<\/p>\n<div class='shortcode important'><div class='title'>Important<\/div><div class='content'>Si vous b\u00e9n\u00e9ficiez du RSA pour la premi\u00e8re fois en d\u00e9cembre 2026, vous toucherez \u00e9galement la prime de No\u00ebl. Mais en raison du d\u00e9lai de traitement de votre dossier, le versement interviendra <b>en janvier 2027<\/b> et non en d\u00e9cembre 2026.<\/div><\/div>\n<div class='cta-block'><div class='text'>Simulez toutes vos aides en 2 min.<\/div><a href='https:\/\/www.mes-allocs.fr\/ab-app?origin=guides\/wp-json\/wp\/v2\/posts\/7643' class='app-button fit'>Simulation gratuite<\/a><\/div>\n","protected":false},"excerpt":{"rendered":"<p>[Mis \u00e0 jour le 02\/04\/2026] En 2026, il est possible de cumuler la prime d\u2019activit\u00e9 avec de nombreuses aides. Mais qu\u2019en est-il pour la prime de No\u00ebl ? Pouvez-vous cumuler prime de No\u00ebl et prime d\u2019activit\u00e9 ? Les conditions pour toucher cette aide de fin d\u2019ann\u00e9e sont strictes, et tout le monde n\u2019y est pas [&hellip;]<\/p>\n","protected":false},"author":10,"featured_media":7749,"comment_status":"open","ping_status":"open","sticky":false,"template":"","format":"standard","meta":{"amp_status":"","footnotes":""},"categories":[1928,20],"tags":[],"class_list":["post-7643","post","type-post","status-publish","format-standard","has-post-thumbnail","hentry","category-cumul-prime-activite","category-prime-d-activite"],"yoast_head":"<!-- This site is optimized with the Yoast SEO plugin v14.9 - https:\/\/yoast.com\/wordpress\/plugins\/seo\/ -->\n<title>Prime d&#039;activit\u00e9 et prime de No\u00ebl\u00a0: peut-on cumuler les deux en 2026 ?<\/title>\n<meta name=\"description\" content=\"La prime de No\u00ebl est vers\u00e9e au mois de d\u00e9cembre. Mes Allocs vous explique si elle est cumulable avec la prime d&#039;activit\u00e9 en 2026.\" \/>\n<meta name=\"robots\" content=\"index, follow, max-snippet:-1, max-image-preview:large, max-video-preview:-1\" \/>\n<link rel=\"canonical\" href=\"https:\/\/www.mes-allocs.fr\/guides\/prime-d-activite\/cumul-prime-activite\/prime-activite-et-prime-noel\/\" \/>\n<meta property=\"og:locale\" content=\"fr_FR\" \/>\n<meta property=\"og:type\" content=\"article\" \/>\n<meta property=\"og:title\" content=\"Prime d&#039;activit\u00e9 et prime de No\u00ebl\u00a0: peut-on cumuler les deux en 2026 ?\" \/>\n<meta property=\"og:description\" content=\"La prime de No\u00ebl est vers\u00e9e au mois de d\u00e9cembre. Mes Allocs vous explique si elle est cumulable avec la prime d&#039;activit\u00e9 en 2026.\" \/>\n<meta property=\"og:url\" content=\"https:\/\/www.mes-allocs.fr\/guides\/prime-d-activite\/cumul-prime-activite\/prime-activite-et-prime-noel\/\" \/>\n<meta property=\"og:site_name\" content=\"Mes-Allocs.fr\" \/>\n<meta property=\"article:published_time\" content=\"2020-07-06T15:00:40+00:00\" \/>\n<meta property=\"article:modified_time\" content=\"2026-04-02T13:41:31+00:00\" \/>\n<meta property=\"og:image\" content=\"https:\/\/www.mes-allocs.fr\/guides\/wp-content\/uploads\/2020\/06\/52971740-37BB-4AE2-8BFE-5CD90BCF055E-e1591093546987.jpeg?wsr\" \/>\n\t<meta property=\"og:image:width\" content=\"1204\" \/>\n\t<meta property=\"og:image:height\" content=\"432\" \/>\n<meta name=\"twitter:card\" content=\"summary_large_image\" \/>\n<script type=\"application\/ld+json\" class=\"yoast-schema-graph\">{\"@context\":\"https:\/\/schema.org\",\"@graph\":[{\"@type\":\"WebSite\",\"@id\":\"https:\/\/www.mes-allocs.fr\/guides\/#website\",\"url\":\"https:\/\/www.mes-allocs.fr\/guides\/\",\"name\":\"Mes-Allocs.fr\",\"description\":\"\",\"potentialAction\":[{\"@type\":\"SearchAction\",\"target\":\"https:\/\/www.mes-allocs.fr\/guides\/?s={search_term_string}\",\"query-input\":\"required name=search_term_string\"}],\"inLanguage\":\"fr-FR\"},{\"@type\":\"ImageObject\",\"@id\":\"https:\/\/www.mes-allocs.fr\/guides\/prime-d-activite\/cumul-prime-activite\/prime-activite-et-prime-noel\/#primaryimage\",\"inLanguage\":\"fr-FR\",\"url\":\"https:\/\/www.mes-allocs.fr\/guides\/wp-content\/uploads\/2020\/06\/52971740-37BB-4AE2-8BFE-5CD90BCF055E-e1591093546987.jpeg?wsr\",\"width\":1204,\"height\":432,\"caption\":\"prime d'activit\\u00e9 et prime de Noel\"},{\"@type\":\"WebPage\",\"@id\":\"https:\/\/www.mes-allocs.fr\/guides\/prime-d-activite\/cumul-prime-activite\/prime-activite-et-prime-noel\/#webpage\",\"url\":\"https:\/\/www.mes-allocs.fr\/guides\/prime-d-activite\/cumul-prime-activite\/prime-activite-et-prime-noel\/\",\"name\":\"Prime d'activit\\u00e9 et prime de No\\u00ebl\\u00a0: peut-on cumuler les deux en 2026 ?\",\"isPartOf\":{\"@id\":\"https:\/\/www.mes-allocs.fr\/guides\/#website\"},\"primaryImageOfPage\":{\"@id\":\"https:\/\/www.mes-allocs.fr\/guides\/prime-d-activite\/cumul-prime-activite\/prime-activite-et-prime-noel\/#primaryimage\"},\"datePublished\":\"2020-07-06T15:00:40+00:00\",\"dateModified\":\"2026-04-02T13:41:31+00:00\",\"author\":{\"@id\":\"https:\/\/www.mes-allocs.fr\/guides\/#\/schema\/person\/8d47b912c0ad15f379df96b4e4e33f58\"},\"description\":\"La prime de No\\u00ebl est vers\\u00e9e au mois de d\\u00e9cembre. Mes Allocs vous explique si elle est cumulable avec la prime d'activit\\u00e9 en 2026.\",\"inLanguage\":\"fr-FR\"},{\"@type\":\"Person\",\"@id\":\"https:\/\/www.mes-allocs.fr\/guides\/#\/schema\/person\/8d47b912c0ad15f379df96b4e4e33f58\",\"name\":\"Constance de Cagny\",\"image\":{\"@type\":\"ImageObject\",\"@id\":\"https:\/\/www.mes-allocs.fr\/guides\/#personlogo\",\"inLanguage\":\"fr-FR\",\"url\":\"https:\/\/www.mes-allocs.fr\/guides\/wp-content\/uploads\/2021\/06\/Constance.2e8ee0b.png\",\"caption\":\"Constance de Cagny\"},\"description\":\"Constance est r\\u00e9dactrice au sein de l'\\u00e9quipe Mes Allocs. Elle a l'habitude d'\\u00e9crire sur les sujets conso, bons plans et \\u00e9conomies. Dipl\\u00f4m\\u00e9e de l'ENACO, elle rejoint Mes Allocs apr\\u00e8s une premi\\u00e8re exp\\u00e9rience en cabinet notarial.\",\"sameAs\":[\"https:\/\/www.linkedin.com\/in\/constance-de-cagny-mayeur-bbb414135\"]}]}<\/script>\n<!-- \/ Yoast SEO plugin. -->","amp_validity":null,"acf":{"faq":{"1":{"question":"Est-ce que la prime d\u2019activit\u00e9 donne droit \u00e0 la prime de No\u00ebl ?","answer":"Non, la prime d\u2019activit\u00e9 ne permet pas de toucher la prime de No\u00ebl."},"2":{"question":"Comment savoir si on a le droit \u00e0 la prime de No\u00ebl ?","answer":"Vous y avez droit si vous percevez le RSA, l\u2019ASS ou l\u2019AER en novembre ou d\u00e9cembre. Simulez votre \u00e9ligibilit\u00e9 sur Mes Allocs.fr."},"3":{"question":"Qui a droit \u00e0 la prime de No\u00ebl CAF ?","answer":"Les b\u00e9n\u00e9ficiaires du RSA vers\u00e9 par la CAF ou la MSA sont \u00e9ligibles \u00e0 la prime de No\u00ebl en 2026."},"4":{"question":"Quelles sont les primes \u00e0 d\u00e9clarer pour la prime d\u2019activit\u00e9 ?","answer":"Il faut d\u00e9clarer les primes de salaire (comme la prime d'anciennet\u00e9), mais pas les aides exceptionnelles comme la prime de No\u00ebl."},"5":{"question":"Quelles ressources sont prises en compte pour la prime d\u2019activit\u00e9 ?","answer":"Les revenus d\u2019activit\u00e9, allocations ch\u00f4mage, pensions, et prestations sociales imposables sont prises en compte pour le calcul de la prime d'activit\u00e9."},"6":{"question":"Quelle prime ne pas d\u00e9clarer \u00e0 la CAF ?","answer":"La prime de No\u00ebl, la prime exceptionnelle de pouvoir d\u2019achat (PEPA) et les aides ponctuelles ne sont pas \u00e0 d\u00e9clarer \u00e0 la CAF lors de vos d\u00e9clarations trimestrielles."},"7":{"question":"","answer":""},"8":{"question":"","answer":""},"9":{"question":"","answer":""},"10":{"question":"","answer":""},"11":{"question":"","answer":""},"12":{"question":"","answer":""},"13":{"question":"","answer":""},"14":{"question":"","answer":""},"15":{"question":"","answer":""},"16":{"question":"","answer":""}}},"_links":{"self":[{"href":"https:\/\/www.mes-allocs.fr\/guides\/wp-json\/wp\/v2\/posts\/7643","targetHints":{"allow":["GET"]}}],"collection":[{"href":"https:\/\/www.mes-allocs.fr\/guides\/wp-json\/wp\/v2\/posts"}],"about":[{"href":"https:\/\/www.mes-allocs.fr\/guides\/wp-json\/wp\/v2\/types\/post"}],"author":[{"embeddable":true,"href":"https:\/\/www.mes-allocs.fr\/guides\/wp-json\/wp\/v2\/users\/10"}],"replies":[{"embeddable":true,"href":"https:\/\/www.mes-allocs.fr\/guides\/wp-json\/wp\/v2\/comments?post=7643"}],"version-history":[{"count":57,"href":"https:\/\/www.mes-allocs.fr\/guides\/wp-json\/wp\/v2\/posts\/7643\/revisions"}],"predecessor-version":[{"id":111397,"href":"https:\/\/www.mes-allocs.fr\/guides\/wp-json\/wp\/v2\/posts\/7643\/revisions\/111397"}],"wp:featuredmedia":[{"embeddable":true,"href":"https:\/\/www.mes-allocs.fr\/guides\/wp-json\/wp\/v2\/media\/7749"}],"wp:attachment":[{"href":"https:\/\/www.mes-allocs.fr\/guides\/wp-json\/wp\/v2\/media?parent=7643"}],"wp:term":[{"taxonomy":"category","embeddable":true,"href":"https:\/\/www.mes-allocs.fr\/guides\/wp-json\/wp\/v2\/categories?post=7643"},{"taxonomy":"post_tag","embeddable":true,"href":"https:\/\/www.mes-allocs.fr\/guides\/wp-json\/wp\/v2\/tags?post=7643"}],"curies":[{"name":"wp","href":"https:\/\/api.w.org\/{rel}","templated":true}]}}