{"id":75974,"date":"2024-03-20T17:20:31","date_gmt":"2024-03-20T15:20:31","guid":{"rendered":"https:\/\/www.mes-allocs.fr\/guides\/?p=75974"},"modified":"2026-04-22T10:55:07","modified_gmt":"2026-04-22T09:55:07","slug":"changement-de-carriere-selon-metier","status":"publish","type":"post","link":"https:\/\/www.mes-allocs.fr\/guides\/reconversion-professionnelle\/changer-de-carriere\/changement-de-carriere-selon-metier\/","title":{"rendered":"Changement de carri\u00e8re : explorer de nouveaux horizons professionnels par m\u00e9tier"},"content":{"rendered":"<p><img loading=\"lazy\" decoding=\"async\" class=\"alignnone wp-image-53961 size-full\" title=\"changement de carri\u00e8re selon m\u00e9tier\" src=\"https:\/\/www.mes-allocs.fr\/guides\/wp-content\/uploads\/2022\/07\/maxime-agnelli-QC1oHW5JVu4-unsplash-e1657901635509.jpg\" alt=\"changement de carri\u00e8re selon m\u00e9tier\" width=\"1920\" height=\"628\" srcset=\"https:\/\/www.mes-allocs.fr\/guides\/wp-content\/uploads\/2022\/07\/maxime-agnelli-QC1oHW5JVu4-unsplash-e1657901635509.jpg 1920w, https:\/\/www.mes-allocs.fr\/guides\/wp-content\/uploads\/2022\/07\/maxime-agnelli-QC1oHW5JVu4-unsplash-e1657901635509-300x98.jpg 300w, https:\/\/www.mes-allocs.fr\/guides\/wp-content\/uploads\/2022\/07\/maxime-agnelli-QC1oHW5JVu4-unsplash-e1657901635509-1024x335.jpg 1024w, https:\/\/www.mes-allocs.fr\/guides\/wp-content\/uploads\/2022\/07\/maxime-agnelli-QC1oHW5JVu4-unsplash-e1657901635509-768x251.jpg 768w, https:\/\/www.mes-allocs.fr\/guides\/wp-content\/uploads\/2022\/07\/maxime-agnelli-QC1oHW5JVu4-unsplash-e1657901635509-1536x502.jpg 1536w, https:\/\/www.mes-allocs.fr\/guides\/wp-content\/uploads\/2022\/07\/maxime-agnelli-QC1oHW5JVu4-unsplash-e1657901635509-600x196.jpg 600w\" sizes=\"auto, (max-width: 1920px) 100vw, 1920px\" \/>[Mis \u00e0 jour le 04\/03\/2026] Dans un monde professionnel en constante mutation, le changement de carri\u00e8re est devenu une r\u00e9alit\u00e9 pour de nombreuses personnes d\u00e9sireuses d&rsquo;explorer de nouveaux horizons professionnels par m\u00e9tier. Cet article offre des conseils pratiques et des perspectives pour vous aider \u00e0 naviguer avec succ\u00e8s dans cette p\u00e9riode de transition. Que vous envisagiez une <a href=\"https:\/\/www.mes-allocs.fr\/guides\/reconversion-professionnelle\/\">reconversion professionnelle<\/a> totale ou une \u00e9volution dans votre domaine actuel, nous sommes l\u00e0 pour vous accompagner dans ce voyage vers de nouvelles opportunit\u00e9s professionnelles.<\/p>\n<div class='cta-block'><div class='text'>Simulez votre toutes vos aides en 2 min.<\/div><a href='https:\/\/www.mes-allocs.fr\/ab-app?origin=guides\/wp-json\/wp\/v2\/posts\/75974' class='app-button fit'>Simulation gratuite<\/a><\/div>\n<h1><strong>Les motivations et les d\u00e9fis du changement de carri\u00e8re par m\u00e9tier<\/strong><\/h1>\n<h2><strong>Les motivations courantes pour changer de carri\u00e8re dans des m\u00e9tiers sp\u00e9cifiques<\/strong><\/h2>\n<p>Les motivations pour changer de carri\u00e8re dans des m\u00e9tiers sp\u00e9cifiques peuvent varier en fonction de divers facteurs, notamment les int\u00e9r\u00eats personnels, les comp\u00e9tences acquises, les opportunit\u00e9s de croissance professionnelle et les besoins du march\u00e9 du travail. Voici quelques motivations courantes pour changer de carri\u00e8re dans certains m\u00e9tiers sp\u00e9cifiques :<\/p>\n<ol>\n<li><strong>Technologie de l&rsquo;information et de l&rsquo;informatique :<\/strong>\n<ul>\n<li>Int\u00e9r\u00eat pour les nouvelles technologies et l&rsquo;innovation.<\/li>\n<li>Recherche d&rsquo;opportunit\u00e9s de carri\u00e8re dans un domaine en constante \u00e9volution.<\/li>\n<li>Besoin de d\u00e9velopper des comp\u00e9tences techniques hautement demand\u00e9es sur le march\u00e9 du travail.<\/li>\n<\/ul>\n<\/li>\n<li><strong>Sant\u00e9 et bien-\u00eatre :<\/strong>\n<ul>\n<li>Passion pour aider les autres et contribuer \u00e0 leur bien-\u00eatre.<\/li>\n<li>Qu\u00eate de satisfaction personnelle en travaillant dans un domaine qui a un impact positif sur la vie des gens.<\/li>\n<li>Recherche d&rsquo;une carri\u00e8re offrant des perspectives de croissance et de stabilit\u00e9 professionnelle.<\/li>\n<\/ul>\n<\/li>\n<li><strong>Ing\u00e9nierie et construction :<\/strong>\n<ul>\n<li>Int\u00e9r\u00eat pour la cr\u00e9ation et la construction de projets tangibles.<\/li>\n<li>D\u00e9sir de relever des d\u00e9fis techniques et de r\u00e9soudre des probl\u00e8mes complexes.<\/li>\n<li>Opportunit\u00e9s de carri\u00e8re dans un secteur en demande, avec des possibilit\u00e9s de d\u00e9veloppement professionnel et de progression salariale.<\/li>\n<\/ul>\n<\/li>\n<li><strong>Enseignement et \u00e9ducation :<\/strong>\n<ul>\n<li>Passion pour l&rsquo;\u00e9ducation et le partage des connaissances.<\/li>\n<li>Vocation pour aider les \u00e9l\u00e8ves \u00e0 r\u00e9aliser leur plein potentiel.<\/li>\n<li>Recherche d&rsquo;un travail qui offre un sens et une satisfaction personnelle en contribuant \u00e0 l&rsquo;\u00e9ducation des g\u00e9n\u00e9rations futures.<\/li>\n<\/ul>\n<\/li>\n<li><strong>Commerce et vente :<\/strong>\n<ul>\n<li>Aptitude pour la communication et les relations interpersonnelles.<\/li>\n<li>Int\u00e9r\u00eat pour les d\u00e9fis commerciaux et la r\u00e9alisation d&rsquo;objectifs de vente.<\/li>\n<li>Recherche d&rsquo;opportunit\u00e9s de carri\u00e8re dans un domaine dynamique offrant des perspectives de croissance et d&rsquo;avancement.<\/li>\n<\/ul>\n<\/li>\n<\/ol>\n<p>Mes Allocs vous explique comment r\u00e9ussir votre reconversion professionnelle pour <a href=\"https:\/\/www.mes-allocs.fr\/guides\/reconversion-professionnelle\/changer-de-carriere-professionnelle\/\">changer de carri\u00e8re<\/a> !<\/p>\n<p><iframe loading=\"lazy\" title=\"La reconversion professionnelle\" width=\"500\" height=\"281\" src=\"https:\/\/www.youtube.com\/embed\/EiVUthswxl0?feature=oembed\" frameborder=\"0\" allow=\"accelerometer; autoplay; clipboard-write; encrypted-media; gyroscope; picture-in-picture; web-share\" referrerpolicy=\"strict-origin-when-cross-origin\" allowfullscreen><\/iframe><\/p>\n<h2><strong>Les d\u00e9fis particuliers \u00e0 relever lors du changement de carri\u00e8re selon le m\u00e9tier<\/strong><\/h2>\n<p>Chaque changement de carri\u00e8re, quel que soit le m\u00e9tier envisag\u00e9, pr\u00e9sente ses propres d\u00e9fis particuliers \u00e0 relever. Dans le domaine de la technologie, par exemple, les d\u00e9fis peuvent inclure l&rsquo;acquisition de comp\u00e9tences techniques sp\u00e9cifiques et le maintien de la pertinence dans un secteur en constante \u00e9volution. Dans le domaine de la sant\u00e9, les d\u00e9fis peuvent inclure la n\u00e9cessit\u00e9 de suivre une formation et une certification sp\u00e9cifiques, ainsi que la gestion du stress li\u00e9 aux responsabilit\u00e9s et aux situations \u00e9motionnellement charg\u00e9es. Dans l&rsquo;ing\u00e9nierie et la construction, les d\u00e9fis peuvent inclure la gestion de projets complexes et la n\u00e9cessit\u00e9 d&rsquo;une exp\u00e9rience pratique sur le terrain.<\/p>\n<p>En enseignement et \u00e9ducation, les d\u00e9fis peuvent inclure la formation p\u00e9dagogique requise et la gestion de classe efficace. Enfin, dans le domaine du commerce et de la vente, les d\u00e9fis peuvent inclure l&rsquo;acquisition de comp\u00e9tences en n\u00e9gociation et en gestion de la relation client, ainsi que la pression pour atteindre des objectifs de vente.<\/p>\n<div class='cta-block'><div class='text'>Simulez votre toutes vos aides en 2 min.<\/div><a href='https:\/\/www.mes-allocs.fr\/ab-app?origin=guides\/wp-json\/wp\/v2\/posts\/75974' class='app-button fit'>Simulation gratuite<\/a><\/div>\n<h1><strong>Les \u00e9tapes \u00e0 suivre pour r\u00e9ussir un changement de carri\u00e8re par m\u00e9tier<\/strong><\/h1>\n<h2><strong>Pr\u00e9paration et exploration<\/strong><\/h2>\n<ol>\n<li><strong>Auto-\u00e9valuation :<\/strong> identifiez vos int\u00e9r\u00eats, comp\u00e9tences, valeurs et objectifs professionnels pour d\u00e9terminer les m\u00e9tiers qui vous conviennent le mieux.<\/li>\n<li><strong>Recherche :<\/strong> explorez les diff\u00e9rents m\u00e9tiers qui vous int\u00e9ressent, en tenant compte des perspectives d&#8217;emploi, des exigences en mati\u00e8re de formation et des opportunit\u00e9s de carri\u00e8re.<\/li>\n<li><strong>Formation et acquisition de comp\u00e9tences :<\/strong> identifiez les comp\u00e9tences n\u00e9cessaires pour le m\u00e9tier vis\u00e9 et suivez les formations appropri\u00e9es pour acqu\u00e9rir ces comp\u00e9tences.<\/li>\n<li><strong>R\u00e9seautage :<\/strong> \u00e9tablissez des contacts professionnels dans le nouveau domaine en participant \u00e0 des \u00e9v\u00e9nements de r\u00e9seautage, en rejoignant des groupes professionnels et en nouant des relations avec des personnes travaillant d\u00e9j\u00e0 dans le m\u00e9tier vis\u00e9.<\/li>\n<\/ol>\n<h2><strong>Transition et int\u00e9gration<\/strong><\/h2>\n<ul>\n<li><strong>Planification financi\u00e8re :<\/strong> \u00e9tablissez un budget r\u00e9aliste pour g\u00e9rer les \u00e9ventuelles fluctuations financi\u00e8res pendant la transition de carri\u00e8re et envisagez des options de financement telles que le CPF, les bourses de formation ou les aides de France Travail.<\/li>\n<li><strong>Exp\u00e9rience pratique :<\/strong> obtenez une exp\u00e9rience pratique dans le nouveau m\u00e9tier gr\u00e2ce \u00e0 des stages, des missions b\u00e9n\u00e9voles ou des projets personnels, ce qui vous permettra de d\u00e9velopper vos comp\u00e9tences et de vous familiariser avec le domaine.<\/li>\n<li><strong>Adaptabilit\u00e9 et Flexibilit\u00e9 :<\/strong> soyez pr\u00eat \u00e0 vous adapter aux changements et \u00e0 faire preuve de flexibilit\u00e9 en acceptant de nouveaux d\u00e9fis, en apprenant de nouvelles m\u00e9thodes de travail et en vous ajustant aux exigences du nouveau m\u00e9tier.<\/li>\n<li><strong>\u00c9valuation continue :<\/strong> \u00e9valuez r\u00e9guli\u00e8rement votre progression et ajustez votre plan en fonction de vos r\u00e9alisations, de vos d\u00e9fis et de vos objectifs professionnels, afin de rester sur la bonne voie vers la r\u00e9ussite de votre changement de carri\u00e8re.<\/li>\n<\/ul>\n<h2><strong>T\u00e9moignages de changement de carri\u00e8re r\u00e9ussi par m\u00e9tier<\/strong><\/h2>\n<p>Voici quelques exemples de t\u00e9moignages de changement de carri\u00e8re r\u00e9ussi par m\u00e9tier :<\/p>\n<ol>\n<li><strong>De l&rsquo;Ing\u00e9nierie \u00e0 l&rsquo;Enseignement :<\/strong> t\u00e9moignage : \u00ab\u00a0Apr\u00e8s des ann\u00e9es dans l&rsquo;ing\u00e9nierie, je cherchais un moyen de redonner et de transmettre. J&rsquo;ai fait le saut dans l&rsquo;enseignement, et aujourd&rsquo;hui je suis \u00e9panoui en partageant ma passion pour les sciences avec mes \u00e9l\u00e8ves. Ce changement a \u00e9t\u00e9 un d\u00e9fi, mais \u00e7a en valait la peine.\u00a0\u00bb<\/li>\n<li><strong>De la Finance \u00e0 l&rsquo;\u00c9cologie :<\/strong> t\u00e9moignage : \u00ab\u00a0Je travaillais dans la finance, mais je ressentais le besoin de donner un sens \u00e0 mon travail. J&rsquo;ai d\u00e9cid\u00e9 de me reconvertir dans l&rsquo;\u00e9cologie et je suis maintenant impliqu\u00e9 dans des projets de d\u00e9veloppement durable. Chaque jour, je sens que je contribue \u00e0 un monde meilleur.\u00a0\u00bb<\/li>\n<li><strong>De la Vente au Bien-\u00catre :<\/strong> t\u00e9moignage : \u00ab\u00a0J&rsquo;\u00e9tais dans la vente depuis des ann\u00e9es, mais je cherchais plus de sens dans mon quotidien. J&rsquo;ai entrepris une reconversion dans le bien-\u00eatre, devenant coach de vie. Aujourd&rsquo;hui, je guide mes clients vers l&rsquo;\u00e9panouissement personnel, et cela me remplit de bonheur.\u00a0\u00bb<\/li>\n<li><strong>De l&rsquo;Informatique au Social :<\/strong> t\u00e9moignage : \u00ab\u00a0Apr\u00e8s avoir pass\u00e9 des ann\u00e9es derri\u00e8re un bureau d&rsquo;informatique, j&rsquo;ai ressenti le besoin de m&rsquo;impliquer davantage dans ma communaut\u00e9. Je suis d\u00e9sormais travailleur social, aidant les personnes en difficult\u00e9 \u00e0 trouver des solutions \u00e0 leurs probl\u00e8mes. Ce changement m&rsquo;a apport\u00e9 une satisfaction profonde.\u00a0\u00bb<\/li>\n<li><strong>De la Communication \u00e0 l&rsquo;Artisanat :<\/strong> t\u00e9moignage : \u00ab\u00a0J&rsquo;ai longtemps travaill\u00e9 dans le domaine de la communication, mais je me sentais d\u00e9connect\u00e9 de la cr\u00e9ation manuelle. J&rsquo;ai d\u00e9cid\u00e9 de me lancer dans l&rsquo;artisanat, et aujourd&rsquo;hui je cr\u00e9e des pi\u00e8ces uniques avec mes mains. Ce changement m&rsquo;a permis de retrouver ma passion pour la cr\u00e9ation.\u00a0\u00bb<\/li>\n<\/ol>\n<p>Chacun de ces t\u00e9moignages met en lumi\u00e8re la possibilit\u00e9 de r\u00e9ussir un changement de carri\u00e8re significatif, en suivant ses passions et en poursuivant ses objectifs avec d\u00e9termination.<\/p>\n<p>D\u00e9couvrez comment faire un <a href=\"https:\/\/www.mes-allocs.fr\/guides\/reconversion-professionnelle\/changer-de-carriere\/changer-de-carriere-education-nationale\/\">changement de carri\u00e8re \u00e9ducation nationale<\/a>.<\/p>\n<div class='cta-block'><div class='text'>Simulez votre toutes vos aides en 2 min.<\/div><a href='https:\/\/www.mes-allocs.fr\/ab-app?origin=guides\/wp-json\/wp\/v2\/posts\/75974' class='app-button fit'>Simulation gratuite<\/a><\/div>\n","protected":false},"excerpt":{"rendered":"<p>[Mis \u00e0 jour le 04\/03\/2026] Dans un monde professionnel en constante mutation, le changement de carri\u00e8re est devenu une r\u00e9alit\u00e9 pour de nombreuses personnes d\u00e9sireuses d&rsquo;explorer de nouveaux horizons professionnels par m\u00e9tier. Cet article offre des conseils pratiques et des perspectives pour vous aider \u00e0 naviguer avec succ\u00e8s dans cette p\u00e9riode de transition. Que vous [&hellip;]<\/p>\n","protected":false},"author":26,"featured_media":55981,"comment_status":"open","ping_status":"open","sticky":false,"template":"","format":"standard","meta":{"amp_status":"","footnotes":""},"categories":[5929,5081],"tags":[],"class_list":["post-75974","post","type-post","status-publish","format-standard","has-post-thumbnail","hentry","category-changer-de-carriere","category-reconversion-professionnelle"],"yoast_head":"<!-- This site is optimized with the Yoast SEO plugin v14.9 - https:\/\/yoast.com\/wordpress\/plugins\/seo\/ -->\n<title>Changement de carri\u00e8re : explorez de nouveaux horizons professionnels<\/title>\n<meta name=\"description\" content=\"Dans un monde professionnel en constante mutation, le changement de carri\u00e8re est devenu une r\u00e9alit\u00e9 pour de nombreuses personnes.\" \/>\n<meta name=\"robots\" content=\"index, follow, max-snippet:-1, max-image-preview:large, max-video-preview:-1\" \/>\n<link rel=\"canonical\" href=\"https:\/\/www.mes-allocs.fr\/guides\/reconversion-professionnelle\/changer-de-carriere\/changement-de-carriere-selon-metier\/\" \/>\n<meta property=\"og:locale\" content=\"fr_FR\" \/>\n<meta property=\"og:type\" content=\"article\" \/>\n<meta property=\"og:title\" content=\"Changement de carri\u00e8re : explorez de nouveaux horizons professionnels\" \/>\n<meta property=\"og:description\" content=\"Dans un monde professionnel en constante mutation, le changement de carri\u00e8re est devenu une r\u00e9alit\u00e9 pour de nombreuses personnes.\" \/>\n<meta property=\"og:url\" content=\"https:\/\/www.mes-allocs.fr\/guides\/reconversion-professionnelle\/changer-de-carriere\/changement-de-carriere-selon-metier\/\" \/>\n<meta property=\"og:site_name\" content=\"Mes-Allocs.fr\" \/>\n<meta property=\"article:published_time\" content=\"2024-03-20T15:20:31+00:00\" \/>\n<meta property=\"article:modified_time\" content=\"2026-04-22T09:55:07+00:00\" \/>\n<meta property=\"og:image\" content=\"https:\/\/www.mes-allocs.fr\/guides\/wp-content\/uploads\/2022\/09\/depart-retraite-carriere-longue-3.jpeg?wsr\" \/>\n\t<meta property=\"og:image:width\" content=\"612\" \/>\n\t<meta property=\"og:image:height\" content=\"408\" \/>\n<meta name=\"twitter:card\" content=\"summary_large_image\" \/>\n<script type=\"application\/ld+json\" class=\"yoast-schema-graph\">{\"@context\":\"https:\/\/schema.org\",\"@graph\":[{\"@type\":\"WebSite\",\"@id\":\"https:\/\/www.mes-allocs.fr\/guides\/#website\",\"url\":\"https:\/\/www.mes-allocs.fr\/guides\/\",\"name\":\"Mes-Allocs.fr\",\"description\":\"\",\"potentialAction\":[{\"@type\":\"SearchAction\",\"target\":\"https:\/\/www.mes-allocs.fr\/guides\/?s={search_term_string}\",\"query-input\":\"required name=search_term_string\"}],\"inLanguage\":\"fr-FR\"},{\"@type\":\"ImageObject\",\"@id\":\"https:\/\/www.mes-allocs.fr\/guides\/reconversion-professionnelle\/changer-de-carriere\/changement-de-carriere-selon-metier\/#primaryimage\",\"inLanguage\":\"fr-FR\",\"url\":\"https:\/\/www.mes-allocs.fr\/guides\/wp-content\/uploads\/2022\/09\/depart-retraite-carriere-longue-3.jpeg?wsr\",\"width\":612,\"height\":408,\"caption\":\"age depart retraite carriere longue\"},{\"@type\":\"WebPage\",\"@id\":\"https:\/\/www.mes-allocs.fr\/guides\/reconversion-professionnelle\/changer-de-carriere\/changement-de-carriere-selon-metier\/#webpage\",\"url\":\"https:\/\/www.mes-allocs.fr\/guides\/reconversion-professionnelle\/changer-de-carriere\/changement-de-carriere-selon-metier\/\",\"name\":\"Changement de carri\\u00e8re : explorez de nouveaux horizons professionnels\",\"isPartOf\":{\"@id\":\"https:\/\/www.mes-allocs.fr\/guides\/#website\"},\"primaryImageOfPage\":{\"@id\":\"https:\/\/www.mes-allocs.fr\/guides\/reconversion-professionnelle\/changer-de-carriere\/changement-de-carriere-selon-metier\/#primaryimage\"},\"datePublished\":\"2024-03-20T15:20:31+00:00\",\"dateModified\":\"2026-04-22T09:55:07+00:00\",\"author\":{\"@id\":\"https:\/\/www.mes-allocs.fr\/guides\/#\/schema\/person\/9c38f3be41a0ddcd1e3fde5a3df713bf\"},\"description\":\"Dans un monde professionnel en constante mutation, le changement de carri\\u00e8re est devenu une r\\u00e9alit\\u00e9 pour de nombreuses personnes.\",\"inLanguage\":\"fr-FR\"},{\"@type\":\"Person\",\"@id\":\"https:\/\/www.mes-allocs.fr\/guides\/#\/schema\/person\/9c38f3be41a0ddcd1e3fde5a3df713bf\",\"name\":\"Sessime Ananou\",\"image\":{\"@type\":\"ImageObject\",\"@id\":\"https:\/\/www.mes-allocs.fr\/guides\/#personlogo\",\"inLanguage\":\"fr-FR\",\"url\":\"https:\/\/www.mes-allocs.fr\/guides\/wp-content\/uploads\/2023\/08\/IMG_8173-150x150.jpg\",\"caption\":\"Sessime Ananou\"},\"description\":\"Sessime est r\\u00e9dactrice chez Mes Allocs, sp\\u00e9cialis\\u00e9e sur le pouvoir d'achat. Elle rejoint l'\\u00e9quipe Mes Allocs en ao\\u00fbt 2023 afin de simplifier l'acc\\u00e8s \\u00e0 l'information sur les aides en g\\u00e9n\\u00e9ral.\"}]}<\/script>\n<!-- \/ Yoast SEO plugin. -->","amp_validity":null,"acf":{"faq":{"1":{"question":"Quels sont les signes indiquant qu'il est temps de changer de carri\u00e8re ?","answer":"Les signes peuvent varier d'une personne \u00e0 l'autre, mais certains indicateurs courants incluent un manque de satisfaction au travail, un d\u00e9sir de d\u00e9velopper de nouvelles comp\u00e9tences, ou un int\u00e9r\u00eat accru pour un domaine diff\u00e9rent."},"2":{"question":"Comment identifier les m\u00e9tiers qui pourraient me convenir ?","answer":"Faites une auto-\u00e9valuation de vos int\u00e9r\u00eats, comp\u00e9tences et valeurs, recherchez des informations sur diff\u00e9rents m\u00e9tiers et industries, et envisagez de r\u00e9aliser des stages ou des entretiens informatifs pour mieux comprendre les exigences et les perspectives de chaque m\u00e9tier."},"3":{"question":"Comment pr\u00e9parer ma transition vers un nouveau m\u00e9tier ?","answer":"\u00c9laborez un plan d'action d\u00e9taill\u00e9, identifiez les comp\u00e9tences n\u00e9cessaires pour le m\u00e9tier vis\u00e9, suivez des formations ou des cours pertinents, \u00e9tablissez un r\u00e9seau professionnel dans le nouveau domaine, et soyez pr\u00eat \u00e0 faire face aux d\u00e9fis et aux obstacles qui peuvent survenir en cours de route."},"4":{"question":"Comment g\u00e9rer les craintes et les incertitudes li\u00e9es au changement de carri\u00e8re ?","answer":"Reconna\u00eetre et accepter vos sentiments, rechercher le soutien de proches ou de professionnels, rester r\u00e9aliste tout en gardant une attitude positive, et se rappeler que le changement de carri\u00e8re peut \u00eatre une occasion de croissance personnelle et professionnelle."},"5":{"question":"Comment \u00e9quilibrer les contraintes financi\u00e8res lors d'un changement de carri\u00e8re ?","answer":"\u00c9tablir un budget r\u00e9aliste, examiner les options de financement disponibles (comme le CPF, les aides de France Travail ou les bourses de formation), envisager des solutions temporaires comme le travail \u00e0 temps partiel ou le freelancing, et pr\u00e9voir une p\u00e9riode de transition financi\u00e8re pour amortir les effets du changement."},"6":{"question":"Comment rester motiv\u00e9 et pers\u00e9v\u00e9rant pendant la transition de carri\u00e8re ?","answer":"Fixer des objectifs clairs et r\u00e9alisables, trouver des sources d'inspiration et de soutien, c\u00e9l\u00e9brer les petites victoires en cours de route, rester flexible et ouvert aux opportunit\u00e9s qui se pr\u00e9sentent, et se rappeler que chaque \u00e9tape de la transition est une \u00e9tape vers un avenir plus \u00e9panouissant."},"7":{"question":"","answer":""},"8":{"question":"","answer":""},"9":{"question":"","answer":""},"10":{"question":"","answer":""},"11":{"question":"","answer":""},"12":{"question":"","answer":""},"13":{"question":"","answer":""},"14":{"question":"","answer":""},"15":{"question":"","answer":""},"16":{"question":"","answer":""}}},"_links":{"self":[{"href":"https:\/\/www.mes-allocs.fr\/guides\/wp-json\/wp\/v2\/posts\/75974","targetHints":{"allow":["GET"]}}],"collection":[{"href":"https:\/\/www.mes-allocs.fr\/guides\/wp-json\/wp\/v2\/posts"}],"about":[{"href":"https:\/\/www.mes-allocs.fr\/guides\/wp-json\/wp\/v2\/types\/post"}],"author":[{"embeddable":true,"href":"https:\/\/www.mes-allocs.fr\/guides\/wp-json\/wp\/v2\/users\/26"}],"replies":[{"embeddable":true,"href":"https:\/\/www.mes-allocs.fr\/guides\/wp-json\/wp\/v2\/comments?post=75974"}],"version-history":[{"count":7,"href":"https:\/\/www.mes-allocs.fr\/guides\/wp-json\/wp\/v2\/posts\/75974\/revisions"}],"predecessor-version":[{"id":110128,"href":"https:\/\/www.mes-allocs.fr\/guides\/wp-json\/wp\/v2\/posts\/75974\/revisions\/110128"}],"wp:featuredmedia":[{"embeddable":true,"href":"https:\/\/www.mes-allocs.fr\/guides\/wp-json\/wp\/v2\/media\/55981"}],"wp:attachment":[{"href":"https:\/\/www.mes-allocs.fr\/guides\/wp-json\/wp\/v2\/media?parent=75974"}],"wp:term":[{"taxonomy":"category","embeddable":true,"href":"https:\/\/www.mes-allocs.fr\/guides\/wp-json\/wp\/v2\/categories?post=75974"},{"taxonomy":"post_tag","embeddable":true,"href":"https:\/\/www.mes-allocs.fr\/guides\/wp-json\/wp\/v2\/tags?post=75974"}],"curies":[{"name":"wp","href":"https:\/\/api.w.org\/{rel}","templated":true}]}}