{"id":75959,"date":"2024-03-20T14:53:45","date_gmt":"2024-03-20T12:53:45","guid":{"rendered":"https:\/\/www.mes-allocs.fr\/guides\/?p=75959"},"modified":"2026-04-22T10:55:07","modified_gmt":"2026-04-22T09:55:07","slug":"reconversion-professionnelle-a-nantes","status":"publish","type":"post","link":"https:\/\/www.mes-allocs.fr\/guides\/reconversion-professionnelle\/reconversion-professionnelle-par-ville\/reconversion-professionnelle-a-nantes\/","title":{"rendered":"La reconversion professionnelle \u00e0 Nantes"},"content":{"rendered":"<p><img loading=\"lazy\" decoding=\"async\" class=\"alignnone wp-image-22799 size-full\" title=\"La reconversion professionnelle \u00e0 Nantes\" src=\"https:\/\/www.mes-allocs.fr\/guides\/wp-content\/uploads\/2021\/03\/nantes-e1616072930662.jpg\" alt=\"La reconversion professionnelle \u00e0 Nantes\" width=\"1200\" height=\"363\" srcset=\"https:\/\/www.mes-allocs.fr\/guides\/wp-content\/uploads\/2021\/03\/nantes-e1616072930662.jpg 1200w, https:\/\/www.mes-allocs.fr\/guides\/wp-content\/uploads\/2021\/03\/nantes-e1616072930662-300x91.jpg 300w, https:\/\/www.mes-allocs.fr\/guides\/wp-content\/uploads\/2021\/03\/nantes-e1616072930662-1024x310.jpg 1024w, https:\/\/www.mes-allocs.fr\/guides\/wp-content\/uploads\/2021\/03\/nantes-e1616072930662-768x232.jpg 768w, https:\/\/www.mes-allocs.fr\/guides\/wp-content\/uploads\/2021\/03\/nantes-e1616072930662-600x182.jpg 600w\" sizes=\"auto, (max-width: 1200px) 100vw, 1200px\" \/><\/p>\n<p>[Mis \u00e0 jour le 04\/03\/2026] Nantes, ville dynamique et culturellement riche, offre un cadre propice \u00e0 la r<a href=\"https:\/\/www.mes-allocs.fr\/guides\/reconversion-professionnelle\/\">econversion professionnelle<\/a>. Que vous souhaitiez changer de m\u00e9tier pour suivre une passion longtemps n\u00e9glig\u00e9e ou que vous cherchiez de nouveaux d\u00e9fis, Nantes regorge d&rsquo;opportunit\u00e9s pour red\u00e9finir votre parcours professionnel. Dans cet article, nous r\u00e9pondrons aux questions fr\u00e9quemment pos\u00e9es sur la reconversion professionnelle \u00e0 Nantes, fournissant des r\u00e9ponses concises pour vous aider \u00e0 entamer votre voyage vers une carri\u00e8re enrichissante et satisfaisante.<\/p>\n<div class='cta-block'><div class='text'>Simulez votre toutes vos aides en 2 min.<\/div><a href='https:\/\/www.mes-allocs.fr\/ab-app?origin=guides\/wp-json\/wp\/v2\/posts\/75959' class='app-button fit'>Simulation gratuite<\/a><\/div>\n<h1><strong>\u00a0Qu\u2019est-ce que la reconversion professionnelle?<\/strong><\/h1>\n<h2><strong>D\u00e9finition de la reconversion professionnelle<\/strong><\/h2>\n<p>La reconversion professionnelle d\u00e9signe le processus par lequel une personne d\u00e9cide de changer radicalement de m\u00e9tier ou de domaine d&rsquo;activit\u00e9 pour exercer une nouvelle profession. Cela implique g\u00e9n\u00e9ralement de suivre une formation ou d&rsquo;acqu\u00e9rir de nouvelles comp\u00e9tences pour s&rsquo;adapter aux exigences du nouveau m\u00e9tier envisag\u00e9. La reconversion professionnelle peut \u00eatre un choix d\u00e9lib\u00e9r\u00e9 motiv\u00e9 par le d\u00e9sir de r\u00e9aliser des aspirations personnelles ou un besoin de changement dans sa vie professionnelle.<\/p>\n<p><iframe loading=\"lazy\" title=\"La reconversion professionnelle\" width=\"500\" height=\"281\" src=\"https:\/\/www.youtube.com\/embed\/EiVUthswxl0?feature=oembed\" frameborder=\"0\" allow=\"accelerometer; autoplay; clipboard-write; encrypted-media; gyroscope; picture-in-picture; web-share\" referrerpolicy=\"strict-origin-when-cross-origin\" allowfullscreen><\/iframe><\/p>\n<h2><strong>Qui peut se reconvertir professionnellement ?<\/strong><\/h2>\n<p>Toute personne, quels que soient son \u00e2ge, son niveau d&rsquo;exp\u00e9rience ou son domaine d&rsquo;activit\u00e9 actuel, peut envisager une reconversion professionnelle. Que ce soit un jeune dipl\u00f4m\u00e9 en qu\u00eate d&rsquo;une carri\u00e8re plus \u00e9panouissante, un professionnel exp\u00e9riment\u00e9 en recherche de nouveaux d\u00e9fis, ou m\u00eame un retrait\u00e9 souhaitant explorer de nouvelles passions, la reconversion professionnelle est ouverte \u00e0 tous ceux qui sont pr\u00eats \u00e0 investir du temps et des efforts pour r\u00e9aliser un changement significatif dans leur vie professionnelle.<\/p>\n<p>La<a href=\"https:\/\/www.mes-allocs.fr\/guides\/reconversion-professionnelle\/reconversion-professionnelle-par-ville\/\"> reconversion professionnelle par ville<\/a> offre une multitude d&rsquo;opportunit\u00e9s pour red\u00e9finir sa carri\u00e8re et explorer de nouveaux horizons professionnels adapt\u00e9s \u00e0 chaque environnement urbain.<\/p>\n<div class='cta-block'><div class='text'>Simulez votre toutes vos aides en 2 min.<\/div><a href='https:\/\/www.mes-allocs.fr\/ab-app?origin=guides\/wp-json\/wp\/v2\/posts\/75959' class='app-button fit'>Simulation gratuite<\/a><\/div>\n<h1><strong>Les \u00e9tapes de la reconversion professionnelle \u00e0 Nantes<\/strong><\/h1>\n<h2><strong>\u00c9valuation de vos comp\u00e9tences et int\u00e9r\u00eats professionnels<\/strong><\/h2>\n<p>L&rsquo;\u00e9valuation de vos comp\u00e9tences et int\u00e9r\u00eats professionnels est une \u00e9tape cruciale dans le processus de reconversion professionnelle. Voici quelques \u00e9tapes \u00e0 suivre pour mener \u00e0 bien cette \u00e9valuation :<\/p>\n<ol>\n<li><strong>Auto-\u00e9valuation :<\/strong> identifiez vos forces et vos faiblesses, ainsi que les domaines dans lesquels vous excellez et ceux que vous souhaitez d\u00e9velopper davantage.<\/li>\n<li><strong>\u00c9valuation externe :<\/strong> demandez des retours d&rsquo;exp\u00e9rience \u00e0 vos coll\u00e8gues, amis, membres de votre r\u00e9seau professionnel ou m\u00eame \u00e0 des conseillers en emploi.<\/li>\n<li><strong>Tests et outils d&rsquo;\u00e9valuation :<\/strong> utilisez des tests et des outils d&rsquo;\u00e9valuation professionnelle disponibles en ligne ou aupr\u00e8s de conseillers en carri\u00e8re. Ces outils peuvent vous aider \u00e0 mieux comprendre vos aptitudes, vos pr\u00e9f\u00e9rences professionnelles et les types d&#8217;emplois qui pourraient vous convenir.<\/li>\n<li><strong>Consultation de professionnels :<\/strong> n&rsquo;h\u00e9sitez pas \u00e0 consulter des conseillers en orientation professionnelle ou des coachs de carri\u00e8re. Ils sont form\u00e9s pour vous aider \u00e0 explorer vos int\u00e9r\u00eats et comp\u00e9tences, et \u00e0 identifier des pistes de reconversion professionnelle adapt\u00e9es \u00e0 votre profil.<\/li>\n<li><strong>\u00c9valuation continue :<\/strong> gardez \u00e0 l&rsquo;esprit que l&rsquo;\u00e9valuation de vos comp\u00e9tences et int\u00e9r\u00eats professionnels est un processus continu.<\/li>\n<\/ol>\n<h2><strong>Recherche et exploration des opportunit\u00e9s professionnelles \u00e0 Nantes<\/strong><\/h2>\n<p>Une fois que vous avez \u00e9valu\u00e9 vos comp\u00e9tences et int\u00e9r\u00eats professionnels, il est temps de rechercher et d&rsquo;explorer les opportunit\u00e9s professionnelles disponibles \u00e0 Nantes. Voici quelques \u00e9tapes \u00e0 suivre pour mener \u00e0 bien cette d\u00e9marche :<\/p>\n<p><strong>Analyse du march\u00e9 du travail :<\/strong> renseignez-vous sur les secteurs d&rsquo;activit\u00e9 en croissance \u00e0 Nantes, ainsi que sur les entreprises et les industries qui recrutent dans votre domaine d&rsquo;int\u00e9r\u00eat. Consultez des rapports sur l&#8217;emploi et l&rsquo;\u00e9conomie locale pour vous informer sur les tendances du march\u00e9 du travail.<\/p>\n<p><strong>Utilisation des plateformes d&#8217;emploi en ligne :<\/strong> explorez les sites web d&#8217;emploi et les plateformes sp\u00e9cialis\u00e9es pour rechercher des offres d&#8217;emploi \u00e0 Nantes. Cr\u00e9ez des alertes d&#8217;emploi pour \u00eatre inform\u00e9 des nouvelles opportunit\u00e9s correspondant \u00e0 vos crit\u00e8res de recherche.<\/p>\n<p><strong>R\u00e9seautage :<\/strong> participez \u00e0 des \u00e9v\u00e9nements de r\u00e9seautage, des salons de l&#8217;emploi et des rencontres professionnelles \u00e0 Nantes.<\/p>\n<p><strong>Consultation des offres de formation :<\/strong> explorez les programmes de formation disponibles \u00e0 Nantes qui pourraient vous aider \u00e0 acqu\u00e9rir les comp\u00e9tences n\u00e9cessaires pour les emplois qui vous int\u00e9ressent.<\/p>\n<p><strong>Exploitation des ressources locales :<\/strong> profitez des ressources locales telles que les centres d&rsquo;orientation professionnelle, les services d&rsquo;aide \u00e0 l&#8217;emploi et les bureaux de d\u00e9veloppement \u00e9conomique de la r\u00e9gion.<\/p>\n<p><strong>\u00c9largissement de vos horizons :<\/strong> gardez l&rsquo;esprit ouvert et soyez pr\u00eat \u00e0 explorer des opportunit\u00e9s professionnelles qui pourraient \u00eatre l\u00e9g\u00e8rement diff\u00e9rentes de ce que vous aviez initialement envisag\u00e9.<\/p>\n<h2><strong>Acquisition de nouvelles comp\u00e9tences et formation.<\/strong><\/h2>\n<p>L&rsquo;acquisition de nouvelles comp\u00e9tences et la formation sont des \u00e9l\u00e9ments essentiels pour r\u00e9ussir une reconversion professionnelle \u00e0 Nantes. Voici quelques \u00e9tapes \u00e0 suivre pour entreprendre ce processus :<\/p>\n<ol>\n<li>Identification des comp\u00e9tences requises<\/li>\n<li>\u00c9valuation de vos besoins en formation<\/li>\n<li>Choix du programme de formation<\/li>\n<li>Inscription \u00e0 des cours<\/li>\n<li>Engagement dans le processus d&rsquo;apprentissage<\/li>\n<li>Mise en pratique des comp\u00e9tences<\/li>\n<li>\u00c9valuation continue et ajustements<\/li>\n<\/ol>\n<p>La<a href=\"https:\/\/www.mes-allocs.fr\/guides\/reconversion-professionnelle\/reconversion-professionnelle-par-ville\/reconversion-professionnelle-a-rennes\/\"> reconversion professionnelle \u00e0 Rennes <\/a>ouvre la voie \u00e0 de nouvelles perspectives professionnelles au c\u0153ur de la capitale bretonne, alliant dynamisme \u00e9conomique et qualit\u00e9 de vie<\/p>\n<h1><strong>La situation \u00e9conomique et opportunit\u00e9s \u00e0 Nantes<\/strong><\/h1>\n<h2><strong>\u00c9tat du march\u00e9 de l\u2019emploi \u00e0 Nantes<\/strong><\/h2>\n<p>Nantes, en tant que p\u00f4le \u00e9conomique dynamique de la r\u00e9gion des Pays de la Loire, pr\u00e9sente un march\u00e9 de l&#8217;emploi diversifi\u00e9 et en \u00e9volution constante. Voici un aper\u00e7u de l&rsquo;\u00e9tat actuel du march\u00e9 de l&#8217;emploi \u00e0 Nantes :<\/p>\n<ul>\n<li><strong>Taux de ch\u00f4mage :<\/strong> le taux de ch\u00f4mage \u00e0 Nantes est g\u00e9n\u00e9ralement inf\u00e9rieur \u00e0 la moyenne nationale, ce qui indique un march\u00e9 du travail relativement dynamique et des opportunit\u00e9s d&#8217;emploi int\u00e9ressantes pour les chercheurs d&#8217;emploi.<\/li>\n<li><strong>Secteurs \u00e9conomiques cl\u00e9s :<\/strong> Nantes abrite divers secteurs \u00e9conomiques, avec une forte pr\u00e9sence dans les domaines suivants :\n<ul>\n<li>Technologies de l&rsquo;information et de la communication (TIC)<\/li>\n<li>Sant\u00e9 et sciences de la vie<\/li>\n<li>Industrie cr\u00e9ative et culturelle<\/li>\n<li>\u00c9cologie et d\u00e9veloppement durable<\/li>\n<li>Services aux entreprises et aux particuliers<\/li>\n<li>Agroalimentaire et agriculture<\/li>\n<li>Tourisme et loisirs<\/li>\n<\/ul>\n<\/li>\n<li><strong>Entreprises cl\u00e9s :<\/strong> nantes compte un certain nombre d&rsquo;entreprises de renom dans divers secteurs, notamment les entreprises technologiques comme IBM, Capgemini et Microsoft, les entreprises pharmaceutiques telles que Servier et Novo Nordisk, ainsi que des entreprises du secteur de l&rsquo;agroalimentaire comme LU et Fleury Michon.<\/li>\n<li><strong>Dynamique entrepreneuriale :<\/strong> nantes est \u00e9galement reconnue pour son \u00e9cosyst\u00e8me entrepreneurial florissant, avec de nombreuses start-ups innovantes et des incubateurs d&rsquo;entreprises qui contribuent \u00e0 stimuler l&rsquo;innovation et la cr\u00e9ation d&#8217;emplois dans la r\u00e9gion.<\/li>\n<\/ul>\n<h2><strong>Secteurs d&rsquo;activit\u00e9 en croissance<\/strong><\/h2>\n<p>\u00c0 Nantes, plusieurs secteurs d&rsquo;activit\u00e9 connaissent une croissance notable, offrant ainsi des opportunit\u00e9s d&#8217;emploi attractives.<\/p>\n<p>Parmi <strong>ceux-ci, les technologies de l&rsquo;information et de la communication (TIC) se d\u00e9marquent avec un \u00e9cosyst\u00e8me technologique florissant, incluant des entreprises sp\u00e9cialis\u00e9es dans le d\u00e9veloppement web, l&rsquo;intelligence artificielle et les logiciels innovants. <\/strong><\/p>\n<p>De plus, le secteur de la sant\u00e9 et des sciences de la vie est en plein essor, aliment\u00e9 par une forte demande en biotechnologie et en services de sant\u00e9 num\u00e9riques.<\/p>\n<p>Parall\u00e8lement, l&rsquo;engagement de Nantes envers la transition \u00e9cologique et le d\u00e9veloppement durable stimule la croissance des entreprises \u0153uvrant dans les \u00e9nergies renouvelables, la gestion des d\u00e9chets et la mobilit\u00e9 durable. Enfin, le dynamisme de la sc\u00e8ne artistique et culturelle nantaise offre des perspectives prometteuses dans les industries cr\u00e9atives, englobant le design, l&rsquo;audiovisuel et les arts visuels.<\/p>\n<div class='cta-block'><div class='text'>Simulez votre toutes vos aides en 2 min.<\/div><a href='https:\/\/www.mes-allocs.fr\/ab-app?origin=guides\/wp-json\/wp\/v2\/posts\/75959' class='app-button fit'>Simulation gratuite<\/a><\/div>\n","protected":false},"excerpt":{"rendered":"<p>[Mis \u00e0 jour le 04\/03\/2026] Nantes, ville dynamique et culturellement riche, offre un cadre propice \u00e0 la reconversion professionnelle. Que vous souhaitiez changer de m\u00e9tier pour suivre une passion longtemps n\u00e9glig\u00e9e ou que vous cherchiez de nouveaux d\u00e9fis, Nantes regorge d&rsquo;opportunit\u00e9s pour red\u00e9finir votre parcours professionnel. Dans cet article, nous r\u00e9pondrons aux questions fr\u00e9quemment pos\u00e9es [&hellip;]<\/p>\n","protected":false},"author":26,"featured_media":20551,"comment_status":"open","ping_status":"open","sticky":false,"template":"","format":"standard","meta":{"amp_status":"","footnotes":""},"categories":[5081,15179],"tags":[],"class_list":["post-75959","post","type-post","status-publish","format-standard","has-post-thumbnail","hentry","category-reconversion-professionnelle","category-reconversion-professionnelle-par-ville"],"yoast_head":"<!-- This site is optimized with the Yoast SEO plugin v14.9 - https:\/\/yoast.com\/wordpress\/plugins\/seo\/ -->\n<title>La reconversion professionnelle \u00e0 Nantes | Mes-Allocs.fr<\/title>\n<meta name=\"description\" content=\"Dans cet article, nous r\u00e9pondrons aux questions fr\u00e9quemment pos\u00e9es sur la reconversion professionnelle \u00e0 Nantes.\" \/>\n<meta name=\"robots\" content=\"index, follow, max-snippet:-1, max-image-preview:large, max-video-preview:-1\" \/>\n<link rel=\"canonical\" href=\"https:\/\/www.mes-allocs.fr\/guides\/reconversion-professionnelle\/reconversion-professionnelle-par-ville\/reconversion-professionnelle-a-nantes\/\" \/>\n<meta property=\"og:locale\" content=\"fr_FR\" \/>\n<meta property=\"og:type\" content=\"article\" \/>\n<meta property=\"og:title\" content=\"La reconversion professionnelle \u00e0 Nantes | Mes-Allocs.fr\" \/>\n<meta property=\"og:description\" content=\"Dans cet article, nous r\u00e9pondrons aux questions fr\u00e9quemment pos\u00e9es sur la reconversion professionnelle \u00e0 Nantes.\" \/>\n<meta property=\"og:url\" content=\"https:\/\/www.mes-allocs.fr\/guides\/reconversion-professionnelle\/reconversion-professionnelle-par-ville\/reconversion-professionnelle-a-nantes\/\" \/>\n<meta property=\"og:site_name\" content=\"Mes-Allocs.fr\" \/>\n<meta property=\"article:published_time\" content=\"2024-03-20T12:53:45+00:00\" \/>\n<meta property=\"article:modified_time\" content=\"2026-04-22T09:55:07+00:00\" \/>\n<meta property=\"og:image\" content=\"https:\/\/www.mes-allocs.fr\/guides\/wp-content\/uploads\/2021\/02\/nantes-3301607_1920-2.jpg?wsr\" \/>\n\t<meta property=\"og:image:width\" content=\"1920\" \/>\n\t<meta property=\"og:image:height\" content=\"1280\" \/>\n<meta name=\"twitter:card\" content=\"summary_large_image\" \/>\n<script type=\"application\/ld+json\" class=\"yoast-schema-graph\">{\"@context\":\"https:\/\/schema.org\",\"@graph\":[{\"@type\":\"WebSite\",\"@id\":\"https:\/\/www.mes-allocs.fr\/guides\/#website\",\"url\":\"https:\/\/www.mes-allocs.fr\/guides\/\",\"name\":\"Mes-Allocs.fr\",\"description\":\"\",\"potentialAction\":[{\"@type\":\"SearchAction\",\"target\":\"https:\/\/www.mes-allocs.fr\/guides\/?s={search_term_string}\",\"query-input\":\"required name=search_term_string\"}],\"inLanguage\":\"fr-FR\"},{\"@type\":\"ImageObject\",\"@id\":\"https:\/\/www.mes-allocs.fr\/guides\/reconversion-professionnelle\/reconversion-professionnelle-par-ville\/reconversion-professionnelle-a-nantes\/#primaryimage\",\"inLanguage\":\"fr-FR\",\"url\":\"https:\/\/www.mes-allocs.fr\/guides\/wp-content\/uploads\/2021\/02\/nantes-3301607_1920-2.jpg?wsr\",\"width\":1920,\"height\":1280,\"caption\":\"fsl nantes\"},{\"@type\":\"WebPage\",\"@id\":\"https:\/\/www.mes-allocs.fr\/guides\/reconversion-professionnelle\/reconversion-professionnelle-par-ville\/reconversion-professionnelle-a-nantes\/#webpage\",\"url\":\"https:\/\/www.mes-allocs.fr\/guides\/reconversion-professionnelle\/reconversion-professionnelle-par-ville\/reconversion-professionnelle-a-nantes\/\",\"name\":\"La reconversion professionnelle \\u00e0 Nantes | Mes-Allocs.fr\",\"isPartOf\":{\"@id\":\"https:\/\/www.mes-allocs.fr\/guides\/#website\"},\"primaryImageOfPage\":{\"@id\":\"https:\/\/www.mes-allocs.fr\/guides\/reconversion-professionnelle\/reconversion-professionnelle-par-ville\/reconversion-professionnelle-a-nantes\/#primaryimage\"},\"datePublished\":\"2024-03-20T12:53:45+00:00\",\"dateModified\":\"2026-04-22T09:55:07+00:00\",\"author\":{\"@id\":\"https:\/\/www.mes-allocs.fr\/guides\/#\/schema\/person\/9c38f3be41a0ddcd1e3fde5a3df713bf\"},\"description\":\"Dans cet article, nous r\\u00e9pondrons aux questions fr\\u00e9quemment pos\\u00e9es sur la reconversion professionnelle \\u00e0 Nantes.\",\"inLanguage\":\"fr-FR\"},{\"@type\":\"Person\",\"@id\":\"https:\/\/www.mes-allocs.fr\/guides\/#\/schema\/person\/9c38f3be41a0ddcd1e3fde5a3df713bf\",\"name\":\"Sessime Ananou\",\"image\":{\"@type\":\"ImageObject\",\"@id\":\"https:\/\/www.mes-allocs.fr\/guides\/#personlogo\",\"inLanguage\":\"fr-FR\",\"url\":\"https:\/\/www.mes-allocs.fr\/guides\/wp-content\/uploads\/2023\/08\/IMG_8173-150x150.jpg\",\"caption\":\"Sessime Ananou\"},\"description\":\"Sessime est r\\u00e9dactrice chez Mes Allocs, sp\\u00e9cialis\\u00e9e sur le pouvoir d'achat. Elle rejoint l'\\u00e9quipe Mes Allocs en ao\\u00fbt 2023 afin de simplifier l'acc\\u00e8s \\u00e0 l'information sur les aides en g\\u00e9n\\u00e9ral.\"}]}<\/script>\n<!-- \/ Yoast SEO plugin. -->","amp_validity":null,"acf":{"faq":{"1":{"question":"Quels sont les t\u00e9moignages inspirants de reconversion professionnelle r\u00e9ussie \u00e0 Nantes ?","answer":"Des r\u00e9sidents de Nantes partagent leurs exp\u00e9riences de reconversion r\u00e9ussie dans divers domaines, offrant des conseils et des perspectives pr\u00e9cieuses pour ceux qui envisagent une reconversion professionnelle dans la r\u00e9gion."},"2":{"question":"Existe-t-il des r\u00e9seaux ou des \u00e9v\u00e9nements professionnels pour les personnes en reconversion \u00e0 Nantes ?","answer":"Oui, Nantes propose une vari\u00e9t\u00e9 de r\u00e9seaux professionnels, d'\u00e9v\u00e9nements et de rencontres pour faciliter la transition des personnes en reconversion vers de nouveaux m\u00e9tiers."},"3":{"question":"Comment puis-je obtenir un accompagnement personnalis\u00e9 dans ma reconversion \u00e0 Nantes ?","answer":"Des organismes sp\u00e9cialis\u00e9s, tels que les centres de bilan de comp\u00e9tences et les services d'orientation professionnelle, proposent un accompagnement personnalis\u00e9 pour les personnes en reconversion \u00e0 Nantes."},"4":{"question":"Quels sont les dispositifs de financement disponibles pour ma reconversion \u00e0 Nantes ?","answer":"Le Compte Personnel de Formation (CPF), les aides de France Travail et les dispositifs de la r\u00e9gion Pays de la Loire peuvent \u00eatre utilis\u00e9s pour financer votre reconversion professionnelle \u00e0 Nantes."},"5":{"question":"Comment trouver des formations adapt\u00e9es \u00e0 ma reconversion \u00e0 Nantes ?","answer":"Les organismes de formation professionnelle, les universit\u00e9s et les \u00e9coles sp\u00e9cialis\u00e9es \u00e0 Nantes proposent une large gamme de programmes de reconversion. Vous pouvez \u00e9galement consulter les offres de formations en ligne pour trouver des options flexibles."},"6":{"question":"Quels sont les secteurs porteurs pour une reconversion professionnelle \u00e0 Nantes ?","answer":"Les secteurs de la transition \u00e9cologique, de la sant\u00e9, de l'industrie cr\u00e9ative et de la technologie sont particuli\u00e8rement dynamiques \u00e0 Nantes. Il est \u00e9galement int\u00e9ressant d'explorer les opportunit\u00e9s dans l'agroalimentaire et le tourisme."},"7":{"question":"","answer":""},"8":{"question":"","answer":""},"9":{"question":"","answer":""},"10":{"question":"","answer":""},"11":{"question":"","answer":""},"12":{"question":"","answer":""},"13":{"question":"","answer":""},"14":{"question":"","answer":""},"15":{"question":"","answer":""},"16":{"question":"","answer":""}}},"_links":{"self":[{"href":"https:\/\/www.mes-allocs.fr\/guides\/wp-json\/wp\/v2\/posts\/75959","targetHints":{"allow":["GET"]}}],"collection":[{"href":"https:\/\/www.mes-allocs.fr\/guides\/wp-json\/wp\/v2\/posts"}],"about":[{"href":"https:\/\/www.mes-allocs.fr\/guides\/wp-json\/wp\/v2\/types\/post"}],"author":[{"embeddable":true,"href":"https:\/\/www.mes-allocs.fr\/guides\/wp-json\/wp\/v2\/users\/26"}],"replies":[{"embeddable":true,"href":"https:\/\/www.mes-allocs.fr\/guides\/wp-json\/wp\/v2\/comments?post=75959"}],"version-history":[{"count":3,"href":"https:\/\/www.mes-allocs.fr\/guides\/wp-json\/wp\/v2\/posts\/75959\/revisions"}],"predecessor-version":[{"id":110106,"href":"https:\/\/www.mes-allocs.fr\/guides\/wp-json\/wp\/v2\/posts\/75959\/revisions\/110106"}],"wp:featuredmedia":[{"embeddable":true,"href":"https:\/\/www.mes-allocs.fr\/guides\/wp-json\/wp\/v2\/media\/20551"}],"wp:attachment":[{"href":"https:\/\/www.mes-allocs.fr\/guides\/wp-json\/wp\/v2\/media?parent=75959"}],"wp:term":[{"taxonomy":"category","embeddable":true,"href":"https:\/\/www.mes-allocs.fr\/guides\/wp-json\/wp\/v2\/categories?post=75959"},{"taxonomy":"post_tag","embeddable":true,"href":"https:\/\/www.mes-allocs.fr\/guides\/wp-json\/wp\/v2\/tags?post=75959"}],"curies":[{"name":"wp","href":"https:\/\/api.w.org\/{rel}","templated":true}]}}