{"id":75880,"date":"2024-03-19T16:41:11","date_gmt":"2024-03-19T14:41:11","guid":{"rendered":"https:\/\/www.mes-allocs.fr\/guides\/?p=75880"},"modified":"2026-04-22T10:55:07","modified_gmt":"2026-04-22T09:55:07","slug":"reconversion-professionnelle-rennes","status":"publish","type":"post","link":"https:\/\/www.mes-allocs.fr\/guides\/reconversion-professionnelle\/reconversion-professionnelle-par-ville\/reconversion-professionnelle-rennes\/","title":{"rendered":"La reconversion professionnelle \u00e0 Rennes"},"content":{"rendered":"<p><img loading=\"lazy\" decoding=\"async\" class=\"alignnone wp-image-35846 size-full\" title=\"reconversion professionnelle rennes\" src=\"https:\/\/www.mes-allocs.fr\/guides\/wp-content\/uploads\/2021\/08\/Je-suis-etudiant-a-Rennes-comment-beneficier-de-la-bourse-CROUS--e1710856943427.jpg\" alt=\"reconversion professionnelle rennes\" width=\"1280\" height=\"345\" srcset=\"https:\/\/www.mes-allocs.fr\/guides\/wp-content\/uploads\/2021\/08\/Je-suis-etudiant-a-Rennes-comment-beneficier-de-la-bourse-CROUS--e1710856943427.jpg 1280w, https:\/\/www.mes-allocs.fr\/guides\/wp-content\/uploads\/2021\/08\/Je-suis-etudiant-a-Rennes-comment-beneficier-de-la-bourse-CROUS--e1710856943427-300x81.jpg 300w, https:\/\/www.mes-allocs.fr\/guides\/wp-content\/uploads\/2021\/08\/Je-suis-etudiant-a-Rennes-comment-beneficier-de-la-bourse-CROUS--e1710856943427-1024x276.jpg 1024w, https:\/\/www.mes-allocs.fr\/guides\/wp-content\/uploads\/2021\/08\/Je-suis-etudiant-a-Rennes-comment-beneficier-de-la-bourse-CROUS--e1710856943427-768x207.jpg 768w, https:\/\/www.mes-allocs.fr\/guides\/wp-content\/uploads\/2021\/08\/Je-suis-etudiant-a-Rennes-comment-beneficier-de-la-bourse-CROUS--e1710856943427-600x162.jpg 600w\" sizes=\"auto, (max-width: 1280px) 100vw, 1280px\" \/><\/p>\n<p>[Mis \u00e0 jour le 04\/03\/2026] Rennes, ville dynamique et en pleine croissance, se pr\u00e9sente comme un terreau fertile pour les aspirations professionnelles. Si vous envisagez une <a href=\"https:\/\/www.mes-allocs.fr\/guides\/reconversion-professionnelle\/\">reconversion professionnelle<\/a>, cette m\u00e9tropole bretonne offre un \u00e9cosyst\u00e8me propice \u00e0 l&rsquo;\u00e9panouissement de nouveaux projets. Explorez dans cet article les possibilit\u00e9s offertes par <strong>Rennes pour votre reconversion professionnelle<\/strong>, et d\u00e9couvrez comment cette ville peut \u00eatre le tremplin vers une nouvelle carri\u00e8re enrichissante et passionnante.<\/p>\n<div class='cta-block'><div class='text'>Simulez votre toutes vos aides en 2 min.<\/div><a href='https:\/\/www.mes-allocs.fr\/ab-app?origin=guides\/wp-json\/wp\/v2\/posts\/75880' class='app-button fit'>Simulation gratuite<\/a><\/div>\n<h1><strong>Qu\u2019est-ce que la reconversion professionnelle?<\/strong><\/h1>\n<h2><strong>D\u00e9finition de la reconversion professionnelle<\/strong><\/h2>\n<p>La reconversion professionnelle est un processus par lequel une personne d\u00e9cide de changer de domaine d&rsquo;activit\u00e9 ou de m\u00e9tier, souvent apr\u00e8s avoir exerc\u00e9 une carri\u00e8re dans un secteur sp\u00e9cifique pendant un certain temps.<\/p>\n<h2><strong>Qui peut se reconvertir professionnellement ?<\/strong><\/h2>\n<p>Toute personne, quelle que soit son \u00e2ge, son exp\u00e9rience professionnelle ou son niveau d&rsquo;\u00e9ducation, peut envisager une reconversion professionnelle. Que vous soyez jeune dipl\u00f4m\u00e9 en qu\u00eate d&rsquo;une carri\u00e8re plus \u00e9panouissante, professionnel exp\u00e9riment\u00e9 \u00e0 la recherche de nouveaux d\u00e9fis, ou m\u00eame retrait\u00e9 cherchant \u00e0 explorer de nouvelles passions, la reconversion professionnelle est accessible \u00e0 tous ceux qui sont pr\u00eats \u00e0 investir du temps et des efforts pour r\u00e9aliser un changement significatif dans leur vie professionnelle.<\/p>\n<p>La <a href=\"https:\/\/www.mes-allocs.fr\/guides\/reconversion-professionnelle\/reconversion-professionnelle-par-ville\/\">reconversion professionnelle dans les ville<\/a>, comme \u00e0 Rennes, t\u00e9moigne de la diversit\u00e9 des opportunit\u00e9s offertes aux r\u00e9sidents d\u00e9sireux de red\u00e9finir leur parcours dans un environnement dynamique et en \u00e9volution constante.<\/p>\n<div class='cta-block'><div class='text'>Simulez votre toutes vos aides en 2 min.<\/div><a href='https:\/\/www.mes-allocs.fr\/ab-app?origin=guides\/wp-json\/wp\/v2\/posts\/75880' class='app-button fit'>Simulation gratuite<\/a><\/div>\n<h1><strong>Comment entamer une reconversion professionnelle \u00e0 Rennes?<\/strong><\/h1>\n<h2><strong>Reconversion professionnelle \u00e0 Rennes : le bilan de comp\u00e9tences<\/strong><\/h2>\n<p>R\u00e9aliser un bilan de comp\u00e9tences \u00e0 Rennes est une d\u00e9cision avis\u00e9e pour d\u00e9finir une nouvelle orientation professionnelle. Cet outil pr\u00e9cieux, essentiel au d\u00e9veloppement personnel et \u00e0 l&rsquo;\u00e9volution de carri\u00e8re, permet \u00e0 un individu de prendre conscience de ses talents et aptitudes souvent sous-estim\u00e9s. En mettant en lumi\u00e8re ses points forts et faibles, ainsi que les domaines \u00e0 am\u00e9liorer, le bilan de comp\u00e9tences offre l&rsquo;opportunit\u00e9 de renforcer la confiance en soi et de reprendre le contr\u00f4le de sa carri\u00e8re.<\/p>\n<p>Souvent, la routine et la monotonie au travail peuvent entra\u00eener une perte de motivation et d&rsquo;engagement. Dans ce contexte, l<strong>e bilan de comp\u00e9tences offre une pause salutaire pour r\u00e9fl\u00e9chir \u00e0 ses perspectives professionnelles et envisager de nouvelles opportunit\u00e9s<\/strong>. Accompagn\u00e9 dans la conception de son projet professionnel, le travailleur est inform\u00e9 des diff\u00e9rentes options disponibles sur le march\u00e9 du travail, ce qui lui permet de red\u00e9finir ses objectifs de carri\u00e8re. Que ce soit pour changer de m\u00e9tier, se reconvertir professionnellement, ou trouver plus de sens dans son travail actuel, le bilan de comp\u00e9tences offre un \u00e9clairage pr\u00e9cieux sur les choix \u00e0 envisager.<\/p>\n<p>Par ailleurs, le financement du bilan de comp\u00e9tences peut \u00eatre d\u00e9duit du <strong>Compte Personnel de Formation (CPF)<\/strong>, selon les modalit\u00e9s d\u00e9finies par l&rsquo;entit\u00e9 responsable de l&rsquo;initiative. Les frais peuvent \u00eatre pris en charge par l&rsquo;entreprise ou le travailleur lui-m\u00eame.<\/p>\n<h2><strong>Le test d\u2019orientation<\/strong><\/h2>\n<div class=\"flex-1 overflow-hidden\">\n<div class=\"react-scroll-to-bottom--css-insdz-79elbk h-full\">\n<div class=\"react-scroll-to-bottom--css-insdz-1n7m0yu\">\n<div class=\"flex flex-col text-sm pb-9\">\n<div class=\"w-full text-token-text-primary\" data-testid=\"conversation-turn-75\">\n<div class=\"px-4 py-2 justify-center text-base md:gap-6 m-auto\">\n<div class=\"flex flex-1 text-base mx-auto gap-3 md:px-5 lg:px-1 xl:px-5 md:max-w-3xl lg:max-w-[40rem] xl:max-w-[48rem] group final-completion\">\n<div class=\"relative flex w-full flex-col agent-turn\">\n<div class=\"flex-col gap-1 md:gap-3\">\n<div class=\"flex flex-grow flex-col max-w-full\">\n<div class=\"min-h-[20px] text-message flex flex-col items-start gap-3 whitespace-pre-wrap break-words [.text-message+&amp;]:mt-5 overflow-x-auto\" data-message-author-role=\"assistant\" data-message-id=\"2bb20732-ad83-4046-9b63-a4bd291ae4b9\">\n<div class=\"markdown prose w-full break-words dark:prose-invert dark\">\n<p>Le test d&rsquo;orientation professionnelle \u00e0 Rennes constitue un outil essentiel pour les r\u00e9sidents cherchant \u00e0 mieux comprendre leurs aptitudes, leurs int\u00e9r\u00eats et leurs aspirations professionnelles. En plein c\u0153ur de cette ville dynamique de Bretagne, ce test offre une occasion pr\u00e9cieuse d&rsquo;exploration et de d\u00e9couverte. En passant par ce processus, les individus peuvent identifier les domaines qui correspondent le mieux \u00e0 leurs comp\u00e9tences et \u00e0 leurs passions, les aidant ainsi \u00e0 prendre des d\u00e9cisions \u00e9clair\u00e9es concernant leur avenir professionnel. Que ce soit pour ceux qui envisagent une reconversion professionnelle ou pour les jeunes en qu\u00eate de leur premi\u00e8re exp\u00e9rience, ce test permet de jeter les bases d&rsquo;une carri\u00e8re \u00e9panouissante et satisfaisante.<\/p>\n<p><iframe loading=\"lazy\" title=\"La reconversion professionnelle\" width=\"500\" height=\"281\" src=\"https:\/\/www.youtube.com\/embed\/EiVUthswxl0?feature=oembed\" frameborder=\"0\" allow=\"accelerometer; autoplay; clipboard-write; encrypted-media; gyroscope; picture-in-picture; web-share\" referrerpolicy=\"strict-origin-when-cross-origin\" allowfullscreen><\/iframe><\/p>\n<h1>Financer et accompagner Votre reconversion professionnelle \u00e0 Rennes<\/h1>\n<\/div>\n<\/div>\n<\/div>\n<\/div>\n<\/div>\n<\/div>\n<\/div>\n<\/div>\n<\/div>\n<\/div>\n<\/div>\n<\/div>\n<div class=\"w-full text-token-text-primary\" data-testid=\"conversation-turn-76\">\n<div class=\"px-4 py-2 justify-center text-base md:gap-6 m-auto\">\n<div class=\"flex flex-1 text-base mx-auto gap-3 md:px-5 lg:px-1 xl:px-5 md:max-w-3xl lg:max-w-[40rem] xl:max-w-[48rem] group\">\n<div class=\"relative flex w-full flex-col\">\n<div class=\"flex-col gap-1 md:gap-3\">\n<div class=\"flex flex-grow flex-col max-w-full\">\n<div class=\"min-h-[20px] text-message flex flex-col items-start gap-3 whitespace-pre-wrap break-words [.text-message+&amp;]:mt-5 overflow-x-auto\" data-message-author-role=\"user\" data-message-id=\"aaa2a5db-6ee2-4ddd-a112-b3af44234f70\">\n<h2>Qui peut vous accompagner dans votre reconversion professionnelle \u00e0 Rennes ?<\/h2>\n<\/div>\n<\/div>\n<div class=\"mt-1 flex justify-start gap-3 empty:hidden\">\n<div class=\"text-gray-400 flex self-end lg:self-center items-center justify-center lg:justify-start mt-0 -ml-1 h-7 gap-[2px] visible\">\n<div class=\"flex items-center gap-1.5 text-xs\">\n<p>Dans votre reconversion professionnelle \u00e0 Rennes, plusieurs acteurs peuvent vous accompagner tout au long du processus :<\/p>\n<ol>\n<li><strong>Les centres de formation professionnelle :<\/strong> ils peuvent vous aider \u00e0 acqu\u00e9rir les comp\u00e9tences n\u00e9cessaires pour r\u00e9ussir dans votre nouveau domaine.<\/li>\n<li><strong>Les organismes de conseil en emploi :<\/strong> ils fournissent un soutien personnalis\u00e9 pour la recherche d&#8217;emploi, la r\u00e9daction de CV, la pr\u00e9paration aux entretiens et la planification de carri\u00e8re.<\/li>\n<li><strong>Les associations professionnelles :<\/strong> elles offrent des r\u00e9seaux de soutien, des conseils d&rsquo;experts et des opportunit\u00e9s de r\u00e9seautage dans votre domaine d&rsquo;int\u00e9r\u00eat.<\/li>\n<li><strong>Les services publics de l&#8217;emploi :<\/strong> comme France Travail, qui propose des services d&rsquo;orientation professionnelle, des formations professionnelles financ\u00e9es et des aides \u00e0 la reconversion pour les demandeurs d&#8217;emploi.<\/li>\n<li><strong>Les coachs en reconversion professionnelle :<\/strong> ils offrent un accompagnement personnalis\u00e9 pour vous aider \u00e0 identifier vos objectifs de carri\u00e8re, \u00e0 surmonter les obstacles et \u00e0 \u00e9laborer un plan d&rsquo;action pour votre reconversion.<\/li>\n<\/ol>\n<\/div>\n<\/div>\n<\/div>\n<\/div>\n<\/div>\n<\/div>\n<\/div>\n<\/div>\n<div class=\"w-full text-token-text-primary\" data-testid=\"conversation-turn-77\">\n<div class=\"px-4 py-2 justify-center text-base md:gap-6 m-auto\">\n<div class=\"flex flex-1 text-base mx-auto gap-3 md:px-5 lg:px-1 xl:px-5 md:max-w-3xl lg:max-w-[40rem] xl:max-w-[48rem] group\">\n<div class=\"flex-shrink-0 flex flex-col relative items-end\">\n<div class=\"pt-0.5\">\n<div class=\"gizmo-shadow-stroke flex h-6 w-6 items-center justify-center overflow-hidden rounded-full\">\n<h2><strong>Comment financer votre reconversion professionnelle \u00e0 Rennes?<\/strong><\/h2>\n<p>Pour financer votre reconversion professionnelle \u00e0 Rennes, plusieurs options sont disponibles :<\/p>\n<ul>\n<li><strong>Le Compte Personnel de Formation (CPF) :<\/strong> vous pouvez utiliser votre CPF pour financer tout ou partie des frais de formation li\u00e9s \u00e0 votre reconversion professionnelle.<\/li>\n<li><strong>Les dispositifs de formation professionnelle de France Travail :<\/strong> si vous \u00eates demandeur d&#8217;emploi, France Travail peut financer tout ou partie des frais de formation n\u00e9cessaires \u00e0 votre reconversion professionnelle.<\/li>\n<li><strong>Les aides de la r\u00e9gion Bretagne :<\/strong> la r\u00e9gion Bretagne propose des dispositifs d&rsquo;aide \u00e0 la formation et \u00e0 la reconversion professionnelle, notamment pour les demandeurs d&#8217;emploi et les personnes en reconversion.<\/li>\n<li><strong>Les pr\u00eats bancaires :<\/strong> vous pouvez \u00e9galement envisager de contracter un pr\u00eat bancaire pour financer tout ou partie des frais de votre reconversion professionnelle.<\/li>\n<li><strong>Les aides de l&rsquo;entreprise :<\/strong> si vous \u00eates salari\u00e9, votre entreprise peut \u00e9galement proposer des cong\u00e9s de formation, des bourses de formation ou des dispositifs de financement sp\u00e9cifiques.<\/li>\n<\/ul>\n<p><span style=\"font-weight: 400;\">Vous souhaitez faire une <a href=\"https:\/\/www.mes-allocs.fr\/guides\/reconversion-professionnelle\/reconversion-professionnelle-par-ville\/reconversion-professionnelle-lyon\/\">reconversion professionnelle \u00e0 Lyon<\/a><\/span><span style=\"font-weight: 400;\"> ? La ville de Lyon offre une multitude d\u2019opportunit\u00e9s.\u00a0<\/span><\/p>\n<div class='cta-block'><div class='text'>Simulez votre toutes vos aides en 2 min.<\/div><a href='https:\/\/www.mes-allocs.fr\/ab-app?origin=guides\/wp-json\/wp\/v2\/posts\/75880' class='app-button fit'>Simulation gratuite<\/a><\/div>\n<\/div>\n<\/div>\n<\/div>\n<\/div>\n<\/div>\n<\/div>\n","protected":false},"excerpt":{"rendered":"<p>[Mis \u00e0 jour le 04\/03\/2026] Rennes, ville dynamique et en pleine croissance, se pr\u00e9sente comme un terreau fertile pour les aspirations professionnelles. Si vous envisagez une reconversion professionnelle, cette m\u00e9tropole bretonne offre un \u00e9cosyst\u00e8me propice \u00e0 l&rsquo;\u00e9panouissement de nouveaux projets. Explorez dans cet article les possibilit\u00e9s offertes par Rennes pour votre reconversion professionnelle, et d\u00e9couvrez [&hellip;]<\/p>\n","protected":false},"author":26,"featured_media":36208,"comment_status":"open","ping_status":"open","sticky":false,"template":"","format":"standard","meta":{"amp_status":"","footnotes":""},"categories":[5081,15179],"tags":[],"class_list":["post-75880","post","type-post","status-publish","format-standard","has-post-thumbnail","hentry","category-reconversion-professionnelle","category-reconversion-professionnelle-par-ville"],"yoast_head":"<!-- This site is optimized with the Yoast SEO plugin v14.9 - https:\/\/yoast.com\/wordpress\/plugins\/seo\/ -->\n<title>La reconversion professionnelle \u00e0 Rennes | Mes-Allocs.fr<\/title>\n<meta name=\"description\" content=\"Explorez dans cet article les possibilit\u00e9s offertes par Rennes pour votre reconversion professionnelle et d\u00e9couvrez comment cette ville.\" \/>\n<meta name=\"robots\" content=\"index, follow, max-snippet:-1, max-image-preview:large, max-video-preview:-1\" \/>\n<link rel=\"canonical\" href=\"https:\/\/www.mes-allocs.fr\/guides\/reconversion-professionnelle\/reconversion-professionnelle-par-ville\/reconversion-professionnelle-rennes\/\" \/>\n<meta property=\"og:locale\" content=\"fr_FR\" \/>\n<meta property=\"og:type\" content=\"article\" \/>\n<meta property=\"og:title\" content=\"La reconversion professionnelle \u00e0 Rennes | Mes-Allocs.fr\" \/>\n<meta property=\"og:description\" content=\"Explorez dans cet article les possibilit\u00e9s offertes par Rennes pour votre reconversion professionnelle et d\u00e9couvrez comment cette ville.\" \/>\n<meta property=\"og:url\" content=\"https:\/\/www.mes-allocs.fr\/guides\/reconversion-professionnelle\/reconversion-professionnelle-par-ville\/reconversion-professionnelle-rennes\/\" \/>\n<meta property=\"og:site_name\" content=\"Mes-Allocs.fr\" \/>\n<meta property=\"article:published_time\" content=\"2024-03-19T14:41:11+00:00\" \/>\n<meta property=\"article:modified_time\" content=\"2026-04-22T09:55:07+00:00\" \/>\n<meta property=\"og:image\" content=\"https:\/\/www.mes-allocs.fr\/guides\/wp-content\/uploads\/2021\/08\/Tout-savoir-sur-la-bourse-CROUS-Rennes.jpg?wsr\" \/>\n\t<meta property=\"og:image:width\" content=\"1280\" \/>\n\t<meta property=\"og:image:height\" content=\"853\" \/>\n<meta name=\"twitter:card\" content=\"summary_large_image\" \/>\n<script type=\"application\/ld+json\" class=\"yoast-schema-graph\">{\"@context\":\"https:\/\/schema.org\",\"@graph\":[{\"@type\":\"WebSite\",\"@id\":\"https:\/\/www.mes-allocs.fr\/guides\/#website\",\"url\":\"https:\/\/www.mes-allocs.fr\/guides\/\",\"name\":\"Mes-Allocs.fr\",\"description\":\"\",\"potentialAction\":[{\"@type\":\"SearchAction\",\"target\":\"https:\/\/www.mes-allocs.fr\/guides\/?s={search_term_string}\",\"query-input\":\"required name=search_term_string\"}],\"inLanguage\":\"fr-FR\"},{\"@type\":\"ImageObject\",\"@id\":\"https:\/\/www.mes-allocs.fr\/guides\/reconversion-professionnelle\/reconversion-professionnelle-par-ville\/reconversion-professionnelle-rennes\/#primaryimage\",\"inLanguage\":\"fr-FR\",\"url\":\"https:\/\/www.mes-allocs.fr\/guides\/wp-content\/uploads\/2021\/08\/Tout-savoir-sur-la-bourse-CROUS-Rennes.jpg?wsr\",\"width\":1280,\"height\":853,\"caption\":\"reconversion professionnelle rennes\"},{\"@type\":\"WebPage\",\"@id\":\"https:\/\/www.mes-allocs.fr\/guides\/reconversion-professionnelle\/reconversion-professionnelle-par-ville\/reconversion-professionnelle-rennes\/#webpage\",\"url\":\"https:\/\/www.mes-allocs.fr\/guides\/reconversion-professionnelle\/reconversion-professionnelle-par-ville\/reconversion-professionnelle-rennes\/\",\"name\":\"La reconversion professionnelle \\u00e0 Rennes | Mes-Allocs.fr\",\"isPartOf\":{\"@id\":\"https:\/\/www.mes-allocs.fr\/guides\/#website\"},\"primaryImageOfPage\":{\"@id\":\"https:\/\/www.mes-allocs.fr\/guides\/reconversion-professionnelle\/reconversion-professionnelle-par-ville\/reconversion-professionnelle-rennes\/#primaryimage\"},\"datePublished\":\"2024-03-19T14:41:11+00:00\",\"dateModified\":\"2026-04-22T09:55:07+00:00\",\"author\":{\"@id\":\"https:\/\/www.mes-allocs.fr\/guides\/#\/schema\/person\/9c38f3be41a0ddcd1e3fde5a3df713bf\"},\"description\":\"Explorez dans cet article les possibilit\\u00e9s offertes par Rennes pour votre reconversion professionnelle et d\\u00e9couvrez comment cette ville.\",\"inLanguage\":\"fr-FR\"},{\"@type\":\"Person\",\"@id\":\"https:\/\/www.mes-allocs.fr\/guides\/#\/schema\/person\/9c38f3be41a0ddcd1e3fde5a3df713bf\",\"name\":\"Sessime Ananou\",\"image\":{\"@type\":\"ImageObject\",\"@id\":\"https:\/\/www.mes-allocs.fr\/guides\/#personlogo\",\"inLanguage\":\"fr-FR\",\"url\":\"https:\/\/www.mes-allocs.fr\/guides\/wp-content\/uploads\/2023\/08\/IMG_8173-150x150.jpg\",\"caption\":\"Sessime Ananou\"},\"description\":\"Sessime est r\\u00e9dactrice chez Mes Allocs, sp\\u00e9cialis\\u00e9e sur le pouvoir d'achat. Elle rejoint l'\\u00e9quipe Mes Allocs en ao\\u00fbt 2023 afin de simplifier l'acc\\u00e8s \\u00e0 l'information sur les aides en g\\u00e9n\\u00e9ral.\"}]}<\/script>\n<!-- \/ Yoast SEO plugin. -->","amp_validity":null,"acf":{"faq":{"1":{"question":"Pourquoi envisager une reconversion professionnelle \u00e0 Rennes ?","answer":"Rennes offre un environnement dynamique, avec un march\u00e9 du travail diversifi\u00e9 et des opportunit\u00e9s dans des secteurs en croissance tels que la tech, l'agroalimentaire et les \u00e9nergies renouvelables."},"2":{"question":"Quels sont les secteurs porteurs pour une reconversion \u00e0 Rennes ?","answer":"Les secteurs porteurs \u00e0 Rennes incluent les technologies de l'information, la sant\u00e9, l'agriculture biologique, le tourisme et les industries cr\u00e9atives.\r\n"},"3":{"question":"Comment financer une reconversion professionnelle \u00e0 Rennes ?","answer":"Des dispositifs de financement sont disponibles, tels que le CPF (Compte Personnel de Formation), les aides de P\u00f4le Emploi, les formations financ\u00e9es par la r\u00e9gion Bretagne, et les pr\u00eats bancaires pour la reconversion."},"4":{"question":"Quels sont les d\u00e9fis sp\u00e9cifiques \u00e0 la reconversion professionnelle \u00e0 Rennes ?","answer":"Les d\u00e9fis incluent la concurrence sur le march\u00e9 du travail, l'adaptation aux nouvelles technologies, et la n\u00e9cessit\u00e9 de se repositionner dans un nouveau secteur.\r\n"},"5":{"question":"Comment trouver des formations adapt\u00e9es \u00e0 ma reconversion \u00e0 Rennes ?","answer":"Rennes abrite de nombreuses institutions de formation, telles que les universit\u00e9s, les \u00e9coles sp\u00e9cialis\u00e9es et les centres de formation professionnelle, offrant une vari\u00e9t\u00e9 de programmes adapt\u00e9s \u00e0 diff\u00e9rents profils et secteurs.\r\n"},"6":{"question":"Quels sont les r\u00e9seaux et les ressources disponibles pour les personnes en reconversion \u00e0 Rennes ?","answer":"Des r\u00e9seaux professionnels, des \u00e9v\u00e9nements de networking, des associations d'entrepreneurs et des services d'accompagnement \u00e0 la reconversion sont disponibles pour soutenir les personnes en transition de carri\u00e8re \u00e0 Rennes.\r\n"},"7":{"question":"","answer":""},"8":{"question":"","answer":""},"9":{"question":"","answer":""},"10":{"question":"","answer":""},"11":{"question":"","answer":""},"12":{"question":"","answer":""},"13":{"question":"","answer":""},"14":{"question":"","answer":""},"15":{"question":"","answer":""},"16":{"question":"","answer":""}}},"_links":{"self":[{"href":"https:\/\/www.mes-allocs.fr\/guides\/wp-json\/wp\/v2\/posts\/75880","targetHints":{"allow":["GET"]}}],"collection":[{"href":"https:\/\/www.mes-allocs.fr\/guides\/wp-json\/wp\/v2\/posts"}],"about":[{"href":"https:\/\/www.mes-allocs.fr\/guides\/wp-json\/wp\/v2\/types\/post"}],"author":[{"embeddable":true,"href":"https:\/\/www.mes-allocs.fr\/guides\/wp-json\/wp\/v2\/users\/26"}],"replies":[{"embeddable":true,"href":"https:\/\/www.mes-allocs.fr\/guides\/wp-json\/wp\/v2\/comments?post=75880"}],"version-history":[{"count":8,"href":"https:\/\/www.mes-allocs.fr\/guides\/wp-json\/wp\/v2\/posts\/75880\/revisions"}],"predecessor-version":[{"id":110105,"href":"https:\/\/www.mes-allocs.fr\/guides\/wp-json\/wp\/v2\/posts\/75880\/revisions\/110105"}],"wp:featuredmedia":[{"embeddable":true,"href":"https:\/\/www.mes-allocs.fr\/guides\/wp-json\/wp\/v2\/media\/36208"}],"wp:attachment":[{"href":"https:\/\/www.mes-allocs.fr\/guides\/wp-json\/wp\/v2\/media?parent=75880"}],"wp:term":[{"taxonomy":"category","embeddable":true,"href":"https:\/\/www.mes-allocs.fr\/guides\/wp-json\/wp\/v2\/categories?post=75880"},{"taxonomy":"post_tag","embeddable":true,"href":"https:\/\/www.mes-allocs.fr\/guides\/wp-json\/wp\/v2\/tags?post=75880"}],"curies":[{"name":"wp","href":"https:\/\/api.w.org\/{rel}","templated":true}]}}