{"id":75867,"date":"2024-03-19T15:46:00","date_gmt":"2024-03-19T13:46:00","guid":{"rendered":"https:\/\/www.mes-allocs.fr\/guides\/?p=75867"},"modified":"2026-04-22T10:55:07","modified_gmt":"2026-04-22T09:55:07","slug":"temoignage-de-reconversion-professionnelle-a-50-ans","status":"publish","type":"post","link":"https:\/\/www.mes-allocs.fr\/guides\/reconversion-professionnelle\/temoignage-reconversion-professionnelle\/temoignage-de-reconversion-professionnelle-a-50-ans\/","title":{"rendered":"Nouveau d\u00e9part \u00e0 50 ans : t\u00e9moignages de reconversion professionnelle"},"content":{"rendered":"<p><img loading=\"lazy\" decoding=\"async\" class=\"alignnone wp-image-54117 size-full\" title=\"t\u00e9moignage de reconversion professionnelle \u00e0 50 ans\" src=\"https:\/\/www.mes-allocs.fr\/guides\/wp-content\/uploads\/2022\/07\/la-reconversion-professionnelle-a-Lyon-2-scaled-e1658243093474.jpg\" alt=\"t\u00e9moignage de reconversion professionnelle \u00e0 50 ans\" width=\"2560\" height=\"390\" srcset=\"https:\/\/www.mes-allocs.fr\/guides\/wp-content\/uploads\/2022\/07\/la-reconversion-professionnelle-a-Lyon-2-scaled-e1658243093474.jpg 2560w, https:\/\/www.mes-allocs.fr\/guides\/wp-content\/uploads\/2022\/07\/la-reconversion-professionnelle-a-Lyon-2-scaled-e1658243093474-300x46.jpg 300w, https:\/\/www.mes-allocs.fr\/guides\/wp-content\/uploads\/2022\/07\/la-reconversion-professionnelle-a-Lyon-2-scaled-e1658243093474-1024x156.jpg 1024w, https:\/\/www.mes-allocs.fr\/guides\/wp-content\/uploads\/2022\/07\/la-reconversion-professionnelle-a-Lyon-2-scaled-e1658243093474-768x117.jpg 768w, https:\/\/www.mes-allocs.fr\/guides\/wp-content\/uploads\/2022\/07\/la-reconversion-professionnelle-a-Lyon-2-scaled-e1658243093474-1536x234.jpg 1536w, https:\/\/www.mes-allocs.fr\/guides\/wp-content\/uploads\/2022\/07\/la-reconversion-professionnelle-a-Lyon-2-scaled-e1658243093474-2048x312.jpg 2048w, https:\/\/www.mes-allocs.fr\/guides\/wp-content\/uploads\/2022\/07\/la-reconversion-professionnelle-a-Lyon-2-scaled-e1658243093474-600x91.jpg 600w\" sizes=\"auto, (max-width: 2560px) 100vw, 2560px\" \/><\/p>\n<p>[Mis \u00e0 jour le 04\/03\/2026] \u00c0 l&rsquo;heure o\u00f9 beaucoup envisagent la retraite, d&rsquo;autres choisissent la <a href=\"https:\/\/www.mes-allocs.fr\/guides\/reconversion-professionnelle\/\">reconversion professionnelle<\/a> \u00e0 l&rsquo;\u00e2ge de 50 ans. Ces t\u00e9moignages r\u00e9v\u00e8lent des histoires inspirantes de courage, de r\u00e9silience et de succ\u00e8s. D\u00e9couvrez comment ces individus ont franchi le cap et r\u00e9alis\u00e9 leur r\u00eave de reconversion professionnelle, d\u00e9fiant les conventions et prouvant qu&rsquo;il n&rsquo;est jamais trop tard pour se r\u00e9inventer.<\/p>\n<div class='cta-block'><div class='text'>Simulez votre toutes vos aides en 2 min.<\/div><a href='https:\/\/www.mes-allocs.fr\/ab-app?origin=guides\/wp-json\/wp\/v2\/posts\/75867' class='app-button fit'>Simulation gratuite<\/a><\/div>\n<h1><strong>T\u00e9moignages de reconversion professionnelle \u00e0 50 ans<\/strong><\/h1>\n<h2><strong>Red\u00e9couvrir sa passion : de la finance \u00e0 l\u2019artisanat<\/strong><\/h2>\n<p><em>T\u00e9moignage de Paul, 54 ans :<\/em> apr\u00e8s des d\u00e9cennies pass\u00e9es dans le monde de la finance, j&rsquo;ai r\u00e9alis\u00e9 que ma v\u00e9ritable passion r\u00e9sidait dans la cr\u00e9ation artisanale. \u00c0 l&rsquo;\u00e2ge de 50 ans, j&rsquo;ai d\u00e9cid\u00e9 de franchir le pas et de me lancer dans une reconversion professionnelle. J&rsquo;ai suivi des cours de menuiserie et j&rsquo;ai commenc\u00e9 \u00e0 cr\u00e9er des meubles et des objets en bois. Aujourd&rsquo;hui, je suis fier de mon nouveau m\u00e9tier d&rsquo;artisan et je trouve une grande satisfaction dans la cr\u00e9ation de pi\u00e8ces uniques et authentiques. Ma reconversion m&rsquo;a permis de red\u00e9couvrir ma passion et de donner un sens renouvel\u00e9 \u00e0 ma vie professionnelle.<\/p>\n<h2><strong>Retour aux sources : du bureau \u00e0 la Nature<\/strong><\/h2>\n<p><em>T\u00e9moignage de Sophie, 51 ans :<\/em> apr\u00e8s des ann\u00e9es pass\u00e9es dans le monde de l&rsquo;entreprise, j&rsquo;ai ressenti le besoin imp\u00e9rieux de retourner \u00e0 mes racines et de renouer avec la nature. \u00c0 l&rsquo;\u00e2ge de 50 ans, j&rsquo;ai d\u00e9cid\u00e9 de quitter mon emploi de bureau et de me reconvertir dans le domaine de l&rsquo;agriculture biologique. J&rsquo;ai suivi des formations en permaculture et en agriculture durable, et j&rsquo;ai commenc\u00e9 \u00e0 cultiver des l\u00e9gumes biologiques sur une petite ferme familiale. Cette reconversion m&rsquo;a permis de retrouver un lien profond avec la terre et de contribuer positivement \u00e0 l&rsquo;environnement. Bien que le chemin n&rsquo;ait pas \u00e9t\u00e9 facile, chaque jour pass\u00e9 en harmonie avec la nature me confirme que j&rsquo;ai fait le bon choix.<\/p>\n<p>Ces <a href=\"https:\/\/www.mes-allocs.fr\/guides\/reconversion-professionnelle\/temoignages-de-reconversion-professionnelle\/\">t\u00e9moignages de reconversion professionnelle<\/a> \u00e0 l&rsquo;\u00e2ge de 50 ans illustrent deux parcours inspirants , mettant en lumi\u00e8re le courage, la d\u00e9termination et la satisfaction que peut apporter une transition vers une nouvelle carri\u00e8re align\u00e9e avec ses passions et ses valeurs.<\/p>\n<div class='cta-block'><div class='text'>Simulez votre toutes vos aides en 2 min.<\/div><a href='https:\/\/www.mes-allocs.fr\/ab-app?origin=guides\/wp-json\/wp\/v2\/posts\/75867' class='app-button fit'>Simulation gratuite<\/a><\/div>\n<h1><strong>D\u00e9fis et r\u00e9ussites \u00e0 50 ans<\/strong><\/h1>\n<h2><strong>Les d\u00e9fis et les opportunit\u00e9s de la reconversion professionnelle \u00e0 un \u00e2ge avanc\u00e9<\/strong><\/h2>\n<h3><strong>Les d\u00e9fis de la reconversion professionnelle \u00e0 un \u00e2ge avanc\u00e9\u00a0<\/strong><\/h3>\n<ol>\n<li><strong>Adaptation aux nouvelles technologies :<\/strong> pour les personnes plus \u00e2g\u00e9es, la ma\u00eetrise des nouvelles technologies et des outils num\u00e9riques peut repr\u00e9senter un d\u00e9fi lors d&rsquo;une reconversion professionnelle, surtout si le nouveau domaine exige une utilisation intensive de ces technologies.<\/li>\n<li><strong>Rattrapage du retard professionnel :<\/strong> les candidats plus \u00e2g\u00e9s peuvent se retrouver \u00e0 devoir rattraper un retard professionnel par rapport \u00e0 des concurrents plus jeunes, notamment en termes de connaissances sp\u00e9cialis\u00e9es ou de comp\u00e9tences techniques.<\/li>\n<li><strong>Discrimination li\u00e9e \u00e0 l&rsquo;\u00e2ge :<\/strong> malheureusement, certaines personnes plus \u00e2g\u00e9es peuvent faire face \u00e0 de la discrimination sur le march\u00e9 du travail en raison de leur \u00e2ge, ce qui peut rendre la recherche d&rsquo;un emploi ou d&rsquo;opportunit\u00e9s de reconversion plus difficile.<\/li>\n<li><strong>Reconversion financi\u00e8re :<\/strong> \u00e0 un \u00e2ge avanc\u00e9, la reconversion professionnelle peut entra\u00eener des pr\u00e9occupations financi\u00e8res, notamment en termes de r\u00e9duction de revenu ou de n\u00e9cessit\u00e9 de financer une formation suppl\u00e9mentaire.<\/li>\n<\/ol>\n<h3><strong>Les opportunit\u00e9s de la reconversion professionnelle \u00e0 un \u00e2ge avanc\u00e9\u00a0<\/strong><\/h3>\n<ol>\n<li><strong>Exp\u00e9rience et maturit\u00e9 :<\/strong> les travailleurs plus \u00e2g\u00e9s apportent souvent une exp\u00e9rience et une maturit\u00e9 professionnelles pr\u00e9cieuses \u00e0 leur nouvelle carri\u00e8re, ce qui peut \u00eatre un avantage significatif dans de nombreux domaines.<\/li>\n<li><strong>Clart\u00e9 des objectifs professionnels :<\/strong> \u00e0 un \u00e2ge plus avanc\u00e9, beaucoup ont une meilleure compr\u00e9hension de leurs int\u00e9r\u00eats, de leurs valeurs et de leurs objectifs professionnels, ce qui peut les aider \u00e0 prendre des d\u00e9cisions plus r\u00e9fl\u00e9chies et plus cibl\u00e9es en mati\u00e8re de reconversion.<\/li>\n<li><strong>R\u00e9seau professionnel \u00e9tabli :<\/strong> les personnes plus \u00e2g\u00e9es ont souvent un r\u00e9seau professionnel bien \u00e9tabli, ce qui peut \u00eatre un atout pr\u00e9cieux pour trouver des opportunit\u00e9s de reconversion, obtenir des conseils et des recommandations, et \u00e9largir ses horizons professionnels.<\/li>\n<li><strong>Flexibilit\u00e9 et adaptabilit\u00e9 :<\/strong> bien que l&rsquo;adaptation \u00e0 un nouvel environnement professionnel puisse \u00eatre un d\u00e9fi, les personnes plus \u00e2g\u00e9es peuvent apporter une grande flexibilit\u00e9 et une capacit\u00e9 d&rsquo;adaptation \u00e0 leur reconversion, gr\u00e2ce \u00e0 leur exp\u00e9rience et \u00e0 leur r\u00e9silience.<\/li>\n<\/ol>\n<p>En r\u00e9sum\u00e9, la reconversion professionnelle \u00e0 un \u00e2ge avanc\u00e9 pr\u00e9sente \u00e0 la fois des d\u00e9fis et des opportunit\u00e9s uniques. Toutefois, avec une bonne planification, une formation ad\u00e9quate et une attitude positive, il est tout \u00e0 fait possible de r\u00e9ussir une reconversion professionnelle satisfaisante et \u00e9panouissante \u00e0 tout \u00e2ge.<\/p>\n<p><iframe loading=\"lazy\" title=\"La reconversion professionnelle\" width=\"500\" height=\"281\" src=\"https:\/\/www.youtube.com\/embed\/EiVUthswxl0?feature=oembed\" frameborder=\"0\" allow=\"accelerometer; autoplay; clipboard-write; encrypted-media; gyroscope; picture-in-picture; web-share\" referrerpolicy=\"strict-origin-when-cross-origin\" allowfullscreen><\/iframe><\/p>\n<h2><strong>Conseils pratiques pour ceux qui envisagent une reconversion professionnelle \u00e0 50 ans.<\/strong><\/h2>\n<p>Voici quelques conseils concis pour ceux qui envisagent une reconversion professionnelle \u00e0 l&rsquo;\u00e2ge de 50 ans :<\/p>\n<ol>\n<li><strong>Auto-\u00e9valuation :<\/strong> identifiez vos comp\u00e9tences, int\u00e9r\u00eats et valeurs pour choisir une nouvelle carri\u00e8re align\u00e9e avec vos aspirations.<\/li>\n<li><strong>Formation et d\u00e9veloppement :<\/strong> recherchez des programmes de formation adapt\u00e9s au domaine choisi pour acqu\u00e9rir les comp\u00e9tences n\u00e9cessaires.<\/li>\n<li><strong>Plan financier :<\/strong> \u00e9tablissez un budget r\u00e9aliste pour couvrir les co\u00fbts de formation et anticipez les changements financiers pendant la transition.<\/li>\n<li><strong>R\u00e9seautage :<\/strong> utilisez votre r\u00e9seau professionnel pour obtenir des conseils et des recommandations, et recherchez des mentors dans votre nouveau domaine.<\/li>\n<li><strong>Ouverture au changement :<\/strong> soyez flexible et pr\u00eat \u00e0 explorer de nouvelles opportunit\u00e9s, et ajustez votre plan en fonction des circonstances.<\/li>\n<li><strong>Bien-\u00eatre :<\/strong> prenez soin de votre sant\u00e9 physique et mentale pendant la reconversion en faisant de l&rsquo;exercice, en mangeant sainement et en g\u00e9rant le stress.<\/li>\n<\/ol>\n<p>En suivant ces conseils, vous pouvez entreprendre votre reconversion professionnelle avec confiance et r\u00e9ussir dans votre nouvelle carri\u00e8re.<\/p>\n<div class='cta-block'><div class='text'>Simulez votre toutes vos aides en 2 min.<\/div><a href='https:\/\/www.mes-allocs.fr\/ab-app?origin=guides\/wp-json\/wp\/v2\/posts\/75867' class='app-button fit'>Simulation gratuite<\/a><\/div>\n","protected":false},"excerpt":{"rendered":"<p>[Mis \u00e0 jour le 04\/03\/2026] \u00c0 l&rsquo;heure o\u00f9 beaucoup envisagent la retraite, d&rsquo;autres choisissent la reconversion professionnelle \u00e0 l&rsquo;\u00e2ge de 50 ans. Ces t\u00e9moignages r\u00e9v\u00e8lent des histoires inspirantes de courage, de r\u00e9silience et de succ\u00e8s. D\u00e9couvrez comment ces individus ont franchi le cap et r\u00e9alis\u00e9 leur r\u00eave de reconversion professionnelle, d\u00e9fiant les conventions et prouvant [&hellip;]<\/p>\n","protected":false},"author":26,"featured_media":51122,"comment_status":"open","ping_status":"open","sticky":false,"template":"","format":"standard","meta":{"amp_status":"","footnotes":""},"categories":[5081,32670],"tags":[],"class_list":["post-75867","post","type-post","status-publish","format-standard","has-post-thumbnail","hentry","category-reconversion-professionnelle","category-temoignage-reconversion-professionnelle"],"yoast_head":"<!-- This site is optimized with the Yoast SEO plugin v14.9 - https:\/\/yoast.com\/wordpress\/plugins\/seo\/ -->\n<title>Nouveau d\u00e9part \u00e0 50 ans : t\u00e9moignages de reconversion professionnelle<\/title>\n<meta name=\"description\" content=\"\u00c0 l&#039;heure o\u00f9 beaucoup envisagent la retraite, d&#039;autres choisissent la reconversion professionnelle \u00e0 l&#039;\u00e2ge de 50 ans.\" \/>\n<meta name=\"robots\" content=\"index, follow, max-snippet:-1, max-image-preview:large, max-video-preview:-1\" \/>\n<link rel=\"canonical\" href=\"https:\/\/www.mes-allocs.fr\/guides\/reconversion-professionnelle\/temoignage-reconversion-professionnelle\/temoignage-de-reconversion-professionnelle-a-50-ans\/\" \/>\n<meta property=\"og:locale\" content=\"fr_FR\" \/>\n<meta property=\"og:type\" content=\"article\" \/>\n<meta property=\"og:title\" content=\"Nouveau d\u00e9part \u00e0 50 ans : t\u00e9moignages de reconversion professionnelle\" \/>\n<meta property=\"og:description\" content=\"\u00c0 l&#039;heure o\u00f9 beaucoup envisagent la retraite, d&#039;autres choisissent la reconversion professionnelle \u00e0 l&#039;\u00e2ge de 50 ans.\" \/>\n<meta property=\"og:url\" content=\"https:\/\/www.mes-allocs.fr\/guides\/reconversion-professionnelle\/temoignage-reconversion-professionnelle\/temoignage-de-reconversion-professionnelle-a-50-ans\/\" \/>\n<meta property=\"og:site_name\" content=\"Mes-Allocs.fr\" \/>\n<meta property=\"article:published_time\" content=\"2024-03-19T13:46:00+00:00\" \/>\n<meta property=\"article:modified_time\" content=\"2026-04-22T09:55:07+00:00\" \/>\n<meta property=\"og:image\" content=\"https:\/\/www.mes-allocs.fr\/guides\/wp-content\/uploads\/2022\/05\/Comment-financer-une-formation-de-reconversion-professionnelle-3.jpg?wsr\" \/>\n\t<meta property=\"og:image:width\" content=\"612\" \/>\n\t<meta property=\"og:image:height\" content=\"509\" \/>\n<meta name=\"twitter:card\" content=\"summary_large_image\" \/>\n<script type=\"application\/ld+json\" class=\"yoast-schema-graph\">{\"@context\":\"https:\/\/schema.org\",\"@graph\":[{\"@type\":\"WebSite\",\"@id\":\"https:\/\/www.mes-allocs.fr\/guides\/#website\",\"url\":\"https:\/\/www.mes-allocs.fr\/guides\/\",\"name\":\"Mes-Allocs.fr\",\"description\":\"\",\"potentialAction\":[{\"@type\":\"SearchAction\",\"target\":\"https:\/\/www.mes-allocs.fr\/guides\/?s={search_term_string}\",\"query-input\":\"required name=search_term_string\"}],\"inLanguage\":\"fr-FR\"},{\"@type\":\"ImageObject\",\"@id\":\"https:\/\/www.mes-allocs.fr\/guides\/reconversion-professionnelle\/temoignage-reconversion-professionnelle\/temoignage-de-reconversion-professionnelle-a-50-ans\/#primaryimage\",\"inLanguage\":\"fr-FR\",\"url\":\"https:\/\/www.mes-allocs.fr\/guides\/wp-content\/uploads\/2022\/05\/Comment-financer-une-formation-de-reconversion-professionnelle-3.jpg?wsr\",\"width\":612,\"height\":509,\"caption\":\"temoignage de reconversion professionnelle \\u00e0 50 ans\"},{\"@type\":\"WebPage\",\"@id\":\"https:\/\/www.mes-allocs.fr\/guides\/reconversion-professionnelle\/temoignage-reconversion-professionnelle\/temoignage-de-reconversion-professionnelle-a-50-ans\/#webpage\",\"url\":\"https:\/\/www.mes-allocs.fr\/guides\/reconversion-professionnelle\/temoignage-reconversion-professionnelle\/temoignage-de-reconversion-professionnelle-a-50-ans\/\",\"name\":\"Nouveau d\\u00e9part \\u00e0 50 ans : t\\u00e9moignages de reconversion professionnelle\",\"isPartOf\":{\"@id\":\"https:\/\/www.mes-allocs.fr\/guides\/#website\"},\"primaryImageOfPage\":{\"@id\":\"https:\/\/www.mes-allocs.fr\/guides\/reconversion-professionnelle\/temoignage-reconversion-professionnelle\/temoignage-de-reconversion-professionnelle-a-50-ans\/#primaryimage\"},\"datePublished\":\"2024-03-19T13:46:00+00:00\",\"dateModified\":\"2026-04-22T09:55:07+00:00\",\"author\":{\"@id\":\"https:\/\/www.mes-allocs.fr\/guides\/#\/schema\/person\/9c38f3be41a0ddcd1e3fde5a3df713bf\"},\"description\":\"\\u00c0 l'heure o\\u00f9 beaucoup envisagent la retraite, d'autres choisissent la reconversion professionnelle \\u00e0 l'\\u00e2ge de 50 ans.\",\"inLanguage\":\"fr-FR\"},{\"@type\":\"Person\",\"@id\":\"https:\/\/www.mes-allocs.fr\/guides\/#\/schema\/person\/9c38f3be41a0ddcd1e3fde5a3df713bf\",\"name\":\"Sessime Ananou\",\"image\":{\"@type\":\"ImageObject\",\"@id\":\"https:\/\/www.mes-allocs.fr\/guides\/#personlogo\",\"inLanguage\":\"fr-FR\",\"url\":\"https:\/\/www.mes-allocs.fr\/guides\/wp-content\/uploads\/2023\/08\/IMG_8173-150x150.jpg\",\"caption\":\"Sessime Ananou\"},\"description\":\"Sessime est r\\u00e9dactrice chez Mes Allocs, sp\\u00e9cialis\\u00e9e sur le pouvoir d'achat. Elle rejoint l'\\u00e9quipe Mes Allocs en ao\\u00fbt 2023 afin de simplifier l'acc\\u00e8s \\u00e0 l'information sur les aides en g\\u00e9n\\u00e9ral.\"}]}<\/script>\n<!-- \/ Yoast SEO plugin. -->","amp_validity":null,"acf":{"faq":{"1":{"question":"Quels avantages offre une reconversion professionnelle \u00e0 50 ans ?","answer":"Les avantages peuvent inclure une plus grande satisfaction au travail, un sentiment de r\u00e9alisation personnelle, ainsi que de nouvelles opportunit\u00e9s de croissance et d'\u00e9panouissement professionnel.\r\n"},"2":{"question":"Comment surmonter les doutes et les craintes \u00e0 50 ans ?","answer":"Il est important de se concentrer sur ses forces, de rechercher un soutien moral et professionnel, et de se rappeler que l'\u00e2ge n'est pas un obstacle insurmontable.\r\n"},"3":{"question":"Comment financer une reconversion professionnelle \u00e0 50 ans ?","answer":"Les options de financement peuvent inclure l'utilisation de ses \u00e9conomies, le recours \u00e0 des pr\u00eats \u00e9tudiants ou professionnels, ainsi que la recherche de subventions ou de programmes de reconversion.\r\n"},"4":{"question":"Quels secteurs sont propices \u00e0 une reconversion \u00e0 50 ans ?","answer":"Les secteurs de la formation, du conseil, de l'entrepreneuriat et du bien-\u00eatre sont souvent consid\u00e9r\u00e9s comme accueillants pour les reconversions \u00e0 cet \u00e2ge.\r\n"},"5":{"question":"Quels sont les d\u00e9fis rencontr\u00e9s lors d'une reconversion \u00e0 50 ans ?","answer":"Les d\u00e9fis incluent souvent le besoin de rattraper un retard professionnel, la peur de l'\u00e9chec, ainsi que les pr\u00e9occupations financi\u00e8res et familiales."},"6":{"question":"Quels sont les d\u00e9fis rencontr\u00e9s lors d'une reconversion \u00e0 50 ans ?","answer":"Souvent, \u00e0 cet \u00e2ge, on ressent le besoin d'un changement, que ce soit pour suivre une passion longtemps n\u00e9glig\u00e9e, pour trouver un travail plus \u00e9panouissant, ou pour relever de nouveaux d\u00e9fis."},"7":{"question":"","answer":""},"8":{"question":"","answer":""},"9":{"question":"","answer":""},"10":{"question":"","answer":""},"11":{"question":"","answer":""},"12":{"question":"","answer":""},"13":{"question":"","answer":""},"14":{"question":"","answer":""},"15":{"question":"","answer":""},"16":{"question":"","answer":""}}},"_links":{"self":[{"href":"https:\/\/www.mes-allocs.fr\/guides\/wp-json\/wp\/v2\/posts\/75867","targetHints":{"allow":["GET"]}}],"collection":[{"href":"https:\/\/www.mes-allocs.fr\/guides\/wp-json\/wp\/v2\/posts"}],"about":[{"href":"https:\/\/www.mes-allocs.fr\/guides\/wp-json\/wp\/v2\/types\/post"}],"author":[{"embeddable":true,"href":"https:\/\/www.mes-allocs.fr\/guides\/wp-json\/wp\/v2\/users\/26"}],"replies":[{"embeddable":true,"href":"https:\/\/www.mes-allocs.fr\/guides\/wp-json\/wp\/v2\/comments?post=75867"}],"version-history":[{"count":7,"href":"https:\/\/www.mes-allocs.fr\/guides\/wp-json\/wp\/v2\/posts\/75867\/revisions"}],"predecessor-version":[{"id":110089,"href":"https:\/\/www.mes-allocs.fr\/guides\/wp-json\/wp\/v2\/posts\/75867\/revisions\/110089"}],"wp:featuredmedia":[{"embeddable":true,"href":"https:\/\/www.mes-allocs.fr\/guides\/wp-json\/wp\/v2\/media\/51122"}],"wp:attachment":[{"href":"https:\/\/www.mes-allocs.fr\/guides\/wp-json\/wp\/v2\/media?parent=75867"}],"wp:term":[{"taxonomy":"category","embeddable":true,"href":"https:\/\/www.mes-allocs.fr\/guides\/wp-json\/wp\/v2\/categories?post=75867"},{"taxonomy":"post_tag","embeddable":true,"href":"https:\/\/www.mes-allocs.fr\/guides\/wp-json\/wp\/v2\/tags?post=75867"}],"curies":[{"name":"wp","href":"https:\/\/api.w.org\/{rel}","templated":true}]}}