{"id":75866,"date":"2024-03-19T15:03:49","date_gmt":"2024-03-19T13:03:49","guid":{"rendered":"https:\/\/www.mes-allocs.fr\/guides\/?p=75866"},"modified":"2026-04-22T10:55:07","modified_gmt":"2026-04-22T09:55:07","slug":"temoignage-reconversion-professionnelle","status":"publish","type":"post","link":"https:\/\/www.mes-allocs.fr\/guides\/reconversion-professionnelle\/temoignage-reconversion-professionnelle\/","title":{"rendered":"T\u00e9moignages de reconversions professionnelles r\u00e9ussies"},"content":{"rendered":"<p><img loading=\"lazy\" decoding=\"async\" class=\"alignnone wp-image-51617 \" title=\"T\u00e9moignages de reconversion professionnelle r\u00e9ussies\" src=\"https:\/\/www.mes-allocs.fr\/guides\/wp-content\/uploads\/2022\/06\/Quelle-formation-professionnelle-pour-un-adulte-en-reconversion-3-e1710851217104.jpg\" alt=\"T\u00e9moignages de reconversion professionnelle r\u00e9ussies\" width=\"785\" height=\"204\" srcset=\"https:\/\/www.mes-allocs.fr\/guides\/wp-content\/uploads\/2022\/06\/Quelle-formation-professionnelle-pour-un-adulte-en-reconversion-3-e1710851217104.jpg 612w, https:\/\/www.mes-allocs.fr\/guides\/wp-content\/uploads\/2022\/06\/Quelle-formation-professionnelle-pour-un-adulte-en-reconversion-3-e1710851217104-300x78.jpg 300w, https:\/\/www.mes-allocs.fr\/guides\/wp-content\/uploads\/2022\/06\/Quelle-formation-professionnelle-pour-un-adulte-en-reconversion-3-e1710851217104-600x156.jpg 600w\" sizes=\"auto, (max-width: 785px) 100vw, 785px\" \/><\/p>\n<p>[Mis \u00e0 jour le 04\/03\/2026] La <a href=\"https:\/\/www.mes-allocs.fr\/guides\/reconversion-professionnelle\/\">reconversion professionnelle<\/a> est un d\u00e9fi courageux que de nombreux individus d\u00e9cident de relever pour suivre leurs passions, changer de carri\u00e8re ou s&rsquo;adapter \u00e0 des \u00e9volutions du march\u00e9 du travail. Ces parcours de reconversion sont souvent marqu\u00e9s par des d\u00e9fis, mais aussi par des r\u00e9ussites inspirantes. Dans cette s\u00e9rie de t\u00e9moignages, nous mettons en lumi\u00e8re des histoires de reconversion professionnelle r\u00e9ussies, offrant un aper\u00e7u des d\u00e9fis rencontr\u00e9s, des strat\u00e9gies employ\u00e9es et des r\u00e9ussites obtenues.<\/p>\n<div class='cta-block'><div class='text'>Simulez votre toutes vos aides en 2 min.<\/div><a href='https:\/\/www.mes-allocs.fr\/ab-app?origin=guides\/wp-json\/wp\/v2\/posts\/75866' class='app-button fit'>Simulation gratuite<\/a><\/div>\n<h1><strong>T\u00e9moignages de reconversion professionnelle<\/strong><\/h1>\n<h2><strong>Reconversion professionnelle de la finance \u00e0 l\u2019\u00e9ducation<\/strong><\/h2>\n<p>Voici deux t\u00e9moignages inspirants de personnes ayant effectu\u00e9 avec succ\u00e8s une reconversion professionnelle de la finance \u00e0 l&rsquo;\u00e9ducation :<\/p>\n<ol>\n<li><strong>Sophie, 38 ans, Ancienne Analyste Financi\u00e8re devenue Professeure de Math\u00e9matiques :<\/strong>\u00ab\u00a0Apr\u00e8s des ann\u00e9es pass\u00e9es dans le monde de la finance, j&rsquo;ai r\u00e9alis\u00e9 que quelque chose essentiel me manquait : la possibilit\u00e9 d&rsquo;inspirer et de guider les autres. Passionn\u00e9e par les math\u00e9matiques depuis toujours, j&rsquo;ai d\u00e9cid\u00e9 de faire le grand saut et de devenir professeure de math\u00e9matiques. Cette transition n&rsquo;a pas \u00e9t\u00e9 facile, mais chaque jour, je suis ravie de pouvoir partager ma passion avec mes \u00e9l\u00e8ves. La satisfaction de voir leurs yeux s&rsquo;illuminer lorsqu&rsquo;ils comprennent un concept math\u00e9matique complexe est incomparable. <em>Ma reconversion de la finance \u00e0 l&rsquo;\u00e9ducation a \u00e9t\u00e9 l&rsquo;une des meilleures d\u00e9cisions de ma vie.<\/em>\u00ab\u00a0<\/li>\n<li><strong>Alexandre, 50 ans, Ancien Banquier d&rsquo;Investissement devenu Enseignant d&rsquo;\u00c9conomie :<\/strong>\u00ab\u00a0Apr\u00e8s des ann\u00e9es pass\u00e9es \u00e0 travailler dans les tours de verre de la finance, j&rsquo;ai ressenti le besoin de redonner un sens plus profond \u00e0 ma carri\u00e8re. Fascin\u00e9 par l&rsquo;\u00e9conomie et le fonctionnement des march\u00e9s financiers, j&rsquo;ai d\u00e9cid\u00e9 de devenir enseignant d&rsquo;\u00e9conomie. Bien que cela ait impliqu\u00e9 un changement radical de rythme de vie et une p\u00e9riode d&rsquo;adaptation, je suis maintenant \u00e9panoui dans mon r\u00f4le d&rsquo;enseignant. Pouvoir transmettre mes connaissances et aider les jeunes \u00e0 comprendre les rouages de l&rsquo;\u00e9conomie est une exp\u00e9rience enrichissante et gratifiante. <em>Ma <a href=\"https:\/\/www.mes-allocs.fr\/guides\/reconversion-professionnelle\/temoignage-reconversion-professionnelle\/50-ans-temoignages-de-reconversion-professionnelle\/\">reconversion professionnelle \u00e0 50 ans<\/a> \u00a0m&rsquo;a permis de trouver un nouvel \u00e9quilibre entre vie professionnelle et personnelle, et je ne regrette pas une seconde ce choix<\/em>.\u00a0\u00bb<\/li>\n<\/ol>\n<p>Ces t\u00e9moignages illustrent la diversit\u00e9 des parcours de reconversion professionnelle de la finance \u00e0 l&rsquo;\u00e9ducation, ainsi que les avantages et la satisfaction qu&rsquo;ils apportent \u00e0 ceux qui choisissent cette voie.<\/p>\n<p><iframe loading=\"lazy\" title=\"La reconversion professionnelle\" width=\"500\" height=\"281\" src=\"https:\/\/www.youtube.com\/embed\/EiVUthswxl0?feature=oembed\" frameborder=\"0\" allow=\"accelerometer; autoplay; clipboard-write; encrypted-media; gyroscope; picture-in-picture; web-share\" referrerpolicy=\"strict-origin-when-cross-origin\" allowfullscreen><\/iframe><\/p>\n<h2><strong>Reconversion professionnelle vers le m\u00e9tier de cuisinier<\/strong><\/h2>\n<p>Voici deux t\u00e9moignages de personnes ayant effectu\u00e9 une reconversion professionnelle vers le m\u00e9tier de cuisinier :<\/p>\n<ol>\n<li><strong>Marie, 35 ans, Ancienne Gestionnaire de Projet devenue Cuisini\u00e8re dans un Restaurant :<\/strong>\u00ab\u00a0Apr\u00e8s avoir pass\u00e9 plus d&rsquo;une d\u00e9cennie dans le domaine de la gestion de projet, je sentais que quelque chose manquait dans ma vie professionnelle. J&rsquo;avais toujours \u00e9t\u00e9 passionn\u00e9e par la cuisine et la cr\u00e9ativit\u00e9 culinaire, alors j&rsquo;ai d\u00e9cid\u00e9 de suivre mon c\u0153ur et de me lancer dans une reconversion professionnelle. J&rsquo;ai suivi une formation intensive en cuisine et obtenu un dipl\u00f4me de chef cuisinier. Bien que le changement ait \u00e9t\u00e9 intimidant au d\u00e9but, chaque jour pass\u00e9 derri\u00e8re les fourneaux m&rsquo;a confirm\u00e9 que j&rsquo;avais fait le bon choix. Je trouve une satisfaction incroyable \u00e0 cr\u00e9er des plats d\u00e9licieux et \u00e0 voir les clients savourer mes cr\u00e9ations.<em> Ma reconversion vers le m\u00e9tier de cuisinier m&rsquo;a permis de combiner ma passion pour la nourriture avec mon travail, et je ne pourrais pas \u00eatre plus heureuse<\/em>.\u00a0\u00bb<\/li>\n<li><strong>Thomas, 42 ans, Ancien Ing\u00e9nieur Informatique devenu Chef P\u00e2tissier :<\/strong>\u00ab\u00a0<em>Apr\u00e8s des ann\u00e9es pass\u00e9es dans le monde de l&rsquo;informatique, j&rsquo;ai ressenti un fort d\u00e9sir de me lancer dans une carri\u00e8re plus cr\u00e9ative et artisanale. J&rsquo;ai toujours \u00e9t\u00e9 fascin\u00e9 par l&rsquo;art de la p\u00e2tisserie, alors j&rsquo;ai d\u00e9cid\u00e9 de faire une reconversion professionnelle. J&rsquo;ai suivi une formation intensive en p\u00e2tisserie et j&rsquo;ai commenc\u00e9 \u00e0 travailler dans une p\u00e2tisserie locale pour acqu\u00e9rir de l&rsquo;exp\u00e9rience. Le chemin vers devenir chef p\u00e2tissier n&rsquo;a pas \u00e9t\u00e9 facile, mais chaque d\u00e9fi rencontr\u00e9 en valait la peine. Aujourd&rsquo;hui, je suis fier de cr\u00e9er des desserts exquis et de partager ma passion pour la p\u00e2tisserie avec les autres. Ma reconversion m&rsquo;a permis de trouver un \u00e9quilibre entre passion et carri\u00e8re, et je suis reconnaissant d&rsquo;avoir eu le courage de suivre mes r\u00eaves.<\/em>\u00ab\u00a0<\/li>\n<\/ol>\n<h2><strong>Reconversion professionnelle vers un m\u00e9tier de gestion du Bien-\u00catre<\/strong><\/h2>\n<p>Voici deux t\u00e9moignages de personnes ayant effectu\u00e9 une reconversion professionnelle vers un m\u00e9tier de gestion du bien-\u00eatre :<\/p>\n<ol>\n<li><strong>Julie, 40 ans, Ancienne Cadre en Entreprise devenue Coach de Vie et Praticienne en Bien-\u00catre :<\/strong>\u00ab\u00a0Apr\u00e8s des ann\u00e9es dans le monde de l&rsquo;entreprise, j&rsquo;ai r\u00e9alis\u00e9 que mon travail ne me procurait plus la satisfaction et l&rsquo;\u00e9panouissement que je recherchais. J&rsquo;ai entrepris une profonde r\u00e9flexion sur mes valeurs et mes aspirations, ce qui m&rsquo;a conduit \u00e0 faire une reconversion professionnelle vers le domaine du bien-\u00eatre. J&rsquo;ai suivi une formation en coaching de vie et en pratiques de bien-\u00eatre, puis j&rsquo;ai lanc\u00e9 ma propre entreprise. Aujourd&rsquo;hui, en tant que coach de vie et praticienne en bien-\u00eatre, je suis en mesure d&rsquo;accompagner mes clients sur le chemin du mieux-\u00eatre et de les aider \u00e0 trouver l&rsquo;harmonie entre leur corps, leur esprit et leurs \u00e9motions. Ma reconversion a \u00e9t\u00e9 une d\u00e9cision transformative qui m&rsquo;a permis de vivre ma passion et de faire une diff\u00e9rence significative dans la vie des autres.\u00a0\u00bb<\/li>\n<li><strong>Pierre, 38 ans, Ancien Commercial devenu Instructeur de Yoga et Th\u00e9rapeute Holistique :<\/strong>\u00ab\u00a0Apr\u00e8s avoir pass\u00e9 de nombreuses ann\u00e9es \u00e0 gravir les \u00e9chelons dans le domaine commercial, j&rsquo;ai ressenti un appel profond \u00e0 explorer des chemins plus spirituels et holistiques. Inspir\u00e9 par ma propre pratique du yoga et mon int\u00e9r\u00eat pour les m\u00e9decines alternatives, j&rsquo;ai d\u00e9cid\u00e9 de me reconvertir professionnellement. J&rsquo;ai suivi une formation intensive en yoga et en th\u00e9rapie holistique, et j&rsquo;ai commenc\u00e9 \u00e0 enseigner le yoga et \u00e0 pratiquer la th\u00e9rapie holistique. Cette transition a \u00e9t\u00e9 un voyage de croissance personnelle et professionnelle, me permettant d&rsquo;approfondir ma connexion avec moi-m\u00eame et d&rsquo;offrir des soins holistiques \u00e0 ceux qui en ont besoin. Ma reconversion m&rsquo;a apport\u00e9 un sentiment de r\u00e9alisation et de contribution significative \u00e0 la sant\u00e9 et au bien-\u00eatre des autres.\u00a0\u00bb<\/li>\n<\/ol>\n<div class='cta-block'><div class='text'>Simulez votre toutes vos aides en 2 min.<\/div><a href='https:\/\/www.mes-allocs.fr\/ab-app?origin=guides\/wp-json\/wp\/v2\/posts\/75866' class='app-button fit'>Simulation gratuite<\/a><\/div>\n<h2><strong>Quels sont les motivations et les d\u00e9clencheurs de la reconversion ?<\/strong><\/h2>\n<p>Les motivations et les d\u00e9clencheurs de la reconversion professionnelle peuvent varier d&rsquo;une personne \u00e0 une autre, mais ils incluent souvent les \u00e9l\u00e9ments suivants :<\/p>\n<ol>\n<li><strong>Insatisfaction professionnelle :<\/strong> un sentiment de frustration, d&rsquo;ennui ou de stagnation dans le travail actuel peut \u00eatre un puissant moteur de reconversion.<\/li>\n<li><strong>Changement de priorit\u00e9s :<\/strong> les changements dans la vie personnelle, comme la fondation d&rsquo;une famille, une maladie ou un \u00e9v\u00e9nement marquant, peuvent amener les individus \u00e0 reconsid\u00e9rer leurs priorit\u00e9s et \u00e0 envisager une carri\u00e8re plus en phase avec leurs valeurs et leurs objectifs personnels.<\/li>\n<li><strong>Passion et int\u00e9r\u00eat :<\/strong> la d\u00e9couverte d&rsquo;une passion ou d&rsquo;un int\u00e9r\u00eat fort pour un domaine sp\u00e9cifique peut \u00eatre un puissant moteur de reconversion.<\/li>\n<li><strong>Besoin de sens et de contribution :<\/strong> beaucoup de gens ressentent le besoin de travailler dans un domaine qui a un impact positif sur la soci\u00e9t\u00e9 ou sur la vie des autres.<\/li>\n<li><strong>Opportunit\u00e9s de croissance et d&rsquo;\u00e9panouissement :<\/strong> la recherche de d\u00e9fis professionnels, de nouvelles opportunit\u00e9s de croissance et d&rsquo;\u00e9panouissement peut \u00e9galement \u00eatre un moteur de reconversion.<\/li>\n<\/ol>\n<div class='cta-block'><div class='text'>Simulez votre toutes vos aides en 2 min.<\/div><a href='https:\/\/www.mes-allocs.fr\/ab-app?origin=guides\/wp-json\/wp\/v2\/posts\/75866' class='app-button fit'>Simulation gratuite<\/a><\/div>\n","protected":false},"excerpt":{"rendered":"<p>[Mis \u00e0 jour le 04\/03\/2026] La reconversion professionnelle est un d\u00e9fi courageux que de nombreux individus d\u00e9cident de relever pour suivre leurs passions, changer de carri\u00e8re ou s&rsquo;adapter \u00e0 des \u00e9volutions du march\u00e9 du travail. Ces parcours de reconversion sont souvent marqu\u00e9s par des d\u00e9fis, mais aussi par des r\u00e9ussites inspirantes. Dans cette s\u00e9rie de [&hellip;]<\/p>\n","protected":false},"author":26,"featured_media":51122,"comment_status":"open","ping_status":"open","sticky":false,"template":"","format":"standard","meta":{"amp_status":"","footnotes":""},"categories":[5081],"tags":[],"class_list":["post-75866","post","type-post","status-publish","format-standard","has-post-thumbnail","hentry","category-reconversion-professionnelle"],"yoast_head":"<!-- This site is optimized with the Yoast SEO plugin v14.9 - https:\/\/yoast.com\/wordpress\/plugins\/seo\/ -->\n<title>T\u00e9moignages de reconversions professionnelles r\u00e9ussies | Mes-Allocs.fr<\/title>\n<meta name=\"description\" content=\"Les parcours de reconversion sont souvent marqu\u00e9s par des d\u00e9fis, mais aussi par des r\u00e9ussites inspirantes.\" \/>\n<meta name=\"robots\" content=\"index, follow, max-snippet:-1, max-image-preview:large, max-video-preview:-1\" \/>\n<link rel=\"canonical\" href=\"https:\/\/www.mes-allocs.fr\/guides\/reconversion-professionnelle\/temoignage-reconversion-professionnelle\/\" \/>\n<meta property=\"og:locale\" content=\"fr_FR\" \/>\n<meta property=\"og:type\" content=\"article\" \/>\n<meta property=\"og:title\" content=\"T\u00e9moignages de reconversions professionnelles r\u00e9ussies | Mes-Allocs.fr\" \/>\n<meta property=\"og:description\" content=\"Les parcours de reconversion sont souvent marqu\u00e9s par des d\u00e9fis, mais aussi par des r\u00e9ussites inspirantes.\" \/>\n<meta property=\"og:url\" content=\"https:\/\/www.mes-allocs.fr\/guides\/reconversion-professionnelle\/temoignage-reconversion-professionnelle\/\" \/>\n<meta property=\"og:site_name\" content=\"Mes-Allocs.fr\" \/>\n<meta property=\"article:published_time\" content=\"2024-03-19T13:03:49+00:00\" \/>\n<meta property=\"article:modified_time\" content=\"2026-04-22T09:55:07+00:00\" \/>\n<meta property=\"og:image\" content=\"https:\/\/www.mes-allocs.fr\/guides\/wp-content\/uploads\/2022\/05\/Comment-financer-une-formation-de-reconversion-professionnelle-3.jpg?wsr\" \/>\n\t<meta property=\"og:image:width\" content=\"612\" \/>\n\t<meta property=\"og:image:height\" content=\"509\" \/>\n<meta name=\"twitter:card\" content=\"summary_large_image\" \/>\n<script type=\"application\/ld+json\" class=\"yoast-schema-graph\">{\"@context\":\"https:\/\/schema.org\",\"@graph\":[{\"@type\":\"WebSite\",\"@id\":\"https:\/\/www.mes-allocs.fr\/guides\/#website\",\"url\":\"https:\/\/www.mes-allocs.fr\/guides\/\",\"name\":\"Mes-Allocs.fr\",\"description\":\"\",\"potentialAction\":[{\"@type\":\"SearchAction\",\"target\":\"https:\/\/www.mes-allocs.fr\/guides\/?s={search_term_string}\",\"query-input\":\"required name=search_term_string\"}],\"inLanguage\":\"fr-FR\"},{\"@type\":\"ImageObject\",\"@id\":\"https:\/\/www.mes-allocs.fr\/guides\/reconversion-professionnelle\/temoignage-reconversion-professionnelle\/#primaryimage\",\"inLanguage\":\"fr-FR\",\"url\":\"https:\/\/www.mes-allocs.fr\/guides\/wp-content\/uploads\/2022\/05\/Comment-financer-une-formation-de-reconversion-professionnelle-3.jpg?wsr\",\"width\":612,\"height\":509,\"caption\":\"temoignage de reconversion professionnelle \\u00e0 50 ans\"},{\"@type\":\"WebPage\",\"@id\":\"https:\/\/www.mes-allocs.fr\/guides\/reconversion-professionnelle\/temoignage-reconversion-professionnelle\/#webpage\",\"url\":\"https:\/\/www.mes-allocs.fr\/guides\/reconversion-professionnelle\/temoignage-reconversion-professionnelle\/\",\"name\":\"T\\u00e9moignages de reconversions professionnelles r\\u00e9ussies | Mes-Allocs.fr\",\"isPartOf\":{\"@id\":\"https:\/\/www.mes-allocs.fr\/guides\/#website\"},\"primaryImageOfPage\":{\"@id\":\"https:\/\/www.mes-allocs.fr\/guides\/reconversion-professionnelle\/temoignage-reconversion-professionnelle\/#primaryimage\"},\"datePublished\":\"2024-03-19T13:03:49+00:00\",\"dateModified\":\"2026-04-22T09:55:07+00:00\",\"author\":{\"@id\":\"https:\/\/www.mes-allocs.fr\/guides\/#\/schema\/person\/9c38f3be41a0ddcd1e3fde5a3df713bf\"},\"description\":\"Les parcours de reconversion sont souvent marqu\\u00e9s par des d\\u00e9fis, mais aussi par des r\\u00e9ussites inspirantes.\",\"inLanguage\":\"fr-FR\"},{\"@type\":\"Person\",\"@id\":\"https:\/\/www.mes-allocs.fr\/guides\/#\/schema\/person\/9c38f3be41a0ddcd1e3fde5a3df713bf\",\"name\":\"Sessime Ananou\",\"image\":{\"@type\":\"ImageObject\",\"@id\":\"https:\/\/www.mes-allocs.fr\/guides\/#personlogo\",\"inLanguage\":\"fr-FR\",\"url\":\"https:\/\/www.mes-allocs.fr\/guides\/wp-content\/uploads\/2023\/08\/IMG_8173-150x150.jpg\",\"caption\":\"Sessime Ananou\"},\"description\":\"Sessime est r\\u00e9dactrice chez Mes Allocs, sp\\u00e9cialis\\u00e9e sur le pouvoir d'achat. Elle rejoint l'\\u00e9quipe Mes Allocs en ao\\u00fbt 2023 afin de simplifier l'acc\\u00e8s \\u00e0 l'information sur les aides en g\\u00e9n\\u00e9ral.\"}]}<\/script>\n<!-- \/ Yoast SEO plugin. -->","amp_validity":null,"acf":{"faq":{"1":{"question":"Qu'est-ce que la reconversion professionnelle ?","answer":"La reconversion professionnelle d\u00e9signe le processus par lequel un individu change de domaine d'activit\u00e9 ou de carri\u00e8re, souvent en quittant un emploi pour en exercer un nouveau dans un secteur diff\u00e9rent."},"2":{"question":"Quels sont les signes indiquant qu'une reconversion professionnelle est n\u00e9cessaire ?","answer":"Les signes peuvent varier d'une personne \u00e0 une autre, mais ils incluent souvent un manque de satisfaction au travail, un d\u00e9sir de changer de domaine d'activit\u00e9, ou des opportunit\u00e9s de carri\u00e8re limit\u00e9es dans le domaine actuel.\r\n"},"3":{"question":"Quels sont les d\u00e9fis courants rencontr\u00e9s lors d'une reconversion professionnelle ?","answer":"Les d\u00e9fis peuvent inclure l'acquisition de nouvelles comp\u00e9tences, l'adaptation \u00e0 un nouvel environnement de travail, le r\u00e9seautage dans un nouveau domaine et la gestion des incertitudes li\u00e9es \u00e0 un changement de carri\u00e8re.\r\n"},"4":{"question":"Comment r\u00e9ussir sa reconversion professionnelle ?","answer":"La r\u00e9ussite d'une reconversion professionnelle d\u00e9pend de plusieurs facteurs, tels que la clart\u00e9 des objectifs, la planification strat\u00e9gique, la recherche d'opportunit\u00e9s de formation et le r\u00e9seautage efficace.\r\n"},"5":{"question":"Comment surmonter les craintes et les doutes lors d'une reconversion professionnelle ?","answer":"Il est important de reconna\u00eetre que le changement peut \u00eatre effrayant, mais aussi une opportunit\u00e9 de croissance personnelle et professionnelle. En s'entourant de soutien, en se concentrant sur les objectifs et en restant flexible, il est possible de surmonter les craintes et les doutes associ\u00e9s \u00e0 une reconversion professionnelle.\r\n"},"6":{"question":"Quels sont les avantages d'une reconversion professionnelle r\u00e9ussie ?","answer":"Une reconversion professionnelle r\u00e9ussie peut offrir une plus grande satisfaction au travail, de nouvelles opportunit\u00e9s de croissance professionnelle, une meilleure conciliation entre vie professionnelle et personnelle, ainsi qu'une augmentation potentielle des revenus. Elle permet \u00e9galement d'explorer de nouveaux domaines d'int\u00e9r\u00eat et de r\u00e9aliser son plein potentiel professionnel."},"7":{"question":"","answer":""},"8":{"question":"","answer":""},"9":{"question":"","answer":""},"10":{"question":"","answer":""},"11":{"question":"","answer":""},"12":{"question":"","answer":""},"13":{"question":"","answer":""},"14":{"question":"","answer":""},"15":{"question":"","answer":""},"16":{"question":"","answer":""}}},"_links":{"self":[{"href":"https:\/\/www.mes-allocs.fr\/guides\/wp-json\/wp\/v2\/posts\/75866","targetHints":{"allow":["GET"]}}],"collection":[{"href":"https:\/\/www.mes-allocs.fr\/guides\/wp-json\/wp\/v2\/posts"}],"about":[{"href":"https:\/\/www.mes-allocs.fr\/guides\/wp-json\/wp\/v2\/types\/post"}],"author":[{"embeddable":true,"href":"https:\/\/www.mes-allocs.fr\/guides\/wp-json\/wp\/v2\/users\/26"}],"replies":[{"embeddable":true,"href":"https:\/\/www.mes-allocs.fr\/guides\/wp-json\/wp\/v2\/comments?post=75866"}],"version-history":[{"count":9,"href":"https:\/\/www.mes-allocs.fr\/guides\/wp-json\/wp\/v2\/posts\/75866\/revisions"}],"predecessor-version":[{"id":110088,"href":"https:\/\/www.mes-allocs.fr\/guides\/wp-json\/wp\/v2\/posts\/75866\/revisions\/110088"}],"wp:featuredmedia":[{"embeddable":true,"href":"https:\/\/www.mes-allocs.fr\/guides\/wp-json\/wp\/v2\/media\/51122"}],"wp:attachment":[{"href":"https:\/\/www.mes-allocs.fr\/guides\/wp-json\/wp\/v2\/media?parent=75866"}],"wp:term":[{"taxonomy":"category","embeddable":true,"href":"https:\/\/www.mes-allocs.fr\/guides\/wp-json\/wp\/v2\/categories?post=75866"},{"taxonomy":"post_tag","embeddable":true,"href":"https:\/\/www.mes-allocs.fr\/guides\/wp-json\/wp\/v2\/tags?post=75866"}],"curies":[{"name":"wp","href":"https:\/\/api.w.org\/{rel}","templated":true}]}}