{"id":75799,"date":"2024-03-18T15:35:03","date_gmt":"2024-03-18T13:35:03","guid":{"rendered":"https:\/\/www.mes-allocs.fr\/guides\/?p=75799"},"modified":"2026-04-22T10:55:08","modified_gmt":"2026-04-22T09:55:08","slug":"ma-prime-adapt-demande","status":"publish","type":"post","link":"https:\/\/www.mes-allocs.fr\/guides\/aide-renovation\/ma-prime-adapt\/ma-prime-adapt-demande\/","title":{"rendered":"Comment demander Ma Prime Adapt ?"},"content":{"rendered":"<p><img loading=\"lazy\" decoding=\"async\" class=\"alignnone wp-image-37233 size-full\" title=\"ma prime adapt demande\" src=\"https:\/\/www.mes-allocs.fr\/guides\/wp-content\/uploads\/2021\/08\/Quelles-aides-energie-pour-effectuer-vos-travaux-de-renovation--e1710767195549.jpg\" alt=\"ma prime adapt demande\" width=\"1280\" height=\"259\" srcset=\"https:\/\/www.mes-allocs.fr\/guides\/wp-content\/uploads\/2021\/08\/Quelles-aides-energie-pour-effectuer-vos-travaux-de-renovation--e1710767195549.jpg 1280w, https:\/\/www.mes-allocs.fr\/guides\/wp-content\/uploads\/2021\/08\/Quelles-aides-energie-pour-effectuer-vos-travaux-de-renovation--e1710767195549-300x61.jpg 300w, https:\/\/www.mes-allocs.fr\/guides\/wp-content\/uploads\/2021\/08\/Quelles-aides-energie-pour-effectuer-vos-travaux-de-renovation--e1710767195549-1024x207.jpg 1024w, https:\/\/www.mes-allocs.fr\/guides\/wp-content\/uploads\/2021\/08\/Quelles-aides-energie-pour-effectuer-vos-travaux-de-renovation--e1710767195549-768x155.jpg 768w, https:\/\/www.mes-allocs.fr\/guides\/wp-content\/uploads\/2021\/08\/Quelles-aides-energie-pour-effectuer-vos-travaux-de-renovation--e1710767195549-600x121.jpg 600w\" sizes=\"auto, (max-width: 1280px) 100vw, 1280px\" \/><\/p>\n<p>La <strong>demande de Ma Prime Adapt<\/strong> constitue une \u00e9tape essentielle pour les individus et les familles confront\u00e9s \u00e0 des difficult\u00e9s d&rsquo;autonomie li\u00e9es \u00e0 l&rsquo;\u00e2ge ou au handicap. Cette aide \u00e0 la r\u00e9novation vise \u00e0 soutenir les travaux d&rsquo;am\u00e9nagement n\u00e9cessaires au domicile, permettant ainsi une meilleure adaptation \u00e0 ces situations particuli\u00e8res. D\u00e9couvrez comment effectuer une demande <a href=\"https:\/\/www.mes-allocs.fr\/guides\/aide-renovation\/ma-prime-adapt\/\">Ma Prime Adapt<\/a>.<\/p>\n<div class='cta-block'><div class='text'>Simulez votre toutes vos aides en 2 min.<\/div><a href='https:\/\/www.mes-allocs.fr\/ab-app?origin=guides\/wp-json\/wp\/v2\/posts\/75799' class='app-button fit'>Simulation gratuite<\/a><\/div>\n<h1><strong>D\u00e9finition de Ma Prime Adapt<\/strong><\/h1>\n<h2>Qu&rsquo;est-ce que Ma Prime Adapt ?<\/h2>\n<p><a href=\"https:\/\/www.mes-allocs.fr\/guides\/aide-renovation\/ma-prime-adapt\/\">Ma Prime Adapt<\/a> est une aide financi\u00e8re mise en place par le gouvernement fran\u00e7ais pour soutenir les personnes en perte d&rsquo;autonomie ou en situation de handicap. Elle vise \u00e0 faciliter l&rsquo;adaptation du domicile \u00e0 ces situations en finan\u00e7ant des travaux d&rsquo;am\u00e9nagement.<\/p>\n<p>Ces travaux peuvent inclure l&rsquo;installation d&rsquo;\u00e9quipements facilitant l&rsquo;accessibilit\u00e9 et la mobilit\u00e9, tels que des rampes d&rsquo;acc\u00e8s, des monte-escaliers, des \u00e9quipements de salle de bains adapt\u00e9s, entre autres.<\/p>\n<h2><strong>\u00c9ligibilit\u00e9 et crit\u00e8res d\u2019admission de la prime Adapt\u00a0<\/strong><\/h2>\n<p>Les <a href=\"https:\/\/www.mes-allocs.fr\/guides\/aide-renovation\/ma-prime-adapt\/ma-prime-adapt-conditions\/\">conditions de Ma Prime Adapt<\/a> sont les suivantes :<\/p>\n<ol>\n<li><strong>\u00c2ge<\/strong> : \u00eatre \u00e2g\u00e9 de 70 ans ou plus, ou \u00eatre \u00e2g\u00e9 de 60 \u00e0 69 ans et \u00eatre en situation de perte d&rsquo;autonomie selon le GIR (GIR 1 \u00e0 6).<\/li>\n<li><strong>Situation m\u00e9dicale<\/strong> : avoir un taux d&rsquo;incapacit\u00e9 sup\u00e9rieur \u00e0 50% ou b\u00e9n\u00e9ficier de la Prestation de Compensation du Handicap (PCH).<\/li>\n<li><strong>Propri\u00e9t\u00e9 du logement<\/strong> : \u00eatre propri\u00e9taire du logement ou locataire dans le parc priv\u00e9.<\/li>\n<li><strong>Revenus<\/strong> : poss\u00e9der des revenus annuels inf\u00e9rieurs \u00e0 un certain plafond, variable en fonction de la composition du foyer et de la localisation g\u00e9ographique.<\/li>\n<li><strong>R\u00e9sidence<\/strong> : r\u00e9sider en France, que ce soit en m\u00e9tropole ou en Outre-mer.<\/li>\n<\/ol>\n<p>Le montant de Ma Prime Adapt d\u00e9pend des revenus du b\u00e9n\u00e9ficiaire ainsi que du co\u00fbt total des travaux d&rsquo;adaptation r\u00e9alis\u00e9s \u00e0 son domicile.<\/p>\n<p><iframe loading=\"lazy\" src=\"\/\/www.youtube.com\/embed\/3Uf0lFAyLIQ\" width=\"560\" height=\"314\" allowfullscreen=\"allowfullscreen\"><\/iframe><\/p>\n<h1><strong>Quel est le processus de demande de Ma prime Adapt ?<\/strong><\/h1>\n<p>Comme pour toute demande d&rsquo;aide, des d\u00e9marches sont n\u00e9cessaires pour b\u00e9n\u00e9ficier de Ma Prime Adapt. Ces d\u00e9marches peuvent parfois \u00eatres longues et fastidieuses, c&rsquo;est pourquoi nous vous conseillons avant toute chose de r\u00e9aliser une simulation d&rsquo;aide pour conna\u00eetre le montant auquel vous \u00eates \u00e9ligibles.<\/p>\n<h2><strong>Les \u00e9tapes \u00e0 suivre pour soumettre une demande<\/strong><\/h2>\n<p>Voici les \u00e9tapes d\u00e9taill\u00e9es pour soumettre une demande de Ma Prime Adapt :<\/p>\n<ol>\n<li><strong>V\u00e9rification de l&rsquo;\u00e9ligibilit\u00e9 \u00e0 Ma Prime Adapt<\/strong> :\n<ul>\n<li>Avant de commencer le processus de demande, assurez-vous de remplir tous les crit\u00e8res d&rsquo;\u00e9ligibilit\u00e9 \u00e0 Ma Prime Adapt, tels que l&rsquo;\u00e2ge, la situation m\u00e9dicale, la propri\u00e9t\u00e9 du logement, les revenus et la r\u00e9sidence.<\/li>\n<\/ul>\n<\/li>\n<li><strong>Mise en relation avec un AMO (Assistant \u00e0 Ma\u00eetrise d&rsquo;Ouvrage)<\/strong> :\n<ul>\n<li>Une fois votre \u00e9ligibilit\u00e9 confirm\u00e9e, vous serez mis en relation avec un AMO. L&rsquo;AMO sera votre interlocuteur tout au long du processus et vous accompagnera dans les diff\u00e9rentes \u00e9tapes de votre projet.<\/li>\n<\/ul>\n<\/li>\n<li><strong>Diagnostic du logement<\/strong> :\n<ul>\n<li>L&rsquo;AMO effectuera un diagnostic approfondi de votre logement pour identifier les am\u00e9nagements n\u00e9cessaires \u00e0 votre autonomie et votre confort. Ce diagnostic permettra de d\u00e9finir les travaux \u00e9ligibles \u00e0 la prime.<\/li>\n<\/ul>\n<\/li>\n<li><strong>Choix de l&rsquo;artisan<\/strong> :\n<ul>\n<li>Sur la base du diagnostic, vous pourrez choisir l&rsquo;artisan ou l&rsquo;entreprise qui r\u00e9alisera les travaux. Assurez-vous de s\u00e9lectionner des professionnels qualifi\u00e9s et exp\u00e9riment\u00e9s dans les am\u00e9nagements adapt\u00e9s aux besoins sp\u00e9cifiques.<\/li>\n<\/ul>\n<\/li>\n<li><strong>D\u00e9p\u00f4t du dossier de demande de subvention aupr\u00e8s de l&rsquo;Anah<\/strong> :\n<ul>\n<li>Une fois le choix de l&rsquo;artisan effectu\u00e9, vous devrez constituer votre dossier de demande de subvention en fournissant les devis d\u00e9taill\u00e9s des travaux et les documents justificatifs n\u00e9cessaires. Ce dossier sera ensuite d\u00e9pos\u00e9 aupr\u00e8s de l&rsquo;Agence Nationale de l&rsquo;Habitat (Anah).<\/li>\n<\/ul>\n<\/li>\n<li><strong>Accord Ma Prime Adapt<\/strong> :\n<ul>\n<li>Apr\u00e8s examen de votre dossier, l&rsquo;Anah vous informera de l&rsquo;acceptation de votre demande de Ma Prime Adapt. Si votre demande est approuv\u00e9e, vous recevrez un accord \u00e9crit d\u00e9taillant le montant de la subvention accord\u00e9e.<\/li>\n<\/ul>\n<\/li>\n<li><strong>R\u00e9alisation des travaux<\/strong> :\n<ul>\n<li>Une fois l&rsquo;accord obtenu, vous pourrez d\u00e9marrer les travaux avec l&rsquo;artisan choisi. Pendant les travaux, veillez \u00e0 respecter les d\u00e9lais et les modalit\u00e9s convenus dans le contrat.<\/li>\n<\/ul>\n<\/li>\n<\/ol>\n<h2><strong>Les pi\u00e8ces justificatives \u00e0 fournir avec votre demande<\/strong><\/h2>\n<p>Pour monter un dossier Ma Prime Adapt, vous aurez besoin des documents suivants :<\/p>\n<ul>\n<li>Une pi\u00e8ce d&rsquo;identit\u00e9 valide,<\/li>\n<li>Votre avis d&rsquo;imposition ou de non-imposition,<\/li>\n<li>Plusieurs devis d\u00e9taill\u00e9s des travaux \u00e0 r\u00e9aliser.<\/li>\n<\/ul>\n<p>Pour les demandeurs de moins de 70 ans, les documents suppl\u00e9mentaires suivants seront n\u00e9cessaires :<\/p>\n<ul>\n<li>Une notification de d\u00e9cision de l&rsquo;Allocation Personnalis\u00e9e d&rsquo;Autonomie (APA),<\/li>\n<li>Ou un justificatif de handicap mentionnant le taux d&rsquo;incapacit\u00e9.<\/li>\n<\/ul>\n<p>Une fois les travaux termin\u00e9s, il est important de fournir la facture correspondante pour finaliser votre dossier.<\/p>\n<h2><strong>O\u00f9 et comment d\u00e9poser votre demande ?\u00a0<\/strong><\/h2>\n<p>Pour d\u00e9poser votre demande de Ma Prime Adapt, vous pouvez suivre ces \u00e9tapes :<\/p>\n<ol>\n<li>Cr\u00e9er un compte sur le site de l&rsquo;Agence Nationale de l&rsquo;Habitat (Anah)<\/li>\n<li>Remplir le formulaire en ligne<\/li>\n<li>Joindre les documents n\u00e9cessaires<\/li>\n<li>Soumettre votre demande<\/li>\n<li>Suivre l&rsquo;avancement de votre demande<\/li>\n<\/ol>\n<p>En suivant ces \u00e9tapes, vous pourrez d\u00e9poser efficacement votre demande de Ma Prime Adapt et b\u00e9n\u00e9ficier d&rsquo;une assistance pour les travaux d&rsquo;adaptation de votre domicile.<\/p>\n<div class='cta-block'><div class='text'>Simulez votre toutes vos aides en 2 min.<\/div><a href='https:\/\/www.mes-allocs.fr\/ab-app?origin=guides\/wp-json\/wp\/v2\/posts\/75799' class='app-button fit'>Simulation gratuite<\/a><\/div>\n","protected":false},"excerpt":{"rendered":"<p>La demande de Ma Prime Adapt constitue une \u00e9tape essentielle pour les individus et les familles confront\u00e9s \u00e0 des difficult\u00e9s d&rsquo;autonomie li\u00e9es \u00e0 l&rsquo;\u00e2ge ou au handicap. Cette aide \u00e0 la r\u00e9novation vise \u00e0 soutenir les travaux d&rsquo;am\u00e9nagement n\u00e9cessaires au domicile, permettant ainsi une meilleure adaptation \u00e0 ces situations particuli\u00e8res. D\u00e9couvrez comment effectuer une demande [&hellip;]<\/p>\n","protected":false},"author":26,"featured_media":42964,"comment_status":"open","ping_status":"open","sticky":false,"template":"","format":"standard","meta":{"amp_status":"","footnotes":""},"categories":[8154,32596],"tags":[],"class_list":["post-75799","post","type-post","status-publish","format-standard","has-post-thumbnail","hentry","category-aide-renovation","category-ma-prime-adapt"],"yoast_head":"<!-- This site is optimized with the Yoast SEO plugin v14.9 - https:\/\/yoast.com\/wordpress\/plugins\/seo\/ -->\n<title>Comment demander Ma Prime Adapt ? | Mes-Allocs.fr<\/title>\n<meta name=\"description\" content=\"La demande de Ma Prime Adapt constitue une \u00e9tape essentielle pour les individus et les familles confront\u00e9s \u00e0 des difficult\u00e9s d&#039;autonomie.\" \/>\n<meta name=\"robots\" content=\"index, follow, max-snippet:-1, max-image-preview:large, max-video-preview:-1\" \/>\n<link rel=\"canonical\" href=\"https:\/\/www.mes-allocs.fr\/guides\/aide-renovation\/ma-prime-adapt\/ma-prime-adapt-demande\/\" \/>\n<meta property=\"og:locale\" content=\"fr_FR\" \/>\n<meta property=\"og:type\" content=\"article\" \/>\n<meta property=\"og:title\" content=\"Comment demander Ma Prime Adapt ? | Mes-Allocs.fr\" \/>\n<meta property=\"og:description\" content=\"La demande de Ma Prime Adapt constitue une \u00e9tape essentielle pour les individus et les familles confront\u00e9s \u00e0 des difficult\u00e9s d&#039;autonomie.\" \/>\n<meta property=\"og:url\" content=\"https:\/\/www.mes-allocs.fr\/guides\/aide-renovation\/ma-prime-adapt\/ma-prime-adapt-demande\/\" \/>\n<meta property=\"og:site_name\" content=\"Mes-Allocs.fr\" \/>\n<meta property=\"article:published_time\" content=\"2024-03-18T13:35:03+00:00\" \/>\n<meta property=\"article:modified_time\" content=\"2026-04-22T09:55:08+00:00\" \/>\n<meta property=\"og:image\" content=\"https:\/\/www.mes-allocs.fr\/guides\/wp-content\/uploads\/2021\/09\/julian-hochgesang-ihx1LdtnGXw-unsplash-1-scaled.jpg?wsr\" \/>\n\t<meta property=\"og:image:width\" content=\"2560\" \/>\n\t<meta property=\"og:image:height\" content=\"1707\" \/>\n<meta name=\"twitter:card\" content=\"summary_large_image\" \/>\n<script type=\"application\/ld+json\" class=\"yoast-schema-graph\">{\"@context\":\"https:\/\/schema.org\",\"@graph\":[{\"@type\":\"WebSite\",\"@id\":\"https:\/\/www.mes-allocs.fr\/guides\/#website\",\"url\":\"https:\/\/www.mes-allocs.fr\/guides\/\",\"name\":\"Mes-Allocs.fr\",\"description\":\"\",\"potentialAction\":[{\"@type\":\"SearchAction\",\"target\":\"https:\/\/www.mes-allocs.fr\/guides\/?s={search_term_string}\",\"query-input\":\"required name=search_term_string\"}],\"inLanguage\":\"fr-FR\"},{\"@type\":\"ImageObject\",\"@id\":\"https:\/\/www.mes-allocs.fr\/guides\/aide-renovation\/ma-prime-adapt\/ma-prime-adapt-demande\/#primaryimage\",\"inLanguage\":\"fr-FR\",\"url\":\"https:\/\/www.mes-allocs.fr\/guides\/wp-content\/uploads\/2021\/09\/julian-hochgesang-ihx1LdtnGXw-unsplash-1-scaled.jpg?wsr\",\"width\":2560,\"height\":1707,\"caption\":\"ma prime adapt demande\"},{\"@type\":\"WebPage\",\"@id\":\"https:\/\/www.mes-allocs.fr\/guides\/aide-renovation\/ma-prime-adapt\/ma-prime-adapt-demande\/#webpage\",\"url\":\"https:\/\/www.mes-allocs.fr\/guides\/aide-renovation\/ma-prime-adapt\/ma-prime-adapt-demande\/\",\"name\":\"Comment demander Ma Prime Adapt ? | Mes-Allocs.fr\",\"isPartOf\":{\"@id\":\"https:\/\/www.mes-allocs.fr\/guides\/#website\"},\"primaryImageOfPage\":{\"@id\":\"https:\/\/www.mes-allocs.fr\/guides\/aide-renovation\/ma-prime-adapt\/ma-prime-adapt-demande\/#primaryimage\"},\"datePublished\":\"2024-03-18T13:35:03+00:00\",\"dateModified\":\"2026-04-22T09:55:08+00:00\",\"author\":{\"@id\":\"https:\/\/www.mes-allocs.fr\/guides\/#\/schema\/person\/9c38f3be41a0ddcd1e3fde5a3df713bf\"},\"description\":\"La demande de Ma Prime Adapt constitue une \\u00e9tape essentielle pour les individus et les familles confront\\u00e9s \\u00e0 des difficult\\u00e9s d'autonomie.\",\"inLanguage\":\"fr-FR\"},{\"@type\":\"Person\",\"@id\":\"https:\/\/www.mes-allocs.fr\/guides\/#\/schema\/person\/9c38f3be41a0ddcd1e3fde5a3df713bf\",\"name\":\"Sessime Ananou\",\"image\":{\"@type\":\"ImageObject\",\"@id\":\"https:\/\/www.mes-allocs.fr\/guides\/#personlogo\",\"inLanguage\":\"fr-FR\",\"url\":\"https:\/\/www.mes-allocs.fr\/guides\/wp-content\/uploads\/2023\/08\/IMG_8173-150x150.jpg\",\"caption\":\"Sessime Ananou\"},\"description\":\"Sessime est r\\u00e9dactrice chez Mes Allocs, sp\\u00e9cialis\\u00e9e sur le pouvoir d'achat. Elle rejoint l'\\u00e9quipe Mes Allocs en ao\\u00fbt 2023 afin de simplifier l'acc\\u00e8s \\u00e0 l'information sur les aides en g\\u00e9n\\u00e9ral.\"}]}<\/script>\n<!-- \/ Yoast SEO plugin. -->","amp_validity":null,"acf":{"faq":{"1":{"question":"Qui peut b\u00e9n\u00e9ficier de Ma Prime Adapt ?","answer":"Ma Prime Adapt est accessible aux personnes \u00e2g\u00e9es de 70 ans ou plus, aux personnes de 60 \u00e0 69 ans en situation de perte d'autonomie selon le GIR (GIR 1 \u00e0 6), ainsi qu'aux personnes ayant un taux d\u2019incapacit\u00e9 sup\u00e9rieur \u00e0 50% ou b\u00e9n\u00e9ficiant de la Prestation de Compensation du Handicap (PCH)."},"2":{"question":"Quels sont les crit\u00e8res d'\u00e9ligibilit\u00e9 pour les travaux ?","answer":"Les travaux doivent \u00eatre li\u00e9s \u00e0 l'adaptation du domicile \u00e0 la perte d'autonomie ou au handicap, tels que l'installation de dispositifs facilitant l'acc\u00e8s et la mobilit\u00e9, ou encore la mise en place de dispositifs de s\u00e9curit\u00e9."},"3":{"question":"Quels sont les revenus requis pour b\u00e9n\u00e9ficier de Ma Prime Adapt ?","answer":"Les revenus du demandeur doivent \u00eatre inf\u00e9rieurs \u00e0 25 000 euros par an pour \u00eatre \u00e9ligible \u00e0 Ma Prime Adapt, avec un montant variable d'aide en fonction de la tranche de revenus."},"4":{"question":"Comment faire une demande ?","answer":"La demande de Ma Prime Adapt doit \u00eatre effectu\u00e9e aupr\u00e8s de l'Agence nationale de l'habitat (Anah). Elle n\u00e9cessite la fourniture de plusieurs devis d\u00e9taillant les travaux envisag\u00e9s, ainsi que la justification de l'\u00e9ligibilit\u00e9 aux crit\u00e8res d'\u00e2ge, de situation et de revenus."},"5":{"question":"Quels sont les d\u00e9lais de traitement des demandes ?","answer":"Les d\u00e9lais de traitement des demandes peuvent varier en fonction de la r\u00e9gion et du volume de demandes re\u00e7ues, mais l'Anah s'engage \u00e0 traiter les demandes dans les meilleurs d\u00e9lais pour garantir une r\u00e9ponse rapide aux demandeurs."},"6":{"question":"Comment monter un dossier pour la prime Renov ?","answer":"Pour monter un dossier pour la prime Renov, suivez ces \u00e9tapes :\r\n\r\nRassemblez les documents n\u00e9cessaires : Pi\u00e8ce d'identit\u00e9, avis d'imposition, devis des travaux, preuves de propri\u00e9t\u00e9 ou de location du logement, etc.\r\nCr\u00e9ez un compte sur le site www.maprimerenov.gouv.fr.\r\nRemplissez le formulaire de demande en ligne en fournissant toutes les informations requises sur votre situation, vos travaux et vos revenus.\r\nJoignez les documents demand\u00e9s \u00e0 votre demande en ligne.\r\nSoumettez votre demande.\r\nAssurez-vous de suivre r\u00e9guli\u00e8rement l'avancement de votre dossier sur le site et de r\u00e9pondre \u00e0 toute demande de compl\u00e9ment d'information de l'administration.\r\nUne fois votre dossier accept\u00e9, vous recevrez la prime Renov sur votre compte bancaire."},"7":{"question":"","answer":""},"8":{"question":"","answer":""},"9":{"question":"","answer":""},"10":{"question":"","answer":""},"11":{"question":"","answer":""},"12":{"question":"","answer":""},"13":{"question":"","answer":""},"14":{"question":"","answer":""},"15":{"question":"","answer":""},"16":{"question":"","answer":""}}},"_links":{"self":[{"href":"https:\/\/www.mes-allocs.fr\/guides\/wp-json\/wp\/v2\/posts\/75799","targetHints":{"allow":["GET"]}}],"collection":[{"href":"https:\/\/www.mes-allocs.fr\/guides\/wp-json\/wp\/v2\/posts"}],"about":[{"href":"https:\/\/www.mes-allocs.fr\/guides\/wp-json\/wp\/v2\/types\/post"}],"author":[{"embeddable":true,"href":"https:\/\/www.mes-allocs.fr\/guides\/wp-json\/wp\/v2\/users\/26"}],"replies":[{"embeddable":true,"href":"https:\/\/www.mes-allocs.fr\/guides\/wp-json\/wp\/v2\/comments?post=75799"}],"version-history":[{"count":9,"href":"https:\/\/www.mes-allocs.fr\/guides\/wp-json\/wp\/v2\/posts\/75799\/revisions"}],"predecessor-version":[{"id":110990,"href":"https:\/\/www.mes-allocs.fr\/guides\/wp-json\/wp\/v2\/posts\/75799\/revisions\/110990"}],"wp:featuredmedia":[{"embeddable":true,"href":"https:\/\/www.mes-allocs.fr\/guides\/wp-json\/wp\/v2\/media\/42964"}],"wp:attachment":[{"href":"https:\/\/www.mes-allocs.fr\/guides\/wp-json\/wp\/v2\/media?parent=75799"}],"wp:term":[{"taxonomy":"category","embeddable":true,"href":"https:\/\/www.mes-allocs.fr\/guides\/wp-json\/wp\/v2\/categories?post=75799"},{"taxonomy":"post_tag","embeddable":true,"href":"https:\/\/www.mes-allocs.fr\/guides\/wp-json\/wp\/v2\/tags?post=75799"}],"curies":[{"name":"wp","href":"https:\/\/api.w.org\/{rel}","templated":true}]}}