{"id":7577,"date":"2020-07-15T12:54:53","date_gmt":"2020-07-15T12:54:53","guid":{"rendered":"https:\/\/www.mes-allocs.fr\/guides\/?p=7577"},"modified":"2026-04-02T14:39:28","modified_gmt":"2026-04-02T13:39:28","slug":"prime-activite-et-apl","status":"publish","type":"post","link":"https:\/\/www.mes-allocs.fr\/guides\/prime-d-activite\/cumul-prime-activite\/prime-activite-et-apl\/","title":{"rendered":"Peut-on cumuler prime d&rsquo;activit\u00e9 et APL en 2026 ?"},"content":{"rendered":"<p><img loading=\"lazy\" decoding=\"async\" class=\"aligncenter wp-image-59863 size-full\" title=\"prime d activit\u00e9 et apl\" src=\"https:\/\/www.mes-allocs.fr\/guides\/wp-content\/uploads\/2020\/07\/image_2022-12-20_155715710.png\" alt=\"prime d activit\u00e9 et apl\" width=\"1263\" height=\"255\" srcset=\"https:\/\/www.mes-allocs.fr\/guides\/wp-content\/uploads\/2020\/07\/image_2022-12-20_155715710.png 1263w, https:\/\/www.mes-allocs.fr\/guides\/wp-content\/uploads\/2020\/07\/image_2022-12-20_155715710-300x61.png 300w, https:\/\/www.mes-allocs.fr\/guides\/wp-content\/uploads\/2020\/07\/image_2022-12-20_155715710-1024x207.png 1024w, https:\/\/www.mes-allocs.fr\/guides\/wp-content\/uploads\/2020\/07\/image_2022-12-20_155715710-768x155.png 768w, https:\/\/www.mes-allocs.fr\/guides\/wp-content\/uploads\/2020\/07\/image_2022-12-20_155715710-600x121.png 600w\" sizes=\"auto, (max-width: 1263px) 100vw, 1263px\" \/><\/p>\n<p style=\"text-align: justify;\"><span style=\"font-weight: 400;\">[Mis \u00e0 jour le 02\/04\/2026]<\/span> La <a href=\"https:\/\/www.mes-allocs.fr\/guides\/prime-d-activite\/\">prime d&rsquo;activit\u00e9<\/a> sert de compl\u00e9ment de revenu pour les travailleurs les plus modestes. Cette aide est cumulable avec d&rsquo;autres apports financiers. Notamment, les APL. Qu&rsquo;est-ce-que l&rsquo;APL ? Les aides au logement sont des prestations sociales visant les foyers \u00e0 faibles revenus afin de les aider \u00e0 garder un logement ou y avoir acc\u00e8s, qu&rsquo;ils soient locataires ou acc\u00e9dants \u00e0 la propri\u00e9t\u00e9. D\u00e9couvrez d\u00e8s maintenant si ces deux aides sont cumulables en 2026.<\/p>\n<div class='cta-block'><div class='text'>Simulez votre prime d&rsquo;activit\u00e9 en 2 min. <\/div><a href='https:\/\/www.mes-allocs.fr\/ab-app?origin=guides\/wp-json\/wp\/v2\/posts\/7577' class='app-button fit'>Simulation gratuite<\/a><\/div>\n<h1>L&rsquo;APL est-elle cumulable avec la prime d&rsquo;activit\u00e9 en 2026 ?<\/h1>\n<p>Il y a beaucoup de questions autour des APL. Cette aide est inclue dans un forfait logement ajout\u00e9 \u00e0 vos ressources selon votre situation financi\u00e8re et familiale (nombre d&rsquo;enfants \u00e0 charge, etc.).<\/p>\n<p>Pour savoir si oui ou non vous \u00eates \u00e9ligibles \u00e0 la prime d&rsquo;activit\u00e9, il y a diff\u00e9rentes ressources prises en compte. Notamment les APL. Il faut savoir que<strong> l&rsquo;int\u00e9gralit\u00e9 de vos APL ne sont pas pris en compte<\/strong>. Seul un montant forfaitaire est requis.<\/p>\n<p>&nbsp;<\/p>\n\n<div class=\"wpdt-c row wpDataTableContainerSimpleTable wpDataTables wpDataTablesWrapper\n\"\n    >\n    <table id=\"wpdtSimpleTable-554\"\n           class=\"wpdtSimpleTable wpDataTable\"\n           data-column=\"2\"\n           data-rows=\"4\"\n           data-wpID=\"554\"\n           data-responsive=\"0\"\n           data-has-header=\"1\">\n\n                    <thead>        <tr class=\"wpdt-cell-row \" >\n                            <th class=\"wpdt-cell wpdt-bc-F3F9FE\"\n                                    data-cell-id=\"A1\"\n                data-col-index=\"0\"\n                data-row-index=\"0\"\n                style=\" width:48.571428571429%;                padding:10px;\"\n                >\n                                Nombre de personnes dans le foyer                <\/th>\n                                            <th class=\"wpdt-cell wpdt-bc-F3F9FE\"\n                                    data-cell-id=\"B1\"\n                data-col-index=\"1\"\n                data-row-index=\"0\"\n                style=\" width:51.428571428571%;                padding:10px;\"\n                >\n                                Forfait logement                <\/th>\n                                        <\/tr>\n                    <tbody>        <tr class=\"wpdt-cell-row \" >\n                            <td class=\"wpdt-cell wpdt-bc-F3F9FE\"\n                                    data-cell-id=\"A2\"\n                data-col-index=\"0\"\n                data-row-index=\"1\"\n                style=\"                padding:10px;\"\n                >\n                                1                <\/td>\n                                            <td class=\"wpdt-cell wpdt-bc-F3F9FE\"\n                                    data-cell-id=\"B2\"\n                data-col-index=\"1\"\n                data-row-index=\"1\"\n                style=\"                padding:10px;\"\n                >\n                                76,59\u20ac                <\/td>\n                                        <\/tr>\n                            <tr class=\"wpdt-cell-row \" >\n                            <td class=\"wpdt-cell wpdt-bc-F3F9FE\"\n                                    data-cell-id=\"A3\"\n                data-col-index=\"0\"\n                data-row-index=\"2\"\n                style=\"                padding:10px;\"\n                >\n                                2                <\/td>\n                                            <td class=\"wpdt-cell wpdt-bc-F3F9FE\"\n                                    data-cell-id=\"B3\"\n                data-col-index=\"1\"\n                data-row-index=\"2\"\n                style=\"                padding:10px;\"\n                >\n                                153,19 \u20ac                <\/td>\n                                        <\/tr>\n                            <tr class=\"wpdt-cell-row \" >\n                            <td class=\"wpdt-cell wpdt-bc-F3F9FE\"\n                                    data-cell-id=\"A4\"\n                data-col-index=\"0\"\n                data-row-index=\"3\"\n                style=\"                padding:10px;\"\n                >\n                                3 ou plus                <\/td>\n                                            <td class=\"wpdt-cell wpdt-bc-F3F9FE\"\n                                    data-cell-id=\"B4\"\n                data-col-index=\"1\"\n                data-row-index=\"3\"\n                style=\"                padding:10px;\"\n                >\n                                189,57 \u20ac                <\/td>\n                                        <\/tr>\n                    <\/table>\n<\/div><style id='wpdt-custom-style-554'>\ntable#wpdtSimpleTable-554{ table-layout: fixed !important; }\n.wpdt-bc-F3F9FE { background-color: #F3F9FE !important;}\n<\/style>\n\n<p>&nbsp;<\/p>\n<p>Ces forfaits logements s&rsquo;appliquent \u00e0 plusieurs aides diff\u00e9rentes, notamment le RSA, la CMU Compl\u00e9mentaire ou bien encore l\u2019Aide Compl\u00e9mentaire Sant\u00e9. Ils ont \u00e9t\u00e9 cr\u00e9\u00e9s pour un souci d&rsquo;\u00e9quit\u00e9. En effet, il faut \u00e9galiser les aides entre les personnes qui per\u00e7oivent les APL et ceux qui paient leur loyer, sans aide.<\/p>\n<p style=\"text-align: justify;\"><strong>\u00c0 noter :<\/strong> lors de votre demande, indiquez bien le nombre d&rsquo;APL que vous percevez et non ceux indiqu\u00e9s dans le tableau. C&rsquo;est la CAF qui s&rsquo;occupera de convertir le reste.<\/p>\n<p>Il n&rsquo;est donc pas impossible de recevoir les deux, tant que vous respectez les conditions d&rsquo;\u00e9ligibilit\u00e9 deux deux aides.<\/p>\n<h1>Quelles sont les conditions pour b\u00e9n\u00e9ficier de la prime d&rsquo;activit\u00e9 ?<\/h1>\n<p>Comme son titre l&rsquo;indique, la prime d&rsquo;activit\u00e9 vise les travailleurs. La demande se fait exclusivement en ligne sur le site de la CAF ou de la MSA<\/p>\n<p>Voici les conditions requises pour b\u00e9n\u00e9ficier de la prime :<\/p>\n<ul>\n<li>\u00catre \u00e2g\u00e9 de plus de 18 ans<\/li>\n<li>Vivre en France de fa\u00e7on permanente, c&rsquo;est-\u00e0-dire que la dur\u00e9e des s\u00e9jours hors de France ne doit pas exc\u00e9der 3 mois par ann\u00e9e civile. Par ailleurs, la prime d&rsquo;activit\u00e9 vers\u00e9e seulement pour les mois complets de pr\u00e9sence dans l&rsquo;Hexagone<\/li>\n<li>\u00catre seul\/e \u00e0 assumer la charge d&rsquo;un ou plusieurs enfants, ou avoir une activit\u00e9 professionnelle, qu&rsquo;elle soit salari\u00e9e ou non, dont le revenu net d\u00e9passe 1117,26 euros par mois.<\/li>\n<\/ul>\n<p>\u00c0 noter : la prime d&rsquo;activit\u00e9 remplace deux anciens dispositifs, la prime pour l&#8217;emploi et le RSA activit\u00e9. Le RSA socle quant \u00e0 lui est toujours en vigueur.<\/p>\n<p>&nbsp;<\/p>\n<div class='cta-block'><div class='text'>Simulez votre prime d&rsquo;activit\u00e9 en 2 min. <\/div><a href='https:\/\/www.mes-allocs.fr\/ab-app?origin=guides\/wp-json\/wp\/v2\/posts\/7577' class='app-button fit'>Simulation gratuite<\/a><\/div>\n<p>&nbsp;<\/p>\n<h1>Quel est le montant de la prime d&rsquo;activit\u00e9 en 2026 ?<\/h1>\n<h2>Quels revenus sont pris en compte pour la demande de prime d&rsquo;activit\u00e9 ?<\/h2>\n<p>Comme \u00e9crit plus haut, vos revenus professionnels ne sont pas les seuls pris en compte. Voici les donn\u00e9es que vous devez entrer pour pouvoir faire votre demande :<\/p>\n<ul>\n<li>Les revenus de vos activit\u00e9s professionnelles<\/li>\n<li>Vos allocations de remplacement (exemple : l&rsquo;allocation de retour \u00e0 l&#8217;emploi, les indemnit\u00e9s journali\u00e8res etc.)<\/li>\n<li>Les aides sociales (exemple : allocations logement, prestations familiales etc.)<\/li>\n<li>Ainsi que les revenus du patrimoine ou de capitaux<\/li>\n<\/ul>\n<h2 class=\"amp-wp-7d27179\" data-amp-original-style=\"text-align: justify;\"><span id=\"Principe_de_calcul_de_la_prime_dactivite\"><b>Principe de calcul de la prime d\u2019activit\u00e9<\/b><\/span><\/h2>\n<p class=\"amp-wp-7d27179\" data-amp-original-style=\"text-align: justify;\"><strong>Votre montant de prime d\u2019activit\u00e9 est calcul\u00e9 selon deux grandes composantes :<\/strong><\/p>\n<ul class=\"amp-wp-7d27179\" data-amp-original-style=\"text-align: justify;\">\n<li class=\"amp-wp-fe3f5cc\" data-amp-original-style=\"font-weight: 400;\"><span class=\"amp-wp-fe3f5cc\" data-amp-original-style=\"font-weight: 400;\">D\u2019une part,\u00a0<\/span><b>un montant forfaitaire<\/b><span class=\"amp-wp-fe3f5cc\" data-amp-original-style=\"font-weight: 400;\">, qui varie selon les ressources de votre foyer et du nombre d\u2019enfant \u00e0 votre charge. Ce montant peut \u00eatre bonifi\u00e9 selon les revenus professionnels de chaque travailleur,<\/span><\/li>\n<li class=\"amp-wp-fe3f5cc\" data-amp-original-style=\"font-weight: 400;\"><span class=\"amp-wp-fe3f5cc\" data-amp-original-style=\"font-weight: 400;\">Les ressources \u00e9valu\u00e9es de votre foyer.<\/span><\/li>\n<\/ul>\n<p class=\"amp-wp-7d27179\" data-amp-original-style=\"text-align: justify;\"><strong>On peut estimer la formule de calcul de la prime d\u2019activit\u00e9 ainsi :<\/strong><\/p>\n<p class=\"amp-wp-7d27179\" data-amp-original-style=\"text-align: justify;\"><b>Montant de votre prime d\u2019activit\u00e9 = montant forfaitaire \u00e9ventuellement major\u00e9 + 59,85 % des revenus professionnels + bonifications individuelles \u2013 les ressources prises en compte du foyer.<\/b><\/p>\n<h2 class=\"amp-wp-7d27179\" data-amp-original-style=\"text-align: justify;\"><span id=\"Montant_forfaitaire_de_la_prime_dactivite\"><b>Montant forfaitaire de la prime d\u2019activit\u00e9<\/b><\/span><\/h2>\n<p class=\"amp-wp-7d27179\" data-amp-original-style=\"text-align: justify;\"><span class=\"amp-wp-fe3f5cc\" data-amp-original-style=\"font-weight: 400;\">Le montant forfaitaire de la prime d\u2019activit\u00e9 s\u2019\u00e9l\u00e8ve \u00e0 <strong>638,28\u20ac<\/strong><\/span><b> par mois depuis le 1er avril 2026.<\/b><span class=\"amp-wp-fe3f5cc\" data-amp-original-style=\"font-weight: 400;\">\u00a0Ce montant peut \u00eatre major\u00e9 en fonction de la composition du foyer et\/ou en cas d\u2019isolement.<\/span><\/p>\n<p data-start=\"0\" data-end=\"164\">Depuis le 1\u1d49\u02b3 mars 2025, la d\u00e9claration trimestrielle de l<strong>a prime d\u2019activit\u00e9 devient pr\u00e9-remplie<\/strong>, ce qui simplifie le processus. La CAF reprend automatiquement certaines informations \u00e0 partir des revenus d\u00e9clar\u00e9s auparavant, r\u00e9duisant ainsi les erreurs et acc\u00e9l\u00e9rant le traitement de votre demande. Toutefois, il reste important de v\u00e9rifier et de valider les informations pour \u00e9viter toute erreur qui pourrait affecter le montant de l\u2019aide.<\/p>\n<p data-start=\"0\" data-end=\"164\">Depuis mars 2025, la p\u00e9riode \u00e0 d\u00e9clarer correspond aux tr<strong>ois mois pr\u00e9c\u00e9dant la demande : par exemple, en mars, vous devez d\u00e9clarer vos revenus des mois de novembre, d\u00e9cembre et janvier (et non plus d\u00e9cembre, janvier, f\u00e9vrier)<\/strong>. Cette nouvelle organisation facilite la gestion de votre dossier et rend la d\u00e9claration plus pr\u00e9cise.<\/p>\n<h2 class=\"amp-wp-7d27179\" data-amp-original-style=\"text-align: justify;\"><span id=\"Majoration_du_montant_forfaitaire_de_la_prime_dactivite\"><b>Majoration du montant forfaitaire de la prime d\u2019activit\u00e9<\/b><\/span><\/h2>\n<p class=\"amp-wp-7d27179\" data-amp-original-style=\"text-align: justify;\"><span class=\"amp-wp-fe3f5cc\" data-amp-original-style=\"font-weight: 400;\">La majoration du montant forfaitaire, si vous \u00eates en couple ou c\u00e9libataire, s\u2019\u00e9tablit ainsi :<\/span><\/p>\n<ul class=\"amp-wp-7d27179\" data-amp-original-style=\"text-align: justify;\">\n<li class=\"amp-wp-fe3f5cc\" data-amp-original-style=\"font-weight: 400;\"><span class=\"amp-wp-fe3f5cc\" data-amp-original-style=\"font-weight: 400;\">50% pour la 1<\/span><span class=\"amp-wp-fe3f5cc\" data-amp-original-style=\"font-weight: 400;\">re<\/span><span class=\"amp-wp-fe3f5cc\" data-amp-original-style=\"font-weight: 400;\">\u00a0personne suppl\u00e9mentaire (si vous \u00eates en couple, votre partenaire ne compte pas),<\/span><\/li>\n<li class=\"amp-wp-fe3f5cc\" data-amp-original-style=\"font-weight: 400;\"><span class=\"amp-wp-fe3f5cc\" data-amp-original-style=\"font-weight: 400;\">30% par personne suppl\u00e9mentaire,<\/span><\/li>\n<li class=\"amp-wp-fe3f5cc\" data-amp-original-style=\"font-weight: 400;\"><span class=\"amp-wp-fe3f5cc\" data-amp-original-style=\"font-weight: 400;\">40% par personne suppl\u00e9mentaire au-del\u00e0 de la 3<\/span><span class=\"amp-wp-fe3f5cc\" data-amp-original-style=\"font-weight: 400;\">e<\/span><span class=\"amp-wp-fe3f5cc\" data-amp-original-style=\"font-weight: 400;\">\u00a0personne si le foyer comporte plus de 2 enfants ou personnes de moins de 25 ans \u00e0 charge, \u00e0 l\u2019exception de la personne avec qui vous vivez en couple.<\/span><\/li>\n<\/ul>\n<p class=\"amp-wp-7d27179\" data-amp-original-style=\"text-align: justify;\"><em><span class=\"amp-wp-fe3f5cc\" data-amp-original-style=\"font-weight: 400;\">Exemple : vous vivez en couple et vous avez 5 enfants \u00e0 charge. Votre majoration du montant forfaitaire est de 190 %, calcul\u00e9e ainsi :\u00a0<\/span><span class=\"amp-wp-fe3f5cc\" data-amp-original-style=\"font-weight: 400;\">50 % + 2 x 30 % + 2 x 40 % = 190 %.<\/span><\/em><\/p>\n<p class=\"amp-wp-7d27179\" data-amp-original-style=\"text-align: justify;\"><span class=\"amp-wp-fe3f5cc\" data-amp-original-style=\"font-weight: 400;\">Vous \u00eates consid\u00e9r\u00e9 comme\u00a0<\/span><b>parent isol\u00e9<\/b><span class=\"amp-wp-fe3f5cc\" data-amp-original-style=\"font-weight: 400;\">\u00a0si vous vivez s\u00e9par\u00e9 de votre conjoint et que vous avez un ou plusieurs enfants \u00e0 charge. Vous b\u00e9n\u00e9ficiez alors d\u2019un montant major\u00e9 de\u00a0<\/span><b>128,412 %<\/b><span class=\"amp-wp-fe3f5cc\" data-amp-original-style=\"font-weight: 400;\">\u00a0du montant forfaitaire de base.\u00a0<\/span><span class=\"amp-wp-fe3f5cc\" data-amp-original-style=\"font-weight: 400;\">S\u2019y ajoute\u00a0<\/span><b>42,804 %<\/b><span class=\"amp-wp-fe3f5cc\" data-amp-original-style=\"font-weight: 400;\">\u00a0du montant forfaitaire de base pour chaque enfant.<\/span><\/p>\n<p class=\"amp-wp-7d27179\" data-amp-original-style=\"text-align: justify;\"><span class=\"amp-wp-fe3f5cc\" data-amp-original-style=\"font-weight: 400;\">Ce montant major\u00e9 vous est vers\u00e9 sur\u00a0<\/span><b>12 mois<\/b><span class=\"amp-wp-fe3f5cc\" data-amp-original-style=\"font-weight: 400;\">\u00a0que vous pouvez s\u00e9lectionner sur une p\u00e9riode de 18 mois suivant la s\u00e9paration ou le veuvage.<\/span><\/p>\n<p class=\"amp-wp-7d27179\" data-amp-original-style=\"text-align: justify;\"><span class=\"amp-wp-fe3f5cc\" data-amp-original-style=\"font-weight: 400;\">Cependant, si votre plus jeune enfant est \u00e2g\u00e9 de moins de 3 ans, et qu\u2019il sera \u00e2g\u00e9 de 3 ans dans plus d\u2019un an (12 mois), vous percevez la majoration du montant forfaitaire auquel vous avez droit jusqu\u2019\u00e0 ses 3 ans.<\/span><\/p>\n<p class=\"amp-wp-7d27179\" data-amp-original-style=\"text-align: justify;\"><span class=\"amp-wp-fe3f5cc\" data-amp-original-style=\"font-weight: 400;\">Pour plus d\u2018information, consultez notre\u00a0<\/span><a href=\"https:\/\/www.mes-allocs.fr\/guides\/prime-d-activite\/simulation-prime-d-activite\"><span class=\"amp-wp-fe3f5cc\" data-amp-original-style=\"font-weight: 400;\">simulateur de prime d\u2019activit\u00e9<\/span><\/a><span class=\"amp-wp-fe3f5cc\" data-amp-original-style=\"font-weight: 400;\">.<\/span><\/p>\n<p><iframe loading=\"lazy\" title=\"La prime d&#039;activit\u00e9\" width=\"500\" height=\"281\" src=\"https:\/\/www.youtube.com\/embed\/uavbovK5ZXc?feature=oembed\" frameborder=\"0\" allow=\"accelerometer; autoplay; clipboard-write; encrypted-media; gyroscope; picture-in-picture; web-share\" referrerpolicy=\"strict-origin-when-cross-origin\" allowfullscreen><\/iframe><\/p>\n<p>&nbsp;<\/p>\n<h1>Quelles sont les conditions pour avoir droit aux APL ?<\/h1>\n<h2>Conditions du demandeur<\/h2>\n<p style=\"text-align: justify;\">L&rsquo;aide personnalis\u00e9e au logement se donne sous certains crit\u00e8res, comme les autres aides. Les voici :<\/p>\n<ul style=\"text-align: justify;\">\n<li>locataire,<\/li>\n<li>ou sous-locataire d&rsquo;un logement lou\u00e9 int\u00e9gralement ou partiellement, \u00e0 la condition d&rsquo;\u00eatre \u00e2g\u00e9 de moins de 25\u00a0 ans ou d&rsquo;\u00eatre h\u00e9berg\u00e9 chez un accueillant familial.<\/li>\n<\/ul>\n<p style=\"text-align: justify;\">Aucun \u00e2ge n&rsquo;est requis. M\u00eame un mineur peut avoir droit aux APL, \u00e0 condition que le bail soit sign\u00e9, ou co sign\u00e9 par ses parents. La quittance de loyer peut \u00eatre \u00e9tablie au nom du mineur.<\/p>\n<p style=\"text-align: justify;\">S&rsquo;il s&rsquo;agit d&rsquo;un mineur \u00e9mancip\u00e9, le bail doit \u00eatre \u00e0 son nom.<\/p>\n<h2>Conditions du logement<\/h2>\n<p style=\"text-align: justify;\">En ce qui concerne le logement, l&rsquo;APL est attribu\u00e9e si :<\/p>\n<ul style=\"text-align: justify;\">\n<li>Votre r\u00e9sidence principale est situ\u00e9e en France<\/li>\n<li>Si votre logement r\u00e9pond \u00e0 des\u00a0crit\u00e8res de d\u00e9cence et de conditions minimales d&rsquo;occupation<\/li>\n<\/ul>\n<p style=\"text-align: justify;\">Le logement doit \u00eatre conventionn\u00e9.<\/p>\n<h2 style=\"text-align: justify;\">Conditions de ressources<\/h2>\n<p style=\"text-align: justify;\">L&rsquo;APL est attribu\u00e9e sous certaines conditions de ressources. Elles incluent la composition du foyer, les ressources du foyer et le lieu de votre logement.<\/p>\n<p style=\"text-align: justify;\">Pour 2026, ce sont vos ressources des 12 derniers mois qui sont prises en compte.<\/p>\n<p>Voici les plafonds de ressources pour pouvoir b\u00e9n\u00e9ficier des APL en 2026.<\/p>\n\n<div class=\"wpdt-c row wpDataTableContainerSimpleTable wpDataTables wpDataTablesWrapper\n\"\n    >\n    <table id=\"wpdtSimpleTable-145\"\n           class=\"wpdtSimpleTable wpDataTable\"\n           data-column=\"2\"\n           data-rows=\"10\"\n           data-wpID=\"145\"\n           data-responsive=\"0\"\n           data-has-header=\"1\">\n\n                    <thead>        <tr class=\"wpdt-cell-row \" >\n                            <th class=\"wpdt-cell wpdt-bold wpdt-bc-F3F9FE\"\n                                    data-cell-id=\"A1\"\n                data-col-index=\"0\"\n                data-row-index=\"0\"\n                style=\" width:26.151930261519%;                padding:10px;\"\n                >\n                                Composition du foyer                <\/th>\n                                            <th class=\"wpdt-cell wpdt-bold wpdt-bc-F3F9FE\"\n                                    data-cell-id=\"B1\"\n                data-col-index=\"1\"\n                data-row-index=\"0\"\n                style=\" width:73.848069738481%;                padding:10px;\"\n                >\n                                Plafonds de ressources (en \u20ac) \u00e0 ne pas d\u00e9passer pour toucher le montant maximal d'APL en 2026                <\/th>\n                                        <\/tr>\n                    <tbody>        <tr class=\"wpdt-cell-row \" >\n                            <td class=\"wpdt-cell wpdt-bold wpdt-bc-F3F9FE\"\n                                    data-cell-id=\"A2\"\n                data-col-index=\"0\"\n                data-row-index=\"1\"\n                style=\"                padding:10px;\"\n                >\n                                Personne seule                <\/td>\n                                            <td class=\"wpdt-cell wpdt-bc-FFFFFF\"\n                                    data-cell-id=\"B2\"\n                data-col-index=\"1\"\n                data-row-index=\"1\"\n                style=\"                padding:10px;\"\n                >\n                                5 235                <\/td>\n                                        <\/tr>\n                            <tr class=\"wpdt-cell-row \" >\n                            <td class=\"wpdt-cell wpdt-bold wpdt-bc-F3F9FE\"\n                                    data-cell-id=\"A3\"\n                data-col-index=\"0\"\n                data-row-index=\"2\"\n                style=\"                padding:10px;\"\n                >\n                                Couple sans personne \u00e0 charge                <\/td>\n                                            <td class=\"wpdt-cell wpdt-bc-FFFFFF\"\n                                    data-cell-id=\"B3\"\n                data-col-index=\"1\"\n                data-row-index=\"2\"\n                style=\"                padding:10px;\"\n                >\n                                7 501                <\/td>\n                                        <\/tr>\n                            <tr class=\"wpdt-cell-row \" >\n                            <td class=\"wpdt-cell wpdt-bold wpdt-bc-F3F9FE\"\n                                    data-cell-id=\"A4\"\n                data-col-index=\"0\"\n                data-row-index=\"3\"\n                style=\"                padding:10px;\"\n                >\n                                Personne seule ou couple avec une personne \u00e0 charge                <\/td>\n                                            <td class=\"wpdt-cell wpdt-bc-FFFFFF\"\n                                    data-cell-id=\"B4\"\n                data-col-index=\"1\"\n                data-row-index=\"3\"\n                style=\"                padding:10px;\"\n                >\n                                8 947                <\/td>\n                                        <\/tr>\n                            <tr class=\"wpdt-cell-row \" >\n                            <td class=\"wpdt-cell wpdt-bold wpdt-bc-F3F9FE\"\n                                    data-cell-id=\"A5\"\n                data-col-index=\"0\"\n                data-row-index=\"4\"\n                style=\"                padding:10px;\"\n                >\n                                Personne seule ou couple ayant 2 personnes \u00e0 charge                <\/td>\n                                            <td class=\"wpdt-cell wpdt-bc-FFFFFF\"\n                                    data-cell-id=\"B5\"\n                data-col-index=\"1\"\n                data-row-index=\"4\"\n                style=\"                padding:10px;\"\n                >\n                                9 148                <\/td>\n                                        <\/tr>\n                            <tr class=\"wpdt-cell-row \" >\n                            <td class=\"wpdt-cell wpdt-bold wpdt-bc-F3F9FE\"\n                                    data-cell-id=\"A6\"\n                data-col-index=\"0\"\n                data-row-index=\"5\"\n                style=\"                padding:10px;\"\n                >\n                                Personne seule ou couple ayant 3 personnes \u00e0 charge                <\/td>\n                                            <td class=\"wpdt-cell wpdt-bc-FFFFFF\"\n                                    data-cell-id=\"B6\"\n                data-col-index=\"1\"\n                data-row-index=\"5\"\n                style=\"                padding:10px;\"\n                >\n                                9 498                <\/td>\n                                        <\/tr>\n                            <tr class=\"wpdt-cell-row \" >\n                            <td class=\"wpdt-cell wpdt-bold wpdt-bc-F3F9FE\"\n                                    data-cell-id=\"A7\"\n                data-col-index=\"0\"\n                data-row-index=\"6\"\n                style=\"                padding:10px;\"\n                >\n                                Personne seule ou couple ayant 4 personnes \u00e0 charge                <\/td>\n                                            <td class=\"wpdt-cell wpdt-bc-FFFFFF\"\n                                    data-cell-id=\"B7\"\n                data-col-index=\"1\"\n                data-row-index=\"6\"\n                style=\"                padding:10px;\"\n                >\n                                9 851                <\/td>\n                                        <\/tr>\n                            <tr class=\"wpdt-cell-row \" >\n                            <td class=\"wpdt-cell wpdt-bold wpdt-bc-F3F9FE\"\n                                    data-cell-id=\"A8\"\n                data-col-index=\"0\"\n                data-row-index=\"7\"\n                style=\"                padding:10px;\"\n                >\n                                Personne seule ou couple ayant 5 personnes \u00e0 charge                <\/td>\n                                            <td class=\"wpdt-cell wpdt-bc-FFFFFF\"\n                                    data-cell-id=\"B8\"\n                data-col-index=\"1\"\n                data-row-index=\"7\"\n                style=\"                padding:10px;\"\n                >\n                                10 202                <\/td>\n                                        <\/tr>\n                            <tr class=\"wpdt-cell-row \" >\n                            <td class=\"wpdt-cell wpdt-bold wpdt-bc-F3F9FE\"\n                                    data-cell-id=\"A9\"\n                data-col-index=\"0\"\n                data-row-index=\"8\"\n                style=\"                padding:10px;\"\n                >\n                                Personne seule ou couple ayant 6 personnes \u00e0 charge                <\/td>\n                                            <td class=\"wpdt-cell wpdt-bc-FFFFFF\"\n                                    data-cell-id=\"B9\"\n                data-col-index=\"1\"\n                data-row-index=\"8\"\n                style=\"                padding:10px;\"\n                >\n                                10 554                <\/td>\n                                        <\/tr>\n                            <tr class=\"wpdt-cell-row \" >\n                            <td class=\"wpdt-cell wpdt-bold wpdt-bc-F3F9FE\"\n                                    data-cell-id=\"A10\"\n                data-col-index=\"0\"\n                data-row-index=\"9\"\n                style=\"                padding:10px;\"\n                >\n                                Par personne \u00e0 charge suppl\u00e9mentaire                <\/td>\n                                            <td class=\"wpdt-cell wpdt-bc-FFFFFF\"\n                                    data-cell-id=\"B10\"\n                data-col-index=\"1\"\n                data-row-index=\"9\"\n                style=\"                padding:10px;\"\n                >\n                                + 346                <\/td>\n                                        <\/tr>\n                    <\/table>\n<\/div><style id='wpdt-custom-style-145'>\ntable#wpdtSimpleTable-145{ table-layout: fixed !important; }\n.wpdt-bc-F3F9FE { background-color: #F3F9FE !important;}\n.wpdt-bc-FFFFFF { background-color: #FFFFFF !important;}\n<\/style>\n\n<h1>Quels sont les montants de l&rsquo;APL en 2026 ?<\/h1>\n<p style=\"text-align: justify;\">Le montant de l&rsquo;APL est calcul\u00e9 en fonction de plusieurs bar\u00e8mes. Ils prennent en compte :<\/p>\n<ul>\n<li style=\"text-align: justify;\">La situation familiale ainsi que le nombre de personnes \u00e0 charge dans le foyer.<\/li>\n<li style=\"text-align: justify;\">Les diff\u00e9rentes ressources : les v\u00f4tres, celles de la personne avec qui vous vivez en couple ainsi que les personnes habitants dans votre foyer, habituellement.<\/li>\n<li style=\"text-align: justify;\">La valeur de votre patrimoine immobilier et financier. Celui de la personne avec qui vous \u00eates en couple et les personnes \u00e0 charge. La valeur doit d\u00e9passer les 30,000\u2009\u20ac.<\/li>\n<li>Le montant de votre loyer.<\/li>\n<\/ul>\n<p>&nbsp;<\/p>\n<div class='cta-block'><div class='text'>Simulez votre prime d&rsquo;activit\u00e9 en 2 min. <\/div><a href='https:\/\/www.mes-allocs.fr\/ab-app?origin=guides\/wp-json\/wp\/v2\/posts\/7577' class='app-button fit'>Simulation gratuite<\/a><\/div>\n","protected":false},"excerpt":{"rendered":"<p>[Mis \u00e0 jour le 02\/04\/2026] La prime d&rsquo;activit\u00e9 sert de compl\u00e9ment de revenu pour les travailleurs les plus modestes. Cette aide est cumulable avec d&rsquo;autres apports financiers. Notamment, les APL. Qu&rsquo;est-ce-que l&rsquo;APL ? Les aides au logement sont des prestations sociales visant les foyers \u00e0 faibles revenus afin de les aider \u00e0 garder un logement [&hellip;]<\/p>\n","protected":false},"author":7,"featured_media":7588,"comment_status":"open","ping_status":"open","sticky":false,"template":"","format":"standard","meta":{"amp_status":"","footnotes":""},"categories":[1928,20],"tags":[],"class_list":["post-7577","post","type-post","status-publish","format-standard","has-post-thumbnail","hentry","category-cumul-prime-activite","category-prime-d-activite"],"yoast_head":"<!-- This site is optimized with the Yoast SEO plugin v14.9 - https:\/\/yoast.com\/wordpress\/plugins\/seo\/ -->\n<title>Prime d&#039;activit\u00e9 et APL : un cumul est-il possible en 2026 ? | Mes-Allocs.fr<\/title>\n<meta name=\"description\" content=\"La prime d&#039;activit\u00e9 compl\u00e8te les revenus des travailleurs modestes. Un cumul prime d&#039;activit\u00e9 et APL est-il envisageable en 2026 ?\" \/>\n<meta name=\"robots\" content=\"index, follow, max-snippet:-1, max-image-preview:large, max-video-preview:-1\" \/>\n<link rel=\"canonical\" href=\"https:\/\/www.mes-allocs.fr\/guides\/prime-d-activite\/cumul-prime-activite\/prime-activite-et-apl\/\" \/>\n<meta property=\"og:locale\" content=\"fr_FR\" \/>\n<meta property=\"og:type\" content=\"article\" \/>\n<meta property=\"og:title\" content=\"Prime d&#039;activit\u00e9 et APL : un cumul est-il possible en 2026 ? | Mes-Allocs.fr\" \/>\n<meta property=\"og:description\" content=\"La prime d&#039;activit\u00e9 compl\u00e8te les revenus des travailleurs modestes. Un cumul prime d&#039;activit\u00e9 et APL est-il envisageable en 2026 ?\" \/>\n<meta property=\"og:url\" content=\"https:\/\/www.mes-allocs.fr\/guides\/prime-d-activite\/cumul-prime-activite\/prime-activite-et-apl\/\" \/>\n<meta property=\"og:site_name\" content=\"Mes-Allocs.fr\" \/>\n<meta property=\"article:published_time\" content=\"2020-07-15T12:54:53+00:00\" \/>\n<meta property=\"article:modified_time\" content=\"2026-04-02T13:39:28+00:00\" \/>\n<meta property=\"og:image\" content=\"https:\/\/www.mes-allocs.fr\/guides\/wp-content\/uploads\/2020\/05\/D63202EF-7CAE-421C-94D8-9E5161D3AE7E-e1590596501356.jpeg?wsr\" \/>\n\t<meta property=\"og:image:width\" content=\"1200\" \/>\n\t<meta property=\"og:image:height\" content=\"357\" \/>\n<meta name=\"twitter:card\" content=\"summary_large_image\" \/>\n<script type=\"application\/ld+json\" class=\"yoast-schema-graph\">{\"@context\":\"https:\/\/schema.org\",\"@graph\":[{\"@type\":\"WebSite\",\"@id\":\"https:\/\/www.mes-allocs.fr\/guides\/#website\",\"url\":\"https:\/\/www.mes-allocs.fr\/guides\/\",\"name\":\"Mes-Allocs.fr\",\"description\":\"\",\"potentialAction\":[{\"@type\":\"SearchAction\",\"target\":\"https:\/\/www.mes-allocs.fr\/guides\/?s={search_term_string}\",\"query-input\":\"required name=search_term_string\"}],\"inLanguage\":\"fr-FR\"},{\"@type\":\"ImageObject\",\"@id\":\"https:\/\/www.mes-allocs.fr\/guides\/prime-d-activite\/cumul-prime-activite\/prime-activite-et-apl\/#primaryimage\",\"inLanguage\":\"fr-FR\",\"url\":\"https:\/\/www.mes-allocs.fr\/guides\/wp-content\/uploads\/2020\/05\/D63202EF-7CAE-421C-94D8-9E5161D3AE7E-e1590596501356.jpeg?wsr\",\"width\":1200,\"height\":357,\"caption\":\"D63202EF 7CAE 421C 94D8 9E5161D3AE7E e1590596501356\"},{\"@type\":\"WebPage\",\"@id\":\"https:\/\/www.mes-allocs.fr\/guides\/prime-d-activite\/cumul-prime-activite\/prime-activite-et-apl\/#webpage\",\"url\":\"https:\/\/www.mes-allocs.fr\/guides\/prime-d-activite\/cumul-prime-activite\/prime-activite-et-apl\/\",\"name\":\"Prime d'activit\\u00e9 et APL : un cumul est-il possible en 2026 ? | Mes-Allocs.fr\",\"isPartOf\":{\"@id\":\"https:\/\/www.mes-allocs.fr\/guides\/#website\"},\"primaryImageOfPage\":{\"@id\":\"https:\/\/www.mes-allocs.fr\/guides\/prime-d-activite\/cumul-prime-activite\/prime-activite-et-apl\/#primaryimage\"},\"datePublished\":\"2020-07-15T12:54:53+00:00\",\"dateModified\":\"2026-04-02T13:39:28+00:00\",\"author\":{\"@id\":\"https:\/\/www.mes-allocs.fr\/guides\/#\/schema\/person\/1c4837d5703727cb02ce84583b5a44aa\"},\"description\":\"La prime d'activit\\u00e9 compl\\u00e8te les revenus des travailleurs modestes. Un cumul prime d'activit\\u00e9 et APL est-il envisageable en 2026 ?\",\"inLanguage\":\"fr-FR\"},{\"@type\":\"Person\",\"@id\":\"https:\/\/www.mes-allocs.fr\/guides\/#\/schema\/person\/1c4837d5703727cb02ce84583b5a44aa\",\"name\":\"Fabiola\",\"image\":{\"@type\":\"ImageObject\",\"@id\":\"https:\/\/www.mes-allocs.fr\/guides\/#personlogo\",\"inLanguage\":\"fr-FR\",\"url\":\"https:\/\/www.mes-allocs.fr\/guides\/wp-content\/uploads\/2021\/06\/fabiola-150x150.png\",\"caption\":\"Fabiola\"},\"description\":\"Fabiola est r\\u00e9dactrice au sein de l'\\u00e9quipe Mes Allocs, sp\\u00e9cialis\\u00e9e en sciences politiques et affaires publiques. Dipl\\u00f4m\\u00e9e de l'HEIP, elle rejoint Mes Allocs apr\\u00e8s une premi\\u00e8re exp\\u00e9rience \\u00e0 l'Assembl\\u00e9e Nationale.\",\"sameAs\":[\"https:\/\/www.linkedin.com\/in\/cecilia-philippe-b-8a8085195\"]}]}<\/script>\n<!-- \/ Yoast SEO plugin. -->","amp_validity":null,"acf":{"faq":{"1":{"question":"Est-ce que la prime d'activit\u00e9 fait baisser les APL ?","answer":"Le montant des APL est int\u00e9gr\u00e9 sous forme de forfait \u00e0 votre prime d'activit\u00e9. Ce forfait est de 77,58 \u20ac pour une personne seule et de 155,16 \u20ac pour une personne en couple depuis le 1er avril 2025. "},"2":{"question":"Quel est le plafond \u00e0 ne pas d\u00e9passer pour toucher la prime d'activit\u00e9 ?","answer":"Pour toucher la prime d'activit\u00e9 vous ne devez pas d\u00e9passer certains revenus. Ces plafonds de ressources varient selon les situations.  Comptez environ 2.000 euros pour une personne seule, soit 1,5 Smic net. "},"3":{"question":"Quel salaire net Faut-il d\u00e9clarer pour la prime d'activit\u00e9 ?","answer":"Pour avoir droit \u00e0 la prime d'activit\u00e9 les \u00e9tudiants salari\u00e9s et les apprentis doivent justifier de 3 mois de revenus cons\u00e9cutifs (salaire minimum de 1 104,25 euros)"},"4":{"question":"Comment d\u00e9clarer son salaire \u00e0 la CAF ?","answer":"Pour calculer vos droits, la CAF a besoin de connaitre vos ressources. \r\nPour se faire :  caf.fr > Espace Mon Compte > Rubrique Mes ressources > D\u00e9clarer > Mes ressources trimestrielles ou sur l'application mobile Caf-Mon Compte"},"5":{"question":"","answer":""},"6":{"question":"","answer":""},"7":{"question":"","answer":""},"8":{"question":"","answer":""},"9":{"question":"","answer":""},"10":{"question":"","answer":""},"11":{"question":"","answer":""},"12":{"question":"","answer":""},"13":{"question":"","answer":""},"14":{"question":"","answer":""},"15":{"question":"","answer":""},"16":{"question":"","answer":""}}},"_links":{"self":[{"href":"https:\/\/www.mes-allocs.fr\/guides\/wp-json\/wp\/v2\/posts\/7577","targetHints":{"allow":["GET"]}}],"collection":[{"href":"https:\/\/www.mes-allocs.fr\/guides\/wp-json\/wp\/v2\/posts"}],"about":[{"href":"https:\/\/www.mes-allocs.fr\/guides\/wp-json\/wp\/v2\/types\/post"}],"author":[{"embeddable":true,"href":"https:\/\/www.mes-allocs.fr\/guides\/wp-json\/wp\/v2\/users\/7"}],"replies":[{"embeddable":true,"href":"https:\/\/www.mes-allocs.fr\/guides\/wp-json\/wp\/v2\/comments?post=7577"}],"version-history":[{"count":51,"href":"https:\/\/www.mes-allocs.fr\/guides\/wp-json\/wp\/v2\/posts\/7577\/revisions"}],"predecessor-version":[{"id":111396,"href":"https:\/\/www.mes-allocs.fr\/guides\/wp-json\/wp\/v2\/posts\/7577\/revisions\/111396"}],"wp:featuredmedia":[{"embeddable":true,"href":"https:\/\/www.mes-allocs.fr\/guides\/wp-json\/wp\/v2\/media\/7588"}],"wp:attachment":[{"href":"https:\/\/www.mes-allocs.fr\/guides\/wp-json\/wp\/v2\/media?parent=7577"}],"wp:term":[{"taxonomy":"category","embeddable":true,"href":"https:\/\/www.mes-allocs.fr\/guides\/wp-json\/wp\/v2\/categories?post=7577"},{"taxonomy":"post_tag","embeddable":true,"href":"https:\/\/www.mes-allocs.fr\/guides\/wp-json\/wp\/v2\/tags?post=7577"}],"curies":[{"name":"wp","href":"https:\/\/api.w.org\/{rel}","templated":true}]}}