{"id":75585,"date":"2024-03-12T13:46:39","date_gmt":"2024-03-12T11:46:39","guid":{"rendered":"https:\/\/www.mes-allocs.fr\/guides\/?p=75585"},"modified":"2026-04-22T10:55:09","modified_gmt":"2026-04-22T09:55:09","slug":"remboursement-perruque-ameli","status":"publish","type":"post","link":"https:\/\/www.mes-allocs.fr\/guides\/ameli\/remboursement-ameli\/remboursement-perruque-ameli\/","title":{"rendered":"Les perruques et les proth\u00e8ses capillaires sont-elles rembours\u00e9es sur Ameli ?"},"content":{"rendered":"<p><img loading=\"lazy\" decoding=\"async\" class=\"alignnone wp-image-75158 size-full\" title=\"remboursement perruque ameli\" src=\"https:\/\/www.mes-allocs.fr\/guides\/wp-content\/uploads\/2024\/03\/remboursement-greffe-de-cheveux-ameli-1-e1709311386272.jpg\" alt=\"remboursement perruque ameli\" width=\"1280\" height=\"336\" srcset=\"https:\/\/www.mes-allocs.fr\/guides\/wp-content\/uploads\/2024\/03\/remboursement-greffe-de-cheveux-ameli-1-e1709311386272.jpg 1280w, https:\/\/www.mes-allocs.fr\/guides\/wp-content\/uploads\/2024\/03\/remboursement-greffe-de-cheveux-ameli-1-e1709311386272-300x79.jpg 300w, https:\/\/www.mes-allocs.fr\/guides\/wp-content\/uploads\/2024\/03\/remboursement-greffe-de-cheveux-ameli-1-e1709311386272-1024x269.jpg 1024w, https:\/\/www.mes-allocs.fr\/guides\/wp-content\/uploads\/2024\/03\/remboursement-greffe-de-cheveux-ameli-1-e1709311386272-768x202.jpg 768w, https:\/\/www.mes-allocs.fr\/guides\/wp-content\/uploads\/2024\/03\/remboursement-greffe-de-cheveux-ameli-1-e1709311386272-600x158.jpg 600w\" sizes=\"auto, (max-width: 1280px) 100vw, 1280px\" \/><\/p>\n<p><strong>Lorsque la perte de cheveux r\u00e9sulte d&rsquo;une condition m\u00e9dicale, telle que les effets secondaires de traitements comme la chimioth\u00e9rapie, la question du remboursement des perruques et proth\u00e8ses capillaires devient cruciale. Cet article explore les possibilit\u00e9s de prise en charge par l&rsquo;Assurance Maladie <a href=\"https:\/\/www.mes-allocs.fr\/guides\/ameli\/\">(Ameli<\/a>) en France.<\/strong><\/p>\n<p><span data-token-index=\"0\" data-reactroot=\"\"><div class='cta-block'><div class='text'>Simulez toutes vos aides en 2 min.<\/div><a href='https:\/\/www.mes-allocs.fr\/ab-app?origin=guides\/wp-json\/wp\/v2\/posts\/75585' class='app-button fit'>Simulation gratuite<\/a><\/div><\/span><\/p>\n<div class=\"field_ameli_paragraphs_blocks entity_reference_revisions\">\n<div id=\"text_178167\" class=\"paragraph paragraph--type--field-ameli-paragraph-titre-sect paragraph--view-mode--full\">\n<h1 class=\"field_ameli_paragraph_title string\">Qui peut b\u00e9n\u00e9ficier de la prise en charge ?<\/h1>\n<h2><strong>Qui est concern\u00e9 par le remboursement ?<\/strong><\/h2>\n<p>Les proth\u00e8ses capillaires et accessoires sont couverts pour les <strong>adultes ou les enfants confront\u00e9s \u00e0 une perte de cheveux<\/strong>, qu&rsquo;elle soit temporaire ou permanente, partielle ou totale, cons\u00e9cutive \u00e0 une maladie ou \u00e0 son traitement. Pour ceux ayant perdu leurs cheveux en raison d&rsquo;une maladie, notamment suite \u00e0 une chimioth\u00e9rapie, une prise en charge int\u00e9grale \u00e0 hauteur de <strong>100 %<\/strong> est envisageable pour la perruque et les accessoires visant \u00e0 att\u00e9nuer les effets de l&rsquo;alop\u00e9cie, couvrant ainsi la totalit\u00e9 de la chute capillaire.<\/p>\n<h2><strong>Comment b\u00e9n\u00e9ficier de la prise en charge ?\u00a0<\/strong><\/h2>\n<p>Pour b\u00e9n\u00e9ficier de la prise en charge de votre proth\u00e8se capillaire ou d&rsquo;accessoires tels que foulards, turbans, bonnets, suivez ces \u00e9tapes :<\/p>\n<p><strong>1. Obtenez une Prescription :<\/strong><\/p>\n<ul>\n<li>Consultez un m\u00e9decin, soit dans le cadre d&rsquo;un parcours de soins coordonn\u00e9s en oncologie, soit en vous adressant \u00e0 un dermatologue.<\/li>\n<li>La prescription, renouvelable chaque ann\u00e9e, est indispensable pour l&rsquo;acc\u00e8s \u00e0 la prise en charge.<\/li>\n<\/ul>\n<p><strong>2. Choisissez un Vendeur Agr\u00e9\u00e9 Sp\u00e9cialis\u00e9 :<\/strong><\/p>\n<ul>\n<li>Consultez un professionnel agr\u00e9\u00e9 sp\u00e9cialis\u00e9 dans la fourniture de proth\u00e8ses capillaires. Ces experts sont form\u00e9s \u00e0 l&rsquo;accompagnement technique et psychologique.<\/li>\n<li>Le vendeur remplira une feuille de soins, \u00e0 transmettre \u00e0 l&rsquo;Assurance Maladie pour la prise en charge de la proth\u00e8se capillaire et des accessoires.<\/li>\n<\/ul>\n<p><strong>3. Proposition et Essayage :<\/strong><\/p>\n<ul>\n<li>Le vendeur doit vous proposer plusieurs options de perruques et vous permettre de les essayer dans des conditions ad\u00e9quates.<\/li>\n<\/ul>\n<p><strong>4. Renouvellement de Prescription :<\/strong><\/p>\n<ul>\n<li>En cas de renouvellement de prescription, vous avez la possibilit\u00e9 de vous procurer la perruque en ligne, suivant un processus similaire \u00e0 celui des lentilles de vue.<\/li>\n<\/ul>\n<p>Ces d\u00e9marches, rigoureusement suivies, faciliteront le processus de prise en charge de votre proth\u00e8se capillaire ou d&rsquo;accessoires associ\u00e9s, vous assurant un accompagnement optimal sur les plans technique et psychologique.<\/p>\n<div class=\"flex-1 overflow-hidden\">\n<div class=\"react-scroll-to-bottom--css-pklus-79elbk h-full\">\n<div class=\"react-scroll-to-bottom--css-pklus-1n7m0yu\">\n<div class=\"flex flex-col text-sm pb-9\">\n<div class=\"w-full text-token-text-primary\" dir=\"auto\" data-testid=\"conversation-turn-105\" data-scroll-anchor=\"true\">\n<div class=\"py-2 px-3 text-base md:px-4 m-auto md:px-5 lg:px-1 xl:px-5\">\n<div class=\"mx-auto flex flex-1 gap-3 text-base juice:gap-4 juice:md:gap-6 md:max-w-3xl lg:max-w-[40rem] xl:max-w-[48rem]\">\n<div class=\"relative flex w-full min-w-0 flex-col agent-turn\">\n<div class=\"flex-col gap-1 md:gap-3\">\n<div class=\"flex flex-grow flex-col max-w-full\">\n<div class=\"min-h-[20px] text-message flex flex-col items-start whitespace-pre-wrap break-words [.text-message+&amp;]:mt-5 juice:w-full juice:items-end overflow-x-auto gap-3\" dir=\"auto\" data-message-author-role=\"assistant\" data-message-id=\"88b506cc-5bb5-4e2e-be9e-8700e41211dd\">\n<div class=\"markdown prose w-full break-words dark:prose-invert dark\">\n<p>Suivre les<a href=\"https:\/\/www.mes-allocs.fr\/guides\/ameli\/ameli-changer\/emboursements-ameli\/\"> remboursements Ameli<\/a> repr\u00e9sente une d\u00e9marche cruciale pour que les assur\u00e9s sociaux restent au fait des remboursements de leurs frais m\u00e9dicaux.<\/p>\n<\/div>\n<\/div>\n<\/div>\n<\/div>\n<\/div>\n<\/div>\n<\/div>\n<\/div>\n<\/div>\n<\/div>\n<\/div>\n<\/div>\n<\/div>\n<\/div>\n<p><span data-token-index=\"0\" data-reactroot=\"\"><div class='cta-block'><div class='text'>Simulez toutes vos aides en 2 min.<\/div><a href='https:\/\/www.mes-allocs.fr\/ab-app?origin=guides\/wp-json\/wp\/v2\/posts\/75585' class='app-button fit'>Simulation gratuite<\/a><\/div><\/span><\/p>\n<h1><strong>Quelle est la prise en charge des perruques par la s\u00e9curit\u00e9 sociale ?\u00a0 \u00a0<\/strong><\/h1>\n<h2><strong>Classe 1 : perruques synth\u00e9tiques avec implantation manuelle<\/strong><\/h2>\n<ul>\n<li>Composition : cheveux synth\u00e9tiques avec au moins 15 cm2 implant\u00e9s exclusivement \u00e0 la main.<\/li>\n<li>Prix maximal : 350 \u20ac.<\/li>\n<li>Prise en charge : int\u00e9gralement par l&rsquo;Assurance Maladie.<\/li>\n<li>Accessoire textile : remboursement dans la limite de 350 \u20ac au total.<\/li>\n<\/ul>\n<h2><strong>Classe 2 : perruques avec cheveux naturels ou synth\u00e9tiques implant\u00e9s manuellement<\/strong><\/h2>\n<ul>\n<li>Composition : au moins 30 % de cheveux naturels ou cheveux synth\u00e9tiques avec au moins 30 cm2 implant\u00e9s exclusivement \u00e0 la main.<\/li>\n<li>Prix maximal : 700 \u20ac.<\/li>\n<li>Prise en charge : 250 \u20ac rembours\u00e9s par l&rsquo;Assurance Maladie.<\/li>\n<li>Accessoire textile : remboursement inclus. La mutuelle intervient pour limiter le reste \u00e0 charge.<\/li>\n<\/ul>\n<p>L&rsquo;<a href=\"https:\/\/www.mes-allocs.fr\/guides\/ameli\/adresse-ameli\/remboursees-les-lentilles\/\">Ameli prend en charge le remboursement des lentilles<\/a> de contact prescrites par un professionnel de sant\u00e9.<\/p>\n<h2><strong>Autres options si pas de pr\u00e9f\u00e9rence pour une perruque totale :<\/strong><\/h2>\n<ul>\n<li>Proth\u00e8ses capillaires partielles : prix de vente maximum 125 \u20ac, prise en charge jusqu&rsquo;\u00e0 125 \u20ac.<\/li>\n<li>Accessoires (couronnes de cheveux, textiles, mixtes) : l&rsquo;Assurance Maladie prend en charge jusqu&rsquo;\u00e0 3 accessoires jusqu&rsquo;\u00e0 20 \u20ac, avec un prix de vente total ne d\u00e9passant pas 40 \u20ac.<\/li>\n<\/ul>\n<p>Ces classifications d\u00e9taill\u00e9es offrent des options vari\u00e9es pour r\u00e9pondre aux besoins individuels, avec des niveaux de prise en charge sp\u00e9cifiques en fonction des caract\u00e9ristiques de la proth\u00e8se capillaire choisie.<\/p>\n<p>Voici un tableau r\u00e9capitulaltif des motntants de prises en charge de perruques :<\/p>\n\n<div class=\"wpdt-c row wpDataTableContainerSimpleTable wpDataTables wpDataTablesWrapper\n\"\n    >\n    <table id=\"wpdtSimpleTable-540\"\n           class=\"wpdtSimpleTable wpDataTable\"\n           data-column=\"5\"\n           data-rows=\"5\"\n           data-wpID=\"540\"\n           data-responsive=\"0\"\n           data-has-header=\"1\">\n\n                    <thead>        <tr class=\"wpdt-cell-row \" >\n                            <th class=\"wpdt-cell wpdt-bc-F3F9FE wpdt-bold\"\n                                    data-cell-id=\"A1\"\n                data-col-index=\"0\"\n                data-row-index=\"0\"\n                style=\" width:19.767441860465%;                padding:10px;\"\n                >\n                                \u00a0                <\/th>\n                                            <th class=\"wpdt-cell wpdt-bc-F3F9FE wpdt-bold\"\n                                    data-cell-id=\"B1\"\n                data-col-index=\"1\"\n                data-row-index=\"0\"\n                style=\" width:20.93023255814%;                padding:10px;\"\n                >\n                                Base de remboursement de l'assurance maladie obligatoire                <\/th>\n                                            <th class=\"wpdt-cell wpdt-bc-F3F9FE wpdt-bold\"\n                                    data-cell-id=\"C1\"\n                data-col-index=\"2\"\n                data-row-index=\"0\"\n                style=\" width:19.767441860465%;                padding:10px;\"\n                >\n                                Prix limite de vente par le distributeur                <\/th>\n                                            <th class=\"wpdt-cell wpdt-bc-F3F9FE wpdt-bold\"\n                                    data-cell-id=\"D1\"\n                data-col-index=\"3\"\n                data-row-index=\"0\"\n                style=\" width:19.767441860465%;                padding:10px;\"\n                >\n                                Reste \u00e0 charge avant assurance compl\u00e9mentaire                <\/th>\n                                            <th class=\"wpdt-cell wpdt-bc-F3F9FE wpdt-bold\"\n                                    data-cell-id=\"E1\"\n                data-col-index=\"4\"\n                data-row-index=\"0\"\n                style=\" width:19.767441860465%;                padding:10px;\"\n                >\n                                Renouvellement                <\/th>\n                                        <\/tr>\n                    <tbody>        <tr class=\"wpdt-cell-row \" >\n                            <td class=\"wpdt-cell \"\n                                    data-cell-id=\"A2\"\n                data-col-index=\"0\"\n                data-row-index=\"1\"\n                style=\"                padding:10px;\"\n                >\n                                Proth\u00e8se capillaire totale de classe I + un accessoire textile*                <\/td>\n                                            <td class=\"wpdt-cell \"\n                                    data-cell-id=\"B2\"\n                data-col-index=\"1\"\n                data-row-index=\"1\"\n                style=\"                padding:10px;\"\n                >\n                                350 \u20ac                <\/td>\n                                            <td class=\"wpdt-cell \"\n                                    data-cell-id=\"C2\"\n                data-col-index=\"2\"\n                data-row-index=\"1\"\n                style=\"                padding:10px;\"\n                >\n                                350 \u20ac                <\/td>\n                                            <td class=\"wpdt-cell \"\n                                    data-cell-id=\"D2\"\n                data-col-index=\"3\"\n                data-row-index=\"1\"\n                style=\"                padding:10px;\"\n                >\n                                0 \u20ac                <\/td>\n                                            <td class=\"wpdt-cell \"\n                                    data-cell-id=\"E2\"\n                data-col-index=\"4\"\n                data-row-index=\"1\"\n                style=\"                padding:10px;\"\n                >\n                                Possible au bout de 12 mois suivant la date de prise en charge pr\u00e9c\u00e9dente\n\u00a0                <\/td>\n                                        <\/tr>\n                            <tr class=\"wpdt-cell-row \" >\n                            <td class=\"wpdt-cell \"\n                                    data-cell-id=\"A3\"\n                data-col-index=\"0\"\n                data-row-index=\"2\"\n                style=\"                padding:10px;\"\n                >\n                                Proth\u00e8se capillaire totale de classe II + un accessoire textile*                <\/td>\n                                            <td class=\"wpdt-cell \"\n                                    data-cell-id=\"B3\"\n                data-col-index=\"1\"\n                data-row-index=\"2\"\n                style=\"                padding:10px;\"\n                >\n                                250 \u20ac                <\/td>\n                                            <td class=\"wpdt-cell \"\n                                    data-cell-id=\"C3\"\n                data-col-index=\"2\"\n                data-row-index=\"2\"\n                style=\"                padding:10px;\"\n                >\n                                700 \u20ac                <\/td>\n                                            <td class=\"wpdt-cell \"\n                                    data-cell-id=\"D3\"\n                data-col-index=\"3\"\n                data-row-index=\"2\"\n                style=\"                padding:10px;\"\n                >\n                                Entre 0 et 450 \u20ac                <\/td>\n                                            <td class=\"wpdt-cell  wpdt-empty-cell \"\n                                    data-cell-id=\"E3\"\n                data-col-index=\"4\"\n                data-row-index=\"2\"\n                style=\"                padding:10px;\"\n                >\n                                                <\/td>\n                                        <\/tr>\n                            <tr class=\"wpdt-cell-row \" >\n                            <td class=\"wpdt-cell \"\n                                    data-cell-id=\"A4\"\n                data-col-index=\"0\"\n                data-row-index=\"3\"\n                style=\"                padding:10px;\"\n                >\n                                Proth\u00e8se capillaire partielle + un accessoire textile*                <\/td>\n                                            <td class=\"wpdt-cell \"\n                                    data-cell-id=\"B4\"\n                data-col-index=\"1\"\n                data-row-index=\"3\"\n                style=\"                padding:10px;\"\n                >\n                                125 \u20ac                <\/td>\n                                            <td class=\"wpdt-cell \"\n                                    data-cell-id=\"C4\"\n                data-col-index=\"2\"\n                data-row-index=\"3\"\n                style=\"                padding:10px;\"\n                >\n                                125 \u20ac                <\/td>\n                                            <td class=\"wpdt-cell \"\n                                    data-cell-id=\"D4\"\n                data-col-index=\"3\"\n                data-row-index=\"3\"\n                style=\"                padding:10px;\"\n                >\n                                0 \u20ac                <\/td>\n                                            <td class=\"wpdt-cell  wpdt-empty-cell \"\n                                    data-cell-id=\"E4\"\n                data-col-index=\"4\"\n                data-row-index=\"3\"\n                style=\"                padding:10px;\"\n                >\n                                                <\/td>\n                                        <\/tr>\n                            <tr class=\"wpdt-cell-row \" >\n                            <td class=\"wpdt-cell \"\n                                    data-cell-id=\"A5\"\n                data-col-index=\"0\"\n                data-row-index=\"4\"\n                style=\"                padding:10px;\"\n                >\n                                Accessoires capillaires (par 3)                <\/td>\n                                            <td class=\"wpdt-cell \"\n                                    data-cell-id=\"B5\"\n                data-col-index=\"1\"\n                data-row-index=\"4\"\n                style=\"                padding:10px;\"\n                >\n                                20 \u20ac                <\/td>\n                                            <td class=\"wpdt-cell \"\n                                    data-cell-id=\"C5\"\n                data-col-index=\"2\"\n                data-row-index=\"4\"\n                style=\"                padding:10px;\"\n                >\n                                40 \u20ac                <\/td>\n                                            <td class=\"wpdt-cell \"\n                                    data-cell-id=\"D5\"\n                data-col-index=\"3\"\n                data-row-index=\"4\"\n                style=\"                padding:10px;\"\n                >\n                                Entre 0 et 20 \u20ac                <\/td>\n                                            <td class=\"wpdt-cell  wpdt-empty-cell \"\n                                    data-cell-id=\"E5\"\n                data-col-index=\"4\"\n                data-row-index=\"4\"\n                style=\"                padding:10px;\"\n                >\n                                                <\/td>\n                                        <\/tr>\n                    <\/table>\n<\/div><style id='wpdt-custom-style-540'>\ntable#wpdtSimpleTable-540{ table-layout: fixed !important; }\n.wpdt-bc-F3F9FE { background-color: #F3F9FE !important;}\n<\/style>\n\n<div class=\"flex-1 overflow-hidden\">\n<div class=\"react-scroll-to-bottom--css-pklus-79elbk h-full\">\n<div class=\"react-scroll-to-bottom--css-pklus-1n7m0yu\">\n<div class=\"flex flex-col text-sm pb-9\">\n<div class=\"w-full text-token-text-primary\" dir=\"auto\" data-testid=\"conversation-turn-111\" data-scroll-anchor=\"true\">\n<div class=\"py-2 px-3 text-base md:px-4 m-auto md:px-5 lg:px-1 xl:px-5\">\n<div class=\"mx-auto flex flex-1 gap-3 text-base juice:gap-4 juice:md:gap-6 md:max-w-3xl lg:max-w-[40rem] xl:max-w-[48rem]\">\n<div class=\"relative flex w-full min-w-0 flex-col agent-turn\">\n<div class=\"flex-col gap-1 md:gap-3\">\n<div class=\"flex flex-grow flex-col max-w-full\">\n<div class=\"min-h-[20px] text-message flex flex-col items-start whitespace-pre-wrap break-words [.text-message+&amp;]:mt-5 juice:w-full juice:items-end overflow-x-auto gap-3\" dir=\"auto\" data-message-author-role=\"assistant\" data-message-id=\"b49f5c05-1bc2-4430-bca7-9ee0cdeb22f6\">\n<div class=\"markdown prose w-full break-words dark:prose-invert dark\">\n<p>Pour obtenir le<a href=\"https:\/\/www.mes-allocs.fr\/guides\/ameli\/adresse-ameli\/remboursement-psychomotricien-ameli\/\"> remboursement psychomotricien ameli<\/a> en lib\u00e9ral par votre mutuelle, vous devez pr\u00e9senter certains documents, notamment :<\/p>\n<ul>\n<li><span style=\"font-weight: 400;\">une prescription m\u00e9dicale ;<\/span><\/li>\n<li><span style=\"font-weight: 400;\">un devis de prise en charge ou une facture.<\/span><\/li>\n<\/ul>\n<p><iframe loading=\"lazy\" title=\"L&#039;Assurance Maladie\" width=\"500\" height=\"281\" src=\"https:\/\/www.youtube.com\/embed\/MdiYHpnlAvg?feature=oembed\" frameborder=\"0\" allow=\"accelerometer; autoplay; clipboard-write; encrypted-media; gyroscope; picture-in-picture; web-share\" referrerpolicy=\"strict-origin-when-cross-origin\" allowfullscreen><\/iframe><\/p>\n<\/div>\n<\/div>\n<\/div>\n<\/div>\n<\/div>\n<\/div>\n<\/div>\n<\/div>\n<\/div>\n<\/div>\n<\/div>\n<\/div>\n<h1><strong>Quel est le remboursement de la mutuelle pour une perruque ?<\/strong><\/h1>\n<h2>Remboursement mutuelle d\u2019une proth\u00e8se capillaire<\/h2>\n<p>Si vous optez pour une proth\u00e8se capillaire de type III ou des accessoires non enti\u00e8rement rembours\u00e9s, souscrire une mutuelle sant\u00e9 est indispensable pour r\u00e9duire, voire \u00e9liminer, le reste \u00e0 charge. Il est essentiel de choisir une compl\u00e9mentaire sant\u00e9 offrant des niveaux de garanties adapt\u00e9s, avec des remboursements pouvant se faire en pourcentage du tarif conventionnel de l&rsquo;assurance maladie (<strong>de 100 % \u00e0 400 %<\/strong>) ou sous forme d&rsquo;un forfait pour l&rsquo;achat d&rsquo;une perruque homologu\u00e9e (<strong>de 50 \u20ac \u00e0 plus de 400 \u20ac),<\/strong> selon les organismes. Le remboursement par la mutuelle est g\u00e9n\u00e9ralement automatique lorsqu&rsquo;elle est li\u00e9e \u00e0 la s\u00e9curit\u00e9 sociale, mais en cas de surcompl\u00e9mentaire sant\u00e9, vous devrez envoyer l&rsquo;ordonnance, la feuille de soin et la facture \u00e0 votre mutuelle.<\/p>\n<p>Comparer les mutuelles vous permettra de trouver une compl\u00e9mentaire sant\u00e9 qui rembourse efficacement les proth\u00e8ses capillaires tout en prenant en charge l&rsquo;ensemble des \u00e9tapes de votre parcours de soin.<\/p>\n<h2>Quelle est la dur\u00e9e de vie d&rsquo;une proth\u00e8se capillaire ?<\/h2>\n<p>La dur\u00e9e de vie d&rsquo;une proth\u00e8se capillaire d\u00e9pend de plusieurs facteurs, notamment la qualit\u00e9 des mat\u00e9riaux utilis\u00e9s, l&rsquo;entretien r\u00e9gulier, la fr\u00e9quence d&rsquo;utilisation, et le mode de fixation. En g\u00e9n\u00e9ral, une proth\u00e8se capillaire bien entretenue peut durer entre 6 mois et 1 an. Les proth\u00e8ses capillaires en cheveux naturels ont tendance \u00e0 \u00eatre plus durables que celles en fibres synth\u00e9tiques.<\/p>\n<p>Un entretien appropri\u00e9, tel que le lavage, la coiffure, et l&rsquo;utilisation de produits sp\u00e9cifiques, contribue \u00e0 prolonger la dur\u00e9e de vie de la proth\u00e8se. La fixation correcte, qu&rsquo;elle soit r\u00e9alis\u00e9e avec de la colle, des clips ou d&rsquo;autres m\u00e9thodes, joue \u00e9galement un r\u00f4le crucial dans la long\u00e9vit\u00e9 du dispositif capillaire. En fin de compte, la dur\u00e9e de vie pr\u00e9cise peut varier en fonction des habitudes individuelles et des conditions d&rsquo;utilisation. Il est recommand\u00e9 de suivre les conseils du fabricant et de consulter un professionnel pour un entretien ad\u00e9quat.<\/p>\n<p><span data-token-index=\"0\" data-reactroot=\"\"><div class='cta-block'><div class='text'>Simulez toutes vos aides en 2 min.<\/div><a href='https:\/\/www.mes-allocs.fr\/ab-app?origin=guides\/wp-json\/wp\/v2\/posts\/75585' class='app-button fit'>Simulation gratuite<\/a><\/div><\/span><\/p>\n","protected":false},"excerpt":{"rendered":"<p>Lorsque la perte de cheveux r\u00e9sulte d&rsquo;une condition m\u00e9dicale, telle que les effets secondaires de traitements comme la chimioth\u00e9rapie, la question du remboursement des perruques et proth\u00e8ses capillaires devient cruciale. Cet article explore les possibilit\u00e9s de prise en charge par l&rsquo;Assurance Maladie (Ameli) en France. Qui peut b\u00e9n\u00e9ficier de la prise en charge ? Qui [&hellip;]<\/p>\n","protected":false},"author":26,"featured_media":75157,"comment_status":"open","ping_status":"open","sticky":false,"template":"","format":"standard","meta":{"amp_status":"","footnotes":""},"categories":[31073,31458],"tags":[],"class_list":["post-75585","post","type-post","status-publish","format-standard","has-post-thumbnail","hentry","category-ameli","category-remboursement-ameli"],"yoast_head":"<!-- This site is optimized with the Yoast SEO plugin v14.9 - https:\/\/yoast.com\/wordpress\/plugins\/seo\/ -->\n<title>Quel remboursement pour les perruques et proth\u00e8ses sur Ameli ?<\/title>\n<meta name=\"description\" content=\"La question du remboursement des perruques et proth\u00e8ses capillaires devient cruciale. Mes Allocs vous explique tout.\" \/>\n<meta name=\"robots\" content=\"index, follow, max-snippet:-1, max-image-preview:large, max-video-preview:-1\" \/>\n<link rel=\"canonical\" href=\"https:\/\/www.mes-allocs.fr\/guides\/ameli\/remboursement-ameli\/remboursement-perruque-ameli\/\" \/>\n<meta property=\"og:locale\" content=\"fr_FR\" \/>\n<meta property=\"og:type\" content=\"article\" \/>\n<meta property=\"og:title\" content=\"Quel remboursement pour les perruques et proth\u00e8ses sur Ameli ?\" \/>\n<meta property=\"og:description\" content=\"La question du remboursement des perruques et proth\u00e8ses capillaires devient cruciale. Mes Allocs vous explique tout.\" \/>\n<meta property=\"og:url\" content=\"https:\/\/www.mes-allocs.fr\/guides\/ameli\/remboursement-ameli\/remboursement-perruque-ameli\/\" \/>\n<meta property=\"og:site_name\" content=\"Mes-Allocs.fr\" \/>\n<meta property=\"article:published_time\" content=\"2024-03-12T11:46:39+00:00\" \/>\n<meta property=\"article:modified_time\" content=\"2026-04-22T09:55:09+00:00\" \/>\n<meta property=\"og:image\" content=\"https:\/\/www.mes-allocs.fr\/guides\/wp-content\/uploads\/2024\/03\/remboursement-greffe-de-cheveux-ameli.jpg?wsr\" \/>\n\t<meta property=\"og:image:width\" content=\"698\" \/>\n\t<meta property=\"og:image:height\" content=\"609\" \/>\n<meta name=\"twitter:card\" content=\"summary_large_image\" \/>\n<script type=\"application\/ld+json\" class=\"yoast-schema-graph\">{\"@context\":\"https:\/\/schema.org\",\"@graph\":[{\"@type\":\"WebSite\",\"@id\":\"https:\/\/www.mes-allocs.fr\/guides\/#website\",\"url\":\"https:\/\/www.mes-allocs.fr\/guides\/\",\"name\":\"Mes-Allocs.fr\",\"description\":\"\",\"potentialAction\":[{\"@type\":\"SearchAction\",\"target\":\"https:\/\/www.mes-allocs.fr\/guides\/?s={search_term_string}\",\"query-input\":\"required name=search_term_string\"}],\"inLanguage\":\"fr-FR\"},{\"@type\":\"ImageObject\",\"@id\":\"https:\/\/www.mes-allocs.fr\/guides\/ameli\/remboursement-ameli\/remboursement-perruque-ameli\/#primaryimage\",\"inLanguage\":\"fr-FR\",\"url\":\"https:\/\/www.mes-allocs.fr\/guides\/wp-content\/uploads\/2024\/03\/remboursement-greffe-de-cheveux-ameli.jpg?wsr\",\"width\":698,\"height\":609,\"caption\":\"remboursement perruque ameli\"},{\"@type\":\"WebPage\",\"@id\":\"https:\/\/www.mes-allocs.fr\/guides\/ameli\/remboursement-ameli\/remboursement-perruque-ameli\/#webpage\",\"url\":\"https:\/\/www.mes-allocs.fr\/guides\/ameli\/remboursement-ameli\/remboursement-perruque-ameli\/\",\"name\":\"Quel remboursement pour les perruques et proth\\u00e8ses sur Ameli ?\",\"isPartOf\":{\"@id\":\"https:\/\/www.mes-allocs.fr\/guides\/#website\"},\"primaryImageOfPage\":{\"@id\":\"https:\/\/www.mes-allocs.fr\/guides\/ameli\/remboursement-ameli\/remboursement-perruque-ameli\/#primaryimage\"},\"datePublished\":\"2024-03-12T11:46:39+00:00\",\"dateModified\":\"2026-04-22T09:55:09+00:00\",\"author\":{\"@id\":\"https:\/\/www.mes-allocs.fr\/guides\/#\/schema\/person\/9c38f3be41a0ddcd1e3fde5a3df713bf\"},\"description\":\"La question du remboursement des perruques et proth\\u00e8ses capillaires devient cruciale. Mes Allocs vous explique tout.\",\"inLanguage\":\"fr-FR\"},{\"@type\":\"Person\",\"@id\":\"https:\/\/www.mes-allocs.fr\/guides\/#\/schema\/person\/9c38f3be41a0ddcd1e3fde5a3df713bf\",\"name\":\"Sessime Ananou\",\"image\":{\"@type\":\"ImageObject\",\"@id\":\"https:\/\/www.mes-allocs.fr\/guides\/#personlogo\",\"inLanguage\":\"fr-FR\",\"url\":\"https:\/\/www.mes-allocs.fr\/guides\/wp-content\/uploads\/2023\/08\/IMG_8173-150x150.jpg\",\"caption\":\"Sessime Ananou\"},\"description\":\"Sessime est r\\u00e9dactrice chez Mes Allocs, sp\\u00e9cialis\\u00e9e sur le pouvoir d'achat. Elle rejoint l'\\u00e9quipe Mes Allocs en ao\\u00fbt 2023 afin de simplifier l'acc\\u00e8s \\u00e0 l'information sur les aides en g\\u00e9n\\u00e9ral.\"}]}<\/script>\n<!-- \/ Yoast SEO plugin. -->","amp_validity":null,"acf":{"faq":{"1":{"question":"Y a-t-il des aides sp\u00e9cifiques pour les situations financi\u00e8res difficiles ?","answer":"En cas de difficult\u00e9s financi\u00e8res, des aides sp\u00e9cifiques peuvent \u00eatre disponibles. Il est recommand\u00e9 de se renseigner aupr\u00e8s des structures d'accompagnement social et m\u00e9dical."},"2":{"question":" Les perruques et proth\u00e8ses capillaires sont-elles rembours\u00e9es par l'Assurance Maladie (Ameli) en France ?","answer":"Oui, dans certains cas sp\u00e9cifiques, les perruques et proth\u00e8ses capillaires peuvent b\u00e9n\u00e9ficier d'un remboursement partiel par l'Assurance Maladie."},"3":{"question":"Quelles conditions doivent \u00eatre remplies pour pr\u00e9tendre au remboursement ?","answer":"La perte de cheveux doit \u00eatre cons\u00e9cutive \u00e0 un traitement m\u00e9dical (chimioth\u00e9rapie, radioth\u00e9rapie) ou \u00e0 certaines affections m\u00e9dicales, justifiant ainsi la n\u00e9cessit\u00e9 de recourir \u00e0 une perruque ou proth\u00e8se capillaire.\r\n"},"4":{"question":"Comment obtenir le remboursement ?","answer":"Il est imp\u00e9ratif de disposer d'une prescription m\u00e9dicale mentionnant la n\u00e9cessit\u00e9 d'une perruque ou proth\u00e8se capillaire. La d\u00e9marche administrative inclut la transmission de cette prescription et de la facture correspondante \u00e0 la S\u00e9curit\u00e9 Sociale."},"5":{"question":"Quel est le taux de remboursement par Ameli ?","answer":"Le remboursement est partiel, couvrant une partie des frais engag\u00e9s. Le taux peut varier en fonction de la nature de la perruque ou de la proth\u00e8se capillaire.\r\n"},"6":{"question":"Existe-t-il des limites de remboursement ?","answer":"Oui, des plafonds peuvent s'appliquer. Il est essentiel de se renseigner sur ces limites sp\u00e9cifiques et de veiller \u00e0 respecter les conditions d\u00e9finies par la S\u00e9curit\u00e9 Sociale.\r\n"},"7":{"question":"","answer":""},"8":{"question":"","answer":""},"9":{"question":"","answer":""},"10":{"question":"","answer":""},"11":{"question":"","answer":""},"12":{"question":"","answer":""},"13":{"question":"","answer":""},"14":{"question":"","answer":""},"15":{"question":"","answer":""},"16":{"question":"","answer":""}}},"_links":{"self":[{"href":"https:\/\/www.mes-allocs.fr\/guides\/wp-json\/wp\/v2\/posts\/75585","targetHints":{"allow":["GET"]}}],"collection":[{"href":"https:\/\/www.mes-allocs.fr\/guides\/wp-json\/wp\/v2\/posts"}],"about":[{"href":"https:\/\/www.mes-allocs.fr\/guides\/wp-json\/wp\/v2\/types\/post"}],"author":[{"embeddable":true,"href":"https:\/\/www.mes-allocs.fr\/guides\/wp-json\/wp\/v2\/users\/26"}],"replies":[{"embeddable":true,"href":"https:\/\/www.mes-allocs.fr\/guides\/wp-json\/wp\/v2\/comments?post=75585"}],"version-history":[{"count":7,"href":"https:\/\/www.mes-allocs.fr\/guides\/wp-json\/wp\/v2\/posts\/75585\/revisions"}],"predecessor-version":[{"id":97156,"href":"https:\/\/www.mes-allocs.fr\/guides\/wp-json\/wp\/v2\/posts\/75585\/revisions\/97156"}],"wp:featuredmedia":[{"embeddable":true,"href":"https:\/\/www.mes-allocs.fr\/guides\/wp-json\/wp\/v2\/media\/75157"}],"wp:attachment":[{"href":"https:\/\/www.mes-allocs.fr\/guides\/wp-json\/wp\/v2\/media?parent=75585"}],"wp:term":[{"taxonomy":"category","embeddable":true,"href":"https:\/\/www.mes-allocs.fr\/guides\/wp-json\/wp\/v2\/categories?post=75585"},{"taxonomy":"post_tag","embeddable":true,"href":"https:\/\/www.mes-allocs.fr\/guides\/wp-json\/wp\/v2\/tags?post=75585"}],"curies":[{"name":"wp","href":"https:\/\/api.w.org\/{rel}","templated":true}]}}