{"id":7522,"date":"2020-07-01T13:17:56","date_gmt":"2020-07-01T13:17:56","guid":{"rendered":"https:\/\/www.mes-allocs.fr\/guides\/?p=7522"},"modified":"2026-04-02T10:46:59","modified_gmt":"2026-04-02T09:46:59","slug":"demande-prime-activite","status":"publish","type":"post","link":"https:\/\/www.mes-allocs.fr\/guides\/prime-d-activite\/demande-prime-activite\/","title":{"rendered":"Prime d&rsquo;activit\u00e9 2026 : comment faire sa demande ?"},"content":{"rendered":"<p><img loading=\"lazy\" decoding=\"async\" class=\"alignnone wp-image-7526 size-full\" src=\"https:\/\/www.mes-allocs.fr\/guides\/wp-content\/uploads\/2020\/05\/04BF35BB-8936-479A-90A3-E04A62E0F61D-e1684922782715.jpeg\" alt=\"demande prime d'activit\u00e9\" width=\"1194\" height=\"189\" srcset=\"https:\/\/www.mes-allocs.fr\/guides\/wp-content\/uploads\/2020\/05\/04BF35BB-8936-479A-90A3-E04A62E0F61D-e1684922782715.jpeg 1194w, https:\/\/www.mes-allocs.fr\/guides\/wp-content\/uploads\/2020\/05\/04BF35BB-8936-479A-90A3-E04A62E0F61D-e1684922782715-300x47.jpeg 300w, https:\/\/www.mes-allocs.fr\/guides\/wp-content\/uploads\/2020\/05\/04BF35BB-8936-479A-90A3-E04A62E0F61D-e1684922782715-1024x162.jpeg 1024w, https:\/\/www.mes-allocs.fr\/guides\/wp-content\/uploads\/2020\/05\/04BF35BB-8936-479A-90A3-E04A62E0F61D-e1684922782715-768x122.jpeg 768w, https:\/\/www.mes-allocs.fr\/guides\/wp-content\/uploads\/2020\/05\/04BF35BB-8936-479A-90A3-E04A62E0F61D-e1684922782715-600x95.jpeg 600w\" sizes=\"auto, (max-width: 1194px) 100vw, 1194px\" \/><\/p>\n<p style=\"text-align: justify;\"><span style=\"font-weight: 400;\">[Mis \u00e0 jour le 02\/04\/2026]<\/span> La <a href=\"https:\/\/www.mes-allocs.fr\/guides\/prime-d-activite\/\">prime d&rsquo;activit\u00e9<\/a> est un compl\u00e9ment de revenu arriv\u00e9 le 1er janvier 2016. <strong>La prime d&rsquo;activit\u00e9<\/strong>, visant les travailleurs modestes, remplace le RSA actif et la prime pour l&#8217;emploi. Il est tr\u00e8s facile d&rsquo;en faire la demande et de conna\u00eetre ses droits. Mes Allocs vous explique comment faire sa demande de prime d&rsquo;activit\u00e9 en 2026.<\/p>\n<div class='cta-block'><div class='text'>Simulez votre prime d&rsquo;activit\u00e9 en 2 min. <\/div><a href='https:\/\/www.mes-allocs.fr\/ab-app?origin=guides\/wp-json\/wp\/v2\/posts\/7522' class='app-button fit'>Simulation gratuite<\/a><\/div>\n<p style=\"text-align: justify;\">L&rsquo;objectif premier de cette prime d&rsquo;activit\u00e9 est de favoriser le retour \u00e0 l&#8217;emploi et d&rsquo;\u00e9viter une baisse du niveau de vie pour les citoyens. Elle compl\u00e8te \u00e9galement les revenus d&rsquo;activit\u00e9 des jeunes de 18 \u00e0 24 ans qui arrivent seulement sur le march\u00e9 du travail, c&rsquo;est \u00e9galement une des <a href=\"https:\/\/www.mes-allocs.fr\/guides\/prime-d-activite\/simulation-prime-d-activite\/\">allocations<\/a> pour les adultes handicap\u00e9s, la CAF ne fait pas de distinction.<\/p>\n<p>&nbsp;<\/p>\n<p style=\"text-align: center;\"><iframe loading=\"lazy\" src=\"\/\/www.youtube.com\/embed\/uavbovK5ZXc\" width=\"560\" height=\"314\" allowfullscreen=\"allowfullscreen\"><\/iframe><\/p>\n<p>&nbsp;<\/p>\n<p>Depuis le 1er avril 206, la prime d&rsquo;activit\u00e9 a \u00e9t\u00e9 revaloris\u00e9e et le montant forfaitaire est fix\u00e9 \u00e0 <strong>638,28\u20ac<\/strong> pour une personne seule sans enfant.<\/p>\n<h1>Prime d&rsquo;activit\u00e9 : qui peut en b\u00e9n\u00e9ficier ?<\/h1>\n<p style=\"text-align: justify;\">Afin de pouvoir \u00eatre en mesure de pr\u00e9tendre \u00e0 la prime d\u2019activit\u00e9, le demandeur doit s\u2019assurer de remplir diff\u00e9rents crit\u00e8res. L\u2019aide n\u2019est en effet attribu\u00e9e qu\u2019aux personnes \u00e2g\u00e9es de 18 ans qui exercent une activit\u00e9 professionnelle dans l\u2019Hexagone, qu\u2019elles soient de nationalit\u00e9 fran\u00e7aise ou avec une carte de s\u00e9jour, c&rsquo;est-\u00e0-dire en situation r\u00e9guli\u00e8re. Elle est ainsi accord\u00e9e aux :<\/p>\n<ul>\n<li style=\"text-align: justify;\">salari\u00e9s,<\/li>\n<li style=\"text-align: justify;\">travailleurs ind\u00e9pendants,<\/li>\n<li style=\"text-align: justify;\">travailleurs handicap\u00e9s,<\/li>\n<li style=\"text-align: justify;\">Travailleurs agricoles,<\/li>\n<li style=\"text-align: justify;\">\u00e9tudiants\/stagiaires\/apprentis qui gagnent plus de 1117,26 \u20ac au 1er avril 2026.<\/li>\n<\/ul>\n<p>Dit d\u2019une autre mani\u00e8re, il est n\u00e9cessaire d\u2019avoir per\u00e7u des revenus d\u2019activit\u00e9 lors des trois mois avant la demande de la prime d\u2019activit\u00e9 pour pouvoir la percevoir. L\u2019activit\u00e9 professionnelle est donc une condition obligatoire pour pouvoir y pr\u00e9tendre<\/p>\n<p>Attention : Un travailleur, quelque soit son contrat de travail (temps plein\/temps partiel) peut pr\u00e9tendre \u00e0 la prime. Le temps de travail n\u2019est en aucun cas une condition d\u2019attribution de la prime.<\/p>\n<h1><span id=\"Ou_demander_la_prime_dactivite\">O\u00f9 demander la prime d\u2019activit\u00e9 ?<\/span><\/h1>\n<p class=\"amp-wp-7d27179\" data-amp-original-style=\"text-align: justify;\">En fonction de votre r\u00e9gime d\u2019affiliation, votre\u00a0<a href=\"https:\/\/www.mes-allocs.fr\/guides\/prime-d-activite\/prime-dactivite-demande\/\">demande<\/a>\u00a0de prime d\u2019activit\u00e9 doit se faire soit sur le site de la CAF, soit sur le site de la MSA.<\/p>\n<p class=\"amp-wp-7d27179\" data-amp-original-style=\"text-align: justify;\">Le <a href=\"https:\/\/www.mes-allocs.fr\/guides\/prime-d-activite\/demande-prime-activite\/formulaire-prime-activite\/\">formulaire de demande de prime d&rsquo;activit\u00e9<\/a> est \u00e0 votre disposition sur le site de la CAF. Pour les personnes allocataires, la CAF vous demandera de votre num\u00e9ro allocataire, votre code postal, votre date de naissance et votre code secret.<\/p>\n<p class=\"amp-wp-7d27179\" data-amp-original-style=\"text-align: justify;\">En cas de difficult\u00e9 \u00e0 remplir le formulaire, ou si vous n\u2019avez pas d\u2019acc\u00e8s \u00e0 internet, vous pouvez vous rendre dans un centre CAF ou MSA dont vous d\u00e9pendez.<\/p>\n<p><em>Attention : Vous devez faire votre demande avant la fin du mois en cours pour toucher la prime d\u2019activit\u00e9 le mois suivant.<\/em><\/p>\n<p>Les personnes qui b\u00e9n\u00e9ficient d\u00e9j\u00e0 du RSA par la CAF n\u2019ont aucune d\u00e9marche \u00e0 faire pour toucher la prime d\u2019activit\u00e9.<\/p>\n<p>Si vous ne touchez pas le RSA, vous devrez faire votre demande normalement avec les informations cit\u00e9es plus haut.<\/p>\n<h2>Demande de prime d\u2019activit\u00e9 sur CAF.fr<\/h2>\n<p style=\"text-align: justify;\">Le processus pour demander la prime d\u2019activit\u00e9 est simple. Il faut tout d\u2019abord tester son \u00e9ligibilit\u00e9 en cliquant ici. Ensuite, une fois votre \u00e9ligibilit\u00e9 test\u00e9e sur le simulateur, vous devez remplir un formulaire en ligne sur la CAF \u00ab\u00a0mon compte\u00a0\u00bb.<\/p>\n<p style=\"text-align: justify;\">Pour ceux qui souhaitent faire une simulation et \u00e9tant en situation de pouvoir pr\u00e9tendre \u00e0 la prime d\u2019activit\u00e9, la CAF vous invite \u00e0 r\u00e9aliser une demande en ligne en cliquant sur le bouton \u00ab FAIRE UNE DEMANDE \u00bb \u00e0 l\u2019issue de la <a href=\"https:\/\/www.mes-allocs.fr\/guides\/prime-d-activite\/simulation-prime-activite\/\">simulation de prime d&rsquo;activit\u00e9<\/a>.<\/p>\n<p style=\"text-align: justify;\">Un autre acc\u00e8s est possible sur le site internet Caf.fr si vous connaissez d\u00e9j\u00e0 le r\u00e9sultat de votre simulation, vous devez suivre ce chemin :<\/p>\n<p><b>Faire une demande de prestation<\/b><b> &gt; Le Rsa et la Prime d\u2019activit\u00e9 &gt; + Prime d\u2019activit\u00e9 &gt; Faire la demande<\/b><\/p>\n<p>Attention<b> :<\/b> La CAF vous indique \u00e0 faire vos demandes de prime d\u2019activit\u00e9 plut\u00f4t t\u00f4t le matin ou tard le soir afin d\u2019\u00e9viter au maximum les horaires o\u00f9 les connexions sont nombreuses et o\u00f9 le risque de planter.<\/p>\n<p>Si vous \u00eates b\u00e9n\u00e9ficiaire d&rsquo;une aide au logement comme l&rsquo;APL par exemple, cette derni\u00e8re est cumulable avec la prime d&rsquo;activit\u00e9. D&rsquo;autres prestations familiales sont \u00e9galement cumulables, en fonction de la composition du foyer.<\/p>\n<h2>Demande de prime d\u2019activit\u00e9 sur MSA.fr<\/h2>\n<p style=\"text-align: justify;\">Pour les personnes affili\u00e9es \u00e0 la MSA, la simulation du droit au RSA s\u2019effectue sur le site mesdroitssociaux.gouv.fr ou sur le site de la CAF.<\/p>\n<p style=\"text-align: justify;\">Ensuite, la demande se fait sur le portail en ligne de la MSA si le b\u00e9n\u00e9ficiaire, son conjoint, partenaire de Pacs ou bien concubin rel\u00e8ve du r\u00e9gime des non-salari\u00e9s des professions agricoles ou encore s\u2019il est salari\u00e9 agricole, chef d\u2019exploitation ou d\u2019entreprise agricole ou encore artisan rural.<\/p>\n<p style=\"text-align: justify;\">Pour acc\u00e9der au service en ligne, il faut cliquer sur le lien \u00ab Demande de prime d\u2019activit\u00e9 et d\u00e9claration trimestrielle \u00bb puis se connecter \u00e0 son espace priv\u00e9 (ou cr\u00e9er ce dernier pour les personnes n\u2019en ayant pas encore).<\/p>\n<p style=\"text-align: justify;\"><b>Important :<\/b> les anciens b\u00e9n\u00e9ficiaires du RSA activit\u00e9 n\u2019ont aucune d\u00e9marche \u00e0 r\u00e9aliser, la prime d\u2019activit\u00e9 \u00e9tant alors automatiquement vers\u00e9e. Il suffit ainsi de continuer de faire une d\u00e9claration trimestrielle de revenus, en ligne, pour percevoir l\u2019aide, au plus tard le 25 du mois. Aucune pi\u00e8ce justificative n\u2019est demand\u00e9e.<\/p>\n<p data-start=\"0\" data-end=\"164\">Depuis le 1\u1d49\u02b3 mars 2025, la d\u00e9claration trimestrielle de l<strong>a prime d\u2019activit\u00e9 devient pr\u00e9-remplie<\/strong>, ce qui simplifie le processus. La CAF reprend automatiquement certaines informations \u00e0 partir des revenus d\u00e9clar\u00e9s auparavant, r\u00e9duisant ainsi les erreurs et acc\u00e9l\u00e9rant le traitement de votre demande. Toutefois, il reste important de v\u00e9rifier et de valider les informations pour \u00e9viter toute erreur qui pourrait affecter le montant de l\u2019aide.<\/p>\n<p data-start=\"0\" data-end=\"164\">Depuis mars 2025, la p\u00e9riode \u00e0 d\u00e9clarer correspond aux trois mois pr\u00e9c\u00e9dant la demande : par exemple, en mars, vous devez d\u00e9clarer vos revenus des mois de novembre, d\u00e9cembre et janvier (et non plus d\u00e9cembre, janvier, f\u00e9vrier). Cette nouvelle organisation facilite la gestion de votre dossier et rend la d\u00e9claration plus pr\u00e9cise.<\/p>\n<p style=\"text-align: justify;\">Pour toute autre situation, vous devez vous rendre sur les sites de la CAF ou de la MSA ou directement au guichet de la caisse concern\u00e9e avec un formulaire papier classique. C\u2019est \u00e0 ces m\u00eames caisses qu\u2019il faut s\u2019adresser en cas de d\u00e9saccord et de r\u00e9clamation. La commission de recours sera alors saisie. Le demandeur peut, le cas \u00e9ch\u00e9ant, obtenir un jugement du tribunal administratif si le d\u00e9saccord persiste.<\/p>\n<div class='cta-block'><div class='text'>Simulez votre prime d&rsquo;activit\u00e9 en 2 min. <\/div><a href='https:\/\/www.mes-allocs.fr\/ab-app?origin=guides\/wp-json\/wp\/v2\/posts\/7522' class='app-button fit'>Simulation gratuite<\/a><\/div>\n<h1 style=\"text-align: justify;\">Demande de prime quand on a moins de 25 ans<\/h1>\n<p style=\"text-align: justify;\">Pour faire sa demande quand on est jeune, cela fonctionne de la m\u00eame fa\u00e7on qu&rsquo;un travailleur aguerri. Seulement, il a quelques cases en plus \u00e0 cocher :<\/p>\n<ul>\n<li>Si les parents per\u00e7oivent le RSA ou la prime d\u2019activit\u00e9<\/li>\n<li>Si vous percevez une allocation logement<\/li>\n<li>Nom, pr\u00e9noms et adresse du parent allocataire<\/li>\n<li>Nom de l\u2019organisme d\u2019allocations familiales du parent allocataire<\/li>\n<li>Num\u00e9ro d\u2019allocataire du parent<\/li>\n<li>Num\u00e9ro de s\u00e9curit\u00e9 sociale du parent allocataire<\/li>\n<\/ul>\n<p><iframe loading=\"lazy\" title=\"La prime d&#039;activit\u00e9\" width=\"500\" height=\"281\" src=\"https:\/\/www.youtube.com\/embed\/uavbovK5ZXc?feature=oembed\" frameborder=\"0\" allow=\"accelerometer; autoplay; clipboard-write; encrypted-media; gyroscope; picture-in-picture; web-share\" referrerpolicy=\"strict-origin-when-cross-origin\" allowfullscreen><\/iframe><\/p>\n<h1>Prime de No\u00ebl et prime d&rsquo;activit\u00e9<\/h1>\n<p style=\"text-align: justify;\">La prime de No\u00ebl est vers\u00e9e aux personnes b\u00e9n\u00e9ficiaires du RSA. Si vous poss\u00e9dez la prime d&rsquo;activit\u00e9 vous ne pourrez avoir droit \u00e0 la prime de No\u00ebl.<\/p>\n<p style=\"text-align: justify;\">La situation varie selon l&rsquo;allocataire. Les bar\u00e8mes sont donc tr\u00e8s vagues. Il existe cependant des estimations pour savoir si vous pouvez simuler une demande, ou non.<\/p>\n<p style=\"text-align: justify;\">En revanche, la somme per\u00e7ue est fix\u00e9e sur un montant dit forfaitaire qui d\u00e9pend de la composition du foyer : cette somme varie selon le nombre d\u2019enfants \u00e0 charge et que l\u2019on soit c\u00e9libataire ou en couple.<\/p>\n<p style=\"text-align: justify;\">Pour la p\u00e9riode du 1er avril 2026 au 31 mars 2027, le bar\u00e8me est donc celui-ci pour une personne seule au titre de la prime d&rsquo;activit\u00e9 :<\/p>\n\n<div class=\"wpdt-c row wpDataTableContainerSimpleTable wpDataTables wpDataTablesWrapper\n\"\n    >\n    <table id=\"wpdtSimpleTable-1\"\n           class=\"wpdtSimpleTable wpDataTable\"\n           data-column=\"3\"\n           data-rows=\"5\"\n           data-wpID=\"1\"\n           data-responsive=\"0\"\n           data-has-header=\"1\">\n\n                    <thead>        <tr class=\"wpdt-cell-row \" >\n                            <th class=\"wpdt-cell wpdt-bc-F3F9FE wpdt-bold\"\n                                    data-cell-id=\"A1\"\n                data-col-index=\"0\"\n                data-row-index=\"0\"\n                style=\" width:33.333333333333%;                padding:10px;\"\n                >\n                                Nombre d'enfants\nou de personnes \u00e0 charge                <\/th>\n                                            <th class=\"wpdt-cell wpdt-bc-F3F9FE wpdt-bold\"\n                                    data-cell-id=\"B1\"\n                data-col-index=\"1\"\n                data-row-index=\"0\"\n                style=\" width:33.333333333333%;                padding:10px;\"\n                >\n                                Pour une personne seule                <\/th>\n                                            <th class=\"wpdt-cell wpdt-bc-F3F9FE wpdt-bold\"\n                                    data-cell-id=\"C1\"\n                data-col-index=\"2\"\n                data-row-index=\"0\"\n                style=\" width:33.333333333333%;                padding:10px;\"\n                >\n                                Pour un couple                <\/th>\n                                        <\/tr>\n                    <tbody>        <tr class=\"wpdt-cell-row \" >\n                            <td class=\"wpdt-cell \"\n                                    data-cell-id=\"A2\"\n                data-col-index=\"0\"\n                data-row-index=\"1\"\n                style=\"                padding:10px;\"\n                >\n                                0                <\/td>\n                                            <td class=\"wpdt-cell \"\n                                    data-cell-id=\"B2\"\n                data-col-index=\"1\"\n                data-row-index=\"1\"\n                style=\"                padding:10px;\"\n                >\n                                638,28\u00a0\u20ac                <\/td>\n                                            <td class=\"wpdt-cell \"\n                                    data-cell-id=\"C2\"\n                data-col-index=\"2\"\n                data-row-index=\"1\"\n                style=\"                padding:10px;\"\n                >\n                                957,42\u00a0\u20ac                <\/td>\n                                        <\/tr>\n                            <tr class=\"wpdt-cell-row \" >\n                            <td class=\"wpdt-cell \"\n                                    data-cell-id=\"A3\"\n                data-col-index=\"0\"\n                data-row-index=\"2\"\n                style=\"                padding:10px;\"\n                >\n                                1                <\/td>\n                                            <td class=\"wpdt-cell \"\n                                    data-cell-id=\"B3\"\n                data-col-index=\"1\"\n                data-row-index=\"2\"\n                style=\"                padding:10px;\"\n                >\n                                957,42\u00a0\u20ac                <\/td>\n                                            <td class=\"wpdt-cell \"\n                                    data-cell-id=\"C3\"\n                data-col-index=\"2\"\n                data-row-index=\"2\"\n                style=\"                padding:10px;\"\n                >\n                                1\u00a0148,90\u00a0\u20ac                <\/td>\n                                        <\/tr>\n                            <tr class=\"wpdt-cell-row \" >\n                            <td class=\"wpdt-cell \"\n                                    data-cell-id=\"A4\"\n                data-col-index=\"0\"\n                data-row-index=\"3\"\n                style=\"                padding:10px;\"\n                >\n                                2                <\/td>\n                                            <td class=\"wpdt-cell \"\n                                    data-cell-id=\"B4\"\n                data-col-index=\"1\"\n                data-row-index=\"3\"\n                style=\"                padding:10px;\"\n                >\n                                1\u00a0148,90\u00a0\u20ac                <\/td>\n                                            <td class=\"wpdt-cell \"\n                                    data-cell-id=\"C4\"\n                data-col-index=\"2\"\n                data-row-index=\"3\"\n                style=\"                padding:10px;\"\n                >\n                                1\u00a0340,39\u00a0\u20ac                <\/td>\n                                        <\/tr>\n                            <tr class=\"wpdt-cell-row \" >\n                            <td class=\"wpdt-cell \"\n                                    data-cell-id=\"A5\"\n                data-col-index=\"0\"\n                data-row-index=\"4\"\n                style=\"                padding:10px;\"\n                >\n                                Par enfant ou personne \u00e0 charge suppl\u00e9mentaire                <\/td>\n                                            <td class=\"wpdt-cell \"\n                                    data-cell-id=\"B5\"\n                data-col-index=\"1\"\n                data-row-index=\"4\"\n                style=\"                padding:10px;\"\n                >\n                                255,32\u00a0\u20ac                <\/td>\n                                            <td class=\"wpdt-cell \"\n                                    data-cell-id=\"C5\"\n                data-col-index=\"2\"\n                data-row-index=\"4\"\n                style=\"                padding:10px;\"\n                >\n                                255,32\u00a0\u20ac                <\/td>\n                                        <\/tr>\n                    <\/table>\n<\/div><style id='wpdt-custom-style-1'>\ntable#wpdtSimpleTable-1{ table-layout: fixed !important; }\n.wpdt-bc-F3F9FE { background-color: #F3F9FE !important;}\n<\/style>\n\n<p>&nbsp;<\/p>\n<p>Et voici le bar\u00e8me pour une personne en couple au titre de la prime d&rsquo;activit\u00e9 :<\/p>\n\n<div class=\"wpdt-c row wpDataTableContainerSimpleTable wpDataTables wpDataTablesWrapper\n\"\n    >\n    <table id=\"wpdtSimpleTable-2\"\n           class=\"wpdtSimpleTable wpDataTable\"\n           data-column=\"2\"\n           data-rows=\"5\"\n           data-wpID=\"2\"\n           data-responsive=\"0\"\n           data-has-header=\"1\">\n\n                    <thead>        <tr class=\"wpdt-cell-row \" >\n                            <th class=\"wpdt-cell wpdt-bc-F3F9FE\"\n                                    data-cell-id=\"A1\"\n                data-col-index=\"0\"\n                data-row-index=\"0\"\n                style=\" width:48.571428571429%;                padding:10px;\"\n                >\n                                Nombre d'enfants\nou de personnes \u00e0 charge                <\/th>\n                                            <th class=\"wpdt-cell wpdt-bc-F3F9FE\"\n                                    data-cell-id=\"B1\"\n                data-col-index=\"1\"\n                data-row-index=\"0\"\n                style=\" width:51.428571428571%;                padding:10px;\"\n                >\n                                Pour un couple                <\/th>\n                                        <\/tr>\n                    <tbody>        <tr class=\"wpdt-cell-row \" >\n                            <td class=\"wpdt-cell \"\n                                    data-cell-id=\"A2\"\n                data-col-index=\"0\"\n                data-row-index=\"1\"\n                style=\"                padding:10px;\"\n                >\n                                0                <\/td>\n                                            <td class=\"wpdt-cell \"\n                                    data-cell-id=\"B2\"\n                data-col-index=\"1\"\n                data-row-index=\"1\"\n                style=\"                padding:10px;\"\n                >\n                                957,42 \u20ac                <\/td>\n                                        <\/tr>\n                            <tr class=\"wpdt-cell-row \" >\n                            <td class=\"wpdt-cell \"\n                                    data-cell-id=\"A3\"\n                data-col-index=\"0\"\n                data-row-index=\"2\"\n                style=\"                padding:10px;\"\n                >\n                                1                <\/td>\n                                            <td class=\"wpdt-cell \"\n                                    data-cell-id=\"B3\"\n                data-col-index=\"1\"\n                data-row-index=\"2\"\n                style=\"                padding:10px;\"\n                >\n                                1 148,90 \u20ac                <\/td>\n                                        <\/tr>\n                            <tr class=\"wpdt-cell-row \" >\n                            <td class=\"wpdt-cell \"\n                                    data-cell-id=\"A4\"\n                data-col-index=\"0\"\n                data-row-index=\"3\"\n                style=\"                padding:10px;\"\n                >\n                                2                <\/td>\n                                            <td class=\"wpdt-cell \"\n                                    data-cell-id=\"B4\"\n                data-col-index=\"1\"\n                data-row-index=\"3\"\n                style=\"                padding:10px;\"\n                >\n                                1 340,39 \u20ac                <\/td>\n                                        <\/tr>\n                            <tr class=\"wpdt-cell-row \" >\n                            <td class=\"wpdt-cell \"\n                                    data-cell-id=\"A5\"\n                data-col-index=\"0\"\n                data-row-index=\"4\"\n                style=\"                padding:10px;\"\n                >\n                                Par enfant ou personne en plus                <\/td>\n                                            <td class=\"wpdt-cell \"\n                                    data-cell-id=\"B5\"\n                data-col-index=\"1\"\n                data-row-index=\"4\"\n                style=\"                padding:10px;\"\n                >\n                                255,31 \u20ac                <\/td>\n                                        <\/tr>\n                    <\/table>\n<\/div><style id='wpdt-custom-style-2'>\ntable#wpdtSimpleTable-2{ table-layout: fixed !important; }\n.wpdt-bc-F3F9FE { background-color: #F3F9FE !important;}\n<\/style>\n\n<p>&nbsp;<\/p>\n<p style=\"text-align: justify;\">Ce tableau repr\u00e9sente donc des estimations de sommes que des travailleurs pourraient percevoir \u00e0 l&rsquo;issue de la demande.<\/p>\n<p>&nbsp;<\/p>\n<h1><span id=\"Quels_sont_les_documents_a_fournir\">Quels sont les documents \u00e0 fournir pour une demande de prime d&rsquo;activit\u00e9?<\/span><\/h1>\n<p>Pour constituer votre\u00a0<a href=\"https:\/\/www.mes-allocs.fr\/guides\/prime-d-activite\/prime-dactivite-demande\/formulaire-prime-d-activite\/\">dossier<\/a>\u00a0de prime d\u2019activit\u00e9 que ce soit aupr\u00e8s de la CAF ou de la MSA vous devrez joindre les documents suivant :<\/p>\n<ul>\n<li>Votre num\u00e9ro de s\u00e9curit\u00e9 sociale<\/li>\n<li>Un document faisant mention de votre date de naissance<\/li>\n<li>Un RIB \u00e0 votre nom<\/li>\n<li>Vos d\u00e9clarations de ressources<\/li>\n<li>Les revenus de ces 3 derniers mois pour les personnes qui composent votre foyer<\/li>\n<\/ul>\n<p>D\u2019autres donn\u00e9es personnelles \u00e0 propos de votre lieu d\u2019habitation, de votre logement vous seront demand\u00e9s pour calculer vos droits \u00e0 la prime d\u2019activit\u00e9.<\/p>\n<p>Vous pouvez faire une\u00a0<a href=\"https:\/\/www.mes-allocs.fr\/ab-app\">simulation gratuite<\/a>\u00a0de vos droits avec Mes Allocs !<\/p>\n<h1>Comment calculer le montant de la prime d&rsquo;activit\u00e9 ?<\/h1>\n<p>La formule de calcul pour la prime est bien complexe. Il est le suivant :<\/p>\n<p>(Montant forfaitaire + 59,85\u2009% des revenus professionnels + les bonifications) &#8211; les ressources du foyer &#8211; le forfait logement (s&rsquo;il y en a).<\/p>\n<p>Explication des diff\u00e9rentes phases :<\/p>\n<ul>\n<li>Montant forfaitaire : il est d\u00e9termin\u00e9 selon la composition du foyer (couple ou non, enfant \u00e0 charge)<\/li>\n<li>59,85\u2009% des revenus professionnels (62\u2009% avant)<\/li>\n<li>La bonification est un suppl\u00e9ment accord\u00e9 selon le niveau de revenus d\u2019activit\u00e9<\/li>\n<li>Ressources du foyer<\/li>\n<li>Forfait logement : il n&rsquo;est pas attribu\u00e9 \u00e0 tout le monde. Si un couple, avec un enfant \u00e0 charge et est locataire de son logement. Ce couple per\u00e7oit 250\u20ac d&rsquo;APL. \u00c9tant donn\u00e9 que cette somme n&rsquo;est pas prise dans son int\u00e9gralit\u00e9, il faut donc prendre en compte la cat\u00e9gorie \u00ab\u00a03 ou plus\u00a0\u00bb dans le tableau. Seulement 192,02 \u20ac\u00a0seront pris en compte dans le calcul de la prime.<\/li>\n<\/ul>\n<p style=\"text-align: justify;\">Voici le forfait logement pris en compte pour la prime activit\u00e9 en 2026 :<\/p>\n\n<div class=\"wpdt-c row wpDataTableContainerSimpleTable wpDataTables wpDataTablesWrapper\n\"\n    >\n    <table id=\"wpdtSimpleTable-5\"\n           class=\"wpdtSimpleTable wpDataTable\"\n           data-column=\"2\"\n           data-rows=\"4\"\n           data-wpID=\"5\"\n           data-responsive=\"0\"\n           data-has-header=\"1\">\n\n                    <thead>        <tr class=\"wpdt-cell-row \" >\n                            <th class=\"wpdt-cell wpdt-bc-F3F9FE wpdt-bold\"\n                                    data-cell-id=\"A1\"\n                data-col-index=\"0\"\n                data-row-index=\"0\"\n                style=\" width:48.571428571429%;                padding:10px;\"\n                >\n                                Composition du foyer                <\/th>\n                                            <th class=\"wpdt-cell wpdt-bc-F3F9FE wpdt-bold\"\n                                    data-cell-id=\"B1\"\n                data-col-index=\"1\"\n                data-row-index=\"0\"\n                style=\" width:51.428571428571%;                padding:10px;\"\n                >\n                                Forfait logement \u00e0 d\u00e9duire                <\/th>\n                                        <\/tr>\n                    <tbody>        <tr class=\"wpdt-cell-row \" >\n                            <td class=\"wpdt-cell \"\n                                    data-cell-id=\"A2\"\n                data-col-index=\"0\"\n                data-row-index=\"1\"\n                style=\"                padding:10px;\"\n                >\n                                1 personne                <\/td>\n                                            <td class=\"wpdt-cell \"\n                                    data-cell-id=\"B2\"\n                data-col-index=\"1\"\n                data-row-index=\"1\"\n                style=\"                padding:10px;\"\n                >\n                                78,2 \u20ac                <\/td>\n                                        <\/tr>\n                            <tr class=\"wpdt-cell-row \" >\n                            <td class=\"wpdt-cell \"\n                                    data-cell-id=\"A3\"\n                data-col-index=\"0\"\n                data-row-index=\"2\"\n                style=\"                padding:10px;\"\n                >\n                                2 personnes                <\/td>\n                                            <td class=\"wpdt-cell \"\n                                    data-cell-id=\"B3\"\n                data-col-index=\"1\"\n                data-row-index=\"2\"\n                style=\"                padding:10px;\"\n                >\n                                156,41 \u20ac                <\/td>\n                                        <\/tr>\n                            <tr class=\"wpdt-cell-row \" >\n                            <td class=\"wpdt-cell \"\n                                    data-cell-id=\"A4\"\n                data-col-index=\"0\"\n                data-row-index=\"3\"\n                style=\"                padding:10px;\"\n                >\n                                3 personnes ou plus                <\/td>\n                                            <td class=\"wpdt-cell \"\n                                    data-cell-id=\"B4\"\n                data-col-index=\"1\"\n                data-row-index=\"3\"\n                style=\"                padding:10px;\"\n                >\n                                193,55 \u20ac                <\/td>\n                                        <\/tr>\n                    <\/table>\n<\/div><style id='wpdt-custom-style-5'>\ntable#wpdtSimpleTable-5{ table-layout: fixed !important; }\n.wpdt-bc-F3F9FE { background-color: #F3F9FE !important;}\n<\/style>\n\n<p>&nbsp;<\/p>\n<p><strong>Attention :<\/strong> lorsque vous faites votre d\u00e9claration, veillez \u00e0 bien rentrer le montant de vos APL et non pas le montant indiqu\u00e9 dans le tableau. La CAF se charge de modifier la somme de vos APL, elle-m\u00eame !<\/p>\n<p>En cas d&rsquo;erreur, vous risqueriez de devoir rembourser \u00e0 cause d&rsquo;un trop per\u00e7u.<\/p>\n<p>&nbsp;<\/p>\n<div class='cta-block'><div class='text'>Simulez votre prime d&rsquo;activit\u00e9 en 2 min. <\/div><a href='https:\/\/www.mes-allocs.fr\/ab-app?origin=guides\/wp-json\/wp\/v2\/posts\/7522' class='app-button fit'>Simulation gratuite<\/a><\/div>\n","protected":false},"excerpt":{"rendered":"<p>[Mis \u00e0 jour le 02\/04\/2026] La prime d&rsquo;activit\u00e9 est un compl\u00e9ment de revenu arriv\u00e9 le 1er janvier 2016. La prime d&rsquo;activit\u00e9, visant les travailleurs modestes, remplace le RSA actif et la prime pour l&#8217;emploi. Il est tr\u00e8s facile d&rsquo;en faire la demande et de conna\u00eetre ses droits. Mes Allocs vous explique comment faire sa demande [&hellip;]<\/p>\n","protected":false},"author":7,"featured_media":7526,"comment_status":"open","ping_status":"open","sticky":false,"template":"","format":"standard","meta":{"amp_status":"","footnotes":""},"categories":[20],"tags":[],"class_list":["post-7522","post","type-post","status-publish","format-standard","has-post-thumbnail","hentry","category-prime-d-activite"],"yoast_head":"<!-- This site is optimized with the Yoast SEO plugin v14.9 - https:\/\/yoast.com\/wordpress\/plugins\/seo\/ -->\n<title>Demande de prime d&#039;activit\u00e9 2026 : quelles sont les d\u00e9marches ? | Mes-Allocs.fr<\/title>\n<meta name=\"description\" content=\"La prime d&#039;activit\u00e9 est un compl\u00e9ment de revenus mis en place depuis 2016. D\u00e9couvrez si vous \u00eates \u00e9ligible en 2026.\" \/>\n<meta name=\"robots\" content=\"index, follow, max-snippet:-1, max-image-preview:large, max-video-preview:-1\" \/>\n<link rel=\"canonical\" href=\"https:\/\/www.mes-allocs.fr\/guides\/prime-d-activite\/demande-prime-activite\/\" \/>\n<meta property=\"og:locale\" content=\"fr_FR\" \/>\n<meta property=\"og:type\" content=\"article\" \/>\n<meta property=\"og:title\" content=\"Demande de prime d&#039;activit\u00e9 2026 : quelles sont les d\u00e9marches ? | Mes-Allocs.fr\" \/>\n<meta property=\"og:description\" content=\"La prime d&#039;activit\u00e9 est un compl\u00e9ment de revenus mis en place depuis 2016. D\u00e9couvrez si vous \u00eates \u00e9ligible en 2026.\" \/>\n<meta property=\"og:url\" content=\"https:\/\/www.mes-allocs.fr\/guides\/prime-d-activite\/demande-prime-activite\/\" \/>\n<meta property=\"og:site_name\" content=\"Mes-Allocs.fr\" \/>\n<meta property=\"article:published_time\" content=\"2020-07-01T13:17:56+00:00\" \/>\n<meta property=\"article:modified_time\" content=\"2026-04-02T09:46:59+00:00\" \/>\n<meta property=\"og:image\" content=\"https:\/\/www.mes-allocs.fr\/guides\/wp-content\/uploads\/2020\/05\/04BF35BB-8936-479A-90A3-E04A62E0F61D-e1684922782715.jpeg?wsr\" \/>\n\t<meta property=\"og:image:width\" content=\"1194\" \/>\n\t<meta property=\"og:image:height\" content=\"189\" \/>\n<meta name=\"twitter:card\" content=\"summary_large_image\" \/>\n<script type=\"application\/ld+json\" class=\"yoast-schema-graph\">{\"@context\":\"https:\/\/schema.org\",\"@graph\":[{\"@type\":\"WebSite\",\"@id\":\"https:\/\/www.mes-allocs.fr\/guides\/#website\",\"url\":\"https:\/\/www.mes-allocs.fr\/guides\/\",\"name\":\"Mes-Allocs.fr\",\"description\":\"\",\"potentialAction\":[{\"@type\":\"SearchAction\",\"target\":\"https:\/\/www.mes-allocs.fr\/guides\/?s={search_term_string}\",\"query-input\":\"required name=search_term_string\"}],\"inLanguage\":\"fr-FR\"},{\"@type\":\"ImageObject\",\"@id\":\"https:\/\/www.mes-allocs.fr\/guides\/prime-d-activite\/demande-prime-activite\/#primaryimage\",\"inLanguage\":\"fr-FR\",\"url\":\"https:\/\/www.mes-allocs.fr\/guides\/wp-content\/uploads\/2020\/05\/04BF35BB-8936-479A-90A3-E04A62E0F61D-e1684922782715.jpeg?wsr\",\"width\":1194,\"height\":189,\"caption\":\"04BF35BB 8936 479A 90A3 E04A62E0F61D e1590517451546\"},{\"@type\":\"WebPage\",\"@id\":\"https:\/\/www.mes-allocs.fr\/guides\/prime-d-activite\/demande-prime-activite\/#webpage\",\"url\":\"https:\/\/www.mes-allocs.fr\/guides\/prime-d-activite\/demande-prime-activite\/\",\"name\":\"Demande de prime d'activit\\u00e9 2026 : quelles sont les d\\u00e9marches ? | Mes-Allocs.fr\",\"isPartOf\":{\"@id\":\"https:\/\/www.mes-allocs.fr\/guides\/#website\"},\"primaryImageOfPage\":{\"@id\":\"https:\/\/www.mes-allocs.fr\/guides\/prime-d-activite\/demande-prime-activite\/#primaryimage\"},\"datePublished\":\"2020-07-01T13:17:56+00:00\",\"dateModified\":\"2026-04-02T09:46:59+00:00\",\"author\":{\"@id\":\"https:\/\/www.mes-allocs.fr\/guides\/#\/schema\/person\/1c4837d5703727cb02ce84583b5a44aa\"},\"description\":\"La prime d'activit\\u00e9 est un compl\\u00e9ment de revenus mis en place depuis 2016. D\\u00e9couvrez si vous \\u00eates \\u00e9ligible en 2026.\",\"inLanguage\":\"fr-FR\"},{\"@type\":\"Person\",\"@id\":\"https:\/\/www.mes-allocs.fr\/guides\/#\/schema\/person\/1c4837d5703727cb02ce84583b5a44aa\",\"name\":\"Fabiola\",\"image\":{\"@type\":\"ImageObject\",\"@id\":\"https:\/\/www.mes-allocs.fr\/guides\/#personlogo\",\"inLanguage\":\"fr-FR\",\"url\":\"https:\/\/www.mes-allocs.fr\/guides\/wp-content\/uploads\/2021\/06\/fabiola-150x150.png\",\"caption\":\"Fabiola\"},\"description\":\"Fabiola est r\\u00e9dactrice au sein de l'\\u00e9quipe Mes Allocs, sp\\u00e9cialis\\u00e9e en sciences politiques et affaires publiques. Dipl\\u00f4m\\u00e9e de l'HEIP, elle rejoint Mes Allocs apr\\u00e8s une premi\\u00e8re exp\\u00e9rience \\u00e0 l'Assembl\\u00e9e Nationale.\",\"sameAs\":[\"https:\/\/www.linkedin.com\/in\/cecilia-philippe-b-8a8085195\"]}]}<\/script>\n<!-- \/ Yoast SEO plugin. -->","amp_validity":null,"acf":{"faq":{"1":{"question":"Qui a le droit \u00e0 la prime d'activit\u00e9 ?","answer":"La prime d\u2019activit\u00e9 est une aide qui vous est d\u00e9livr\u00e9e par votre Caisse d\u2019Allocations Familiales (CAF). La prime cesse d\u2019\u00eatre vers\u00e9e au-del\u00e0 d\u2019environ 2 000 euros nets mensuels pour une personne seule ou 3 450 euros nets mensuels pour un couple dont un seul membre travaille et qui a deux enfants."},"2":{"question":"Quel est le salaire minimum pour toucher la prime d'activit\u00e9 ?","answer":"Pour avoir droit \u00e0 la prime d'activit\u00e9, les \u00e9tudiants salari\u00e9s ainsi que les apprentis doivent toucher pendant au moins trois mois, un salaire minimum de \u00e0 1 117,26  euros net mensuel."},"3":{"question":"Quels sont les revenu pris en compte pour la prime d'activit\u00e9 ?","answer":"Les revenus professionnels, l\u2019allocation aux adultes handicap\u00e9s, l'avantage en nature que constitue la disposition d\u2019un logement \u00e0 titre gratuit (d\u00e9termin\u00e9 de mani\u00e8re forfaitaire), allocations ch\u00f4mage, retraite, pensions alimentaires et prestations compensatoires\u2026"},"4":{"question":"Est-ce que les primes comptent pour la prime d'activit\u00e9 ?","answer":"Toutes les primes ne sont pas prises en compte dans le calcul. Il y'en a en tout 26. Notamment les allocations de rentr\u00e9e scolaire ou les aides financi\u00e8res pour les familles en situation de handicap ou grave maladie. "},"5":{"question":"Comment se calcule la prime d'activit\u00e9 ?","answer":"Montant de la prime d'activit\u00e9 = (montant forfaitaire \u00e9ventuellement major\u00e9 + 59,85 % des revenus professionnels + bonifications individuelles) \u2013 les ressources prises en compte du foyer."},"6":{"question":"Quel est le plafond pour toucher la prime d'activit\u00e9 2026 ?","answer":"Le demandeur ne doit pas d\u00e9passer un certain montant de revenus. Ces plafonds de ressources varient selon les situations."},"7":{"question":"","answer":""},"8":{"question":"","answer":""},"9":{"question":"","answer":""},"10":{"question":"","answer":""},"11":{"question":"","answer":""},"12":{"question":"","answer":""},"13":{"question":"","answer":""},"14":{"question":"","answer":""},"15":{"question":"","answer":""},"16":{"question":"","answer":""}}},"_links":{"self":[{"href":"https:\/\/www.mes-allocs.fr\/guides\/wp-json\/wp\/v2\/posts\/7522","targetHints":{"allow":["GET"]}}],"collection":[{"href":"https:\/\/www.mes-allocs.fr\/guides\/wp-json\/wp\/v2\/posts"}],"about":[{"href":"https:\/\/www.mes-allocs.fr\/guides\/wp-json\/wp\/v2\/types\/post"}],"author":[{"embeddable":true,"href":"https:\/\/www.mes-allocs.fr\/guides\/wp-json\/wp\/v2\/users\/7"}],"replies":[{"embeddable":true,"href":"https:\/\/www.mes-allocs.fr\/guides\/wp-json\/wp\/v2\/comments?post=7522"}],"version-history":[{"count":64,"href":"https:\/\/www.mes-allocs.fr\/guides\/wp-json\/wp\/v2\/posts\/7522\/revisions"}],"predecessor-version":[{"id":111341,"href":"https:\/\/www.mes-allocs.fr\/guides\/wp-json\/wp\/v2\/posts\/7522\/revisions\/111341"}],"wp:featuredmedia":[{"embeddable":true,"href":"https:\/\/www.mes-allocs.fr\/guides\/wp-json\/wp\/v2\/media\/7526"}],"wp:attachment":[{"href":"https:\/\/www.mes-allocs.fr\/guides\/wp-json\/wp\/v2\/media?parent=7522"}],"wp:term":[{"taxonomy":"category","embeddable":true,"href":"https:\/\/www.mes-allocs.fr\/guides\/wp-json\/wp\/v2\/categories?post=7522"},{"taxonomy":"post_tag","embeddable":true,"href":"https:\/\/www.mes-allocs.fr\/guides\/wp-json\/wp\/v2\/tags?post=7522"}],"curies":[{"name":"wp","href":"https:\/\/api.w.org\/{rel}","templated":true}]}}