{"id":75125,"date":"2024-02-29T15:56:40","date_gmt":"2024-02-29T13:56:40","guid":{"rendered":"https:\/\/www.mes-allocs.fr\/guides\/?p=75125"},"modified":"2026-04-22T10:55:10","modified_gmt":"2026-04-22T09:55:10","slug":"vaccination-ameli","status":"publish","type":"post","link":"https:\/\/www.mes-allocs.fr\/guides\/ameli\/vaccination-ameli\/","title":{"rendered":"Vaccination Ameli : calendrier et prise en charge"},"content":{"rendered":"<p><img loading=\"lazy\" decoding=\"async\" class=\"alignnone wp-image-71962 size-full\" title=\"ameli sant\u00e9 vaccination\" src=\"https:\/\/www.mes-allocs.fr\/guides\/wp-content\/uploads\/2023\/12\/vaccination-1215279_1280-e1703604924462.jpg\" alt=\"ameli sant\u00e9 vaccination\" width=\"1280\" height=\"400\" srcset=\"https:\/\/www.mes-allocs.fr\/guides\/wp-content\/uploads\/2023\/12\/vaccination-1215279_1280-e1703604924462.jpg 1280w, https:\/\/www.mes-allocs.fr\/guides\/wp-content\/uploads\/2023\/12\/vaccination-1215279_1280-e1703604924462-300x94.jpg 300w, https:\/\/www.mes-allocs.fr\/guides\/wp-content\/uploads\/2023\/12\/vaccination-1215279_1280-e1703604924462-1024x320.jpg 1024w, https:\/\/www.mes-allocs.fr\/guides\/wp-content\/uploads\/2023\/12\/vaccination-1215279_1280-e1703604924462-768x240.jpg 768w, https:\/\/www.mes-allocs.fr\/guides\/wp-content\/uploads\/2023\/12\/vaccination-1215279_1280-e1703604924462-600x188.jpg 600w\" sizes=\"auto, (max-width: 1280px) 100vw, 1280px\" \/><\/p>\n<p><strong>La vaccination est une composante essentielle de la sant\u00e9 publique, contribuant \u00e0 la pr\u00e9vention et au contr\u00f4le des maladies infectieuses. En France, le calendrier vaccinal est \u00e9tabli pour assurer une protection optimale de la population, avec certaines vaccinations recommand\u00e9es et d&rsquo;autres obligatoires. La prise en charge des vaccins par l&rsquo;Assurance Maladie (<a href=\"https:\/\/www.mes-allocs.fr\/guides\/ameli\/\">Ameli<\/a>) facilite l&rsquo;acc\u00e8s \u00e0 ces mesures pr\u00e9ventives. D\u00e9couvrons ensemble les aspects cl\u00e9s du calendrier vaccinal et les modalit\u00e9s de prise en charge par Ameli.<\/strong><\/p>\n<p><span data-token-index=\"0\" data-reactroot=\"\"><div class='cta-block'><div class='text'>Simulez toutes vos aides en 2 min.<\/div><a href='https:\/\/www.mes-allocs.fr\/ab-app?origin=guides\/wp-json\/wp\/v2\/posts\/75125' class='app-button fit'>Simulation gratuite<\/a><\/div><\/span><\/p>\n<h1>La prise en charge des vaccins<\/h1>\n<h2><strong>Vaccinations recommand\u00e9es et obligatoires<\/strong><\/h2>\n<p><strong>Les vaccinations recommand\u00e9es<\/strong><em> :<\/em> le calendrier comprend des recommandations pour diff\u00e9rentes tranches d&rsquo;\u00e2ge, allant des nourrissons aux adultes. Ces vaccinations sont fortement conseill\u00e9es pour renforcer l&rsquo;immunit\u00e9 individuelle et collective.<\/p>\n<ul>\n<li>Dipht\u00e9rie<\/li>\n<li>T\u00e9tanos<\/li>\n<li>Polyomy\u00e9lite<\/li>\n<li>Coqueluche<\/li>\n<li>H\u00e9patite\u00a0B<\/li>\n<li>Infections \u00e0 Haemophilus influenza\u00a0B<\/li>\n<li>Infections invasives \u00e0 m\u00e9ningocoque du s\u00e9rogroupe\u00a0C<\/li>\n<li>Infections \u00e0 pneumocoque<\/li>\n<li>Oreillons<\/li>\n<li>Rougeole<\/li>\n<li>Rub\u00e9ole<\/li>\n<\/ul>\n<p><strong>Les vaccinations obligatoires <\/strong><em>:<\/em> certains vaccins sont obligatoires en France, notamment pour les enfants. Ces obligations visent \u00e0 pr\u00e9venir la propagation de maladies graves au sein de la population.<\/p>\n<ul>\n<li>Infections invasives \u00e0 m\u00e9ningocoque de s\u00e9rogroupe B<\/li>\n<li>Infection \u00e0 papillomavirus humains (HPV)<\/li>\n<li>Covid-19 \u00e0 partir de 5 ans<\/li>\n<li>Gastro-ent\u00e9rite \u00e0 rotavirus<\/li>\n<\/ul>\n<p><strong>Les vaccins recommand\u00e9s dans certaines situations :<\/strong><\/p>\n<ul>\n<li>Grippe saisonni\u00e8re<\/li>\n<li>H\u00e9patite\u00a0A<\/li>\n<li>Tuberculose<\/li>\n<li>Varicelle<\/li>\n<li>Zona<\/li>\n<\/ul>\n<p>Ces vaccins sont rembours\u00e9s par l&rsquo;Assurance Maladie et sont prescrits par un professionnel de sant\u00e9. La plupart sont pris en charge \u00e0 65 %, avec la possibilit\u00e9 d&rsquo;un remboursement int\u00e9gral en fonction de la situation.<\/p>\n<p><span data-token-index=\"0\" data-reactroot=\"\"><div class='cta-block'><div class='text'>Simulez toutes vos aides en 2 min.<\/div><a href='https:\/\/www.mes-allocs.fr\/ab-app?origin=guides\/wp-json\/wp\/v2\/posts\/75125' class='app-button fit'>Simulation gratuite<\/a><\/div><\/span><\/p>\n<h1>Quels sont les cas de remboursement \u00e0 100 % ?<\/h1>\n<p>Certains vaccins b\u00e9n\u00e9ficient d&rsquo;un remboursement int\u00e9gral, notamment le vaccin ROR pour les enfants et jeunes de <strong>12 mois \u00e0 17 ans, le vaccin contre le Covid-19 \u00e0 partir de 5 ans, et le vaccin contre la grippe saisonni\u00e8re pour les populations \u00e0 risque.<\/strong><\/p>\n<p>\u00c0 partir de 18 ans, la plupart des vaccins sont rembours\u00e9s \u00e0 65 % par l&rsquo;Assurance Maladie, et le reste peut \u00eatre pris en charge par la mutuelle si une compl\u00e9mentaire sant\u00e9 a \u00e9t\u00e9 souscrite.<\/p>\n<h2>Quels sont les vaccins sp\u00e9cifiques pris en charge ?<\/h2>\n<p>Certains vaccins, comme celui contre le zona, ont des taux de remboursement sp\u00e9cifiques. Par exemple, le vaccin contre le zona est rembours\u00e9 \u00e0 30 % pour les personnes \u00e2g\u00e9es de 65 \u00e0 74 ans.<\/p>\n<p>La prise en charge des vaccins peut varier en fonction de l&rsquo;\u00e2ge et de la situation m\u00e9dicale. Certains sont sp\u00e9cifiquement recommand\u00e9s pour les personnes \u00e0 risque et b\u00e9n\u00e9ficient d&rsquo;une prise en charge adapt\u00e9e.<\/p>\n<h2>Le vaccin contre la grippe est-il syst\u00e9matiquement rembours\u00e9 ?<\/h2>\n<p>La vaccination contre la grippe saisonni\u00e8re est prise en charge \u00e0 100 % pour les populations \u00e0 risque, mais elle n&rsquo;est pas syst\u00e9matiquement rembours\u00e9e pour toutes les cat\u00e9gories d&rsquo;\u00e2ge.<\/p>\n<p>Cette s\u00e9rie de questions-r\u00e9ponses vise \u00e0 \u00e9claircir les modalit\u00e9s de remboursement des vaccins par l&rsquo;Assurance Maladie en fonction des situations et des populations concern\u00e9es.<\/p>\n<h2><strong>La prise en charge de l&rsquo;injection des vaccins<\/strong><\/h2>\n<p>L&rsquo;Assurance Maladie assure le remboursement de l&rsquo;injection du vaccin selon diff\u00e9rentes modalit\u00e9s. Lorsqu&rsquo;un m\u00e9decin ou une sage-femme administre le vaccin lors d&rsquo;une consultation, le remboursement est \u00e9tabli \u00e0 70 %. De m\u00eame, pour le pharmacien effectuant la vaccination contre la grippe saisonni\u00e8re chez les personnes \u00e9ligibles, le taux de remboursement est de 70 %.<\/p>\n<p>Dans le cas o\u00f9 une infirmi\u00e8re proc\u00e8de \u00e0 l&rsquo;injection sur prescription m\u00e9dicale, le remboursement s&rsquo;\u00e9l\u00e8ve \u00e0 60 %. Il est \u00e0 noter que dans certaines situations m\u00e9dicales, notamment pour les personnes atteintes de certaines affections de longue dur\u00e9e, l&rsquo;injection du vaccin peut b\u00e9n\u00e9ficier d&rsquo;un remboursement int\u00e9gral \u00e0 100 %.<\/p>\n<p><iframe loading=\"lazy\" title=\"L&#039;Assurance Maladie\" width=\"500\" height=\"281\" src=\"https:\/\/www.youtube.com\/embed\/MdiYHpnlAvg?feature=oembed\" frameborder=\"0\" allow=\"accelerometer; autoplay; clipboard-write; encrypted-media; gyroscope; picture-in-picture; web-share\" referrerpolicy=\"strict-origin-when-cross-origin\" allowfullscreen><\/iframe><\/p>\n<h1>Le calendrier des vaccinations<\/h1>\n<h2><strong>Vaccins pour voyages \u00e0 l&rsquo;\u00e9tranger : non-prise en charge par l&rsquo;Assurance Maladie<\/strong><\/h2>\n<p>Certains vaccins, tels que ceux recommand\u00e9s ou obligatoires pour des voyages dans certains pays \u00e9trangers (ex. : vaccin contre la fi\u00e8vre jaune, le chol\u00e9ra), ne b\u00e9n\u00e9ficient pas de la prise en charge de l&rsquo;Assurance Maladie.<\/p>\n<p>Il est important de noter que dans ces cas sp\u00e9cifiques, votre compl\u00e9mentaire sant\u00e9 pourrait \u00e9ventuellement couvrir tout ou partie des frais non rembours\u00e9s par l&rsquo;Assurance Maladie, selon les dispositions pr\u00e9vues dans votre contrat. N&rsquo;h\u00e9sitez pas \u00e0 vous renseigner aupr\u00e8s de votre compl\u00e9mentaire sant\u00e9 pour obtenir des informations d\u00e9taill\u00e9es sur la couverture de ces vaccins.<\/p>\n<h2><strong>Le calendrier vaccinal en France<\/strong><\/h2>\n<p>Chaque ann\u00e9e, le calendrier des vaccinations, \u00e9labor\u00e9 par le minist\u00e8re de la Sant\u00e9 et approuv\u00e9 par la Haute Autorit\u00e9 de sant\u00e9 (HAS), d\u00e9finit les vaccinations recommand\u00e9es pour les r\u00e9sidents en France, en tenant compte de leur tranche d&rsquo;\u00e2ge.<\/p>\n<p><span data-token-index=\"0\" data-reactroot=\"\"><div class='cta-block'><div class='text'>Simulez toutes vos aides en 2 min.<\/div><a href='https:\/\/www.mes-allocs.fr\/ab-app?origin=guides\/wp-json\/wp\/v2\/posts\/75125' class='app-button fit'>Simulation gratuite<\/a><\/div><\/span><\/p>\n","protected":false},"excerpt":{"rendered":"<p>La vaccination est une composante essentielle de la sant\u00e9 publique, contribuant \u00e0 la pr\u00e9vention et au contr\u00f4le des maladies infectieuses. En France, le calendrier vaccinal est \u00e9tabli pour assurer une protection optimale de la population, avec certaines vaccinations recommand\u00e9es et d&rsquo;autres obligatoires. La prise en charge des vaccins par l&rsquo;Assurance Maladie (Ameli) facilite l&rsquo;acc\u00e8s \u00e0 [&hellip;]<\/p>\n","protected":false},"author":26,"featured_media":71961,"comment_status":"open","ping_status":"open","sticky":false,"template":"","format":"standard","meta":{"amp_status":"","footnotes":""},"categories":[31073],"tags":[],"class_list":["post-75125","post","type-post","status-publish","format-standard","has-post-thumbnail","hentry","category-ameli"],"yoast_head":"<!-- This site is optimized with the Yoast SEO plugin v14.9 - https:\/\/yoast.com\/wordpress\/plugins\/seo\/ -->\n<title>Vaccination Ameli : calendrier et prise en charge | Mes-Allocs.fr<\/title>\n<meta name=\"description\" content=\"La vaccination est une composante essentielle de la sant\u00e9 publique, contribuant \u00e0 la pr\u00e9vention et au contr\u00f4le des maladies infectieuses.\" \/>\n<meta name=\"robots\" content=\"index, follow, max-snippet:-1, max-image-preview:large, max-video-preview:-1\" \/>\n<link rel=\"canonical\" href=\"https:\/\/www.mes-allocs.fr\/guides\/ameli\/vaccination-ameli\/\" \/>\n<meta property=\"og:locale\" content=\"fr_FR\" \/>\n<meta property=\"og:type\" content=\"article\" \/>\n<meta property=\"og:title\" content=\"Vaccination Ameli : calendrier et prise en charge | Mes-Allocs.fr\" \/>\n<meta property=\"og:description\" content=\"La vaccination est une composante essentielle de la sant\u00e9 publique, contribuant \u00e0 la pr\u00e9vention et au contr\u00f4le des maladies infectieuses.\" \/>\n<meta property=\"og:url\" content=\"https:\/\/www.mes-allocs.fr\/guides\/ameli\/vaccination-ameli\/\" \/>\n<meta property=\"og:site_name\" content=\"Mes-Allocs.fr\" \/>\n<meta property=\"article:published_time\" content=\"2024-02-29T13:56:40+00:00\" \/>\n<meta property=\"article:modified_time\" content=\"2026-04-22T09:55:10+00:00\" \/>\n<meta property=\"og:image\" content=\"https:\/\/www.mes-allocs.fr\/guides\/wp-content\/uploads\/2023\/12\/flu-shot-1719334_1280.jpg?wsr\" \/>\n\t<meta property=\"og:image:width\" content=\"1280\" \/>\n\t<meta property=\"og:image:height\" content=\"853\" \/>\n<meta name=\"twitter:card\" content=\"summary_large_image\" \/>\n<script type=\"application\/ld+json\" class=\"yoast-schema-graph\">{\"@context\":\"https:\/\/schema.org\",\"@graph\":[{\"@type\":\"WebSite\",\"@id\":\"https:\/\/www.mes-allocs.fr\/guides\/#website\",\"url\":\"https:\/\/www.mes-allocs.fr\/guides\/\",\"name\":\"Mes-Allocs.fr\",\"description\":\"\",\"potentialAction\":[{\"@type\":\"SearchAction\",\"target\":\"https:\/\/www.mes-allocs.fr\/guides\/?s={search_term_string}\",\"query-input\":\"required name=search_term_string\"}],\"inLanguage\":\"fr-FR\"},{\"@type\":\"ImageObject\",\"@id\":\"https:\/\/www.mes-allocs.fr\/guides\/ameli\/vaccination-ameli\/#primaryimage\",\"inLanguage\":\"fr-FR\",\"url\":\"https:\/\/www.mes-allocs.fr\/guides\/wp-content\/uploads\/2023\/12\/flu-shot-1719334_1280.jpg?wsr\",\"width\":1280,\"height\":853,\"caption\":\"ameli sant\\u00e9 vaccination\"},{\"@type\":\"WebPage\",\"@id\":\"https:\/\/www.mes-allocs.fr\/guides\/ameli\/vaccination-ameli\/#webpage\",\"url\":\"https:\/\/www.mes-allocs.fr\/guides\/ameli\/vaccination-ameli\/\",\"name\":\"Vaccination Ameli : calendrier et prise en charge | Mes-Allocs.fr\",\"isPartOf\":{\"@id\":\"https:\/\/www.mes-allocs.fr\/guides\/#website\"},\"primaryImageOfPage\":{\"@id\":\"https:\/\/www.mes-allocs.fr\/guides\/ameli\/vaccination-ameli\/#primaryimage\"},\"datePublished\":\"2024-02-29T13:56:40+00:00\",\"dateModified\":\"2026-04-22T09:55:10+00:00\",\"author\":{\"@id\":\"https:\/\/www.mes-allocs.fr\/guides\/#\/schema\/person\/9c38f3be41a0ddcd1e3fde5a3df713bf\"},\"description\":\"La vaccination est une composante essentielle de la sant\\u00e9 publique, contribuant \\u00e0 la pr\\u00e9vention et au contr\\u00f4le des maladies infectieuses.\",\"inLanguage\":\"fr-FR\"},{\"@type\":\"Person\",\"@id\":\"https:\/\/www.mes-allocs.fr\/guides\/#\/schema\/person\/9c38f3be41a0ddcd1e3fde5a3df713bf\",\"name\":\"Sessime Ananou\",\"image\":{\"@type\":\"ImageObject\",\"@id\":\"https:\/\/www.mes-allocs.fr\/guides\/#personlogo\",\"inLanguage\":\"fr-FR\",\"url\":\"https:\/\/www.mes-allocs.fr\/guides\/wp-content\/uploads\/2023\/08\/IMG_8173-150x150.jpg\",\"caption\":\"Sessime Ananou\"},\"description\":\"Sessime est r\\u00e9dactrice chez Mes Allocs, sp\\u00e9cialis\\u00e9e sur le pouvoir d'achat. Elle rejoint l'\\u00e9quipe Mes Allocs en ao\\u00fbt 2023 afin de simplifier l'acc\\u00e8s \\u00e0 l'information sur les aides en g\\u00e9n\\u00e9ral.\"}]}<\/script>\n<!-- \/ Yoast SEO plugin. -->","amp_validity":null,"acf":{"faq":{"1":{"question":"Quels sont les vaccins pris en charge par l'Assurance Maladie ?","answer":"L'Assurance Maladie prend en charge les vaccins du calendrier vaccinal recommand\u00e9 en France, comprenant notamment les vaccins obligatoires pour les enfants et les vaccinations recommand\u00e9es \u00e0 certaines p\u00e9riodes de la vie."},"2":{"question":"Existe-t-il un calendrier de vaccination sp\u00e9cifique pour les adultes ?","answer":"Oui, l'Assurance Maladie propose un calendrier de vaccination sp\u00e9cifique pour les adultes, incluant des rappels et des vaccinations recommand\u00e9es en fonction de l'\u00e2ge et des situations individuelles.   "},"3":{"question":"Les vaccins contre la COVID-19 sont-ils pris en charge ?","answer":"Oui, les vaccins contre la COVID-19 sont pris en charge par l'Assurance Maladie. La vaccination contre la COVID-19 est recommand\u00e9e pour l'ensemble de la population."},"4":{"question":"Comment obtenir un remboursement pour un vaccin ?","answer":"Pour obtenir le remboursement d'un vaccin, vous devez pr\u00e9senter une prescription m\u00e9dicale. Le remboursement s'effectue en fonction du taux habituel de prise en charge de l'Assurance Maladie."},"5":{"question":"Existe-t-il des vaccins non pris en charge ?","answer":"Certains vaccins, tels que les vaccins de voyage non obligatoires, peuvent ne pas \u00eatre pris en charge. Il est recommand\u00e9 de v\u00e9rifier la prise en charge sp\u00e9cifique de chaque vaccin aupr\u00e8s de votre professionnel de sant\u00e9."},"6":{"question":"Les vaccins de rappel sont-ils rembours\u00e9s ?","answer":"Oui, les vaccins de rappel recommand\u00e9s par le calendrier vaccinal sont rembours\u00e9s par l'Assurance Maladie. Il est important de maintenir \u00e0 jour ses vaccinations tout au long de la vie."},"7":{"question":"","answer":""},"8":{"question":"","answer":""},"9":{"question":"","answer":""},"10":{"question":"","answer":""},"11":{"question":"","answer":""},"12":{"question":"","answer":""},"13":{"question":"","answer":""},"14":{"question":"","answer":""},"15":{"question":"","answer":""},"16":{"question":"","answer":""}}},"_links":{"self":[{"href":"https:\/\/www.mes-allocs.fr\/guides\/wp-json\/wp\/v2\/posts\/75125","targetHints":{"allow":["GET"]}}],"collection":[{"href":"https:\/\/www.mes-allocs.fr\/guides\/wp-json\/wp\/v2\/posts"}],"about":[{"href":"https:\/\/www.mes-allocs.fr\/guides\/wp-json\/wp\/v2\/types\/post"}],"author":[{"embeddable":true,"href":"https:\/\/www.mes-allocs.fr\/guides\/wp-json\/wp\/v2\/users\/26"}],"replies":[{"embeddable":true,"href":"https:\/\/www.mes-allocs.fr\/guides\/wp-json\/wp\/v2\/comments?post=75125"}],"version-history":[{"count":6,"href":"https:\/\/www.mes-allocs.fr\/guides\/wp-json\/wp\/v2\/posts\/75125\/revisions"}],"predecessor-version":[{"id":97113,"href":"https:\/\/www.mes-allocs.fr\/guides\/wp-json\/wp\/v2\/posts\/75125\/revisions\/97113"}],"wp:featuredmedia":[{"embeddable":true,"href":"https:\/\/www.mes-allocs.fr\/guides\/wp-json\/wp\/v2\/media\/71961"}],"wp:attachment":[{"href":"https:\/\/www.mes-allocs.fr\/guides\/wp-json\/wp\/v2\/media?parent=75125"}],"wp:term":[{"taxonomy":"category","embeddable":true,"href":"https:\/\/www.mes-allocs.fr\/guides\/wp-json\/wp\/v2\/categories?post=75125"},{"taxonomy":"post_tag","embeddable":true,"href":"https:\/\/www.mes-allocs.fr\/guides\/wp-json\/wp\/v2\/tags?post=75125"}],"curies":[{"name":"wp","href":"https:\/\/api.w.org\/{rel}","templated":true}]}}