{"id":75082,"date":"2024-02-27T16:20:59","date_gmt":"2024-02-27T14:20:59","guid":{"rendered":"https:\/\/www.mes-allocs.fr\/guides\/?p=75082"},"modified":"2026-04-22T10:55:11","modified_gmt":"2026-04-22T09:55:11","slug":"carte-ameli","status":"publish","type":"post","link":"https:\/\/www.mes-allocs.fr\/guides\/ameli\/carte-ameli\/","title":{"rendered":"Comment obtenir une carte vitale Ameli ?"},"content":{"rendered":"<div id=\"attachment_47458\" style=\"width: 869px\" class=\"wp-caption alignnone\"><img loading=\"lazy\" decoding=\"async\" aria-describedby=\"caption-attachment-47458\" class=\"wp-image-47458 \" title=\"carte Ameli\" src=\"https:\/\/www.mes-allocs.fr\/guides\/wp-content\/uploads\/2022\/03\/Comment-demander-une-attestation-vitale--e1709041918852.jpg\" alt=\" carte Ameli \" width=\"859\" height=\"188\" srcset=\"https:\/\/www.mes-allocs.fr\/guides\/wp-content\/uploads\/2022\/03\/Comment-demander-une-attestation-vitale--e1709041918852.jpg 612w, https:\/\/www.mes-allocs.fr\/guides\/wp-content\/uploads\/2022\/03\/Comment-demander-une-attestation-vitale--e1709041918852-300x66.jpg 300w, https:\/\/www.mes-allocs.fr\/guides\/wp-content\/uploads\/2022\/03\/Comment-demander-une-attestation-vitale--e1709041918852-600x131.jpg 600w\" sizes=\"auto, (max-width: 859px) 100vw, 859px\" \/><p id=\"caption-attachment-47458\" class=\"wp-caption-text\"><strong><span style=\"font-size: 12pt;\">L&rsquo;obtention de la carte vitale est une \u00e9tape cruciale dans le parcours de tout assur\u00e9 social en France. Cet outil, \u00e9mis par l&rsquo;Assurance Maladie, repr\u00e9sente bien plus qu&rsquo;une simple carte plastifi\u00e9e. Comprendre le processus de demande et d&rsquo;utilisation de la carte vitale est essentiel pour profiter pleinement des avantages offerts par le syst\u00e8me de sant\u00e9 fran\u00e7ais. D\u00e9couvrons ensemble les conditions, les \u00e9tapes et les fonctionnalit\u00e9s cl\u00e9s li\u00e9es \u00e0 l&rsquo;obtention de la carte vitale. Tout savoir sur <a href=\"https:\/\/www.mes-allocs.fr\/guides\/ameli\/\">Ameli<\/a>.<\/span><\/strong><\/p><\/div>\n<p><span data-token-index=\"0\" data-reactroot=\"\"><div class='cta-block'><div class='text'>Simulez toutes vos aides en 2 min.<\/div><a href='https:\/\/www.mes-allocs.fr\/ab-app?origin=guides\/wp-json\/wp\/v2\/posts\/75082' class='app-button fit'>Simulation gratuite<\/a><\/div><\/span><\/p>\n<h1>Quelles sont les \u00e9tapes pour obtenir une carte vitale ?<\/h1>\n<h2>La constitution du dossier<\/h2>\n<p>La premi\u00e8re \u00e9tape pour obtenir votre carte vitale consiste \u00e0 rassembler les documents n\u00e9cessaires. Il vous faudra g\u00e9n\u00e9ralement fournir une photo d&rsquo;identit\u00e9, un justificatif de domicile, et parfois une copie de votre acte de naissance.<\/p>\n<p>Pour obtenir une carte vitale en France, la premi\u00e8re demande peut \u00eatre initi\u00e9e de deux mani\u00e8res : en ligne via le compte Ameli ou par voie postale en envoyant les documents n\u00e9cessaires \u00e0 la caisse primaire d\u2019assurance maladie appropri\u00e9e. Cette d\u00e9marche est gratuite, et m\u00eame pour les nouveaux arrivants en France, il est possible d&rsquo;entamer la proc\u00e9dure d\u00e8s l&rsquo;obtention du num\u00e9ro de s\u00e9curit\u00e9 sociale.<\/p>\n<p>Que ce soit par le biais du compte Ameli sur internet ou par courrier, la premi\u00e8re demande de carte vitale est une \u00e9tape importante pour b\u00e9n\u00e9ficier des services de sant\u00e9 dans le pays.<\/p>\n<p>D\u00e9couvrez aussi les d\u00e9marches pour proc\u00e9der au <a href=\"https:\/\/www.mes-allocs.fr\/guides\/ameli\/carte-ameli\/rattachement-enfant-carte-vitale\/\">rattachement de l&rsquo;enfant sur la carte vitale<\/a>.<\/p>\n<h2>L&rsquo;envoi de la demande<\/h2>\n<p>Une fois votre dossier complet, vous pouvez effectuer votre demande en ligne sur le site de l&rsquo;Assurance Maladie ou aupr\u00e8s de votre caisse locale. Vous pouvez \u00e9galement d\u00e9poser votre dossier directement \u00e0 l&rsquo;accueil de la CPAM (Caisse Primaire d&rsquo;Assurance Maladie).<\/p>\n<h2>Le traitement par l&rsquo;Assurance Maladie et le retrait de la carte vitale<\/h2>\n<p>Votre demande sera ensuite examin\u00e9e par l&rsquo;Assurance Maladie. Ils v\u00e9rifieront la conformit\u00e9 de votre dossier et proc\u00e9deront \u00e0 l&rsquo;\u00e9mission de votre carte vitale. Une fois votre carte vitale pr\u00eate, vous serez inform\u00e9 de sa disponibilit\u00e9. Vous pourrez alors la retirer \u00e0 l&rsquo;accueil de votre CPAM en pr\u00e9sentant une pi\u00e8ce d&rsquo;identit\u00e9.<\/p>\n<p><span data-token-index=\"0\" data-reactroot=\"\"><div class='cta-block'><div class='text'>Simulez toutes vos aides en 2 min.<\/div><a href='https:\/\/www.mes-allocs.fr\/ab-app?origin=guides\/wp-json\/wp\/v2\/posts\/75082' class='app-button fit'>Simulation gratuite<\/a><\/div><\/span><\/p>\n<h1><strong>Le d\u00e9lai de r\u00e9ception de la carte vitale : une d\u00e9marche rapide et efficace<\/strong><\/h1>\n<h2>La transmission \u00e9lectronique<\/h2>\n<p>Lorsque la demande de carte vitale est effectu\u00e9e en ligne via le compte Ameli, le processus est particuli\u00e8rement rapide. En g\u00e9n\u00e9ral, l&rsquo;assur\u00e9 peut s&rsquo;attendre \u00e0 recevoir sa carte vitale dans un d\u00e9lai de deux semaines suivant la transmission \u00e9lectronique de la demande \u00e0 la caisse primaire d\u2019assurance maladie.<\/p>\n<h2>La demande par courrier<\/h2>\n<p>Pour les demandes effectu\u00e9es par voie postale, le demandeur doit remplir le formulaire \u00ab Ma nouvelle carte vitale \u00bb. Il doit accompagner ce formulaire d&rsquo;une photo d&rsquo;identit\u00e9 et d&rsquo;une copie de sa carte d&rsquo;identit\u00e9. Dans ce cas, le d\u00e9lai de r\u00e9ception de la carte vitale s&rsquo;\u00e9tend g\u00e9n\u00e9ralement \u00e0 trois semaines \u00e0 compter de la r\u00e9ception du dossier complet par la caisse primaire d\u2019assurance maladie.<\/p>\n<p><b>\u00c0 noter :<\/b> la demande de la premi\u00e8re carte vitale peut \u00eatre initi\u00e9e d\u00e8s l&rsquo;\u00e2ge de 15 ans pour un enfant. Cependant, si la situation le justifie, notamment dans des circonstances particuli\u00e8res, la d\u00e9marche peut \u00eatre entreprise d\u00e8s l&rsquo;\u00e2ge de 12 ans. Il est essentiel de s&rsquo;assurer que le jeune b\u00e9n\u00e9ficie rapidement de sa carte vitale pour garantir une couverture m\u00e9dicale ad\u00e9quate.<\/p>\n<p><iframe loading=\"lazy\" title=\"L&#039;Assurance Maladie\" width=\"500\" height=\"281\" src=\"https:\/\/www.youtube.com\/embed\/MdiYHpnlAvg?feature=oembed\" frameborder=\"0\" allow=\"accelerometer; autoplay; clipboard-write; encrypted-media; gyroscope; picture-in-picture; web-share\" referrerpolicy=\"strict-origin-when-cross-origin\" allowfullscreen><\/iframe><\/p>\n<h1 id=\"54p6s\" class=\"no-inject-ads\">Comment mettre \u00e0 jour sa carte vitale ?<\/h1>\n<h2>Quelles est la dur\u00e9e de validit\u00e9 de la acrte de s\u00e9jour ?<\/h2>\n<div class=\"relative flex w-full flex-col agent-turn\">\n<div class=\"flex-col gap-1 md:gap-3\">\n<div class=\"flex flex-grow flex-col max-w-full\">\n<div class=\"min-h-[20px] text-message flex flex-col items-start gap-3 whitespace-pre-wrap break-words [.text-message+&amp;]:mt-5 overflow-x-auto\" data-message-author-role=\"assistant\" data-message-id=\"bca60a55-cc93-4795-a326-afe993fe789d\">\n<div class=\"markdown prose w-full break-words dark:prose-invert dark\">\n<p>La carte vitale,<strong> une fois d\u00e9livr\u00e9e, n&rsquo;a pas de dur\u00e9e de validit\u00e9 sp\u00e9cifique. Cependant, elle n\u00e9cessite des mises \u00e0 jour r\u00e9guli\u00e8res pour rester fonctionnelle. <\/strong><\/p>\n<p>Il est important de noter que si l&rsquo;assur\u00e9 perd ses droits aux prestations de l&rsquo;assurance maladie, la carte vitale devient inutilisable et doit \u00eatre restitu\u00e9e \u00e0 l&rsquo;organisme qui l&rsquo;a \u00e9mise. Cela souligne l&rsquo;importance de maintenir ses droits \u00e0 jour pour garantir l&rsquo;efficacit\u00e9 de la carte vitale.<\/p>\n<\/div>\n<\/div>\n<\/div>\n<\/div>\n<\/div>\n<h2 id=\"2ekk7\" class=\"no-inject-ads\">La mise \u00e0 jour sa carte vitale<\/h2>\n<p>La <strong>carte vitale doit \u00eatre mise \u00e0 jour au moins une fois par an<\/strong> et \u00e0 chaque changement de situation personnelle ou professionnelle, apr\u00e8s en avoir inform\u00e9 la caisse primaire d&rsquo;assurance maladie. Cette mise \u00e0 jour peut \u00eatre effectu\u00e9e dans une pharmacie, aupr\u00e8s de l&rsquo;organisme d&rsquo;assurance maladie ou dans certains \u00e9tablissements de sant\u00e9 tels que les h\u00f4pitaux ou les maisons m\u00e9dicales.<\/p>\n<p>Il est important de souligner que lors de voyages en Europe, l&rsquo;assur\u00e9 peut b\u00e9n\u00e9ficier de soins m\u00e9dicaux gr\u00e2ce \u00e0 sa carte europ\u00e9enne d&rsquo;assurance maladie.<\/p>\n<p><span data-token-index=\"0\" data-reactroot=\"\"><div class='cta-block'><div class='text'>Simulez toutes vos aides en 2 min.<\/div><a href='https:\/\/www.mes-allocs.fr\/ab-app?origin=guides\/wp-json\/wp\/v2\/posts\/75082' class='app-button fit'>Simulation gratuite<\/a><\/div><\/span><\/p>\n","protected":false},"excerpt":{"rendered":"<p>Quelles sont les \u00e9tapes pour obtenir une carte vitale ? La constitution du dossier La premi\u00e8re \u00e9tape pour obtenir votre carte vitale consiste \u00e0 rassembler les documents n\u00e9cessaires. Il vous faudra g\u00e9n\u00e9ralement fournir une photo d&rsquo;identit\u00e9, un justificatif de domicile, et parfois une copie de votre acte de naissance. Pour obtenir une carte vitale en [&hellip;]<\/p>\n","protected":false},"author":26,"featured_media":74976,"comment_status":"open","ping_status":"open","sticky":false,"template":"","format":"standard","meta":{"amp_status":"","footnotes":""},"categories":[31073],"tags":[],"class_list":["post-75082","post","type-post","status-publish","format-standard","has-post-thumbnail","hentry","category-ameli"],"yoast_head":"<!-- This site is optimized with the Yoast SEO plugin v14.9 - https:\/\/yoast.com\/wordpress\/plugins\/seo\/ -->\n<title>Comment obtenir une carte vitale Ameli ? | Mes-Allocs.fr<\/title>\n<meta name=\"description\" content=\"\u00c9mise par l&#039;Assurance Maladie, l&#039;obtention de la carte vitale est une \u00e9tape cruciale dans le parcours de tout assur\u00e9 social en France.\" \/>\n<meta name=\"robots\" content=\"index, follow, max-snippet:-1, max-image-preview:large, max-video-preview:-1\" \/>\n<link rel=\"canonical\" href=\"https:\/\/www.mes-allocs.fr\/guides\/ameli\/carte-ameli\/\" \/>\n<meta property=\"og:locale\" content=\"fr_FR\" \/>\n<meta property=\"og:type\" content=\"article\" \/>\n<meta property=\"og:title\" content=\"Comment obtenir une carte vitale Ameli ? | Mes-Allocs.fr\" \/>\n<meta property=\"og:description\" content=\"\u00c9mise par l&#039;Assurance Maladie, l&#039;obtention de la carte vitale est une \u00e9tape cruciale dans le parcours de tout assur\u00e9 social en France.\" \/>\n<meta property=\"og:url\" content=\"https:\/\/www.mes-allocs.fr\/guides\/ameli\/carte-ameli\/\" \/>\n<meta property=\"og:site_name\" content=\"Mes-Allocs.fr\" \/>\n<meta property=\"article:published_time\" content=\"2024-02-27T14:20:59+00:00\" \/>\n<meta property=\"article:modified_time\" content=\"2026-04-22T09:55:11+00:00\" \/>\n<meta property=\"og:image\" content=\"https:\/\/www.mes-allocs.fr\/guides\/wp-content\/uploads\/2024\/02\/mon-compte-ameli-fr-connexion-1.jpg?wsr\" \/>\n\t<meta property=\"og:image:width\" content=\"814\" \/>\n\t<meta property=\"og:image:height\" content=\"736\" \/>\n<meta name=\"twitter:card\" content=\"summary_large_image\" \/>\n<script type=\"application\/ld+json\" class=\"yoast-schema-graph\">{\"@context\":\"https:\/\/schema.org\",\"@graph\":[{\"@type\":\"WebSite\",\"@id\":\"https:\/\/www.mes-allocs.fr\/guides\/#website\",\"url\":\"https:\/\/www.mes-allocs.fr\/guides\/\",\"name\":\"Mes-Allocs.fr\",\"description\":\"\",\"potentialAction\":[{\"@type\":\"SearchAction\",\"target\":\"https:\/\/www.mes-allocs.fr\/guides\/?s={search_term_string}\",\"query-input\":\"required name=search_term_string\"}],\"inLanguage\":\"fr-FR\"},{\"@type\":\"ImageObject\",\"@id\":\"https:\/\/www.mes-allocs.fr\/guides\/ameli\/carte-ameli\/#primaryimage\",\"inLanguage\":\"fr-FR\",\"url\":\"https:\/\/www.mes-allocs.fr\/guides\/wp-content\/uploads\/2024\/02\/mon-compte-ameli-fr-connexion-1.jpg?wsr\",\"width\":814,\"height\":736,\"caption\":\"pension d\\u2019invalidit\\u00e9 pour probl\\u00e8me cardiaque\"},{\"@type\":\"WebPage\",\"@id\":\"https:\/\/www.mes-allocs.fr\/guides\/ameli\/carte-ameli\/#webpage\",\"url\":\"https:\/\/www.mes-allocs.fr\/guides\/ameli\/carte-ameli\/\",\"name\":\"Comment obtenir une carte vitale Ameli ? | Mes-Allocs.fr\",\"isPartOf\":{\"@id\":\"https:\/\/www.mes-allocs.fr\/guides\/#website\"},\"primaryImageOfPage\":{\"@id\":\"https:\/\/www.mes-allocs.fr\/guides\/ameli\/carte-ameli\/#primaryimage\"},\"datePublished\":\"2024-02-27T14:20:59+00:00\",\"dateModified\":\"2026-04-22T09:55:11+00:00\",\"author\":{\"@id\":\"https:\/\/www.mes-allocs.fr\/guides\/#\/schema\/person\/9c38f3be41a0ddcd1e3fde5a3df713bf\"},\"description\":\"\\u00c9mise par l'Assurance Maladie, l'obtention de la carte vitale est une \\u00e9tape cruciale dans le parcours de tout assur\\u00e9 social en France.\",\"inLanguage\":\"fr-FR\"},{\"@type\":\"Person\",\"@id\":\"https:\/\/www.mes-allocs.fr\/guides\/#\/schema\/person\/9c38f3be41a0ddcd1e3fde5a3df713bf\",\"name\":\"Sessime Ananou\",\"image\":{\"@type\":\"ImageObject\",\"@id\":\"https:\/\/www.mes-allocs.fr\/guides\/#personlogo\",\"inLanguage\":\"fr-FR\",\"url\":\"https:\/\/www.mes-allocs.fr\/guides\/wp-content\/uploads\/2023\/08\/IMG_8173-150x150.jpg\",\"caption\":\"Sessime Ananou\"},\"description\":\"Sessime est r\\u00e9dactrice chez Mes Allocs, sp\\u00e9cialis\\u00e9e sur le pouvoir d'achat. Elle rejoint l'\\u00e9quipe Mes Allocs en ao\\u00fbt 2023 afin de simplifier l'acc\\u00e8s \\u00e0 l'information sur les aides en g\\u00e9n\\u00e9ral.\"}]}<\/script>\n<!-- \/ Yoast SEO plugin. -->","amp_validity":null,"acf":{"faq":{"1":{"question":"Comment obtenir une carte vitale Ameli ?","answer":"La carte vitale doit \u00eatre mise \u00e0 jour au moins une fois par an et \u00e0 chaque changement de situation, personnelle ou professionnelle."},"2":{"question":"Comment puis-je b\u00e9n\u00e9ficier de soins m\u00e9dicaux en voyageant en Europe?","answer":"Lors de voyages en Europe, vous pouvez b\u00e9n\u00e9ficier de soins m\u00e9dicaux gr\u00e2ce \u00e0 votre carte europ\u00e9enne d'assurance maladie.\r\n"},"3":{"question":"Que se passe-t-il si je perds mes droits aux prestations de l'assurance maladie?","answer":"En cas de perte des droits, la carte vitale devient inutilisable et doit \u00eatre restitu\u00e9e \u00e0 l'organisme qui l'a d\u00e9livr\u00e9e."},"4":{"question":"Quelles sont les \u00e9tapes pour mettre \u00e0 jour ma carte vitale?","answer":"La carte vitale doit \u00eatre mise \u00e0 jour au moins une fois par an et \u00e0 chaque changement de situation personnelle ou professionnelle. Vous pouvez le faire dans une pharmacie, aupr\u00e8s de l'organisme d'assurance maladie ou dans certains \u00e9tablissements de sant\u00e9."},"5":{"question":"\u00c0 partir de quel \u00e2ge un enfant peut-il obtenir sa propre carte vitale?","answer":"Un enfant peut faire sa premi\u00e8re demande de carte vitale d\u00e8s l'\u00e2ge de 15 ans, voire d\u00e8s 12 ans dans certaines situations."},"6":{"question":" Quel est le d\u00e9lai pour recevoir ma carte vitale?","answer":"Apr\u00e8s avoir transmis votre demande, la carte vitale est normalement envoy\u00e9e dans un d\u00e9lai de deux semaines si la demande est faite en ligne. En cas de demande par courrier, cela peut prendre jusqu'\u00e0 trois semaines."},"7":{"question":"","answer":""},"8":{"question":"","answer":""},"9":{"question":"","answer":""},"10":{"question":"","answer":""},"11":{"question":"","answer":""},"12":{"question":"","answer":""},"13":{"question":"","answer":""},"14":{"question":"","answer":""},"15":{"question":"","answer":""},"16":{"question":"","answer":""}}},"_links":{"self":[{"href":"https:\/\/www.mes-allocs.fr\/guides\/wp-json\/wp\/v2\/posts\/75082","targetHints":{"allow":["GET"]}}],"collection":[{"href":"https:\/\/www.mes-allocs.fr\/guides\/wp-json\/wp\/v2\/posts"}],"about":[{"href":"https:\/\/www.mes-allocs.fr\/guides\/wp-json\/wp\/v2\/types\/post"}],"author":[{"embeddable":true,"href":"https:\/\/www.mes-allocs.fr\/guides\/wp-json\/wp\/v2\/users\/26"}],"replies":[{"embeddable":true,"href":"https:\/\/www.mes-allocs.fr\/guides\/wp-json\/wp\/v2\/comments?post=75082"}],"version-history":[{"count":9,"href":"https:\/\/www.mes-allocs.fr\/guides\/wp-json\/wp\/v2\/posts\/75082\/revisions"}],"predecessor-version":[{"id":97127,"href":"https:\/\/www.mes-allocs.fr\/guides\/wp-json\/wp\/v2\/posts\/75082\/revisions\/97127"}],"wp:featuredmedia":[{"embeddable":true,"href":"https:\/\/www.mes-allocs.fr\/guides\/wp-json\/wp\/v2\/media\/74976"}],"wp:attachment":[{"href":"https:\/\/www.mes-allocs.fr\/guides\/wp-json\/wp\/v2\/media?parent=75082"}],"wp:term":[{"taxonomy":"category","embeddable":true,"href":"https:\/\/www.mes-allocs.fr\/guides\/wp-json\/wp\/v2\/categories?post=75082"},{"taxonomy":"post_tag","embeddable":true,"href":"https:\/\/www.mes-allocs.fr\/guides\/wp-json\/wp\/v2\/tags?post=75082"}],"curies":[{"name":"wp","href":"https:\/\/api.w.org\/{rel}","templated":true}]}}