{"id":7504,"date":"2020-06-25T08:25:38","date_gmt":"2020-06-25T08:25:38","guid":{"rendered":"https:\/\/www.mes-allocs.fr\/guides\/?p=7504"},"modified":"2026-04-02T14:35:29","modified_gmt":"2026-04-02T13:35:29","slug":"cumul-prime-activite","status":"publish","type":"post","link":"https:\/\/www.mes-allocs.fr\/guides\/prime-d-activite\/cumul-prime-activite\/","title":{"rendered":"Avec quelles aides peut-on cumuler la prime d&rsquo;activit\u00e9 en 2026 ?"},"content":{"rendered":"<p><img loading=\"lazy\" decoding=\"async\" class=\"alignnone size-full wp-image-7514\" src=\"https:\/\/www.mes-allocs.fr\/guides\/wp-content\/uploads\/2020\/05\/A0033617-1F24-4741-B8DD-B86B9FD75C3E-e1590507919122.jpeg\" alt=\"cumul prime d'activit\u00e9\" width=\"1280\" height=\"396\" \/><\/p>\n<p style=\"text-align: justify;\"><span style=\"font-weight: 400;\">[Mis \u00e0 jour le 02\/04\/2026]<\/span> La <a href=\"https:\/\/www.mes-allocs.fr\/guides\/prime-d-activite\">prime d&rsquo;activit\u00e9<\/a> est une aide financi\u00e8re visant \u00e0 apporter un soutien pour les travailleurs. Le montant de la prime varie selon les foyers. Elle est destin\u00e9e aux travailleurs ayant un revenu modeste et vise \u00e0 les aider le mieux possible. D\u00e9couvrez ici toutes les aides avec lesquelles on peut cumuler la prime d&rsquo;activit\u00e9 en 2026.<\/p>\n<div class='cta-block'><div class='text'>Simulez votre prime d&rsquo;activit\u00e9 en 2 min. <\/div><a href='https:\/\/www.mes-allocs.fr\/ab-app?origin=guides\/wp-json\/wp\/v2\/posts\/7504' class='app-button fit'>Simulation gratuite<\/a><\/div>\n<h1>Peut-on cumuler la prime d&rsquo;activit\u00e9 et les allocations ch\u00f4mage ?<\/h1>\n<p style=\"text-align: justify;\">Comme son nom l&rsquo;indique, la prime d&rsquo;activit\u00e9 est faite pour les travailleurs, donc par d\u00e9finition un demandeur d&#8217;emploi n&rsquo;y a pas droit, sauf s&rsquo;il travaille et qu&rsquo;en m\u00eame temps, il touche des allocations ch\u00f4mage. Il existe diff\u00e9rents cas de figure o\u00f9 les deux aides sont cumulables.<\/p>\n<h2 style=\"text-align: justify;\">Trois mois suivant la perte d&#8217;emploi<\/h2>\n<p style=\"text-align: justify;\">La prime \u00e9tant bas\u00e9e sur les trois mois pr\u00e9c\u00e9dents, il est possible de la demander au d\u00e9but de votre inscription au ch\u00f4mage, sur la base des 3 derniers mois d&rsquo;activit\u00e9 que vous avez eus. Dans ce cas, vous percevrez, durant les trois mois suivants la perte de votre emploi, la prime et les allocations ch\u00f4mage. Il faut, bien \u00e9videmment, y \u00eatre \u00e9ligible pour l&rsquo;avoir.<\/p>\n<h2>Au-del\u00e0 des trois mois, en travaillant \u00e0 temps partiel<\/h2>\n<p style=\"text-align: justify;\">Dans le second cas, au-del\u00e0 des 3 mois suivant la perte de votre emploi, vous pouvez <a href=\"https:\/\/www.mes-allocs.fr\/guides\/prime-d-activite\/prime-d-activite-et-chomage\/\">cumuler ch\u00f4mage et prime d&rsquo;activit\u00e9<\/a> si vous continuez \u00e0 percevoir des revenus d&rsquo;activit\u00e9 en parall\u00e8le de votre recherche (par exemple, si vous travaillez \u00e0 temps partiel). Dans ce cas, vous avez potentiellement droit \u00e0 la prime d&rsquo;activit\u00e9.<\/p>\n<p style=\"text-align: justify;\">Cependant, il faut tout de m\u00eame respecter quelques r\u00e8gles :<\/p>\n<ul>\n<li style=\"text-align: justify;\">Les ressources du foyer ne doivent pas d\u00e9passer les plafonds de ressources pour obtenir la prime activit\u00e9,<\/li>\n<li>Votre allocation ch\u00f4mage ne doit pas d\u00e9passer le montant de la prime activit\u00e9 que vous obtiendriez si vous ne b\u00e9n\u00e9ficiez pas de l\u2019ARE (aide au retour \u00e0 l&#8217;emploi).<\/li>\n<\/ul>\n<h2>Peut-on b\u00e9n\u00e9ficier de la prime d&rsquo;activit\u00e9 et du ch\u00f4mage partiel ?<\/h2>\n<p>Le ch\u00f4mage partiel est un dispositif qui permet \u00e0 un employeur en difficult\u00e9 de faire prendre en charge le co\u00fbt de la r\u00e9mun\u00e9ration de ses salari\u00e9s. Il peut s&rsquo;agir d&rsquo;une partie du co\u00fbt ou du co\u00fbt total. Ce dispositif a \u00e9t\u00e9 beaucoup utilis\u00e9 lors des fermetures d&rsquo;entreprises li\u00e9es \u00e0 la crise du coronavirus.<\/p>\n<p>Le cumul prime d&rsquo;activit\u00e9 et ch\u00f4mage partiel est principalement destin\u00e9 aux personnes touchant entre <strong>0,25 fois\u00a0<\/strong>et <strong>1,3 fois<\/strong> le Smic.<\/p>\n<p>Ainsi, vous \u00eates \u00e9ligible \u00e0 la prime d\u2019activit\u00e9 si vous travaillez :<\/p>\n<ul>\n<li>\u00e0 temps plein,<\/li>\n<li>\u00e0 temps partiel,<\/li>\n<li>ou \u00e0 quart temps.<\/li>\n<\/ul>\n<p><strong><span class=\"st\">\u00c0 noter : vous devez d\u00e9clarer vos revenus du ch\u00f4mage partiel dans votre d\u00e9claration trimestrielle.<\/span><\/strong><\/p>\n<p data-start=\"0\" data-end=\"164\">Depuis le 1\u1d49\u02b3 mars 2025, la d\u00e9claration trimestrielle de l<strong>a prime d\u2019activit\u00e9 devient pr\u00e9-remplie<\/strong>, ce qui simplifie le processus. La CAF reprend automatiquement certaines informations \u00e0 partir des revenus d\u00e9clar\u00e9s auparavant, r\u00e9duisant ainsi les erreurs et acc\u00e9l\u00e9rant le traitement de votre demande. Toutefois, il reste important de v\u00e9rifier et de valider les informations pour \u00e9viter toute erreur qui pourrait affecter le montant de l\u2019aide.<\/p>\n<p data-start=\"0\" data-end=\"164\">Depuis mars 2025, la p\u00e9riode \u00e0 d\u00e9clarer correspond aux tr<strong>ois mois pr\u00e9c\u00e9dant la demande : par exemple, en mars, vous devez d\u00e9clarer vos revenus des mois de novembre, d\u00e9cembre et janvier (et non plus d\u00e9cembre, janvier, f\u00e9vrier)<\/strong>. Cette nouvelle organisation facilite la gestion de votre dossier et rend la d\u00e9claration plus pr\u00e9cise.<\/p>\n<div class='cta-block'><div class='text'>Simulez votre prime d&rsquo;activit\u00e9 en 2 min. <\/div><a href='https:\/\/www.mes-allocs.fr\/ab-app?origin=guides\/wp-json\/wp\/v2\/posts\/7504' class='app-button fit'>Simulation gratuite<\/a><\/div>\n<p>&nbsp;<\/p>\n<p><iframe loading=\"lazy\" title=\"La prime d&#039;activit\u00e9\" width=\"500\" height=\"281\" src=\"https:\/\/www.youtube.com\/embed\/uavbovK5ZXc?feature=oembed\" frameborder=\"0\" allow=\"accelerometer; autoplay; clipboard-write; encrypted-media; gyroscope; picture-in-picture; web-share\" referrerpolicy=\"strict-origin-when-cross-origin\" allowfullscreen><\/iframe><\/p>\n<h1>Peut-on cumuler prime d&rsquo;activit\u00e9 et RSA en 2026 ?<\/h1>\n<p style=\"text-align: justify;\">Cela fait maintenant quatre ans que la prime d&rsquo;activit\u00e9 a \u00e9t\u00e9 mise en place et remplace le RSA activit\u00e9. Cependant, il reste toujours le RSA socle.<\/p>\n<p style=\"text-align: justify;\">Qu&rsquo;est-ce que c&rsquo;est ? le revenu de solidarit\u00e9 active est destin\u00e9 aux personnes avec de faibles ressources. Les jeunes de moins de 25 ans peuvent \u00e9galement b\u00e9n\u00e9ficier d&rsquo;un RSA jeune.<\/p>\n<p style=\"text-align: justify;\">Il est donc possible de percevoir les deux aides dans diff\u00e9rents sc\u00e9narios. \u00c0 noter que lors de votre demande de RSA, la CAF examine vos droits \u00e0 la prime d&rsquo;activit\u00e9, en parall\u00e8le, sans que vous n&rsquo;ayez \u00e0 faire quoi que ce soit.<\/p>\n<h2>Les crit\u00e8res \u00e0 respecter pour cumuler ces deux aides<\/h2>\n<p style=\"text-align: justify;\">Pour pouvoir cumuler ces deux aides, vous devez respecter quelques crit\u00e8res.<\/p>\n<p style=\"text-align: justify;\">Les personnes sans emploi et en fin de droit pour l&rsquo;allocation ch\u00f4mage peuvent b\u00e9n\u00e9ficier du RSA. N&rsquo;ayant pas re\u00e7u de revenus professionnels sur trois derniers mois, il n&rsquo;est donc pas possible de b\u00e9n\u00e9ficier de la prime. Cependant, les droits RSA seront examin\u00e9s.<\/p>\n<p style=\"text-align: justify;\">Si en revanche vous avez per\u00e7u des revenus professionnels au cours des trois mois pr\u00e9c\u00e9dents votre demande de RSA, vous pouvez <a href=\"https:\/\/www.mes-allocs.fr\/guides\/prime-d-activite\/cumul-prime-dactivite\/cumuler-prime-d-activite-et-rsa\/\">cumuler la prime d&rsquo;activit\u00e9 et le RSA<\/a> en fonction du niveau de vos revenus per\u00e7us (ces revenus doivent \u00eatre inf\u00e9rieurs au montant du RSA maximal). Si au contraire vous n&rsquo;avez pas per\u00e7u de revenus sur les 3 derniers mois, seul le RSA peut \u00eatre accord\u00e9.<\/p>\n<h2 id=\"Prime_activit\u00e9_et_RSA_pour_les_personnes\u00a0en_fin_de_contrat_sans_droit_ch\u00f4mage\">Pour les personnes en fin de contrat<\/h2>\n<p>Si votre contrat se termine et que vous ne pouvez pas b\u00e9n\u00e9ficier de l&rsquo;allocations de ch\u00f4mage (il faut avoir travaill\u00e9 au minimum 910 heures), vous pouvez peut-\u00eatre avoir droit \u00e0 la prime d&rsquo;activit\u00e9. Tout d\u00e9pend de la composition de votre foyer et de vos revenus sur les 3 derniers mois.<\/p>\n<h2>Pour les travailleurs ponctuels<\/h2>\n<p style=\"text-align: justify;\">Ceci est destin\u00e9 aux personnes, sans emploi, qui ont retrouv\u00e9 une activit\u00e9 professionnelle et qui per\u00e7oivent le RSA socle. Il est possible de recevoir int\u00e9gralement le RSA ainsi qu&rsquo;un salaire.<\/p>\n<p style=\"text-align: justify;\">Par exemple, une personne retrouve du travail du 1er au 31 mars et per\u00e7oit un salaire de 800\u2009\u20ac. Il faut signaler ce changement \u00e0 la CAF de suite. Le travailleur pourra percevoir l&rsquo;int\u00e9gralit\u00e9 de son RSA et son salaire jusqu&rsquo;\u00e0 la prochaine d\u00e9claration trimestrielle (d\u00e9sormais pr\u00e9-rempllie), o\u00f9 ses droits seront r\u00e9\u00e9valu\u00e9s.<\/p>\n<p style=\"text-align: justify;\">Comme indiqu\u00e9 plus haut, la CAF examine automatiquement vos droits pour la prime d&rsquo;activit\u00e9 puisqu&rsquo;il y&rsquo;a eu des revenus. Dans l&rsquo;exemple, le travailleur pourra percevoir 71\u20ac de de prime d&rsquo;activit\u00e9, en plus du RSA et, ce, durant trois mois.<\/p>\n<h1>Peut-on cumuler prime d&rsquo;activit\u00e9 et APL en 2026 ?<\/h1>\n<p style=\"text-align: justify;\">Il y a beaucoup de questions autour des APL. Cette aide est un forfait logement ajout\u00e9 \u00e0 vos ressources selon votre situation financi\u00e8re et familiale (nombre d&rsquo;enfants \u00e0 charge, etc.).<\/p>\n<p style=\"text-align: justify;\">Pour savoir si oui ou non vous \u00eates \u00e9ligibles \u00e0 la prime d&rsquo;activit\u00e9, il y a diff\u00e9rentes ressources prises en compte. Notamment les APL. Il faut savoir que<strong> l&rsquo;int\u00e9gralit\u00e9 de vos APL ne sont pas pris en compte<\/strong>. Seul un montant forfaitaire est pris en compte, en fonction du nombre de personnes constituant votre foyer :<\/p>\n\n<div class=\"wpdt-c row wpDataTableContainerSimpleTable wpDataTables wpDataTablesWrapper\n\"\n    >\n    <table id=\"wpdtSimpleTable-554\"\n           class=\"wpdtSimpleTable wpDataTable\"\n           data-column=\"2\"\n           data-rows=\"4\"\n           data-wpID=\"554\"\n           data-responsive=\"0\"\n           data-has-header=\"1\">\n\n                    <thead>        <tr class=\"wpdt-cell-row \" >\n                            <th class=\"wpdt-cell wpdt-bc-F3F9FE\"\n                                    data-cell-id=\"A1\"\n                data-col-index=\"0\"\n                data-row-index=\"0\"\n                style=\" width:48.571428571429%;                padding:10px;\"\n                >\n                                Nombre de personnes dans le foyer                <\/th>\n                                            <th class=\"wpdt-cell wpdt-bc-F3F9FE\"\n                                    data-cell-id=\"B1\"\n                data-col-index=\"1\"\n                data-row-index=\"0\"\n                style=\" width:51.428571428571%;                padding:10px;\"\n                >\n                                Forfait logement                <\/th>\n                                        <\/tr>\n                    <tbody>        <tr class=\"wpdt-cell-row \" >\n                            <td class=\"wpdt-cell wpdt-bc-F3F9FE\"\n                                    data-cell-id=\"A2\"\n                data-col-index=\"0\"\n                data-row-index=\"1\"\n                style=\"                padding:10px;\"\n                >\n                                1                <\/td>\n                                            <td class=\"wpdt-cell wpdt-bc-F3F9FE\"\n                                    data-cell-id=\"B2\"\n                data-col-index=\"1\"\n                data-row-index=\"1\"\n                style=\"                padding:10px;\"\n                >\n                                76,59\u20ac                <\/td>\n                                        <\/tr>\n                            <tr class=\"wpdt-cell-row \" >\n                            <td class=\"wpdt-cell wpdt-bc-F3F9FE\"\n                                    data-cell-id=\"A3\"\n                data-col-index=\"0\"\n                data-row-index=\"2\"\n                style=\"                padding:10px;\"\n                >\n                                2                <\/td>\n                                            <td class=\"wpdt-cell wpdt-bc-F3F9FE\"\n                                    data-cell-id=\"B3\"\n                data-col-index=\"1\"\n                data-row-index=\"2\"\n                style=\"                padding:10px;\"\n                >\n                                153,19 \u20ac                <\/td>\n                                        <\/tr>\n                            <tr class=\"wpdt-cell-row \" >\n                            <td class=\"wpdt-cell wpdt-bc-F3F9FE\"\n                                    data-cell-id=\"A4\"\n                data-col-index=\"0\"\n                data-row-index=\"3\"\n                style=\"                padding:10px;\"\n                >\n                                3 ou plus                <\/td>\n                                            <td class=\"wpdt-cell wpdt-bc-F3F9FE\"\n                                    data-cell-id=\"B4\"\n                data-col-index=\"1\"\n                data-row-index=\"3\"\n                style=\"                padding:10px;\"\n                >\n                                189,57 \u20ac                <\/td>\n                                        <\/tr>\n                    <\/table>\n<\/div><style id='wpdt-custom-style-554'>\ntable#wpdtSimpleTable-554{ table-layout: fixed !important; }\n.wpdt-bc-F3F9FE { background-color: #F3F9FE !important;}\n<\/style>\n\n<p style=\"text-align: justify;\">Ces forfaits logements s&rsquo;appliquent \u00e0 plusieurs aides diff\u00e9rentes, notamment le RSA et la Compl\u00e9mentaire Sant\u00e9 Solidaire. Ils ont \u00e9t\u00e9 cr\u00e9es pour un soucis d&rsquo;\u00e9quit\u00e9. En effet, il faut \u00e9galiser les aides entre les personnes qui per\u00e7oivent les APL et ceux qui paient leur loyer, sans aide.<\/p>\n<p style=\"text-align: justify;\">\u00c0 noter : lors de votre demande, vous n&rsquo;avez pas \u00e0 indiquer l&rsquo;APL que vous percevez, la CAF le prend en compte automatiquement dans son calcul.<\/p>\n<h2><\/h2>\n<p>Si vous \u00eates en dessous des plafonds et que vous souhaitez faire une demande, il vous suffit de vous rendre sur votre espace personnel de la CAF. Autrement, vous pouvez <a href=\"https:\/\/www.mes-allocs.fr\/paiement\/\" target=\"_blank\" rel=\"noopener noreferrer\">souscrire \u00e0 notre service d&rsquo;accompagnement<\/a> pour qu&rsquo;un expert de notre \u00e9quipe vous assiste dans vos d\u00e9marches.<\/p>\n<p>&nbsp;<\/p>\n<div class='cta-block'><div class='text'>Simulez votre prime d&rsquo;activit\u00e9 en 2 min. <\/div><a href='https:\/\/www.mes-allocs.fr\/ab-app?origin=guides\/wp-json\/wp\/v2\/posts\/7504' class='app-button fit'>Simulation gratuite<\/a><\/div>\n","protected":false},"excerpt":{"rendered":"<p>[Mis \u00e0 jour le 02\/04\/2026] La prime d&rsquo;activit\u00e9 est une aide financi\u00e8re visant \u00e0 apporter un soutien pour les travailleurs. Le montant de la prime varie selon les foyers. Elle est destin\u00e9e aux travailleurs ayant un revenu modeste et vise \u00e0 les aider le mieux possible. D\u00e9couvrez ici toutes les aides avec lesquelles on peut [&hellip;]<\/p>\n","protected":false},"author":7,"featured_media":7514,"comment_status":"open","ping_status":"open","sticky":false,"template":"","format":"standard","meta":{"amp_status":"","footnotes":""},"categories":[20],"tags":[],"class_list":["post-7504","post","type-post","status-publish","format-standard","has-post-thumbnail","hentry","category-prime-d-activite"],"yoast_head":"<!-- This site is optimized with the Yoast SEO plugin v14.9 - https:\/\/yoast.com\/wordpress\/plugins\/seo\/ -->\n<title>Avec quelles aides peut-on cumuler la prime d&#039;activit\u00e9 en 2026 ? | Mes-Allocs.fr<\/title>\n<meta name=\"description\" content=\"Est-il possible de cumuler la prime d&#039;activit\u00e9 avec d&#039;autres aides en 2026 ? Mes Allocs vous l&#039;explique dans cet article.\" \/>\n<meta name=\"robots\" content=\"index, follow, max-snippet:-1, max-image-preview:large, max-video-preview:-1\" \/>\n<link rel=\"canonical\" href=\"https:\/\/www.mes-allocs.fr\/guides\/prime-d-activite\/cumul-prime-activite\/\" \/>\n<meta property=\"og:locale\" content=\"fr_FR\" \/>\n<meta property=\"og:type\" content=\"article\" \/>\n<meta property=\"og:title\" content=\"Avec quelles aides peut-on cumuler la prime d&#039;activit\u00e9 en 2026 ? | Mes-Allocs.fr\" \/>\n<meta property=\"og:description\" content=\"Est-il possible de cumuler la prime d&#039;activit\u00e9 avec d&#039;autres aides en 2026 ? Mes Allocs vous l&#039;explique dans cet article.\" \/>\n<meta property=\"og:url\" content=\"https:\/\/www.mes-allocs.fr\/guides\/prime-d-activite\/cumul-prime-activite\/\" \/>\n<meta property=\"og:site_name\" content=\"Mes-Allocs.fr\" \/>\n<meta property=\"article:published_time\" content=\"2020-06-25T08:25:38+00:00\" \/>\n<meta property=\"article:modified_time\" content=\"2026-04-02T13:35:29+00:00\" \/>\n<meta property=\"og:image\" content=\"https:\/\/www.mes-allocs.fr\/guides\/wp-content\/uploads\/2020\/05\/A0033617-1F24-4741-B8DD-B86B9FD75C3E-e1685369935590.jpeg?wsr\" \/>\n\t<meta property=\"og:image:width\" content=\"1280\" \/>\n\t<meta property=\"og:image:height\" content=\"198\" \/>\n<meta name=\"twitter:card\" content=\"summary_large_image\" \/>\n<script type=\"application\/ld+json\" class=\"yoast-schema-graph\">{\"@context\":\"https:\/\/schema.org\",\"@graph\":[{\"@type\":\"WebSite\",\"@id\":\"https:\/\/www.mes-allocs.fr\/guides\/#website\",\"url\":\"https:\/\/www.mes-allocs.fr\/guides\/\",\"name\":\"Mes-Allocs.fr\",\"description\":\"\",\"potentialAction\":[{\"@type\":\"SearchAction\",\"target\":\"https:\/\/www.mes-allocs.fr\/guides\/?s={search_term_string}\",\"query-input\":\"required name=search_term_string\"}],\"inLanguage\":\"fr-FR\"},{\"@type\":\"ImageObject\",\"@id\":\"https:\/\/www.mes-allocs.fr\/guides\/prime-d-activite\/cumul-prime-activite\/#primaryimage\",\"inLanguage\":\"fr-FR\",\"url\":\"https:\/\/www.mes-allocs.fr\/guides\/wp-content\/uploads\/2020\/05\/A0033617-1F24-4741-B8DD-B86B9FD75C3E-e1685369935590.jpeg?wsr\",\"width\":1280,\"height\":198,\"caption\":\"A0033617 1F24 4741 B8DD B86B9FD75C3E e1590507919122\"},{\"@type\":\"WebPage\",\"@id\":\"https:\/\/www.mes-allocs.fr\/guides\/prime-d-activite\/cumul-prime-activite\/#webpage\",\"url\":\"https:\/\/www.mes-allocs.fr\/guides\/prime-d-activite\/cumul-prime-activite\/\",\"name\":\"Avec quelles aides peut-on cumuler la prime d'activit\\u00e9 en 2026 ? | Mes-Allocs.fr\",\"isPartOf\":{\"@id\":\"https:\/\/www.mes-allocs.fr\/guides\/#website\"},\"primaryImageOfPage\":{\"@id\":\"https:\/\/www.mes-allocs.fr\/guides\/prime-d-activite\/cumul-prime-activite\/#primaryimage\"},\"datePublished\":\"2020-06-25T08:25:38+00:00\",\"dateModified\":\"2026-04-02T13:35:29+00:00\",\"author\":{\"@id\":\"https:\/\/www.mes-allocs.fr\/guides\/#\/schema\/person\/1c4837d5703727cb02ce84583b5a44aa\"},\"description\":\"Est-il possible de cumuler la prime d'activit\\u00e9 avec d'autres aides en 2026 ? Mes Allocs vous l'explique dans cet article.\",\"inLanguage\":\"fr-FR\"},{\"@type\":\"Person\",\"@id\":\"https:\/\/www.mes-allocs.fr\/guides\/#\/schema\/person\/1c4837d5703727cb02ce84583b5a44aa\",\"name\":\"Fabiola\",\"image\":{\"@type\":\"ImageObject\",\"@id\":\"https:\/\/www.mes-allocs.fr\/guides\/#personlogo\",\"inLanguage\":\"fr-FR\",\"url\":\"https:\/\/www.mes-allocs.fr\/guides\/wp-content\/uploads\/2021\/06\/fabiola-150x150.png\",\"caption\":\"Fabiola\"},\"description\":\"Fabiola est r\\u00e9dactrice au sein de l'\\u00e9quipe Mes Allocs, sp\\u00e9cialis\\u00e9e en sciences politiques et affaires publiques. Dipl\\u00f4m\\u00e9e de l'HEIP, elle rejoint Mes Allocs apr\\u00e8s une premi\\u00e8re exp\\u00e9rience \\u00e0 l'Assembl\\u00e9e Nationale.\",\"sameAs\":[\"https:\/\/www.linkedin.com\/in\/cecilia-philippe-b-8a8085195\"]}]}<\/script>\n<!-- \/ Yoast SEO plugin. -->","amp_validity":null,"acf":{"faq":{"1":{"question":"Quel plafond de ressources pour toucher la prime d'activit\u00e9 ?","answer":"Environ 2.790\u20ac pour le plafond prime d'activit\u00e9 pour un couple sans enfant avec un des conjoints ne disposant pas d'emploi.\r\nEnviron 1.790\u20ac par mois pour une personne seule sans enfant.\r\n"},"2":{"question":"Qui a droit \u00e0 la prime d'activit\u00e9 ? ","answer":"La prime d'activit\u00e9 est destin\u00e9e \u00e0 tous ceux qui travaillent mais gagnent moins 2 000\u20ac par mois. Calcul r\u00e9alis\u00e9 pour une personne vivant seule sans enfant.\r\n"},"3":{"question":"La prime d'activit\u00e9 est-elle cumulable avec d'autres aides ? ","answer":"Oui vous pouvez tout \u00e0 fait cumuler d'autres aides en plus de la prime d'activit\u00e9. Les aides vers\u00e9es par la Caisse d'allocations familiales sont cumulables, l'APL par exemple est directement int\u00e9gr\u00e9 au calcul et consid\u00e9r\u00e9 comme \"prestations familiales\""},"4":{"question":"Les retrait\u00e9s peuvent toucher la prime d'activit\u00e9 ? ","answer":"SI vous \u00eates en couple et mari\u00e9 mais que votre conjoint est \u00e9galement \u00e0 la retraite vous ne pouvez pas pr\u00e9tendre \u00e0 la prime d'activit\u00e9. Mais si vous travaillez en plus de toucher votre retraite il est possible dans certains cas de toucher la prime d'activit\u00e9. "},"5":{"question":"Est-ce que ma prime d'activit\u00e9 si je touche l'APL ? ","answer":"Si vous toucher des APL, le montant per\u00e7u sera d\u00e9duit sous forme de forfait de votre prime d'activit\u00e9"},"6":{"question":"Quelles sont les conditions li\u00e9es \u00e0 la Prime d'Activit\u00e9 ? ","answer":"Pour avoir droit \u00e0 la prime d'activit\u00e9, vous devez remplir l'ensemble des conditions suivantes : avoir une activit\u00e9 professionnelle (salari\u00e9e ou non) et percevoir des revenus modestes, r\u00e9sider en France de mani\u00e8re stable et effective, \u00eatre en s\u00e9jour r\u00e9gulier. Faites <a href=\"https:\/\/www.mes-allocs.fr\/simulation-aides\">la simulation gratuite<\/a> directement sur le site de Mes Allocs pour conna\u00eetre tous vos droits d'\u00e9ligibilit\u00e9s."},"7":{"question":"","answer":""},"8":{"question":"","answer":""},"9":{"question":"","answer":""},"10":{"question":"","answer":""},"11":{"question":"","answer":""},"12":{"question":"","answer":""},"13":{"question":"","answer":""},"14":{"question":"","answer":""},"15":{"question":"","answer":""},"16":{"question":"","answer":""}}},"_links":{"self":[{"href":"https:\/\/www.mes-allocs.fr\/guides\/wp-json\/wp\/v2\/posts\/7504","targetHints":{"allow":["GET"]}}],"collection":[{"href":"https:\/\/www.mes-allocs.fr\/guides\/wp-json\/wp\/v2\/posts"}],"about":[{"href":"https:\/\/www.mes-allocs.fr\/guides\/wp-json\/wp\/v2\/types\/post"}],"author":[{"embeddable":true,"href":"https:\/\/www.mes-allocs.fr\/guides\/wp-json\/wp\/v2\/users\/7"}],"replies":[{"embeddable":true,"href":"https:\/\/www.mes-allocs.fr\/guides\/wp-json\/wp\/v2\/comments?post=7504"}],"version-history":[{"count":53,"href":"https:\/\/www.mes-allocs.fr\/guides\/wp-json\/wp\/v2\/posts\/7504\/revisions"}],"predecessor-version":[{"id":111392,"href":"https:\/\/www.mes-allocs.fr\/guides\/wp-json\/wp\/v2\/posts\/7504\/revisions\/111392"}],"wp:featuredmedia":[{"embeddable":true,"href":"https:\/\/www.mes-allocs.fr\/guides\/wp-json\/wp\/v2\/media\/7514"}],"wp:attachment":[{"href":"https:\/\/www.mes-allocs.fr\/guides\/wp-json\/wp\/v2\/media?parent=7504"}],"wp:term":[{"taxonomy":"category","embeddable":true,"href":"https:\/\/www.mes-allocs.fr\/guides\/wp-json\/wp\/v2\/categories?post=7504"},{"taxonomy":"post_tag","embeddable":true,"href":"https:\/\/www.mes-allocs.fr\/guides\/wp-json\/wp\/v2\/tags?post=7504"}],"curies":[{"name":"wp","href":"https:\/\/api.w.org\/{rel}","templated":true}]}}