{"id":74437,"date":"2024-02-13T10:49:32","date_gmt":"2024-02-13T08:49:32","guid":{"rendered":"https:\/\/www.mes-allocs.fr\/guides\/?p=74437"},"modified":"2026-04-22T10:55:15","modified_gmt":"2026-04-22T09:55:15","slug":"le-bilan-de-sante-qui-peut-en-beneficier","status":"publish","type":"post","link":"https:\/\/www.mes-allocs.fr\/guides\/ameli\/le-bilan-de-sante-qui-peut-en-beneficier\/","title":{"rendered":"Le bilan de sant\u00e9 : qui peut en b\u00e9n\u00e9ficier ?"},"content":{"rendered":"<p><img loading=\"lazy\" decoding=\"async\" class=\"alignnone wp-image-74438 size-full\" title=\"Le bilan de sant\u00e9 : qui peut en b\u00e9n\u00e9ficier ?\" src=\"https:\/\/www.mes-allocs.fr\/guides\/wp-content\/uploads\/2024\/02\/stethoscope-6497490_1280-e1707814093574.jpg\" alt=\"Le bilan de sant\u00e9 : qui peut en b\u00e9n\u00e9ficier ? \" width=\"1280\" height=\"320\" srcset=\"https:\/\/www.mes-allocs.fr\/guides\/wp-content\/uploads\/2024\/02\/stethoscope-6497490_1280-e1707814093574.jpg 1280w, https:\/\/www.mes-allocs.fr\/guides\/wp-content\/uploads\/2024\/02\/stethoscope-6497490_1280-e1707814093574-300x75.jpg 300w, https:\/\/www.mes-allocs.fr\/guides\/wp-content\/uploads\/2024\/02\/stethoscope-6497490_1280-e1707814093574-1024x256.jpg 1024w, https:\/\/www.mes-allocs.fr\/guides\/wp-content\/uploads\/2024\/02\/stethoscope-6497490_1280-e1707814093574-768x192.jpg 768w, https:\/\/www.mes-allocs.fr\/guides\/wp-content\/uploads\/2024\/02\/stethoscope-6497490_1280-e1707814093574-600x150.jpg 600w\" sizes=\"auto, (max-width: 1280px) 100vw, 1280px\" \/><\/p>\n<p><strong>Parmi<a href=\"https:\/\/www.mes-allocs.fr\/guides\/ameli\/\"> les services de sant\u00e9 gratuits<\/a> disponibles en France, l&rsquo;examen de pr\u00e9vention en sant\u00e9 est offert par la CPAM \u00e0 tous les affili\u00e9s au r\u00e9gime g\u00e9n\u00e9ral, ainsi qu&rsquo;\u00e0 leurs ayants droit, et par la MSA aux affili\u00e9s du r\u00e9gime agricole. Il s&rsquo;agit d&rsquo;un bilan de sant\u00e9 enti\u00e8rement gratuit qui s&rsquo;inscrit dans la strat\u00e9gie de gestion des risques, notamment en mati\u00e8re de pr\u00e9vention et de d\u00e9pistage.<\/strong><\/p>\n<div class='cta-block'><div class='text'>Simulez toutes vos Aides en 2 min.<\/div><a href='https:\/\/www.mes-allocs.fr\/ab-app?origin=guides\/wp-json\/wp\/v2\/posts\/74437' class='app-button fit'>Simulation gratuite<\/a><\/div>\n<h1><strong>Qui peut avoir un bilan de sant\u00e9 gratuit ?\u00a0<\/strong><\/h1>\n<p><span style=\"font-weight: 400;\">L&rsquo;examen de pr\u00e9vention en sant\u00e9 organis\u00e9 par la CPAM vise principalement les personnes qui sont \u00e9loign\u00e9es du syst\u00e8me de sant\u00e9 traditionnel en raison des co\u00fbts, des barri\u00e8res linguistiques ou des difficult\u00e9s mat\u00e9rielles.<\/span><\/p>\n<p><strong>Les personnes prioritaires pour cet examen gratuit sont :<\/strong><\/p>\n<ul>\n<li style=\"font-weight: 400;\" aria-level=\"1\"><span style=\"font-weight: 400;\">Les b\u00e9n\u00e9ficiaires du RSA et de la Compl\u00e9mentaire Sant\u00e9 Solidaire (fusion de la CMU-C et de l&rsquo;ACS).<\/span><\/li>\n<li style=\"font-weight: 400;\" aria-level=\"1\"><span style=\"font-weight: 400;\">Les jeunes \u00e2g\u00e9s de 16 \u00e0 25 ans en stage de formation ou n&rsquo;ayant pas pr\u00e9sent\u00e9 de certificat m\u00e9dical lors de la Journ\u00e9e D\u00e9fense Citoyennet\u00e9.<\/span><\/li>\n<li style=\"font-weight: 400;\" aria-level=\"1\"><span style=\"font-weight: 400;\">Les demandeurs d&#8217;emploi.<\/span><\/li>\n<li style=\"font-weight: 400;\" aria-level=\"1\"><span style=\"font-weight: 400;\">Les personnes \u00e2g\u00e9es de 60 \u00e0 75 ans.<\/span><\/li>\n<li style=\"font-weight: 400;\" aria-level=\"1\"><span style=\"font-weight: 400;\">Les personnes inactives ayant \u00e9t\u00e9 expos\u00e9es \u00e0 l&rsquo;amiante ou \u00e0 la poussi\u00e8re de bois pendant leur vie professionnelle.<\/span><\/li>\n<li style=\"font-weight: 400;\" aria-level=\"1\"><span style=\"font-weight: 400;\">Les personnes invalides ou handicap\u00e9es.<\/span><\/li>\n<\/ul>\n<p><span style=\"font-weight: 400;\">Cependant, tous les assur\u00e9s sociaux affili\u00e9s au r\u00e9gime g\u00e9n\u00e9ral de sant\u00e9 (CPAM) ainsi que ceux affili\u00e9s au r\u00e9gime agricole (MSA), ainsi que leurs ayants droit, peuvent b\u00e9n\u00e9ficier de cet examen. Cependant, les d\u00e9lais pour obtenir un rendez-vous peuvent \u00eatre plus longs pour ceux qui ne sont pas consid\u00e9r\u00e9s comme prioritaires.<\/span><\/p>\n<p><span style=\"font-weight: 400;\">Lors de cet examen, vous serez \u00e9galement inform\u00e9 sur les diff\u00e9rentes aides \u00e0 la sant\u00e9 disponibles, telles que la mutuelle sant\u00e9 solidaire ou les remboursements pour l&rsquo;arr\u00eat du tabac.<\/span><\/p>\n<p><strong>Les consultations ont lieu dans les centres d&rsquo;examens de sant\u00e9 (CES), au nombre de 85 r\u00e9partis dans toute la France.<\/strong><\/p>\n<h1><strong>Comment se d\u00e9roule l\u2019examen ?\u00a0 \u00a0<\/strong><\/h1>\n<p><span style=\"font-weight: 400;\">L&rsquo;examen de sant\u00e9 est adapt\u00e9 en fonction de l&rsquo;\u00e2ge, des ant\u00e9c\u00e9dents familiaux, des habitudes de vie et des facteurs de risque de chaque individu. En moyenne, la consultation dure environ 2 heures et demie. Il convient de noter que cette consultation est enti\u00e8rement gratuite, et aucun paiement pr\u00e9alable n&rsquo;est requis.<\/span><\/p>\n<p><strong>Le d\u00e9roulement de l&rsquo;examen comprend plusieurs \u00e9tapes :<\/strong><\/p>\n<ul>\n<li style=\"font-weight: 400;\" aria-level=\"1\"><span style=\"font-weight: 400;\">Accueil de la personne : Le patient remplit un questionnaire m\u00e9dical.<\/span><\/li>\n<li style=\"font-weight: 400;\" aria-level=\"1\"><span style=\"font-weight: 400;\">Entretien sur le mode de vie : Cet \u00e9change permet de cerner les facteurs de risque et de mettre en place des actions de pr\u00e9vention.<\/span><\/li>\n<li style=\"font-weight: 400;\" aria-level=\"1\"><span style=\"font-weight: 400;\">Examens biologiques : Des analyses m\u00e9dicales (prise de sang et analyse d&rsquo;urine) sont effectu\u00e9es afin de d\u00e9tecter d&rsquo;\u00e9ventuelles maladies telles que le diab\u00e8te ou l&rsquo;hypercholest\u00e9rol\u00e9mie.<\/span><\/li>\n<li style=\"font-weight: 400;\" aria-level=\"1\"><span style=\"font-weight: 400;\">Examen dentaire : Cette \u00e9tape est g\u00e9n\u00e9ralement propos\u00e9e aux personnes n&rsquo;ayant pas effectu\u00e9 de bilan dentaire depuis plus de 6 mois.<\/span><\/li>\n<li style=\"font-weight: 400;\" aria-level=\"1\"><span style=\"font-weight: 400;\">Examen m\u00e9dical complet : R\u00e9alis\u00e9 par un m\u00e9decin, cet examen vise \u00e0 d\u00e9terminer la marche \u00e0 suivre, notamment en recommandant d&rsquo;autres examens compl\u00e9mentaires. Pour les femmes, un examen gyn\u00e9cologique peut \u00e9galement \u00eatre propos\u00e9.<\/span><\/li>\n<li style=\"font-weight: 400;\" aria-level=\"1\"><span style=\"font-weight: 400;\">Examen param\u00e9dical : Un infirmier r\u00e9alise des mesures telles que le poids, la taille et la tension art\u00e9rielle. Si n\u00e9cessaire, un examen visuel, auditif, respiratoire et un \u00e9lectrocardiogramme peuvent \u00e9galement \u00eatre effectu\u00e9s.<\/span><\/li>\n<\/ul>\n<p><span style=\"font-weight: 400;\">Avec le consentement du patient, les r\u00e9sultats des examens sont transmis au m\u00e9decin traitant. Il est important de noter que le d\u00e9roulement de l&rsquo;examen peut varier en fonction du centre d&rsquo;examen.<\/span><\/p>\n<p><span style=\"font-weight: 400;\">\u00c0 la fin de la consultation, un suivi personnalis\u00e9 est propos\u00e9 en fonction <strong>des besoins identifi\u00e9s, comprenant \u00e9ventuellement un suivi m\u00e9dical par un sp\u00e9cialiste ou la participation \u00e0 des r\u00e9unions d&rsquo;information ou \u00e0 des ateliers sur des th\u00e8mes sp\u00e9cifiques tels que l&rsquo;alimentation ou le sommeil.<\/strong><\/span><\/p>\n<p><span style=\"font-weight: 400;\">L&rsquo;objectif de l&rsquo;examen p\u00e9riodique de sant\u00e9 est de d\u00e9terminer les actions de pr\u00e9vention ou m\u00e9dicales \u00e0 entreprendre suite \u00e0 la consultation.<\/span><\/p>\n<p><span style=\"font-weight: 400;\">Pour les assur\u00e9s du r\u00e9gime g\u00e9n\u00e9ral, il est possible de b\u00e9n\u00e9ficier d&rsquo;une prise en charge \u00e0 100 % par l&rsquo;assurance maladie d&rsquo;une consultation chez le m\u00e9decin traitant si l&rsquo;\u00e9tat de sant\u00e9 n\u00e9cessite un suivi m\u00e9dical.<\/span><\/p>\n<p><iframe loading=\"lazy\" title=\"L&#039;Assurance Maladie\" width=\"500\" height=\"281\" src=\"https:\/\/www.youtube.com\/embed\/MdiYHpnlAvg?feature=oembed\" frameborder=\"0\" allow=\"accelerometer; autoplay; clipboard-write; encrypted-media; gyroscope; picture-in-picture; web-share\" referrerpolicy=\"strict-origin-when-cross-origin\" allowfullscreen><\/iframe><\/p>\n<h1><strong>Comment prendre rendez-vous pour l\u2019examen de sant\u00e9 ?\u00a0<\/strong><\/h1>\n<p><span style=\"font-weight: 400;\">Si vous envisagez de b\u00e9n\u00e9ficier d&rsquo;un bilan de sant\u00e9 gratuit, vous devrez d&rsquo;abord entrer en <strong>contact avec votre caisse d&rsquo;assurance maladie pour soumettre une demande d&rsquo;inscription.<\/strong><\/span><\/p>\n<p><span style=\"font-weight: 400;\">Apr\u00e8s cela, vous recevrez une convocation pour votre bilan gratuit, qui indiquera le lieu, la date et l&rsquo;heure de votre rendez-vous. Vous recevrez \u00e9galement un questionnaire de sant\u00e9, \u00e0 remplir et \u00e0 remettre le jour de votre consultation p\u00e9riodique. Il est crucial de remplir ce questionnaire avec soin, car il vise \u00e0 mieux cerner vos besoins en mati\u00e8re d&rsquo;examens et d&rsquo;actions de pr\u00e9vention.<\/span><\/p>\n<h1><strong>Peut-on pr\u00e9tendre \u00e0 d\u2019autres examens m\u00e9dicaux ?\u00a0<\/strong><\/h1>\n<p><span style=\"font-weight: 400;\">En plus de l&rsquo;examen p\u00e9riodique de sant\u00e9 disponible tous les 5 ans, vous avez \u00e9galement droit \u00e0 <strong>d&rsquo;autres examens m\u00e9dicaux ou prescriptions pris en charge \u00e0 100% par la Caisse Primaire d&rsquo;Assurance Maladie<\/strong> :<\/span><\/p>\n<ul>\n<li style=\"font-weight: 400;\" aria-level=\"1\"><span style=\"font-weight: 400;\">D\u00e9pistage du cancer du sein : Si vous avez entre 50 et 74 ans, une mammographie gratuite est propos\u00e9e tous les 2 ans.<\/span><\/li>\n<li style=\"font-weight: 400;\" aria-level=\"1\"><span style=\"font-weight: 400;\">D\u00e9pistage du <a href=\"https:\/\/centre-icone.fr\/cancer-colon\/signes-avant-coureurs-symptomes\/\">cancer colorectal<\/a> : Si vous avez entre 50 et 74 ans, un test de d\u00e9pistage gratuit est propos\u00e9 tous les 2 ans.<\/span><\/li>\n<li style=\"font-weight: 400;\" aria-level=\"1\"><span style=\"font-weight: 400;\">Examen bucco-dentaire gratuit \u00ab\u00a0MT&rsquo;dents\u00a0\u00bb : Pour les enfants de 6, 9, 12, 15 ou 18 ans, un examen bucco-dentaire gratuit est propos\u00e9 sans avance de frais.\u00a0 \u00a0<\/span><\/li>\n<\/ul>\n<div class='cta-block'><div class='text'>Simulez toutes vos Aides en 2 min.<\/div><a href='https:\/\/www.mes-allocs.fr\/ab-app?origin=guides\/wp-json\/wp\/v2\/posts\/74437' class='app-button fit'>Simulation gratuite<\/a><\/div>\n<h1><b>Le Carnet de Sant\u00e9 num\u00e9rique d&rsquo;Ameli, c&rsquo;est quoi ?\u00a0<\/b><\/h1>\n<h2><b>D\u00e9finition du <a href=\"https:\/\/www.mes-allocs.fr\/guides\/ameli\/carnet-sante-numerique\/#Comment_creer_un_carnet_de_sante_numerique_Ameli\">carnet de sant\u00e9<\/a> num\u00e9rique d&rsquo;Ameli<\/b><\/h2>\n<p><span style=\"font-weight: 400;\">Mon espace sant\u00e9 se pr\u00e9sente comme un service num\u00e9rique fiable, offrant \u00e0 chacun la ma\u00eetrise de ses donn\u00e9es de sant\u00e9. Il permet de stocker et de partager en toute s\u00e9curit\u00e9 les documents et informations essentiels pour le suivi m\u00e9dical avec les professionnels de sant\u00e9. Au-del\u00e0 du dossier m\u00e9dical, cette plateforme propose une messagerie s\u00e9curis\u00e9e, un catalogue de services et d&rsquo;applications de sant\u00e9 r\u00e9f\u00e9renc\u00e9s par les services publics et, \u00e0 terme, un agenda m\u00e9dical. Ces fonctionnalit\u00e9s <\/span><b>simplifient le suivi m\u00e9dical quotidien<\/b><span style=\"font-weight: 400;\">, offrant notamment l&rsquo;acc\u00e8s \u00e0 des :<\/span><\/p>\n<ul>\n<li style=\"font-weight: 400;\" aria-level=\"1\"><span style=\"font-weight: 400;\">consultation<\/span><\/li>\n<li style=\"font-weight: 400;\" aria-level=\"1\"><span style=\"font-weight: 400;\">ordonnances<\/span><\/li>\n<li style=\"font-weight: 400;\" aria-level=\"1\"><span style=\"font-weight: 400;\">r\u00e9sultats d&rsquo;analyses<\/span><\/li>\n<li style=\"font-weight: 400;\" aria-level=\"1\"><span style=\"font-weight: 400;\">comptes rendus d&rsquo;imagerie<\/span><\/li>\n<li style=\"font-weight: 400;\" aria-level=\"1\"><span style=\"font-weight: 400;\">attestations de vaccination<\/span><\/li>\n<li style=\"font-weight: 400;\" aria-level=\"1\"><span style=\"font-weight: 400;\">r\u00e9sultats de d\u00e9pistage Covid-19<\/span><\/li>\n<li style=\"font-weight: 400;\" aria-level=\"1\"><span style=\"font-weight: 400;\">l&rsquo;historique des soins aliment\u00e9s par l&rsquo;Assurance Maladie<\/span><\/li>\n<\/ul>\n<h2><b>Comment cr\u00e9er un carnet de sant\u00e9 num\u00e9rique Ameli ?<\/b><\/h2>\n<p><span style=\"font-weight: 400;\">D\u00e8s la naissance, ce nouveau service est accessible gratuitement \u00e0 tous, qu&rsquo;ils soient salari\u00e9s, travailleurs ind\u00e9pendants, \u00e9tudiants, agriculteurs ou autres, quel que soit leur r\u00e9gime d&rsquo;assurance maladie. Pour en b\u00e9n\u00e9ficier, il suffit d&rsquo;activer son espace personnel. Chaque assur\u00e9 re\u00e7oit un code confidentiel par e-mail ou par courrier, valable pendant 6 semaines, pour activer son profil ou s&rsquo;y opposer. Au-del\u00e0 de ce d\u00e9lai, si aucune opposition n&rsquo;est formul\u00e9e, l&rsquo;espace personnel est automatiquement cr\u00e9\u00e9.<\/span><\/p>\n<p><span style=\"font-weight: 400;\"><strong>La proc\u00e9dure d&rsquo;activation est simple et peut \u00eatre effectu\u00e9e en quelques clics depuis un ordinateur, une tablette ou un smartphone.<\/strong> Une fois l&rsquo;espace personnel activ\u00e9, l&rsquo;assur\u00e9 peut se connecter \u00e0 son espace avec ses identifiants Mon espace sant\u00e9 ou via FranceConnect en utilisant les identifiants des sites tels que ameli.fr, impots.gouv.fr, l&rsquo;Identit\u00e9 num\u00e9rique de La Poste, Mobileconnect et moi ou<\/span><a href=\"https:\/\/www.mes-allocs.fr\/guides\/prime-d-activite\/prime-d-activite-msa\/\"> <span style=\"font-weight: 400;\">MSA<\/span><\/a><span style=\"font-weight: 400;\"> .fr.<\/span><\/p>\n<p><span style=\"font-weight: 400;\">Chacun conserve la libert\u00e9 de s&rsquo;opposer \u00e0 la cr\u00e9ation de son espace personnel ou de le fermer \u00e0 tout moment. Ainsi, cet outil num\u00e9rique offre une flexibilit\u00e9 totale pour g\u00e9rer et suivre sa sant\u00e9 de mani\u00e8re personnalis\u00e9e.<\/span><\/p>\n<h2><span id=\"Quels_sont_les_avantages_du_carnet_de_sante_numerique_Ameli\"><span class=\"amp-wp-4e26153\" data-amp-original-style=\"vertical-align: inherit;\">Quels sont les avantages du carnet de sant\u00e9 num\u00e9rique Ameli ?<\/span><\/span><\/h2>\n<p><span id=\"Pour_les_enfants\"><span class=\"amp-wp-4e26153\" data-amp-original-style=\"vertical-align: inherit;\">Pour les enfants<\/span><\/span><\/p>\n<p><span class=\"amp-wp-4e26153\" data-amp-original-style=\"vertical-align: inherit;\">Mon espace sant\u00e9 offre la possibilit\u00e9 de regrouper tous les documents de sant\u00e9 de votre enfant en un seul endroit, assurant ainsi une centralisation pratique et s\u00e9curis\u00e9e.<\/span><\/p>\n<p><span class=\"amp-wp-4e26153\" data-amp-original-style=\"vertical-align: inherit;\">Cela inclut ses :<\/span><\/p>\n<ul>\n<li><span class=\"amp-wp-4e26153\" data-amp-original-style=\"vertical-align: inherit;\">ordonnances<\/span><\/li>\n<li><span class=\"amp-wp-4e26153\" data-amp-original-style=\"vertical-align: inherit;\">r\u00e9sultats d\u2019analyses<\/span><\/li>\n<li><span class=\"amp-wp-4e26153\" data-amp-original-style=\"vertical-align: inherit;\">comptes rendus de radiologie<\/span><\/li>\n<li><span class=\"amp-wp-4e26153\" data-amp-original-style=\"vertical-align: inherit;\">certificats m\u00e9dicaux<\/span><\/li>\n<li><span class=\"amp-wp-4e26153\" data-amp-original-style=\"vertical-align: inherit;\">documents \u00e9mis par la protection maternelle et infantile (PMI), la cr\u00e8che ou la m\u00e9decine scolaire.<\/span><\/li>\n<\/ul>\n<p><strong><span class=\"amp-wp-4e26153\" data-amp-original-style=\"vertical-align: inherit;\">La plateforme garantit la s\u00e9curit\u00e9 de ces documents tout en permettant aux professionnels de sant\u00e9 suivant votre enfant d\u2019y acc\u00e9der.<\/span><\/strong><\/p>\n<p><span class=\"amp-wp-4e26153\" data-amp-original-style=\"vertical-align: inherit;\">Pour une gestion personnalis\u00e9e, vous avez la possibilit\u00e9 de bloquer l\u2019acc\u00e8s \u00e0 certains professionnels de sant\u00e9 ou de masquer certains documents via la rubrique \u201cparam\u00e8tres\u201d.\u00a0Ajouter un document est simple : il vous suffit de le photographier et de l\u2019ajouter via l\u2019application Mon espace sant\u00e9.\u00a0Les m\u00e9decins et autres professionnels de la sant\u00e9 peuvent \u00e9galement contribuer \u00e0 enrichir des documents pour enrichir le dossier m\u00e9dical de votre enfant.<\/span><\/p>\n<p><span class=\"amp-wp-4e26153\" data-amp-original-style=\"vertical-align: inherit;\"><strong>Le calendrier de vaccination personnalis\u00e9, adapt\u00e9 \u00e0 la date de naissance de votre enfant, garantit qu\u2019aucun vaccin ni rappel ne soit oubli\u00e9.<\/strong>\u00a0Vous et le m\u00e9decin de votre enfant pouvez \u00e9galement tenir \u00e0 jour son carnet de vaccination.\u00a0En renseignant les mesures de croissance telles que le poids, la taille et le p\u00e9rim\u00e8tre cr\u00e2nien, vous disposez des courbes de croissance de votre enfant, que vous pouvez partager facilement avec les professionnels de sant\u00e9 concern\u00e9s.<\/span><\/p>\n<p><span class=\"amp-wp-4e26153\" data-amp-original-style=\"vertical-align: inherit;\">En outre, Mon espace sant\u00e9 offre la pratique de partager la gestion du profil de votre enfant avec un autre repr\u00e9sentant l\u00e9gal, comme le deuxi\u00e8me parent ou le tuteur l\u00e9gal, via la rubrique \u00ab Partage de profil \u00bb dans les param\u00e8tres du compte.\u00a0Cela favorise une gestion collaborative du suivi m\u00e9dical de l\u2019enfant.<\/span><\/p>\n<p><span id=\"Pour_les_femmes_enceintes\"><span class=\"amp-wp-4e26153\" data-amp-original-style=\"vertical-align: inherit;\">Pour les\u00a0<a href=\"https:\/\/www.mes-allocs.fr\/guides\/aides-sociales\/aide-financiere-grossesse\/\">femmes enceintes<\/a><\/span><\/span><\/p>\n<p><span class=\"amp-wp-4e26153\" data-amp-original-style=\"vertical-align: inherit;\">Durant la grossesse, les rendez-vous m\u00e9dicaux sont fr\u00e9quents et g\u00e9n\u00e8rent de nombreux documents de sant\u00e9.\u00a0Mon espace sant\u00e9 offre la possibilit\u00e9 de centraliser tous ces documents en un seul endroit, facilitant ainsi leur conservation et leur partage avec les professionnels de sant\u00e9 choisis.\u00a0La plateforme propose \u00e9galement une messagerie s\u00e9curis\u00e9e permettant des \u00e9changes simples et confidentiels avec les professionnels de la sant\u00e9.<\/span><\/p>\n<div class='cta-block'><div class='text'>Simulez toutes vos Aides en 2 min.<\/div><a href='https:\/\/www.mes-allocs.fr\/ab-app?origin=guides\/wp-json\/wp\/v2\/posts\/74437' class='app-button fit'>Simulation gratuite<\/a><\/div>\n","protected":false},"excerpt":{"rendered":"<p>Parmi les services de sant\u00e9 gratuits disponibles en France, l&rsquo;examen de pr\u00e9vention en sant\u00e9 est offert par la CPAM \u00e0 tous les affili\u00e9s au r\u00e9gime g\u00e9n\u00e9ral, ainsi qu&rsquo;\u00e0 leurs ayants droit, et par la MSA aux affili\u00e9s du r\u00e9gime agricole. Il s&rsquo;agit d&rsquo;un bilan de sant\u00e9 enti\u00e8rement gratuit qui s&rsquo;inscrit dans la strat\u00e9gie de gestion [&hellip;]<\/p>\n","protected":false},"author":27,"featured_media":74439,"comment_status":"open","ping_status":"open","sticky":false,"template":"","format":"standard","meta":{"amp_status":"","footnotes":""},"categories":[31073],"tags":[],"class_list":["post-74437","post","type-post","status-publish","format-standard","has-post-thumbnail","hentry","category-ameli"],"yoast_head":"<!-- This site is optimized with the Yoast SEO plugin v14.9 - https:\/\/yoast.com\/wordpress\/plugins\/seo\/ -->\n<title>Le bilan de sant\u00e9 : qui peut en b\u00e9n\u00e9ficier ? | Mes-Allocs.fr<\/title>\n<meta name=\"description\" content=\"Le bilan de sant\u00e9 est gratuit pour toutes les personnes \u00e0 la CPAM affili\u00e9es au r\u00e9gime g\u00e9n\u00e9ral. Explications et d\u00e9marches.\" \/>\n<meta name=\"robots\" content=\"index, follow, max-snippet:-1, max-image-preview:large, max-video-preview:-1\" \/>\n<link rel=\"canonical\" href=\"https:\/\/www.mes-allocs.fr\/guides\/ameli\/le-bilan-de-sante-qui-peut-en-beneficier\/\" \/>\n<meta property=\"og:locale\" content=\"fr_FR\" \/>\n<meta property=\"og:type\" content=\"article\" \/>\n<meta property=\"og:title\" content=\"Le bilan de sant\u00e9 : qui peut en b\u00e9n\u00e9ficier ? | Mes-Allocs.fr\" \/>\n<meta property=\"og:description\" content=\"Le bilan de sant\u00e9 est gratuit pour toutes les personnes \u00e0 la CPAM affili\u00e9es au r\u00e9gime g\u00e9n\u00e9ral. Explications et d\u00e9marches.\" \/>\n<meta property=\"og:url\" content=\"https:\/\/www.mes-allocs.fr\/guides\/ameli\/le-bilan-de-sante-qui-peut-en-beneficier\/\" \/>\n<meta property=\"og:site_name\" content=\"Mes-Allocs.fr\" \/>\n<meta property=\"article:published_time\" content=\"2024-02-13T08:49:32+00:00\" \/>\n<meta property=\"article:modified_time\" content=\"2026-04-22T09:55:15+00:00\" \/>\n<meta property=\"og:image\" content=\"https:\/\/www.mes-allocs.fr\/guides\/wp-content\/uploads\/2024\/02\/doctor-2157993_1280.jpg?wsr\" \/>\n\t<meta property=\"og:image:width\" content=\"1280\" \/>\n\t<meta property=\"og:image:height\" content=\"854\" \/>\n<meta name=\"twitter:card\" content=\"summary_large_image\" \/>\n<script type=\"application\/ld+json\" class=\"yoast-schema-graph\">{\"@context\":\"https:\/\/schema.org\",\"@graph\":[{\"@type\":\"WebSite\",\"@id\":\"https:\/\/www.mes-allocs.fr\/guides\/#website\",\"url\":\"https:\/\/www.mes-allocs.fr\/guides\/\",\"name\":\"Mes-Allocs.fr\",\"description\":\"\",\"potentialAction\":[{\"@type\":\"SearchAction\",\"target\":\"https:\/\/www.mes-allocs.fr\/guides\/?s={search_term_string}\",\"query-input\":\"required name=search_term_string\"}],\"inLanguage\":\"fr-FR\"},{\"@type\":\"ImageObject\",\"@id\":\"https:\/\/www.mes-allocs.fr\/guides\/ameli\/le-bilan-de-sante-qui-peut-en-beneficier\/#primaryimage\",\"inLanguage\":\"fr-FR\",\"url\":\"https:\/\/www.mes-allocs.fr\/guides\/wp-content\/uploads\/2024\/02\/doctor-2157993_1280.jpg?wsr\",\"width\":1280,\"height\":854,\"caption\":\"Le bilan de sant\\u00e9 : qui peut en b\\u00e9n\\u00e9ficier ?\"},{\"@type\":\"WebPage\",\"@id\":\"https:\/\/www.mes-allocs.fr\/guides\/ameli\/le-bilan-de-sante-qui-peut-en-beneficier\/#webpage\",\"url\":\"https:\/\/www.mes-allocs.fr\/guides\/ameli\/le-bilan-de-sante-qui-peut-en-beneficier\/\",\"name\":\"Le bilan de sant\\u00e9 : qui peut en b\\u00e9n\\u00e9ficier ? | Mes-Allocs.fr\",\"isPartOf\":{\"@id\":\"https:\/\/www.mes-allocs.fr\/guides\/#website\"},\"primaryImageOfPage\":{\"@id\":\"https:\/\/www.mes-allocs.fr\/guides\/ameli\/le-bilan-de-sante-qui-peut-en-beneficier\/#primaryimage\"},\"datePublished\":\"2024-02-13T08:49:32+00:00\",\"dateModified\":\"2026-04-22T09:55:15+00:00\",\"author\":{\"@id\":\"https:\/\/www.mes-allocs.fr\/guides\/#\/schema\/person\/7a9b61e7b715d477066a9f941c0440c7\"},\"description\":\"Le bilan de sant\\u00e9 est gratuit pour toutes les personnes \\u00e0 la CPAM affili\\u00e9es au r\\u00e9gime g\\u00e9n\\u00e9ral. Explications et d\\u00e9marches.\",\"inLanguage\":\"fr-FR\"},{\"@type\":\"Person\",\"@id\":\"https:\/\/www.mes-allocs.fr\/guides\/#\/schema\/person\/7a9b61e7b715d477066a9f941c0440c7\",\"name\":\"L\\u00e9o Martin\",\"image\":{\"@type\":\"ImageObject\",\"@id\":\"https:\/\/www.mes-allocs.fr\/guides\/#personlogo\",\"inLanguage\":\"fr-FR\",\"url\":\"https:\/\/www.mes-allocs.fr\/guides\/wp-content\/uploads\/2023\/12\/1635317753781-e1701432075572-150x150.jpg\",\"caption\":\"L\\u00e9o Martin\"},\"description\":\"L\\u00e9o est r\\u00e9dacteur au sein de l'\\u00e9quipe Mes Allocs, sp\\u00e9cialis\\u00e9 sur les th\\u00e9matiques pouvoir d'achat et aides. Il rejoint Mes Allocs apr\\u00e8s une premi\\u00e8re exp\\u00e9rience en tant que journaliste chez La Gazette Cagnoise et Nice Presse.\",\"sameAs\":[\"https:\/\/www.linkedin.com\/in\/lo-martin-3429bb224\"]}]}<\/script>\n<!-- \/ Yoast SEO plugin. -->","amp_validity":null,"acf":{"faq":{"1":{"question":"Qui peut avoir un bilan de sant\u00e9 gratuit ? ","answer":"Les personnes prioritaires pour cet examen gratuit sont :\r\nLes b\u00e9n\u00e9ficiaires du RSA et de la Compl\u00e9mentaire Sant\u00e9 Solidaire (fusion de la CMU-C et de l'ACS).\r\nLes jeunes \u00e2g\u00e9s de 16 \u00e0 25 ans en stage de formation ou n'ayant pas pr\u00e9sent\u00e9 de certificat m\u00e9dical lors de la Journ\u00e9e D\u00e9fense Citoyennet\u00e9.\r\nLes demandeurs d'emploi.\r\nLes personnes \u00e2g\u00e9es de 60 \u00e0 75 ans.\r\nLes personnes inactives ayant \u00e9t\u00e9 expos\u00e9es \u00e0 l'amiante ou \u00e0 la poussi\u00e8re de bois pendant leur vie professionnelle.\r\nLes personnes invalides ou handicap\u00e9es.\r\n"},"2":{"question":"Le bilan de sant\u00e9 est-il gratuit ? ","answer":"L'examen de pr\u00e9vention en sant\u00e9 est offert par la CPAM \u00e0 tous les affili\u00e9s au r\u00e9gime g\u00e9n\u00e9ral, ainsi qu'\u00e0 leurs ayants droit, et par la MSA aux affili\u00e9s du r\u00e9gime agricole. Il s'agit d'un bilan de sant\u00e9 enti\u00e8rement gratuit qui s'inscrit dans la strat\u00e9gie de gestion des risques, notamment en mati\u00e8re de pr\u00e9vention et de d\u00e9pistage.\r\n"},"3":{"question":"O\u00f9 ont lieu les consultations ? ","answer":"Les consultations ont lieu dans les centres d'examens de sant\u00e9, il y en a 85 en France. "},"4":{"question":"Combien de temps dure la consultation ?  ","answer":"En moyenne, la consultation dure 2h30. "},"5":{"question":"Comment prendre rendez-vous pour l\u2019examen de sant\u00e9 ? ","answer":"Si vous envisagez de b\u00e9n\u00e9ficier d'un bilan de sant\u00e9 gratuit, vous devrez d'abord entrer en contact avec votre caisse d'assurance maladie pour soumettre une demande d'inscription.\r\nApr\u00e8s cela, vous recevrez une convocation pour votre bilan gratuit, qui indiquera le lieu, la date et l'heure de votre rendez-vous.\r\n"},"6":{"question":"Peut-on pr\u00e9tendre \u00e0 d\u2019autres examens m\u00e9dicaux ? ","answer":"En plus de l'examen p\u00e9riodique de sant\u00e9 disponible tous les 5 ans, vous avez \u00e9galement droit \u00e0 d'autres examens m\u00e9dicaux ou prescriptions pris en charge \u00e0 100% par la Caisse Primaire d'Assurance Maladie comme le d\u00e9pistage du cancer du sein, le d\u00e9pistage du cancer colorectal, un examen bucco-dentaire gratuit \"MT'dents\". \r\n"},"7":{"question":"","answer":""},"8":{"question":"","answer":""},"9":{"question":"","answer":""},"10":{"question":"","answer":""},"11":{"question":"","answer":""},"12":{"question":"","answer":""},"13":{"question":"","answer":""},"14":{"question":"","answer":""},"15":{"question":"","answer":""},"16":{"question":"","answer":""}}},"_links":{"self":[{"href":"https:\/\/www.mes-allocs.fr\/guides\/wp-json\/wp\/v2\/posts\/74437","targetHints":{"allow":["GET"]}}],"collection":[{"href":"https:\/\/www.mes-allocs.fr\/guides\/wp-json\/wp\/v2\/posts"}],"about":[{"href":"https:\/\/www.mes-allocs.fr\/guides\/wp-json\/wp\/v2\/types\/post"}],"author":[{"embeddable":true,"href":"https:\/\/www.mes-allocs.fr\/guides\/wp-json\/wp\/v2\/users\/27"}],"replies":[{"embeddable":true,"href":"https:\/\/www.mes-allocs.fr\/guides\/wp-json\/wp\/v2\/comments?post=74437"}],"version-history":[{"count":6,"href":"https:\/\/www.mes-allocs.fr\/guides\/wp-json\/wp\/v2\/posts\/74437\/revisions"}],"predecessor-version":[{"id":104081,"href":"https:\/\/www.mes-allocs.fr\/guides\/wp-json\/wp\/v2\/posts\/74437\/revisions\/104081"}],"wp:featuredmedia":[{"embeddable":true,"href":"https:\/\/www.mes-allocs.fr\/guides\/wp-json\/wp\/v2\/media\/74439"}],"wp:attachment":[{"href":"https:\/\/www.mes-allocs.fr\/guides\/wp-json\/wp\/v2\/media?parent=74437"}],"wp:term":[{"taxonomy":"category","embeddable":true,"href":"https:\/\/www.mes-allocs.fr\/guides\/wp-json\/wp\/v2\/categories?post=74437"},{"taxonomy":"post_tag","embeddable":true,"href":"https:\/\/www.mes-allocs.fr\/guides\/wp-json\/wp\/v2\/tags?post=74437"}],"curies":[{"name":"wp","href":"https:\/\/api.w.org\/{rel}","templated":true}]}}